{"id":19978,"date":"2021-08-16T12:00:47","date_gmt":"2021-08-16T15:00:47","guid":{"rendered":"https:\/\/www.mundoagropecuario.cl\/new\/?p=19978"},"modified":"2021-08-17T12:56:02","modified_gmt":"2021-08-17T15:56:02","slug":"sustentabilidad-y-ganaderia-regenerativa-seran-algunas-de-las-tematicas-que-inia-presentara-en-expo-chile-2021","status":"publish","type":"post","link":"https:\/\/www.mundoagropecuario.cl\/new\/sustentabilidad-y-ganaderia-regenerativa-seran-algunas-de-las-tematicas-que-inia-presentara-en-expo-chile-2021\/","title":{"rendered":"Sustentabilidad y ganader\u00eda regenerativa ser\u00e1n algunas de las tem\u00e1ticas que INIA presentar\u00e1 en Expo Chile\u00a0 2021"},"content":{"rendered":"<blockquote>\n<h2><strong><span style=\"color: #333300;\">De la n\u00f3mina destaca la presentaci\u00f3n en vivo titulada \u201cHacia una agricultura resiliente y baja en emisiones, el liderazgo de Nueva Zelandia y Chile\u201d, dirigida por el Representante de la Global Research Alliance (GRA), Hayden Montgomery, y la\u00a0 Subdirectora Nacional de I+D+i, Marta Alfaro.<\/span><\/strong><\/h2>\n<\/blockquote>\n<p>Ocho charlas tem\u00e1ticas realizar\u00e1 el Instituto de Investigaciones Agropecuarias (INIA), en el marco de Expo Chile Agr\u00edcola 2021, evento virtual que se realizar\u00e1 entre el 24 al 26 de agosto. En esta oportunidad, la instituci\u00f3n presentar\u00e1 novedades en mejoramiento gen\u00e9tico en ganader\u00eda, cultivos hidrop\u00f3nicos, meteorolog\u00eda, seguridad alimentaria y residuos agr\u00edcolas, entre otros.<\/p>\n<p>Pedro Bustos, Director Nacional de INIA, expres\u00f3 que \u201cpara este a\u00f1o hemos preparado contenidos\u00a0 que relevan investigaciones de todas nuestras \u00c1reas Nacionales en tem\u00e1ticas claves, como la eficiencia h\u00eddrica o el manejo sustentable de residuos agr\u00edcolas. Ser\u00e1n tres jornadas interesantes de mucho conocimiento que ser\u00e1n de gran utilidad para los asistentes al evento\u201d.<\/p>\n<p><strong><span style=\"color: #333300;\">Durante la primera jornada, INIA presentar\u00e1 las exposiciones:<\/span><\/strong><\/p>\n<p>Cultivo hidrop\u00f3nico de frutillas en microt\u00fanel: alternativa para mayor eficiencia h\u00eddrica y mejores precios (Sala 4, 13:00 horas), con el investigador de INIA Quilamapu, Cristi\u00e1n Balbont\u00edn.<\/p>\n<p>La cosecha de aguas lluvia como alternativa para regar (Sala 6, 15:00 horas), con la investigadora Mar\u00eda Gabriela Chahin, de INIA Carillanca.<\/p>\n<p><a href=\"https:\/\/www.mundoagropecuario.cl\/new\/wp-content\/uploads\/2021\/08\/INIA-GRAFICA-_EXPO-CHILE-AGRI\u0301COLA-INIA.png\"><img loading=\"lazy\" decoding=\"async\" class=\"size-medium wp-image-19980 alignright\" src=\"https:\/\/www.mundoagropecuario.cl\/new\/wp-content\/uploads\/2021\/08\/INIA-GRAFICA-_EXPO-CHILE-AGRI\u0301COLA-INIA-586x330.png\" alt=\"\" width=\"586\" height=\"330\" srcset=\"https:\/\/www.mundoagropecuario.cl\/new\/wp-content\/uploads\/2021\/08\/INIA-GRAFICA-_EXPO-CHILE-AGRI\u0301COLA-INIA-586x330.png 586w, https:\/\/www.mundoagropecuario.cl\/new\/wp-content\/uploads\/2021\/08\/INIA-GRAFICA-_EXPO-CHILE-AGRI\u0301COLA-INIA-768x432.png 768w, https:\/\/www.mundoagropecuario.cl\/new\/wp-content\/uploads\/2021\/08\/INIA-GRAFICA-_EXPO-CHILE-AGRI\u0301COLA-INIA.png 711w\" sizes=\"auto, (max-width: 586px) 100vw, 586px\" \/><\/a>-C\u00f3mo convertirse en apicultor y emprender en la Regi\u00f3n Metropolitana (Sala 4, 16:00 horas), con el investigador Felipe Gelcich, de INIA La Platina.<\/p>\n<p>Adem\u00e1s, a las 18:00 horas se transmitir\u00e1 en vivo la charla Hacia una agricultura resiliente y baja en emisiones, el liderazgo de Nueva Zelandia y Chile (Sala 2), la cual contar\u00e1 con la participaci\u00f3n de Hayden Montgomery (Nueva Zelanda), Representante de la Global Research Alliance (GRA), junto a Marta Alfaro, Subdirectora Nacional de I+D+i de INIA.<\/p>\n<p><strong><span style=\"color: #333300;\">Para el mi\u00e9rcoles 25, en tanto, est\u00e1n programadas las siguientes presentaciones:<\/span><\/strong><\/p>\n<p>-Manejo sustentable de residuos para evitar quemas agr\u00edcolas (Sala 5, 11:00 horas), con la extensionista Fabiola Sep\u00falveda, de INIA La Platina.<\/p>\n<p>-\u00bfQu\u00e9 est\u00e1 pasando con el clima y la agricultura en Chile? (Sala 6, 15:00 horas), con el investigador de INIA La Cruz, Jaime Salvo.<\/p>\n<p>Finalmente, la jornada final del 26 de agosto considera la siguiente programaci\u00f3n de charlas del instituto:<\/p>\n<p>-Programa Nacional de Mejoramiento Gen\u00e9tico Animal de INIA: avances y perspectivas futuras (Sala 6, 9:00 horas), con el investigador Jaime Pi\u00f1eira, de INIA Carillanca.<\/p>\n<p>-Ganader\u00eda regenerativa y su aplicaci\u00f3n en los sistemas pastoriles de la Patagonia (Sala 6, 14:00 horas), con la investigadora Camila Reyes, de INIA Tamel Aike.<\/p>\n<p>-Variedades vegetales tradicionales: conservaci\u00f3n y uso para la seguridad alimentaria (Sala 4, 17:00 horas), con la investigadora Erika Salazar, de INIA La Platina.<\/p>\n<p>Quienes deseen registrarse para participar en las charlas de INIA, pueden seleccionar aquellas de su inter\u00e9s en: https:\/\/goo.su\/71Dy, y recibir recordatorios.<\/p>\n<p><strong><span style=\"color: #333300;\">Sobre Expo Chile Agr\u00edcola 2021<\/span><\/strong><\/p>\n<p>La cuarta versi\u00f3n del evento gratuito organizado por la Fundaci\u00f3n de Comunicaciones, Capacitaci\u00f3n y Cultura del Agro (FUCOA) del Ministerio de Agricultura, ser\u00e1 100 % virtual y se realizar\u00e1 entre el 24 y el 26 de agosto a trav\u00e9s del sitio https:\/\/expochileagricola.cl\/. Contar\u00e1 con la participaci\u00f3n de m\u00e1s de 85 instituciones entre el ministerio y sus servicios, entidades ligadas al agro, gremios y asociaciones, la academia y empresas del sector. La inscripci\u00f3n y participaci\u00f3n online es totalmente gratuita.<\/p>\n","protected":false},"excerpt":{"rendered":"<p>Ocho charlas tem\u00e1ticas realizar\u00e1 el Instituto de Investigaciones Agropecuarias (INIA), en el marco de Expo Chile Agr\u00edcola 2021, evento virtual que se realizar\u00e1 entre el 24 al 26 de agosto.<\/p>\n","protected":false},"author":2,"featured_media":19979,"comment_status":"closed","ping_status":"closed","sticky":false,"template":"","format":"standard","meta":{"footnotes":""},"categories":[1945],"tags":[6078,2404,4126,2168,6143],"class_list":["post-19978","post","type-post","status-publish","format-standard","has-post-thumbnail","hentry","category-agricultura","tag-expo-chile-agricola-2021","tag-inia-carillanca","tag-inia-la-platina-2","tag-inia-quilamapu","tag-sustentabilidad-y-ganaderia-regenerativa"],"yoast_head":"<!-- This site is optimized with the Yoast SEO plugin v26.6 - https:\/\/yoast.com\/wordpress\/plugins\/seo\/ -->\n<title>Sustentabilidad y ganader\u00eda regenerativa ser\u00e1n algunas de las tem\u00e1ticas que INIA presentar\u00e1 en Expo Chile\u00a0 2021 - Mundoagropecuario<\/title>\n<meta name=\"description\" content=\"Ocho charlas tem\u00e1ticas realizar\u00e1 el Instituto de Investigaciones Agropecuarias (INIA), en el marco de Expo Chile Agr\u00edcola 2021.\" \/>\n<meta name=\"robots\" content=\"index, follow, max-snippet:-1, max-image-preview:large, max-video-preview:-1\" \/>\n<link rel=\"canonical\" href=\"https:\/\/www.mundoagropecuario.cl\/new\/sustentabilidad-y-ganaderia-regenerativa-seran-algunas-de-las-tematicas-que-inia-presentara-en-expo-chile-2021\/\" \/>\n<meta property=\"og:locale\" content=\"es_ES\" \/>\n<meta property=\"og:type\" content=\"article\" \/>\n<meta property=\"og:title\" content=\"Sustentabilidad y ganader\u00eda regenerativa ser\u00e1n algunas de las tem\u00e1ticas que INIA presentar\u00e1 en Expo Chile\u00a0 2021 - Mundoagropecuario\" \/>\n<meta property=\"og:description\" content=\"Ocho charlas tem\u00e1ticas realizar\u00e1 el Instituto de Investigaciones Agropecuarias (INIA), en el marco de Expo Chile Agr\u00edcola 2021.\" \/>\n<meta property=\"og:url\" content=\"https:\/\/www.mundoagropecuario.cl\/new\/sustentabilidad-y-ganaderia-regenerativa-seran-algunas-de-las-tematicas-que-inia-presentara-en-expo-chile-2021\/\" \/>\n<meta property=\"og:site_name\" content=\"Mundoagropecuario\" \/>\n<meta property=\"article:publisher\" content=\"https:\/\/www.facebook.com\/mundo.agropecuario.3\" \/>\n<meta property=\"article:published_time\" content=\"2021-08-16T15:00:47+00:00\" \/>\n<meta property=\"article:modified_time\" content=\"2021-08-17T15:56:02+00:00\" \/>\n<meta property=\"og:image\" content=\"https:\/\/www.mundoagropecuario.cl\/new\/wp-content\/uploads\/2021\/08\/INIA-1-scaled.jpg\" \/>\n\t<meta property=\"og:image:width\" content=\"1024\" \/>\n\t<meta property=\"og:image:height\" content=\"569\" \/>\n\t<meta property=\"og:image:type\" content=\"image\/jpeg\" \/>\n<meta name=\"author\" content=\"mundo\" \/>\n<meta name=\"twitter:card\" content=\"summary_large_image\" \/>\n<meta name=\"twitter:creator\" content=\"@MundoAgropecuar\" \/>\n<meta name=\"twitter:site\" content=\"@MundoAgropecuar\" \/>\n<meta name=\"twitter:label1\" content=\"Escrito por\" \/>\n\t<meta name=\"twitter:data1\" content=\"mundo\" \/>\n\t<meta name=\"twitter:label2\" content=\"Tiempo de lectura\" \/>\n\t<meta name=\"twitter:data2\" content=\"3 minutos\" \/>\n<script type=\"application\/ld+json\" class=\"yoast-schema-graph\">{\"@context\":\"https:\/\/schema.org\",\"@graph\":[{\"@type\":\"Article\",\"@id\":\"https:\/\/www.mundoagropecuario.cl\/new\/sustentabilidad-y-ganaderia-regenerativa-seran-algunas-de-las-tematicas-que-inia-presentara-en-expo-chile-2021\/#article\",\"isPartOf\":{\"@id\":\"https:\/\/www.mundoagropecuario.cl\/new\/sustentabilidad-y-ganaderia-regenerativa-seran-algunas-de-las-tematicas-que-inia-presentara-en-expo-chile-2021\/\"},\"author\":{\"name\":\"mundo\",\"@id\":\"https:\/\/www.mundoagropecuario.cl\/new\/#\/schema\/person\/4e9f74a82a7dac260eb1c44b7eebeb18\"},\"headline\":\"Sustentabilidad y ganader\u00eda regenerativa ser\u00e1n algunas de las tem\u00e1ticas que INIA presentar\u00e1 en Expo Chile\u00a0 2021\",\"datePublished\":\"2021-08-16T15:00:47+00:00\",\"dateModified\":\"2021-08-17T15:56:02+00:00\",\"mainEntityOfPage\":{\"@id\":\"https:\/\/www.mundoagropecuario.cl\/new\/sustentabilidad-y-ganaderia-regenerativa-seran-algunas-de-las-tematicas-que-inia-presentara-en-expo-chile-2021\/\"},\"wordCount\":577,\"publisher\":{\"@id\":\"https:\/\/www.mundoagropecuario.cl\/new\/#organization\"},\"image\":{\"@id\":\"https:\/\/www.mundoagropecuario.cl\/new\/sustentabilidad-y-ganaderia-regenerativa-seran-algunas-de-las-tematicas-que-inia-presentara-en-expo-chile-2021\/#primaryimage\"},\"thumbnailUrl\":\"https:\/\/www.mundoagropecuario.cl\/new\/wp-content\/uploads\/2021\/08\/INIA-1-scaled.jpg\",\"keywords\":[\"Expo Chile Agr\u00edcola 2021\",\"INIA Carillanca\",\"INIA La Platina.\",\"INIA Quilamapu\",\"Sustentabilidad y ganader\u00eda regenerativa\"],\"articleSection\":[\"Agricultura\"],\"inLanguage\":\"es\"},{\"@type\":\"WebPage\",\"@id\":\"https:\/\/www.mundoagropecuario.cl\/new\/sustentabilidad-y-ganaderia-regenerativa-seran-algunas-de-las-tematicas-que-inia-presentara-en-expo-chile-2021\/\",\"url\":\"https:\/\/www.mundoagropecuario.cl\/new\/sustentabilidad-y-ganaderia-regenerativa-seran-algunas-de-las-tematicas-que-inia-presentara-en-expo-chile-2021\/\",\"name\":\"Sustentabilidad y ganader\u00eda regenerativa ser\u00e1n algunas de las tem\u00e1ticas que INIA presentar\u00e1 en Expo Chile\u00a0 2021 - Mundoagropecuario\",\"isPartOf\":{\"@id\":\"https:\/\/www.mundoagropecuario.cl\/new\/#website\"},\"primaryImageOfPage\":{\"@id\":\"https:\/\/www.mundoagropecuario.cl\/new\/sustentabilidad-y-ganaderia-regenerativa-seran-algunas-de-las-tematicas-que-inia-presentara-en-expo-chile-2021\/#primaryimage\"},\"image\":{\"@id\":\"https:\/\/www.mundoagropecuario.cl\/new\/sustentabilidad-y-ganaderia-regenerativa-seran-algunas-de-las-tematicas-que-inia-presentara-en-expo-chile-2021\/#primaryimage\"},\"thumbnailUrl\":\"https:\/\/www.mundoagropecuario.cl\/new\/wp-content\/uploads\/2021\/08\/INIA-1-scaled.jpg\",\"datePublished\":\"2021-08-16T15:00:47+00:00\",\"dateModified\":\"2021-08-17T15:56:02+00:00\",\"description\":\"Ocho charlas tem\u00e1ticas realizar\u00e1 el Instituto de Investigaciones Agropecuarias (INIA), en el marco de Expo Chile Agr\u00edcola 2021.\",\"breadcrumb\":{\"@id\":\"https:\/\/www.mundoagropecuario.cl\/new\/sustentabilidad-y-ganaderia-regenerativa-seran-algunas-de-las-tematicas-que-inia-presentara-en-expo-chile-2021\/#breadcrumb\"},\"inLanguage\":\"es\",\"potentialAction\":[{\"@type\":\"ReadAction\",\"target\":[\"https:\/\/www.mundoagropecuario.cl\/new\/sustentabilidad-y-ganaderia-regenerativa-seran-algunas-de-las-tematicas-que-inia-presentara-en-expo-chile-2021\/\"]}]},{\"@type\":\"ImageObject\",\"inLanguage\":\"es\",\"@id\":\"https:\/\/www.mundoagropecuario.cl\/new\/sustentabilidad-y-ganaderia-regenerativa-seran-algunas-de-las-tematicas-que-inia-presentara-en-expo-chile-2021\/#primaryimage\",\"url\":\"https:\/\/www.mundoagropecuario.cl\/new\/wp-content\/uploads\/2021\/08\/INIA-1-scaled.jpg\",\"contentUrl\":\"https:\/\/www.mundoagropecuario.cl\/new\/wp-content\/uploads\/2021\/08\/INIA-1-scaled.jpg\",\"width\":720,\"height\":400},{\"@type\":\"BreadcrumbList\",\"@id\":\"https:\/\/www.mundoagropecuario.cl\/new\/sustentabilidad-y-ganaderia-regenerativa-seran-algunas-de-las-tematicas-que-inia-presentara-en-expo-chile-2021\/#breadcrumb\",\"itemListElement\":[{\"@type\":\"ListItem\",\"position\":1,\"name\":\"Portada\",\"item\":\"https:\/\/www.mundoagropecuario.cl\/new\/\"},{\"@type\":\"ListItem\",\"position\":2,\"name\":\"Sustentabilidad y ganader\u00eda regenerativa ser\u00e1n algunas de las tem\u00e1ticas que INIA presentar\u00e1 en Expo Chile\u00a0 2021\"}]},{\"@type\":\"WebSite\",\"@id\":\"https:\/\/www.mundoagropecuario.cl\/new\/#website\",\"url\":\"https:\/\/www.mundoagropecuario.cl\/new\/\",\"name\":\"Mundoagropecuario\",\"description\":\"Mundo Agropecuario\",\"publisher\":{\"@id\":\"https:\/\/www.mundoagropecuario.cl\/new\/#organization\"},\"potentialAction\":[{\"@type\":\"SearchAction\",\"target\":{\"@type\":\"EntryPoint\",\"urlTemplate\":\"https:\/\/www.mundoagropecuario.cl\/new\/?s={search_term_string}\"},\"query-input\":{\"@type\":\"PropertyValueSpecification\",\"valueRequired\":true,\"valueName\":\"search_term_string\"}}],\"inLanguage\":\"es\"},{\"@type\":\"Organization\",\"@id\":\"https:\/\/www.mundoagropecuario.cl\/new\/#organization\",\"name\":\"Revista de Agricultura\",\"url\":\"https:\/\/www.mundoagropecuario.cl\/new\/\",\"logo\":{\"@type\":\"ImageObject\",\"inLanguage\":\"es\",\"@id\":\"https:\/\/www.mundoagropecuario.cl\/new\/#\/schema\/logo\/image\/\",\"url\":\"https:\/\/www.mundoagropecuario.cl\/new\/wp-content\/uploads\/2020\/11\/PORTAL-1-1.png\",\"contentUrl\":\"https:\/\/www.mundoagropecuario.cl\/new\/wp-content\/uploads\/2020\/11\/PORTAL-1-1.png\",\"width\":1026,\"height\":100,\"caption\":\"Revista de Agricultura\"},\"image\":{\"@id\":\"https:\/\/www.mundoagropecuario.cl\/new\/#\/schema\/logo\/image\/\"},\"sameAs\":[\"https:\/\/www.facebook.com\/mundo.agropecuario.3\",\"https:\/\/x.com\/MundoAgropecuar\",\"https:\/\/www.linkedin.com\/in\/mundo-agropecuario-934009201\/\"]},{\"@type\":\"Person\",\"@id\":\"https:\/\/www.mundoagropecuario.cl\/new\/#\/schema\/person\/4e9f74a82a7dac260eb1c44b7eebeb18\",\"name\":\"mundo\",\"url\":\"https:\/\/www.mundoagropecuario.cl\/new\/author\/mundo\/\"}]}<\/script>\n<!-- \/ Yoast SEO plugin. -->","yoast_head_json":{"title":"Sustentabilidad y ganader\u00eda regenerativa ser\u00e1n algunas de las tem\u00e1ticas que INIA presentar\u00e1 en Expo Chile\u00a0 2021 - Mundoagropecuario","description":"Ocho charlas tem\u00e1ticas realizar\u00e1 el Instituto de Investigaciones Agropecuarias (INIA), en el marco de Expo Chile Agr\u00edcola 2021.","robots":{"index":"index","follow":"follow","max-snippet":"max-snippet:-1","max-image-preview":"max-image-preview:large","max-video-preview":"max-video-preview:-1"},"canonical":"https:\/\/www.mundoagropecuario.cl\/new\/sustentabilidad-y-ganaderia-regenerativa-seran-algunas-de-las-tematicas-que-inia-presentara-en-expo-chile-2021\/","og_locale":"es_ES","og_type":"article","og_title":"Sustentabilidad y ganader\u00eda regenerativa ser\u00e1n algunas de las tem\u00e1ticas que INIA presentar\u00e1 en Expo Chile\u00a0 2021 - Mundoagropecuario","og_description":"Ocho charlas tem\u00e1ticas realizar\u00e1 el Instituto de Investigaciones Agropecuarias (INIA), en el marco de Expo Chile Agr\u00edcola 2021.","og_url":"https:\/\/www.mundoagropecuario.cl\/new\/sustentabilidad-y-ganaderia-regenerativa-seran-algunas-de-las-tematicas-que-inia-presentara-en-expo-chile-2021\/","og_site_name":"Mundoagropecuario","article_publisher":"https:\/\/www.facebook.com\/mundo.agropecuario.3","article_published_time":"2021-08-16T15:00:47+00:00","article_modified_time":"2021-08-17T15:56:02+00:00","og_image":[{"width":1024,"height":569,"url":"https:\/\/www.mundoagropecuario.cl\/new\/wp-content\/uploads\/2021\/08\/INIA-1-scaled.jpg","type":"image\/jpeg"}],"author":"mundo","twitter_card":"summary_large_image","twitter_creator":"@MundoAgropecuar","twitter_site":"@MundoAgropecuar","twitter_misc":{"Escrito por":"mundo","Tiempo de lectura":"3 minutos"},"schema":{"@context":"https:\/\/schema.org","@graph":[{"@type":"Article","@id":"https:\/\/www.mundoagropecuario.cl\/new\/sustentabilidad-y-ganaderia-regenerativa-seran-algunas-de-las-tematicas-que-inia-presentara-en-expo-chile-2021\/#article","isPartOf":{"@id":"https:\/\/www.mundoagropecuario.cl\/new\/sustentabilidad-y-ganaderia-regenerativa-seran-algunas-de-las-tematicas-que-inia-presentara-en-expo-chile-2021\/"},"author":{"name":"mundo","@id":"https:\/\/www.mundoagropecuario.cl\/new\/#\/schema\/person\/4e9f74a82a7dac260eb1c44b7eebeb18"},"headline":"Sustentabilidad y ganader\u00eda regenerativa ser\u00e1n algunas de las tem\u00e1ticas que INIA presentar\u00e1 en Expo Chile\u00a0 2021","datePublished":"2021-08-16T15:00:47+00:00","dateModified":"2021-08-17T15:56:02+00:00","mainEntityOfPage":{"@id":"https:\/\/www.mundoagropecuario.cl\/new\/sustentabilidad-y-ganaderia-regenerativa-seran-algunas-de-las-tematicas-que-inia-presentara-en-expo-chile-2021\/"},"wordCount":577,"publisher":{"@id":"https:\/\/www.mundoagropecuario.cl\/new\/#organization"},"image":{"@id":"https:\/\/www.mundoagropecuario.cl\/new\/sustentabilidad-y-ganaderia-regenerativa-seran-algunas-de-las-tematicas-que-inia-presentara-en-expo-chile-2021\/#primaryimage"},"thumbnailUrl":"https:\/\/www.mundoagropecuario.cl\/new\/wp-content\/uploads\/2021\/08\/INIA-1-scaled.jpg","keywords":["Expo Chile Agr\u00edcola 2021","INIA Carillanca","INIA La Platina.","INIA Quilamapu","Sustentabilidad y ganader\u00eda regenerativa"],"articleSection":["Agricultura"],"inLanguage":"es"},{"@type":"WebPage","@id":"https:\/\/www.mundoagropecuario.cl\/new\/sustentabilidad-y-ganaderia-regenerativa-seran-algunas-de-las-tematicas-que-inia-presentara-en-expo-chile-2021\/","url":"https:\/\/www.mundoagropecuario.cl\/new\/sustentabilidad-y-ganaderia-regenerativa-seran-algunas-de-las-tematicas-que-inia-presentara-en-expo-chile-2021\/","name":"Sustentabilidad y ganader\u00eda regenerativa ser\u00e1n algunas de las tem\u00e1ticas que INIA presentar\u00e1 en Expo Chile\u00a0 2021 - Mundoagropecuario","isPartOf":{"@id":"https:\/\/www.mundoagropecuario.cl\/new\/#website"},"primaryImageOfPage":{"@id":"https:\/\/www.mundoagropecuario.cl\/new\/sustentabilidad-y-ganaderia-regenerativa-seran-algunas-de-las-tematicas-que-inia-presentara-en-expo-chile-2021\/#primaryimage"},"image":{"@id":"https:\/\/www.mundoagropecuario.cl\/new\/sustentabilidad-y-ganaderia-regenerativa-seran-algunas-de-las-tematicas-que-inia-presentara-en-expo-chile-2021\/#primaryimage"},"thumbnailUrl":"https:\/\/www.mundoagropecuario.cl\/new\/wp-content\/uploads\/2021\/08\/INIA-1-scaled.jpg","datePublished":"2021-08-16T15:00:47+00:00","dateModified":"2021-08-17T15:56:02+00:00","description":"Ocho charlas tem\u00e1ticas realizar\u00e1 el Instituto de Investigaciones Agropecuarias (INIA), en el marco de Expo Chile Agr\u00edcola 2021.","breadcrumb":{"@id":"https:\/\/www.mundoagropecuario.cl\/new\/sustentabilidad-y-ganaderia-regenerativa-seran-algunas-de-las-tematicas-que-inia-presentara-en-expo-chile-2021\/#breadcrumb"},"inLanguage":"es","potentialAction":[{"@type":"ReadAction","target":["https:\/\/www.mundoagropecuario.cl\/new\/sustentabilidad-y-ganaderia-regenerativa-seran-algunas-de-las-tematicas-que-inia-presentara-en-expo-chile-2021\/"]}]},{"@type":"ImageObject","inLanguage":"es","@id":"https:\/\/www.mundoagropecuario.cl\/new\/sustentabilidad-y-ganaderia-regenerativa-seran-algunas-de-las-tematicas-que-inia-presentara-en-expo-chile-2021\/#primaryimage","url":"https:\/\/www.mundoagropecuario.cl\/new\/wp-content\/uploads\/2021\/08\/INIA-1-scaled.jpg","contentUrl":"https:\/\/www.mundoagropecuario.cl\/new\/wp-content\/uploads\/2021\/08\/INIA-1-scaled.jpg","width":720,"height":400},{"@type":"BreadcrumbList","@id":"https:\/\/www.mundoagropecuario.cl\/new\/sustentabilidad-y-ganaderia-regenerativa-seran-algunas-de-las-tematicas-que-inia-presentara-en-expo-chile-2021\/#breadcrumb","itemListElement":[{"@type":"ListItem","position":1,"name":"Portada","item":"https:\/\/www.mundoagropecuario.cl\/new\/"},{"@type":"ListItem","position":2,"name":"Sustentabilidad y ganader\u00eda regenerativa ser\u00e1n algunas de las tem\u00e1ticas que INIA presentar\u00e1 en Expo Chile\u00a0 2021"}]},{"@type":"WebSite","@id":"https:\/\/www.mundoagropecuario.cl\/new\/#website","url":"https:\/\/www.mundoagropecuario.cl\/new\/","name":"Mundoagropecuario","description":"Mundo Agropecuario","publisher":{"@id":"https:\/\/www.mundoagropecuario.cl\/new\/#organization"},"potentialAction":[{"@type":"SearchAction","target":{"@type":"EntryPoint","urlTemplate":"https:\/\/www.mundoagropecuario.cl\/new\/?s={search_term_string}"},"query-input":{"@type":"PropertyValueSpecification","valueRequired":true,"valueName":"search_term_string"}}],"inLanguage":"es"},{"@type":"Organization","@id":"https:\/\/www.mundoagropecuario.cl\/new\/#organization","name":"Revista de Agricultura","url":"https:\/\/www.mundoagropecuario.cl\/new\/","logo":{"@type":"ImageObject","inLanguage":"es","@id":"https:\/\/www.mundoagropecuario.cl\/new\/#\/schema\/logo\/image\/","url":"https:\/\/www.mundoagropecuario.cl\/new\/wp-content\/uploads\/2020\/11\/PORTAL-1-1.png","contentUrl":"https:\/\/www.mundoagropecuario.cl\/new\/wp-content\/uploads\/2020\/11\/PORTAL-1-1.png","width":1026,"height":100,"caption":"Revista de Agricultura"},"image":{"@id":"https:\/\/www.mundoagropecuario.cl\/new\/#\/schema\/logo\/image\/"},"sameAs":["https:\/\/www.facebook.com\/mundo.agropecuario.3","https:\/\/x.com\/MundoAgropecuar","https:\/\/www.linkedin.com\/in\/mundo-agropecuario-934009201\/"]},{"@type":"Person","@id":"https:\/\/www.mundoagropecuario.cl\/new\/#\/schema\/person\/4e9f74a82a7dac260eb1c44b7eebeb18","name":"mundo","url":"https:\/\/www.mundoagropecuario.cl\/new\/author\/mundo\/"}]}},"_links":{"self":[{"href":"https:\/\/www.mundoagropecuario.cl\/new\/wp-json\/wp\/v2\/posts\/19978","targetHints":{"allow":["GET"]}}],"collection":[{"href":"https:\/\/www.mundoagropecuario.cl\/new\/wp-json\/wp\/v2\/posts"}],"about":[{"href":"https:\/\/www.mundoagropecuario.cl\/new\/wp-json\/wp\/v2\/types\/post"}],"author":[{"embeddable":true,"href":"https:\/\/www.mundoagropecuario.cl\/new\/wp-json\/wp\/v2\/users\/2"}],"replies":[{"embeddable":true,"href":"https:\/\/www.mundoagropecuario.cl\/new\/wp-json\/wp\/v2\/comments?post=19978"}],"version-history":[{"count":1,"href":"https:\/\/www.mundoagropecuario.cl\/new\/wp-json\/wp\/v2\/posts\/19978\/revisions"}],"predecessor-version":[{"id":19981,"href":"https:\/\/www.mundoagropecuario.cl\/new\/wp-json\/wp\/v2\/posts\/19978\/revisions\/19981"}],"wp:featuredmedia":[{"embeddable":true,"href":"https:\/\/www.mundoagropecuario.cl\/new\/wp-json\/wp\/v2\/media\/19979"}],"wp:attachment":[{"href":"https:\/\/www.mundoagropecuario.cl\/new\/wp-json\/wp\/v2\/media?parent=19978"}],"wp:term":[{"taxonomy":"category","embeddable":true,"href":"https:\/\/www.mundoagropecuario.cl\/new\/wp-json\/wp\/v2\/categories?post=19978"},{"taxonomy":"post_tag","embeddable":true,"href":"https:\/\/www.mundoagropecuario.cl\/new\/wp-json\/wp\/v2\/tags?post=19978"}],"curies":[{"name":"wp","href":"https:\/\/api.w.org\/{rel}","templated":true}]}}