{"id":19940,"date":"2021-08-11T12:46:38","date_gmt":"2021-08-11T15:46:38","guid":{"rendered":"https:\/\/www.mundoagropecuario.cl\/new\/?p=19940"},"modified":"2021-08-13T12:19:21","modified_gmt":"2021-08-13T15:19:21","slug":"el-avance-tecnologico-de-la-fruticultura-surena-destaco-en-el-seminario-internacional-cooprinsem-frutales-2021","status":"publish","type":"post","link":"https:\/\/www.mundoagropecuario.cl\/new\/el-avance-tecnologico-de-la-fruticultura-surena-destaco-en-el-seminario-internacional-cooprinsem-frutales-2021\/","title":{"rendered":"El avance tecnol\u00f3gico de la fruticultura sure\u00f1a destac\u00f3 en el Seminario Internacional Cooprinsem Frutales 2021"},"content":{"rendered":"<blockquote>\n<h2><span style=\"color: #333300;\">Con m\u00e1s de 800 participantes reunidos de manera virtual desde m\u00e1s de 16 pa\u00edses como Estados Unidos, Portugal, Alemania, Pa\u00edses Bajos y Espa\u00f1a, entre otros; Cooprinsem realiz\u00f3 de manera exitosa la XIV versi\u00f3n del Seminario Internacional Frutales 2021: \u201cAvances de la Fruticultura en el sur de Chile\u201d.\u00a0 <\/span><\/h2>\n<\/blockquote>\n<p>Esta importante jornada se llev\u00f3 a cabo los d\u00edas 4 y 5 del presente mes, instancias en las que se dieron a conocer los desaf\u00edos, visiones y nuevas alternativas de negocios de los frutales de esta zona del pa\u00eds.<\/p>\n<p>El evento reuni\u00f3 a productores, asesores y profesionales del \u00e1rea, y cont\u00f3 con variadas charlas de profesionales nacionales e internacionales de primer nivel; donde se destac\u00f3 el avance tecnol\u00f3gico de la fruticultura sure\u00f1a y los grandes progresos que se han logrado en el sector, gracias a estas distintas herramientas.<\/p>\n<p><a href=\"https:\/\/www.mundoagropecuario.cl\/new\/wp-content\/uploads\/2021\/08\/cooprinsem3.png\"><img loading=\"lazy\" decoding=\"async\" class=\" wp-image-19942 alignright\" src=\"https:\/\/www.mundoagropecuario.cl\/new\/wp-content\/uploads\/2021\/08\/cooprinsem3-586x279.png\" alt=\"\" width=\"540\" height=\"238\" \/><\/a> Fue as\u00ed como en la primera instancia se convers\u00f3 de diferentes temas centrados en la administraci\u00f3n h\u00eddrica de ar\u00e1ndanos y el escenario en los acu\u00edferos de la zona sur, el manejo y sus implicancias para la fruticultura, las situaci\u00f3n actual y perspectiva del mercado de frambuesas y otros berries, y el Avellano Europeo como una alternativa de negocios para el centro sur del pa\u00eds.<\/p>\n<p>De igual manera, en el segundo y \u00faltimo d\u00eda de este importante actividad, se analiz\u00f3 el manejo reproductivo del cerezo bajo las condiciones edafoclim\u00e1ticas de la zona sur de Chile, la producci\u00f3n de estos bajo coberturas, los nuevos desaf\u00edos que trae China como mercado de las cerezas, los desaf\u00edos de la industria nacional de estas frutas y el control de nitr\u00f3geno en frutales en programas de manejo integrado de la nutrici\u00f3n en la zona sur.<\/p>\n<p>En cuanto al desarrollo de esta doble jornada, el Gerente Comercial de Cooprinsem, Luis Silva, manifest\u00f3 que esta tuvo como meta entregar conocimiento e informaci\u00f3n t\u00e9cnica y comercial, para el apoyo en la toma de decisiones frut\u00edcolas del sur de Chile, apoyando de esta manera al cooperativismo y a los agricultores. &#8220;Para Cooprinsem es relevante potenciar esta actividad, ya que se ha convertido en una alternativa para nuestros productores, generando valor a la agricultura y a la fruticultura, permitiendo as\u00ed nuevas soluciones a las brechas y problem\u00e1ticas que se les presentan&#8221;.<\/p>\n<p><a href=\"https:\/\/www.mundoagropecuario.cl\/new\/wp-content\/uploads\/2021\/08\/cooprinsem10.png\"><img loading=\"lazy\" decoding=\"async\" class=\" wp-image-19943 alignleft\" src=\"https:\/\/www.mundoagropecuario.cl\/new\/wp-content\/uploads\/2021\/08\/cooprinsem10-586x272.png\" alt=\"\" width=\"479\" height=\"257\" \/><\/a>A su vez, Silva sostuvo que &#8220;el futuro de la agricultura chilena va a crecer, hoy el cambio clim\u00e1tico se est\u00e1 transformando en una alternativa real para la producci\u00f3n frut\u00edcola y la tecnolog\u00eda siempre ha sido clave para establecer e incorporar este tipo cultivos en esta zona del pa\u00eds. Por eso estamos muy orgullosos de tener un equipo de profesionales, comprometidos en entregar mediante la innovaci\u00f3n, las mejores soluciones a nuestros clientes y cooperados&#8221;.<\/p>\n<p>Por su parte Ramiro Poblete, Jefe de la Unidad de Frutales de Cooprinsem, coment\u00f3 que en las diferentes versiones de esta jornada se ha buscado generar un punto de encuentro de la cadena de valor y de la industria frut\u00edcola, con \u00e9nfasis en la zona sur. &#8220;Con esto hemos creado un espacio en el que transferimos conocimientos, nuevas tecnolog\u00edas y contamos con expositores nacionales e internacionales, quienes exponen sobre los desaf\u00edos que existen en el sector\u201d.<\/p>\n<p>Finalmente, Poblete apunt\u00f3 a que como Cooprinsem y junto a este seminario, continuar\u00e1n a la vanguardia de las nuevas tecnolog\u00edas, entregando las mejores herramientas a sus clientes y cooperados, apuntando a un futuro pr\u00f3spero para el sector. &#8220;Hoy tenemos varios desaf\u00edos por delante, pero lo concreto es que la demanda por fruta va a seguir en aumento, por lo que la fruticultura de exportaci\u00f3n en el sur de Chile va a continuar avanzando. Por lo tanto, va a haber una presi\u00f3n a futuro por nuevos productores e inversionistas de moverse hacia esta zona y una adaptaci\u00f3n de los habitantes de este sector en integrar la fruticultura a los cultivos tradicionales y a la ganader\u00eda&#8221;.<\/p>\n","protected":false},"excerpt":{"rendered":"<p>Esta importante jornada se llev\u00f3 a cabo los d\u00edas 4 y 5 del presente mes, instancias en las que se dieron a conocer los desaf\u00edos, visiones y nuevas alternativas de negocios de los frutales de esta zona del pa\u00eds.<\/p>\n","protected":false},"author":2,"featured_media":19952,"comment_status":"closed","ping_status":"closed","sticky":false,"template":"","format":"standard","meta":{"footnotes":""},"categories":[1945],"tags":[4124,3127,2261,6126,2035,6127],"class_list":["post-19940","post","type-post","status-publish","format-standard","has-post-thumbnail","hentry","category-agricultura","tag-agricola","tag-agro","tag-cooprinsem","tag-fruticultura-surena","tag-minagri","tag-seminario-internacional-cooprinsem"],"yoast_head":"<!-- This site is optimized with the Yoast SEO plugin v26.6 - https:\/\/yoast.com\/wordpress\/plugins\/seo\/ -->\n<title>El avance tecnol\u00f3gico de la fruticultura sure\u00f1a destac\u00f3 en el Seminario Internacional Cooprinsem Frutales 2021 - Mundoagropecuario<\/title>\n<meta name=\"description\" content=\"Instancias en las que se dieron a conocer los desaf\u00edos, visiones y nuevas alternativas de negocios de los frutales de esta zona del pa\u00eds.\" \/>\n<meta name=\"robots\" content=\"index, follow, max-snippet:-1, max-image-preview:large, max-video-preview:-1\" \/>\n<link rel=\"canonical\" href=\"https:\/\/www.mundoagropecuario.cl\/new\/el-avance-tecnologico-de-la-fruticultura-surena-destaco-en-el-seminario-internacional-cooprinsem-frutales-2021\/\" \/>\n<meta property=\"og:locale\" content=\"es_ES\" \/>\n<meta property=\"og:type\" content=\"article\" \/>\n<meta property=\"og:title\" content=\"El avance tecnol\u00f3gico de la fruticultura sure\u00f1a destac\u00f3 en el Seminario Internacional Cooprinsem Frutales 2021 - Mundoagropecuario\" \/>\n<meta property=\"og:description\" content=\"Instancias en las que se dieron a conocer los desaf\u00edos, visiones y nuevas alternativas de negocios de los frutales de esta zona del pa\u00eds.\" \/>\n<meta property=\"og:url\" content=\"https:\/\/www.mundoagropecuario.cl\/new\/el-avance-tecnologico-de-la-fruticultura-surena-destaco-en-el-seminario-internacional-cooprinsem-frutales-2021\/\" \/>\n<meta property=\"og:site_name\" content=\"Mundoagropecuario\" \/>\n<meta property=\"article:publisher\" content=\"https:\/\/www.facebook.com\/mundo.agropecuario.3\" \/>\n<meta property=\"article:published_time\" content=\"2021-08-11T15:46:38+00:00\" \/>\n<meta property=\"article:modified_time\" content=\"2021-08-13T15:19:21+00:00\" \/>\n<meta property=\"og:image\" content=\"https:\/\/www.mundoagropecuario.cl\/new\/wp-content\/uploads\/2021\/08\/fruticultura_chilena.jpeg\" \/>\n\t<meta property=\"og:image:width\" content=\"900\" \/>\n\t<meta property=\"og:image:height\" content=\"600\" \/>\n\t<meta property=\"og:image:type\" content=\"image\/jpeg\" \/>\n<meta name=\"author\" content=\"mundo\" \/>\n<meta name=\"twitter:card\" content=\"summary_large_image\" \/>\n<meta name=\"twitter:creator\" content=\"@MundoAgropecuar\" \/>\n<meta name=\"twitter:site\" content=\"@MundoAgropecuar\" \/>\n<meta name=\"twitter:label1\" content=\"Escrito por\" \/>\n\t<meta name=\"twitter:data1\" content=\"mundo\" \/>\n\t<meta name=\"twitter:label2\" content=\"Tiempo de lectura\" \/>\n\t<meta name=\"twitter:data2\" content=\"4 minutos\" \/>\n<script type=\"application\/ld+json\" class=\"yoast-schema-graph\">{\"@context\":\"https:\/\/schema.org\",\"@graph\":[{\"@type\":\"Article\",\"@id\":\"https:\/\/www.mundoagropecuario.cl\/new\/el-avance-tecnologico-de-la-fruticultura-surena-destaco-en-el-seminario-internacional-cooprinsem-frutales-2021\/#article\",\"isPartOf\":{\"@id\":\"https:\/\/www.mundoagropecuario.cl\/new\/el-avance-tecnologico-de-la-fruticultura-surena-destaco-en-el-seminario-internacional-cooprinsem-frutales-2021\/\"},\"author\":{\"name\":\"mundo\",\"@id\":\"https:\/\/www.mundoagropecuario.cl\/new\/#\/schema\/person\/4e9f74a82a7dac260eb1c44b7eebeb18\"},\"headline\":\"El avance tecnol\u00f3gico de la fruticultura sure\u00f1a destac\u00f3 en el Seminario Internacional Cooprinsem Frutales 2021\",\"datePublished\":\"2021-08-11T15:46:38+00:00\",\"dateModified\":\"2021-08-13T15:19:21+00:00\",\"mainEntityOfPage\":{\"@id\":\"https:\/\/www.mundoagropecuario.cl\/new\/el-avance-tecnologico-de-la-fruticultura-surena-destaco-en-el-seminario-internacional-cooprinsem-frutales-2021\/\"},\"wordCount\":685,\"publisher\":{\"@id\":\"https:\/\/www.mundoagropecuario.cl\/new\/#organization\"},\"image\":{\"@id\":\"https:\/\/www.mundoagropecuario.cl\/new\/el-avance-tecnologico-de-la-fruticultura-surena-destaco-en-el-seminario-internacional-cooprinsem-frutales-2021\/#primaryimage\"},\"thumbnailUrl\":\"https:\/\/www.mundoagropecuario.cl\/new\/wp-content\/uploads\/2021\/08\/fruticultura_chilena.jpeg\",\"keywords\":[\"agricola\",\"Agro\",\"Cooprinsem\",\"fruticultura sure\u00f1a\",\"Minagri\",\"Seminario Internacional Cooprinsem\"],\"articleSection\":[\"Agricultura\"],\"inLanguage\":\"es\"},{\"@type\":\"WebPage\",\"@id\":\"https:\/\/www.mundoagropecuario.cl\/new\/el-avance-tecnologico-de-la-fruticultura-surena-destaco-en-el-seminario-internacional-cooprinsem-frutales-2021\/\",\"url\":\"https:\/\/www.mundoagropecuario.cl\/new\/el-avance-tecnologico-de-la-fruticultura-surena-destaco-en-el-seminario-internacional-cooprinsem-frutales-2021\/\",\"name\":\"El avance tecnol\u00f3gico de la fruticultura sure\u00f1a destac\u00f3 en el Seminario Internacional Cooprinsem Frutales 2021 - Mundoagropecuario\",\"isPartOf\":{\"@id\":\"https:\/\/www.mundoagropecuario.cl\/new\/#website\"},\"primaryImageOfPage\":{\"@id\":\"https:\/\/www.mundoagropecuario.cl\/new\/el-avance-tecnologico-de-la-fruticultura-surena-destaco-en-el-seminario-internacional-cooprinsem-frutales-2021\/#primaryimage\"},\"image\":{\"@id\":\"https:\/\/www.mundoagropecuario.cl\/new\/el-avance-tecnologico-de-la-fruticultura-surena-destaco-en-el-seminario-internacional-cooprinsem-frutales-2021\/#primaryimage\"},\"thumbnailUrl\":\"https:\/\/www.mundoagropecuario.cl\/new\/wp-content\/uploads\/2021\/08\/fruticultura_chilena.jpeg\",\"datePublished\":\"2021-08-11T15:46:38+00:00\",\"dateModified\":\"2021-08-13T15:19:21+00:00\",\"description\":\"Instancias en las que se dieron a conocer los desaf\u00edos, visiones y nuevas alternativas de negocios de los frutales de esta zona del pa\u00eds.\",\"breadcrumb\":{\"@id\":\"https:\/\/www.mundoagropecuario.cl\/new\/el-avance-tecnologico-de-la-fruticultura-surena-destaco-en-el-seminario-internacional-cooprinsem-frutales-2021\/#breadcrumb\"},\"inLanguage\":\"es\",\"potentialAction\":[{\"@type\":\"ReadAction\",\"target\":[\"https:\/\/www.mundoagropecuario.cl\/new\/el-avance-tecnologico-de-la-fruticultura-surena-destaco-en-el-seminario-internacional-cooprinsem-frutales-2021\/\"]}]},{\"@type\":\"ImageObject\",\"inLanguage\":\"es\",\"@id\":\"https:\/\/www.mundoagropecuario.cl\/new\/el-avance-tecnologico-de-la-fruticultura-surena-destaco-en-el-seminario-internacional-cooprinsem-frutales-2021\/#primaryimage\",\"url\":\"https:\/\/www.mundoagropecuario.cl\/new\/wp-content\/uploads\/2021\/08\/fruticultura_chilena.jpeg\",\"contentUrl\":\"https:\/\/www.mundoagropecuario.cl\/new\/wp-content\/uploads\/2021\/08\/fruticultura_chilena.jpeg\",\"width\":600,\"height\":400},{\"@type\":\"BreadcrumbList\",\"@id\":\"https:\/\/www.mundoagropecuario.cl\/new\/el-avance-tecnologico-de-la-fruticultura-surena-destaco-en-el-seminario-internacional-cooprinsem-frutales-2021\/#breadcrumb\",\"itemListElement\":[{\"@type\":\"ListItem\",\"position\":1,\"name\":\"Portada\",\"item\":\"https:\/\/www.mundoagropecuario.cl\/new\/\"},{\"@type\":\"ListItem\",\"position\":2,\"name\":\"El avance tecnol\u00f3gico de la fruticultura sure\u00f1a destac\u00f3 en el Seminario Internacional Cooprinsem Frutales 2021\"}]},{\"@type\":\"WebSite\",\"@id\":\"https:\/\/www.mundoagropecuario.cl\/new\/#website\",\"url\":\"https:\/\/www.mundoagropecuario.cl\/new\/\",\"name\":\"Mundoagropecuario\",\"description\":\"Mundo Agropecuario\",\"publisher\":{\"@id\":\"https:\/\/www.mundoagropecuario.cl\/new\/#organization\"},\"potentialAction\":[{\"@type\":\"SearchAction\",\"target\":{\"@type\":\"EntryPoint\",\"urlTemplate\":\"https:\/\/www.mundoagropecuario.cl\/new\/?s={search_term_string}\"},\"query-input\":{\"@type\":\"PropertyValueSpecification\",\"valueRequired\":true,\"valueName\":\"search_term_string\"}}],\"inLanguage\":\"es\"},{\"@type\":\"Organization\",\"@id\":\"https:\/\/www.mundoagropecuario.cl\/new\/#organization\",\"name\":\"Revista de Agricultura\",\"url\":\"https:\/\/www.mundoagropecuario.cl\/new\/\",\"logo\":{\"@type\":\"ImageObject\",\"inLanguage\":\"es\",\"@id\":\"https:\/\/www.mundoagropecuario.cl\/new\/#\/schema\/logo\/image\/\",\"url\":\"https:\/\/www.mundoagropecuario.cl\/new\/wp-content\/uploads\/2020\/11\/PORTAL-1-1.png\",\"contentUrl\":\"https:\/\/www.mundoagropecuario.cl\/new\/wp-content\/uploads\/2020\/11\/PORTAL-1-1.png\",\"width\":1026,\"height\":100,\"caption\":\"Revista de Agricultura\"},\"image\":{\"@id\":\"https:\/\/www.mundoagropecuario.cl\/new\/#\/schema\/logo\/image\/\"},\"sameAs\":[\"https:\/\/www.facebook.com\/mundo.agropecuario.3\",\"https:\/\/x.com\/MundoAgropecuar\",\"https:\/\/www.linkedin.com\/in\/mundo-agropecuario-934009201\/\"]},{\"@type\":\"Person\",\"@id\":\"https:\/\/www.mundoagropecuario.cl\/new\/#\/schema\/person\/4e9f74a82a7dac260eb1c44b7eebeb18\",\"name\":\"mundo\",\"url\":\"https:\/\/www.mundoagropecuario.cl\/new\/author\/mundo\/\"}]}<\/script>\n<!-- \/ Yoast SEO plugin. -->","yoast_head_json":{"title":"El avance tecnol\u00f3gico de la fruticultura sure\u00f1a destac\u00f3 en el Seminario Internacional Cooprinsem Frutales 2021 - Mundoagropecuario","description":"Instancias en las que se dieron a conocer los desaf\u00edos, visiones y nuevas alternativas de negocios de los frutales de esta zona del pa\u00eds.","robots":{"index":"index","follow":"follow","max-snippet":"max-snippet:-1","max-image-preview":"max-image-preview:large","max-video-preview":"max-video-preview:-1"},"canonical":"https:\/\/www.mundoagropecuario.cl\/new\/el-avance-tecnologico-de-la-fruticultura-surena-destaco-en-el-seminario-internacional-cooprinsem-frutales-2021\/","og_locale":"es_ES","og_type":"article","og_title":"El avance tecnol\u00f3gico de la fruticultura sure\u00f1a destac\u00f3 en el Seminario Internacional Cooprinsem Frutales 2021 - Mundoagropecuario","og_description":"Instancias en las que se dieron a conocer los desaf\u00edos, visiones y nuevas alternativas de negocios de los frutales de esta zona del pa\u00eds.","og_url":"https:\/\/www.mundoagropecuario.cl\/new\/el-avance-tecnologico-de-la-fruticultura-surena-destaco-en-el-seminario-internacional-cooprinsem-frutales-2021\/","og_site_name":"Mundoagropecuario","article_publisher":"https:\/\/www.facebook.com\/mundo.agropecuario.3","article_published_time":"2021-08-11T15:46:38+00:00","article_modified_time":"2021-08-13T15:19:21+00:00","og_image":[{"width":900,"height":600,"url":"https:\/\/www.mundoagropecuario.cl\/new\/wp-content\/uploads\/2021\/08\/fruticultura_chilena.jpeg","type":"image\/jpeg"}],"author":"mundo","twitter_card":"summary_large_image","twitter_creator":"@MundoAgropecuar","twitter_site":"@MundoAgropecuar","twitter_misc":{"Escrito por":"mundo","Tiempo de lectura":"4 minutos"},"schema":{"@context":"https:\/\/schema.org","@graph":[{"@type":"Article","@id":"https:\/\/www.mundoagropecuario.cl\/new\/el-avance-tecnologico-de-la-fruticultura-surena-destaco-en-el-seminario-internacional-cooprinsem-frutales-2021\/#article","isPartOf":{"@id":"https:\/\/www.mundoagropecuario.cl\/new\/el-avance-tecnologico-de-la-fruticultura-surena-destaco-en-el-seminario-internacional-cooprinsem-frutales-2021\/"},"author":{"name":"mundo","@id":"https:\/\/www.mundoagropecuario.cl\/new\/#\/schema\/person\/4e9f74a82a7dac260eb1c44b7eebeb18"},"headline":"El avance tecnol\u00f3gico de la fruticultura sure\u00f1a destac\u00f3 en el Seminario Internacional Cooprinsem Frutales 2021","datePublished":"2021-08-11T15:46:38+00:00","dateModified":"2021-08-13T15:19:21+00:00","mainEntityOfPage":{"@id":"https:\/\/www.mundoagropecuario.cl\/new\/el-avance-tecnologico-de-la-fruticultura-surena-destaco-en-el-seminario-internacional-cooprinsem-frutales-2021\/"},"wordCount":685,"publisher":{"@id":"https:\/\/www.mundoagropecuario.cl\/new\/#organization"},"image":{"@id":"https:\/\/www.mundoagropecuario.cl\/new\/el-avance-tecnologico-de-la-fruticultura-surena-destaco-en-el-seminario-internacional-cooprinsem-frutales-2021\/#primaryimage"},"thumbnailUrl":"https:\/\/www.mundoagropecuario.cl\/new\/wp-content\/uploads\/2021\/08\/fruticultura_chilena.jpeg","keywords":["agricola","Agro","Cooprinsem","fruticultura sure\u00f1a","Minagri","Seminario Internacional Cooprinsem"],"articleSection":["Agricultura"],"inLanguage":"es"},{"@type":"WebPage","@id":"https:\/\/www.mundoagropecuario.cl\/new\/el-avance-tecnologico-de-la-fruticultura-surena-destaco-en-el-seminario-internacional-cooprinsem-frutales-2021\/","url":"https:\/\/www.mundoagropecuario.cl\/new\/el-avance-tecnologico-de-la-fruticultura-surena-destaco-en-el-seminario-internacional-cooprinsem-frutales-2021\/","name":"El avance tecnol\u00f3gico de la fruticultura sure\u00f1a destac\u00f3 en el Seminario Internacional Cooprinsem Frutales 2021 - Mundoagropecuario","isPartOf":{"@id":"https:\/\/www.mundoagropecuario.cl\/new\/#website"},"primaryImageOfPage":{"@id":"https:\/\/www.mundoagropecuario.cl\/new\/el-avance-tecnologico-de-la-fruticultura-surena-destaco-en-el-seminario-internacional-cooprinsem-frutales-2021\/#primaryimage"},"image":{"@id":"https:\/\/www.mundoagropecuario.cl\/new\/el-avance-tecnologico-de-la-fruticultura-surena-destaco-en-el-seminario-internacional-cooprinsem-frutales-2021\/#primaryimage"},"thumbnailUrl":"https:\/\/www.mundoagropecuario.cl\/new\/wp-content\/uploads\/2021\/08\/fruticultura_chilena.jpeg","datePublished":"2021-08-11T15:46:38+00:00","dateModified":"2021-08-13T15:19:21+00:00","description":"Instancias en las que se dieron a conocer los desaf\u00edos, visiones y nuevas alternativas de negocios de los frutales de esta zona del pa\u00eds.","breadcrumb":{"@id":"https:\/\/www.mundoagropecuario.cl\/new\/el-avance-tecnologico-de-la-fruticultura-surena-destaco-en-el-seminario-internacional-cooprinsem-frutales-2021\/#breadcrumb"},"inLanguage":"es","potentialAction":[{"@type":"ReadAction","target":["https:\/\/www.mundoagropecuario.cl\/new\/el-avance-tecnologico-de-la-fruticultura-surena-destaco-en-el-seminario-internacional-cooprinsem-frutales-2021\/"]}]},{"@type":"ImageObject","inLanguage":"es","@id":"https:\/\/www.mundoagropecuario.cl\/new\/el-avance-tecnologico-de-la-fruticultura-surena-destaco-en-el-seminario-internacional-cooprinsem-frutales-2021\/#primaryimage","url":"https:\/\/www.mundoagropecuario.cl\/new\/wp-content\/uploads\/2021\/08\/fruticultura_chilena.jpeg","contentUrl":"https:\/\/www.mundoagropecuario.cl\/new\/wp-content\/uploads\/2021\/08\/fruticultura_chilena.jpeg","width":600,"height":400},{"@type":"BreadcrumbList","@id":"https:\/\/www.mundoagropecuario.cl\/new\/el-avance-tecnologico-de-la-fruticultura-surena-destaco-en-el-seminario-internacional-cooprinsem-frutales-2021\/#breadcrumb","itemListElement":[{"@type":"ListItem","position":1,"name":"Portada","item":"https:\/\/www.mundoagropecuario.cl\/new\/"},{"@type":"ListItem","position":2,"name":"El avance tecnol\u00f3gico de la fruticultura sure\u00f1a destac\u00f3 en el Seminario Internacional Cooprinsem Frutales 2021"}]},{"@type":"WebSite","@id":"https:\/\/www.mundoagropecuario.cl\/new\/#website","url":"https:\/\/www.mundoagropecuario.cl\/new\/","name":"Mundoagropecuario","description":"Mundo Agropecuario","publisher":{"@id":"https:\/\/www.mundoagropecuario.cl\/new\/#organization"},"potentialAction":[{"@type":"SearchAction","target":{"@type":"EntryPoint","urlTemplate":"https:\/\/www.mundoagropecuario.cl\/new\/?s={search_term_string}"},"query-input":{"@type":"PropertyValueSpecification","valueRequired":true,"valueName":"search_term_string"}}],"inLanguage":"es"},{"@type":"Organization","@id":"https:\/\/www.mundoagropecuario.cl\/new\/#organization","name":"Revista de Agricultura","url":"https:\/\/www.mundoagropecuario.cl\/new\/","logo":{"@type":"ImageObject","inLanguage":"es","@id":"https:\/\/www.mundoagropecuario.cl\/new\/#\/schema\/logo\/image\/","url":"https:\/\/www.mundoagropecuario.cl\/new\/wp-content\/uploads\/2020\/11\/PORTAL-1-1.png","contentUrl":"https:\/\/www.mundoagropecuario.cl\/new\/wp-content\/uploads\/2020\/11\/PORTAL-1-1.png","width":1026,"height":100,"caption":"Revista de Agricultura"},"image":{"@id":"https:\/\/www.mundoagropecuario.cl\/new\/#\/schema\/logo\/image\/"},"sameAs":["https:\/\/www.facebook.com\/mundo.agropecuario.3","https:\/\/x.com\/MundoAgropecuar","https:\/\/www.linkedin.com\/in\/mundo-agropecuario-934009201\/"]},{"@type":"Person","@id":"https:\/\/www.mundoagropecuario.cl\/new\/#\/schema\/person\/4e9f74a82a7dac260eb1c44b7eebeb18","name":"mundo","url":"https:\/\/www.mundoagropecuario.cl\/new\/author\/mundo\/"}]}},"_links":{"self":[{"href":"https:\/\/www.mundoagropecuario.cl\/new\/wp-json\/wp\/v2\/posts\/19940","targetHints":{"allow":["GET"]}}],"collection":[{"href":"https:\/\/www.mundoagropecuario.cl\/new\/wp-json\/wp\/v2\/posts"}],"about":[{"href":"https:\/\/www.mundoagropecuario.cl\/new\/wp-json\/wp\/v2\/types\/post"}],"author":[{"embeddable":true,"href":"https:\/\/www.mundoagropecuario.cl\/new\/wp-json\/wp\/v2\/users\/2"}],"replies":[{"embeddable":true,"href":"https:\/\/www.mundoagropecuario.cl\/new\/wp-json\/wp\/v2\/comments?post=19940"}],"version-history":[{"count":1,"href":"https:\/\/www.mundoagropecuario.cl\/new\/wp-json\/wp\/v2\/posts\/19940\/revisions"}],"predecessor-version":[{"id":19945,"href":"https:\/\/www.mundoagropecuario.cl\/new\/wp-json\/wp\/v2\/posts\/19940\/revisions\/19945"}],"wp:featuredmedia":[{"embeddable":true,"href":"https:\/\/www.mundoagropecuario.cl\/new\/wp-json\/wp\/v2\/media\/19952"}],"wp:attachment":[{"href":"https:\/\/www.mundoagropecuario.cl\/new\/wp-json\/wp\/v2\/media?parent=19940"}],"wp:term":[{"taxonomy":"category","embeddable":true,"href":"https:\/\/www.mundoagropecuario.cl\/new\/wp-json\/wp\/v2\/categories?post=19940"},{"taxonomy":"post_tag","embeddable":true,"href":"https:\/\/www.mundoagropecuario.cl\/new\/wp-json\/wp\/v2\/tags?post=19940"}],"curies":[{"name":"wp","href":"https:\/\/api.w.org\/{rel}","templated":true}]}}