{"id":19921,"date":"2021-08-09T11:48:44","date_gmt":"2021-08-09T14:48:44","guid":{"rendered":"https:\/\/www.mundoagropecuario.cl\/new\/?p=19921"},"modified":"2021-08-11T13:21:10","modified_gmt":"2021-08-11T16:21:10","slug":"precio-a-productor-registra-mejoria-de-un-61-entre-enero-mayo-de-2021","status":"publish","type":"post","link":"https:\/\/www.mundoagropecuario.cl\/new\/precio-a-productor-registra-mejoria-de-un-61-entre-enero-mayo-de-2021\/","title":{"rendered":"Precio a productor registra mejor\u00eda de un 6,1% entre enero &#8211; mayo de 2021"},"content":{"rendered":"<blockquote>\n<h2><strong>El precio promedio real pagado a productor registra una tendencia positiva durante el a\u00f1o. De acuerdo a datos publicados por la Oficina de Estudios y Pol\u00edticas Agrarias\u00a0 (Odepa), reproducidos por Fedeleche, el precio promedio a nivel nacional se elev\u00f3 en un 6,1% respecto a igual periodo del a\u00f1o anterior, subiendo de $297,08 a $315,31 por litro.<\/strong><\/h2>\n<\/blockquote>\n<p>En el a\u00f1o m\u00f3vil, Odepa inform\u00f3 que el precio promedio a productor se increment\u00f3 en un 8,0%, pasando de $283,4 a $ 306,2 por litro.<\/p>\n<p>En este periodo, a nivel regional, se observa un comportamiento alza con un aumento porcentual que fluctu\u00f3 entre 4,3% a 7,7%, dependiendo de la zona geogr\u00e1fica de producci\u00f3n de leche.<\/p>\n<p><strong>POR REGI\u00d3N<\/strong><\/p>\n<p>El precio promedio a productor en la regi\u00f3n de Los Lagos se increment\u00f3 en un 5,5% comparado con el a\u00f1o anterior, pasando de $302,82\u00a0\u00a0\u00a0\u00a0 a $319,58 por litro.<\/p>\n<p>En el caso de la regi\u00f3n de Los R\u00edos, el precio promedio a productor se elev\u00f3 en un 7,5%,\u00a0 con un aumento interanual de $ 280,82 a $ 301,99 por litro.<\/p>\n<p>En la regi\u00f3n de La Araucan\u00eda, el precio a productor anot\u00f3 hasta mayo un alza de un 4,5%,\u00a0 escalando de $303,15 a $ 316,70por litro.<\/p>\n<p><strong>CENTRO -SUR<\/strong><\/p>\n<p>En las regiones de \u00d1uble y Bio-Bio, el precio promedio a productor anot\u00f3 un aumento de un 4,3% en relaci\u00f3n con el mismo lapso del a\u00f1o anterior, increment\u00e1ndose de $301,16 a $314,09 por litros.<\/p>\n<p>En relaci\u00f3n a la zona central, el precio a productor avanz\u00f3 en un 7,7% en comparaci\u00f3n con el mismo periodo de 2020,\u00a0 lo que se traduce en un aumento de $313,19 a $ 337,43 por litro.<\/p>\n<p style=\"text-align: center;\">Tabla &#8211; Precio Real por Litro a Productor por Regi\u00f3n, ($ junio 2021)<\/p>\n<p><a href=\"https:\/\/www.mundoagropecuario.cl\/new\/wp-content\/uploads\/2021\/08\/Cuadro-agro-.png\"><img loading=\"lazy\" decoding=\"async\" class=\"size-medium wp-image-19922 aligncenter\" src=\"https:\/\/www.mundoagropecuario.cl\/new\/wp-content\/uploads\/2021\/08\/Cuadro-agro--550x490.png\" alt=\"\" width=\"550\" height=\"490\" srcset=\"https:\/\/www.mundoagropecuario.cl\/new\/wp-content\/uploads\/2021\/08\/Cuadro-agro--550x490.png 550w, https:\/\/www.mundoagropecuario.cl\/new\/wp-content\/uploads\/2021\/08\/Cuadro-agro--80x70.png 80w, https:\/\/www.mundoagropecuario.cl\/new\/wp-content\/uploads\/2021\/08\/Cuadro-agro-.png 449w\" sizes=\"auto, (max-width: 550px) 100vw, 550px\" \/><\/a><\/p>\n<p>-\u00bfQu\u00e9 paso en mayo?<\/p>\n<p>Durante mayo de 2021, el precio a productor a nivel nacional anot\u00f3 un aumento de un 4,7% respecto al mismo mes de 2020, escalando de $330,36 a $345,76 por litro.<\/p>\n<p>En la regi\u00f3n de Los Lagos el precio a productor a nivel nacional anot\u00f3 un alza de un 3,7% respecto al mismo mes de 2020, aumentando de $343,07 a $355,74 por litro.<\/p>\n<p>En la regi\u00f3n de Los R\u00edos el precio a productor se elev\u00f3 en un 5,6% frente al a\u00f1o anterior, subiendo de $307,4 a $324,52 por litro.<\/p>\n<p>En la regi\u00f3n de La Araucan\u00eda el precio a productor se increment\u00f3 en un 4,1%, lo que representa un avance de $336,63 a $ 350,53 por litro.<\/p>\n<p>Para las regiones de \u00d1uble y Bio- Bio el precio a productor registr\u00f3 un alza de un 5,4% respecto al a\u00f1o anterior, con un aumento de $ 327,22 a $344,76 por litro.<\/p>\n<p>En la regi\u00f3n Metropolitana el precio a productor report\u00f3 un aumento de un 7,1% frente al mismo mes del a\u00f1o pasado, con un incremento de $341,60 a $ 365,99 por litro.<\/p>\n<p>Fuente: Odepa<\/p>\n","protected":false},"excerpt":{"rendered":"<p>El precio promedio a productor en la regi\u00f3n de Los Lagos se increment\u00f3 en un 5,5% comparado con el a\u00f1o anterior, pasando de $302,82\u00a0\u00a0\u00a0\u00a0 a $319,58 por litro.\u00a0<\/p>\n","protected":false},"author":2,"featured_media":9650,"comment_status":"closed","ping_status":"closed","sticky":false,"template":"","format":"standard","meta":{"footnotes":""},"categories":[1946],"tags":[3127,4135,2051,2066,3234],"class_list":["post-19921","post","type-post","status-publish","format-standard","has-post-thumbnail","hentry","category-lacteos","tag-agro","tag-lacteo","tag-leche","tag-odepa","tag-productores-lecheros"],"yoast_head":"<!-- This site is optimized with the Yoast SEO plugin v26.6 - https:\/\/yoast.com\/wordpress\/plugins\/seo\/ -->\n<title>Precio a productor registra mejor\u00eda de un 6,1% entre enero - mayo de 2021 - Mundoagropecuario<\/title>\n<meta name=\"description\" content=\"El precio promedio a productor en la regi\u00f3n de Los Lagos se increment\u00f3 en un 5,5% comparado con el a\u00f1o anterior\" \/>\n<meta name=\"robots\" content=\"index, follow, max-snippet:-1, max-image-preview:large, max-video-preview:-1\" \/>\n<link rel=\"canonical\" href=\"https:\/\/www.mundoagropecuario.cl\/new\/precio-a-productor-registra-mejoria-de-un-61-entre-enero-mayo-de-2021\/\" \/>\n<meta property=\"og:locale\" content=\"es_ES\" \/>\n<meta property=\"og:type\" content=\"article\" \/>\n<meta property=\"og:title\" content=\"Precio a productor registra mejor\u00eda de un 6,1% entre enero - mayo de 2021 - Mundoagropecuario\" \/>\n<meta property=\"og:description\" content=\"El precio promedio a productor en la regi\u00f3n de Los Lagos se increment\u00f3 en un 5,5% comparado con el a\u00f1o anterior\" \/>\n<meta property=\"og:url\" content=\"https:\/\/www.mundoagropecuario.cl\/new\/precio-a-productor-registra-mejoria-de-un-61-entre-enero-mayo-de-2021\/\" \/>\n<meta property=\"og:site_name\" content=\"Mundoagropecuario\" \/>\n<meta property=\"article:publisher\" content=\"https:\/\/www.facebook.com\/mundo.agropecuario.3\" \/>\n<meta property=\"article:published_time\" content=\"2021-08-09T14:48:44+00:00\" \/>\n<meta property=\"article:modified_time\" content=\"2021-08-11T16:21:10+00:00\" \/>\n<meta property=\"og:image\" content=\"https:\/\/www.mundoagropecuario.cl\/new\/wp-content\/uploads\/2018\/11\/Vacas-lecheras.jpg\" \/>\n\t<meta property=\"og:image:width\" content=\"800\" \/>\n\t<meta property=\"og:image:height\" content=\"533\" \/>\n\t<meta property=\"og:image:type\" content=\"image\/jpeg\" \/>\n<meta name=\"author\" content=\"mundo\" \/>\n<meta name=\"twitter:card\" content=\"summary_large_image\" \/>\n<meta name=\"twitter:creator\" content=\"@MundoAgropecuar\" \/>\n<meta name=\"twitter:site\" content=\"@MundoAgropecuar\" \/>\n<meta name=\"twitter:label1\" content=\"Escrito por\" \/>\n\t<meta name=\"twitter:data1\" content=\"mundo\" \/>\n\t<meta name=\"twitter:label2\" content=\"Tiempo de lectura\" \/>\n\t<meta name=\"twitter:data2\" content=\"3 minutos\" \/>\n<script type=\"application\/ld+json\" class=\"yoast-schema-graph\">{\"@context\":\"https:\/\/schema.org\",\"@graph\":[{\"@type\":\"Article\",\"@id\":\"https:\/\/www.mundoagropecuario.cl\/new\/precio-a-productor-registra-mejoria-de-un-61-entre-enero-mayo-de-2021\/#article\",\"isPartOf\":{\"@id\":\"https:\/\/www.mundoagropecuario.cl\/new\/precio-a-productor-registra-mejoria-de-un-61-entre-enero-mayo-de-2021\/\"},\"author\":{\"name\":\"mundo\",\"@id\":\"https:\/\/www.mundoagropecuario.cl\/new\/#\/schema\/person\/4e9f74a82a7dac260eb1c44b7eebeb18\"},\"headline\":\"Precio a productor registra mejor\u00eda de un 6,1% entre enero &#8211; mayo de 2021\",\"datePublished\":\"2021-08-09T14:48:44+00:00\",\"dateModified\":\"2021-08-11T16:21:10+00:00\",\"mainEntityOfPage\":{\"@id\":\"https:\/\/www.mundoagropecuario.cl\/new\/precio-a-productor-registra-mejoria-de-un-61-entre-enero-mayo-de-2021\/\"},\"wordCount\":455,\"publisher\":{\"@id\":\"https:\/\/www.mundoagropecuario.cl\/new\/#organization\"},\"image\":{\"@id\":\"https:\/\/www.mundoagropecuario.cl\/new\/precio-a-productor-registra-mejoria-de-un-61-entre-enero-mayo-de-2021\/#primaryimage\"},\"thumbnailUrl\":\"https:\/\/www.mundoagropecuario.cl\/new\/wp-content\/uploads\/2018\/11\/Vacas-lecheras.jpg\",\"keywords\":[\"Agro\",\"Lacteo\",\"Leche\",\"Odepa\",\"productores lecheros\"],\"articleSection\":[\"L\u00e1cteos\"],\"inLanguage\":\"es\"},{\"@type\":\"WebPage\",\"@id\":\"https:\/\/www.mundoagropecuario.cl\/new\/precio-a-productor-registra-mejoria-de-un-61-entre-enero-mayo-de-2021\/\",\"url\":\"https:\/\/www.mundoagropecuario.cl\/new\/precio-a-productor-registra-mejoria-de-un-61-entre-enero-mayo-de-2021\/\",\"name\":\"Precio a productor registra mejor\u00eda de un 6,1% entre enero - mayo de 2021 - Mundoagropecuario\",\"isPartOf\":{\"@id\":\"https:\/\/www.mundoagropecuario.cl\/new\/#website\"},\"primaryImageOfPage\":{\"@id\":\"https:\/\/www.mundoagropecuario.cl\/new\/precio-a-productor-registra-mejoria-de-un-61-entre-enero-mayo-de-2021\/#primaryimage\"},\"image\":{\"@id\":\"https:\/\/www.mundoagropecuario.cl\/new\/precio-a-productor-registra-mejoria-de-un-61-entre-enero-mayo-de-2021\/#primaryimage\"},\"thumbnailUrl\":\"https:\/\/www.mundoagropecuario.cl\/new\/wp-content\/uploads\/2018\/11\/Vacas-lecheras.jpg\",\"datePublished\":\"2021-08-09T14:48:44+00:00\",\"dateModified\":\"2021-08-11T16:21:10+00:00\",\"description\":\"El precio promedio a productor en la regi\u00f3n de Los Lagos se increment\u00f3 en un 5,5% comparado con el a\u00f1o anterior\",\"breadcrumb\":{\"@id\":\"https:\/\/www.mundoagropecuario.cl\/new\/precio-a-productor-registra-mejoria-de-un-61-entre-enero-mayo-de-2021\/#breadcrumb\"},\"inLanguage\":\"es\",\"potentialAction\":[{\"@type\":\"ReadAction\",\"target\":[\"https:\/\/www.mundoagropecuario.cl\/new\/precio-a-productor-registra-mejoria-de-un-61-entre-enero-mayo-de-2021\/\"]}]},{\"@type\":\"ImageObject\",\"inLanguage\":\"es\",\"@id\":\"https:\/\/www.mundoagropecuario.cl\/new\/precio-a-productor-registra-mejoria-de-un-61-entre-enero-mayo-de-2021\/#primaryimage\",\"url\":\"https:\/\/www.mundoagropecuario.cl\/new\/wp-content\/uploads\/2018\/11\/Vacas-lecheras.jpg\",\"contentUrl\":\"https:\/\/www.mundoagropecuario.cl\/new\/wp-content\/uploads\/2018\/11\/Vacas-lecheras.jpg\",\"width\":600,\"height\":400},{\"@type\":\"BreadcrumbList\",\"@id\":\"https:\/\/www.mundoagropecuario.cl\/new\/precio-a-productor-registra-mejoria-de-un-61-entre-enero-mayo-de-2021\/#breadcrumb\",\"itemListElement\":[{\"@type\":\"ListItem\",\"position\":1,\"name\":\"Portada\",\"item\":\"https:\/\/www.mundoagropecuario.cl\/new\/\"},{\"@type\":\"ListItem\",\"position\":2,\"name\":\"Precio a productor registra mejor\u00eda de un 6,1% entre enero &#8211; mayo de 2021\"}]},{\"@type\":\"WebSite\",\"@id\":\"https:\/\/www.mundoagropecuario.cl\/new\/#website\",\"url\":\"https:\/\/www.mundoagropecuario.cl\/new\/\",\"name\":\"Mundoagropecuario\",\"description\":\"Mundo Agropecuario\",\"publisher\":{\"@id\":\"https:\/\/www.mundoagropecuario.cl\/new\/#organization\"},\"potentialAction\":[{\"@type\":\"SearchAction\",\"target\":{\"@type\":\"EntryPoint\",\"urlTemplate\":\"https:\/\/www.mundoagropecuario.cl\/new\/?s={search_term_string}\"},\"query-input\":{\"@type\":\"PropertyValueSpecification\",\"valueRequired\":true,\"valueName\":\"search_term_string\"}}],\"inLanguage\":\"es\"},{\"@type\":\"Organization\",\"@id\":\"https:\/\/www.mundoagropecuario.cl\/new\/#organization\",\"name\":\"Revista de Agricultura\",\"url\":\"https:\/\/www.mundoagropecuario.cl\/new\/\",\"logo\":{\"@type\":\"ImageObject\",\"inLanguage\":\"es\",\"@id\":\"https:\/\/www.mundoagropecuario.cl\/new\/#\/schema\/logo\/image\/\",\"url\":\"https:\/\/www.mundoagropecuario.cl\/new\/wp-content\/uploads\/2020\/11\/PORTAL-1-1.png\",\"contentUrl\":\"https:\/\/www.mundoagropecuario.cl\/new\/wp-content\/uploads\/2020\/11\/PORTAL-1-1.png\",\"width\":1026,\"height\":100,\"caption\":\"Revista de Agricultura\"},\"image\":{\"@id\":\"https:\/\/www.mundoagropecuario.cl\/new\/#\/schema\/logo\/image\/\"},\"sameAs\":[\"https:\/\/www.facebook.com\/mundo.agropecuario.3\",\"https:\/\/x.com\/MundoAgropecuar\",\"https:\/\/www.linkedin.com\/in\/mundo-agropecuario-934009201\/\"]},{\"@type\":\"Person\",\"@id\":\"https:\/\/www.mundoagropecuario.cl\/new\/#\/schema\/person\/4e9f74a82a7dac260eb1c44b7eebeb18\",\"name\":\"mundo\",\"url\":\"https:\/\/www.mundoagropecuario.cl\/new\/author\/mundo\/\"}]}<\/script>\n<!-- \/ Yoast SEO plugin. -->","yoast_head_json":{"title":"Precio a productor registra mejor\u00eda de un 6,1% entre enero - mayo de 2021 - Mundoagropecuario","description":"El precio promedio a productor en la regi\u00f3n de Los Lagos se increment\u00f3 en un 5,5% comparado con el a\u00f1o anterior","robots":{"index":"index","follow":"follow","max-snippet":"max-snippet:-1","max-image-preview":"max-image-preview:large","max-video-preview":"max-video-preview:-1"},"canonical":"https:\/\/www.mundoagropecuario.cl\/new\/precio-a-productor-registra-mejoria-de-un-61-entre-enero-mayo-de-2021\/","og_locale":"es_ES","og_type":"article","og_title":"Precio a productor registra mejor\u00eda de un 6,1% entre enero - mayo de 2021 - Mundoagropecuario","og_description":"El precio promedio a productor en la regi\u00f3n de Los Lagos se increment\u00f3 en un 5,5% comparado con el a\u00f1o anterior","og_url":"https:\/\/www.mundoagropecuario.cl\/new\/precio-a-productor-registra-mejoria-de-un-61-entre-enero-mayo-de-2021\/","og_site_name":"Mundoagropecuario","article_publisher":"https:\/\/www.facebook.com\/mundo.agropecuario.3","article_published_time":"2021-08-09T14:48:44+00:00","article_modified_time":"2021-08-11T16:21:10+00:00","og_image":[{"width":800,"height":533,"url":"https:\/\/www.mundoagropecuario.cl\/new\/wp-content\/uploads\/2018\/11\/Vacas-lecheras.jpg","type":"image\/jpeg"}],"author":"mundo","twitter_card":"summary_large_image","twitter_creator":"@MundoAgropecuar","twitter_site":"@MundoAgropecuar","twitter_misc":{"Escrito por":"mundo","Tiempo de lectura":"3 minutos"},"schema":{"@context":"https:\/\/schema.org","@graph":[{"@type":"Article","@id":"https:\/\/www.mundoagropecuario.cl\/new\/precio-a-productor-registra-mejoria-de-un-61-entre-enero-mayo-de-2021\/#article","isPartOf":{"@id":"https:\/\/www.mundoagropecuario.cl\/new\/precio-a-productor-registra-mejoria-de-un-61-entre-enero-mayo-de-2021\/"},"author":{"name":"mundo","@id":"https:\/\/www.mundoagropecuario.cl\/new\/#\/schema\/person\/4e9f74a82a7dac260eb1c44b7eebeb18"},"headline":"Precio a productor registra mejor\u00eda de un 6,1% entre enero &#8211; mayo de 2021","datePublished":"2021-08-09T14:48:44+00:00","dateModified":"2021-08-11T16:21:10+00:00","mainEntityOfPage":{"@id":"https:\/\/www.mundoagropecuario.cl\/new\/precio-a-productor-registra-mejoria-de-un-61-entre-enero-mayo-de-2021\/"},"wordCount":455,"publisher":{"@id":"https:\/\/www.mundoagropecuario.cl\/new\/#organization"},"image":{"@id":"https:\/\/www.mundoagropecuario.cl\/new\/precio-a-productor-registra-mejoria-de-un-61-entre-enero-mayo-de-2021\/#primaryimage"},"thumbnailUrl":"https:\/\/www.mundoagropecuario.cl\/new\/wp-content\/uploads\/2018\/11\/Vacas-lecheras.jpg","keywords":["Agro","Lacteo","Leche","Odepa","productores lecheros"],"articleSection":["L\u00e1cteos"],"inLanguage":"es"},{"@type":"WebPage","@id":"https:\/\/www.mundoagropecuario.cl\/new\/precio-a-productor-registra-mejoria-de-un-61-entre-enero-mayo-de-2021\/","url":"https:\/\/www.mundoagropecuario.cl\/new\/precio-a-productor-registra-mejoria-de-un-61-entre-enero-mayo-de-2021\/","name":"Precio a productor registra mejor\u00eda de un 6,1% entre enero - mayo de 2021 - Mundoagropecuario","isPartOf":{"@id":"https:\/\/www.mundoagropecuario.cl\/new\/#website"},"primaryImageOfPage":{"@id":"https:\/\/www.mundoagropecuario.cl\/new\/precio-a-productor-registra-mejoria-de-un-61-entre-enero-mayo-de-2021\/#primaryimage"},"image":{"@id":"https:\/\/www.mundoagropecuario.cl\/new\/precio-a-productor-registra-mejoria-de-un-61-entre-enero-mayo-de-2021\/#primaryimage"},"thumbnailUrl":"https:\/\/www.mundoagropecuario.cl\/new\/wp-content\/uploads\/2018\/11\/Vacas-lecheras.jpg","datePublished":"2021-08-09T14:48:44+00:00","dateModified":"2021-08-11T16:21:10+00:00","description":"El precio promedio a productor en la regi\u00f3n de Los Lagos se increment\u00f3 en un 5,5% comparado con el a\u00f1o anterior","breadcrumb":{"@id":"https:\/\/www.mundoagropecuario.cl\/new\/precio-a-productor-registra-mejoria-de-un-61-entre-enero-mayo-de-2021\/#breadcrumb"},"inLanguage":"es","potentialAction":[{"@type":"ReadAction","target":["https:\/\/www.mundoagropecuario.cl\/new\/precio-a-productor-registra-mejoria-de-un-61-entre-enero-mayo-de-2021\/"]}]},{"@type":"ImageObject","inLanguage":"es","@id":"https:\/\/www.mundoagropecuario.cl\/new\/precio-a-productor-registra-mejoria-de-un-61-entre-enero-mayo-de-2021\/#primaryimage","url":"https:\/\/www.mundoagropecuario.cl\/new\/wp-content\/uploads\/2018\/11\/Vacas-lecheras.jpg","contentUrl":"https:\/\/www.mundoagropecuario.cl\/new\/wp-content\/uploads\/2018\/11\/Vacas-lecheras.jpg","width":600,"height":400},{"@type":"BreadcrumbList","@id":"https:\/\/www.mundoagropecuario.cl\/new\/precio-a-productor-registra-mejoria-de-un-61-entre-enero-mayo-de-2021\/#breadcrumb","itemListElement":[{"@type":"ListItem","position":1,"name":"Portada","item":"https:\/\/www.mundoagropecuario.cl\/new\/"},{"@type":"ListItem","position":2,"name":"Precio a productor registra mejor\u00eda de un 6,1% entre enero &#8211; mayo de 2021"}]},{"@type":"WebSite","@id":"https:\/\/www.mundoagropecuario.cl\/new\/#website","url":"https:\/\/www.mundoagropecuario.cl\/new\/","name":"Mundoagropecuario","description":"Mundo Agropecuario","publisher":{"@id":"https:\/\/www.mundoagropecuario.cl\/new\/#organization"},"potentialAction":[{"@type":"SearchAction","target":{"@type":"EntryPoint","urlTemplate":"https:\/\/www.mundoagropecuario.cl\/new\/?s={search_term_string}"},"query-input":{"@type":"PropertyValueSpecification","valueRequired":true,"valueName":"search_term_string"}}],"inLanguage":"es"},{"@type":"Organization","@id":"https:\/\/www.mundoagropecuario.cl\/new\/#organization","name":"Revista de Agricultura","url":"https:\/\/www.mundoagropecuario.cl\/new\/","logo":{"@type":"ImageObject","inLanguage":"es","@id":"https:\/\/www.mundoagropecuario.cl\/new\/#\/schema\/logo\/image\/","url":"https:\/\/www.mundoagropecuario.cl\/new\/wp-content\/uploads\/2020\/11\/PORTAL-1-1.png","contentUrl":"https:\/\/www.mundoagropecuario.cl\/new\/wp-content\/uploads\/2020\/11\/PORTAL-1-1.png","width":1026,"height":100,"caption":"Revista de Agricultura"},"image":{"@id":"https:\/\/www.mundoagropecuario.cl\/new\/#\/schema\/logo\/image\/"},"sameAs":["https:\/\/www.facebook.com\/mundo.agropecuario.3","https:\/\/x.com\/MundoAgropecuar","https:\/\/www.linkedin.com\/in\/mundo-agropecuario-934009201\/"]},{"@type":"Person","@id":"https:\/\/www.mundoagropecuario.cl\/new\/#\/schema\/person\/4e9f74a82a7dac260eb1c44b7eebeb18","name":"mundo","url":"https:\/\/www.mundoagropecuario.cl\/new\/author\/mundo\/"}]}},"_links":{"self":[{"href":"https:\/\/www.mundoagropecuario.cl\/new\/wp-json\/wp\/v2\/posts\/19921","targetHints":{"allow":["GET"]}}],"collection":[{"href":"https:\/\/www.mundoagropecuario.cl\/new\/wp-json\/wp\/v2\/posts"}],"about":[{"href":"https:\/\/www.mundoagropecuario.cl\/new\/wp-json\/wp\/v2\/types\/post"}],"author":[{"embeddable":true,"href":"https:\/\/www.mundoagropecuario.cl\/new\/wp-json\/wp\/v2\/users\/2"}],"replies":[{"embeddable":true,"href":"https:\/\/www.mundoagropecuario.cl\/new\/wp-json\/wp\/v2\/comments?post=19921"}],"version-history":[{"count":1,"href":"https:\/\/www.mundoagropecuario.cl\/new\/wp-json\/wp\/v2\/posts\/19921\/revisions"}],"predecessor-version":[{"id":19923,"href":"https:\/\/www.mundoagropecuario.cl\/new\/wp-json\/wp\/v2\/posts\/19921\/revisions\/19923"}],"wp:featuredmedia":[{"embeddable":true,"href":"https:\/\/www.mundoagropecuario.cl\/new\/wp-json\/wp\/v2\/media\/9650"}],"wp:attachment":[{"href":"https:\/\/www.mundoagropecuario.cl\/new\/wp-json\/wp\/v2\/media?parent=19921"}],"wp:term":[{"taxonomy":"category","embeddable":true,"href":"https:\/\/www.mundoagropecuario.cl\/new\/wp-json\/wp\/v2\/categories?post=19921"},{"taxonomy":"post_tag","embeddable":true,"href":"https:\/\/www.mundoagropecuario.cl\/new\/wp-json\/wp\/v2\/tags?post=19921"}],"curies":[{"name":"wp","href":"https:\/\/api.w.org\/{rel}","templated":true}]}}