{"id":19846,"date":"2021-08-02T12:01:28","date_gmt":"2021-08-02T15:01:28","guid":{"rendered":"https:\/\/www.mundoagropecuario.cl\/new\/?p=19846"},"modified":"2021-08-03T11:01:31","modified_gmt":"2021-08-03T14:01:31","slug":"expertos-udec-trabajan-en-la-creacion-de-vacuna-para-controlar-enfermedad-que-afecta-a-los-cerdos","status":"publish","type":"post","link":"https:\/\/www.mundoagropecuario.cl\/new\/expertos-udec-trabajan-en-la-creacion-de-vacuna-para-controlar-enfermedad-que-afecta-a-los-cerdos\/","title":{"rendered":"Expertos UdeC trabajan en la creaci\u00f3n de vacuna para controlar enfermedad que afecta a los cerdos"},"content":{"rendered":"<blockquote>\n<h2><span style=\"color: #333300;\">El proyecto cuenta con recursos del Fondo de Fomento al Desarrollo Cient\u00edfico y Tecnol\u00f3gico-FONDEF que adjudic\u00f3 200 millones de pesos para realizar los trabajos en un plazo de 2 a\u00f1os.<\/span><\/h2>\n<\/blockquote>\n<p>Investigadores de la Facultad de Ciencias Biol\u00f3gicas y de la Facultad de Ciencias Veterinarias de la Universidad de Concepci\u00f3n, se encuentran trabajando desde julio de este a\u00f1o, en la creaci\u00f3n de una vacuna que ayude a prevenir la enfermedad Ileitis, que produce la bacteria Lawsonia intracellularis.<\/p>\n<p><a href=\"https:\/\/www.mundoagropecuario.cl\/new\/wp-content\/uploads\/2021\/08\/Vacina-Cerdos-proyecto-3-scaled.jpeg\"><img loading=\"lazy\" decoding=\"async\" class=\" wp-image-19849 alignleft\" src=\"https:\/\/www.mundoagropecuario.cl\/new\/wp-content\/uploads\/2021\/08\/Vacina-Cerdos-proyecto-3-586x440.jpeg\" alt=\"\" width=\"395\" height=\"364\" \/><\/a>Esta enfermedad que ha tenido relevancia desde los a\u00f1os 90\u2019, actualmente est\u00e1 presente en casi todos los pa\u00edses que tienen producci\u00f3n intensiva de cerdos. Originalmente era una enfermedad que solo afectaba a esta especie, sin embargo hoy en d\u00eda est\u00e1 teniendo relevancia en los equinos j\u00f3venes.<\/p>\n<p>De acuerdo a lo manifestado por el Dr. \u00c1lvaro Ruiz, profesor asociado del Departamento de Patolog\u00eda y Medicina Preventiva de la Facultad de Ciencias Veterinarias, esta bacteria se multiplica dentro de las c\u00e9lulas del epitelio del intestino y produce una destrucci\u00f3n y una atrofia de las vellosidades de la mucosa intestinal. \u201cLa bacteria puede producir 2 cuadros diferentes, un cuadro cr\u00f3nico donde se provoca un engrosamiento de la mucosa intestinal lo que se traduce en un problema de absorci\u00f3n de nutrientes y el animal comienza a adelgazarse, o tambi\u00e9n puede haber un cuadro agudo, donde se produce destrucci\u00f3n de la mucosa intestinal provocando hemorragias, afectando la \u00faltima porci\u00f3n del intestino delgado. Se trata de\u00a0 una enfermedad dif\u00edcil de controlar al ser una bacteria intracelular\u201d.<\/p>\n<p>La vacuna en desarrollo es para aplicaci\u00f3n intramuscular y es una labor que est\u00e1n trabajando en conjunto con la Facultad de Ciencias Biol\u00f3gicas, (con quienes ya han obtenido 3 patentes, dos en vacunas y una en un inmunoestimulador).<\/p>\n<p>El proyecto actual que ya est\u00e1 patentado, es dirigido por la Dra. Raquel Montecinos de Ciencias Biol\u00f3gicas y el Dr. \u00c1lvaro Ruiz de Ciencias Veterinarias, es uno de los investigadores principales del proyecto, denominado \u201cValidaci\u00f3n de la eficacia de un candidato vacunal recombinante multiep\u00edtope contra Lawsonia intracellularis en condiciones controladas\u201d.<\/p>\n<p>El Dr. \u00c1lvaro Ruiz manifest\u00f3 que, \u201cdentro del proyecto participa una empresa internacional, a quienes se les ofreci\u00f3 la vacuna para ser distribuida en Am\u00e9rica, por lo que a medida que se avance, tambi\u00e9n podr\u00eda estar disponible para el mercado europeo o asi\u00e1tico\u201d.<\/p>\n<p>El proyecto FONDEF que adjudic\u00f3 200 millones de pesos, se inici\u00f3 en julio y tiene un plazo de ejecuci\u00f3n de 2 a\u00f1os, periodo durante el cual avanzar\u00e1 con la formulaci\u00f3n del candidato vacunal, porque a\u00fan no es una vacuna comercial disponible.<\/p>\n<p><a href=\"https:\/\/www.mundoagropecuario.cl\/new\/wp-content\/uploads\/2021\/08\/Vacunas-Cerdos--scaled.jpeg\"><img loading=\"lazy\" decoding=\"async\" class=\"size-medium wp-image-19848 alignright\" src=\"https:\/\/www.mundoagropecuario.cl\/new\/wp-content\/uploads\/2021\/08\/Vacunas-Cerdos--394x490.jpeg\" alt=\"\" width=\"394\" height=\"490\" srcset=\"https:\/\/www.mundoagropecuario.cl\/new\/wp-content\/uploads\/2021\/08\/Vacunas-Cerdos--394x490.jpeg 394w, https:\/\/www.mundoagropecuario.cl\/new\/wp-content\/uploads\/2021\/08\/Vacunas-Cerdos--822x1024.jpeg 822w, https:\/\/www.mundoagropecuario.cl\/new\/wp-content\/uploads\/2021\/08\/Vacunas-Cerdos--768x956.jpeg 768w, https:\/\/www.mundoagropecuario.cl\/new\/wp-content\/uploads\/2021\/08\/Vacunas-Cerdos--1234x1536.jpeg 1234w, https:\/\/www.mundoagropecuario.cl\/new\/wp-content\/uploads\/2021\/08\/Vacunas-Cerdos--1645x2048.jpeg 1645w, https:\/\/www.mundoagropecuario.cl\/new\/wp-content\/uploads\/2021\/08\/Vacunas-Cerdos--scaled.jpeg 321w\" sizes=\"auto, (max-width: 394px) 100vw, 394px\" \/><\/a>\u201cEl a\u00f1o pasado hicimos ensayos con la empresa internacional interesada, en Estados Unidos, por lo que ya hemos comenzado con pruebas iniciales y ahora debemos hacer m\u00e1s ajustes, porque como ya se ha evidenciado con la pandemia, una vacuna cuando tu la desarrollas por primera vez, no queda lista, entonces vamos a ajustar por ejemplo, la cantidad de ant\u00edgenos presentes en la vacuna, vamos a probar un par de adyuvantes diferentes, ya que el adyuvante es una mol\u00e9cula que modula el c\u00f3mo se expresa en el organismo el ant\u00edgeno, para producir una respuesta inmune adecuada, y finalmente el proyecto termina en el segundo a\u00f1o con una prueba de desaf\u00edo\u201d, explic\u00f3 el Dr. \u00c1lvaro Ruiz.<\/p>\n<p>El proyecto contempla 5 ensayos en animales, 2 en ratones y 3 en cerdos y el \u00faltimo ensayo en cerdos es contra un reto, \u201ces decir, vamos a tener un grupo experimental vacunado con una vacuna comercial, un grupo vacunado con esta vacuna experimental y un grupo no vacunado, y los animales van a ser desafiados con la bacteria Lawsonia Intracellularis\u201d, precis\u00f3 el experto.<\/p>\n<p>Es importante mencionar que en los trabajos que se han realizado y que seguir\u00e1n desarroll\u00e1ndose tanto en Concepci\u00f3n como en Chill\u00e1n, han participado estudiantes de pre y post grado.<\/p>\n<p>\u201cEste tipo de proyectos tiene varias aristas relevantes. Lo primero es que es un proyecto de ciencia aplicada, no es ciencia b\u00e1sica, permitiendo resolver o buscar una soluci\u00f3n a un problema que existe hoy en la producci\u00f3n porcina, lo que permite una vinculaci\u00f3n entre la Universidad con los problemas reales de la sociedad y nos conectamos con las compa\u00f1\u00edas farmac\u00e9uticas; lo que ayuda a recaudar recursos, porque todos estos proyectos son cofinanciados, y por \u00faltimo desde el punto de vista acad\u00e9mico es importante respecto de la formaci\u00f3n de estudiantes tanto de pre y postgrado, ya que en este caso se les ense\u00f1a a ellos que existe una l\u00ednea de investigaci\u00f3n que hoy se traduce en emprendimientos, lo que es trascendental para la formaci\u00f3n de los profesionales de hoy en d\u00eda\u201d.<\/p>\n","protected":false},"excerpt":{"rendered":"<p>Investigadores de la UdeC, se encuentran trabajando desde julio de este a\u00f1o, en la creaci\u00f3n de una vacuna que ayude a prevenir la enfermedad Ileitis, que produce la bacteria Lawsonia intracellularis.<\/p>\n","protected":false},"author":2,"featured_media":19847,"comment_status":"closed","ping_status":"closed","sticky":false,"template":"","format":"standard","meta":{"footnotes":""},"categories":[1945],"tags":[3127,4476,6089,6091,6090,6088,436,1342],"class_list":["post-19846","post","type-post","status-publish","format-standard","has-post-thumbnail","hentry","category-agricultura","tag-agro","tag-agro-agricultura","tag-cientifico-y-tecnologico-fondef","tag-dr-alvaro-ruiz","tag-intracelular","tag-lawsonia-intracellularis","tag-udec","tag-universidad-de-concepcion"],"yoast_head":"<!-- This site is optimized with the Yoast SEO plugin v26.6 - https:\/\/yoast.com\/wordpress\/plugins\/seo\/ -->\n<title>Expertos UdeC trabajan en la creaci\u00f3n de vacuna para controlar enfermedad que afecta a los cerdos - Mundoagropecuario<\/title>\n<meta name=\"description\" content=\"Investigadores se encuentran trabajando desde julio de este a\u00f1o, en la creaci\u00f3n de una vacuna que ayude a prevenir la enfermedad Ileitis\" \/>\n<meta name=\"robots\" content=\"index, follow, max-snippet:-1, max-image-preview:large, max-video-preview:-1\" \/>\n<link rel=\"canonical\" href=\"https:\/\/www.mundoagropecuario.cl\/new\/expertos-udec-trabajan-en-la-creacion-de-vacuna-para-controlar-enfermedad-que-afecta-a-los-cerdos\/\" \/>\n<meta property=\"og:locale\" content=\"es_ES\" \/>\n<meta property=\"og:type\" content=\"article\" \/>\n<meta property=\"og:title\" content=\"Expertos UdeC trabajan en la creaci\u00f3n de vacuna para controlar enfermedad que afecta a los cerdos - Mundoagropecuario\" \/>\n<meta property=\"og:description\" content=\"Investigadores se encuentran trabajando desde julio de este a\u00f1o, en la creaci\u00f3n de una vacuna que ayude a prevenir la enfermedad Ileitis\" \/>\n<meta property=\"og:url\" content=\"https:\/\/www.mundoagropecuario.cl\/new\/expertos-udec-trabajan-en-la-creacion-de-vacuna-para-controlar-enfermedad-que-afecta-a-los-cerdos\/\" \/>\n<meta property=\"og:site_name\" content=\"Mundoagropecuario\" \/>\n<meta property=\"article:publisher\" content=\"https:\/\/www.facebook.com\/mundo.agropecuario.3\" \/>\n<meta property=\"article:published_time\" content=\"2021-08-02T15:01:28+00:00\" \/>\n<meta property=\"article:modified_time\" content=\"2021-08-03T14:01:31+00:00\" \/>\n<meta property=\"og:image\" content=\"https:\/\/www.mundoagropecuario.cl\/new\/wp-content\/uploads\/2021\/08\/Vacuna-cerdos.jpg\" \/>\n\t<meta property=\"og:image:width\" content=\"851\" \/>\n\t<meta property=\"og:image:height\" content=\"564\" \/>\n\t<meta property=\"og:image:type\" content=\"image\/jpeg\" \/>\n<meta name=\"author\" content=\"mundo\" \/>\n<meta name=\"twitter:card\" content=\"summary_large_image\" \/>\n<meta name=\"twitter:creator\" content=\"@MundoAgropecuar\" \/>\n<meta name=\"twitter:site\" content=\"@MundoAgropecuar\" \/>\n<meta name=\"twitter:label1\" content=\"Escrito por\" \/>\n\t<meta name=\"twitter:data1\" content=\"mundo\" \/>\n\t<meta name=\"twitter:label2\" content=\"Tiempo de lectura\" \/>\n\t<meta name=\"twitter:data2\" content=\"4 minutos\" \/>\n<script type=\"application\/ld+json\" class=\"yoast-schema-graph\">{\"@context\":\"https:\/\/schema.org\",\"@graph\":[{\"@type\":\"Article\",\"@id\":\"https:\/\/www.mundoagropecuario.cl\/new\/expertos-udec-trabajan-en-la-creacion-de-vacuna-para-controlar-enfermedad-que-afecta-a-los-cerdos\/#article\",\"isPartOf\":{\"@id\":\"https:\/\/www.mundoagropecuario.cl\/new\/expertos-udec-trabajan-en-la-creacion-de-vacuna-para-controlar-enfermedad-que-afecta-a-los-cerdos\/\"},\"author\":{\"name\":\"mundo\",\"@id\":\"https:\/\/www.mundoagropecuario.cl\/new\/#\/schema\/person\/4e9f74a82a7dac260eb1c44b7eebeb18\"},\"headline\":\"Expertos UdeC trabajan en la creaci\u00f3n de vacuna para controlar enfermedad que afecta a los cerdos\",\"datePublished\":\"2021-08-02T15:01:28+00:00\",\"dateModified\":\"2021-08-03T14:01:31+00:00\",\"mainEntityOfPage\":{\"@id\":\"https:\/\/www.mundoagropecuario.cl\/new\/expertos-udec-trabajan-en-la-creacion-de-vacuna-para-controlar-enfermedad-que-afecta-a-los-cerdos\/\"},\"wordCount\":822,\"publisher\":{\"@id\":\"https:\/\/www.mundoagropecuario.cl\/new\/#organization\"},\"image\":{\"@id\":\"https:\/\/www.mundoagropecuario.cl\/new\/expertos-udec-trabajan-en-la-creacion-de-vacuna-para-controlar-enfermedad-que-afecta-a-los-cerdos\/#primaryimage\"},\"thumbnailUrl\":\"https:\/\/www.mundoagropecuario.cl\/new\/wp-content\/uploads\/2021\/08\/Vacuna-cerdos.jpg\",\"keywords\":[\"Agro\",\"Agro Agricultura\",\"Cient\u00edfico y Tecnol\u00f3gico-FONDEF\",\"Dr. \u00c1lvaro Ruiz\",\"intracelular\",\"Lawsonia intracellularis.\",\"UdeC\",\"Universidad de Concepci\u00f3n\"],\"articleSection\":[\"Agricultura\"],\"inLanguage\":\"es\"},{\"@type\":\"WebPage\",\"@id\":\"https:\/\/www.mundoagropecuario.cl\/new\/expertos-udec-trabajan-en-la-creacion-de-vacuna-para-controlar-enfermedad-que-afecta-a-los-cerdos\/\",\"url\":\"https:\/\/www.mundoagropecuario.cl\/new\/expertos-udec-trabajan-en-la-creacion-de-vacuna-para-controlar-enfermedad-que-afecta-a-los-cerdos\/\",\"name\":\"Expertos UdeC trabajan en la creaci\u00f3n de vacuna para controlar enfermedad que afecta a los cerdos - Mundoagropecuario\",\"isPartOf\":{\"@id\":\"https:\/\/www.mundoagropecuario.cl\/new\/#website\"},\"primaryImageOfPage\":{\"@id\":\"https:\/\/www.mundoagropecuario.cl\/new\/expertos-udec-trabajan-en-la-creacion-de-vacuna-para-controlar-enfermedad-que-afecta-a-los-cerdos\/#primaryimage\"},\"image\":{\"@id\":\"https:\/\/www.mundoagropecuario.cl\/new\/expertos-udec-trabajan-en-la-creacion-de-vacuna-para-controlar-enfermedad-que-afecta-a-los-cerdos\/#primaryimage\"},\"thumbnailUrl\":\"https:\/\/www.mundoagropecuario.cl\/new\/wp-content\/uploads\/2021\/08\/Vacuna-cerdos.jpg\",\"datePublished\":\"2021-08-02T15:01:28+00:00\",\"dateModified\":\"2021-08-03T14:01:31+00:00\",\"description\":\"Investigadores se encuentran trabajando desde julio de este a\u00f1o, en la creaci\u00f3n de una vacuna que ayude a prevenir la enfermedad Ileitis\",\"breadcrumb\":{\"@id\":\"https:\/\/www.mundoagropecuario.cl\/new\/expertos-udec-trabajan-en-la-creacion-de-vacuna-para-controlar-enfermedad-que-afecta-a-los-cerdos\/#breadcrumb\"},\"inLanguage\":\"es\",\"potentialAction\":[{\"@type\":\"ReadAction\",\"target\":[\"https:\/\/www.mundoagropecuario.cl\/new\/expertos-udec-trabajan-en-la-creacion-de-vacuna-para-controlar-enfermedad-que-afecta-a-los-cerdos\/\"]}]},{\"@type\":\"ImageObject\",\"inLanguage\":\"es\",\"@id\":\"https:\/\/www.mundoagropecuario.cl\/new\/expertos-udec-trabajan-en-la-creacion-de-vacuna-para-controlar-enfermedad-que-afecta-a-los-cerdos\/#primaryimage\",\"url\":\"https:\/\/www.mundoagropecuario.cl\/new\/wp-content\/uploads\/2021\/08\/Vacuna-cerdos.jpg\",\"contentUrl\":\"https:\/\/www.mundoagropecuario.cl\/new\/wp-content\/uploads\/2021\/08\/Vacuna-cerdos.jpg\",\"width\":604,\"height\":400},{\"@type\":\"BreadcrumbList\",\"@id\":\"https:\/\/www.mundoagropecuario.cl\/new\/expertos-udec-trabajan-en-la-creacion-de-vacuna-para-controlar-enfermedad-que-afecta-a-los-cerdos\/#breadcrumb\",\"itemListElement\":[{\"@type\":\"ListItem\",\"position\":1,\"name\":\"Portada\",\"item\":\"https:\/\/www.mundoagropecuario.cl\/new\/\"},{\"@type\":\"ListItem\",\"position\":2,\"name\":\"Expertos UdeC trabajan en la creaci\u00f3n de vacuna para controlar enfermedad que afecta a los cerdos\"}]},{\"@type\":\"WebSite\",\"@id\":\"https:\/\/www.mundoagropecuario.cl\/new\/#website\",\"url\":\"https:\/\/www.mundoagropecuario.cl\/new\/\",\"name\":\"Mundoagropecuario\",\"description\":\"Mundo Agropecuario\",\"publisher\":{\"@id\":\"https:\/\/www.mundoagropecuario.cl\/new\/#organization\"},\"potentialAction\":[{\"@type\":\"SearchAction\",\"target\":{\"@type\":\"EntryPoint\",\"urlTemplate\":\"https:\/\/www.mundoagropecuario.cl\/new\/?s={search_term_string}\"},\"query-input\":{\"@type\":\"PropertyValueSpecification\",\"valueRequired\":true,\"valueName\":\"search_term_string\"}}],\"inLanguage\":\"es\"},{\"@type\":\"Organization\",\"@id\":\"https:\/\/www.mundoagropecuario.cl\/new\/#organization\",\"name\":\"Revista de Agricultura\",\"url\":\"https:\/\/www.mundoagropecuario.cl\/new\/\",\"logo\":{\"@type\":\"ImageObject\",\"inLanguage\":\"es\",\"@id\":\"https:\/\/www.mundoagropecuario.cl\/new\/#\/schema\/logo\/image\/\",\"url\":\"https:\/\/www.mundoagropecuario.cl\/new\/wp-content\/uploads\/2020\/11\/PORTAL-1-1.png\",\"contentUrl\":\"https:\/\/www.mundoagropecuario.cl\/new\/wp-content\/uploads\/2020\/11\/PORTAL-1-1.png\",\"width\":1026,\"height\":100,\"caption\":\"Revista de Agricultura\"},\"image\":{\"@id\":\"https:\/\/www.mundoagropecuario.cl\/new\/#\/schema\/logo\/image\/\"},\"sameAs\":[\"https:\/\/www.facebook.com\/mundo.agropecuario.3\",\"https:\/\/x.com\/MundoAgropecuar\",\"https:\/\/www.linkedin.com\/in\/mundo-agropecuario-934009201\/\"]},{\"@type\":\"Person\",\"@id\":\"https:\/\/www.mundoagropecuario.cl\/new\/#\/schema\/person\/4e9f74a82a7dac260eb1c44b7eebeb18\",\"name\":\"mundo\",\"url\":\"https:\/\/www.mundoagropecuario.cl\/new\/author\/mundo\/\"}]}<\/script>\n<!-- \/ Yoast SEO plugin. -->","yoast_head_json":{"title":"Expertos UdeC trabajan en la creaci\u00f3n de vacuna para controlar enfermedad que afecta a los cerdos - Mundoagropecuario","description":"Investigadores se encuentran trabajando desde julio de este a\u00f1o, en la creaci\u00f3n de una vacuna que ayude a prevenir la enfermedad Ileitis","robots":{"index":"index","follow":"follow","max-snippet":"max-snippet:-1","max-image-preview":"max-image-preview:large","max-video-preview":"max-video-preview:-1"},"canonical":"https:\/\/www.mundoagropecuario.cl\/new\/expertos-udec-trabajan-en-la-creacion-de-vacuna-para-controlar-enfermedad-que-afecta-a-los-cerdos\/","og_locale":"es_ES","og_type":"article","og_title":"Expertos UdeC trabajan en la creaci\u00f3n de vacuna para controlar enfermedad que afecta a los cerdos - Mundoagropecuario","og_description":"Investigadores se encuentran trabajando desde julio de este a\u00f1o, en la creaci\u00f3n de una vacuna que ayude a prevenir la enfermedad Ileitis","og_url":"https:\/\/www.mundoagropecuario.cl\/new\/expertos-udec-trabajan-en-la-creacion-de-vacuna-para-controlar-enfermedad-que-afecta-a-los-cerdos\/","og_site_name":"Mundoagropecuario","article_publisher":"https:\/\/www.facebook.com\/mundo.agropecuario.3","article_published_time":"2021-08-02T15:01:28+00:00","article_modified_time":"2021-08-03T14:01:31+00:00","og_image":[{"width":851,"height":564,"url":"https:\/\/www.mundoagropecuario.cl\/new\/wp-content\/uploads\/2021\/08\/Vacuna-cerdos.jpg","type":"image\/jpeg"}],"author":"mundo","twitter_card":"summary_large_image","twitter_creator":"@MundoAgropecuar","twitter_site":"@MundoAgropecuar","twitter_misc":{"Escrito por":"mundo","Tiempo de lectura":"4 minutos"},"schema":{"@context":"https:\/\/schema.org","@graph":[{"@type":"Article","@id":"https:\/\/www.mundoagropecuario.cl\/new\/expertos-udec-trabajan-en-la-creacion-de-vacuna-para-controlar-enfermedad-que-afecta-a-los-cerdos\/#article","isPartOf":{"@id":"https:\/\/www.mundoagropecuario.cl\/new\/expertos-udec-trabajan-en-la-creacion-de-vacuna-para-controlar-enfermedad-que-afecta-a-los-cerdos\/"},"author":{"name":"mundo","@id":"https:\/\/www.mundoagropecuario.cl\/new\/#\/schema\/person\/4e9f74a82a7dac260eb1c44b7eebeb18"},"headline":"Expertos UdeC trabajan en la creaci\u00f3n de vacuna para controlar enfermedad que afecta a los cerdos","datePublished":"2021-08-02T15:01:28+00:00","dateModified":"2021-08-03T14:01:31+00:00","mainEntityOfPage":{"@id":"https:\/\/www.mundoagropecuario.cl\/new\/expertos-udec-trabajan-en-la-creacion-de-vacuna-para-controlar-enfermedad-que-afecta-a-los-cerdos\/"},"wordCount":822,"publisher":{"@id":"https:\/\/www.mundoagropecuario.cl\/new\/#organization"},"image":{"@id":"https:\/\/www.mundoagropecuario.cl\/new\/expertos-udec-trabajan-en-la-creacion-de-vacuna-para-controlar-enfermedad-que-afecta-a-los-cerdos\/#primaryimage"},"thumbnailUrl":"https:\/\/www.mundoagropecuario.cl\/new\/wp-content\/uploads\/2021\/08\/Vacuna-cerdos.jpg","keywords":["Agro","Agro Agricultura","Cient\u00edfico y Tecnol\u00f3gico-FONDEF","Dr. \u00c1lvaro Ruiz","intracelular","Lawsonia intracellularis.","UdeC","Universidad de Concepci\u00f3n"],"articleSection":["Agricultura"],"inLanguage":"es"},{"@type":"WebPage","@id":"https:\/\/www.mundoagropecuario.cl\/new\/expertos-udec-trabajan-en-la-creacion-de-vacuna-para-controlar-enfermedad-que-afecta-a-los-cerdos\/","url":"https:\/\/www.mundoagropecuario.cl\/new\/expertos-udec-trabajan-en-la-creacion-de-vacuna-para-controlar-enfermedad-que-afecta-a-los-cerdos\/","name":"Expertos UdeC trabajan en la creaci\u00f3n de vacuna para controlar enfermedad que afecta a los cerdos - Mundoagropecuario","isPartOf":{"@id":"https:\/\/www.mundoagropecuario.cl\/new\/#website"},"primaryImageOfPage":{"@id":"https:\/\/www.mundoagropecuario.cl\/new\/expertos-udec-trabajan-en-la-creacion-de-vacuna-para-controlar-enfermedad-que-afecta-a-los-cerdos\/#primaryimage"},"image":{"@id":"https:\/\/www.mundoagropecuario.cl\/new\/expertos-udec-trabajan-en-la-creacion-de-vacuna-para-controlar-enfermedad-que-afecta-a-los-cerdos\/#primaryimage"},"thumbnailUrl":"https:\/\/www.mundoagropecuario.cl\/new\/wp-content\/uploads\/2021\/08\/Vacuna-cerdos.jpg","datePublished":"2021-08-02T15:01:28+00:00","dateModified":"2021-08-03T14:01:31+00:00","description":"Investigadores se encuentran trabajando desde julio de este a\u00f1o, en la creaci\u00f3n de una vacuna que ayude a prevenir la enfermedad Ileitis","breadcrumb":{"@id":"https:\/\/www.mundoagropecuario.cl\/new\/expertos-udec-trabajan-en-la-creacion-de-vacuna-para-controlar-enfermedad-que-afecta-a-los-cerdos\/#breadcrumb"},"inLanguage":"es","potentialAction":[{"@type":"ReadAction","target":["https:\/\/www.mundoagropecuario.cl\/new\/expertos-udec-trabajan-en-la-creacion-de-vacuna-para-controlar-enfermedad-que-afecta-a-los-cerdos\/"]}]},{"@type":"ImageObject","inLanguage":"es","@id":"https:\/\/www.mundoagropecuario.cl\/new\/expertos-udec-trabajan-en-la-creacion-de-vacuna-para-controlar-enfermedad-que-afecta-a-los-cerdos\/#primaryimage","url":"https:\/\/www.mundoagropecuario.cl\/new\/wp-content\/uploads\/2021\/08\/Vacuna-cerdos.jpg","contentUrl":"https:\/\/www.mundoagropecuario.cl\/new\/wp-content\/uploads\/2021\/08\/Vacuna-cerdos.jpg","width":604,"height":400},{"@type":"BreadcrumbList","@id":"https:\/\/www.mundoagropecuario.cl\/new\/expertos-udec-trabajan-en-la-creacion-de-vacuna-para-controlar-enfermedad-que-afecta-a-los-cerdos\/#breadcrumb","itemListElement":[{"@type":"ListItem","position":1,"name":"Portada","item":"https:\/\/www.mundoagropecuario.cl\/new\/"},{"@type":"ListItem","position":2,"name":"Expertos UdeC trabajan en la creaci\u00f3n de vacuna para controlar enfermedad que afecta a los cerdos"}]},{"@type":"WebSite","@id":"https:\/\/www.mundoagropecuario.cl\/new\/#website","url":"https:\/\/www.mundoagropecuario.cl\/new\/","name":"Mundoagropecuario","description":"Mundo Agropecuario","publisher":{"@id":"https:\/\/www.mundoagropecuario.cl\/new\/#organization"},"potentialAction":[{"@type":"SearchAction","target":{"@type":"EntryPoint","urlTemplate":"https:\/\/www.mundoagropecuario.cl\/new\/?s={search_term_string}"},"query-input":{"@type":"PropertyValueSpecification","valueRequired":true,"valueName":"search_term_string"}}],"inLanguage":"es"},{"@type":"Organization","@id":"https:\/\/www.mundoagropecuario.cl\/new\/#organization","name":"Revista de Agricultura","url":"https:\/\/www.mundoagropecuario.cl\/new\/","logo":{"@type":"ImageObject","inLanguage":"es","@id":"https:\/\/www.mundoagropecuario.cl\/new\/#\/schema\/logo\/image\/","url":"https:\/\/www.mundoagropecuario.cl\/new\/wp-content\/uploads\/2020\/11\/PORTAL-1-1.png","contentUrl":"https:\/\/www.mundoagropecuario.cl\/new\/wp-content\/uploads\/2020\/11\/PORTAL-1-1.png","width":1026,"height":100,"caption":"Revista de Agricultura"},"image":{"@id":"https:\/\/www.mundoagropecuario.cl\/new\/#\/schema\/logo\/image\/"},"sameAs":["https:\/\/www.facebook.com\/mundo.agropecuario.3","https:\/\/x.com\/MundoAgropecuar","https:\/\/www.linkedin.com\/in\/mundo-agropecuario-934009201\/"]},{"@type":"Person","@id":"https:\/\/www.mundoagropecuario.cl\/new\/#\/schema\/person\/4e9f74a82a7dac260eb1c44b7eebeb18","name":"mundo","url":"https:\/\/www.mundoagropecuario.cl\/new\/author\/mundo\/"}]}},"_links":{"self":[{"href":"https:\/\/www.mundoagropecuario.cl\/new\/wp-json\/wp\/v2\/posts\/19846","targetHints":{"allow":["GET"]}}],"collection":[{"href":"https:\/\/www.mundoagropecuario.cl\/new\/wp-json\/wp\/v2\/posts"}],"about":[{"href":"https:\/\/www.mundoagropecuario.cl\/new\/wp-json\/wp\/v2\/types\/post"}],"author":[{"embeddable":true,"href":"https:\/\/www.mundoagropecuario.cl\/new\/wp-json\/wp\/v2\/users\/2"}],"replies":[{"embeddable":true,"href":"https:\/\/www.mundoagropecuario.cl\/new\/wp-json\/wp\/v2\/comments?post=19846"}],"version-history":[{"count":1,"href":"https:\/\/www.mundoagropecuario.cl\/new\/wp-json\/wp\/v2\/posts\/19846\/revisions"}],"predecessor-version":[{"id":19850,"href":"https:\/\/www.mundoagropecuario.cl\/new\/wp-json\/wp\/v2\/posts\/19846\/revisions\/19850"}],"wp:featuredmedia":[{"embeddable":true,"href":"https:\/\/www.mundoagropecuario.cl\/new\/wp-json\/wp\/v2\/media\/19847"}],"wp:attachment":[{"href":"https:\/\/www.mundoagropecuario.cl\/new\/wp-json\/wp\/v2\/media?parent=19846"}],"wp:term":[{"taxonomy":"category","embeddable":true,"href":"https:\/\/www.mundoagropecuario.cl\/new\/wp-json\/wp\/v2\/categories?post=19846"},{"taxonomy":"post_tag","embeddable":true,"href":"https:\/\/www.mundoagropecuario.cl\/new\/wp-json\/wp\/v2\/tags?post=19846"}],"curies":[{"name":"wp","href":"https:\/\/api.w.org\/{rel}","templated":true}]}}