{"id":19783,"date":"2021-07-27T12:19:33","date_gmt":"2021-07-27T15:19:33","guid":{"rendered":"https:\/\/www.mundoagropecuario.cl\/new\/?p=19783"},"modified":"2021-07-30T13:23:12","modified_gmt":"2021-07-30T16:23:12","slug":"radiografia-al-sector-lechero-revela-oportunidades-y-desafios-de-la-temporada-2021-22","status":"publish","type":"post","link":"https:\/\/www.mundoagropecuario.cl\/new\/radiografia-al-sector-lechero-revela-oportunidades-y-desafios-de-la-temporada-2021-22\/","title":{"rendered":"Radiograf\u00eda al sector lechero revela oportunidades y desaf\u00edos de la temporada 2021\/22"},"content":{"rendered":"<blockquote>\n<h2><span style=\"color: #000080;\">En el marco del tradicional semanario, \u00bfC\u00f3mo viene la temporada 2021- 2022?, organizado por la Sociedad Nacional de Agricultura (SNA), el presidente de Fedeleche, Marcos Winkler,\u00a0 se refiri\u00f3 a las oportunidades y desaf\u00edos del sector lechero chileno.<\/span><\/h2>\n<\/blockquote>\n<p>En una mesa redonda, donde el m\u00e1ximo representante de los productores de leche comparti\u00f3 con representantes gremiales de los distintos rubros silvoagropecuarios del pa\u00eds, Winkler coment\u00f3 que la situaci\u00f3n actual del mercado refleja un cambio respecto de los \u00faltimos a\u00f1os. \u201cCerramos un 2020 con un crecimiento en la producci\u00f3n de un 6,3%.\u00a0 En 2020 pudimos hacer un quiebre en esta estad\u00edstica y aumentar la producci\u00f3n nacional\u201d,\u00a0 destac\u00f3.<\/p>\n<p><a href=\"https:\/\/www.mundoagropecuario.cl\/new\/wp-content\/uploads\/2021\/07\/Radiografi\u0301a-al-sector-lechero-2.jpeg\"><img loading=\"lazy\" decoding=\"async\" class=\"aligncenter wp-image-19785\" src=\"https:\/\/www.mundoagropecuario.cl\/new\/wp-content\/uploads\/2021\/07\/Radiografi\u0301a-al-sector-lechero-2-586x197.jpeg\" alt=\"\" width=\"700\" height=\"234\" srcset=\"https:\/\/www.mundoagropecuario.cl\/new\/wp-content\/uploads\/2021\/07\/Radiografi\u0301a-al-sector-lechero-2-586x197.jpeg 586w, https:\/\/www.mundoagropecuario.cl\/new\/wp-content\/uploads\/2021\/07\/Radiografi\u0301a-al-sector-lechero-2.jpeg 700w\" sizes=\"auto, (max-width: 700px) 100vw, 700px\" \/><\/a><\/p>\n<p>Lo anterior, seg\u00fan resalt\u00f3,\u00a0 vino aparejado de un incremento del consumo interno de leche al subir 145 a 155\u00a0 litros per c\u00e1pita anual,\u00a0 \u201clo que es muy bueno tanto para la poblaci\u00f3n chilena, como tambi\u00e9n para el mercado l\u00e1cteo\u201d.<\/p>\n<p>En su intervenci\u00f3n, el presidente de Fedeleche record\u00f3 el trabajo que se realiz\u00f3 en pandemia como sector productor de alimentos. \u201cAl ser la agricultura una actividad cr\u00edtica, pudimos realizar sendos protocolos de cuidado, de tal forma de seguir trabajando , produciendo, transportando y comercializando el producto l\u00e1cteo\u201d, resalt\u00f3.<\/p>\n<p>\u201cSe present\u00f3 un 2020 que termin\u00f3 muy bien, con un crecimiento de la producci\u00f3n nacional, un aumento en el consumo y un alza en las exportaciones\u201d, dijo.<\/p>\n<p>Sin embargo, el presidente de Fedeleche ilustr\u00f3 que el 2021 registra una sequ\u00eda oto\u00f1al en la zona sur y una sequ\u00eda generalizada en la zona centro, lo que provoc\u00f3 una merma en\u00a0 la producci\u00f3n nacional de leche. \u201cTen\u00edamos una expectativa tambi\u00e9n de crecer en 2021 un 6%, pero no lo vamos a lograr, porque la sequ\u00eda oto\u00f1al fue importante.\u00a0 Llevamos un 0,3% de aumento en producci\u00f3n, pero creemos que vamos a cerrar el a\u00f1o con un 3% de crecimiento en la producci\u00f3n nacional\u201d, manifest\u00f3.<\/p>\n<p><strong><span style=\"color: #000080;\">Desafios<\/span><\/strong><\/p>\n<p>En relaci\u00f3n a los retos del sector, Winkler asegur\u00f3 que desde el gremio el foco ser\u00e1 seguir fomentando el consumo interno de leche, a trav\u00e9s de la campa\u00f1a, \u201cYo Tomo, Yo Como Leche Chilena\u201d,\u00a0 y, por otro lado,\u00a0 desarrollar una campa\u00f1a para exportar productos l\u00e1cteos premium bajo la marca sectorial Chile Milk. \u201cPor lo tanto, tenemos un bonito desaf\u00edo, y mucho trabajo por delante. Lo principal es aumentar el consumo interno, incrementar las exportaciones y as\u00ed aumentar producci\u00f3n interna\u201d.<\/p>\n<p>El presidente de Fedeleche ahond\u00f3 en el rol que debe jugar el Estado en este sentido, apuntando que, \u201cen el caso de la leche, estamos tratando de posicionarnos en el mercado internacional, entendiendo que solo un 7% de la producci\u00f3n del mundo se produce como en Chile, por lo tanto, tenemos un espacio importante para colocar nuestros productos premium y para eso necesitamos el apoyo para potenciar nuestra imagen en el exterior.<\/p>\n<p>Respecto de los desaf\u00edos que impone el cambio clim\u00e1tico, Winkler asegur\u00f3 que afecta de manera distinta a los productores, \u201cporque en el sur existe una pluviometr\u00eda m\u00e1s alta, pero tenemos el conflicto que toda el agua se va por los r\u00edos al mar y finalmente no la podemos utilizar, porque no es tan f\u00e1cil. En la zona centro, no hay una estructura clara para la creaci\u00f3n de embalses y juntar aquellas lluvias que caen en forma violenta en algunos periodos del a\u00f1o\u201d, indic\u00f3.<\/p>\n<p>En cuanto al rol que debe desempe\u00f1ar el Estado en este contexto asegur\u00f3 que resulta clave, \u201cporque como rubro agr\u00edcola somos en definitiva los que alimentamos al pa\u00eds y al mundo\u201d.<\/p>\n<p>En esa misma l\u00ednea, asegur\u00f3 que el Estado debe preocuparse de que el mercado funcione de manera correcta, tanto en la importaci\u00f3n de productos que puedan distorsionar el mercado, como en la escasez de algunos insumos,\u00a0 que repercutir\u00e1n en la producci\u00f3n de alimentos para el pa\u00eds. \u201cDe alguna manera, hay que tener una estructura que pueda verificar que estas situaciones no nos perjudiquen\u201d, apunt\u00f3 el personero gremial, quien reconoci\u00f3 complicaciones tambi\u00e9n con la disponibilidad de mano de obra.<\/p>\n<p><a href=\"https:\/\/www.mundoagropecuario.cl\/new\/wp-content\/uploads\/2021\/07\/sector-lechero-.jpeg\"><img loading=\"lazy\" decoding=\"async\" class=\"aligncenter wp-image-19786 size-full\" src=\"https:\/\/www.mundoagropecuario.cl\/new\/wp-content\/uploads\/2021\/07\/sector-lechero-.jpeg\" alt=\"\" width=\"700\" height=\"388\" srcset=\"https:\/\/www.mundoagropecuario.cl\/new\/wp-content\/uploads\/2021\/07\/sector-lechero-.jpeg 700w, https:\/\/www.mundoagropecuario.cl\/new\/wp-content\/uploads\/2021\/07\/sector-lechero--586x325.jpeg 586w\" sizes=\"auto, (max-width: 700px) 100vw, 700px\" \/><\/a><\/p>\n<p><strong><span style=\"color: #000080;\">TPP-11<\/span><\/strong><\/p>\n<p>En relaci\u00f3n al TPP -11, Winkler dijo que \u201cmiramos con muy buenos ojos el proceso de apertura comercial de Chile\u201d y asegur\u00f3 que favorecer\u00eda la exportaci\u00f3n de productos premium nacionales en algunos mercados que integran el tratado. \u201cEsto es un trabajo que posiblemente tomar\u00e1 tiempo, porque estamos partiendo con Chile Milk. Siempre la producci\u00f3n nacional ha estado mayoritariamente orientada abastecer el mercado interno, pero hoy en d\u00eda con el aumento de la producci\u00f3n y la colocaci\u00f3n de productos premium, nos permitir\u00eda llegar a estos mercados que est\u00e1n demandando productos de calidad\u201d.<\/p>\n<p>Finalmente, el presidente de Fedeleche relev\u00f3 las ventajas naturales que detenta la producci\u00f3n chilena. En este contexto, apunt\u00f3 que &#8220;la lecher\u00eda chilena es capturadora de carbono m\u00e1s que emisora, es amigable con el medio ambiente y sustentable a largo plazo\u201d, dando cuenta del tremendo potencial que se le reconoce a este rama de la producci\u00f3n agropecuaria nacional.<\/p>\n<p>Fuente: Fedeleche<\/p>\n","protected":false},"excerpt":{"rendered":"<p>En una mesa redonda, donde el m\u00e1ximo representante de los productores de leche comparti\u00f3 con representantes gremiales de los distintos rubros silvoagropecuarios del pa\u00eds.<\/p>\n","protected":false},"author":2,"featured_media":18599,"comment_status":"closed","ping_status":"closed","sticky":false,"template":"","format":"standard","meta":{"footnotes":""},"categories":[1945],"tags":[2090,3127,2141,2051,6053,2035,6052,6054,2075],"class_list":["post-19783","post","type-post","status-publish","format-standard","has-post-thumbnail","hentry","category-agricultura","tag-agricultura","tag-agro","tag-lacteos","tag-leche","tag-lechero","tag-minagri","tag-radiografia-al-sector-lechero","tag-sivoagropecuarios","tag-sna"],"yoast_head":"<!-- This site is optimized with the Yoast SEO plugin v26.6 - https:\/\/yoast.com\/wordpress\/plugins\/seo\/ -->\n<title>Radiograf\u00eda al sector lechero revela oportunidades y desaf\u00edos de la temporada 2021\/22 - Mundoagropecuario<\/title>\n<meta name=\"description\" content=\"El m\u00e1ximo representante de los productores de leche comparti\u00f3 con representantes gremiales de los distintos rubros silvoagropecuarios.\" \/>\n<meta name=\"robots\" content=\"index, follow, max-snippet:-1, max-image-preview:large, max-video-preview:-1\" \/>\n<link rel=\"canonical\" href=\"https:\/\/www.mundoagropecuario.cl\/new\/radiografia-al-sector-lechero-revela-oportunidades-y-desafios-de-la-temporada-2021-22\/\" \/>\n<meta property=\"og:locale\" content=\"es_ES\" \/>\n<meta property=\"og:type\" content=\"article\" \/>\n<meta property=\"og:title\" content=\"Radiograf\u00eda al sector lechero revela oportunidades y desaf\u00edos de la temporada 2021\/22 - Mundoagropecuario\" \/>\n<meta property=\"og:description\" content=\"El m\u00e1ximo representante de los productores de leche comparti\u00f3 con representantes gremiales de los distintos rubros silvoagropecuarios.\" \/>\n<meta property=\"og:url\" content=\"https:\/\/www.mundoagropecuario.cl\/new\/radiografia-al-sector-lechero-revela-oportunidades-y-desafios-de-la-temporada-2021-22\/\" \/>\n<meta property=\"og:site_name\" content=\"Mundoagropecuario\" \/>\n<meta property=\"article:publisher\" content=\"https:\/\/www.facebook.com\/mundo.agropecuario.3\" \/>\n<meta property=\"article:published_time\" content=\"2021-07-27T15:19:33+00:00\" \/>\n<meta property=\"article:modified_time\" content=\"2021-07-30T16:23:12+00:00\" \/>\n<meta property=\"og:image\" content=\"https:\/\/www.mundoagropecuario.cl\/new\/wp-content\/uploads\/2021\/04\/recepciondeleche-scaled.jpg\" \/>\n\t<meta property=\"og:image:width\" content=\"1024\" \/>\n\t<meta property=\"og:image:height\" content=\"768\" \/>\n\t<meta property=\"og:image:type\" content=\"image\/jpeg\" \/>\n<meta name=\"author\" content=\"mundo\" \/>\n<meta name=\"twitter:card\" content=\"summary_large_image\" \/>\n<meta name=\"twitter:creator\" content=\"@MundoAgropecuar\" \/>\n<meta name=\"twitter:site\" content=\"@MundoAgropecuar\" \/>\n<meta name=\"twitter:label1\" content=\"Escrito por\" \/>\n\t<meta name=\"twitter:data1\" content=\"mundo\" \/>\n\t<meta name=\"twitter:label2\" content=\"Tiempo de lectura\" \/>\n\t<meta name=\"twitter:data2\" content=\"4 minutos\" \/>\n<script type=\"application\/ld+json\" class=\"yoast-schema-graph\">{\"@context\":\"https:\/\/schema.org\",\"@graph\":[{\"@type\":\"Article\",\"@id\":\"https:\/\/www.mundoagropecuario.cl\/new\/radiografia-al-sector-lechero-revela-oportunidades-y-desafios-de-la-temporada-2021-22\/#article\",\"isPartOf\":{\"@id\":\"https:\/\/www.mundoagropecuario.cl\/new\/radiografia-al-sector-lechero-revela-oportunidades-y-desafios-de-la-temporada-2021-22\/\"},\"author\":{\"name\":\"mundo\",\"@id\":\"https:\/\/www.mundoagropecuario.cl\/new\/#\/schema\/person\/4e9f74a82a7dac260eb1c44b7eebeb18\"},\"headline\":\"Radiograf\u00eda al sector lechero revela oportunidades y desaf\u00edos de la temporada 2021\/22\",\"datePublished\":\"2021-07-27T15:19:33+00:00\",\"dateModified\":\"2021-07-30T16:23:12+00:00\",\"mainEntityOfPage\":{\"@id\":\"https:\/\/www.mundoagropecuario.cl\/new\/radiografia-al-sector-lechero-revela-oportunidades-y-desafios-de-la-temporada-2021-22\/\"},\"wordCount\":863,\"publisher\":{\"@id\":\"https:\/\/www.mundoagropecuario.cl\/new\/#organization\"},\"image\":{\"@id\":\"https:\/\/www.mundoagropecuario.cl\/new\/radiografia-al-sector-lechero-revela-oportunidades-y-desafios-de-la-temporada-2021-22\/#primaryimage\"},\"thumbnailUrl\":\"https:\/\/www.mundoagropecuario.cl\/new\/wp-content\/uploads\/2021\/04\/recepciondeleche-scaled.jpg\",\"keywords\":[\"Agricultura\",\"Agro\",\"L\u00e1cteos\",\"Leche\",\"Lechero\",\"Minagri\",\"Radiograf\u00eda al sector lechero\",\"Sivoagropecuarios\",\"SNA\"],\"articleSection\":[\"Agricultura\"],\"inLanguage\":\"es\"},{\"@type\":\"WebPage\",\"@id\":\"https:\/\/www.mundoagropecuario.cl\/new\/radiografia-al-sector-lechero-revela-oportunidades-y-desafios-de-la-temporada-2021-22\/\",\"url\":\"https:\/\/www.mundoagropecuario.cl\/new\/radiografia-al-sector-lechero-revela-oportunidades-y-desafios-de-la-temporada-2021-22\/\",\"name\":\"Radiograf\u00eda al sector lechero revela oportunidades y desaf\u00edos de la temporada 2021\/22 - Mundoagropecuario\",\"isPartOf\":{\"@id\":\"https:\/\/www.mundoagropecuario.cl\/new\/#website\"},\"primaryImageOfPage\":{\"@id\":\"https:\/\/www.mundoagropecuario.cl\/new\/radiografia-al-sector-lechero-revela-oportunidades-y-desafios-de-la-temporada-2021-22\/#primaryimage\"},\"image\":{\"@id\":\"https:\/\/www.mundoagropecuario.cl\/new\/radiografia-al-sector-lechero-revela-oportunidades-y-desafios-de-la-temporada-2021-22\/#primaryimage\"},\"thumbnailUrl\":\"https:\/\/www.mundoagropecuario.cl\/new\/wp-content\/uploads\/2021\/04\/recepciondeleche-scaled.jpg\",\"datePublished\":\"2021-07-27T15:19:33+00:00\",\"dateModified\":\"2021-07-30T16:23:12+00:00\",\"description\":\"El m\u00e1ximo representante de los productores de leche comparti\u00f3 con representantes gremiales de los distintos rubros silvoagropecuarios.\",\"breadcrumb\":{\"@id\":\"https:\/\/www.mundoagropecuario.cl\/new\/radiografia-al-sector-lechero-revela-oportunidades-y-desafios-de-la-temporada-2021-22\/#breadcrumb\"},\"inLanguage\":\"es\",\"potentialAction\":[{\"@type\":\"ReadAction\",\"target\":[\"https:\/\/www.mundoagropecuario.cl\/new\/radiografia-al-sector-lechero-revela-oportunidades-y-desafios-de-la-temporada-2021-22\/\"]}]},{\"@type\":\"ImageObject\",\"inLanguage\":\"es\",\"@id\":\"https:\/\/www.mundoagropecuario.cl\/new\/radiografia-al-sector-lechero-revela-oportunidades-y-desafios-de-la-temporada-2021-22\/#primaryimage\",\"url\":\"https:\/\/www.mundoagropecuario.cl\/new\/wp-content\/uploads\/2021\/04\/recepciondeleche-scaled.jpg\",\"contentUrl\":\"https:\/\/www.mundoagropecuario.cl\/new\/wp-content\/uploads\/2021\/04\/recepciondeleche-scaled.jpg\",\"width\":533,\"height\":400},{\"@type\":\"BreadcrumbList\",\"@id\":\"https:\/\/www.mundoagropecuario.cl\/new\/radiografia-al-sector-lechero-revela-oportunidades-y-desafios-de-la-temporada-2021-22\/#breadcrumb\",\"itemListElement\":[{\"@type\":\"ListItem\",\"position\":1,\"name\":\"Portada\",\"item\":\"https:\/\/www.mundoagropecuario.cl\/new\/\"},{\"@type\":\"ListItem\",\"position\":2,\"name\":\"Radiograf\u00eda al sector lechero revela oportunidades y desaf\u00edos de la temporada 2021\/22\"}]},{\"@type\":\"WebSite\",\"@id\":\"https:\/\/www.mundoagropecuario.cl\/new\/#website\",\"url\":\"https:\/\/www.mundoagropecuario.cl\/new\/\",\"name\":\"Mundoagropecuario\",\"description\":\"Mundo Agropecuario\",\"publisher\":{\"@id\":\"https:\/\/www.mundoagropecuario.cl\/new\/#organization\"},\"potentialAction\":[{\"@type\":\"SearchAction\",\"target\":{\"@type\":\"EntryPoint\",\"urlTemplate\":\"https:\/\/www.mundoagropecuario.cl\/new\/?s={search_term_string}\"},\"query-input\":{\"@type\":\"PropertyValueSpecification\",\"valueRequired\":true,\"valueName\":\"search_term_string\"}}],\"inLanguage\":\"es\"},{\"@type\":\"Organization\",\"@id\":\"https:\/\/www.mundoagropecuario.cl\/new\/#organization\",\"name\":\"Revista de Agricultura\",\"url\":\"https:\/\/www.mundoagropecuario.cl\/new\/\",\"logo\":{\"@type\":\"ImageObject\",\"inLanguage\":\"es\",\"@id\":\"https:\/\/www.mundoagropecuario.cl\/new\/#\/schema\/logo\/image\/\",\"url\":\"https:\/\/www.mundoagropecuario.cl\/new\/wp-content\/uploads\/2020\/11\/PORTAL-1-1.png\",\"contentUrl\":\"https:\/\/www.mundoagropecuario.cl\/new\/wp-content\/uploads\/2020\/11\/PORTAL-1-1.png\",\"width\":1026,\"height\":100,\"caption\":\"Revista de Agricultura\"},\"image\":{\"@id\":\"https:\/\/www.mundoagropecuario.cl\/new\/#\/schema\/logo\/image\/\"},\"sameAs\":[\"https:\/\/www.facebook.com\/mundo.agropecuario.3\",\"https:\/\/x.com\/MundoAgropecuar\",\"https:\/\/www.linkedin.com\/in\/mundo-agropecuario-934009201\/\"]},{\"@type\":\"Person\",\"@id\":\"https:\/\/www.mundoagropecuario.cl\/new\/#\/schema\/person\/4e9f74a82a7dac260eb1c44b7eebeb18\",\"name\":\"mundo\",\"url\":\"https:\/\/www.mundoagropecuario.cl\/new\/author\/mundo\/\"}]}<\/script>\n<!-- \/ Yoast SEO plugin. -->","yoast_head_json":{"title":"Radiograf\u00eda al sector lechero revela oportunidades y desaf\u00edos de la temporada 2021\/22 - Mundoagropecuario","description":"El m\u00e1ximo representante de los productores de leche comparti\u00f3 con representantes gremiales de los distintos rubros silvoagropecuarios.","robots":{"index":"index","follow":"follow","max-snippet":"max-snippet:-1","max-image-preview":"max-image-preview:large","max-video-preview":"max-video-preview:-1"},"canonical":"https:\/\/www.mundoagropecuario.cl\/new\/radiografia-al-sector-lechero-revela-oportunidades-y-desafios-de-la-temporada-2021-22\/","og_locale":"es_ES","og_type":"article","og_title":"Radiograf\u00eda al sector lechero revela oportunidades y desaf\u00edos de la temporada 2021\/22 - Mundoagropecuario","og_description":"El m\u00e1ximo representante de los productores de leche comparti\u00f3 con representantes gremiales de los distintos rubros silvoagropecuarios.","og_url":"https:\/\/www.mundoagropecuario.cl\/new\/radiografia-al-sector-lechero-revela-oportunidades-y-desafios-de-la-temporada-2021-22\/","og_site_name":"Mundoagropecuario","article_publisher":"https:\/\/www.facebook.com\/mundo.agropecuario.3","article_published_time":"2021-07-27T15:19:33+00:00","article_modified_time":"2021-07-30T16:23:12+00:00","og_image":[{"width":1024,"height":768,"url":"https:\/\/www.mundoagropecuario.cl\/new\/wp-content\/uploads\/2021\/04\/recepciondeleche-scaled.jpg","type":"image\/jpeg"}],"author":"mundo","twitter_card":"summary_large_image","twitter_creator":"@MundoAgropecuar","twitter_site":"@MundoAgropecuar","twitter_misc":{"Escrito por":"mundo","Tiempo de lectura":"4 minutos"},"schema":{"@context":"https:\/\/schema.org","@graph":[{"@type":"Article","@id":"https:\/\/www.mundoagropecuario.cl\/new\/radiografia-al-sector-lechero-revela-oportunidades-y-desafios-de-la-temporada-2021-22\/#article","isPartOf":{"@id":"https:\/\/www.mundoagropecuario.cl\/new\/radiografia-al-sector-lechero-revela-oportunidades-y-desafios-de-la-temporada-2021-22\/"},"author":{"name":"mundo","@id":"https:\/\/www.mundoagropecuario.cl\/new\/#\/schema\/person\/4e9f74a82a7dac260eb1c44b7eebeb18"},"headline":"Radiograf\u00eda al sector lechero revela oportunidades y desaf\u00edos de la temporada 2021\/22","datePublished":"2021-07-27T15:19:33+00:00","dateModified":"2021-07-30T16:23:12+00:00","mainEntityOfPage":{"@id":"https:\/\/www.mundoagropecuario.cl\/new\/radiografia-al-sector-lechero-revela-oportunidades-y-desafios-de-la-temporada-2021-22\/"},"wordCount":863,"publisher":{"@id":"https:\/\/www.mundoagropecuario.cl\/new\/#organization"},"image":{"@id":"https:\/\/www.mundoagropecuario.cl\/new\/radiografia-al-sector-lechero-revela-oportunidades-y-desafios-de-la-temporada-2021-22\/#primaryimage"},"thumbnailUrl":"https:\/\/www.mundoagropecuario.cl\/new\/wp-content\/uploads\/2021\/04\/recepciondeleche-scaled.jpg","keywords":["Agricultura","Agro","L\u00e1cteos","Leche","Lechero","Minagri","Radiograf\u00eda al sector lechero","Sivoagropecuarios","SNA"],"articleSection":["Agricultura"],"inLanguage":"es"},{"@type":"WebPage","@id":"https:\/\/www.mundoagropecuario.cl\/new\/radiografia-al-sector-lechero-revela-oportunidades-y-desafios-de-la-temporada-2021-22\/","url":"https:\/\/www.mundoagropecuario.cl\/new\/radiografia-al-sector-lechero-revela-oportunidades-y-desafios-de-la-temporada-2021-22\/","name":"Radiograf\u00eda al sector lechero revela oportunidades y desaf\u00edos de la temporada 2021\/22 - Mundoagropecuario","isPartOf":{"@id":"https:\/\/www.mundoagropecuario.cl\/new\/#website"},"primaryImageOfPage":{"@id":"https:\/\/www.mundoagropecuario.cl\/new\/radiografia-al-sector-lechero-revela-oportunidades-y-desafios-de-la-temporada-2021-22\/#primaryimage"},"image":{"@id":"https:\/\/www.mundoagropecuario.cl\/new\/radiografia-al-sector-lechero-revela-oportunidades-y-desafios-de-la-temporada-2021-22\/#primaryimage"},"thumbnailUrl":"https:\/\/www.mundoagropecuario.cl\/new\/wp-content\/uploads\/2021\/04\/recepciondeleche-scaled.jpg","datePublished":"2021-07-27T15:19:33+00:00","dateModified":"2021-07-30T16:23:12+00:00","description":"El m\u00e1ximo representante de los productores de leche comparti\u00f3 con representantes gremiales de los distintos rubros silvoagropecuarios.","breadcrumb":{"@id":"https:\/\/www.mundoagropecuario.cl\/new\/radiografia-al-sector-lechero-revela-oportunidades-y-desafios-de-la-temporada-2021-22\/#breadcrumb"},"inLanguage":"es","potentialAction":[{"@type":"ReadAction","target":["https:\/\/www.mundoagropecuario.cl\/new\/radiografia-al-sector-lechero-revela-oportunidades-y-desafios-de-la-temporada-2021-22\/"]}]},{"@type":"ImageObject","inLanguage":"es","@id":"https:\/\/www.mundoagropecuario.cl\/new\/radiografia-al-sector-lechero-revela-oportunidades-y-desafios-de-la-temporada-2021-22\/#primaryimage","url":"https:\/\/www.mundoagropecuario.cl\/new\/wp-content\/uploads\/2021\/04\/recepciondeleche-scaled.jpg","contentUrl":"https:\/\/www.mundoagropecuario.cl\/new\/wp-content\/uploads\/2021\/04\/recepciondeleche-scaled.jpg","width":533,"height":400},{"@type":"BreadcrumbList","@id":"https:\/\/www.mundoagropecuario.cl\/new\/radiografia-al-sector-lechero-revela-oportunidades-y-desafios-de-la-temporada-2021-22\/#breadcrumb","itemListElement":[{"@type":"ListItem","position":1,"name":"Portada","item":"https:\/\/www.mundoagropecuario.cl\/new\/"},{"@type":"ListItem","position":2,"name":"Radiograf\u00eda al sector lechero revela oportunidades y desaf\u00edos de la temporada 2021\/22"}]},{"@type":"WebSite","@id":"https:\/\/www.mundoagropecuario.cl\/new\/#website","url":"https:\/\/www.mundoagropecuario.cl\/new\/","name":"Mundoagropecuario","description":"Mundo Agropecuario","publisher":{"@id":"https:\/\/www.mundoagropecuario.cl\/new\/#organization"},"potentialAction":[{"@type":"SearchAction","target":{"@type":"EntryPoint","urlTemplate":"https:\/\/www.mundoagropecuario.cl\/new\/?s={search_term_string}"},"query-input":{"@type":"PropertyValueSpecification","valueRequired":true,"valueName":"search_term_string"}}],"inLanguage":"es"},{"@type":"Organization","@id":"https:\/\/www.mundoagropecuario.cl\/new\/#organization","name":"Revista de Agricultura","url":"https:\/\/www.mundoagropecuario.cl\/new\/","logo":{"@type":"ImageObject","inLanguage":"es","@id":"https:\/\/www.mundoagropecuario.cl\/new\/#\/schema\/logo\/image\/","url":"https:\/\/www.mundoagropecuario.cl\/new\/wp-content\/uploads\/2020\/11\/PORTAL-1-1.png","contentUrl":"https:\/\/www.mundoagropecuario.cl\/new\/wp-content\/uploads\/2020\/11\/PORTAL-1-1.png","width":1026,"height":100,"caption":"Revista de Agricultura"},"image":{"@id":"https:\/\/www.mundoagropecuario.cl\/new\/#\/schema\/logo\/image\/"},"sameAs":["https:\/\/www.facebook.com\/mundo.agropecuario.3","https:\/\/x.com\/MundoAgropecuar","https:\/\/www.linkedin.com\/in\/mundo-agropecuario-934009201\/"]},{"@type":"Person","@id":"https:\/\/www.mundoagropecuario.cl\/new\/#\/schema\/person\/4e9f74a82a7dac260eb1c44b7eebeb18","name":"mundo","url":"https:\/\/www.mundoagropecuario.cl\/new\/author\/mundo\/"}]}},"_links":{"self":[{"href":"https:\/\/www.mundoagropecuario.cl\/new\/wp-json\/wp\/v2\/posts\/19783","targetHints":{"allow":["GET"]}}],"collection":[{"href":"https:\/\/www.mundoagropecuario.cl\/new\/wp-json\/wp\/v2\/posts"}],"about":[{"href":"https:\/\/www.mundoagropecuario.cl\/new\/wp-json\/wp\/v2\/types\/post"}],"author":[{"embeddable":true,"href":"https:\/\/www.mundoagropecuario.cl\/new\/wp-json\/wp\/v2\/users\/2"}],"replies":[{"embeddable":true,"href":"https:\/\/www.mundoagropecuario.cl\/new\/wp-json\/wp\/v2\/comments?post=19783"}],"version-history":[{"count":1,"href":"https:\/\/www.mundoagropecuario.cl\/new\/wp-json\/wp\/v2\/posts\/19783\/revisions"}],"predecessor-version":[{"id":19788,"href":"https:\/\/www.mundoagropecuario.cl\/new\/wp-json\/wp\/v2\/posts\/19783\/revisions\/19788"}],"wp:featuredmedia":[{"embeddable":true,"href":"https:\/\/www.mundoagropecuario.cl\/new\/wp-json\/wp\/v2\/media\/18599"}],"wp:attachment":[{"href":"https:\/\/www.mundoagropecuario.cl\/new\/wp-json\/wp\/v2\/media?parent=19783"}],"wp:term":[{"taxonomy":"category","embeddable":true,"href":"https:\/\/www.mundoagropecuario.cl\/new\/wp-json\/wp\/v2\/categories?post=19783"},{"taxonomy":"post_tag","embeddable":true,"href":"https:\/\/www.mundoagropecuario.cl\/new\/wp-json\/wp\/v2\/tags?post=19783"}],"curies":[{"name":"wp","href":"https:\/\/api.w.org\/{rel}","templated":true}]}}