{"id":19724,"date":"2021-07-22T11:44:42","date_gmt":"2021-07-22T14:44:42","guid":{"rendered":"https:\/\/www.mundoagropecuario.cl\/new\/?p=19724"},"modified":"2021-07-23T14:43:13","modified_gmt":"2021-07-23T17:43:13","slug":"sag-magallanes-supervisa-cuarentena-de-bovinos-raza-highland","status":"publish","type":"post","link":"https:\/\/www.mundoagropecuario.cl\/new\/sag-magallanes-supervisa-cuarentena-de-bovinos-raza-highland\/","title":{"rendered":"SAG Magallanes supervisa cuarentena de bovinos raza Highland"},"content":{"rendered":"<blockquote>\n<h2><span style=\"color: #003300;\">Dada la excepcional condici\u00f3n sanitaria magall\u00e1nica, los animales provenientes de la regi\u00f3n de Los R\u00edos, debieron cumplir cuarentena tanto en origen como en destino para asegurar que se encuentran libres de enfermedades.<\/span><\/h2>\n<\/blockquote>\n<p>\u201cContribuir a salvaguardar el patrimonio sanitario regional, y entregar garant\u00edas de que Magallanes seguir\u00e1 manteniendo el excelente status sanitario en sus reba\u00f1os bovinos, es parte fundamental de la labor que realiza nuestro Servicio\u201d, se\u00f1ala el director regional de SAG, Gerardo Otzen Martinic, al referirse a la cuarentena de 40 bovinos de la raza Highland que llegaron a Magallanes, v\u00eda mar\u00edtima, desde la regi\u00f3n de Los R\u00edos, para formar parte del reba\u00f1o de un plantel privado local.<\/p>\n<p>Y es que si bien estos bovinos provienen de la zona centro sur de Chile, desde el a\u00f1o 2002, a diferencia de lo que ocurre en el resto del territorio nacional, Magallanes se mantiene como regi\u00f3n libre de Brucelosis, Leucosis y Fiebre Q en el ganado bovino, y desde 2017, a trav\u00e9s de la resoluci\u00f3n 4289, se establecieron requisitos espec\u00edficos para el ingreso de bovinos a la regi\u00f3n de Magallanes, que exige, entre otros aspectos sanitarios, cuarentena tanto en el lugar de origen como en el predio de destino.<\/p>\n<p><a href=\"https:\/\/www.mundoagropecuario.cl\/new\/wp-content\/uploads\/2021\/07\/Bovinos_Highland_ds2.jpeg\"><img loading=\"lazy\" decoding=\"async\" class=\" wp-image-19727 alignright\" src=\"https:\/\/www.mundoagropecuario.cl\/new\/wp-content\/uploads\/2021\/07\/Bovinos_Highland_ds2.jpeg\" alt=\"\" width=\"397\" height=\"270\" \/><\/a>Por su parte, el Secretario Regional Ministerial de Agricultura, Alfonso Roux Pittet, quien visit\u00f3 el lugar de cuarentena junto al director de SAG, se\u00f1al\u00f3 \u201cmantener esta condici\u00f3n sanitaria, es un trabajo permanente y mancomunado del SAG y los productores locales, y para ello, se realizan monitoreos de vigilancia, tanto en predios como en plantas faenadoras, lo que permite disminuir, e incluso evitar p\u00e9rdidas directas e indirectas de ganado, favoreciendo procesos de exportaci\u00f3n de productos pecuarios a numerosos mercados y destinos del mundo\u201d.<\/p>\n<p>La nueva raza resulta ser un aporte a la diversidad gen\u00e9tica de nuestra regi\u00f3n, que se caracteriza por una excelencia sanitaria que nos permite ingresar a exigentes mercados internacionales, enfatiz\u00f3 Roux.<\/p>\n<p>La cuarentena, que se extiende por un periodo de 30 d\u00edas, es supervisada por m\u00e9dicos veterinarios del SAG, a fin de velar por el cumplimiento de la normativa vigente, y si bien se trata del segundo ingreso de animales de esta raza a Magallanes, ya que el a\u00f1o 2018 se trajeron 4 bovinos, la rusticidad que caracteriza a esta raza originaria de las tierras altas de Escocia, dar\u00e1 un nuevo atractivo al paisaje magall\u00e1nico, con sus grandes cuernos, largo pelaje y capacidad de adaptarse a los climas m\u00e1s fr\u00edos y duros del planeta.<\/p>\n","protected":false},"excerpt":{"rendered":"<p>La nueva raza resulta ser un aporte a la diversidad gen\u00e9tica de la regi\u00f3n de Magallanes, que se caracteriza por una excelencia sanitaria que permite ingresar a exigentes mercados internacionales.<\/p>\n","protected":false},"author":2,"featured_media":19725,"comment_status":"closed","ping_status":"closed","sticky":false,"template":"","format":"standard","meta":{"footnotes":""},"categories":[1944],"tags":[3127,6021,6022,2301,6023,2198,2035,2145,2036,2914],"class_list":["post-19724","post","type-post","status-publish","format-standard","has-post-thumbnail","hentry","category-ganaderia","tag-agro","tag-bovinos-raza-highland","tag-brucelosis","tag-ganado","tag-leucosis-y-fiebre-q","tag-magallanes","tag-minagri","tag-ovinos","tag-sag","tag-sag-magallanes"],"yoast_head":"<!-- This site is optimized with the Yoast SEO plugin v26.6 - https:\/\/yoast.com\/wordpress\/plugins\/seo\/ -->\n<title>SAG Magallanes supervisa cuarentena de bovinos raza Highland - Mundoagropecuario<\/title>\n<meta name=\"description\" content=\"La nueva raza resulta ser un aporte a la diversidad gen\u00e9tica de la regi\u00f3n de Magallanes, que se caracteriza por una excelencia sanitaria.\" \/>\n<meta name=\"robots\" content=\"index, follow, max-snippet:-1, max-image-preview:large, max-video-preview:-1\" \/>\n<link rel=\"canonical\" href=\"https:\/\/www.mundoagropecuario.cl\/new\/sag-magallanes-supervisa-cuarentena-de-bovinos-raza-highland\/\" \/>\n<meta property=\"og:locale\" content=\"es_ES\" \/>\n<meta property=\"og:type\" content=\"article\" \/>\n<meta property=\"og:title\" content=\"SAG Magallanes supervisa cuarentena de bovinos raza Highland - Mundoagropecuario\" \/>\n<meta property=\"og:description\" content=\"La nueva raza resulta ser un aporte a la diversidad gen\u00e9tica de la regi\u00f3n de Magallanes, que se caracteriza por una excelencia sanitaria.\" \/>\n<meta property=\"og:url\" content=\"https:\/\/www.mundoagropecuario.cl\/new\/sag-magallanes-supervisa-cuarentena-de-bovinos-raza-highland\/\" \/>\n<meta property=\"og:site_name\" content=\"Mundoagropecuario\" \/>\n<meta property=\"article:publisher\" content=\"https:\/\/www.facebook.com\/mundo.agropecuario.3\" \/>\n<meta property=\"article:published_time\" content=\"2021-07-22T14:44:42+00:00\" \/>\n<meta property=\"article:modified_time\" content=\"2021-07-23T17:43:13+00:00\" \/>\n<meta property=\"og:image\" content=\"https:\/\/www.mundoagropecuario.cl\/new\/wp-content\/uploads\/2021\/07\/Bovinos_Highland_ds.png\" \/>\n\t<meta property=\"og:image:width\" content=\"1000\" \/>\n\t<meta property=\"og:image:height\" content=\"601\" \/>\n\t<meta property=\"og:image:type\" content=\"image\/png\" \/>\n<meta name=\"author\" content=\"mundo\" \/>\n<meta name=\"twitter:card\" content=\"summary_large_image\" \/>\n<meta name=\"twitter:creator\" content=\"@MundoAgropecuar\" \/>\n<meta name=\"twitter:site\" content=\"@MundoAgropecuar\" \/>\n<meta name=\"twitter:label1\" content=\"Escrito por\" \/>\n\t<meta name=\"twitter:data1\" content=\"mundo\" \/>\n\t<meta name=\"twitter:label2\" content=\"Tiempo de lectura\" \/>\n\t<meta name=\"twitter:data2\" content=\"2 minutos\" \/>\n<script type=\"application\/ld+json\" class=\"yoast-schema-graph\">{\"@context\":\"https:\/\/schema.org\",\"@graph\":[{\"@type\":\"Article\",\"@id\":\"https:\/\/www.mundoagropecuario.cl\/new\/sag-magallanes-supervisa-cuarentena-de-bovinos-raza-highland\/#article\",\"isPartOf\":{\"@id\":\"https:\/\/www.mundoagropecuario.cl\/new\/sag-magallanes-supervisa-cuarentena-de-bovinos-raza-highland\/\"},\"author\":{\"name\":\"mundo\",\"@id\":\"https:\/\/www.mundoagropecuario.cl\/new\/#\/schema\/person\/4e9f74a82a7dac260eb1c44b7eebeb18\"},\"headline\":\"SAG Magallanes supervisa cuarentena de bovinos raza Highland\",\"datePublished\":\"2021-07-22T14:44:42+00:00\",\"dateModified\":\"2021-07-23T17:43:13+00:00\",\"mainEntityOfPage\":{\"@id\":\"https:\/\/www.mundoagropecuario.cl\/new\/sag-magallanes-supervisa-cuarentena-de-bovinos-raza-highland\/\"},\"wordCount\":434,\"publisher\":{\"@id\":\"https:\/\/www.mundoagropecuario.cl\/new\/#organization\"},\"image\":{\"@id\":\"https:\/\/www.mundoagropecuario.cl\/new\/sag-magallanes-supervisa-cuarentena-de-bovinos-raza-highland\/#primaryimage\"},\"thumbnailUrl\":\"https:\/\/www.mundoagropecuario.cl\/new\/wp-content\/uploads\/2021\/07\/Bovinos_Highland_ds.png\",\"keywords\":[\"Agro\",\"bovinos raza Highland\",\"Brucelosis\",\"Ganado\",\"Leucosis y Fiebre Q\",\"Magallanes\",\"Minagri\",\"Ovinos\",\"SAG\",\"SAG Magallanes\"],\"articleSection\":[\"Ganader\u00eda\"],\"inLanguage\":\"es\"},{\"@type\":\"WebPage\",\"@id\":\"https:\/\/www.mundoagropecuario.cl\/new\/sag-magallanes-supervisa-cuarentena-de-bovinos-raza-highland\/\",\"url\":\"https:\/\/www.mundoagropecuario.cl\/new\/sag-magallanes-supervisa-cuarentena-de-bovinos-raza-highland\/\",\"name\":\"SAG Magallanes supervisa cuarentena de bovinos raza Highland - Mundoagropecuario\",\"isPartOf\":{\"@id\":\"https:\/\/www.mundoagropecuario.cl\/new\/#website\"},\"primaryImageOfPage\":{\"@id\":\"https:\/\/www.mundoagropecuario.cl\/new\/sag-magallanes-supervisa-cuarentena-de-bovinos-raza-highland\/#primaryimage\"},\"image\":{\"@id\":\"https:\/\/www.mundoagropecuario.cl\/new\/sag-magallanes-supervisa-cuarentena-de-bovinos-raza-highland\/#primaryimage\"},\"thumbnailUrl\":\"https:\/\/www.mundoagropecuario.cl\/new\/wp-content\/uploads\/2021\/07\/Bovinos_Highland_ds.png\",\"datePublished\":\"2021-07-22T14:44:42+00:00\",\"dateModified\":\"2021-07-23T17:43:13+00:00\",\"description\":\"La nueva raza resulta ser un aporte a la diversidad gen\u00e9tica de la regi\u00f3n de Magallanes, que se caracteriza por una excelencia sanitaria.\",\"breadcrumb\":{\"@id\":\"https:\/\/www.mundoagropecuario.cl\/new\/sag-magallanes-supervisa-cuarentena-de-bovinos-raza-highland\/#breadcrumb\"},\"inLanguage\":\"es\",\"potentialAction\":[{\"@type\":\"ReadAction\",\"target\":[\"https:\/\/www.mundoagropecuario.cl\/new\/sag-magallanes-supervisa-cuarentena-de-bovinos-raza-highland\/\"]}]},{\"@type\":\"ImageObject\",\"inLanguage\":\"es\",\"@id\":\"https:\/\/www.mundoagropecuario.cl\/new\/sag-magallanes-supervisa-cuarentena-de-bovinos-raza-highland\/#primaryimage\",\"url\":\"https:\/\/www.mundoagropecuario.cl\/new\/wp-content\/uploads\/2021\/07\/Bovinos_Highland_ds.png\",\"contentUrl\":\"https:\/\/www.mundoagropecuario.cl\/new\/wp-content\/uploads\/2021\/07\/Bovinos_Highland_ds.png\",\"width\":666,\"height\":400},{\"@type\":\"BreadcrumbList\",\"@id\":\"https:\/\/www.mundoagropecuario.cl\/new\/sag-magallanes-supervisa-cuarentena-de-bovinos-raza-highland\/#breadcrumb\",\"itemListElement\":[{\"@type\":\"ListItem\",\"position\":1,\"name\":\"Portada\",\"item\":\"https:\/\/www.mundoagropecuario.cl\/new\/\"},{\"@type\":\"ListItem\",\"position\":2,\"name\":\"SAG Magallanes supervisa cuarentena de bovinos raza Highland\"}]},{\"@type\":\"WebSite\",\"@id\":\"https:\/\/www.mundoagropecuario.cl\/new\/#website\",\"url\":\"https:\/\/www.mundoagropecuario.cl\/new\/\",\"name\":\"Mundoagropecuario\",\"description\":\"Mundo Agropecuario\",\"publisher\":{\"@id\":\"https:\/\/www.mundoagropecuario.cl\/new\/#organization\"},\"potentialAction\":[{\"@type\":\"SearchAction\",\"target\":{\"@type\":\"EntryPoint\",\"urlTemplate\":\"https:\/\/www.mundoagropecuario.cl\/new\/?s={search_term_string}\"},\"query-input\":{\"@type\":\"PropertyValueSpecification\",\"valueRequired\":true,\"valueName\":\"search_term_string\"}}],\"inLanguage\":\"es\"},{\"@type\":\"Organization\",\"@id\":\"https:\/\/www.mundoagropecuario.cl\/new\/#organization\",\"name\":\"Revista de Agricultura\",\"url\":\"https:\/\/www.mundoagropecuario.cl\/new\/\",\"logo\":{\"@type\":\"ImageObject\",\"inLanguage\":\"es\",\"@id\":\"https:\/\/www.mundoagropecuario.cl\/new\/#\/schema\/logo\/image\/\",\"url\":\"https:\/\/www.mundoagropecuario.cl\/new\/wp-content\/uploads\/2020\/11\/PORTAL-1-1.png\",\"contentUrl\":\"https:\/\/www.mundoagropecuario.cl\/new\/wp-content\/uploads\/2020\/11\/PORTAL-1-1.png\",\"width\":1026,\"height\":100,\"caption\":\"Revista de Agricultura\"},\"image\":{\"@id\":\"https:\/\/www.mundoagropecuario.cl\/new\/#\/schema\/logo\/image\/\"},\"sameAs\":[\"https:\/\/www.facebook.com\/mundo.agropecuario.3\",\"https:\/\/x.com\/MundoAgropecuar\",\"https:\/\/www.linkedin.com\/in\/mundo-agropecuario-934009201\/\"]},{\"@type\":\"Person\",\"@id\":\"https:\/\/www.mundoagropecuario.cl\/new\/#\/schema\/person\/4e9f74a82a7dac260eb1c44b7eebeb18\",\"name\":\"mundo\",\"url\":\"https:\/\/www.mundoagropecuario.cl\/new\/author\/mundo\/\"}]}<\/script>\n<!-- \/ Yoast SEO plugin. -->","yoast_head_json":{"title":"SAG Magallanes supervisa cuarentena de bovinos raza Highland - Mundoagropecuario","description":"La nueva raza resulta ser un aporte a la diversidad gen\u00e9tica de la regi\u00f3n de Magallanes, que se caracteriza por una excelencia sanitaria.","robots":{"index":"index","follow":"follow","max-snippet":"max-snippet:-1","max-image-preview":"max-image-preview:large","max-video-preview":"max-video-preview:-1"},"canonical":"https:\/\/www.mundoagropecuario.cl\/new\/sag-magallanes-supervisa-cuarentena-de-bovinos-raza-highland\/","og_locale":"es_ES","og_type":"article","og_title":"SAG Magallanes supervisa cuarentena de bovinos raza Highland - Mundoagropecuario","og_description":"La nueva raza resulta ser un aporte a la diversidad gen\u00e9tica de la regi\u00f3n de Magallanes, que se caracteriza por una excelencia sanitaria.","og_url":"https:\/\/www.mundoagropecuario.cl\/new\/sag-magallanes-supervisa-cuarentena-de-bovinos-raza-highland\/","og_site_name":"Mundoagropecuario","article_publisher":"https:\/\/www.facebook.com\/mundo.agropecuario.3","article_published_time":"2021-07-22T14:44:42+00:00","article_modified_time":"2021-07-23T17:43:13+00:00","og_image":[{"width":1000,"height":601,"url":"https:\/\/www.mundoagropecuario.cl\/new\/wp-content\/uploads\/2021\/07\/Bovinos_Highland_ds.png","type":"image\/png"}],"author":"mundo","twitter_card":"summary_large_image","twitter_creator":"@MundoAgropecuar","twitter_site":"@MundoAgropecuar","twitter_misc":{"Escrito por":"mundo","Tiempo de lectura":"2 minutos"},"schema":{"@context":"https:\/\/schema.org","@graph":[{"@type":"Article","@id":"https:\/\/www.mundoagropecuario.cl\/new\/sag-magallanes-supervisa-cuarentena-de-bovinos-raza-highland\/#article","isPartOf":{"@id":"https:\/\/www.mundoagropecuario.cl\/new\/sag-magallanes-supervisa-cuarentena-de-bovinos-raza-highland\/"},"author":{"name":"mundo","@id":"https:\/\/www.mundoagropecuario.cl\/new\/#\/schema\/person\/4e9f74a82a7dac260eb1c44b7eebeb18"},"headline":"SAG Magallanes supervisa cuarentena de bovinos raza Highland","datePublished":"2021-07-22T14:44:42+00:00","dateModified":"2021-07-23T17:43:13+00:00","mainEntityOfPage":{"@id":"https:\/\/www.mundoagropecuario.cl\/new\/sag-magallanes-supervisa-cuarentena-de-bovinos-raza-highland\/"},"wordCount":434,"publisher":{"@id":"https:\/\/www.mundoagropecuario.cl\/new\/#organization"},"image":{"@id":"https:\/\/www.mundoagropecuario.cl\/new\/sag-magallanes-supervisa-cuarentena-de-bovinos-raza-highland\/#primaryimage"},"thumbnailUrl":"https:\/\/www.mundoagropecuario.cl\/new\/wp-content\/uploads\/2021\/07\/Bovinos_Highland_ds.png","keywords":["Agro","bovinos raza Highland","Brucelosis","Ganado","Leucosis y Fiebre Q","Magallanes","Minagri","Ovinos","SAG","SAG Magallanes"],"articleSection":["Ganader\u00eda"],"inLanguage":"es"},{"@type":"WebPage","@id":"https:\/\/www.mundoagropecuario.cl\/new\/sag-magallanes-supervisa-cuarentena-de-bovinos-raza-highland\/","url":"https:\/\/www.mundoagropecuario.cl\/new\/sag-magallanes-supervisa-cuarentena-de-bovinos-raza-highland\/","name":"SAG Magallanes supervisa cuarentena de bovinos raza Highland - Mundoagropecuario","isPartOf":{"@id":"https:\/\/www.mundoagropecuario.cl\/new\/#website"},"primaryImageOfPage":{"@id":"https:\/\/www.mundoagropecuario.cl\/new\/sag-magallanes-supervisa-cuarentena-de-bovinos-raza-highland\/#primaryimage"},"image":{"@id":"https:\/\/www.mundoagropecuario.cl\/new\/sag-magallanes-supervisa-cuarentena-de-bovinos-raza-highland\/#primaryimage"},"thumbnailUrl":"https:\/\/www.mundoagropecuario.cl\/new\/wp-content\/uploads\/2021\/07\/Bovinos_Highland_ds.png","datePublished":"2021-07-22T14:44:42+00:00","dateModified":"2021-07-23T17:43:13+00:00","description":"La nueva raza resulta ser un aporte a la diversidad gen\u00e9tica de la regi\u00f3n de Magallanes, que se caracteriza por una excelencia sanitaria.","breadcrumb":{"@id":"https:\/\/www.mundoagropecuario.cl\/new\/sag-magallanes-supervisa-cuarentena-de-bovinos-raza-highland\/#breadcrumb"},"inLanguage":"es","potentialAction":[{"@type":"ReadAction","target":["https:\/\/www.mundoagropecuario.cl\/new\/sag-magallanes-supervisa-cuarentena-de-bovinos-raza-highland\/"]}]},{"@type":"ImageObject","inLanguage":"es","@id":"https:\/\/www.mundoagropecuario.cl\/new\/sag-magallanes-supervisa-cuarentena-de-bovinos-raza-highland\/#primaryimage","url":"https:\/\/www.mundoagropecuario.cl\/new\/wp-content\/uploads\/2021\/07\/Bovinos_Highland_ds.png","contentUrl":"https:\/\/www.mundoagropecuario.cl\/new\/wp-content\/uploads\/2021\/07\/Bovinos_Highland_ds.png","width":666,"height":400},{"@type":"BreadcrumbList","@id":"https:\/\/www.mundoagropecuario.cl\/new\/sag-magallanes-supervisa-cuarentena-de-bovinos-raza-highland\/#breadcrumb","itemListElement":[{"@type":"ListItem","position":1,"name":"Portada","item":"https:\/\/www.mundoagropecuario.cl\/new\/"},{"@type":"ListItem","position":2,"name":"SAG Magallanes supervisa cuarentena de bovinos raza Highland"}]},{"@type":"WebSite","@id":"https:\/\/www.mundoagropecuario.cl\/new\/#website","url":"https:\/\/www.mundoagropecuario.cl\/new\/","name":"Mundoagropecuario","description":"Mundo Agropecuario","publisher":{"@id":"https:\/\/www.mundoagropecuario.cl\/new\/#organization"},"potentialAction":[{"@type":"SearchAction","target":{"@type":"EntryPoint","urlTemplate":"https:\/\/www.mundoagropecuario.cl\/new\/?s={search_term_string}"},"query-input":{"@type":"PropertyValueSpecification","valueRequired":true,"valueName":"search_term_string"}}],"inLanguage":"es"},{"@type":"Organization","@id":"https:\/\/www.mundoagropecuario.cl\/new\/#organization","name":"Revista de Agricultura","url":"https:\/\/www.mundoagropecuario.cl\/new\/","logo":{"@type":"ImageObject","inLanguage":"es","@id":"https:\/\/www.mundoagropecuario.cl\/new\/#\/schema\/logo\/image\/","url":"https:\/\/www.mundoagropecuario.cl\/new\/wp-content\/uploads\/2020\/11\/PORTAL-1-1.png","contentUrl":"https:\/\/www.mundoagropecuario.cl\/new\/wp-content\/uploads\/2020\/11\/PORTAL-1-1.png","width":1026,"height":100,"caption":"Revista de Agricultura"},"image":{"@id":"https:\/\/www.mundoagropecuario.cl\/new\/#\/schema\/logo\/image\/"},"sameAs":["https:\/\/www.facebook.com\/mundo.agropecuario.3","https:\/\/x.com\/MundoAgropecuar","https:\/\/www.linkedin.com\/in\/mundo-agropecuario-934009201\/"]},{"@type":"Person","@id":"https:\/\/www.mundoagropecuario.cl\/new\/#\/schema\/person\/4e9f74a82a7dac260eb1c44b7eebeb18","name":"mundo","url":"https:\/\/www.mundoagropecuario.cl\/new\/author\/mundo\/"}]}},"_links":{"self":[{"href":"https:\/\/www.mundoagropecuario.cl\/new\/wp-json\/wp\/v2\/posts\/19724","targetHints":{"allow":["GET"]}}],"collection":[{"href":"https:\/\/www.mundoagropecuario.cl\/new\/wp-json\/wp\/v2\/posts"}],"about":[{"href":"https:\/\/www.mundoagropecuario.cl\/new\/wp-json\/wp\/v2\/types\/post"}],"author":[{"embeddable":true,"href":"https:\/\/www.mundoagropecuario.cl\/new\/wp-json\/wp\/v2\/users\/2"}],"replies":[{"embeddable":true,"href":"https:\/\/www.mundoagropecuario.cl\/new\/wp-json\/wp\/v2\/comments?post=19724"}],"version-history":[{"count":2,"href":"https:\/\/www.mundoagropecuario.cl\/new\/wp-json\/wp\/v2\/posts\/19724\/revisions"}],"predecessor-version":[{"id":19728,"href":"https:\/\/www.mundoagropecuario.cl\/new\/wp-json\/wp\/v2\/posts\/19724\/revisions\/19728"}],"wp:featuredmedia":[{"embeddable":true,"href":"https:\/\/www.mundoagropecuario.cl\/new\/wp-json\/wp\/v2\/media\/19725"}],"wp:attachment":[{"href":"https:\/\/www.mundoagropecuario.cl\/new\/wp-json\/wp\/v2\/media?parent=19724"}],"wp:term":[{"taxonomy":"category","embeddable":true,"href":"https:\/\/www.mundoagropecuario.cl\/new\/wp-json\/wp\/v2\/categories?post=19724"},{"taxonomy":"post_tag","embeddable":true,"href":"https:\/\/www.mundoagropecuario.cl\/new\/wp-json\/wp\/v2\/tags?post=19724"}],"curies":[{"name":"wp","href":"https:\/\/api.w.org\/{rel}","templated":true}]}}