{"id":19678,"date":"2021-07-15T12:16:45","date_gmt":"2021-07-15T15:16:45","guid":{"rendered":"https:\/\/www.mundoagropecuario.cl\/new\/?p=19678"},"modified":"2021-07-20T12:00:59","modified_gmt":"2021-07-20T15:00:59","slug":"investigadores-udec-crearan-probioticos-para-reducir-uso-de-antibioticos-ante-infecciones-gastrointestinales-de-mascotas","status":"publish","type":"post","link":"https:\/\/www.mundoagropecuario.cl\/new\/investigadores-udec-crearan-probioticos-para-reducir-uso-de-antibioticos-ante-infecciones-gastrointestinales-de-mascotas\/","title":{"rendered":"Investigadores UdeC crear\u00e1n probi\u00f3ticos para reducir uso de antibi\u00f3ticos ante infecciones gastrointestinales de mascotas"},"content":{"rendered":"<blockquote>\n<h2><span style=\"color: #003366;\">En el proyecto que comenz\u00f3 a desarrollarse a fines del 2020, trabajan profesionales de la Facultad de Ciencias Biol\u00f3gicas y de la Facultad de Ciencias Veterinarias.<\/span><\/h2>\n<\/blockquote>\n<p>\u201cFormulaci\u00f3n probi\u00f3tica que reduce la administraci\u00f3n de antibi\u00f3ticos en el tratamiento de infecciones gastrointestinales en mascotas\u201d, se denomina el proyecto que se encuentran trabajando expertos de la Universidad de Concepci\u00f3n con el objeto de llegar a las mascotas con una terapia con cepas probi\u00f3ticas provenientes desde leche materna de animales, que reemplace a los antibi\u00f3ticos en sus tratamientos para las diarreas en perros y gatos.<\/p>\n<p><strong><span style=\"color: #003366;\">Con esto se podr\u00eda evitar, al menos de una parte del sector<\/span><\/strong><\/p>\n<p>veterinario, que haya antibi\u00f3ticos liberados al medio ambiente y que esto produzca la selecci\u00f3n de microorganismos resistentes a antibi\u00f3ticos que puedan traspasar tal resistencia\u201d, precis\u00f3 la Dra. Sandra Quilodr\u00e1n Vega investigadora alterna del trabajo que desarrolla junto al Dr. Jorge Toledo, de la Facultad de Ciencias Biol\u00f3gicas y quien lidera la iniciativa.<\/p>\n<p><a href=\"https:\/\/www.mundoagropecuario.cl\/new\/wp-content\/uploads\/2021\/07\/mascotas-2-scaled.jpg\"><img loading=\"lazy\" decoding=\"async\" class=\"aligncenter wp-image-19680 size-full\" src=\"https:\/\/www.mundoagropecuario.cl\/new\/wp-content\/uploads\/2021\/07\/mascotas-2-scaled-e1626362185146.jpg\" alt=\"\" width=\"1024\" height=\"545\" srcset=\"https:\/\/www.mundoagropecuario.cl\/new\/wp-content\/uploads\/2021\/07\/mascotas-2-scaled-e1626362185146.jpg 720w, https:\/\/www.mundoagropecuario.cl\/new\/wp-content\/uploads\/2021\/07\/mascotas-2-scaled-e1626362185146-586x312.jpg 586w, https:\/\/www.mundoagropecuario.cl\/new\/wp-content\/uploads\/2021\/07\/mascotas-2-scaled-e1626362185146-768x409.jpg 768w\" sizes=\"auto, (max-width: 1024px) 100vw, 1024px\" \/><\/a><\/p>\n<p>\u201cEn este proyecto estamos apostando por desarrollar un producto para animales de compa\u00f1\u00eda, basado en cepas aisladas desde la leche de la misma especie(perros), promoviendo la recolonizaci\u00f3n del intestino con cepas beneficiosas que estimulan el sistema inmune y desplazan a otras bacterias pat\u00f3genas, como Salmonella y Clostridium. Adem\u00e1s, la formulaci\u00f3n de estas cepas, asociadas a prebi\u00f3ticos, mejoraran la adhesi\u00f3n de las bacterias al tejido intestinal, aumentando su permanencia en el sistema digestivo, lo que disminuir\u00eda los efectos negativos de las cepas infecciosas y nos permitir\u00eda proponer tratamientos para reducir el uso de antibi\u00f3ticos durante eventos de diarrea bacteriana aguda\u201d, explic\u00f3 el Dr. Jorge Toledo.<\/p>\n<p><strong><span style=\"color: #003366;\">E<\/span><\/strong><span style=\"color: #003366;\">l monto adjudicado por FONDEF, es de 200 millones de pesos<\/span><\/p>\n<p><strong><span style=\"color: #003366;\">aproximadamente, para desarrollar trabajos que comenzaron a fines del 2020 y que se extender\u00e1n hasta 2022.<\/span><\/strong><\/p>\n<p>Debido a la envergadura de las investigaciones y el trabajo de laboratorio que desarrollan, sumaron al equipo a investigadores de otras entidades internacionales y nacionales.\u00a0 \u201cEn este proyecto tambi\u00e9n se encuentra el Dr. Julio Villena, del CERELA (Centro de referencia para Lactobacillus), de&gt; Tucum\u00e1n, Argentina, Carolina Mu\u00f1oz (Ciencias Biol\u00f3gicas), Ignacio Cabezas (Ciencias Veterinarias de la UdeC), Katerina Fern\u00e1ndez (Ingeniera qu\u00edmica), Felipe Sandoval (Ciencias Biol\u00f3gicas) y la empresa FreeGo, de alimentos para mascotas y Claudio Rojas de la OTL.<\/p>\n<p>Finalmente la Dra. Sandra Quilodr\u00e1n puso \u00e9nfasis en la importancia del cuidado de las mascotas. \u201cEl trato hacia las mascotas es un reflejo de la personalidad de los due\u00f1os y el impacto social de esta investigaci\u00f3n radicar\u00e1 en un menor uso de antibi\u00f3ticos y mejor cuidado integral de estos animalitos\u201d.<\/p>\n","protected":false},"excerpt":{"rendered":"<p>\u201cFormulaci\u00f3n probi\u00f3tica que reduce la administraci\u00f3n de antibi\u00f3ticos en el tratamiento de infecciones gastrointestinales en mascotas\u201d, se denomina el proyecto que se encuentran trabajando expertos de la Universidad de Concepci\u00f3n.<\/p>\n","protected":false},"author":2,"featured_media":19679,"comment_status":"closed","ping_status":"closed","sticky":false,"template":"","format":"standard","meta":{"footnotes":""},"categories":[1945],"tags":[237,5757,5991,5935,215,5302,436],"class_list":["post-19678","post","type-post","status-publish","format-standard","has-post-thumbnail","hentry","category-agricultura","tag-antibioticos","tag-de-la-universidad-de-concepcion","tag-dra-sandra-quilodran","tag-facultad-de-ciencias-veterinarias","tag-fondef","tag-mascotas","tag-udec"],"yoast_head":"<!-- This site is optimized with the Yoast SEO plugin v26.6 - https:\/\/yoast.com\/wordpress\/plugins\/seo\/ -->\n<title>Investigadores UdeC crear\u00e1n probi\u00f3ticos para reducir uso de antibi\u00f3ticos ante infecciones gastrointestinales de mascotas - Mundoagropecuario<\/title>\n<meta name=\"description\" content=\"\u201cFormulaci\u00f3n probi\u00f3tica que reduce la administraci\u00f3n de antibi\u00f3ticos en el tratamiento de infecciones gastrointestinales en mascotas\u201d\" \/>\n<meta name=\"robots\" content=\"index, follow, max-snippet:-1, max-image-preview:large, max-video-preview:-1\" \/>\n<link rel=\"canonical\" href=\"https:\/\/www.mundoagropecuario.cl\/new\/investigadores-udec-crearan-probioticos-para-reducir-uso-de-antibioticos-ante-infecciones-gastrointestinales-de-mascotas\/\" \/>\n<meta property=\"og:locale\" content=\"es_ES\" \/>\n<meta property=\"og:type\" content=\"article\" \/>\n<meta property=\"og:title\" content=\"Investigadores UdeC crear\u00e1n probi\u00f3ticos para reducir uso de antibi\u00f3ticos ante infecciones gastrointestinales de mascotas - Mundoagropecuario\" \/>\n<meta property=\"og:description\" content=\"\u201cFormulaci\u00f3n probi\u00f3tica que reduce la administraci\u00f3n de antibi\u00f3ticos en el tratamiento de infecciones gastrointestinales en mascotas\u201d\" \/>\n<meta property=\"og:url\" content=\"https:\/\/www.mundoagropecuario.cl\/new\/investigadores-udec-crearan-probioticos-para-reducir-uso-de-antibioticos-ante-infecciones-gastrointestinales-de-mascotas\/\" \/>\n<meta property=\"og:site_name\" content=\"Mundoagropecuario\" \/>\n<meta property=\"article:publisher\" content=\"https:\/\/www.facebook.com\/mundo.agropecuario.3\" \/>\n<meta property=\"article:published_time\" content=\"2021-07-15T15:16:45+00:00\" \/>\n<meta property=\"article:modified_time\" content=\"2021-07-20T15:00:59+00:00\" \/>\n<meta property=\"og:image\" content=\"https:\/\/www.mundoagropecuario.cl\/new\/wp-content\/uploads\/2021\/07\/mascotas-1-scaled.jpg\" \/>\n\t<meta property=\"og:image:width\" content=\"1024\" \/>\n\t<meta property=\"og:image:height\" content=\"602\" \/>\n\t<meta property=\"og:image:type\" content=\"image\/jpeg\" \/>\n<meta name=\"author\" content=\"mundo\" \/>\n<meta name=\"twitter:card\" content=\"summary_large_image\" \/>\n<meta name=\"twitter:creator\" content=\"@MundoAgropecuar\" \/>\n<meta name=\"twitter:site\" content=\"@MundoAgropecuar\" \/>\n<meta name=\"twitter:label1\" content=\"Escrito por\" \/>\n\t<meta name=\"twitter:data1\" content=\"mundo\" \/>\n\t<meta name=\"twitter:label2\" content=\"Tiempo de lectura\" \/>\n\t<meta name=\"twitter:data2\" content=\"3 minutos\" \/>\n<script type=\"application\/ld+json\" class=\"yoast-schema-graph\">{\"@context\":\"https:\/\/schema.org\",\"@graph\":[{\"@type\":\"Article\",\"@id\":\"https:\/\/www.mundoagropecuario.cl\/new\/investigadores-udec-crearan-probioticos-para-reducir-uso-de-antibioticos-ante-infecciones-gastrointestinales-de-mascotas\/#article\",\"isPartOf\":{\"@id\":\"https:\/\/www.mundoagropecuario.cl\/new\/investigadores-udec-crearan-probioticos-para-reducir-uso-de-antibioticos-ante-infecciones-gastrointestinales-de-mascotas\/\"},\"author\":{\"name\":\"mundo\",\"@id\":\"https:\/\/www.mundoagropecuario.cl\/new\/#\/schema\/person\/4e9f74a82a7dac260eb1c44b7eebeb18\"},\"headline\":\"Investigadores UdeC crear\u00e1n probi\u00f3ticos para reducir uso de antibi\u00f3ticos ante infecciones gastrointestinales de mascotas\",\"datePublished\":\"2021-07-15T15:16:45+00:00\",\"dateModified\":\"2021-07-20T15:00:59+00:00\",\"mainEntityOfPage\":{\"@id\":\"https:\/\/www.mundoagropecuario.cl\/new\/investigadores-udec-crearan-probioticos-para-reducir-uso-de-antibioticos-ante-infecciones-gastrointestinales-de-mascotas\/\"},\"wordCount\":466,\"publisher\":{\"@id\":\"https:\/\/www.mundoagropecuario.cl\/new\/#organization\"},\"image\":{\"@id\":\"https:\/\/www.mundoagropecuario.cl\/new\/investigadores-udec-crearan-probioticos-para-reducir-uso-de-antibioticos-ante-infecciones-gastrointestinales-de-mascotas\/#primaryimage\"},\"thumbnailUrl\":\"https:\/\/www.mundoagropecuario.cl\/new\/wp-content\/uploads\/2021\/07\/mascotas-1-scaled.jpg\",\"keywords\":[\"antibi\u00f3ticos\",\"de la Universidad de Concepci\u00f3n\",\"Dra. Sandra Quilodr\u00e1n\",\"Facultad de Ciencias Veterinarias\",\"FONDEF\",\"Mascotas\",\"UdeC\"],\"articleSection\":[\"Agricultura\"],\"inLanguage\":\"es\"},{\"@type\":\"WebPage\",\"@id\":\"https:\/\/www.mundoagropecuario.cl\/new\/investigadores-udec-crearan-probioticos-para-reducir-uso-de-antibioticos-ante-infecciones-gastrointestinales-de-mascotas\/\",\"url\":\"https:\/\/www.mundoagropecuario.cl\/new\/investigadores-udec-crearan-probioticos-para-reducir-uso-de-antibioticos-ante-infecciones-gastrointestinales-de-mascotas\/\",\"name\":\"Investigadores UdeC crear\u00e1n probi\u00f3ticos para reducir uso de antibi\u00f3ticos ante infecciones gastrointestinales de mascotas - Mundoagropecuario\",\"isPartOf\":{\"@id\":\"https:\/\/www.mundoagropecuario.cl\/new\/#website\"},\"primaryImageOfPage\":{\"@id\":\"https:\/\/www.mundoagropecuario.cl\/new\/investigadores-udec-crearan-probioticos-para-reducir-uso-de-antibioticos-ante-infecciones-gastrointestinales-de-mascotas\/#primaryimage\"},\"image\":{\"@id\":\"https:\/\/www.mundoagropecuario.cl\/new\/investigadores-udec-crearan-probioticos-para-reducir-uso-de-antibioticos-ante-infecciones-gastrointestinales-de-mascotas\/#primaryimage\"},\"thumbnailUrl\":\"https:\/\/www.mundoagropecuario.cl\/new\/wp-content\/uploads\/2021\/07\/mascotas-1-scaled.jpg\",\"datePublished\":\"2021-07-15T15:16:45+00:00\",\"dateModified\":\"2021-07-20T15:00:59+00:00\",\"description\":\"\u201cFormulaci\u00f3n probi\u00f3tica que reduce la administraci\u00f3n de antibi\u00f3ticos en el tratamiento de infecciones gastrointestinales en mascotas\u201d\",\"breadcrumb\":{\"@id\":\"https:\/\/www.mundoagropecuario.cl\/new\/investigadores-udec-crearan-probioticos-para-reducir-uso-de-antibioticos-ante-infecciones-gastrointestinales-de-mascotas\/#breadcrumb\"},\"inLanguage\":\"es\",\"potentialAction\":[{\"@type\":\"ReadAction\",\"target\":[\"https:\/\/www.mundoagropecuario.cl\/new\/investigadores-udec-crearan-probioticos-para-reducir-uso-de-antibioticos-ante-infecciones-gastrointestinales-de-mascotas\/\"]}]},{\"@type\":\"ImageObject\",\"inLanguage\":\"es\",\"@id\":\"https:\/\/www.mundoagropecuario.cl\/new\/investigadores-udec-crearan-probioticos-para-reducir-uso-de-antibioticos-ante-infecciones-gastrointestinales-de-mascotas\/#primaryimage\",\"url\":\"https:\/\/www.mundoagropecuario.cl\/new\/wp-content\/uploads\/2021\/07\/mascotas-1-scaled.jpg\",\"contentUrl\":\"https:\/\/www.mundoagropecuario.cl\/new\/wp-content\/uploads\/2021\/07\/mascotas-1-scaled.jpg\",\"width\":680,\"height\":400},{\"@type\":\"BreadcrumbList\",\"@id\":\"https:\/\/www.mundoagropecuario.cl\/new\/investigadores-udec-crearan-probioticos-para-reducir-uso-de-antibioticos-ante-infecciones-gastrointestinales-de-mascotas\/#breadcrumb\",\"itemListElement\":[{\"@type\":\"ListItem\",\"position\":1,\"name\":\"Portada\",\"item\":\"https:\/\/www.mundoagropecuario.cl\/new\/\"},{\"@type\":\"ListItem\",\"position\":2,\"name\":\"Investigadores UdeC crear\u00e1n probi\u00f3ticos para reducir uso de antibi\u00f3ticos ante infecciones gastrointestinales de mascotas\"}]},{\"@type\":\"WebSite\",\"@id\":\"https:\/\/www.mundoagropecuario.cl\/new\/#website\",\"url\":\"https:\/\/www.mundoagropecuario.cl\/new\/\",\"name\":\"Mundoagropecuario\",\"description\":\"Mundo Agropecuario\",\"publisher\":{\"@id\":\"https:\/\/www.mundoagropecuario.cl\/new\/#organization\"},\"potentialAction\":[{\"@type\":\"SearchAction\",\"target\":{\"@type\":\"EntryPoint\",\"urlTemplate\":\"https:\/\/www.mundoagropecuario.cl\/new\/?s={search_term_string}\"},\"query-input\":{\"@type\":\"PropertyValueSpecification\",\"valueRequired\":true,\"valueName\":\"search_term_string\"}}],\"inLanguage\":\"es\"},{\"@type\":\"Organization\",\"@id\":\"https:\/\/www.mundoagropecuario.cl\/new\/#organization\",\"name\":\"Revista de Agricultura\",\"url\":\"https:\/\/www.mundoagropecuario.cl\/new\/\",\"logo\":{\"@type\":\"ImageObject\",\"inLanguage\":\"es\",\"@id\":\"https:\/\/www.mundoagropecuario.cl\/new\/#\/schema\/logo\/image\/\",\"url\":\"https:\/\/www.mundoagropecuario.cl\/new\/wp-content\/uploads\/2020\/11\/PORTAL-1-1.png\",\"contentUrl\":\"https:\/\/www.mundoagropecuario.cl\/new\/wp-content\/uploads\/2020\/11\/PORTAL-1-1.png\",\"width\":1026,\"height\":100,\"caption\":\"Revista de Agricultura\"},\"image\":{\"@id\":\"https:\/\/www.mundoagropecuario.cl\/new\/#\/schema\/logo\/image\/\"},\"sameAs\":[\"https:\/\/www.facebook.com\/mundo.agropecuario.3\",\"https:\/\/x.com\/MundoAgropecuar\",\"https:\/\/www.linkedin.com\/in\/mundo-agropecuario-934009201\/\"]},{\"@type\":\"Person\",\"@id\":\"https:\/\/www.mundoagropecuario.cl\/new\/#\/schema\/person\/4e9f74a82a7dac260eb1c44b7eebeb18\",\"name\":\"mundo\",\"url\":\"https:\/\/www.mundoagropecuario.cl\/new\/author\/mundo\/\"}]}<\/script>\n<!-- \/ Yoast SEO plugin. -->","yoast_head_json":{"title":"Investigadores UdeC crear\u00e1n probi\u00f3ticos para reducir uso de antibi\u00f3ticos ante infecciones gastrointestinales de mascotas - Mundoagropecuario","description":"\u201cFormulaci\u00f3n probi\u00f3tica que reduce la administraci\u00f3n de antibi\u00f3ticos en el tratamiento de infecciones gastrointestinales en mascotas\u201d","robots":{"index":"index","follow":"follow","max-snippet":"max-snippet:-1","max-image-preview":"max-image-preview:large","max-video-preview":"max-video-preview:-1"},"canonical":"https:\/\/www.mundoagropecuario.cl\/new\/investigadores-udec-crearan-probioticos-para-reducir-uso-de-antibioticos-ante-infecciones-gastrointestinales-de-mascotas\/","og_locale":"es_ES","og_type":"article","og_title":"Investigadores UdeC crear\u00e1n probi\u00f3ticos para reducir uso de antibi\u00f3ticos ante infecciones gastrointestinales de mascotas - Mundoagropecuario","og_description":"\u201cFormulaci\u00f3n probi\u00f3tica que reduce la administraci\u00f3n de antibi\u00f3ticos en el tratamiento de infecciones gastrointestinales en mascotas\u201d","og_url":"https:\/\/www.mundoagropecuario.cl\/new\/investigadores-udec-crearan-probioticos-para-reducir-uso-de-antibioticos-ante-infecciones-gastrointestinales-de-mascotas\/","og_site_name":"Mundoagropecuario","article_publisher":"https:\/\/www.facebook.com\/mundo.agropecuario.3","article_published_time":"2021-07-15T15:16:45+00:00","article_modified_time":"2021-07-20T15:00:59+00:00","og_image":[{"width":1024,"height":602,"url":"https:\/\/www.mundoagropecuario.cl\/new\/wp-content\/uploads\/2021\/07\/mascotas-1-scaled.jpg","type":"image\/jpeg"}],"author":"mundo","twitter_card":"summary_large_image","twitter_creator":"@MundoAgropecuar","twitter_site":"@MundoAgropecuar","twitter_misc":{"Escrito por":"mundo","Tiempo de lectura":"3 minutos"},"schema":{"@context":"https:\/\/schema.org","@graph":[{"@type":"Article","@id":"https:\/\/www.mundoagropecuario.cl\/new\/investigadores-udec-crearan-probioticos-para-reducir-uso-de-antibioticos-ante-infecciones-gastrointestinales-de-mascotas\/#article","isPartOf":{"@id":"https:\/\/www.mundoagropecuario.cl\/new\/investigadores-udec-crearan-probioticos-para-reducir-uso-de-antibioticos-ante-infecciones-gastrointestinales-de-mascotas\/"},"author":{"name":"mundo","@id":"https:\/\/www.mundoagropecuario.cl\/new\/#\/schema\/person\/4e9f74a82a7dac260eb1c44b7eebeb18"},"headline":"Investigadores UdeC crear\u00e1n probi\u00f3ticos para reducir uso de antibi\u00f3ticos ante infecciones gastrointestinales de mascotas","datePublished":"2021-07-15T15:16:45+00:00","dateModified":"2021-07-20T15:00:59+00:00","mainEntityOfPage":{"@id":"https:\/\/www.mundoagropecuario.cl\/new\/investigadores-udec-crearan-probioticos-para-reducir-uso-de-antibioticos-ante-infecciones-gastrointestinales-de-mascotas\/"},"wordCount":466,"publisher":{"@id":"https:\/\/www.mundoagropecuario.cl\/new\/#organization"},"image":{"@id":"https:\/\/www.mundoagropecuario.cl\/new\/investigadores-udec-crearan-probioticos-para-reducir-uso-de-antibioticos-ante-infecciones-gastrointestinales-de-mascotas\/#primaryimage"},"thumbnailUrl":"https:\/\/www.mundoagropecuario.cl\/new\/wp-content\/uploads\/2021\/07\/mascotas-1-scaled.jpg","keywords":["antibi\u00f3ticos","de la Universidad de Concepci\u00f3n","Dra. Sandra Quilodr\u00e1n","Facultad de Ciencias Veterinarias","FONDEF","Mascotas","UdeC"],"articleSection":["Agricultura"],"inLanguage":"es"},{"@type":"WebPage","@id":"https:\/\/www.mundoagropecuario.cl\/new\/investigadores-udec-crearan-probioticos-para-reducir-uso-de-antibioticos-ante-infecciones-gastrointestinales-de-mascotas\/","url":"https:\/\/www.mundoagropecuario.cl\/new\/investigadores-udec-crearan-probioticos-para-reducir-uso-de-antibioticos-ante-infecciones-gastrointestinales-de-mascotas\/","name":"Investigadores UdeC crear\u00e1n probi\u00f3ticos para reducir uso de antibi\u00f3ticos ante infecciones gastrointestinales de mascotas - Mundoagropecuario","isPartOf":{"@id":"https:\/\/www.mundoagropecuario.cl\/new\/#website"},"primaryImageOfPage":{"@id":"https:\/\/www.mundoagropecuario.cl\/new\/investigadores-udec-crearan-probioticos-para-reducir-uso-de-antibioticos-ante-infecciones-gastrointestinales-de-mascotas\/#primaryimage"},"image":{"@id":"https:\/\/www.mundoagropecuario.cl\/new\/investigadores-udec-crearan-probioticos-para-reducir-uso-de-antibioticos-ante-infecciones-gastrointestinales-de-mascotas\/#primaryimage"},"thumbnailUrl":"https:\/\/www.mundoagropecuario.cl\/new\/wp-content\/uploads\/2021\/07\/mascotas-1-scaled.jpg","datePublished":"2021-07-15T15:16:45+00:00","dateModified":"2021-07-20T15:00:59+00:00","description":"\u201cFormulaci\u00f3n probi\u00f3tica que reduce la administraci\u00f3n de antibi\u00f3ticos en el tratamiento de infecciones gastrointestinales en mascotas\u201d","breadcrumb":{"@id":"https:\/\/www.mundoagropecuario.cl\/new\/investigadores-udec-crearan-probioticos-para-reducir-uso-de-antibioticos-ante-infecciones-gastrointestinales-de-mascotas\/#breadcrumb"},"inLanguage":"es","potentialAction":[{"@type":"ReadAction","target":["https:\/\/www.mundoagropecuario.cl\/new\/investigadores-udec-crearan-probioticos-para-reducir-uso-de-antibioticos-ante-infecciones-gastrointestinales-de-mascotas\/"]}]},{"@type":"ImageObject","inLanguage":"es","@id":"https:\/\/www.mundoagropecuario.cl\/new\/investigadores-udec-crearan-probioticos-para-reducir-uso-de-antibioticos-ante-infecciones-gastrointestinales-de-mascotas\/#primaryimage","url":"https:\/\/www.mundoagropecuario.cl\/new\/wp-content\/uploads\/2021\/07\/mascotas-1-scaled.jpg","contentUrl":"https:\/\/www.mundoagropecuario.cl\/new\/wp-content\/uploads\/2021\/07\/mascotas-1-scaled.jpg","width":680,"height":400},{"@type":"BreadcrumbList","@id":"https:\/\/www.mundoagropecuario.cl\/new\/investigadores-udec-crearan-probioticos-para-reducir-uso-de-antibioticos-ante-infecciones-gastrointestinales-de-mascotas\/#breadcrumb","itemListElement":[{"@type":"ListItem","position":1,"name":"Portada","item":"https:\/\/www.mundoagropecuario.cl\/new\/"},{"@type":"ListItem","position":2,"name":"Investigadores UdeC crear\u00e1n probi\u00f3ticos para reducir uso de antibi\u00f3ticos ante infecciones gastrointestinales de mascotas"}]},{"@type":"WebSite","@id":"https:\/\/www.mundoagropecuario.cl\/new\/#website","url":"https:\/\/www.mundoagropecuario.cl\/new\/","name":"Mundoagropecuario","description":"Mundo Agropecuario","publisher":{"@id":"https:\/\/www.mundoagropecuario.cl\/new\/#organization"},"potentialAction":[{"@type":"SearchAction","target":{"@type":"EntryPoint","urlTemplate":"https:\/\/www.mundoagropecuario.cl\/new\/?s={search_term_string}"},"query-input":{"@type":"PropertyValueSpecification","valueRequired":true,"valueName":"search_term_string"}}],"inLanguage":"es"},{"@type":"Organization","@id":"https:\/\/www.mundoagropecuario.cl\/new\/#organization","name":"Revista de Agricultura","url":"https:\/\/www.mundoagropecuario.cl\/new\/","logo":{"@type":"ImageObject","inLanguage":"es","@id":"https:\/\/www.mundoagropecuario.cl\/new\/#\/schema\/logo\/image\/","url":"https:\/\/www.mundoagropecuario.cl\/new\/wp-content\/uploads\/2020\/11\/PORTAL-1-1.png","contentUrl":"https:\/\/www.mundoagropecuario.cl\/new\/wp-content\/uploads\/2020\/11\/PORTAL-1-1.png","width":1026,"height":100,"caption":"Revista de Agricultura"},"image":{"@id":"https:\/\/www.mundoagropecuario.cl\/new\/#\/schema\/logo\/image\/"},"sameAs":["https:\/\/www.facebook.com\/mundo.agropecuario.3","https:\/\/x.com\/MundoAgropecuar","https:\/\/www.linkedin.com\/in\/mundo-agropecuario-934009201\/"]},{"@type":"Person","@id":"https:\/\/www.mundoagropecuario.cl\/new\/#\/schema\/person\/4e9f74a82a7dac260eb1c44b7eebeb18","name":"mundo","url":"https:\/\/www.mundoagropecuario.cl\/new\/author\/mundo\/"}]}},"_links":{"self":[{"href":"https:\/\/www.mundoagropecuario.cl\/new\/wp-json\/wp\/v2\/posts\/19678","targetHints":{"allow":["GET"]}}],"collection":[{"href":"https:\/\/www.mundoagropecuario.cl\/new\/wp-json\/wp\/v2\/posts"}],"about":[{"href":"https:\/\/www.mundoagropecuario.cl\/new\/wp-json\/wp\/v2\/types\/post"}],"author":[{"embeddable":true,"href":"https:\/\/www.mundoagropecuario.cl\/new\/wp-json\/wp\/v2\/users\/2"}],"replies":[{"embeddable":true,"href":"https:\/\/www.mundoagropecuario.cl\/new\/wp-json\/wp\/v2\/comments?post=19678"}],"version-history":[{"count":1,"href":"https:\/\/www.mundoagropecuario.cl\/new\/wp-json\/wp\/v2\/posts\/19678\/revisions"}],"predecessor-version":[{"id":19681,"href":"https:\/\/www.mundoagropecuario.cl\/new\/wp-json\/wp\/v2\/posts\/19678\/revisions\/19681"}],"wp:featuredmedia":[{"embeddable":true,"href":"https:\/\/www.mundoagropecuario.cl\/new\/wp-json\/wp\/v2\/media\/19679"}],"wp:attachment":[{"href":"https:\/\/www.mundoagropecuario.cl\/new\/wp-json\/wp\/v2\/media?parent=19678"}],"wp:term":[{"taxonomy":"category","embeddable":true,"href":"https:\/\/www.mundoagropecuario.cl\/new\/wp-json\/wp\/v2\/categories?post=19678"},{"taxonomy":"post_tag","embeddable":true,"href":"https:\/\/www.mundoagropecuario.cl\/new\/wp-json\/wp\/v2\/tags?post=19678"}],"curies":[{"name":"wp","href":"https:\/\/api.w.org\/{rel}","templated":true}]}}