{"id":19624,"date":"2021-07-12T11:29:12","date_gmt":"2021-07-12T14:29:12","guid":{"rendered":"https:\/\/www.mundoagropecuario.cl\/new\/?p=19624"},"modified":"2021-07-14T12:01:51","modified_gmt":"2021-07-14T15:01:51","slug":"se-abre-el-mercado-de-arabia-saudita-para-la-miel-y-productos-apicolas-chilenos","status":"publish","type":"post","link":"https:\/\/www.mundoagropecuario.cl\/new\/se-abre-el-mercado-de-arabia-saudita-para-la-miel-y-productos-apicolas-chilenos\/","title":{"rendered":"Se abre el mercado de Arabia Saudita para la miel y productos ap\u00edcolas chilenos"},"content":{"rendered":"<blockquote>\n<h2><span style=\"color: #808000;\">El anuncio resulta especialmente positivo por los precios a los que se transan estos productos en ese pa\u00eds de Medio Oriente.<\/span><\/h2>\n<\/blockquote>\n<p>Un positivo anuncio para el rubro ap\u00edcola realiz\u00f3 la Ministra de Agricultura, Mar\u00eda Emilia Undurraga, al comunicar la apertura del mercado de Arabia Saudita para la miel y productos ap\u00edcolas chilenos.<\/p>\n<p>\u201cEsta es una muy buena noticia para nuestros productores de miel, sobre todo para los peque\u00f1os apicultores. Este es un esfuerzo conjunto, entre el sector p\u00fablico y el privado, donde el compromiso de los productores y exportadores es fundamental para cumplir con las medidas sanitarias que los mercados nos imponen. Estas aperturas son muy relevantes porque la diversificaci\u00f3n de los mercados de destino para las exportaciones chilenas es clave para seguir creciendo y desarrollando nuestra industria alimentaria, por lo cual, recibimos con mucho agrado esta apertura\u201d, sostuvo la ministra Undurraga.<\/p>\n<p><a href=\"https:\/\/www.mundoagropecuario.cl\/new\/wp-content\/uploads\/2021\/07\/Productosapicolas-scaled.jpeg\"><img loading=\"lazy\" decoding=\"async\" class=\" wp-image-19626\" src=\"https:\/\/www.mundoagropecuario.cl\/new\/wp-content\/uploads\/2021\/07\/Productosapicolas-586x388.jpeg\" alt=\"\" width=\"469\" height=\"323\" \/><\/a><\/p>\n<p>La apertura de este mercado se logr\u00f3 tras el trabajo conjunto de 8 meses entre el SAG, ProChile y la embajada de nuestro pa\u00eds en esa naci\u00f3n de Medio Oriente con la Autoridad de Alimentaci\u00f3n y Drogas del Reino de Arabia Saudita.<\/p>\n<p>En ese sentido, el Director Nacional del SAG, Horacio B\u00f3rquez se\u00f1al\u00f3 que \u201cse trata de una gran noticia para los productores ap\u00edcolas nacionales por el buen momento por el que pasan los precios de la miel en ese pa\u00eds, as\u00ed como un reconocimiento a nuestras excelentes condiciones sanitarias y a la reconocida calidad de nuestra producci\u00f3n ap\u00edcola\u201d.<\/p>\n<p>\u201cGracias a las gestiones de los diversos organismos p\u00fablicos involucrados hubo un r\u00e1pido avance en las negociaciones que demoraron menos de un a\u00f1o, lo que finalmente culmin\u00f3 con esta autorizaci\u00f3n\u201d, agreg\u00f3 el Director Nacional del SAG.<\/p>\n<p>Arabia Saudita es un mercado de inter\u00e9s para la exportaci\u00f3n de mieles nacionales por los valores a los que actualmente se transa el producto, sobre todo considerando que las mieles chilenas son especialmente apetecidas en los pa\u00edses del eje asi\u00e1tico por caracter\u00edsticas como su diversidad floral y sus cualidades organol\u00e9pticas que la diferencian de otras producidas en otros lugares del mundo.<\/p>\n<p>Quienes se encuentren interesados en exportar hacia Arabia Saudita deben cumplir con las exigencias establecidas, entre ellas, que la miel debe proceder de apicultores\u00a0 inscritos en el Registro de Apicultores de Miel de Exportaci\u00f3n (RAMEX) del SAG; las\u00a0 salas de extracci\u00f3n (primaria y\/o comunitaria), bodega de acopio y salas de homogeneizaci\u00f3n deben tener sus autorizaciones vigentes; y el establecimiento elaborador y exportador deben estar inscritos en el Listado de Establecimientos Exportadores de Productos\u00a0 Pecuarios de Consumo Humano y estar habilitados para exportar\u00a0 al mercado.<\/p>\n","protected":false},"excerpt":{"rendered":"<p>Un positivo anuncio para el rubro ap\u00edcola realiz\u00f3 la Ministra de Agricultura, Mar\u00eda Emilia Undurraga, al comunicar la apertura del mercado de Arabia Saudita para la miel y productos ap\u00edcolas chilenos.<\/p>\n","protected":false},"author":2,"featured_media":19625,"comment_status":"closed","ping_status":"closed","sticky":false,"template":"","format":"standard","meta":{"footnotes":""},"categories":[1945],"tags":[2090,3127,2130,5966,2232,2035,5967,2036],"class_list":["post-19624","post","type-post","status-publish","format-standard","has-post-thumbnail","hentry","category-agricultura","tag-agricultura","tag-agro","tag-apicultura","tag-arabia-saudita","tag-miel","tag-minagri","tag-productos-apicolas","tag-sag"],"yoast_head":"<!-- This site is optimized with the Yoast SEO plugin v26.6 - https:\/\/yoast.com\/wordpress\/plugins\/seo\/ -->\n<title>Se abre el mercado de Arabia Saudita para la miel y productos ap\u00edcolas chilenos - Mundoagropecuario<\/title>\n<meta name=\"description\" content=\"La Ministra de Agricultura, Mar\u00eda Emilia Undurraga, comunico la apertura del mercado de Arabia Saudita para la miel\" \/>\n<meta name=\"robots\" content=\"index, follow, max-snippet:-1, max-image-preview:large, max-video-preview:-1\" \/>\n<link rel=\"canonical\" href=\"https:\/\/www.mundoagropecuario.cl\/new\/se-abre-el-mercado-de-arabia-saudita-para-la-miel-y-productos-apicolas-chilenos\/\" \/>\n<meta property=\"og:locale\" content=\"es_ES\" \/>\n<meta property=\"og:type\" content=\"article\" \/>\n<meta property=\"og:title\" content=\"Se abre el mercado de Arabia Saudita para la miel y productos ap\u00edcolas chilenos - Mundoagropecuario\" \/>\n<meta property=\"og:description\" content=\"La Ministra de Agricultura, Mar\u00eda Emilia Undurraga, comunico la apertura del mercado de Arabia Saudita para la miel\" \/>\n<meta property=\"og:url\" content=\"https:\/\/www.mundoagropecuario.cl\/new\/se-abre-el-mercado-de-arabia-saudita-para-la-miel-y-productos-apicolas-chilenos\/\" \/>\n<meta property=\"og:site_name\" content=\"Mundoagropecuario\" \/>\n<meta property=\"article:publisher\" content=\"https:\/\/www.facebook.com\/mundo.agropecuario.3\" \/>\n<meta property=\"article:published_time\" content=\"2021-07-12T14:29:12+00:00\" \/>\n<meta property=\"article:modified_time\" content=\"2021-07-14T15:01:51+00:00\" \/>\n<meta property=\"og:image\" content=\"https:\/\/www.mundoagropecuario.cl\/new\/wp-content\/uploads\/2021\/07\/miel-.jpeg\" \/>\n\t<meta property=\"og:image:width\" content=\"1000\" \/>\n\t<meta property=\"og:image:height\" content=\"667\" \/>\n\t<meta property=\"og:image:type\" content=\"image\/jpeg\" \/>\n<meta name=\"author\" content=\"mundo\" \/>\n<meta name=\"twitter:card\" content=\"summary_large_image\" \/>\n<meta name=\"twitter:creator\" content=\"@MundoAgropecuar\" \/>\n<meta name=\"twitter:site\" content=\"@MundoAgropecuar\" \/>\n<meta name=\"twitter:label1\" content=\"Escrito por\" \/>\n\t<meta name=\"twitter:data1\" content=\"mundo\" \/>\n\t<meta name=\"twitter:label2\" content=\"Tiempo de lectura\" \/>\n\t<meta name=\"twitter:data2\" content=\"3 minutos\" \/>\n<script type=\"application\/ld+json\" class=\"yoast-schema-graph\">{\"@context\":\"https:\/\/schema.org\",\"@graph\":[{\"@type\":\"Article\",\"@id\":\"https:\/\/www.mundoagropecuario.cl\/new\/se-abre-el-mercado-de-arabia-saudita-para-la-miel-y-productos-apicolas-chilenos\/#article\",\"isPartOf\":{\"@id\":\"https:\/\/www.mundoagropecuario.cl\/new\/se-abre-el-mercado-de-arabia-saudita-para-la-miel-y-productos-apicolas-chilenos\/\"},\"author\":{\"name\":\"mundo\",\"@id\":\"https:\/\/www.mundoagropecuario.cl\/new\/#\/schema\/person\/4e9f74a82a7dac260eb1c44b7eebeb18\"},\"headline\":\"Se abre el mercado de Arabia Saudita para la miel y productos ap\u00edcolas chilenos\",\"datePublished\":\"2021-07-12T14:29:12+00:00\",\"dateModified\":\"2021-07-14T15:01:51+00:00\",\"mainEntityOfPage\":{\"@id\":\"https:\/\/www.mundoagropecuario.cl\/new\/se-abre-el-mercado-de-arabia-saudita-para-la-miel-y-productos-apicolas-chilenos\/\"},\"wordCount\":466,\"publisher\":{\"@id\":\"https:\/\/www.mundoagropecuario.cl\/new\/#organization\"},\"image\":{\"@id\":\"https:\/\/www.mundoagropecuario.cl\/new\/se-abre-el-mercado-de-arabia-saudita-para-la-miel-y-productos-apicolas-chilenos\/#primaryimage\"},\"thumbnailUrl\":\"https:\/\/www.mundoagropecuario.cl\/new\/wp-content\/uploads\/2021\/07\/miel-.jpeg\",\"keywords\":[\"Agricultura\",\"Agro\",\"Apicultura\",\"Arabia Saudita\",\"Miel\",\"Minagri\",\"productos ap\u00edcolas\",\"SAG\"],\"articleSection\":[\"Agricultura\"],\"inLanguage\":\"es\"},{\"@type\":\"WebPage\",\"@id\":\"https:\/\/www.mundoagropecuario.cl\/new\/se-abre-el-mercado-de-arabia-saudita-para-la-miel-y-productos-apicolas-chilenos\/\",\"url\":\"https:\/\/www.mundoagropecuario.cl\/new\/se-abre-el-mercado-de-arabia-saudita-para-la-miel-y-productos-apicolas-chilenos\/\",\"name\":\"Se abre el mercado de Arabia Saudita para la miel y productos ap\u00edcolas chilenos - Mundoagropecuario\",\"isPartOf\":{\"@id\":\"https:\/\/www.mundoagropecuario.cl\/new\/#website\"},\"primaryImageOfPage\":{\"@id\":\"https:\/\/www.mundoagropecuario.cl\/new\/se-abre-el-mercado-de-arabia-saudita-para-la-miel-y-productos-apicolas-chilenos\/#primaryimage\"},\"image\":{\"@id\":\"https:\/\/www.mundoagropecuario.cl\/new\/se-abre-el-mercado-de-arabia-saudita-para-la-miel-y-productos-apicolas-chilenos\/#primaryimage\"},\"thumbnailUrl\":\"https:\/\/www.mundoagropecuario.cl\/new\/wp-content\/uploads\/2021\/07\/miel-.jpeg\",\"datePublished\":\"2021-07-12T14:29:12+00:00\",\"dateModified\":\"2021-07-14T15:01:51+00:00\",\"description\":\"La Ministra de Agricultura, Mar\u00eda Emilia Undurraga, comunico la apertura del mercado de Arabia Saudita para la miel\",\"breadcrumb\":{\"@id\":\"https:\/\/www.mundoagropecuario.cl\/new\/se-abre-el-mercado-de-arabia-saudita-para-la-miel-y-productos-apicolas-chilenos\/#breadcrumb\"},\"inLanguage\":\"es\",\"potentialAction\":[{\"@type\":\"ReadAction\",\"target\":[\"https:\/\/www.mundoagropecuario.cl\/new\/se-abre-el-mercado-de-arabia-saudita-para-la-miel-y-productos-apicolas-chilenos\/\"]}]},{\"@type\":\"ImageObject\",\"inLanguage\":\"es\",\"@id\":\"https:\/\/www.mundoagropecuario.cl\/new\/se-abre-el-mercado-de-arabia-saudita-para-la-miel-y-productos-apicolas-chilenos\/#primaryimage\",\"url\":\"https:\/\/www.mundoagropecuario.cl\/new\/wp-content\/uploads\/2021\/07\/miel-.jpeg\",\"contentUrl\":\"https:\/\/www.mundoagropecuario.cl\/new\/wp-content\/uploads\/2021\/07\/miel-.jpeg\",\"width\":600,\"height\":400},{\"@type\":\"BreadcrumbList\",\"@id\":\"https:\/\/www.mundoagropecuario.cl\/new\/se-abre-el-mercado-de-arabia-saudita-para-la-miel-y-productos-apicolas-chilenos\/#breadcrumb\",\"itemListElement\":[{\"@type\":\"ListItem\",\"position\":1,\"name\":\"Portada\",\"item\":\"https:\/\/www.mundoagropecuario.cl\/new\/\"},{\"@type\":\"ListItem\",\"position\":2,\"name\":\"Se abre el mercado de Arabia Saudita para la miel y productos ap\u00edcolas chilenos\"}]},{\"@type\":\"WebSite\",\"@id\":\"https:\/\/www.mundoagropecuario.cl\/new\/#website\",\"url\":\"https:\/\/www.mundoagropecuario.cl\/new\/\",\"name\":\"Mundoagropecuario\",\"description\":\"Mundo Agropecuario\",\"publisher\":{\"@id\":\"https:\/\/www.mundoagropecuario.cl\/new\/#organization\"},\"potentialAction\":[{\"@type\":\"SearchAction\",\"target\":{\"@type\":\"EntryPoint\",\"urlTemplate\":\"https:\/\/www.mundoagropecuario.cl\/new\/?s={search_term_string}\"},\"query-input\":{\"@type\":\"PropertyValueSpecification\",\"valueRequired\":true,\"valueName\":\"search_term_string\"}}],\"inLanguage\":\"es\"},{\"@type\":\"Organization\",\"@id\":\"https:\/\/www.mundoagropecuario.cl\/new\/#organization\",\"name\":\"Revista de Agricultura\",\"url\":\"https:\/\/www.mundoagropecuario.cl\/new\/\",\"logo\":{\"@type\":\"ImageObject\",\"inLanguage\":\"es\",\"@id\":\"https:\/\/www.mundoagropecuario.cl\/new\/#\/schema\/logo\/image\/\",\"url\":\"https:\/\/www.mundoagropecuario.cl\/new\/wp-content\/uploads\/2020\/11\/PORTAL-1-1.png\",\"contentUrl\":\"https:\/\/www.mundoagropecuario.cl\/new\/wp-content\/uploads\/2020\/11\/PORTAL-1-1.png\",\"width\":1026,\"height\":100,\"caption\":\"Revista de Agricultura\"},\"image\":{\"@id\":\"https:\/\/www.mundoagropecuario.cl\/new\/#\/schema\/logo\/image\/\"},\"sameAs\":[\"https:\/\/www.facebook.com\/mundo.agropecuario.3\",\"https:\/\/x.com\/MundoAgropecuar\",\"https:\/\/www.linkedin.com\/in\/mundo-agropecuario-934009201\/\"]},{\"@type\":\"Person\",\"@id\":\"https:\/\/www.mundoagropecuario.cl\/new\/#\/schema\/person\/4e9f74a82a7dac260eb1c44b7eebeb18\",\"name\":\"mundo\",\"url\":\"https:\/\/www.mundoagropecuario.cl\/new\/author\/mundo\/\"}]}<\/script>\n<!-- \/ Yoast SEO plugin. -->","yoast_head_json":{"title":"Se abre el mercado de Arabia Saudita para la miel y productos ap\u00edcolas chilenos - Mundoagropecuario","description":"La Ministra de Agricultura, Mar\u00eda Emilia Undurraga, comunico la apertura del mercado de Arabia Saudita para la miel","robots":{"index":"index","follow":"follow","max-snippet":"max-snippet:-1","max-image-preview":"max-image-preview:large","max-video-preview":"max-video-preview:-1"},"canonical":"https:\/\/www.mundoagropecuario.cl\/new\/se-abre-el-mercado-de-arabia-saudita-para-la-miel-y-productos-apicolas-chilenos\/","og_locale":"es_ES","og_type":"article","og_title":"Se abre el mercado de Arabia Saudita para la miel y productos ap\u00edcolas chilenos - Mundoagropecuario","og_description":"La Ministra de Agricultura, Mar\u00eda Emilia Undurraga, comunico la apertura del mercado de Arabia Saudita para la miel","og_url":"https:\/\/www.mundoagropecuario.cl\/new\/se-abre-el-mercado-de-arabia-saudita-para-la-miel-y-productos-apicolas-chilenos\/","og_site_name":"Mundoagropecuario","article_publisher":"https:\/\/www.facebook.com\/mundo.agropecuario.3","article_published_time":"2021-07-12T14:29:12+00:00","article_modified_time":"2021-07-14T15:01:51+00:00","og_image":[{"width":1000,"height":667,"url":"https:\/\/www.mundoagropecuario.cl\/new\/wp-content\/uploads\/2021\/07\/miel-.jpeg","type":"image\/jpeg"}],"author":"mundo","twitter_card":"summary_large_image","twitter_creator":"@MundoAgropecuar","twitter_site":"@MundoAgropecuar","twitter_misc":{"Escrito por":"mundo","Tiempo de lectura":"3 minutos"},"schema":{"@context":"https:\/\/schema.org","@graph":[{"@type":"Article","@id":"https:\/\/www.mundoagropecuario.cl\/new\/se-abre-el-mercado-de-arabia-saudita-para-la-miel-y-productos-apicolas-chilenos\/#article","isPartOf":{"@id":"https:\/\/www.mundoagropecuario.cl\/new\/se-abre-el-mercado-de-arabia-saudita-para-la-miel-y-productos-apicolas-chilenos\/"},"author":{"name":"mundo","@id":"https:\/\/www.mundoagropecuario.cl\/new\/#\/schema\/person\/4e9f74a82a7dac260eb1c44b7eebeb18"},"headline":"Se abre el mercado de Arabia Saudita para la miel y productos ap\u00edcolas chilenos","datePublished":"2021-07-12T14:29:12+00:00","dateModified":"2021-07-14T15:01:51+00:00","mainEntityOfPage":{"@id":"https:\/\/www.mundoagropecuario.cl\/new\/se-abre-el-mercado-de-arabia-saudita-para-la-miel-y-productos-apicolas-chilenos\/"},"wordCount":466,"publisher":{"@id":"https:\/\/www.mundoagropecuario.cl\/new\/#organization"},"image":{"@id":"https:\/\/www.mundoagropecuario.cl\/new\/se-abre-el-mercado-de-arabia-saudita-para-la-miel-y-productos-apicolas-chilenos\/#primaryimage"},"thumbnailUrl":"https:\/\/www.mundoagropecuario.cl\/new\/wp-content\/uploads\/2021\/07\/miel-.jpeg","keywords":["Agricultura","Agro","Apicultura","Arabia Saudita","Miel","Minagri","productos ap\u00edcolas","SAG"],"articleSection":["Agricultura"],"inLanguage":"es"},{"@type":"WebPage","@id":"https:\/\/www.mundoagropecuario.cl\/new\/se-abre-el-mercado-de-arabia-saudita-para-la-miel-y-productos-apicolas-chilenos\/","url":"https:\/\/www.mundoagropecuario.cl\/new\/se-abre-el-mercado-de-arabia-saudita-para-la-miel-y-productos-apicolas-chilenos\/","name":"Se abre el mercado de Arabia Saudita para la miel y productos ap\u00edcolas chilenos - Mundoagropecuario","isPartOf":{"@id":"https:\/\/www.mundoagropecuario.cl\/new\/#website"},"primaryImageOfPage":{"@id":"https:\/\/www.mundoagropecuario.cl\/new\/se-abre-el-mercado-de-arabia-saudita-para-la-miel-y-productos-apicolas-chilenos\/#primaryimage"},"image":{"@id":"https:\/\/www.mundoagropecuario.cl\/new\/se-abre-el-mercado-de-arabia-saudita-para-la-miel-y-productos-apicolas-chilenos\/#primaryimage"},"thumbnailUrl":"https:\/\/www.mundoagropecuario.cl\/new\/wp-content\/uploads\/2021\/07\/miel-.jpeg","datePublished":"2021-07-12T14:29:12+00:00","dateModified":"2021-07-14T15:01:51+00:00","description":"La Ministra de Agricultura, Mar\u00eda Emilia Undurraga, comunico la apertura del mercado de Arabia Saudita para la miel","breadcrumb":{"@id":"https:\/\/www.mundoagropecuario.cl\/new\/se-abre-el-mercado-de-arabia-saudita-para-la-miel-y-productos-apicolas-chilenos\/#breadcrumb"},"inLanguage":"es","potentialAction":[{"@type":"ReadAction","target":["https:\/\/www.mundoagropecuario.cl\/new\/se-abre-el-mercado-de-arabia-saudita-para-la-miel-y-productos-apicolas-chilenos\/"]}]},{"@type":"ImageObject","inLanguage":"es","@id":"https:\/\/www.mundoagropecuario.cl\/new\/se-abre-el-mercado-de-arabia-saudita-para-la-miel-y-productos-apicolas-chilenos\/#primaryimage","url":"https:\/\/www.mundoagropecuario.cl\/new\/wp-content\/uploads\/2021\/07\/miel-.jpeg","contentUrl":"https:\/\/www.mundoagropecuario.cl\/new\/wp-content\/uploads\/2021\/07\/miel-.jpeg","width":600,"height":400},{"@type":"BreadcrumbList","@id":"https:\/\/www.mundoagropecuario.cl\/new\/se-abre-el-mercado-de-arabia-saudita-para-la-miel-y-productos-apicolas-chilenos\/#breadcrumb","itemListElement":[{"@type":"ListItem","position":1,"name":"Portada","item":"https:\/\/www.mundoagropecuario.cl\/new\/"},{"@type":"ListItem","position":2,"name":"Se abre el mercado de Arabia Saudita para la miel y productos ap\u00edcolas chilenos"}]},{"@type":"WebSite","@id":"https:\/\/www.mundoagropecuario.cl\/new\/#website","url":"https:\/\/www.mundoagropecuario.cl\/new\/","name":"Mundoagropecuario","description":"Mundo Agropecuario","publisher":{"@id":"https:\/\/www.mundoagropecuario.cl\/new\/#organization"},"potentialAction":[{"@type":"SearchAction","target":{"@type":"EntryPoint","urlTemplate":"https:\/\/www.mundoagropecuario.cl\/new\/?s={search_term_string}"},"query-input":{"@type":"PropertyValueSpecification","valueRequired":true,"valueName":"search_term_string"}}],"inLanguage":"es"},{"@type":"Organization","@id":"https:\/\/www.mundoagropecuario.cl\/new\/#organization","name":"Revista de Agricultura","url":"https:\/\/www.mundoagropecuario.cl\/new\/","logo":{"@type":"ImageObject","inLanguage":"es","@id":"https:\/\/www.mundoagropecuario.cl\/new\/#\/schema\/logo\/image\/","url":"https:\/\/www.mundoagropecuario.cl\/new\/wp-content\/uploads\/2020\/11\/PORTAL-1-1.png","contentUrl":"https:\/\/www.mundoagropecuario.cl\/new\/wp-content\/uploads\/2020\/11\/PORTAL-1-1.png","width":1026,"height":100,"caption":"Revista de Agricultura"},"image":{"@id":"https:\/\/www.mundoagropecuario.cl\/new\/#\/schema\/logo\/image\/"},"sameAs":["https:\/\/www.facebook.com\/mundo.agropecuario.3","https:\/\/x.com\/MundoAgropecuar","https:\/\/www.linkedin.com\/in\/mundo-agropecuario-934009201\/"]},{"@type":"Person","@id":"https:\/\/www.mundoagropecuario.cl\/new\/#\/schema\/person\/4e9f74a82a7dac260eb1c44b7eebeb18","name":"mundo","url":"https:\/\/www.mundoagropecuario.cl\/new\/author\/mundo\/"}]}},"_links":{"self":[{"href":"https:\/\/www.mundoagropecuario.cl\/new\/wp-json\/wp\/v2\/posts\/19624","targetHints":{"allow":["GET"]}}],"collection":[{"href":"https:\/\/www.mundoagropecuario.cl\/new\/wp-json\/wp\/v2\/posts"}],"about":[{"href":"https:\/\/www.mundoagropecuario.cl\/new\/wp-json\/wp\/v2\/types\/post"}],"author":[{"embeddable":true,"href":"https:\/\/www.mundoagropecuario.cl\/new\/wp-json\/wp\/v2\/users\/2"}],"replies":[{"embeddable":true,"href":"https:\/\/www.mundoagropecuario.cl\/new\/wp-json\/wp\/v2\/comments?post=19624"}],"version-history":[{"count":2,"href":"https:\/\/www.mundoagropecuario.cl\/new\/wp-json\/wp\/v2\/posts\/19624\/revisions"}],"predecessor-version":[{"id":19628,"href":"https:\/\/www.mundoagropecuario.cl\/new\/wp-json\/wp\/v2\/posts\/19624\/revisions\/19628"}],"wp:featuredmedia":[{"embeddable":true,"href":"https:\/\/www.mundoagropecuario.cl\/new\/wp-json\/wp\/v2\/media\/19625"}],"wp:attachment":[{"href":"https:\/\/www.mundoagropecuario.cl\/new\/wp-json\/wp\/v2\/media?parent=19624"}],"wp:term":[{"taxonomy":"category","embeddable":true,"href":"https:\/\/www.mundoagropecuario.cl\/new\/wp-json\/wp\/v2\/categories?post=19624"},{"taxonomy":"post_tag","embeddable":true,"href":"https:\/\/www.mundoagropecuario.cl\/new\/wp-json\/wp\/v2\/tags?post=19624"}],"curies":[{"name":"wp","href":"https:\/\/api.w.org\/{rel}","templated":true}]}}