{"id":19410,"date":"2021-06-18T12:19:30","date_gmt":"2021-06-18T15:19:30","guid":{"rendered":"https:\/\/www.mundoagropecuario.cl\/new\/?p=19410"},"modified":"2021-06-23T11:53:57","modified_gmt":"2021-06-23T14:53:57","slug":"conaf-reitera-prohibicion-de-acceso-a-cumbre-del-volcan-osorno","status":"publish","type":"post","link":"https:\/\/www.mundoagropecuario.cl\/new\/conaf-reitera-prohibicion-de-acceso-a-cumbre-del-volcan-osorno\/","title":{"rendered":"CONAF reitera prohibici\u00f3n de acceso a cumbre del volc\u00e1n Osorno"},"content":{"rendered":"<blockquote>\n<h2><span style=\"color: #003300;\">Por el no respeto de esta medida, se han registrado dos accidentes en los \u00faltimos d\u00edas, involucrando a 4 personas y un gran operativo para el rescate de ellas.<\/span><\/h2>\n<\/blockquote>\n<p>Un llamado a respetar la prohibici\u00f3n al acceso a la cumbre del volc\u00e1n Osorno, inserta en el Parque Nacional Vicente P\u00e9rez Rosales, realiz\u00f3 nuevamente la Corporaci\u00f3n Nacional Forestal (CONAF) Regi\u00f3n de Los Lagos.<\/p>\n<p>La medida obedece a razones de seguridad, ya que la ruta de ascenso a la cumbre del volc\u00e1n Osorno, en este periodo, pierde\u00a0 su manto nevoso, lo que genera el desprendimiento de rocas de distintas dimensiones, lo que puede provocar accidente a los escaladores. Ante esto, por medidas de seguridad, se decret\u00f3 el\u00a0 cierre de la ruta\u00a0 para todo monta\u00f1ista hacia la cumbre y otros destinos dentro del glaciar, a fin de evitar accidentes por rodados de rocas, placas de hielo o ca\u00eddas accidentales a las grietas.<\/p>\n<p>Adem\u00e1s, durante los \u00faltimos d\u00edas, se han registrado dos accidentes que involucran a monta\u00f1istas. Uno de ellos fue a 2.200 metros de altura en la ladera del volc\u00e1n Osorno, donde una persona sufri\u00f3 fractura en una de sus piernas, y fue trasladado en helic\u00f3ptero hasta el Hospital Base de Puerto Montt.<\/p>\n<p>El otro accidente ocurri\u00f3 en el sector La Picada-Cascadas, donde tres personas se accidentaron a m\u00e1s de 1.440 metros, tambi\u00e9n en el lado norte del volc\u00e1n Osorno. Todos los heridos fueron trasladados hasta el Hospital de Puerto Octay, demorando 8 horas el operativo de rescate, encabezados por guardaparques de CONAF, el Cuerpo de Socorro Andino y Bomberos.<\/p>\n<p>Al respecto, Jorge Aichele, director regional de CONAF Los Lagos enfatiz\u00f3 que \u201cdesde el mes de febrero de 2021 se encuentran prohibidas las actividades de monta\u00f1ismo en el volc\u00e1n Osorno, esto por razones de seguridad debido a condiciones poco estables de la ruta. En estos \u00faltimos d\u00edas hemos tenido dos accidentes con consecuencias graves, debido a la irresponsabilidad de personas que ignorando la prohibici\u00f3n de realizar actividades de monta\u00f1a, intentaron el ascenso al volc\u00e1n. CONAF insiste en la necesidad de respetar las prohibiciones que tienen como objetivo resguardar la seguridad de los visitantes y de nuestros guardaparques\u201d.<\/p>\n","protected":false},"excerpt":{"rendered":"<p>Un llamado a respetar la prohibici\u00f3n al acceso a la cumbre del volc\u00e1n Osorno, inserta en el Parque Nacional Vicente P\u00e9rez Rosales, realiz\u00f3 nuevamente la Corporaci\u00f3n Nacional Forestal (CONAF) Regi\u00f3n de Los Lagos.<\/p>\n","protected":false},"author":2,"featured_media":19413,"comment_status":"closed","ping_status":"closed","sticky":false,"template":"","format":"standard","meta":{"footnotes":""},"categories":[1945],"tags":[876,5144,5143,1932],"class_list":["post-19410","post","type-post","status-publish","format-standard","has-post-thumbnail","hentry","category-agricultura","tag-conaf","tag-director-regional-de-conaf","tag-jorge-aichele","tag-volcan-osorno"],"yoast_head":"<!-- This site is optimized with the Yoast SEO plugin v26.6 - https:\/\/yoast.com\/wordpress\/plugins\/seo\/ -->\n<title>CONAF reitera prohibici\u00f3n de acceso a cumbre del volc\u00e1n Osorno - Mundoagropecuario<\/title>\n<meta name=\"description\" content=\"La medida obedece a razones de seguridad, ya que la ruta de ascenso a la cumbre del volc\u00e1n Osorno, en este periodo, pierde\u00a0 su manto nevoso.\" \/>\n<meta name=\"robots\" content=\"index, follow, max-snippet:-1, max-image-preview:large, max-video-preview:-1\" \/>\n<link rel=\"canonical\" href=\"https:\/\/www.mundoagropecuario.cl\/new\/conaf-reitera-prohibicion-de-acceso-a-cumbre-del-volcan-osorno\/\" \/>\n<meta property=\"og:locale\" content=\"es_ES\" \/>\n<meta property=\"og:type\" content=\"article\" \/>\n<meta property=\"og:title\" content=\"CONAF reitera prohibici\u00f3n de acceso a cumbre del volc\u00e1n Osorno - Mundoagropecuario\" \/>\n<meta property=\"og:description\" content=\"La medida obedece a razones de seguridad, ya que la ruta de ascenso a la cumbre del volc\u00e1n Osorno, en este periodo, pierde\u00a0 su manto nevoso.\" \/>\n<meta property=\"og:url\" content=\"https:\/\/www.mundoagropecuario.cl\/new\/conaf-reitera-prohibicion-de-acceso-a-cumbre-del-volcan-osorno\/\" \/>\n<meta property=\"og:site_name\" content=\"Mundoagropecuario\" \/>\n<meta property=\"article:publisher\" content=\"https:\/\/www.facebook.com\/mundo.agropecuario.3\" \/>\n<meta property=\"article:published_time\" content=\"2021-06-18T15:19:30+00:00\" \/>\n<meta property=\"article:modified_time\" content=\"2021-06-23T14:53:57+00:00\" \/>\n<meta property=\"og:image\" content=\"https:\/\/www.mundoagropecuario.cl\/new\/wp-content\/uploads\/2021\/06\/Vocan-osorno-scaled.jpeg\" \/>\n\t<meta property=\"og:image:width\" content=\"1024\" \/>\n\t<meta property=\"og:image:height\" content=\"576\" \/>\n\t<meta property=\"og:image:type\" content=\"image\/jpeg\" \/>\n<meta name=\"author\" content=\"mundo\" \/>\n<meta name=\"twitter:card\" content=\"summary_large_image\" \/>\n<meta name=\"twitter:creator\" content=\"@MundoAgropecuar\" \/>\n<meta name=\"twitter:site\" content=\"@MundoAgropecuar\" \/>\n<meta name=\"twitter:label1\" content=\"Escrito por\" \/>\n\t<meta name=\"twitter:data1\" content=\"mundo\" \/>\n\t<meta name=\"twitter:label2\" content=\"Tiempo de lectura\" \/>\n\t<meta name=\"twitter:data2\" content=\"2 minutos\" \/>\n<script type=\"application\/ld+json\" class=\"yoast-schema-graph\">{\"@context\":\"https:\/\/schema.org\",\"@graph\":[{\"@type\":\"Article\",\"@id\":\"https:\/\/www.mundoagropecuario.cl\/new\/conaf-reitera-prohibicion-de-acceso-a-cumbre-del-volcan-osorno\/#article\",\"isPartOf\":{\"@id\":\"https:\/\/www.mundoagropecuario.cl\/new\/conaf-reitera-prohibicion-de-acceso-a-cumbre-del-volcan-osorno\/\"},\"author\":{\"name\":\"mundo\",\"@id\":\"https:\/\/www.mundoagropecuario.cl\/new\/#\/schema\/person\/4e9f74a82a7dac260eb1c44b7eebeb18\"},\"headline\":\"CONAF reitera prohibici\u00f3n de acceso a cumbre del volc\u00e1n Osorno\",\"datePublished\":\"2021-06-18T15:19:30+00:00\",\"dateModified\":\"2021-06-23T14:53:57+00:00\",\"mainEntityOfPage\":{\"@id\":\"https:\/\/www.mundoagropecuario.cl\/new\/conaf-reitera-prohibicion-de-acceso-a-cumbre-del-volcan-osorno\/\"},\"wordCount\":384,\"publisher\":{\"@id\":\"https:\/\/www.mundoagropecuario.cl\/new\/#organization\"},\"image\":{\"@id\":\"https:\/\/www.mundoagropecuario.cl\/new\/conaf-reitera-prohibicion-de-acceso-a-cumbre-del-volcan-osorno\/#primaryimage\"},\"thumbnailUrl\":\"https:\/\/www.mundoagropecuario.cl\/new\/wp-content\/uploads\/2021\/06\/Vocan-osorno-scaled.jpeg\",\"keywords\":[\"Conaf\",\"director regional de CONAF\",\"Jorge Aichele\",\"Volc\u00e1n Osorno\"],\"articleSection\":[\"Agricultura\"],\"inLanguage\":\"es\"},{\"@type\":\"WebPage\",\"@id\":\"https:\/\/www.mundoagropecuario.cl\/new\/conaf-reitera-prohibicion-de-acceso-a-cumbre-del-volcan-osorno\/\",\"url\":\"https:\/\/www.mundoagropecuario.cl\/new\/conaf-reitera-prohibicion-de-acceso-a-cumbre-del-volcan-osorno\/\",\"name\":\"CONAF reitera prohibici\u00f3n de acceso a cumbre del volc\u00e1n Osorno - Mundoagropecuario\",\"isPartOf\":{\"@id\":\"https:\/\/www.mundoagropecuario.cl\/new\/#website\"},\"primaryImageOfPage\":{\"@id\":\"https:\/\/www.mundoagropecuario.cl\/new\/conaf-reitera-prohibicion-de-acceso-a-cumbre-del-volcan-osorno\/#primaryimage\"},\"image\":{\"@id\":\"https:\/\/www.mundoagropecuario.cl\/new\/conaf-reitera-prohibicion-de-acceso-a-cumbre-del-volcan-osorno\/#primaryimage\"},\"thumbnailUrl\":\"https:\/\/www.mundoagropecuario.cl\/new\/wp-content\/uploads\/2021\/06\/Vocan-osorno-scaled.jpeg\",\"datePublished\":\"2021-06-18T15:19:30+00:00\",\"dateModified\":\"2021-06-23T14:53:57+00:00\",\"description\":\"La medida obedece a razones de seguridad, ya que la ruta de ascenso a la cumbre del volc\u00e1n Osorno, en este periodo, pierde\u00a0 su manto nevoso.\",\"breadcrumb\":{\"@id\":\"https:\/\/www.mundoagropecuario.cl\/new\/conaf-reitera-prohibicion-de-acceso-a-cumbre-del-volcan-osorno\/#breadcrumb\"},\"inLanguage\":\"es\",\"potentialAction\":[{\"@type\":\"ReadAction\",\"target\":[\"https:\/\/www.mundoagropecuario.cl\/new\/conaf-reitera-prohibicion-de-acceso-a-cumbre-del-volcan-osorno\/\"]}]},{\"@type\":\"ImageObject\",\"inLanguage\":\"es\",\"@id\":\"https:\/\/www.mundoagropecuario.cl\/new\/conaf-reitera-prohibicion-de-acceso-a-cumbre-del-volcan-osorno\/#primaryimage\",\"url\":\"https:\/\/www.mundoagropecuario.cl\/new\/wp-content\/uploads\/2021\/06\/Vocan-osorno-scaled.jpeg\",\"contentUrl\":\"https:\/\/www.mundoagropecuario.cl\/new\/wp-content\/uploads\/2021\/06\/Vocan-osorno-scaled.jpeg\",\"width\":711,\"height\":400},{\"@type\":\"BreadcrumbList\",\"@id\":\"https:\/\/www.mundoagropecuario.cl\/new\/conaf-reitera-prohibicion-de-acceso-a-cumbre-del-volcan-osorno\/#breadcrumb\",\"itemListElement\":[{\"@type\":\"ListItem\",\"position\":1,\"name\":\"Portada\",\"item\":\"https:\/\/www.mundoagropecuario.cl\/new\/\"},{\"@type\":\"ListItem\",\"position\":2,\"name\":\"CONAF reitera prohibici\u00f3n de acceso a cumbre del volc\u00e1n Osorno\"}]},{\"@type\":\"WebSite\",\"@id\":\"https:\/\/www.mundoagropecuario.cl\/new\/#website\",\"url\":\"https:\/\/www.mundoagropecuario.cl\/new\/\",\"name\":\"Mundoagropecuario\",\"description\":\"Mundo Agropecuario\",\"publisher\":{\"@id\":\"https:\/\/www.mundoagropecuario.cl\/new\/#organization\"},\"potentialAction\":[{\"@type\":\"SearchAction\",\"target\":{\"@type\":\"EntryPoint\",\"urlTemplate\":\"https:\/\/www.mundoagropecuario.cl\/new\/?s={search_term_string}\"},\"query-input\":{\"@type\":\"PropertyValueSpecification\",\"valueRequired\":true,\"valueName\":\"search_term_string\"}}],\"inLanguage\":\"es\"},{\"@type\":\"Organization\",\"@id\":\"https:\/\/www.mundoagropecuario.cl\/new\/#organization\",\"name\":\"Revista de Agricultura\",\"url\":\"https:\/\/www.mundoagropecuario.cl\/new\/\",\"logo\":{\"@type\":\"ImageObject\",\"inLanguage\":\"es\",\"@id\":\"https:\/\/www.mundoagropecuario.cl\/new\/#\/schema\/logo\/image\/\",\"url\":\"https:\/\/www.mundoagropecuario.cl\/new\/wp-content\/uploads\/2020\/11\/PORTAL-1-1.png\",\"contentUrl\":\"https:\/\/www.mundoagropecuario.cl\/new\/wp-content\/uploads\/2020\/11\/PORTAL-1-1.png\",\"width\":1026,\"height\":100,\"caption\":\"Revista de Agricultura\"},\"image\":{\"@id\":\"https:\/\/www.mundoagropecuario.cl\/new\/#\/schema\/logo\/image\/\"},\"sameAs\":[\"https:\/\/www.facebook.com\/mundo.agropecuario.3\",\"https:\/\/x.com\/MundoAgropecuar\",\"https:\/\/www.linkedin.com\/in\/mundo-agropecuario-934009201\/\"]},{\"@type\":\"Person\",\"@id\":\"https:\/\/www.mundoagropecuario.cl\/new\/#\/schema\/person\/4e9f74a82a7dac260eb1c44b7eebeb18\",\"name\":\"mundo\",\"url\":\"https:\/\/www.mundoagropecuario.cl\/new\/author\/mundo\/\"}]}<\/script>\n<!-- \/ Yoast SEO plugin. -->","yoast_head_json":{"title":"CONAF reitera prohibici\u00f3n de acceso a cumbre del volc\u00e1n Osorno - Mundoagropecuario","description":"La medida obedece a razones de seguridad, ya que la ruta de ascenso a la cumbre del volc\u00e1n Osorno, en este periodo, pierde\u00a0 su manto nevoso.","robots":{"index":"index","follow":"follow","max-snippet":"max-snippet:-1","max-image-preview":"max-image-preview:large","max-video-preview":"max-video-preview:-1"},"canonical":"https:\/\/www.mundoagropecuario.cl\/new\/conaf-reitera-prohibicion-de-acceso-a-cumbre-del-volcan-osorno\/","og_locale":"es_ES","og_type":"article","og_title":"CONAF reitera prohibici\u00f3n de acceso a cumbre del volc\u00e1n Osorno - Mundoagropecuario","og_description":"La medida obedece a razones de seguridad, ya que la ruta de ascenso a la cumbre del volc\u00e1n Osorno, en este periodo, pierde\u00a0 su manto nevoso.","og_url":"https:\/\/www.mundoagropecuario.cl\/new\/conaf-reitera-prohibicion-de-acceso-a-cumbre-del-volcan-osorno\/","og_site_name":"Mundoagropecuario","article_publisher":"https:\/\/www.facebook.com\/mundo.agropecuario.3","article_published_time":"2021-06-18T15:19:30+00:00","article_modified_time":"2021-06-23T14:53:57+00:00","og_image":[{"width":1024,"height":576,"url":"https:\/\/www.mundoagropecuario.cl\/new\/wp-content\/uploads\/2021\/06\/Vocan-osorno-scaled.jpeg","type":"image\/jpeg"}],"author":"mundo","twitter_card":"summary_large_image","twitter_creator":"@MundoAgropecuar","twitter_site":"@MundoAgropecuar","twitter_misc":{"Escrito por":"mundo","Tiempo de lectura":"2 minutos"},"schema":{"@context":"https:\/\/schema.org","@graph":[{"@type":"Article","@id":"https:\/\/www.mundoagropecuario.cl\/new\/conaf-reitera-prohibicion-de-acceso-a-cumbre-del-volcan-osorno\/#article","isPartOf":{"@id":"https:\/\/www.mundoagropecuario.cl\/new\/conaf-reitera-prohibicion-de-acceso-a-cumbre-del-volcan-osorno\/"},"author":{"name":"mundo","@id":"https:\/\/www.mundoagropecuario.cl\/new\/#\/schema\/person\/4e9f74a82a7dac260eb1c44b7eebeb18"},"headline":"CONAF reitera prohibici\u00f3n de acceso a cumbre del volc\u00e1n Osorno","datePublished":"2021-06-18T15:19:30+00:00","dateModified":"2021-06-23T14:53:57+00:00","mainEntityOfPage":{"@id":"https:\/\/www.mundoagropecuario.cl\/new\/conaf-reitera-prohibicion-de-acceso-a-cumbre-del-volcan-osorno\/"},"wordCount":384,"publisher":{"@id":"https:\/\/www.mundoagropecuario.cl\/new\/#organization"},"image":{"@id":"https:\/\/www.mundoagropecuario.cl\/new\/conaf-reitera-prohibicion-de-acceso-a-cumbre-del-volcan-osorno\/#primaryimage"},"thumbnailUrl":"https:\/\/www.mundoagropecuario.cl\/new\/wp-content\/uploads\/2021\/06\/Vocan-osorno-scaled.jpeg","keywords":["Conaf","director regional de CONAF","Jorge Aichele","Volc\u00e1n Osorno"],"articleSection":["Agricultura"],"inLanguage":"es"},{"@type":"WebPage","@id":"https:\/\/www.mundoagropecuario.cl\/new\/conaf-reitera-prohibicion-de-acceso-a-cumbre-del-volcan-osorno\/","url":"https:\/\/www.mundoagropecuario.cl\/new\/conaf-reitera-prohibicion-de-acceso-a-cumbre-del-volcan-osorno\/","name":"CONAF reitera prohibici\u00f3n de acceso a cumbre del volc\u00e1n Osorno - Mundoagropecuario","isPartOf":{"@id":"https:\/\/www.mundoagropecuario.cl\/new\/#website"},"primaryImageOfPage":{"@id":"https:\/\/www.mundoagropecuario.cl\/new\/conaf-reitera-prohibicion-de-acceso-a-cumbre-del-volcan-osorno\/#primaryimage"},"image":{"@id":"https:\/\/www.mundoagropecuario.cl\/new\/conaf-reitera-prohibicion-de-acceso-a-cumbre-del-volcan-osorno\/#primaryimage"},"thumbnailUrl":"https:\/\/www.mundoagropecuario.cl\/new\/wp-content\/uploads\/2021\/06\/Vocan-osorno-scaled.jpeg","datePublished":"2021-06-18T15:19:30+00:00","dateModified":"2021-06-23T14:53:57+00:00","description":"La medida obedece a razones de seguridad, ya que la ruta de ascenso a la cumbre del volc\u00e1n Osorno, en este periodo, pierde\u00a0 su manto nevoso.","breadcrumb":{"@id":"https:\/\/www.mundoagropecuario.cl\/new\/conaf-reitera-prohibicion-de-acceso-a-cumbre-del-volcan-osorno\/#breadcrumb"},"inLanguage":"es","potentialAction":[{"@type":"ReadAction","target":["https:\/\/www.mundoagropecuario.cl\/new\/conaf-reitera-prohibicion-de-acceso-a-cumbre-del-volcan-osorno\/"]}]},{"@type":"ImageObject","inLanguage":"es","@id":"https:\/\/www.mundoagropecuario.cl\/new\/conaf-reitera-prohibicion-de-acceso-a-cumbre-del-volcan-osorno\/#primaryimage","url":"https:\/\/www.mundoagropecuario.cl\/new\/wp-content\/uploads\/2021\/06\/Vocan-osorno-scaled.jpeg","contentUrl":"https:\/\/www.mundoagropecuario.cl\/new\/wp-content\/uploads\/2021\/06\/Vocan-osorno-scaled.jpeg","width":711,"height":400},{"@type":"BreadcrumbList","@id":"https:\/\/www.mundoagropecuario.cl\/new\/conaf-reitera-prohibicion-de-acceso-a-cumbre-del-volcan-osorno\/#breadcrumb","itemListElement":[{"@type":"ListItem","position":1,"name":"Portada","item":"https:\/\/www.mundoagropecuario.cl\/new\/"},{"@type":"ListItem","position":2,"name":"CONAF reitera prohibici\u00f3n de acceso a cumbre del volc\u00e1n Osorno"}]},{"@type":"WebSite","@id":"https:\/\/www.mundoagropecuario.cl\/new\/#website","url":"https:\/\/www.mundoagropecuario.cl\/new\/","name":"Mundoagropecuario","description":"Mundo Agropecuario","publisher":{"@id":"https:\/\/www.mundoagropecuario.cl\/new\/#organization"},"potentialAction":[{"@type":"SearchAction","target":{"@type":"EntryPoint","urlTemplate":"https:\/\/www.mundoagropecuario.cl\/new\/?s={search_term_string}"},"query-input":{"@type":"PropertyValueSpecification","valueRequired":true,"valueName":"search_term_string"}}],"inLanguage":"es"},{"@type":"Organization","@id":"https:\/\/www.mundoagropecuario.cl\/new\/#organization","name":"Revista de Agricultura","url":"https:\/\/www.mundoagropecuario.cl\/new\/","logo":{"@type":"ImageObject","inLanguage":"es","@id":"https:\/\/www.mundoagropecuario.cl\/new\/#\/schema\/logo\/image\/","url":"https:\/\/www.mundoagropecuario.cl\/new\/wp-content\/uploads\/2020\/11\/PORTAL-1-1.png","contentUrl":"https:\/\/www.mundoagropecuario.cl\/new\/wp-content\/uploads\/2020\/11\/PORTAL-1-1.png","width":1026,"height":100,"caption":"Revista de Agricultura"},"image":{"@id":"https:\/\/www.mundoagropecuario.cl\/new\/#\/schema\/logo\/image\/"},"sameAs":["https:\/\/www.facebook.com\/mundo.agropecuario.3","https:\/\/x.com\/MundoAgropecuar","https:\/\/www.linkedin.com\/in\/mundo-agropecuario-934009201\/"]},{"@type":"Person","@id":"https:\/\/www.mundoagropecuario.cl\/new\/#\/schema\/person\/4e9f74a82a7dac260eb1c44b7eebeb18","name":"mundo","url":"https:\/\/www.mundoagropecuario.cl\/new\/author\/mundo\/"}]}},"_links":{"self":[{"href":"https:\/\/www.mundoagropecuario.cl\/new\/wp-json\/wp\/v2\/posts\/19410","targetHints":{"allow":["GET"]}}],"collection":[{"href":"https:\/\/www.mundoagropecuario.cl\/new\/wp-json\/wp\/v2\/posts"}],"about":[{"href":"https:\/\/www.mundoagropecuario.cl\/new\/wp-json\/wp\/v2\/types\/post"}],"author":[{"embeddable":true,"href":"https:\/\/www.mundoagropecuario.cl\/new\/wp-json\/wp\/v2\/users\/2"}],"replies":[{"embeddable":true,"href":"https:\/\/www.mundoagropecuario.cl\/new\/wp-json\/wp\/v2\/comments?post=19410"}],"version-history":[{"count":1,"href":"https:\/\/www.mundoagropecuario.cl\/new\/wp-json\/wp\/v2\/posts\/19410\/revisions"}],"predecessor-version":[{"id":19412,"href":"https:\/\/www.mundoagropecuario.cl\/new\/wp-json\/wp\/v2\/posts\/19410\/revisions\/19412"}],"wp:featuredmedia":[{"embeddable":true,"href":"https:\/\/www.mundoagropecuario.cl\/new\/wp-json\/wp\/v2\/media\/19413"}],"wp:attachment":[{"href":"https:\/\/www.mundoagropecuario.cl\/new\/wp-json\/wp\/v2\/media?parent=19410"}],"wp:term":[{"taxonomy":"category","embeddable":true,"href":"https:\/\/www.mundoagropecuario.cl\/new\/wp-json\/wp\/v2\/categories?post=19410"},{"taxonomy":"post_tag","embeddable":true,"href":"https:\/\/www.mundoagropecuario.cl\/new\/wp-json\/wp\/v2\/tags?post=19410"}],"curies":[{"name":"wp","href":"https:\/\/api.w.org\/{rel}","templated":true}]}}