{"id":19385,"date":"2021-06-17T11:44:19","date_gmt":"2021-06-17T14:44:19","guid":{"rendered":"https:\/\/www.mundoagropecuario.cl\/new\/?p=19385"},"modified":"2021-06-22T11:27:44","modified_gmt":"2021-06-22T14:27:44","slug":"desertificacion-y-sequia-el-dramatico-escenario-que-hoy-enfrenta-el-mundo-rural","status":"publish","type":"post","link":"https:\/\/www.mundoagropecuario.cl\/new\/desertificacion-y-sequia-el-dramatico-escenario-que-hoy-enfrenta-el-mundo-rural\/","title":{"rendered":"Desertificaci\u00f3n y Sequ\u00eda: El dram\u00e1tico escenario que hoy enfrenta el mundo rural"},"content":{"rendered":"<blockquote>\n<h2><span style=\"color: #003366;\"><strong><em>Columna de opini\u00f3n de Alejandro Espinoza: CEO de MedidorInteligente.cl<\/em><\/strong><\/span><\/h2>\n<\/blockquote>\n<p><a href=\"https:\/\/www.mundoagropecuario.cl\/new\/wp-content\/uploads\/2021\/06\/DJI_0083.jpg\"><img loading=\"lazy\" decoding=\"async\" class=\" wp-image-19387\" src=\"https:\/\/www.mundoagropecuario.cl\/new\/wp-content\/uploads\/2021\/06\/DJI_0083-586x329.jpg\" alt=\"\" width=\"521\" height=\"293\" srcset=\"https:\/\/www.mundoagropecuario.cl\/new\/wp-content\/uploads\/2021\/06\/DJI_0083-586x329.jpg 586w, https:\/\/www.mundoagropecuario.cl\/new\/wp-content\/uploads\/2021\/06\/DJI_0083-768x432.jpg 768w, https:\/\/www.mundoagropecuario.cl\/new\/wp-content\/uploads\/2021\/06\/DJI_0083.jpg 711w\" sizes=\"auto, (max-width: 521px) 100vw, 521px\" \/><\/a><\/p>\n<p>Este 17 de junio celebramos el \u201cD\u00eda de la Lucha contra la Desertificaci\u00f3n y la Sequ\u00eda\u201d, un tema que para la mayor\u00eda de los chilenos es familiar debido al dram\u00e1tico d\u00e9ficit h\u00eddrico que atraviesa gran parte del pa\u00eds. Pero, la megasequ\u00eda est\u00e1 afectando particularmente el escenario rural de las regiones de Coquimbo y Los Lagos, donde la escasez de agua dificulta el desarrollo de la agricultura y la ganader\u00eda, adem\u00e1s del propio consumo humano.<\/p>\n<p>Por esta raz\u00f3n es urgente que hoy y no ma\u00f1ana, independientemente del gobierno de turno, las autoridades y los organismos responsables de gestionar y administrar el agua; enti\u00e9ndase municipios, comit\u00e9s o cooperativas de Agua Potable Rural (APR), tomen las medidas necesarias para asegurar el abastecimiento a los habitantes del mundo rural en Chile.<\/p>\n<p>Con tama\u00f1a emergencia, lleg\u00f3 el momento de impulsar una I+D que permita la construcci\u00f3n de la infraestructura de vanguardia y la generaci\u00f3n de tecnolog\u00edas avanzadas para el control del agua, como el riego por goteo, o el reciclaje y reutilizaci\u00f3n del recurso h\u00eddrico. No hay tiempo que perder, debemos implementar ya pol\u00edticas p\u00fablicas que aseguren el vital elemento, tanto para el consumo humano como para la producci\u00f3n y cultivo.<\/p>\n","protected":false},"excerpt":{"rendered":"<p>Este 17 de junio celebramos el \u201cD\u00eda de la Lucha contra la Desertificaci\u00f3n y la Sequ\u00eda\u201d, un tema que para la mayor\u00eda de los chilenos es familiar debido al dram\u00e1tico d\u00e9ficit h\u00eddrico que atraviesa gran parte del pa\u00eds<\/p>\n","protected":false},"author":2,"featured_media":19386,"comment_status":"closed","ping_status":"closed","sticky":false,"template":"","format":"standard","meta":{"footnotes":""},"categories":[1945],"tags":[2090,3127,2696,5849,5848,5847],"class_list":["post-19385","post","type-post","status-publish","format-standard","has-post-thumbnail","hentry","category-agricultura","tag-agricultura","tag-agro","tag-agua","tag-alejandro-espinoza-ceo","tag-desertificacion-y-sequia","tag-medidorinteligente-cl"],"yoast_head":"<!-- This site is optimized with the Yoast SEO plugin v26.6 - https:\/\/yoast.com\/wordpress\/plugins\/seo\/ -->\n<title>Desertificaci\u00f3n y Sequ\u00eda: El dram\u00e1tico escenario que hoy enfrenta el mundo rural - Mundoagropecuario<\/title>\n<meta name=\"description\" content=\"la Desertificaci\u00f3n y la Sequ\u00eda\u201d, un tema que para la mayor\u00eda de los chilenos debido al dram\u00e1tico d\u00e9ficit h\u00eddrico\" \/>\n<meta name=\"robots\" content=\"index, follow, max-snippet:-1, max-image-preview:large, max-video-preview:-1\" \/>\n<link rel=\"canonical\" href=\"https:\/\/www.mundoagropecuario.cl\/new\/desertificacion-y-sequia-el-dramatico-escenario-que-hoy-enfrenta-el-mundo-rural\/\" \/>\n<meta property=\"og:locale\" content=\"es_ES\" \/>\n<meta property=\"og:type\" content=\"article\" \/>\n<meta property=\"og:title\" content=\"Desertificaci\u00f3n y Sequ\u00eda: El dram\u00e1tico escenario que hoy enfrenta el mundo rural - Mundoagropecuario\" \/>\n<meta property=\"og:description\" content=\"la Desertificaci\u00f3n y la Sequ\u00eda\u201d, un tema que para la mayor\u00eda de los chilenos debido al dram\u00e1tico d\u00e9ficit h\u00eddrico\" \/>\n<meta property=\"og:url\" content=\"https:\/\/www.mundoagropecuario.cl\/new\/desertificacion-y-sequia-el-dramatico-escenario-que-hoy-enfrenta-el-mundo-rural\/\" \/>\n<meta property=\"og:site_name\" content=\"Mundoagropecuario\" \/>\n<meta property=\"article:publisher\" content=\"https:\/\/www.facebook.com\/mundo.agropecuario.3\" \/>\n<meta property=\"article:published_time\" content=\"2021-06-17T14:44:19+00:00\" \/>\n<meta property=\"article:modified_time\" content=\"2021-06-22T14:27:44+00:00\" \/>\n<meta property=\"og:image\" content=\"https:\/\/www.mundoagropecuario.cl\/new\/wp-content\/uploads\/2021\/06\/Alejandro-Espinoza.jpg\" \/>\n\t<meta property=\"og:image:width\" content=\"840\" \/>\n\t<meta property=\"og:image:height\" content=\"560\" \/>\n\t<meta property=\"og:image:type\" content=\"image\/jpeg\" \/>\n<meta name=\"author\" content=\"mundo\" \/>\n<meta name=\"twitter:card\" content=\"summary_large_image\" \/>\n<meta name=\"twitter:creator\" content=\"@MundoAgropecuar\" \/>\n<meta name=\"twitter:site\" content=\"@MundoAgropecuar\" \/>\n<meta name=\"twitter:label1\" content=\"Escrito por\" \/>\n\t<meta name=\"twitter:data1\" content=\"mundo\" \/>\n\t<meta name=\"twitter:label2\" content=\"Tiempo de lectura\" \/>\n\t<meta name=\"twitter:data2\" content=\"2 minutos\" \/>\n<script type=\"application\/ld+json\" class=\"yoast-schema-graph\">{\"@context\":\"https:\/\/schema.org\",\"@graph\":[{\"@type\":\"Article\",\"@id\":\"https:\/\/www.mundoagropecuario.cl\/new\/desertificacion-y-sequia-el-dramatico-escenario-que-hoy-enfrenta-el-mundo-rural\/#article\",\"isPartOf\":{\"@id\":\"https:\/\/www.mundoagropecuario.cl\/new\/desertificacion-y-sequia-el-dramatico-escenario-que-hoy-enfrenta-el-mundo-rural\/\"},\"author\":{\"name\":\"mundo\",\"@id\":\"https:\/\/www.mundoagropecuario.cl\/new\/#\/schema\/person\/4e9f74a82a7dac260eb1c44b7eebeb18\"},\"headline\":\"Desertificaci\u00f3n y Sequ\u00eda: El dram\u00e1tico escenario que hoy enfrenta el mundo rural\",\"datePublished\":\"2021-06-17T14:44:19+00:00\",\"dateModified\":\"2021-06-22T14:27:44+00:00\",\"mainEntityOfPage\":{\"@id\":\"https:\/\/www.mundoagropecuario.cl\/new\/desertificacion-y-sequia-el-dramatico-escenario-que-hoy-enfrenta-el-mundo-rural\/\"},\"wordCount\":246,\"publisher\":{\"@id\":\"https:\/\/www.mundoagropecuario.cl\/new\/#organization\"},\"image\":{\"@id\":\"https:\/\/www.mundoagropecuario.cl\/new\/desertificacion-y-sequia-el-dramatico-escenario-que-hoy-enfrenta-el-mundo-rural\/#primaryimage\"},\"thumbnailUrl\":\"https:\/\/www.mundoagropecuario.cl\/new\/wp-content\/uploads\/2021\/06\/Alejandro-Espinoza.jpg\",\"keywords\":[\"Agricultura\",\"Agro\",\"agua\",\"Alejandro Espinoza: CEO\",\"Desertificaci\u00f3n y Sequ\u00eda\",\"MedidorInteligente.cl\"],\"articleSection\":[\"Agricultura\"],\"inLanguage\":\"es\"},{\"@type\":\"WebPage\",\"@id\":\"https:\/\/www.mundoagropecuario.cl\/new\/desertificacion-y-sequia-el-dramatico-escenario-que-hoy-enfrenta-el-mundo-rural\/\",\"url\":\"https:\/\/www.mundoagropecuario.cl\/new\/desertificacion-y-sequia-el-dramatico-escenario-que-hoy-enfrenta-el-mundo-rural\/\",\"name\":\"Desertificaci\u00f3n y Sequ\u00eda: El dram\u00e1tico escenario que hoy enfrenta el mundo rural - Mundoagropecuario\",\"isPartOf\":{\"@id\":\"https:\/\/www.mundoagropecuario.cl\/new\/#website\"},\"primaryImageOfPage\":{\"@id\":\"https:\/\/www.mundoagropecuario.cl\/new\/desertificacion-y-sequia-el-dramatico-escenario-que-hoy-enfrenta-el-mundo-rural\/#primaryimage\"},\"image\":{\"@id\":\"https:\/\/www.mundoagropecuario.cl\/new\/desertificacion-y-sequia-el-dramatico-escenario-que-hoy-enfrenta-el-mundo-rural\/#primaryimage\"},\"thumbnailUrl\":\"https:\/\/www.mundoagropecuario.cl\/new\/wp-content\/uploads\/2021\/06\/Alejandro-Espinoza.jpg\",\"datePublished\":\"2021-06-17T14:44:19+00:00\",\"dateModified\":\"2021-06-22T14:27:44+00:00\",\"description\":\"la Desertificaci\u00f3n y la Sequ\u00eda\u201d, un tema que para la mayor\u00eda de los chilenos debido al dram\u00e1tico d\u00e9ficit h\u00eddrico\",\"breadcrumb\":{\"@id\":\"https:\/\/www.mundoagropecuario.cl\/new\/desertificacion-y-sequia-el-dramatico-escenario-que-hoy-enfrenta-el-mundo-rural\/#breadcrumb\"},\"inLanguage\":\"es\",\"potentialAction\":[{\"@type\":\"ReadAction\",\"target\":[\"https:\/\/www.mundoagropecuario.cl\/new\/desertificacion-y-sequia-el-dramatico-escenario-que-hoy-enfrenta-el-mundo-rural\/\"]}]},{\"@type\":\"ImageObject\",\"inLanguage\":\"es\",\"@id\":\"https:\/\/www.mundoagropecuario.cl\/new\/desertificacion-y-sequia-el-dramatico-escenario-que-hoy-enfrenta-el-mundo-rural\/#primaryimage\",\"url\":\"https:\/\/www.mundoagropecuario.cl\/new\/wp-content\/uploads\/2021\/06\/Alejandro-Espinoza.jpg\",\"contentUrl\":\"https:\/\/www.mundoagropecuario.cl\/new\/wp-content\/uploads\/2021\/06\/Alejandro-Espinoza.jpg\",\"width\":600,\"height\":400},{\"@type\":\"BreadcrumbList\",\"@id\":\"https:\/\/www.mundoagropecuario.cl\/new\/desertificacion-y-sequia-el-dramatico-escenario-que-hoy-enfrenta-el-mundo-rural\/#breadcrumb\",\"itemListElement\":[{\"@type\":\"ListItem\",\"position\":1,\"name\":\"Portada\",\"item\":\"https:\/\/www.mundoagropecuario.cl\/new\/\"},{\"@type\":\"ListItem\",\"position\":2,\"name\":\"Desertificaci\u00f3n y Sequ\u00eda: El dram\u00e1tico escenario que hoy enfrenta el mundo rural\"}]},{\"@type\":\"WebSite\",\"@id\":\"https:\/\/www.mundoagropecuario.cl\/new\/#website\",\"url\":\"https:\/\/www.mundoagropecuario.cl\/new\/\",\"name\":\"Mundoagropecuario\",\"description\":\"Mundo Agropecuario\",\"publisher\":{\"@id\":\"https:\/\/www.mundoagropecuario.cl\/new\/#organization\"},\"potentialAction\":[{\"@type\":\"SearchAction\",\"target\":{\"@type\":\"EntryPoint\",\"urlTemplate\":\"https:\/\/www.mundoagropecuario.cl\/new\/?s={search_term_string}\"},\"query-input\":{\"@type\":\"PropertyValueSpecification\",\"valueRequired\":true,\"valueName\":\"search_term_string\"}}],\"inLanguage\":\"es\"},{\"@type\":\"Organization\",\"@id\":\"https:\/\/www.mundoagropecuario.cl\/new\/#organization\",\"name\":\"Revista de Agricultura\",\"url\":\"https:\/\/www.mundoagropecuario.cl\/new\/\",\"logo\":{\"@type\":\"ImageObject\",\"inLanguage\":\"es\",\"@id\":\"https:\/\/www.mundoagropecuario.cl\/new\/#\/schema\/logo\/image\/\",\"url\":\"https:\/\/www.mundoagropecuario.cl\/new\/wp-content\/uploads\/2020\/11\/PORTAL-1-1.png\",\"contentUrl\":\"https:\/\/www.mundoagropecuario.cl\/new\/wp-content\/uploads\/2020\/11\/PORTAL-1-1.png\",\"width\":1026,\"height\":100,\"caption\":\"Revista de Agricultura\"},\"image\":{\"@id\":\"https:\/\/www.mundoagropecuario.cl\/new\/#\/schema\/logo\/image\/\"},\"sameAs\":[\"https:\/\/www.facebook.com\/mundo.agropecuario.3\",\"https:\/\/x.com\/MundoAgropecuar\",\"https:\/\/www.linkedin.com\/in\/mundo-agropecuario-934009201\/\"]},{\"@type\":\"Person\",\"@id\":\"https:\/\/www.mundoagropecuario.cl\/new\/#\/schema\/person\/4e9f74a82a7dac260eb1c44b7eebeb18\",\"name\":\"mundo\",\"url\":\"https:\/\/www.mundoagropecuario.cl\/new\/author\/mundo\/\"}]}<\/script>\n<!-- \/ Yoast SEO plugin. -->","yoast_head_json":{"title":"Desertificaci\u00f3n y Sequ\u00eda: El dram\u00e1tico escenario que hoy enfrenta el mundo rural - Mundoagropecuario","description":"la Desertificaci\u00f3n y la Sequ\u00eda\u201d, un tema que para la mayor\u00eda de los chilenos debido al dram\u00e1tico d\u00e9ficit h\u00eddrico","robots":{"index":"index","follow":"follow","max-snippet":"max-snippet:-1","max-image-preview":"max-image-preview:large","max-video-preview":"max-video-preview:-1"},"canonical":"https:\/\/www.mundoagropecuario.cl\/new\/desertificacion-y-sequia-el-dramatico-escenario-que-hoy-enfrenta-el-mundo-rural\/","og_locale":"es_ES","og_type":"article","og_title":"Desertificaci\u00f3n y Sequ\u00eda: El dram\u00e1tico escenario que hoy enfrenta el mundo rural - Mundoagropecuario","og_description":"la Desertificaci\u00f3n y la Sequ\u00eda\u201d, un tema que para la mayor\u00eda de los chilenos debido al dram\u00e1tico d\u00e9ficit h\u00eddrico","og_url":"https:\/\/www.mundoagropecuario.cl\/new\/desertificacion-y-sequia-el-dramatico-escenario-que-hoy-enfrenta-el-mundo-rural\/","og_site_name":"Mundoagropecuario","article_publisher":"https:\/\/www.facebook.com\/mundo.agropecuario.3","article_published_time":"2021-06-17T14:44:19+00:00","article_modified_time":"2021-06-22T14:27:44+00:00","og_image":[{"width":840,"height":560,"url":"https:\/\/www.mundoagropecuario.cl\/new\/wp-content\/uploads\/2021\/06\/Alejandro-Espinoza.jpg","type":"image\/jpeg"}],"author":"mundo","twitter_card":"summary_large_image","twitter_creator":"@MundoAgropecuar","twitter_site":"@MundoAgropecuar","twitter_misc":{"Escrito por":"mundo","Tiempo de lectura":"2 minutos"},"schema":{"@context":"https:\/\/schema.org","@graph":[{"@type":"Article","@id":"https:\/\/www.mundoagropecuario.cl\/new\/desertificacion-y-sequia-el-dramatico-escenario-que-hoy-enfrenta-el-mundo-rural\/#article","isPartOf":{"@id":"https:\/\/www.mundoagropecuario.cl\/new\/desertificacion-y-sequia-el-dramatico-escenario-que-hoy-enfrenta-el-mundo-rural\/"},"author":{"name":"mundo","@id":"https:\/\/www.mundoagropecuario.cl\/new\/#\/schema\/person\/4e9f74a82a7dac260eb1c44b7eebeb18"},"headline":"Desertificaci\u00f3n y Sequ\u00eda: El dram\u00e1tico escenario que hoy enfrenta el mundo rural","datePublished":"2021-06-17T14:44:19+00:00","dateModified":"2021-06-22T14:27:44+00:00","mainEntityOfPage":{"@id":"https:\/\/www.mundoagropecuario.cl\/new\/desertificacion-y-sequia-el-dramatico-escenario-que-hoy-enfrenta-el-mundo-rural\/"},"wordCount":246,"publisher":{"@id":"https:\/\/www.mundoagropecuario.cl\/new\/#organization"},"image":{"@id":"https:\/\/www.mundoagropecuario.cl\/new\/desertificacion-y-sequia-el-dramatico-escenario-que-hoy-enfrenta-el-mundo-rural\/#primaryimage"},"thumbnailUrl":"https:\/\/www.mundoagropecuario.cl\/new\/wp-content\/uploads\/2021\/06\/Alejandro-Espinoza.jpg","keywords":["Agricultura","Agro","agua","Alejandro Espinoza: CEO","Desertificaci\u00f3n y Sequ\u00eda","MedidorInteligente.cl"],"articleSection":["Agricultura"],"inLanguage":"es"},{"@type":"WebPage","@id":"https:\/\/www.mundoagropecuario.cl\/new\/desertificacion-y-sequia-el-dramatico-escenario-que-hoy-enfrenta-el-mundo-rural\/","url":"https:\/\/www.mundoagropecuario.cl\/new\/desertificacion-y-sequia-el-dramatico-escenario-que-hoy-enfrenta-el-mundo-rural\/","name":"Desertificaci\u00f3n y Sequ\u00eda: El dram\u00e1tico escenario que hoy enfrenta el mundo rural - Mundoagropecuario","isPartOf":{"@id":"https:\/\/www.mundoagropecuario.cl\/new\/#website"},"primaryImageOfPage":{"@id":"https:\/\/www.mundoagropecuario.cl\/new\/desertificacion-y-sequia-el-dramatico-escenario-que-hoy-enfrenta-el-mundo-rural\/#primaryimage"},"image":{"@id":"https:\/\/www.mundoagropecuario.cl\/new\/desertificacion-y-sequia-el-dramatico-escenario-que-hoy-enfrenta-el-mundo-rural\/#primaryimage"},"thumbnailUrl":"https:\/\/www.mundoagropecuario.cl\/new\/wp-content\/uploads\/2021\/06\/Alejandro-Espinoza.jpg","datePublished":"2021-06-17T14:44:19+00:00","dateModified":"2021-06-22T14:27:44+00:00","description":"la Desertificaci\u00f3n y la Sequ\u00eda\u201d, un tema que para la mayor\u00eda de los chilenos debido al dram\u00e1tico d\u00e9ficit h\u00eddrico","breadcrumb":{"@id":"https:\/\/www.mundoagropecuario.cl\/new\/desertificacion-y-sequia-el-dramatico-escenario-que-hoy-enfrenta-el-mundo-rural\/#breadcrumb"},"inLanguage":"es","potentialAction":[{"@type":"ReadAction","target":["https:\/\/www.mundoagropecuario.cl\/new\/desertificacion-y-sequia-el-dramatico-escenario-que-hoy-enfrenta-el-mundo-rural\/"]}]},{"@type":"ImageObject","inLanguage":"es","@id":"https:\/\/www.mundoagropecuario.cl\/new\/desertificacion-y-sequia-el-dramatico-escenario-que-hoy-enfrenta-el-mundo-rural\/#primaryimage","url":"https:\/\/www.mundoagropecuario.cl\/new\/wp-content\/uploads\/2021\/06\/Alejandro-Espinoza.jpg","contentUrl":"https:\/\/www.mundoagropecuario.cl\/new\/wp-content\/uploads\/2021\/06\/Alejandro-Espinoza.jpg","width":600,"height":400},{"@type":"BreadcrumbList","@id":"https:\/\/www.mundoagropecuario.cl\/new\/desertificacion-y-sequia-el-dramatico-escenario-que-hoy-enfrenta-el-mundo-rural\/#breadcrumb","itemListElement":[{"@type":"ListItem","position":1,"name":"Portada","item":"https:\/\/www.mundoagropecuario.cl\/new\/"},{"@type":"ListItem","position":2,"name":"Desertificaci\u00f3n y Sequ\u00eda: El dram\u00e1tico escenario que hoy enfrenta el mundo rural"}]},{"@type":"WebSite","@id":"https:\/\/www.mundoagropecuario.cl\/new\/#website","url":"https:\/\/www.mundoagropecuario.cl\/new\/","name":"Mundoagropecuario","description":"Mundo Agropecuario","publisher":{"@id":"https:\/\/www.mundoagropecuario.cl\/new\/#organization"},"potentialAction":[{"@type":"SearchAction","target":{"@type":"EntryPoint","urlTemplate":"https:\/\/www.mundoagropecuario.cl\/new\/?s={search_term_string}"},"query-input":{"@type":"PropertyValueSpecification","valueRequired":true,"valueName":"search_term_string"}}],"inLanguage":"es"},{"@type":"Organization","@id":"https:\/\/www.mundoagropecuario.cl\/new\/#organization","name":"Revista de Agricultura","url":"https:\/\/www.mundoagropecuario.cl\/new\/","logo":{"@type":"ImageObject","inLanguage":"es","@id":"https:\/\/www.mundoagropecuario.cl\/new\/#\/schema\/logo\/image\/","url":"https:\/\/www.mundoagropecuario.cl\/new\/wp-content\/uploads\/2020\/11\/PORTAL-1-1.png","contentUrl":"https:\/\/www.mundoagropecuario.cl\/new\/wp-content\/uploads\/2020\/11\/PORTAL-1-1.png","width":1026,"height":100,"caption":"Revista de Agricultura"},"image":{"@id":"https:\/\/www.mundoagropecuario.cl\/new\/#\/schema\/logo\/image\/"},"sameAs":["https:\/\/www.facebook.com\/mundo.agropecuario.3","https:\/\/x.com\/MundoAgropecuar","https:\/\/www.linkedin.com\/in\/mundo-agropecuario-934009201\/"]},{"@type":"Person","@id":"https:\/\/www.mundoagropecuario.cl\/new\/#\/schema\/person\/4e9f74a82a7dac260eb1c44b7eebeb18","name":"mundo","url":"https:\/\/www.mundoagropecuario.cl\/new\/author\/mundo\/"}]}},"_links":{"self":[{"href":"https:\/\/www.mundoagropecuario.cl\/new\/wp-json\/wp\/v2\/posts\/19385","targetHints":{"allow":["GET"]}}],"collection":[{"href":"https:\/\/www.mundoagropecuario.cl\/new\/wp-json\/wp\/v2\/posts"}],"about":[{"href":"https:\/\/www.mundoagropecuario.cl\/new\/wp-json\/wp\/v2\/types\/post"}],"author":[{"embeddable":true,"href":"https:\/\/www.mundoagropecuario.cl\/new\/wp-json\/wp\/v2\/users\/2"}],"replies":[{"embeddable":true,"href":"https:\/\/www.mundoagropecuario.cl\/new\/wp-json\/wp\/v2\/comments?post=19385"}],"version-history":[{"count":1,"href":"https:\/\/www.mundoagropecuario.cl\/new\/wp-json\/wp\/v2\/posts\/19385\/revisions"}],"predecessor-version":[{"id":19388,"href":"https:\/\/www.mundoagropecuario.cl\/new\/wp-json\/wp\/v2\/posts\/19385\/revisions\/19388"}],"wp:featuredmedia":[{"embeddable":true,"href":"https:\/\/www.mundoagropecuario.cl\/new\/wp-json\/wp\/v2\/media\/19386"}],"wp:attachment":[{"href":"https:\/\/www.mundoagropecuario.cl\/new\/wp-json\/wp\/v2\/media?parent=19385"}],"wp:term":[{"taxonomy":"category","embeddable":true,"href":"https:\/\/www.mundoagropecuario.cl\/new\/wp-json\/wp\/v2\/categories?post=19385"},{"taxonomy":"post_tag","embeddable":true,"href":"https:\/\/www.mundoagropecuario.cl\/new\/wp-json\/wp\/v2\/tags?post=19385"}],"curies":[{"name":"wp","href":"https:\/\/api.w.org\/{rel}","templated":true}]}}