{"id":19368,"date":"2021-06-16T13:12:07","date_gmt":"2021-06-16T16:12:07","guid":{"rendered":"https:\/\/www.mundoagropecuario.cl\/new\/?p=19368"},"modified":"2021-06-17T11:56:43","modified_gmt":"2021-06-17T14:56:43","slug":"conaf-aysen-destaca-asesoria-brindada-por-experto-de-veterinaria-udec-en-estudio-y-gestion-del-ciervo-rojo-y-jabali","status":"publish","type":"post","link":"https:\/\/www.mundoagropecuario.cl\/new\/conaf-aysen-destaca-asesoria-brindada-por-experto-de-veterinaria-udec-en-estudio-y-gestion-del-ciervo-rojo-y-jabali\/","title":{"rendered":"Conaf Ays\u00e9n destaca asesor\u00eda brindada por experto de Veterinaria UdeC en estudio y gesti\u00f3n del ciervo rojo y jabal\u00ed"},"content":{"rendered":"<blockquote>\n<h2><span style=\"color: #008000;\"><strong>El acad\u00e9mico destac\u00f3 la importancia del desarrollo de trabajos colaborativos con Conaf. \u201cA trav\u00e9s del trabajo conjunto obtenemos informaci\u00f3n de campo que de otra forma ser\u00eda muy dif\u00edcil de conseguir.<\/strong><\/span><\/h2>\n<\/blockquote>\n<p><a href=\"https:\/\/www.mundoagropecuario.cl\/new\/wp-content\/uploads\/2021\/06\/Foto-O.Skewes-1.jpg\"><img loading=\"lazy\" decoding=\"async\" class=\"wp-image-19371 alignright\" src=\"https:\/\/www.mundoagropecuario.cl\/new\/wp-content\/uploads\/2021\/06\/Foto-O.Skewes-1-353x490.jpg\" alt=\"\" width=\"242\" height=\"335\" srcset=\"https:\/\/www.mundoagropecuario.cl\/new\/wp-content\/uploads\/2021\/06\/Foto-O.Skewes-1-353x490.jpg 353w, https:\/\/www.mundoagropecuario.cl\/new\/wp-content\/uploads\/2021\/06\/Foto-O.Skewes-1.jpg 288w\" sizes=\"auto, (max-width: 242px) 100vw, 242px\" \/><\/a>Ajust\u00e1ndose a los protocolos establecidos por la emergencia sanitaria, durante gran parte del 2020 y el presente a\u00f1o, el Dr. Oscar Skewes, de la Facultad de Ciencias Veterinarias de la Universidad de Concepci\u00f3n, desarroll\u00f3 un trabajo de asesoramiento y colaboraci\u00f3n del ciervo rojo y jabal\u00ed, en la Regi\u00f3n de Ays\u00e9n, raz\u00f3n por la cual Conaf ha destacado el apoyo brindado por el experto.<\/p>\n<p>\u201cDi respuesta a la petici\u00f3n de un colega de Conaf, frente a la detecci\u00f3n de jabal\u00edes en una de las unidades silvestres del estado de la regi\u00f3n\u201d, explic\u00f3 el Dr. Skewes, quien adem\u00e1s agreg\u00f3 que realiz\u00f3 una serie de informes acerca de una aproximaci\u00f3n general al problema del jabal\u00ed en \u00e1reas silvestres de la regi\u00f3n de Ays\u00e9n.<\/p>\n<p>\u201cPlante\u00e9 propuestas de investigaci\u00f3n y gesti\u00f3n de dichas poblaciones. Elabor\u00e9 tres informes, todo en el marco de cooperaci\u00f3n. Los investigadores tenemos una responsabilidad social con el Estado que es el principal financista de la investigaci\u00f3n cient\u00edfica en Chile. Aparte de las publicaciones y\/o productos, otra forma, y no menos importante es conectar la ciencia con los tomadores de decisiones en particular en este caso los administradores de \u00e1reas silvestre protegidas\u201d, manifest\u00f3 el Dr. Oscar Skewes, quien trabaja en el Departamento de Ciencia Animal de la Facultad de Ciencias Veterinarias.<\/p>\n<p><a href=\"https:\/\/www.mundoagropecuario.cl\/new\/wp-content\/uploads\/2021\/06\/Javali-scaled.jpg\"><img loading=\"lazy\" decoding=\"async\" class=\"wp-image-19370 alignleft\" src=\"https:\/\/www.mundoagropecuario.cl\/new\/wp-content\/uploads\/2021\/06\/Javali-586x440.jpg\" alt=\"\" width=\"377\" height=\"248\" \/><\/a>En este contexto el acad\u00e9mico destac\u00f3 la importancia del desarrollo de trabajos colaborativos con Conaf. \u201cA trav\u00e9s del trabajo conjunto obtenemos informaci\u00f3n de campo que de otra forma ser\u00eda muy dif\u00edcil de conseguir, informaci\u00f3n que nos beneficia a ambos, as\u00ed que me conforta recibir el reconocimiento de Conaf, porque me anima a seguir colaborando con entusiasmo en un tema que adem\u00e1s me apasiona\u201d.<\/p>\n<p>Los informes entregados por el Dr. Skewes se relacionan con temas relativos a la presencia de jabal\u00ed en el Parque Nacional Cerro Castillo, Regi\u00f3n de Ays\u00e9n, consideraciones para la captura de jabal\u00edes con trampa y protocolo de fototrampeo para detectar presencia y densidad de jabal\u00ed en el Parque Nacional, entre otros t\u00f3picos.<\/p>\n","protected":false},"excerpt":{"rendered":"<p>el Dr. Oscar Skewes, de la Facultad de Ciencias Veterinarias de la Universidad de Concepci\u00f3n, desarroll\u00f3 un trabajo de asesoramiento y colaboraci\u00f3n del ciervo rojo y jabal\u00ed, en la Regi\u00f3n de Ays\u00e9n.<\/p>\n","protected":false},"author":2,"featured_media":19369,"comment_status":"closed","ping_status":"closed","sticky":false,"template":"","format":"standard","meta":{"footnotes":""},"categories":[1945],"tags":[2090,3127,876,5835,2035,4675,436,5834],"class_list":["post-19368","post","type-post","status-publish","format-standard","has-post-thumbnail","hentry","category-agricultura","tag-agricultura","tag-agro","tag-conaf","tag-conaf-aysen","tag-minagri","tag-parque-nacional","tag-udec","tag-veterinaria-udec"],"yoast_head":"<!-- This site is optimized with the Yoast SEO plugin v26.6 - https:\/\/yoast.com\/wordpress\/plugins\/seo\/ -->\n<title>Conaf Ays\u00e9n destaca asesor\u00eda brindada por experto de Veterinaria UdeC en estudio y gesti\u00f3n del ciervo rojo y jabal\u00ed - Mundoagropecuario<\/title>\n<meta name=\"description\" content=\"El acad\u00e9mico destac\u00f3 la importancia del desarrollo de trabajos colaborativos con Conaf a trav\u00e9s del trabajo en conjunto.\" \/>\n<meta name=\"robots\" content=\"index, follow, max-snippet:-1, max-image-preview:large, max-video-preview:-1\" \/>\n<link rel=\"canonical\" href=\"https:\/\/www.mundoagropecuario.cl\/new\/conaf-aysen-destaca-asesoria-brindada-por-experto-de-veterinaria-udec-en-estudio-y-gestion-del-ciervo-rojo-y-jabali\/\" \/>\n<meta property=\"og:locale\" content=\"es_ES\" \/>\n<meta property=\"og:type\" content=\"article\" \/>\n<meta property=\"og:title\" content=\"Conaf Ays\u00e9n destaca asesor\u00eda brindada por experto de Veterinaria UdeC en estudio y gesti\u00f3n del ciervo rojo y jabal\u00ed - Mundoagropecuario\" \/>\n<meta property=\"og:description\" content=\"El acad\u00e9mico destac\u00f3 la importancia del desarrollo de trabajos colaborativos con Conaf a trav\u00e9s del trabajo en conjunto.\" \/>\n<meta property=\"og:url\" content=\"https:\/\/www.mundoagropecuario.cl\/new\/conaf-aysen-destaca-asesoria-brindada-por-experto-de-veterinaria-udec-en-estudio-y-gestion-del-ciervo-rojo-y-jabali\/\" \/>\n<meta property=\"og:site_name\" content=\"Mundoagropecuario\" \/>\n<meta property=\"article:publisher\" content=\"https:\/\/www.facebook.com\/mundo.agropecuario.3\" \/>\n<meta property=\"article:published_time\" content=\"2021-06-16T16:12:07+00:00\" \/>\n<meta property=\"article:modified_time\" content=\"2021-06-17T14:56:43+00:00\" \/>\n<meta property=\"og:image\" content=\"https:\/\/www.mundoagropecuario.cl\/new\/wp-content\/uploads\/2021\/06\/Javali-UdeC-scaled.jpg\" \/>\n\t<meta property=\"og:image:width\" content=\"1024\" \/>\n\t<meta property=\"og:image:height\" content=\"768\" \/>\n\t<meta property=\"og:image:type\" content=\"image\/jpeg\" \/>\n<meta name=\"author\" content=\"mundo\" \/>\n<meta name=\"twitter:card\" content=\"summary_large_image\" \/>\n<meta name=\"twitter:creator\" content=\"@MundoAgropecuar\" \/>\n<meta name=\"twitter:site\" content=\"@MundoAgropecuar\" \/>\n<meta name=\"twitter:label1\" content=\"Escrito por\" \/>\n\t<meta name=\"twitter:data1\" content=\"mundo\" \/>\n\t<meta name=\"twitter:label2\" content=\"Tiempo de lectura\" \/>\n\t<meta name=\"twitter:data2\" content=\"2 minutos\" \/>\n<script type=\"application\/ld+json\" class=\"yoast-schema-graph\">{\"@context\":\"https:\/\/schema.org\",\"@graph\":[{\"@type\":\"Article\",\"@id\":\"https:\/\/www.mundoagropecuario.cl\/new\/conaf-aysen-destaca-asesoria-brindada-por-experto-de-veterinaria-udec-en-estudio-y-gestion-del-ciervo-rojo-y-jabali\/#article\",\"isPartOf\":{\"@id\":\"https:\/\/www.mundoagropecuario.cl\/new\/conaf-aysen-destaca-asesoria-brindada-por-experto-de-veterinaria-udec-en-estudio-y-gestion-del-ciervo-rojo-y-jabali\/\"},\"author\":{\"name\":\"mundo\",\"@id\":\"https:\/\/www.mundoagropecuario.cl\/new\/#\/schema\/person\/4e9f74a82a7dac260eb1c44b7eebeb18\"},\"headline\":\"Conaf Ays\u00e9n destaca asesor\u00eda brindada por experto de Veterinaria UdeC en estudio y gesti\u00f3n del ciervo rojo y jabal\u00ed\",\"datePublished\":\"2021-06-16T16:12:07+00:00\",\"dateModified\":\"2021-06-17T14:56:43+00:00\",\"mainEntityOfPage\":{\"@id\":\"https:\/\/www.mundoagropecuario.cl\/new\/conaf-aysen-destaca-asesoria-brindada-por-experto-de-veterinaria-udec-en-estudio-y-gestion-del-ciervo-rojo-y-jabali\/\"},\"wordCount\":412,\"publisher\":{\"@id\":\"https:\/\/www.mundoagropecuario.cl\/new\/#organization\"},\"image\":{\"@id\":\"https:\/\/www.mundoagropecuario.cl\/new\/conaf-aysen-destaca-asesoria-brindada-por-experto-de-veterinaria-udec-en-estudio-y-gestion-del-ciervo-rojo-y-jabali\/#primaryimage\"},\"thumbnailUrl\":\"https:\/\/www.mundoagropecuario.cl\/new\/wp-content\/uploads\/2021\/06\/Javali-UdeC-scaled.jpg\",\"keywords\":[\"Agricultura\",\"Agro\",\"Conaf\",\"Conaf Ays\u00e9n\",\"Minagri\",\"parque nacional\",\"UdeC\",\"Veterinaria UdeC\"],\"articleSection\":[\"Agricultura\"],\"inLanguage\":\"es\"},{\"@type\":\"WebPage\",\"@id\":\"https:\/\/www.mundoagropecuario.cl\/new\/conaf-aysen-destaca-asesoria-brindada-por-experto-de-veterinaria-udec-en-estudio-y-gestion-del-ciervo-rojo-y-jabali\/\",\"url\":\"https:\/\/www.mundoagropecuario.cl\/new\/conaf-aysen-destaca-asesoria-brindada-por-experto-de-veterinaria-udec-en-estudio-y-gestion-del-ciervo-rojo-y-jabali\/\",\"name\":\"Conaf Ays\u00e9n destaca asesor\u00eda brindada por experto de Veterinaria UdeC en estudio y gesti\u00f3n del ciervo rojo y jabal\u00ed - Mundoagropecuario\",\"isPartOf\":{\"@id\":\"https:\/\/www.mundoagropecuario.cl\/new\/#website\"},\"primaryImageOfPage\":{\"@id\":\"https:\/\/www.mundoagropecuario.cl\/new\/conaf-aysen-destaca-asesoria-brindada-por-experto-de-veterinaria-udec-en-estudio-y-gestion-del-ciervo-rojo-y-jabali\/#primaryimage\"},\"image\":{\"@id\":\"https:\/\/www.mundoagropecuario.cl\/new\/conaf-aysen-destaca-asesoria-brindada-por-experto-de-veterinaria-udec-en-estudio-y-gestion-del-ciervo-rojo-y-jabali\/#primaryimage\"},\"thumbnailUrl\":\"https:\/\/www.mundoagropecuario.cl\/new\/wp-content\/uploads\/2021\/06\/Javali-UdeC-scaled.jpg\",\"datePublished\":\"2021-06-16T16:12:07+00:00\",\"dateModified\":\"2021-06-17T14:56:43+00:00\",\"description\":\"El acad\u00e9mico destac\u00f3 la importancia del desarrollo de trabajos colaborativos con Conaf a trav\u00e9s del trabajo en conjunto.\",\"breadcrumb\":{\"@id\":\"https:\/\/www.mundoagropecuario.cl\/new\/conaf-aysen-destaca-asesoria-brindada-por-experto-de-veterinaria-udec-en-estudio-y-gestion-del-ciervo-rojo-y-jabali\/#breadcrumb\"},\"inLanguage\":\"es\",\"potentialAction\":[{\"@type\":\"ReadAction\",\"target\":[\"https:\/\/www.mundoagropecuario.cl\/new\/conaf-aysen-destaca-asesoria-brindada-por-experto-de-veterinaria-udec-en-estudio-y-gestion-del-ciervo-rojo-y-jabali\/\"]}]},{\"@type\":\"ImageObject\",\"inLanguage\":\"es\",\"@id\":\"https:\/\/www.mundoagropecuario.cl\/new\/conaf-aysen-destaca-asesoria-brindada-por-experto-de-veterinaria-udec-en-estudio-y-gestion-del-ciervo-rojo-y-jabali\/#primaryimage\",\"url\":\"https:\/\/www.mundoagropecuario.cl\/new\/wp-content\/uploads\/2021\/06\/Javali-UdeC-scaled.jpg\",\"contentUrl\":\"https:\/\/www.mundoagropecuario.cl\/new\/wp-content\/uploads\/2021\/06\/Javali-UdeC-scaled.jpg\",\"width\":533,\"height\":400},{\"@type\":\"BreadcrumbList\",\"@id\":\"https:\/\/www.mundoagropecuario.cl\/new\/conaf-aysen-destaca-asesoria-brindada-por-experto-de-veterinaria-udec-en-estudio-y-gestion-del-ciervo-rojo-y-jabali\/#breadcrumb\",\"itemListElement\":[{\"@type\":\"ListItem\",\"position\":1,\"name\":\"Portada\",\"item\":\"https:\/\/www.mundoagropecuario.cl\/new\/\"},{\"@type\":\"ListItem\",\"position\":2,\"name\":\"Conaf Ays\u00e9n destaca asesor\u00eda brindada por experto de Veterinaria UdeC en estudio y gesti\u00f3n del ciervo rojo y jabal\u00ed\"}]},{\"@type\":\"WebSite\",\"@id\":\"https:\/\/www.mundoagropecuario.cl\/new\/#website\",\"url\":\"https:\/\/www.mundoagropecuario.cl\/new\/\",\"name\":\"Mundoagropecuario\",\"description\":\"Mundo Agropecuario\",\"publisher\":{\"@id\":\"https:\/\/www.mundoagropecuario.cl\/new\/#organization\"},\"potentialAction\":[{\"@type\":\"SearchAction\",\"target\":{\"@type\":\"EntryPoint\",\"urlTemplate\":\"https:\/\/www.mundoagropecuario.cl\/new\/?s={search_term_string}\"},\"query-input\":{\"@type\":\"PropertyValueSpecification\",\"valueRequired\":true,\"valueName\":\"search_term_string\"}}],\"inLanguage\":\"es\"},{\"@type\":\"Organization\",\"@id\":\"https:\/\/www.mundoagropecuario.cl\/new\/#organization\",\"name\":\"Revista de Agricultura\",\"url\":\"https:\/\/www.mundoagropecuario.cl\/new\/\",\"logo\":{\"@type\":\"ImageObject\",\"inLanguage\":\"es\",\"@id\":\"https:\/\/www.mundoagropecuario.cl\/new\/#\/schema\/logo\/image\/\",\"url\":\"https:\/\/www.mundoagropecuario.cl\/new\/wp-content\/uploads\/2020\/11\/PORTAL-1-1.png\",\"contentUrl\":\"https:\/\/www.mundoagropecuario.cl\/new\/wp-content\/uploads\/2020\/11\/PORTAL-1-1.png\",\"width\":1026,\"height\":100,\"caption\":\"Revista de Agricultura\"},\"image\":{\"@id\":\"https:\/\/www.mundoagropecuario.cl\/new\/#\/schema\/logo\/image\/\"},\"sameAs\":[\"https:\/\/www.facebook.com\/mundo.agropecuario.3\",\"https:\/\/x.com\/MundoAgropecuar\",\"https:\/\/www.linkedin.com\/in\/mundo-agropecuario-934009201\/\"]},{\"@type\":\"Person\",\"@id\":\"https:\/\/www.mundoagropecuario.cl\/new\/#\/schema\/person\/4e9f74a82a7dac260eb1c44b7eebeb18\",\"name\":\"mundo\",\"url\":\"https:\/\/www.mundoagropecuario.cl\/new\/author\/mundo\/\"}]}<\/script>\n<!-- \/ Yoast SEO plugin. -->","yoast_head_json":{"title":"Conaf Ays\u00e9n destaca asesor\u00eda brindada por experto de Veterinaria UdeC en estudio y gesti\u00f3n del ciervo rojo y jabal\u00ed - Mundoagropecuario","description":"El acad\u00e9mico destac\u00f3 la importancia del desarrollo de trabajos colaborativos con Conaf a trav\u00e9s del trabajo en conjunto.","robots":{"index":"index","follow":"follow","max-snippet":"max-snippet:-1","max-image-preview":"max-image-preview:large","max-video-preview":"max-video-preview:-1"},"canonical":"https:\/\/www.mundoagropecuario.cl\/new\/conaf-aysen-destaca-asesoria-brindada-por-experto-de-veterinaria-udec-en-estudio-y-gestion-del-ciervo-rojo-y-jabali\/","og_locale":"es_ES","og_type":"article","og_title":"Conaf Ays\u00e9n destaca asesor\u00eda brindada por experto de Veterinaria UdeC en estudio y gesti\u00f3n del ciervo rojo y jabal\u00ed - Mundoagropecuario","og_description":"El acad\u00e9mico destac\u00f3 la importancia del desarrollo de trabajos colaborativos con Conaf a trav\u00e9s del trabajo en conjunto.","og_url":"https:\/\/www.mundoagropecuario.cl\/new\/conaf-aysen-destaca-asesoria-brindada-por-experto-de-veterinaria-udec-en-estudio-y-gestion-del-ciervo-rojo-y-jabali\/","og_site_name":"Mundoagropecuario","article_publisher":"https:\/\/www.facebook.com\/mundo.agropecuario.3","article_published_time":"2021-06-16T16:12:07+00:00","article_modified_time":"2021-06-17T14:56:43+00:00","og_image":[{"width":1024,"height":768,"url":"https:\/\/www.mundoagropecuario.cl\/new\/wp-content\/uploads\/2021\/06\/Javali-UdeC-scaled.jpg","type":"image\/jpeg"}],"author":"mundo","twitter_card":"summary_large_image","twitter_creator":"@MundoAgropecuar","twitter_site":"@MundoAgropecuar","twitter_misc":{"Escrito por":"mundo","Tiempo de lectura":"2 minutos"},"schema":{"@context":"https:\/\/schema.org","@graph":[{"@type":"Article","@id":"https:\/\/www.mundoagropecuario.cl\/new\/conaf-aysen-destaca-asesoria-brindada-por-experto-de-veterinaria-udec-en-estudio-y-gestion-del-ciervo-rojo-y-jabali\/#article","isPartOf":{"@id":"https:\/\/www.mundoagropecuario.cl\/new\/conaf-aysen-destaca-asesoria-brindada-por-experto-de-veterinaria-udec-en-estudio-y-gestion-del-ciervo-rojo-y-jabali\/"},"author":{"name":"mundo","@id":"https:\/\/www.mundoagropecuario.cl\/new\/#\/schema\/person\/4e9f74a82a7dac260eb1c44b7eebeb18"},"headline":"Conaf Ays\u00e9n destaca asesor\u00eda brindada por experto de Veterinaria UdeC en estudio y gesti\u00f3n del ciervo rojo y jabal\u00ed","datePublished":"2021-06-16T16:12:07+00:00","dateModified":"2021-06-17T14:56:43+00:00","mainEntityOfPage":{"@id":"https:\/\/www.mundoagropecuario.cl\/new\/conaf-aysen-destaca-asesoria-brindada-por-experto-de-veterinaria-udec-en-estudio-y-gestion-del-ciervo-rojo-y-jabali\/"},"wordCount":412,"publisher":{"@id":"https:\/\/www.mundoagropecuario.cl\/new\/#organization"},"image":{"@id":"https:\/\/www.mundoagropecuario.cl\/new\/conaf-aysen-destaca-asesoria-brindada-por-experto-de-veterinaria-udec-en-estudio-y-gestion-del-ciervo-rojo-y-jabali\/#primaryimage"},"thumbnailUrl":"https:\/\/www.mundoagropecuario.cl\/new\/wp-content\/uploads\/2021\/06\/Javali-UdeC-scaled.jpg","keywords":["Agricultura","Agro","Conaf","Conaf Ays\u00e9n","Minagri","parque nacional","UdeC","Veterinaria UdeC"],"articleSection":["Agricultura"],"inLanguage":"es"},{"@type":"WebPage","@id":"https:\/\/www.mundoagropecuario.cl\/new\/conaf-aysen-destaca-asesoria-brindada-por-experto-de-veterinaria-udec-en-estudio-y-gestion-del-ciervo-rojo-y-jabali\/","url":"https:\/\/www.mundoagropecuario.cl\/new\/conaf-aysen-destaca-asesoria-brindada-por-experto-de-veterinaria-udec-en-estudio-y-gestion-del-ciervo-rojo-y-jabali\/","name":"Conaf Ays\u00e9n destaca asesor\u00eda brindada por experto de Veterinaria UdeC en estudio y gesti\u00f3n del ciervo rojo y jabal\u00ed - Mundoagropecuario","isPartOf":{"@id":"https:\/\/www.mundoagropecuario.cl\/new\/#website"},"primaryImageOfPage":{"@id":"https:\/\/www.mundoagropecuario.cl\/new\/conaf-aysen-destaca-asesoria-brindada-por-experto-de-veterinaria-udec-en-estudio-y-gestion-del-ciervo-rojo-y-jabali\/#primaryimage"},"image":{"@id":"https:\/\/www.mundoagropecuario.cl\/new\/conaf-aysen-destaca-asesoria-brindada-por-experto-de-veterinaria-udec-en-estudio-y-gestion-del-ciervo-rojo-y-jabali\/#primaryimage"},"thumbnailUrl":"https:\/\/www.mundoagropecuario.cl\/new\/wp-content\/uploads\/2021\/06\/Javali-UdeC-scaled.jpg","datePublished":"2021-06-16T16:12:07+00:00","dateModified":"2021-06-17T14:56:43+00:00","description":"El acad\u00e9mico destac\u00f3 la importancia del desarrollo de trabajos colaborativos con Conaf a trav\u00e9s del trabajo en conjunto.","breadcrumb":{"@id":"https:\/\/www.mundoagropecuario.cl\/new\/conaf-aysen-destaca-asesoria-brindada-por-experto-de-veterinaria-udec-en-estudio-y-gestion-del-ciervo-rojo-y-jabali\/#breadcrumb"},"inLanguage":"es","potentialAction":[{"@type":"ReadAction","target":["https:\/\/www.mundoagropecuario.cl\/new\/conaf-aysen-destaca-asesoria-brindada-por-experto-de-veterinaria-udec-en-estudio-y-gestion-del-ciervo-rojo-y-jabali\/"]}]},{"@type":"ImageObject","inLanguage":"es","@id":"https:\/\/www.mundoagropecuario.cl\/new\/conaf-aysen-destaca-asesoria-brindada-por-experto-de-veterinaria-udec-en-estudio-y-gestion-del-ciervo-rojo-y-jabali\/#primaryimage","url":"https:\/\/www.mundoagropecuario.cl\/new\/wp-content\/uploads\/2021\/06\/Javali-UdeC-scaled.jpg","contentUrl":"https:\/\/www.mundoagropecuario.cl\/new\/wp-content\/uploads\/2021\/06\/Javali-UdeC-scaled.jpg","width":533,"height":400},{"@type":"BreadcrumbList","@id":"https:\/\/www.mundoagropecuario.cl\/new\/conaf-aysen-destaca-asesoria-brindada-por-experto-de-veterinaria-udec-en-estudio-y-gestion-del-ciervo-rojo-y-jabali\/#breadcrumb","itemListElement":[{"@type":"ListItem","position":1,"name":"Portada","item":"https:\/\/www.mundoagropecuario.cl\/new\/"},{"@type":"ListItem","position":2,"name":"Conaf Ays\u00e9n destaca asesor\u00eda brindada por experto de Veterinaria UdeC en estudio y gesti\u00f3n del ciervo rojo y jabal\u00ed"}]},{"@type":"WebSite","@id":"https:\/\/www.mundoagropecuario.cl\/new\/#website","url":"https:\/\/www.mundoagropecuario.cl\/new\/","name":"Mundoagropecuario","description":"Mundo Agropecuario","publisher":{"@id":"https:\/\/www.mundoagropecuario.cl\/new\/#organization"},"potentialAction":[{"@type":"SearchAction","target":{"@type":"EntryPoint","urlTemplate":"https:\/\/www.mundoagropecuario.cl\/new\/?s={search_term_string}"},"query-input":{"@type":"PropertyValueSpecification","valueRequired":true,"valueName":"search_term_string"}}],"inLanguage":"es"},{"@type":"Organization","@id":"https:\/\/www.mundoagropecuario.cl\/new\/#organization","name":"Revista de Agricultura","url":"https:\/\/www.mundoagropecuario.cl\/new\/","logo":{"@type":"ImageObject","inLanguage":"es","@id":"https:\/\/www.mundoagropecuario.cl\/new\/#\/schema\/logo\/image\/","url":"https:\/\/www.mundoagropecuario.cl\/new\/wp-content\/uploads\/2020\/11\/PORTAL-1-1.png","contentUrl":"https:\/\/www.mundoagropecuario.cl\/new\/wp-content\/uploads\/2020\/11\/PORTAL-1-1.png","width":1026,"height":100,"caption":"Revista de Agricultura"},"image":{"@id":"https:\/\/www.mundoagropecuario.cl\/new\/#\/schema\/logo\/image\/"},"sameAs":["https:\/\/www.facebook.com\/mundo.agropecuario.3","https:\/\/x.com\/MundoAgropecuar","https:\/\/www.linkedin.com\/in\/mundo-agropecuario-934009201\/"]},{"@type":"Person","@id":"https:\/\/www.mundoagropecuario.cl\/new\/#\/schema\/person\/4e9f74a82a7dac260eb1c44b7eebeb18","name":"mundo","url":"https:\/\/www.mundoagropecuario.cl\/new\/author\/mundo\/"}]}},"_links":{"self":[{"href":"https:\/\/www.mundoagropecuario.cl\/new\/wp-json\/wp\/v2\/posts\/19368","targetHints":{"allow":["GET"]}}],"collection":[{"href":"https:\/\/www.mundoagropecuario.cl\/new\/wp-json\/wp\/v2\/posts"}],"about":[{"href":"https:\/\/www.mundoagropecuario.cl\/new\/wp-json\/wp\/v2\/types\/post"}],"author":[{"embeddable":true,"href":"https:\/\/www.mundoagropecuario.cl\/new\/wp-json\/wp\/v2\/users\/2"}],"replies":[{"embeddable":true,"href":"https:\/\/www.mundoagropecuario.cl\/new\/wp-json\/wp\/v2\/comments?post=19368"}],"version-history":[{"count":1,"href":"https:\/\/www.mundoagropecuario.cl\/new\/wp-json\/wp\/v2\/posts\/19368\/revisions"}],"predecessor-version":[{"id":19372,"href":"https:\/\/www.mundoagropecuario.cl\/new\/wp-json\/wp\/v2\/posts\/19368\/revisions\/19372"}],"wp:featuredmedia":[{"embeddable":true,"href":"https:\/\/www.mundoagropecuario.cl\/new\/wp-json\/wp\/v2\/media\/19369"}],"wp:attachment":[{"href":"https:\/\/www.mundoagropecuario.cl\/new\/wp-json\/wp\/v2\/media?parent=19368"}],"wp:term":[{"taxonomy":"category","embeddable":true,"href":"https:\/\/www.mundoagropecuario.cl\/new\/wp-json\/wp\/v2\/categories?post=19368"},{"taxonomy":"post_tag","embeddable":true,"href":"https:\/\/www.mundoagropecuario.cl\/new\/wp-json\/wp\/v2\/tags?post=19368"}],"curies":[{"name":"wp","href":"https:\/\/api.w.org\/{rel}","templated":true}]}}