{"id":19337,"date":"2021-06-14T13:32:17","date_gmt":"2021-06-14T16:32:17","guid":{"rendered":"https:\/\/www.mundoagropecuario.cl\/new\/?p=19337"},"modified":"2021-06-16T13:13:22","modified_gmt":"2021-06-16T16:13:22","slug":"encabezan-comite-de-abastecimiento-seguro-y-resaltan-la-compatibilidad-de-los-beneficios-sociales-y-trabajos-en-el-sector-agricola","status":"publish","type":"post","link":"https:\/\/www.mundoagropecuario.cl\/new\/encabezan-comite-de-abastecimiento-seguro-y-resaltan-la-compatibilidad-de-los-beneficios-sociales-y-trabajos-en-el-sector-agricola\/","title":{"rendered":"Encabezan Comit\u00e9 de Abastecimiento Seguro y resaltan la compatibilidad de los beneficios sociales y trabajos en el sector agr\u00edcola"},"content":{"rendered":"<blockquote>\n<h2><span style=\"color: #003300;\">En la sesi\u00f3n extraordinaria participaron cerca de 100 representantes del sector agr\u00edcola y forestal del pa\u00eds para conocer las medidas implementadas por el Mintrab para garantizar la seguridad de los trabajadores del sector.\u00a0<\/span><\/h2>\n<\/blockquote>\n<p>Ofrecer teletrabajo al personal con riesgo de salud, implementar el protocolo sanitario y la obligaci\u00f3n de los empleadores de contratar el Seguro Covid para sus trabajadores son parte de los temas que se abordaron en una sesi\u00f3n extraordinaria del Comit\u00e9 de Abastecimiento Seguro de Alimentos.<\/p>\n<p><a href=\"https:\/\/www.mundoagropecuario.cl\/new\/wp-content\/uploads\/2021\/06\/Foto-5-2-scaled.jpeg\"><img loading=\"lazy\" decoding=\"async\" class=\" wp-image-19340 alignright\" src=\"https:\/\/www.mundoagropecuario.cl\/new\/wp-content\/uploads\/2021\/06\/Foto-5-2-586x414.jpeg\" alt=\"\" width=\"512\" height=\"355\" \/><\/a>La sesi\u00f3n estuvo encabezada por los ministros de Agricultura, Mar\u00eda Emilia Undurraga y de Trabajo y Previsi\u00f3n Social, Patricio Melero; junto a los subsecretarios de Agricultura, Jos\u00e9 Ignacio Pinochet y de Previsi\u00f3n Social, Pedro Pizarro, donde participaron cerca de 100 representantes del sector agr\u00edcola y forestal del pa\u00eds.<\/p>\n<p>Tras la reuni\u00f3n, la ministra Undurraga explic\u00f3 que desde que se conform\u00f3 el comit\u00e9 se han ido incorporando a los distintos actores para abordar las problem\u00e1ticas en el sector. En el caso de hoy, se abordaron los detalles de la LEY N\u00b021.342 que contempla todas las medidas de protecci\u00f3n para el retorno gradual y seguro al trabajo en el marco de la crisis sanitaria por Covid-19.<\/p>\n<p>\u201cEstamos terminando una sesi\u00f3n con toda la cadena que ha abastecido durante todo este tiempo de pandemia a todos los chilenos y chilenas. Queremos agradecerle al Ministro del Trabajo y Previsi\u00f3n Social la explicaci\u00f3n de esta nueva ley que requiere nuevas medidas para seguir cuidando a los trabajadores\u201d, sostuvo la ministra Undurraga tras la sesi\u00f3n en que participaron os seremis de las 16 comunas tanto de agricultura como de trabajo.<\/p>\n<p>Asimismo, la Ministra Undurraga resalt\u00f3 la importancia \u201cde compatibilizar el trabajo con los distintos subsidios y decir de forma clara que IFE, el subsidio que est\u00e1 recibiendo m\u00e1s del 90% de la poblaci\u00f3n es compatible con un trabajo formal. Esto es lo que queremos promover para que, junto con esta ayuda tan necesaria para las familias, vayamos caminando en la formalizaci\u00f3n del empleo y as\u00ed podamos pensar en este desarrollo tanto del mediano como largo plazo\u201d.<\/p>\n<p><a href=\"https:\/\/www.mundoagropecuario.cl\/new\/wp-content\/uploads\/2021\/06\/Foto-5-1-scaled.jpeg\"><img loading=\"lazy\" decoding=\"async\" class=\" wp-image-19339 alignleft\" src=\"https:\/\/www.mundoagropecuario.cl\/new\/wp-content\/uploads\/2021\/06\/Foto-5-1-586x439.jpeg\" alt=\"\" width=\"351\" height=\"343\" \/><\/a>Por su parte, el Ministro del Trabajo se\u00f1al\u00f3 que el comit\u00e9 les present\u00f3 una serie de inquietudes relacionadas con las obligaciones que se establecen en beneficio de los trabajadores en un retorno seguro producto de la pandemia. En ese sentido, aclar\u00f3 que existe una total compatibilidad\u201d en un contrato formal con el estar en paralelo recibiendo alg\u00fan bono como el IFE o alg\u00fan subsidio porque hay una creencia que si se accede a un contrato de trabajo se pierden estos beneficios\u201d.<\/p>\n<p>Adem\u00e1s, el Ministro Melero afirm\u00f3 que \u201chemos establecido con toda claridad que est\u00e1n corriendo los plazos para que todos los empleadores del pa\u00eds contraten los seguros que protegen a los trabajadores frente al Covid financiado los gatos de hospitalizaciones y rehabilitaci\u00f3n y que no hay ninguna excepci\u00f3n en esta materia\u201d.<\/p>\n<p>\u201cTodo trabajador que est\u00e9 contratado total o parcialmente en sus jornadas por el c\u00f3digo del trabajo tiene la obligaci\u00f3n de ofrecerle el seguro que es muy importante para que justamente esta cadena de abastecimiento funcione bien. Necesitamos trabajadores debidamente cubiertos, no solamente por la vacuna que es muy importante, sino tambi\u00e9n por un seguro que lo proteja ante la eventualidad que se enferme.\u201d, concluy\u00f3 Melero.<\/p>\n<p><strong><span style=\"color: #003300;\">Revisa el detalle de las medidas de protecci\u00f3n para el retorno gradual y seguro al trabajo en el marco de la crisis sanitaria por Covid-19:<\/span><\/strong><\/p>\n<p>Ofrecer teletrabajo o trabajo a distancia para trabajadores de alto riesgo de salud y por motivos de cuidado.<\/p>\n<p>Implementar un protocolo sanitario con medidas de resguardo del Covid-19 al interior de las empresas que est\u00e9n realizando actividades presenciales en un plazo no mayor a 10 d\u00edas h\u00e1biles desde la publicaci\u00f3n de la ley (\u201cProtocolo Covid\u201d)<\/p>\n<p>La obligaci\u00f3n de los empleadores de contratar un seguro individual obligatorio de salud y vida para sus trabajadores frente al Covid-19 (Seguro Covid).<\/p>\n<p>Eliminar el per\u00edodo de carencia en las licencias m\u00e9dicas por Covid-19 de menos de 11 d\u00edas.<\/p>\n","protected":false},"excerpt":{"rendered":"<p>Ofrecer teletrabajo al personal con riesgo de salud, implementar el protocolo sanitario y la obligaci\u00f3n de los empleadores de contratar el Seguro Covid para sus trabajadores son parte de los temas que se abordaron en sesi\u00f3n extraordinaria. <\/p>\n","protected":false},"author":2,"featured_media":19338,"comment_status":"closed","ping_status":"closed","sticky":false,"template":"","format":"standard","meta":{"footnotes":""},"categories":[1945],"tags":[2835,2090,3127,4665,3944,2035],"class_list":["post-19337","post","type-post","status-publish","format-standard","has-post-thumbnail","hentry","category-agricultura","tag-agricultores","tag-agricultura","tag-agro","tag-covid-19","tag-maria-emilia-undurraga","tag-minagri"],"yoast_head":"<!-- This site is optimized with the Yoast SEO plugin v26.6 - https:\/\/yoast.com\/wordpress\/plugins\/seo\/ -->\n<title>Encabezan Comit\u00e9 de Abastecimiento Seguro y resaltan la compatibilidad de los beneficios sociales y trabajos en el sector agr\u00edcola - Mundoagropecuario<\/title>\n<meta name=\"robots\" content=\"index, follow, max-snippet:-1, max-image-preview:large, max-video-preview:-1\" \/>\n<link rel=\"canonical\" href=\"https:\/\/www.mundoagropecuario.cl\/new\/encabezan-comite-de-abastecimiento-seguro-y-resaltan-la-compatibilidad-de-los-beneficios-sociales-y-trabajos-en-el-sector-agricola\/\" \/>\n<meta property=\"og:locale\" content=\"es_ES\" \/>\n<meta property=\"og:type\" content=\"article\" \/>\n<meta property=\"og:title\" content=\"Encabezan Comit\u00e9 de Abastecimiento Seguro y resaltan la compatibilidad de los beneficios sociales y trabajos en el sector agr\u00edcola - Mundoagropecuario\" \/>\n<meta property=\"og:description\" content=\"Ofrecer teletrabajo al personal con riesgo de salud, implementar el protocolo sanitario y la obligaci\u00f3n de los empleadores de contratar el Seguro Covid para sus trabajadores son parte de los temas que se abordaron en sesi\u00f3n extraordinaria.\" \/>\n<meta property=\"og:url\" content=\"https:\/\/www.mundoagropecuario.cl\/new\/encabezan-comite-de-abastecimiento-seguro-y-resaltan-la-compatibilidad-de-los-beneficios-sociales-y-trabajos-en-el-sector-agricola\/\" \/>\n<meta property=\"og:site_name\" content=\"Mundoagropecuario\" \/>\n<meta property=\"article:publisher\" content=\"https:\/\/www.facebook.com\/mundo.agropecuario.3\" \/>\n<meta property=\"article:published_time\" content=\"2021-06-14T16:32:17+00:00\" \/>\n<meta property=\"article:modified_time\" content=\"2021-06-16T16:13:22+00:00\" \/>\n<meta property=\"og:image\" content=\"https:\/\/www.mundoagropecuario.cl\/new\/wp-content\/uploads\/2021\/06\/Foto-3-scaled.jpg\" \/>\n\t<meta property=\"og:image:width\" content=\"1024\" \/>\n\t<meta property=\"og:image:height\" content=\"682\" \/>\n\t<meta property=\"og:image:type\" content=\"image\/jpeg\" \/>\n<meta name=\"author\" content=\"mundo\" \/>\n<meta name=\"twitter:card\" content=\"summary_large_image\" \/>\n<meta name=\"twitter:creator\" content=\"@MundoAgropecuar\" \/>\n<meta name=\"twitter:site\" content=\"@MundoAgropecuar\" \/>\n<meta name=\"twitter:label1\" content=\"Escrito por\" \/>\n\t<meta name=\"twitter:data1\" content=\"mundo\" \/>\n\t<meta name=\"twitter:label2\" content=\"Tiempo de lectura\" \/>\n\t<meta name=\"twitter:data2\" content=\"4 minutos\" \/>\n<script type=\"application\/ld+json\" class=\"yoast-schema-graph\">{\"@context\":\"https:\/\/schema.org\",\"@graph\":[{\"@type\":\"Article\",\"@id\":\"https:\/\/www.mundoagropecuario.cl\/new\/encabezan-comite-de-abastecimiento-seguro-y-resaltan-la-compatibilidad-de-los-beneficios-sociales-y-trabajos-en-el-sector-agricola\/#article\",\"isPartOf\":{\"@id\":\"https:\/\/www.mundoagropecuario.cl\/new\/encabezan-comite-de-abastecimiento-seguro-y-resaltan-la-compatibilidad-de-los-beneficios-sociales-y-trabajos-en-el-sector-agricola\/\"},\"author\":{\"name\":\"mundo\",\"@id\":\"https:\/\/www.mundoagropecuario.cl\/new\/#\/schema\/person\/4e9f74a82a7dac260eb1c44b7eebeb18\"},\"headline\":\"Encabezan Comit\u00e9 de Abastecimiento Seguro y resaltan la compatibilidad de los beneficios sociales y trabajos en el sector agr\u00edcola\",\"datePublished\":\"2021-06-14T16:32:17+00:00\",\"dateModified\":\"2021-06-16T16:13:22+00:00\",\"mainEntityOfPage\":{\"@id\":\"https:\/\/www.mundoagropecuario.cl\/new\/encabezan-comite-de-abastecimiento-seguro-y-resaltan-la-compatibilidad-de-los-beneficios-sociales-y-trabajos-en-el-sector-agricola\/\"},\"wordCount\":708,\"publisher\":{\"@id\":\"https:\/\/www.mundoagropecuario.cl\/new\/#organization\"},\"image\":{\"@id\":\"https:\/\/www.mundoagropecuario.cl\/new\/encabezan-comite-de-abastecimiento-seguro-y-resaltan-la-compatibilidad-de-los-beneficios-sociales-y-trabajos-en-el-sector-agricola\/#primaryimage\"},\"thumbnailUrl\":\"https:\/\/www.mundoagropecuario.cl\/new\/wp-content\/uploads\/2021\/06\/Foto-3-scaled.jpg\",\"keywords\":[\"agricultores\",\"Agricultura\",\"Agro\",\"covid-19\",\"Mar\u00eda Emilia Undurraga\",\"Minagri\"],\"articleSection\":[\"Agricultura\"],\"inLanguage\":\"es\"},{\"@type\":\"WebPage\",\"@id\":\"https:\/\/www.mundoagropecuario.cl\/new\/encabezan-comite-de-abastecimiento-seguro-y-resaltan-la-compatibilidad-de-los-beneficios-sociales-y-trabajos-en-el-sector-agricola\/\",\"url\":\"https:\/\/www.mundoagropecuario.cl\/new\/encabezan-comite-de-abastecimiento-seguro-y-resaltan-la-compatibilidad-de-los-beneficios-sociales-y-trabajos-en-el-sector-agricola\/\",\"name\":\"Encabezan Comit\u00e9 de Abastecimiento Seguro y resaltan la compatibilidad de los beneficios sociales y trabajos en el sector agr\u00edcola - Mundoagropecuario\",\"isPartOf\":{\"@id\":\"https:\/\/www.mundoagropecuario.cl\/new\/#website\"},\"primaryImageOfPage\":{\"@id\":\"https:\/\/www.mundoagropecuario.cl\/new\/encabezan-comite-de-abastecimiento-seguro-y-resaltan-la-compatibilidad-de-los-beneficios-sociales-y-trabajos-en-el-sector-agricola\/#primaryimage\"},\"image\":{\"@id\":\"https:\/\/www.mundoagropecuario.cl\/new\/encabezan-comite-de-abastecimiento-seguro-y-resaltan-la-compatibilidad-de-los-beneficios-sociales-y-trabajos-en-el-sector-agricola\/#primaryimage\"},\"thumbnailUrl\":\"https:\/\/www.mundoagropecuario.cl\/new\/wp-content\/uploads\/2021\/06\/Foto-3-scaled.jpg\",\"datePublished\":\"2021-06-14T16:32:17+00:00\",\"dateModified\":\"2021-06-16T16:13:22+00:00\",\"breadcrumb\":{\"@id\":\"https:\/\/www.mundoagropecuario.cl\/new\/encabezan-comite-de-abastecimiento-seguro-y-resaltan-la-compatibilidad-de-los-beneficios-sociales-y-trabajos-en-el-sector-agricola\/#breadcrumb\"},\"inLanguage\":\"es\",\"potentialAction\":[{\"@type\":\"ReadAction\",\"target\":[\"https:\/\/www.mundoagropecuario.cl\/new\/encabezan-comite-de-abastecimiento-seguro-y-resaltan-la-compatibilidad-de-los-beneficios-sociales-y-trabajos-en-el-sector-agricola\/\"]}]},{\"@type\":\"ImageObject\",\"inLanguage\":\"es\",\"@id\":\"https:\/\/www.mundoagropecuario.cl\/new\/encabezan-comite-de-abastecimiento-seguro-y-resaltan-la-compatibilidad-de-los-beneficios-sociales-y-trabajos-en-el-sector-agricola\/#primaryimage\",\"url\":\"https:\/\/www.mundoagropecuario.cl\/new\/wp-content\/uploads\/2021\/06\/Foto-3-scaled.jpg\",\"contentUrl\":\"https:\/\/www.mundoagropecuario.cl\/new\/wp-content\/uploads\/2021\/06\/Foto-3-scaled.jpg\",\"width\":601,\"height\":400},{\"@type\":\"BreadcrumbList\",\"@id\":\"https:\/\/www.mundoagropecuario.cl\/new\/encabezan-comite-de-abastecimiento-seguro-y-resaltan-la-compatibilidad-de-los-beneficios-sociales-y-trabajos-en-el-sector-agricola\/#breadcrumb\",\"itemListElement\":[{\"@type\":\"ListItem\",\"position\":1,\"name\":\"Portada\",\"item\":\"https:\/\/www.mundoagropecuario.cl\/new\/\"},{\"@type\":\"ListItem\",\"position\":2,\"name\":\"Encabezan Comit\u00e9 de Abastecimiento Seguro y resaltan la compatibilidad de los beneficios sociales y trabajos en el sector agr\u00edcola\"}]},{\"@type\":\"WebSite\",\"@id\":\"https:\/\/www.mundoagropecuario.cl\/new\/#website\",\"url\":\"https:\/\/www.mundoagropecuario.cl\/new\/\",\"name\":\"Mundoagropecuario\",\"description\":\"Mundo Agropecuario\",\"publisher\":{\"@id\":\"https:\/\/www.mundoagropecuario.cl\/new\/#organization\"},\"potentialAction\":[{\"@type\":\"SearchAction\",\"target\":{\"@type\":\"EntryPoint\",\"urlTemplate\":\"https:\/\/www.mundoagropecuario.cl\/new\/?s={search_term_string}\"},\"query-input\":{\"@type\":\"PropertyValueSpecification\",\"valueRequired\":true,\"valueName\":\"search_term_string\"}}],\"inLanguage\":\"es\"},{\"@type\":\"Organization\",\"@id\":\"https:\/\/www.mundoagropecuario.cl\/new\/#organization\",\"name\":\"Revista de Agricultura\",\"url\":\"https:\/\/www.mundoagropecuario.cl\/new\/\",\"logo\":{\"@type\":\"ImageObject\",\"inLanguage\":\"es\",\"@id\":\"https:\/\/www.mundoagropecuario.cl\/new\/#\/schema\/logo\/image\/\",\"url\":\"https:\/\/www.mundoagropecuario.cl\/new\/wp-content\/uploads\/2020\/11\/PORTAL-1-1.png\",\"contentUrl\":\"https:\/\/www.mundoagropecuario.cl\/new\/wp-content\/uploads\/2020\/11\/PORTAL-1-1.png\",\"width\":1026,\"height\":100,\"caption\":\"Revista de Agricultura\"},\"image\":{\"@id\":\"https:\/\/www.mundoagropecuario.cl\/new\/#\/schema\/logo\/image\/\"},\"sameAs\":[\"https:\/\/www.facebook.com\/mundo.agropecuario.3\",\"https:\/\/x.com\/MundoAgropecuar\",\"https:\/\/www.linkedin.com\/in\/mundo-agropecuario-934009201\/\"]},{\"@type\":\"Person\",\"@id\":\"https:\/\/www.mundoagropecuario.cl\/new\/#\/schema\/person\/4e9f74a82a7dac260eb1c44b7eebeb18\",\"name\":\"mundo\",\"url\":\"https:\/\/www.mundoagropecuario.cl\/new\/author\/mundo\/\"}]}<\/script>\n<!-- \/ Yoast SEO plugin. -->","yoast_head_json":{"title":"Encabezan Comit\u00e9 de Abastecimiento Seguro y resaltan la compatibilidad de los beneficios sociales y trabajos en el sector agr\u00edcola - Mundoagropecuario","robots":{"index":"index","follow":"follow","max-snippet":"max-snippet:-1","max-image-preview":"max-image-preview:large","max-video-preview":"max-video-preview:-1"},"canonical":"https:\/\/www.mundoagropecuario.cl\/new\/encabezan-comite-de-abastecimiento-seguro-y-resaltan-la-compatibilidad-de-los-beneficios-sociales-y-trabajos-en-el-sector-agricola\/","og_locale":"es_ES","og_type":"article","og_title":"Encabezan Comit\u00e9 de Abastecimiento Seguro y resaltan la compatibilidad de los beneficios sociales y trabajos en el sector agr\u00edcola - Mundoagropecuario","og_description":"Ofrecer teletrabajo al personal con riesgo de salud, implementar el protocolo sanitario y la obligaci\u00f3n de los empleadores de contratar el Seguro Covid para sus trabajadores son parte de los temas que se abordaron en sesi\u00f3n extraordinaria.","og_url":"https:\/\/www.mundoagropecuario.cl\/new\/encabezan-comite-de-abastecimiento-seguro-y-resaltan-la-compatibilidad-de-los-beneficios-sociales-y-trabajos-en-el-sector-agricola\/","og_site_name":"Mundoagropecuario","article_publisher":"https:\/\/www.facebook.com\/mundo.agropecuario.3","article_published_time":"2021-06-14T16:32:17+00:00","article_modified_time":"2021-06-16T16:13:22+00:00","og_image":[{"width":1024,"height":682,"url":"https:\/\/www.mundoagropecuario.cl\/new\/wp-content\/uploads\/2021\/06\/Foto-3-scaled.jpg","type":"image\/jpeg"}],"author":"mundo","twitter_card":"summary_large_image","twitter_creator":"@MundoAgropecuar","twitter_site":"@MundoAgropecuar","twitter_misc":{"Escrito por":"mundo","Tiempo de lectura":"4 minutos"},"schema":{"@context":"https:\/\/schema.org","@graph":[{"@type":"Article","@id":"https:\/\/www.mundoagropecuario.cl\/new\/encabezan-comite-de-abastecimiento-seguro-y-resaltan-la-compatibilidad-de-los-beneficios-sociales-y-trabajos-en-el-sector-agricola\/#article","isPartOf":{"@id":"https:\/\/www.mundoagropecuario.cl\/new\/encabezan-comite-de-abastecimiento-seguro-y-resaltan-la-compatibilidad-de-los-beneficios-sociales-y-trabajos-en-el-sector-agricola\/"},"author":{"name":"mundo","@id":"https:\/\/www.mundoagropecuario.cl\/new\/#\/schema\/person\/4e9f74a82a7dac260eb1c44b7eebeb18"},"headline":"Encabezan Comit\u00e9 de Abastecimiento Seguro y resaltan la compatibilidad de los beneficios sociales y trabajos en el sector agr\u00edcola","datePublished":"2021-06-14T16:32:17+00:00","dateModified":"2021-06-16T16:13:22+00:00","mainEntityOfPage":{"@id":"https:\/\/www.mundoagropecuario.cl\/new\/encabezan-comite-de-abastecimiento-seguro-y-resaltan-la-compatibilidad-de-los-beneficios-sociales-y-trabajos-en-el-sector-agricola\/"},"wordCount":708,"publisher":{"@id":"https:\/\/www.mundoagropecuario.cl\/new\/#organization"},"image":{"@id":"https:\/\/www.mundoagropecuario.cl\/new\/encabezan-comite-de-abastecimiento-seguro-y-resaltan-la-compatibilidad-de-los-beneficios-sociales-y-trabajos-en-el-sector-agricola\/#primaryimage"},"thumbnailUrl":"https:\/\/www.mundoagropecuario.cl\/new\/wp-content\/uploads\/2021\/06\/Foto-3-scaled.jpg","keywords":["agricultores","Agricultura","Agro","covid-19","Mar\u00eda Emilia Undurraga","Minagri"],"articleSection":["Agricultura"],"inLanguage":"es"},{"@type":"WebPage","@id":"https:\/\/www.mundoagropecuario.cl\/new\/encabezan-comite-de-abastecimiento-seguro-y-resaltan-la-compatibilidad-de-los-beneficios-sociales-y-trabajos-en-el-sector-agricola\/","url":"https:\/\/www.mundoagropecuario.cl\/new\/encabezan-comite-de-abastecimiento-seguro-y-resaltan-la-compatibilidad-de-los-beneficios-sociales-y-trabajos-en-el-sector-agricola\/","name":"Encabezan Comit\u00e9 de Abastecimiento Seguro y resaltan la compatibilidad de los beneficios sociales y trabajos en el sector agr\u00edcola - Mundoagropecuario","isPartOf":{"@id":"https:\/\/www.mundoagropecuario.cl\/new\/#website"},"primaryImageOfPage":{"@id":"https:\/\/www.mundoagropecuario.cl\/new\/encabezan-comite-de-abastecimiento-seguro-y-resaltan-la-compatibilidad-de-los-beneficios-sociales-y-trabajos-en-el-sector-agricola\/#primaryimage"},"image":{"@id":"https:\/\/www.mundoagropecuario.cl\/new\/encabezan-comite-de-abastecimiento-seguro-y-resaltan-la-compatibilidad-de-los-beneficios-sociales-y-trabajos-en-el-sector-agricola\/#primaryimage"},"thumbnailUrl":"https:\/\/www.mundoagropecuario.cl\/new\/wp-content\/uploads\/2021\/06\/Foto-3-scaled.jpg","datePublished":"2021-06-14T16:32:17+00:00","dateModified":"2021-06-16T16:13:22+00:00","breadcrumb":{"@id":"https:\/\/www.mundoagropecuario.cl\/new\/encabezan-comite-de-abastecimiento-seguro-y-resaltan-la-compatibilidad-de-los-beneficios-sociales-y-trabajos-en-el-sector-agricola\/#breadcrumb"},"inLanguage":"es","potentialAction":[{"@type":"ReadAction","target":["https:\/\/www.mundoagropecuario.cl\/new\/encabezan-comite-de-abastecimiento-seguro-y-resaltan-la-compatibilidad-de-los-beneficios-sociales-y-trabajos-en-el-sector-agricola\/"]}]},{"@type":"ImageObject","inLanguage":"es","@id":"https:\/\/www.mundoagropecuario.cl\/new\/encabezan-comite-de-abastecimiento-seguro-y-resaltan-la-compatibilidad-de-los-beneficios-sociales-y-trabajos-en-el-sector-agricola\/#primaryimage","url":"https:\/\/www.mundoagropecuario.cl\/new\/wp-content\/uploads\/2021\/06\/Foto-3-scaled.jpg","contentUrl":"https:\/\/www.mundoagropecuario.cl\/new\/wp-content\/uploads\/2021\/06\/Foto-3-scaled.jpg","width":601,"height":400},{"@type":"BreadcrumbList","@id":"https:\/\/www.mundoagropecuario.cl\/new\/encabezan-comite-de-abastecimiento-seguro-y-resaltan-la-compatibilidad-de-los-beneficios-sociales-y-trabajos-en-el-sector-agricola\/#breadcrumb","itemListElement":[{"@type":"ListItem","position":1,"name":"Portada","item":"https:\/\/www.mundoagropecuario.cl\/new\/"},{"@type":"ListItem","position":2,"name":"Encabezan Comit\u00e9 de Abastecimiento Seguro y resaltan la compatibilidad de los beneficios sociales y trabajos en el sector agr\u00edcola"}]},{"@type":"WebSite","@id":"https:\/\/www.mundoagropecuario.cl\/new\/#website","url":"https:\/\/www.mundoagropecuario.cl\/new\/","name":"Mundoagropecuario","description":"Mundo Agropecuario","publisher":{"@id":"https:\/\/www.mundoagropecuario.cl\/new\/#organization"},"potentialAction":[{"@type":"SearchAction","target":{"@type":"EntryPoint","urlTemplate":"https:\/\/www.mundoagropecuario.cl\/new\/?s={search_term_string}"},"query-input":{"@type":"PropertyValueSpecification","valueRequired":true,"valueName":"search_term_string"}}],"inLanguage":"es"},{"@type":"Organization","@id":"https:\/\/www.mundoagropecuario.cl\/new\/#organization","name":"Revista de Agricultura","url":"https:\/\/www.mundoagropecuario.cl\/new\/","logo":{"@type":"ImageObject","inLanguage":"es","@id":"https:\/\/www.mundoagropecuario.cl\/new\/#\/schema\/logo\/image\/","url":"https:\/\/www.mundoagropecuario.cl\/new\/wp-content\/uploads\/2020\/11\/PORTAL-1-1.png","contentUrl":"https:\/\/www.mundoagropecuario.cl\/new\/wp-content\/uploads\/2020\/11\/PORTAL-1-1.png","width":1026,"height":100,"caption":"Revista de Agricultura"},"image":{"@id":"https:\/\/www.mundoagropecuario.cl\/new\/#\/schema\/logo\/image\/"},"sameAs":["https:\/\/www.facebook.com\/mundo.agropecuario.3","https:\/\/x.com\/MundoAgropecuar","https:\/\/www.linkedin.com\/in\/mundo-agropecuario-934009201\/"]},{"@type":"Person","@id":"https:\/\/www.mundoagropecuario.cl\/new\/#\/schema\/person\/4e9f74a82a7dac260eb1c44b7eebeb18","name":"mundo","url":"https:\/\/www.mundoagropecuario.cl\/new\/author\/mundo\/"}]}},"_links":{"self":[{"href":"https:\/\/www.mundoagropecuario.cl\/new\/wp-json\/wp\/v2\/posts\/19337","targetHints":{"allow":["GET"]}}],"collection":[{"href":"https:\/\/www.mundoagropecuario.cl\/new\/wp-json\/wp\/v2\/posts"}],"about":[{"href":"https:\/\/www.mundoagropecuario.cl\/new\/wp-json\/wp\/v2\/types\/post"}],"author":[{"embeddable":true,"href":"https:\/\/www.mundoagropecuario.cl\/new\/wp-json\/wp\/v2\/users\/2"}],"replies":[{"embeddable":true,"href":"https:\/\/www.mundoagropecuario.cl\/new\/wp-json\/wp\/v2\/comments?post=19337"}],"version-history":[{"count":1,"href":"https:\/\/www.mundoagropecuario.cl\/new\/wp-json\/wp\/v2\/posts\/19337\/revisions"}],"predecessor-version":[{"id":19341,"href":"https:\/\/www.mundoagropecuario.cl\/new\/wp-json\/wp\/v2\/posts\/19337\/revisions\/19341"}],"wp:featuredmedia":[{"embeddable":true,"href":"https:\/\/www.mundoagropecuario.cl\/new\/wp-json\/wp\/v2\/media\/19338"}],"wp:attachment":[{"href":"https:\/\/www.mundoagropecuario.cl\/new\/wp-json\/wp\/v2\/media?parent=19337"}],"wp:term":[{"taxonomy":"category","embeddable":true,"href":"https:\/\/www.mundoagropecuario.cl\/new\/wp-json\/wp\/v2\/categories?post=19337"},{"taxonomy":"post_tag","embeddable":true,"href":"https:\/\/www.mundoagropecuario.cl\/new\/wp-json\/wp\/v2\/tags?post=19337"}],"curies":[{"name":"wp","href":"https:\/\/api.w.org\/{rel}","templated":true}]}}