{"id":19324,"date":"2021-06-11T13:37:04","date_gmt":"2021-06-11T16:37:04","guid":{"rendered":"https:\/\/www.mundoagropecuario.cl\/new\/?p=19324"},"modified":"2021-06-15T11:57:17","modified_gmt":"2021-06-15T14:57:17","slug":"temporada-de-incendios-forestales-cierra-con-66-menos-de-superficie-afectada","status":"publish","type":"post","link":"https:\/\/www.mundoagropecuario.cl\/new\/temporada-de-incendios-forestales-cierra-con-66-menos-de-superficie-afectada\/","title":{"rendered":"Temporada de incendios forestales cierra con 66 % menos de superficie afectada"},"content":{"rendered":"<blockquote>\n<h2><span style=\"color: #808000;\">CONAF y Corma realizaron jornada de evaluaci\u00f3n del periodo 2020-2021 con m\u00e1s de 200 personas, destacando la disminuci\u00f3n del n\u00famero de incendios y de la superficie afectada en comparaci\u00f3n con la temporada pasada<\/span><\/h2>\n<\/blockquote>\n<p>Trabajar en aumentar las medidas de prevenci\u00f3n para la pr\u00f3xima temporada y desarrollar acciones de disminuci\u00f3n de riesgos en las zonas de mayor probabilidad de ocurrencia y propagaci\u00f3n de incendios forestales fue uno de los compromisos de la Jornada de an\u00e1lisis y lecciones aprendidas durante la temporada 2020-2021, organizada por la Corporaci\u00f3n Nacional Forestal (CONAF) y la Corporaci\u00f3n Chilena de la Madera (Corma), encuentro en el que participaron m\u00e1s de 200 personas, con expositores nacionales e internacionales.<\/p>\n<p>Tanto CONAF como Corma precisaron que, desde ya, en los meses de oto\u00f1o e invierno, los equipos de prevenci\u00f3n de incendios forestales estar\u00e1n en terreno, trabajando con los municipios y comunidades en medidas de disminuci\u00f3n de riesgos, como la construcci\u00f3n de cortafuegos, donde se espera coordinar las actividades con el Ministerio de Obras P\u00fablicas (MOP), que dispone de maquinarias para mejorar este proceso.<\/p>\n<p><a href=\"https:\/\/www.mundoagropecuario.cl\/new\/wp-content\/uploads\/2021\/06\/conaf-a0-21.jpeg\"><img loading=\"lazy\" decoding=\"async\" class=\" wp-image-19325 aligncenter\" src=\"https:\/\/www.mundoagropecuario.cl\/new\/wp-content\/uploads\/2021\/06\/conaf-a0-21-586x189.jpeg\" alt=\"\" width=\"795\" height=\"238\" \/><\/a><\/p>\n<p>En este encuentro de dos jornadas, junto con destacar que durante la temporada 2020-2021, que finaliza a fin de este mes, hubo muy buenos resultados, ya que la ocurrencia a nivel nacional baj\u00f3 en un 13 % en comparaci\u00f3n con el periodo anterior (7091 siniestros este a\u00f1o contra 8112) y la superficie afectada en un 66 % (35.213 hect\u00e1reas esta temporada y 102.241 la anterior), se concluy\u00f3 que lo m\u00e1s importante es incrementar la coordinaci\u00f3n entre el sector p\u00fablico y el privado, adem\u00e1s de los otros organismos y entidades que participan en la prevenci\u00f3n y combate de incendios forestales, profundizando especialmente la cultura de prevenci\u00f3n, donde la labor con las comunidades es fundamental.<\/p>\n<p>Una de las mayores preocupaciones manifestada por las autoridades fue la alta intencionalidad registrada, al llegar durante este \u00faltimo per\u00edodo a un 41 %, siendo las regiones del Biob\u00edo y La Araucan\u00eda las que concentran el 42,8 % del total de siniestros, por lo cual se espera avanzar en la gesti\u00f3n de determinaci\u00f3n de causas, reforzando los equipos regionales de CONAF en apoyo al Ministerio P\u00fablico (fiscal\u00edas), PDI y Carabineros.<\/p>\n<p>Para el director ejecutivo de CONAF, Rodrigo Munita, estas jornadas potencian el trabajo que se viene realizando con las empresas forestales, reunidas en Corma, al fortalecer las actividades de prevenci\u00f3n y combate de incendios forestales, en particular en la zona macrosur del pa\u00eds. \u201cEl que est\u00e1 m\u00e1s cerca de un foco realiza el primer ataque, buscando un control r\u00e1pido del siniestro. Hemos funcionado muy bien y lo que estamos buscando ahora es continuar mejorando estas coordinaciones, ya que nos permiten sumar recursos humanos, a\u00e9reos y t\u00e9cnicos. Por todo esto, somos un referente a nivel latinoamericano y mundial, sin olvidar que en esta labor juega tambi\u00e9n un rol muy importante la Onemi\u201d, coment\u00f3 Munita.<\/p>\n<p>Por su parte, el presidente de Corma, Juan Jos\u00e9 Ugarte, dijo que \u201cdurante la temporada pasada enfrentamos situaciones desafiantes nunca vistas, en especial por la pandemia y las altas temperaturas registradas. Pero el trabajo p\u00fablico privado fue fundamental al momento de tomar medidas preventivas y decisiones en el combate, con un grupo humano especialmente preparado, que sac\u00f3 la tarea adelante, con mucho compromiso y entrega. Hoy, en este encuentro de reflexi\u00f3n, determinaremos las nuevas acciones que debemos tomar para reducir los incendios, manteniendo el trabajo colaborativo en la prevenci\u00f3n con todos los organismos de emergencia, para proteger a vecinos, la flora y fauna\u201d.<\/p>\n<p><a href=\"https:\/\/www.mundoagropecuario.cl\/new\/wp-content\/uploads\/2019\/09\/Brigadistas-CONAF-003-1.jpg\"><img loading=\"lazy\" decoding=\"async\" class=\" wp-image-13720 alignright\" src=\"https:\/\/www.mundoagropecuario.cl\/new\/wp-content\/uploads\/2019\/09\/Brigadistas-CONAF-003-1-586x329.jpg\" alt=\"\" width=\"456\" height=\"262\" \/><\/a>En tanto que la gerenta de Protecci\u00f3n contra Incendios Forestales de CONAF, A\u00edda Baldini, indic\u00f3 que los resultados obtenidos en la temporada 2020-2021 son un claro ejemplo de la planificaci\u00f3n realizada y la labor en conjunto con el sector privado y otros organismos y entidades que participan en la prevenci\u00f3n y control de estas emergencias. \u201cTuvimos un intenso trabajo con las empresas forestales, conformamos los comandos conjuntos, trabajando como un solo gran sistema, es decir, CONAF y las empresas forestales, con el apoyo de Onemi y Bomberos. Fue un \u00e9xito y un avance en gesti\u00f3n conjunta\u201d, afirm\u00f3.<\/p>\n<p>Ram\u00f3n Figueroa, presidente del Departamento de Prevenci\u00f3n y Protecci\u00f3n de Incendios de Corma, sostuvo a la vez que \u201csi bien es cierto que la ocurrencia y el da\u00f1o por los incendios forestales bajaron, es preocupante la alta intencionalidad de estos. Hoy debemos enfocarnos en analizar las lecciones aprendidas, lo que debemos mejorar tanto en prevenci\u00f3n, como en combate. Un punto destacable es el manejo intensivo y extensivo de los combustibles, que es el futuro para poder disminuir los incendios\u201d.<\/p>\n<p>En esta jornada de dos d\u00edas, entre el mi\u00e9rcoles 9 de junio y el jueves 10 de junio, se abordaron temas como balance de la temporada, prevenci\u00f3n comunitaria, silvicultura preventiva, uso del fuego t\u00e9cnico para la gesti\u00f3n del combustible, incendios intencionales, evaluaci\u00f3n del trabajo en conjunto, an\u00e1lisis de riesgo y severidad y potencialidades del uso de drones en incendios forestales, entre otros.<\/p>\n","protected":false},"excerpt":{"rendered":"<p>Una de las mayores preocupaciones manifestada por las autoridades fue la alta intencionalidad registrada, al llegar durante este \u00faltimo per\u00edodo a un 41 %, siendo las regiones del Biob\u00edo y La Araucan\u00eda las que concentran el 42,8 % del total de siniestros.<\/p>\n","protected":false},"author":2,"featured_media":19326,"comment_status":"closed","ping_status":"closed","sticky":false,"template":"","format":"standard","meta":{"footnotes":""},"categories":[1949],"tags":[3127,2694,876,2369,2552,2663,2035,5822],"class_list":["post-19324","post","type-post","status-publish","format-standard","has-post-thumbnail","hentry","category-forestal","tag-agro","tag-bosques","tag-conaf","tag-corma","tag-director-ejecutivo-de-conaf","tag-incendios-forestales","tag-minagri","tag-rodrigo-munita"],"yoast_head":"<!-- This site is optimized with the Yoast SEO plugin v26.6 - https:\/\/yoast.com\/wordpress\/plugins\/seo\/ -->\n<title>Temporada de incendios forestales cierra con 66 % menos de superficie afectada - Mundoagropecuario<\/title>\n<meta name=\"description\" content=\"Una de las mayores preocupaciones manifestada por las autoridades fue la alta intencionalidad registrada, al llegar durante el \u00faltimo per\u00edodo\" \/>\n<meta name=\"robots\" content=\"index, follow, max-snippet:-1, max-image-preview:large, max-video-preview:-1\" \/>\n<link rel=\"canonical\" href=\"https:\/\/www.mundoagropecuario.cl\/new\/temporada-de-incendios-forestales-cierra-con-66-menos-de-superficie-afectada\/\" \/>\n<meta property=\"og:locale\" content=\"es_ES\" \/>\n<meta property=\"og:type\" content=\"article\" \/>\n<meta property=\"og:title\" content=\"Temporada de incendios forestales cierra con 66 % menos de superficie afectada - Mundoagropecuario\" \/>\n<meta property=\"og:description\" content=\"Una de las mayores preocupaciones manifestada por las autoridades fue la alta intencionalidad registrada, al llegar durante el \u00faltimo per\u00edodo\" \/>\n<meta property=\"og:url\" content=\"https:\/\/www.mundoagropecuario.cl\/new\/temporada-de-incendios-forestales-cierra-con-66-menos-de-superficie-afectada\/\" \/>\n<meta property=\"og:site_name\" content=\"Mundoagropecuario\" \/>\n<meta property=\"article:publisher\" content=\"https:\/\/www.facebook.com\/mundo.agropecuario.3\" \/>\n<meta property=\"article:published_time\" content=\"2021-06-11T16:37:04+00:00\" \/>\n<meta property=\"article:modified_time\" content=\"2021-06-15T14:57:17+00:00\" \/>\n<meta property=\"og:image\" content=\"https:\/\/www.mundoagropecuario.cl\/new\/wp-content\/uploads\/2021\/06\/Conaf-480.jpeg\" \/>\n\t<meta property=\"og:image:width\" content=\"600\" \/>\n\t<meta property=\"og:image:height\" content=\"480\" \/>\n\t<meta property=\"og:image:type\" content=\"image\/jpeg\" \/>\n<meta name=\"author\" content=\"mundo\" \/>\n<meta name=\"twitter:card\" content=\"summary_large_image\" \/>\n<meta name=\"twitter:creator\" content=\"@MundoAgropecuar\" \/>\n<meta name=\"twitter:site\" content=\"@MundoAgropecuar\" \/>\n<meta name=\"twitter:label1\" content=\"Escrito por\" \/>\n\t<meta name=\"twitter:data1\" content=\"mundo\" \/>\n\t<meta name=\"twitter:label2\" content=\"Tiempo de lectura\" \/>\n\t<meta name=\"twitter:data2\" content=\"4 minutos\" \/>\n<script type=\"application\/ld+json\" class=\"yoast-schema-graph\">{\"@context\":\"https:\/\/schema.org\",\"@graph\":[{\"@type\":\"Article\",\"@id\":\"https:\/\/www.mundoagropecuario.cl\/new\/temporada-de-incendios-forestales-cierra-con-66-menos-de-superficie-afectada\/#article\",\"isPartOf\":{\"@id\":\"https:\/\/www.mundoagropecuario.cl\/new\/temporada-de-incendios-forestales-cierra-con-66-menos-de-superficie-afectada\/\"},\"author\":{\"name\":\"mundo\",\"@id\":\"https:\/\/www.mundoagropecuario.cl\/new\/#\/schema\/person\/4e9f74a82a7dac260eb1c44b7eebeb18\"},\"headline\":\"Temporada de incendios forestales cierra con 66 % menos de superficie afectada\",\"datePublished\":\"2021-06-11T16:37:04+00:00\",\"dateModified\":\"2021-06-15T14:57:17+00:00\",\"mainEntityOfPage\":{\"@id\":\"https:\/\/www.mundoagropecuario.cl\/new\/temporada-de-incendios-forestales-cierra-con-66-menos-de-superficie-afectada\/\"},\"wordCount\":866,\"publisher\":{\"@id\":\"https:\/\/www.mundoagropecuario.cl\/new\/#organization\"},\"image\":{\"@id\":\"https:\/\/www.mundoagropecuario.cl\/new\/temporada-de-incendios-forestales-cierra-con-66-menos-de-superficie-afectada\/#primaryimage\"},\"thumbnailUrl\":\"https:\/\/www.mundoagropecuario.cl\/new\/wp-content\/uploads\/2021\/06\/Conaf-480.jpeg\",\"keywords\":[\"Agro\",\"bosques\",\"Conaf\",\"Corma\",\"director ejecutivo de CONAF\",\"incendios forestales\",\"Minagri\",\"Rodrigo Munita\"],\"articleSection\":[\"Forestal\"],\"inLanguage\":\"es\"},{\"@type\":\"WebPage\",\"@id\":\"https:\/\/www.mundoagropecuario.cl\/new\/temporada-de-incendios-forestales-cierra-con-66-menos-de-superficie-afectada\/\",\"url\":\"https:\/\/www.mundoagropecuario.cl\/new\/temporada-de-incendios-forestales-cierra-con-66-menos-de-superficie-afectada\/\",\"name\":\"Temporada de incendios forestales cierra con 66 % menos de superficie afectada - Mundoagropecuario\",\"isPartOf\":{\"@id\":\"https:\/\/www.mundoagropecuario.cl\/new\/#website\"},\"primaryImageOfPage\":{\"@id\":\"https:\/\/www.mundoagropecuario.cl\/new\/temporada-de-incendios-forestales-cierra-con-66-menos-de-superficie-afectada\/#primaryimage\"},\"image\":{\"@id\":\"https:\/\/www.mundoagropecuario.cl\/new\/temporada-de-incendios-forestales-cierra-con-66-menos-de-superficie-afectada\/#primaryimage\"},\"thumbnailUrl\":\"https:\/\/www.mundoagropecuario.cl\/new\/wp-content\/uploads\/2021\/06\/Conaf-480.jpeg\",\"datePublished\":\"2021-06-11T16:37:04+00:00\",\"dateModified\":\"2021-06-15T14:57:17+00:00\",\"description\":\"Una de las mayores preocupaciones manifestada por las autoridades fue la alta intencionalidad registrada, al llegar durante el \u00faltimo per\u00edodo\",\"breadcrumb\":{\"@id\":\"https:\/\/www.mundoagropecuario.cl\/new\/temporada-de-incendios-forestales-cierra-con-66-menos-de-superficie-afectada\/#breadcrumb\"},\"inLanguage\":\"es\",\"potentialAction\":[{\"@type\":\"ReadAction\",\"target\":[\"https:\/\/www.mundoagropecuario.cl\/new\/temporada-de-incendios-forestales-cierra-con-66-menos-de-superficie-afectada\/\"]}]},{\"@type\":\"ImageObject\",\"inLanguage\":\"es\",\"@id\":\"https:\/\/www.mundoagropecuario.cl\/new\/temporada-de-incendios-forestales-cierra-con-66-menos-de-superficie-afectada\/#primaryimage\",\"url\":\"https:\/\/www.mundoagropecuario.cl\/new\/wp-content\/uploads\/2021\/06\/Conaf-480.jpeg\",\"contentUrl\":\"https:\/\/www.mundoagropecuario.cl\/new\/wp-content\/uploads\/2021\/06\/Conaf-480.jpeg\",\"width\":500,\"height\":400},{\"@type\":\"BreadcrumbList\",\"@id\":\"https:\/\/www.mundoagropecuario.cl\/new\/temporada-de-incendios-forestales-cierra-con-66-menos-de-superficie-afectada\/#breadcrumb\",\"itemListElement\":[{\"@type\":\"ListItem\",\"position\":1,\"name\":\"Portada\",\"item\":\"https:\/\/www.mundoagropecuario.cl\/new\/\"},{\"@type\":\"ListItem\",\"position\":2,\"name\":\"Temporada de incendios forestales cierra con 66 % menos de superficie afectada\"}]},{\"@type\":\"WebSite\",\"@id\":\"https:\/\/www.mundoagropecuario.cl\/new\/#website\",\"url\":\"https:\/\/www.mundoagropecuario.cl\/new\/\",\"name\":\"Mundoagropecuario\",\"description\":\"Mundo Agropecuario\",\"publisher\":{\"@id\":\"https:\/\/www.mundoagropecuario.cl\/new\/#organization\"},\"potentialAction\":[{\"@type\":\"SearchAction\",\"target\":{\"@type\":\"EntryPoint\",\"urlTemplate\":\"https:\/\/www.mundoagropecuario.cl\/new\/?s={search_term_string}\"},\"query-input\":{\"@type\":\"PropertyValueSpecification\",\"valueRequired\":true,\"valueName\":\"search_term_string\"}}],\"inLanguage\":\"es\"},{\"@type\":\"Organization\",\"@id\":\"https:\/\/www.mundoagropecuario.cl\/new\/#organization\",\"name\":\"Revista de Agricultura\",\"url\":\"https:\/\/www.mundoagropecuario.cl\/new\/\",\"logo\":{\"@type\":\"ImageObject\",\"inLanguage\":\"es\",\"@id\":\"https:\/\/www.mundoagropecuario.cl\/new\/#\/schema\/logo\/image\/\",\"url\":\"https:\/\/www.mundoagropecuario.cl\/new\/wp-content\/uploads\/2020\/11\/PORTAL-1-1.png\",\"contentUrl\":\"https:\/\/www.mundoagropecuario.cl\/new\/wp-content\/uploads\/2020\/11\/PORTAL-1-1.png\",\"width\":1026,\"height\":100,\"caption\":\"Revista de Agricultura\"},\"image\":{\"@id\":\"https:\/\/www.mundoagropecuario.cl\/new\/#\/schema\/logo\/image\/\"},\"sameAs\":[\"https:\/\/www.facebook.com\/mundo.agropecuario.3\",\"https:\/\/x.com\/MundoAgropecuar\",\"https:\/\/www.linkedin.com\/in\/mundo-agropecuario-934009201\/\"]},{\"@type\":\"Person\",\"@id\":\"https:\/\/www.mundoagropecuario.cl\/new\/#\/schema\/person\/4e9f74a82a7dac260eb1c44b7eebeb18\",\"name\":\"mundo\",\"url\":\"https:\/\/www.mundoagropecuario.cl\/new\/author\/mundo\/\"}]}<\/script>\n<!-- \/ Yoast SEO plugin. -->","yoast_head_json":{"title":"Temporada de incendios forestales cierra con 66 % menos de superficie afectada - Mundoagropecuario","description":"Una de las mayores preocupaciones manifestada por las autoridades fue la alta intencionalidad registrada, al llegar durante el \u00faltimo per\u00edodo","robots":{"index":"index","follow":"follow","max-snippet":"max-snippet:-1","max-image-preview":"max-image-preview:large","max-video-preview":"max-video-preview:-1"},"canonical":"https:\/\/www.mundoagropecuario.cl\/new\/temporada-de-incendios-forestales-cierra-con-66-menos-de-superficie-afectada\/","og_locale":"es_ES","og_type":"article","og_title":"Temporada de incendios forestales cierra con 66 % menos de superficie afectada - Mundoagropecuario","og_description":"Una de las mayores preocupaciones manifestada por las autoridades fue la alta intencionalidad registrada, al llegar durante el \u00faltimo per\u00edodo","og_url":"https:\/\/www.mundoagropecuario.cl\/new\/temporada-de-incendios-forestales-cierra-con-66-menos-de-superficie-afectada\/","og_site_name":"Mundoagropecuario","article_publisher":"https:\/\/www.facebook.com\/mundo.agropecuario.3","article_published_time":"2021-06-11T16:37:04+00:00","article_modified_time":"2021-06-15T14:57:17+00:00","og_image":[{"width":600,"height":480,"url":"https:\/\/www.mundoagropecuario.cl\/new\/wp-content\/uploads\/2021\/06\/Conaf-480.jpeg","type":"image\/jpeg"}],"author":"mundo","twitter_card":"summary_large_image","twitter_creator":"@MundoAgropecuar","twitter_site":"@MundoAgropecuar","twitter_misc":{"Escrito por":"mundo","Tiempo de lectura":"4 minutos"},"schema":{"@context":"https:\/\/schema.org","@graph":[{"@type":"Article","@id":"https:\/\/www.mundoagropecuario.cl\/new\/temporada-de-incendios-forestales-cierra-con-66-menos-de-superficie-afectada\/#article","isPartOf":{"@id":"https:\/\/www.mundoagropecuario.cl\/new\/temporada-de-incendios-forestales-cierra-con-66-menos-de-superficie-afectada\/"},"author":{"name":"mundo","@id":"https:\/\/www.mundoagropecuario.cl\/new\/#\/schema\/person\/4e9f74a82a7dac260eb1c44b7eebeb18"},"headline":"Temporada de incendios forestales cierra con 66 % menos de superficie afectada","datePublished":"2021-06-11T16:37:04+00:00","dateModified":"2021-06-15T14:57:17+00:00","mainEntityOfPage":{"@id":"https:\/\/www.mundoagropecuario.cl\/new\/temporada-de-incendios-forestales-cierra-con-66-menos-de-superficie-afectada\/"},"wordCount":866,"publisher":{"@id":"https:\/\/www.mundoagropecuario.cl\/new\/#organization"},"image":{"@id":"https:\/\/www.mundoagropecuario.cl\/new\/temporada-de-incendios-forestales-cierra-con-66-menos-de-superficie-afectada\/#primaryimage"},"thumbnailUrl":"https:\/\/www.mundoagropecuario.cl\/new\/wp-content\/uploads\/2021\/06\/Conaf-480.jpeg","keywords":["Agro","bosques","Conaf","Corma","director ejecutivo de CONAF","incendios forestales","Minagri","Rodrigo Munita"],"articleSection":["Forestal"],"inLanguage":"es"},{"@type":"WebPage","@id":"https:\/\/www.mundoagropecuario.cl\/new\/temporada-de-incendios-forestales-cierra-con-66-menos-de-superficie-afectada\/","url":"https:\/\/www.mundoagropecuario.cl\/new\/temporada-de-incendios-forestales-cierra-con-66-menos-de-superficie-afectada\/","name":"Temporada de incendios forestales cierra con 66 % menos de superficie afectada - Mundoagropecuario","isPartOf":{"@id":"https:\/\/www.mundoagropecuario.cl\/new\/#website"},"primaryImageOfPage":{"@id":"https:\/\/www.mundoagropecuario.cl\/new\/temporada-de-incendios-forestales-cierra-con-66-menos-de-superficie-afectada\/#primaryimage"},"image":{"@id":"https:\/\/www.mundoagropecuario.cl\/new\/temporada-de-incendios-forestales-cierra-con-66-menos-de-superficie-afectada\/#primaryimage"},"thumbnailUrl":"https:\/\/www.mundoagropecuario.cl\/new\/wp-content\/uploads\/2021\/06\/Conaf-480.jpeg","datePublished":"2021-06-11T16:37:04+00:00","dateModified":"2021-06-15T14:57:17+00:00","description":"Una de las mayores preocupaciones manifestada por las autoridades fue la alta intencionalidad registrada, al llegar durante el \u00faltimo per\u00edodo","breadcrumb":{"@id":"https:\/\/www.mundoagropecuario.cl\/new\/temporada-de-incendios-forestales-cierra-con-66-menos-de-superficie-afectada\/#breadcrumb"},"inLanguage":"es","potentialAction":[{"@type":"ReadAction","target":["https:\/\/www.mundoagropecuario.cl\/new\/temporada-de-incendios-forestales-cierra-con-66-menos-de-superficie-afectada\/"]}]},{"@type":"ImageObject","inLanguage":"es","@id":"https:\/\/www.mundoagropecuario.cl\/new\/temporada-de-incendios-forestales-cierra-con-66-menos-de-superficie-afectada\/#primaryimage","url":"https:\/\/www.mundoagropecuario.cl\/new\/wp-content\/uploads\/2021\/06\/Conaf-480.jpeg","contentUrl":"https:\/\/www.mundoagropecuario.cl\/new\/wp-content\/uploads\/2021\/06\/Conaf-480.jpeg","width":500,"height":400},{"@type":"BreadcrumbList","@id":"https:\/\/www.mundoagropecuario.cl\/new\/temporada-de-incendios-forestales-cierra-con-66-menos-de-superficie-afectada\/#breadcrumb","itemListElement":[{"@type":"ListItem","position":1,"name":"Portada","item":"https:\/\/www.mundoagropecuario.cl\/new\/"},{"@type":"ListItem","position":2,"name":"Temporada de incendios forestales cierra con 66 % menos de superficie afectada"}]},{"@type":"WebSite","@id":"https:\/\/www.mundoagropecuario.cl\/new\/#website","url":"https:\/\/www.mundoagropecuario.cl\/new\/","name":"Mundoagropecuario","description":"Mundo Agropecuario","publisher":{"@id":"https:\/\/www.mundoagropecuario.cl\/new\/#organization"},"potentialAction":[{"@type":"SearchAction","target":{"@type":"EntryPoint","urlTemplate":"https:\/\/www.mundoagropecuario.cl\/new\/?s={search_term_string}"},"query-input":{"@type":"PropertyValueSpecification","valueRequired":true,"valueName":"search_term_string"}}],"inLanguage":"es"},{"@type":"Organization","@id":"https:\/\/www.mundoagropecuario.cl\/new\/#organization","name":"Revista de Agricultura","url":"https:\/\/www.mundoagropecuario.cl\/new\/","logo":{"@type":"ImageObject","inLanguage":"es","@id":"https:\/\/www.mundoagropecuario.cl\/new\/#\/schema\/logo\/image\/","url":"https:\/\/www.mundoagropecuario.cl\/new\/wp-content\/uploads\/2020\/11\/PORTAL-1-1.png","contentUrl":"https:\/\/www.mundoagropecuario.cl\/new\/wp-content\/uploads\/2020\/11\/PORTAL-1-1.png","width":1026,"height":100,"caption":"Revista de Agricultura"},"image":{"@id":"https:\/\/www.mundoagropecuario.cl\/new\/#\/schema\/logo\/image\/"},"sameAs":["https:\/\/www.facebook.com\/mundo.agropecuario.3","https:\/\/x.com\/MundoAgropecuar","https:\/\/www.linkedin.com\/in\/mundo-agropecuario-934009201\/"]},{"@type":"Person","@id":"https:\/\/www.mundoagropecuario.cl\/new\/#\/schema\/person\/4e9f74a82a7dac260eb1c44b7eebeb18","name":"mundo","url":"https:\/\/www.mundoagropecuario.cl\/new\/author\/mundo\/"}]}},"_links":{"self":[{"href":"https:\/\/www.mundoagropecuario.cl\/new\/wp-json\/wp\/v2\/posts\/19324","targetHints":{"allow":["GET"]}}],"collection":[{"href":"https:\/\/www.mundoagropecuario.cl\/new\/wp-json\/wp\/v2\/posts"}],"about":[{"href":"https:\/\/www.mundoagropecuario.cl\/new\/wp-json\/wp\/v2\/types\/post"}],"author":[{"embeddable":true,"href":"https:\/\/www.mundoagropecuario.cl\/new\/wp-json\/wp\/v2\/users\/2"}],"replies":[{"embeddable":true,"href":"https:\/\/www.mundoagropecuario.cl\/new\/wp-json\/wp\/v2\/comments?post=19324"}],"version-history":[{"count":1,"href":"https:\/\/www.mundoagropecuario.cl\/new\/wp-json\/wp\/v2\/posts\/19324\/revisions"}],"predecessor-version":[{"id":19327,"href":"https:\/\/www.mundoagropecuario.cl\/new\/wp-json\/wp\/v2\/posts\/19324\/revisions\/19327"}],"wp:featuredmedia":[{"embeddable":true,"href":"https:\/\/www.mundoagropecuario.cl\/new\/wp-json\/wp\/v2\/media\/19326"}],"wp:attachment":[{"href":"https:\/\/www.mundoagropecuario.cl\/new\/wp-json\/wp\/v2\/media?parent=19324"}],"wp:term":[{"taxonomy":"category","embeddable":true,"href":"https:\/\/www.mundoagropecuario.cl\/new\/wp-json\/wp\/v2\/categories?post=19324"},{"taxonomy":"post_tag","embeddable":true,"href":"https:\/\/www.mundoagropecuario.cl\/new\/wp-json\/wp\/v2\/tags?post=19324"}],"curies":[{"name":"wp","href":"https:\/\/api.w.org\/{rel}","templated":true}]}}