{"id":19280,"date":"2021-06-09T13:54:09","date_gmt":"2021-06-09T16:54:09","guid":{"rendered":"https:\/\/www.mundoagropecuario.cl\/new\/?p=19280"},"modified":"2021-06-11T12:07:45","modified_gmt":"2021-06-11T15:07:45","slug":"actualizacion-del-mercado-mundial-de-los-lacteos","status":"publish","type":"post","link":"https:\/\/www.mundoagropecuario.cl\/new\/actualizacion-del-mercado-mundial-de-los-lacteos\/","title":{"rendered":"Actualizaci\u00f3n del mercado mundial de los l\u00e1cteos"},"content":{"rendered":"<blockquote>\n<h2><span style=\"color: #000080;\">Los precios de los alimentos en general se han relajado un poco, pero siguen siendo elevados y continuar\u00e1n limitando el crecimiento de la leche del hemisferio norte con varias amenazas clim\u00e1ticas persistentes en las Am\u00e9ricas y Europa oriental.<\/span><\/h2>\n<\/blockquote>\n<p>Los fundamentos del mercado l\u00e1cteo\u00a0 global siguen apoyando principalmente los precios, ya que la producci\u00f3n de leche en el hemisferio norte pasa por su punto m\u00e1ximo, mientras que la mejora de la situaci\u00f3n pand\u00e9mica permite una reapertura significativa de los canales de servicio de alimentos.<\/p>\n<p><a href=\"https:\/\/www.mundoagropecuario.cl\/new\/wp-content\/uploads\/2021\/06\/consumo-leche-.jpeg\"><img loading=\"lazy\" decoding=\"async\" class=\" wp-image-19281 alignright\" src=\"https:\/\/www.mundoagropecuario.cl\/new\/wp-content\/uploads\/2021\/06\/consumo-leche--586x331.jpeg\" alt=\"\" width=\"511\" height=\"232\" \/><\/a>Con la llegada de un clima m\u00e1s c\u00e1lido, se espera que la producci\u00f3n de leche de la UE crezca a un ritmo poco m\u00e1s r\u00e1pido, pero la persistente demanda de queso ha estado limitando la disponibilidad de leche que se env\u00eda a los secados. El inicio del verano \u2013 se espera que sea m\u00e1s c\u00e1lido de lo habitual \u2013 levantar\u00e1 la demanda de crema y mantendr\u00e1 una oferta ajustada de mantequilla.<\/p>\n<p>El exceso de leche estadounidense no se aliviar\u00e1 r\u00e1pidamente con una acumulaci\u00f3n continua en el reba\u00f1o y una mejora en los m\u00e1rgenes de las granjas, pero los balances de queso y grasa but\u00edrica continuar\u00e1n mejorando a medida que mejore la demanda de los productores de helados y restaurantes.<\/p>\n<p>El cambio de la demanda entre los canales de consumo a trav\u00e9s de los tipos y formatos de queso en los EE.UU. continuar\u00e1 como una historia compleja en desarrollo, dados los patrones regionales de crecimiento de la leche. Esto influir\u00e1 de manera importante en la competitividad entre los exportadores de queso. Los futuros de quesos estadounidenses apuntan a una mayor disponibilidad.<\/p>\n<p>Por el lado de la demanda, los elevados precios de las materias primas para las grasas y el WMP dar\u00e1n a\u00fan m\u00e1s a prueba la demanda en la mayor\u00eda de las regiones en desarrollo, donde la debilidad ya es evidente, pero los precios firmes de las prote\u00ednas y las grasas no permitir\u00e1n que el WMP caiga demasiado.<\/p>\n<p><a href=\"https:\/\/www.mundoagropecuario.cl\/new\/wp-content\/uploads\/2021\/01\/Leche-fluida1.jpeg\"><img loading=\"lazy\" decoding=\"async\" class=\"size-full wp-image-17818 alignright\" src=\"https:\/\/www.mundoagropecuario.cl\/new\/wp-content\/uploads\/2021\/01\/Leche-fluida1.jpeg\" alt=\"\" width=\"285\" height=\"177\" \/><\/a>Los datos comerciales recientes parecen halagadores dadas las d\u00e9biles comparativas y teniendo en cuenta las fuertes ganancias en los precios desde que se reservaron esos env\u00edos.<\/p>\n<p>La demanda china, que ha dominado las tendencias comerciales recientes, sigue siendo la clave a medida que su mercado interno se remodela, atrayendo m\u00e1s ingredientes, grasas y queso.<\/p>\n<p>Dustin Boughton, Director de Adquisiciones, Maxum Foods<\/p>\n<p>Fuente: https:\/\/edairynews.com\/<\/p>\n","protected":false},"excerpt":{"rendered":"<p>Los fundamentos del mercado l\u00e1cteo\u00a0 global siguen apoyando principalmente los precios, ya que la producci\u00f3n de leche en el hemisferio norte pasa por su punto m\u00e1ximo<\/p>\n","protected":false},"author":2,"featured_media":19282,"comment_status":"closed","ping_status":"closed","sticky":false,"template":"","format":"standard","meta":{"footnotes":""},"categories":[1946],"tags":[2058,5798,2051,2554,5797,1954,2698],"class_list":["post-19280","post","type-post","status-publish","format-standard","has-post-thumbnail","hentry","category-lacteos","tag-fedeleche","tag-hemisferio-norte","tag-leche","tag-lecherias","tag-mercado-mundial-de-los-lacteos","tag-queso","tag-vacas"],"yoast_head":"<!-- This site is optimized with the Yoast SEO plugin v26.6 - https:\/\/yoast.com\/wordpress\/plugins\/seo\/ -->\n<title>Actualizaci\u00f3n del mercado mundial de los l\u00e1cteos - Mundoagropecuario<\/title>\n<meta name=\"description\" content=\"Los precios de los alimentos se han relajado un poco, pero siguen siendo elevados y continuar\u00e1n limitando el crecimiento de la leche\" \/>\n<meta name=\"robots\" content=\"index, follow, max-snippet:-1, max-image-preview:large, max-video-preview:-1\" \/>\n<link rel=\"canonical\" href=\"https:\/\/www.mundoagropecuario.cl\/new\/actualizacion-del-mercado-mundial-de-los-lacteos\/\" \/>\n<meta property=\"og:locale\" content=\"es_ES\" \/>\n<meta property=\"og:type\" content=\"article\" \/>\n<meta property=\"og:title\" content=\"Actualizaci\u00f3n del mercado mundial de los l\u00e1cteos - Mundoagropecuario\" \/>\n<meta property=\"og:description\" content=\"Los precios de los alimentos se han relajado un poco, pero siguen siendo elevados y continuar\u00e1n limitando el crecimiento de la leche\" \/>\n<meta property=\"og:url\" content=\"https:\/\/www.mundoagropecuario.cl\/new\/actualizacion-del-mercado-mundial-de-los-lacteos\/\" \/>\n<meta property=\"og:site_name\" content=\"Mundoagropecuario\" \/>\n<meta property=\"article:publisher\" content=\"https:\/\/www.facebook.com\/mundo.agropecuario.3\" \/>\n<meta property=\"article:published_time\" content=\"2021-06-09T16:54:09+00:00\" \/>\n<meta property=\"article:modified_time\" content=\"2021-06-11T15:07:45+00:00\" \/>\n<meta property=\"og:image\" content=\"https:\/\/www.mundoagropecuario.cl\/new\/wp-content\/uploads\/2021\/06\/leche2.jpeg\" \/>\n\t<meta property=\"og:image:width\" content=\"984\" \/>\n\t<meta property=\"og:image:height\" content=\"608\" \/>\n\t<meta property=\"og:image:type\" content=\"image\/jpeg\" \/>\n<meta name=\"author\" content=\"mundo\" \/>\n<meta name=\"twitter:card\" content=\"summary_large_image\" \/>\n<meta name=\"twitter:creator\" content=\"@MundoAgropecuar\" \/>\n<meta name=\"twitter:site\" content=\"@MundoAgropecuar\" \/>\n<meta name=\"twitter:label1\" content=\"Escrito por\" \/>\n\t<meta name=\"twitter:data1\" content=\"mundo\" \/>\n\t<meta name=\"twitter:label2\" content=\"Tiempo de lectura\" \/>\n\t<meta name=\"twitter:data2\" content=\"3 minutos\" \/>\n<script type=\"application\/ld+json\" class=\"yoast-schema-graph\">{\"@context\":\"https:\/\/schema.org\",\"@graph\":[{\"@type\":\"Article\",\"@id\":\"https:\/\/www.mundoagropecuario.cl\/new\/actualizacion-del-mercado-mundial-de-los-lacteos\/#article\",\"isPartOf\":{\"@id\":\"https:\/\/www.mundoagropecuario.cl\/new\/actualizacion-del-mercado-mundial-de-los-lacteos\/\"},\"author\":{\"name\":\"mundo\",\"@id\":\"https:\/\/www.mundoagropecuario.cl\/new\/#\/schema\/person\/4e9f74a82a7dac260eb1c44b7eebeb18\"},\"headline\":\"Actualizaci\u00f3n del mercado mundial de los l\u00e1cteos\",\"datePublished\":\"2021-06-09T16:54:09+00:00\",\"dateModified\":\"2021-06-11T15:07:45+00:00\",\"mainEntityOfPage\":{\"@id\":\"https:\/\/www.mundoagropecuario.cl\/new\/actualizacion-del-mercado-mundial-de-los-lacteos\/\"},\"wordCount\":425,\"publisher\":{\"@id\":\"https:\/\/www.mundoagropecuario.cl\/new\/#organization\"},\"image\":{\"@id\":\"https:\/\/www.mundoagropecuario.cl\/new\/actualizacion-del-mercado-mundial-de-los-lacteos\/#primaryimage\"},\"thumbnailUrl\":\"https:\/\/www.mundoagropecuario.cl\/new\/wp-content\/uploads\/2021\/06\/leche2.jpeg\",\"keywords\":[\"Fedeleche\",\"hemisferio norte\",\"Leche\",\"lecher\u00edas\",\"mercado mundial de los l\u00e1cteos\",\"queso\",\"vacas\"],\"articleSection\":[\"L\u00e1cteos\"],\"inLanguage\":\"es\"},{\"@type\":\"WebPage\",\"@id\":\"https:\/\/www.mundoagropecuario.cl\/new\/actualizacion-del-mercado-mundial-de-los-lacteos\/\",\"url\":\"https:\/\/www.mundoagropecuario.cl\/new\/actualizacion-del-mercado-mundial-de-los-lacteos\/\",\"name\":\"Actualizaci\u00f3n del mercado mundial de los l\u00e1cteos - Mundoagropecuario\",\"isPartOf\":{\"@id\":\"https:\/\/www.mundoagropecuario.cl\/new\/#website\"},\"primaryImageOfPage\":{\"@id\":\"https:\/\/www.mundoagropecuario.cl\/new\/actualizacion-del-mercado-mundial-de-los-lacteos\/#primaryimage\"},\"image\":{\"@id\":\"https:\/\/www.mundoagropecuario.cl\/new\/actualizacion-del-mercado-mundial-de-los-lacteos\/#primaryimage\"},\"thumbnailUrl\":\"https:\/\/www.mundoagropecuario.cl\/new\/wp-content\/uploads\/2021\/06\/leche2.jpeg\",\"datePublished\":\"2021-06-09T16:54:09+00:00\",\"dateModified\":\"2021-06-11T15:07:45+00:00\",\"description\":\"Los precios de los alimentos se han relajado un poco, pero siguen siendo elevados y continuar\u00e1n limitando el crecimiento de la leche\",\"breadcrumb\":{\"@id\":\"https:\/\/www.mundoagropecuario.cl\/new\/actualizacion-del-mercado-mundial-de-los-lacteos\/#breadcrumb\"},\"inLanguage\":\"es\",\"potentialAction\":[{\"@type\":\"ReadAction\",\"target\":[\"https:\/\/www.mundoagropecuario.cl\/new\/actualizacion-del-mercado-mundial-de-los-lacteos\/\"]}]},{\"@type\":\"ImageObject\",\"inLanguage\":\"es\",\"@id\":\"https:\/\/www.mundoagropecuario.cl\/new\/actualizacion-del-mercado-mundial-de-los-lacteos\/#primaryimage\",\"url\":\"https:\/\/www.mundoagropecuario.cl\/new\/wp-content\/uploads\/2021\/06\/leche2.jpeg\",\"contentUrl\":\"https:\/\/www.mundoagropecuario.cl\/new\/wp-content\/uploads\/2021\/06\/leche2.jpeg\",\"width\":647,\"height\":400},{\"@type\":\"BreadcrumbList\",\"@id\":\"https:\/\/www.mundoagropecuario.cl\/new\/actualizacion-del-mercado-mundial-de-los-lacteos\/#breadcrumb\",\"itemListElement\":[{\"@type\":\"ListItem\",\"position\":1,\"name\":\"Portada\",\"item\":\"https:\/\/www.mundoagropecuario.cl\/new\/\"},{\"@type\":\"ListItem\",\"position\":2,\"name\":\"Actualizaci\u00f3n del mercado mundial de los l\u00e1cteos\"}]},{\"@type\":\"WebSite\",\"@id\":\"https:\/\/www.mundoagropecuario.cl\/new\/#website\",\"url\":\"https:\/\/www.mundoagropecuario.cl\/new\/\",\"name\":\"Mundoagropecuario\",\"description\":\"Mundo Agropecuario\",\"publisher\":{\"@id\":\"https:\/\/www.mundoagropecuario.cl\/new\/#organization\"},\"potentialAction\":[{\"@type\":\"SearchAction\",\"target\":{\"@type\":\"EntryPoint\",\"urlTemplate\":\"https:\/\/www.mundoagropecuario.cl\/new\/?s={search_term_string}\"},\"query-input\":{\"@type\":\"PropertyValueSpecification\",\"valueRequired\":true,\"valueName\":\"search_term_string\"}}],\"inLanguage\":\"es\"},{\"@type\":\"Organization\",\"@id\":\"https:\/\/www.mundoagropecuario.cl\/new\/#organization\",\"name\":\"Revista de Agricultura\",\"url\":\"https:\/\/www.mundoagropecuario.cl\/new\/\",\"logo\":{\"@type\":\"ImageObject\",\"inLanguage\":\"es\",\"@id\":\"https:\/\/www.mundoagropecuario.cl\/new\/#\/schema\/logo\/image\/\",\"url\":\"https:\/\/www.mundoagropecuario.cl\/new\/wp-content\/uploads\/2020\/11\/PORTAL-1-1.png\",\"contentUrl\":\"https:\/\/www.mundoagropecuario.cl\/new\/wp-content\/uploads\/2020\/11\/PORTAL-1-1.png\",\"width\":1026,\"height\":100,\"caption\":\"Revista de Agricultura\"},\"image\":{\"@id\":\"https:\/\/www.mundoagropecuario.cl\/new\/#\/schema\/logo\/image\/\"},\"sameAs\":[\"https:\/\/www.facebook.com\/mundo.agropecuario.3\",\"https:\/\/x.com\/MundoAgropecuar\",\"https:\/\/www.linkedin.com\/in\/mundo-agropecuario-934009201\/\"]},{\"@type\":\"Person\",\"@id\":\"https:\/\/www.mundoagropecuario.cl\/new\/#\/schema\/person\/4e9f74a82a7dac260eb1c44b7eebeb18\",\"name\":\"mundo\",\"url\":\"https:\/\/www.mundoagropecuario.cl\/new\/author\/mundo\/\"}]}<\/script>\n<!-- \/ Yoast SEO plugin. -->","yoast_head_json":{"title":"Actualizaci\u00f3n del mercado mundial de los l\u00e1cteos - Mundoagropecuario","description":"Los precios de los alimentos se han relajado un poco, pero siguen siendo elevados y continuar\u00e1n limitando el crecimiento de la leche","robots":{"index":"index","follow":"follow","max-snippet":"max-snippet:-1","max-image-preview":"max-image-preview:large","max-video-preview":"max-video-preview:-1"},"canonical":"https:\/\/www.mundoagropecuario.cl\/new\/actualizacion-del-mercado-mundial-de-los-lacteos\/","og_locale":"es_ES","og_type":"article","og_title":"Actualizaci\u00f3n del mercado mundial de los l\u00e1cteos - Mundoagropecuario","og_description":"Los precios de los alimentos se han relajado un poco, pero siguen siendo elevados y continuar\u00e1n limitando el crecimiento de la leche","og_url":"https:\/\/www.mundoagropecuario.cl\/new\/actualizacion-del-mercado-mundial-de-los-lacteos\/","og_site_name":"Mundoagropecuario","article_publisher":"https:\/\/www.facebook.com\/mundo.agropecuario.3","article_published_time":"2021-06-09T16:54:09+00:00","article_modified_time":"2021-06-11T15:07:45+00:00","og_image":[{"width":984,"height":608,"url":"https:\/\/www.mundoagropecuario.cl\/new\/wp-content\/uploads\/2021\/06\/leche2.jpeg","type":"image\/jpeg"}],"author":"mundo","twitter_card":"summary_large_image","twitter_creator":"@MundoAgropecuar","twitter_site":"@MundoAgropecuar","twitter_misc":{"Escrito por":"mundo","Tiempo de lectura":"3 minutos"},"schema":{"@context":"https:\/\/schema.org","@graph":[{"@type":"Article","@id":"https:\/\/www.mundoagropecuario.cl\/new\/actualizacion-del-mercado-mundial-de-los-lacteos\/#article","isPartOf":{"@id":"https:\/\/www.mundoagropecuario.cl\/new\/actualizacion-del-mercado-mundial-de-los-lacteos\/"},"author":{"name":"mundo","@id":"https:\/\/www.mundoagropecuario.cl\/new\/#\/schema\/person\/4e9f74a82a7dac260eb1c44b7eebeb18"},"headline":"Actualizaci\u00f3n del mercado mundial de los l\u00e1cteos","datePublished":"2021-06-09T16:54:09+00:00","dateModified":"2021-06-11T15:07:45+00:00","mainEntityOfPage":{"@id":"https:\/\/www.mundoagropecuario.cl\/new\/actualizacion-del-mercado-mundial-de-los-lacteos\/"},"wordCount":425,"publisher":{"@id":"https:\/\/www.mundoagropecuario.cl\/new\/#organization"},"image":{"@id":"https:\/\/www.mundoagropecuario.cl\/new\/actualizacion-del-mercado-mundial-de-los-lacteos\/#primaryimage"},"thumbnailUrl":"https:\/\/www.mundoagropecuario.cl\/new\/wp-content\/uploads\/2021\/06\/leche2.jpeg","keywords":["Fedeleche","hemisferio norte","Leche","lecher\u00edas","mercado mundial de los l\u00e1cteos","queso","vacas"],"articleSection":["L\u00e1cteos"],"inLanguage":"es"},{"@type":"WebPage","@id":"https:\/\/www.mundoagropecuario.cl\/new\/actualizacion-del-mercado-mundial-de-los-lacteos\/","url":"https:\/\/www.mundoagropecuario.cl\/new\/actualizacion-del-mercado-mundial-de-los-lacteos\/","name":"Actualizaci\u00f3n del mercado mundial de los l\u00e1cteos - Mundoagropecuario","isPartOf":{"@id":"https:\/\/www.mundoagropecuario.cl\/new\/#website"},"primaryImageOfPage":{"@id":"https:\/\/www.mundoagropecuario.cl\/new\/actualizacion-del-mercado-mundial-de-los-lacteos\/#primaryimage"},"image":{"@id":"https:\/\/www.mundoagropecuario.cl\/new\/actualizacion-del-mercado-mundial-de-los-lacteos\/#primaryimage"},"thumbnailUrl":"https:\/\/www.mundoagropecuario.cl\/new\/wp-content\/uploads\/2021\/06\/leche2.jpeg","datePublished":"2021-06-09T16:54:09+00:00","dateModified":"2021-06-11T15:07:45+00:00","description":"Los precios de los alimentos se han relajado un poco, pero siguen siendo elevados y continuar\u00e1n limitando el crecimiento de la leche","breadcrumb":{"@id":"https:\/\/www.mundoagropecuario.cl\/new\/actualizacion-del-mercado-mundial-de-los-lacteos\/#breadcrumb"},"inLanguage":"es","potentialAction":[{"@type":"ReadAction","target":["https:\/\/www.mundoagropecuario.cl\/new\/actualizacion-del-mercado-mundial-de-los-lacteos\/"]}]},{"@type":"ImageObject","inLanguage":"es","@id":"https:\/\/www.mundoagropecuario.cl\/new\/actualizacion-del-mercado-mundial-de-los-lacteos\/#primaryimage","url":"https:\/\/www.mundoagropecuario.cl\/new\/wp-content\/uploads\/2021\/06\/leche2.jpeg","contentUrl":"https:\/\/www.mundoagropecuario.cl\/new\/wp-content\/uploads\/2021\/06\/leche2.jpeg","width":647,"height":400},{"@type":"BreadcrumbList","@id":"https:\/\/www.mundoagropecuario.cl\/new\/actualizacion-del-mercado-mundial-de-los-lacteos\/#breadcrumb","itemListElement":[{"@type":"ListItem","position":1,"name":"Portada","item":"https:\/\/www.mundoagropecuario.cl\/new\/"},{"@type":"ListItem","position":2,"name":"Actualizaci\u00f3n del mercado mundial de los l\u00e1cteos"}]},{"@type":"WebSite","@id":"https:\/\/www.mundoagropecuario.cl\/new\/#website","url":"https:\/\/www.mundoagropecuario.cl\/new\/","name":"Mundoagropecuario","description":"Mundo Agropecuario","publisher":{"@id":"https:\/\/www.mundoagropecuario.cl\/new\/#organization"},"potentialAction":[{"@type":"SearchAction","target":{"@type":"EntryPoint","urlTemplate":"https:\/\/www.mundoagropecuario.cl\/new\/?s={search_term_string}"},"query-input":{"@type":"PropertyValueSpecification","valueRequired":true,"valueName":"search_term_string"}}],"inLanguage":"es"},{"@type":"Organization","@id":"https:\/\/www.mundoagropecuario.cl\/new\/#organization","name":"Revista de Agricultura","url":"https:\/\/www.mundoagropecuario.cl\/new\/","logo":{"@type":"ImageObject","inLanguage":"es","@id":"https:\/\/www.mundoagropecuario.cl\/new\/#\/schema\/logo\/image\/","url":"https:\/\/www.mundoagropecuario.cl\/new\/wp-content\/uploads\/2020\/11\/PORTAL-1-1.png","contentUrl":"https:\/\/www.mundoagropecuario.cl\/new\/wp-content\/uploads\/2020\/11\/PORTAL-1-1.png","width":1026,"height":100,"caption":"Revista de Agricultura"},"image":{"@id":"https:\/\/www.mundoagropecuario.cl\/new\/#\/schema\/logo\/image\/"},"sameAs":["https:\/\/www.facebook.com\/mundo.agropecuario.3","https:\/\/x.com\/MundoAgropecuar","https:\/\/www.linkedin.com\/in\/mundo-agropecuario-934009201\/"]},{"@type":"Person","@id":"https:\/\/www.mundoagropecuario.cl\/new\/#\/schema\/person\/4e9f74a82a7dac260eb1c44b7eebeb18","name":"mundo","url":"https:\/\/www.mundoagropecuario.cl\/new\/author\/mundo\/"}]}},"_links":{"self":[{"href":"https:\/\/www.mundoagropecuario.cl\/new\/wp-json\/wp\/v2\/posts\/19280","targetHints":{"allow":["GET"]}}],"collection":[{"href":"https:\/\/www.mundoagropecuario.cl\/new\/wp-json\/wp\/v2\/posts"}],"about":[{"href":"https:\/\/www.mundoagropecuario.cl\/new\/wp-json\/wp\/v2\/types\/post"}],"author":[{"embeddable":true,"href":"https:\/\/www.mundoagropecuario.cl\/new\/wp-json\/wp\/v2\/users\/2"}],"replies":[{"embeddable":true,"href":"https:\/\/www.mundoagropecuario.cl\/new\/wp-json\/wp\/v2\/comments?post=19280"}],"version-history":[{"count":1,"href":"https:\/\/www.mundoagropecuario.cl\/new\/wp-json\/wp\/v2\/posts\/19280\/revisions"}],"predecessor-version":[{"id":19283,"href":"https:\/\/www.mundoagropecuario.cl\/new\/wp-json\/wp\/v2\/posts\/19280\/revisions\/19283"}],"wp:featuredmedia":[{"embeddable":true,"href":"https:\/\/www.mundoagropecuario.cl\/new\/wp-json\/wp\/v2\/media\/19282"}],"wp:attachment":[{"href":"https:\/\/www.mundoagropecuario.cl\/new\/wp-json\/wp\/v2\/media?parent=19280"}],"wp:term":[{"taxonomy":"category","embeddable":true,"href":"https:\/\/www.mundoagropecuario.cl\/new\/wp-json\/wp\/v2\/categories?post=19280"},{"taxonomy":"post_tag","embeddable":true,"href":"https:\/\/www.mundoagropecuario.cl\/new\/wp-json\/wp\/v2\/tags?post=19280"}],"curies":[{"name":"wp","href":"https:\/\/api.w.org\/{rel}","templated":true}]}}