{"id":19206,"date":"2021-06-04T12:12:36","date_gmt":"2021-06-04T15:12:36","guid":{"rendered":"https:\/\/www.mundoagropecuario.cl\/new\/?p=19206"},"modified":"2021-06-07T13:51:47","modified_gmt":"2021-06-07T16:51:47","slug":"conozca-cuales-son-los-desafios-actuales-de-la-agricultura-en-el-cuidado-del-medio-ambiente","status":"publish","type":"post","link":"https:\/\/www.mundoagropecuario.cl\/new\/conozca-cuales-son-los-desafios-actuales-de-la-agricultura-en-el-cuidado-del-medio-ambiente\/","title":{"rendered":"Conozca cu\u00e1les son los desaf\u00edos actuales de la agricultura en el cuidado del medio ambiente"},"content":{"rendered":"<blockquote>\n<h2><span style=\"color: #808000;\">En el marco del D\u00eda Mundial del Medio Ambiente, que se conmemora ma\u00f1ana s\u00e1bado 5 de junio, el acad\u00e9mico de la Facultad de Agronom\u00eda, de la UdeC, Dr. Miguel Garriga se refiere a temas como sustentabilidad, demanda creciente de alimentos y agrosistemas.<\/span><\/h2>\n<\/blockquote>\n<p>La gran mayor\u00eda de las personas es consciente de la importancia del medio ambiente, ya que de \u00e9l obtenemos comida, combustibles, materias primas y agua, pero tambi\u00e9n tienden a olvidar de la importancia de su protecci\u00f3n.<\/p>\n<p><a href=\"https:\/\/www.mundoagropecuario.cl\/new\/wp-content\/uploads\/2021\/06\/Medioambiente.jpg\"><img loading=\"lazy\" decoding=\"async\" class=\" wp-image-19209 alignright\" src=\"https:\/\/www.mundoagropecuario.cl\/new\/wp-content\/uploads\/2021\/06\/Medioambiente-586x391.jpg\" alt=\"\" width=\"506\" height=\"361\" \/><\/a>Tal como lo se\u00f1ala el acad\u00e9mico de la Facultad de Agronom\u00eda, de la Universidad de Concepci\u00f3n, Dr. Miguel Garriga, \u201cen la agricultura, como en toda actividad econ\u00f3mica, el hombre interviene el medio ambiente. La producci\u00f3n de alimentos, y la demanda creciente de estos con el aumento de la poblaci\u00f3n, ha ocasionado a nivel global que cada vez m\u00e1s h\u00e1bitats naturales sean destruidos para el desarrollo de cultivos o la ganader\u00eda, generando una p\u00e9rdida considerable en la biodiversidad de estos ecosistemas y la afectaci\u00f3n de los servicios ecosist\u00e9micos que estos proveen, como la conservaci\u00f3n del agua, la formaci\u00f3n de suelo o la regulaci\u00f3n del clima. Adem\u00e1s, el uso intensivo de agroqu\u00edmicos como pesticidas sint\u00e9ticos y fertilizantes ocasiona contaminaci\u00f3n en los agrosistemas\u201d, explic\u00f3 el Dr. Garriga agregando que un ejemplo de esto \u00faltimo, \u201cson los nitratos utilizados en la fertilizaci\u00f3n, un exceso de estos puede ser lixiviado desde el suelo y terminar contaminando las aguas subterr\u00e1neas\u201d.<\/p>\n<p>En este sentido y en el marco del D\u00eda Mundial del Medio Ambiente, el acad\u00e9mico se refiri\u00f3 a los desaf\u00edos actuales de la agricultura en el cuidado del medio ambiente.<\/p>\n<p>\u201cEl principal es satisfacer la demanda cada vez m\u00e1s creciente de alimentos y al mismo tiempo preservar los h\u00e1bitats naturales. Adem\u00e1s, hacer un uso m\u00e1s sustentable de los recursos e incentivar la aplicaci\u00f3n de t\u00e9cnicas de cultivo m\u00e1s amigables con el medio ambiente en las \u00e1reas actualmente en producci\u00f3n. En este \u00faltimo punto agregar\u00eda el uso cada vez mayor de pl\u00e1sticos en la agricultura\u201d.<\/p>\n<p>De acuerdo a lo manifestado por el Dr. Garriga, son indiscutibles los beneficios que estos tienen para aumentar los rendimientos y la calidad de los productos agr\u00edcolas, pero los residuos de estos pl\u00e1sticos tambi\u00e9n son fuente de contaminaci\u00f3n de los suelos y debe avanzarse hacia un sistema de econom\u00eda circular que facilite su reciclaje o reutilizaci\u00f3n.<\/p>\n<p><a href=\"https:\/\/www.mundoagropecuario.cl\/new\/wp-content\/uploads\/2021\/06\/Medioambiente-2.jpg\"><img loading=\"lazy\" decoding=\"async\" class=\"wp-image-19208 alignright\" src=\"https:\/\/www.mundoagropecuario.cl\/new\/wp-content\/uploads\/2021\/06\/Medioambiente-2-586x391.jpg\" alt=\"\" width=\"465\" height=\"300\" \/><\/a>Finalmente el acad\u00e9mico agreg\u00f3 que dada la importancia del cuidado del medio ambiente, la Facultad de Agronom\u00eda aborda el tema de manera trasversal en distintas asignaturas. \u201cCon los estudiantes se aborda la producci\u00f3n agr\u00edcola desde el punto de vista de la sustentabilidad y el uso eficiente de los recursos. Un recurso primordial es el agua, m\u00e1s a\u00fan cuando el pa\u00eds est\u00e1 atravesando un d\u00e9ficit considerable en las precipitaciones desde hace una d\u00e9cada, lo que ya ha sido catalogado como una mega sequ\u00eda. La actividad agr\u00edcola en Chile consume sobre el 70% del agua. En este sentido, es necesario traspasar conocimientos de manera de hacer un uso m\u00e1s eficiente de esta a trav\u00e9s de nuevas t\u00e9cnicas culturales, la masificaci\u00f3n del uso de sistemas de riego tecnificado o el uso de especies y cultivares m\u00e1s eficientes en el uso del agua. Otro recurso importante es el suelo. Las t\u00e9cnicas intensivas de producci\u00f3n tradicional ocasionan degradaci\u00f3n de los suelos, alterando sus propiedades f\u00edsicas, qu\u00edmicas, as\u00ed como la diversidad biol\u00f3gica\u201d.<\/p>\n<p>Al respecto, puntualiz\u00f3 el Dr. Garriga, se aborda con los estudiantes el uso de m\u00e9todos sustentables de manejo que permitan conservar la fertilidad, la actividad biol\u00f3gica del suelo y la biodiversidad en el agrosistema.<\/p>\n","protected":false},"excerpt":{"rendered":"<p>La gran mayor\u00eda de las personas es consciente de la importancia del medio ambiente, ya que de \u00e9l obtenemos comida, combustibles, materias primas y agua, pero tambi\u00e9n tienden a olvidar de la importancia de su protecci\u00f3n.<\/p>\n","protected":false},"author":2,"featured_media":19207,"comment_status":"closed","ping_status":"closed","sticky":false,"template":"","format":"standard","meta":{"footnotes":""},"categories":[1945],"tags":[2090,3127,5757,2999,1304,449,436],"class_list":["post-19206","post","type-post","status-publish","format-standard","has-post-thumbnail","hentry","category-agricultura","tag-agricultura","tag-agro","tag-de-la-universidad-de-concepcion","tag-facultad-de-agronomia","tag-medio-ambiente","tag-medioambiente","tag-udec"],"yoast_head":"<!-- This site is optimized with the Yoast SEO plugin v26.6 - https:\/\/yoast.com\/wordpress\/plugins\/seo\/ -->\n<title>Conozca cu\u00e1les son los desaf\u00edos actuales de la agricultura en el cuidado del medio ambiente - Mundoagropecuario<\/title>\n<meta name=\"description\" content=\"En el D\u00eda Mundial del Medio Ambiente, el acad\u00e9mico de la Facultad de Agronom\u00eda, de la UdeC, agricultura en el cuidado del medio ambiente\" \/>\n<meta name=\"robots\" content=\"index, follow, max-snippet:-1, max-image-preview:large, max-video-preview:-1\" \/>\n<link rel=\"canonical\" href=\"https:\/\/www.mundoagropecuario.cl\/new\/conozca-cuales-son-los-desafios-actuales-de-la-agricultura-en-el-cuidado-del-medio-ambiente\/\" \/>\n<meta property=\"og:locale\" content=\"es_ES\" \/>\n<meta property=\"og:type\" content=\"article\" \/>\n<meta property=\"og:title\" content=\"Conozca cu\u00e1les son los desaf\u00edos actuales de la agricultura en el cuidado del medio ambiente - Mundoagropecuario\" \/>\n<meta property=\"og:description\" content=\"En el D\u00eda Mundial del Medio Ambiente, el acad\u00e9mico de la Facultad de Agronom\u00eda, de la UdeC, agricultura en el cuidado del medio ambiente\" \/>\n<meta property=\"og:url\" content=\"https:\/\/www.mundoagropecuario.cl\/new\/conozca-cuales-son-los-desafios-actuales-de-la-agricultura-en-el-cuidado-del-medio-ambiente\/\" \/>\n<meta property=\"og:site_name\" content=\"Mundoagropecuario\" \/>\n<meta property=\"article:publisher\" content=\"https:\/\/www.facebook.com\/mundo.agropecuario.3\" \/>\n<meta property=\"article:published_time\" content=\"2021-06-04T15:12:36+00:00\" \/>\n<meta property=\"article:modified_time\" content=\"2021-06-07T16:51:47+00:00\" \/>\n<meta property=\"og:image\" content=\"https:\/\/www.mundoagropecuario.cl\/new\/wp-content\/uploads\/2021\/06\/Mediambiente-1.jpeg\" \/>\n\t<meta property=\"og:image:width\" content=\"640\" \/>\n\t<meta property=\"og:image:height\" content=\"427\" \/>\n\t<meta property=\"og:image:type\" content=\"image\/jpeg\" \/>\n<meta name=\"author\" content=\"mundo\" \/>\n<meta name=\"twitter:card\" content=\"summary_large_image\" \/>\n<meta name=\"twitter:creator\" content=\"@MundoAgropecuar\" \/>\n<meta name=\"twitter:site\" content=\"@MundoAgropecuar\" \/>\n<meta name=\"twitter:label1\" content=\"Escrito por\" \/>\n\t<meta name=\"twitter:data1\" content=\"mundo\" \/>\n\t<meta name=\"twitter:label2\" content=\"Tiempo de lectura\" \/>\n\t<meta name=\"twitter:data2\" content=\"3 minutos\" \/>\n<script type=\"application\/ld+json\" class=\"yoast-schema-graph\">{\"@context\":\"https:\/\/schema.org\",\"@graph\":[{\"@type\":\"Article\",\"@id\":\"https:\/\/www.mundoagropecuario.cl\/new\/conozca-cuales-son-los-desafios-actuales-de-la-agricultura-en-el-cuidado-del-medio-ambiente\/#article\",\"isPartOf\":{\"@id\":\"https:\/\/www.mundoagropecuario.cl\/new\/conozca-cuales-son-los-desafios-actuales-de-la-agricultura-en-el-cuidado-del-medio-ambiente\/\"},\"author\":{\"name\":\"mundo\",\"@id\":\"https:\/\/www.mundoagropecuario.cl\/new\/#\/schema\/person\/4e9f74a82a7dac260eb1c44b7eebeb18\"},\"headline\":\"Conozca cu\u00e1les son los desaf\u00edos actuales de la agricultura en el cuidado del medio ambiente\",\"datePublished\":\"2021-06-04T15:12:36+00:00\",\"dateModified\":\"2021-06-07T16:51:47+00:00\",\"mainEntityOfPage\":{\"@id\":\"https:\/\/www.mundoagropecuario.cl\/new\/conozca-cuales-son-los-desafios-actuales-de-la-agricultura-en-el-cuidado-del-medio-ambiente\/\"},\"wordCount\":670,\"publisher\":{\"@id\":\"https:\/\/www.mundoagropecuario.cl\/new\/#organization\"},\"image\":{\"@id\":\"https:\/\/www.mundoagropecuario.cl\/new\/conozca-cuales-son-los-desafios-actuales-de-la-agricultura-en-el-cuidado-del-medio-ambiente\/#primaryimage\"},\"thumbnailUrl\":\"https:\/\/www.mundoagropecuario.cl\/new\/wp-content\/uploads\/2021\/06\/Mediambiente-1.jpeg\",\"keywords\":[\"Agricultura\",\"Agro\",\"de la Universidad de Concepci\u00f3n\",\"Facultad de Agronom\u00eda\",\"Medio Ambiente\",\"Medioambiente\",\"UdeC\"],\"articleSection\":[\"Agricultura\"],\"inLanguage\":\"es\"},{\"@type\":\"WebPage\",\"@id\":\"https:\/\/www.mundoagropecuario.cl\/new\/conozca-cuales-son-los-desafios-actuales-de-la-agricultura-en-el-cuidado-del-medio-ambiente\/\",\"url\":\"https:\/\/www.mundoagropecuario.cl\/new\/conozca-cuales-son-los-desafios-actuales-de-la-agricultura-en-el-cuidado-del-medio-ambiente\/\",\"name\":\"Conozca cu\u00e1les son los desaf\u00edos actuales de la agricultura en el cuidado del medio ambiente - Mundoagropecuario\",\"isPartOf\":{\"@id\":\"https:\/\/www.mundoagropecuario.cl\/new\/#website\"},\"primaryImageOfPage\":{\"@id\":\"https:\/\/www.mundoagropecuario.cl\/new\/conozca-cuales-son-los-desafios-actuales-de-la-agricultura-en-el-cuidado-del-medio-ambiente\/#primaryimage\"},\"image\":{\"@id\":\"https:\/\/www.mundoagropecuario.cl\/new\/conozca-cuales-son-los-desafios-actuales-de-la-agricultura-en-el-cuidado-del-medio-ambiente\/#primaryimage\"},\"thumbnailUrl\":\"https:\/\/www.mundoagropecuario.cl\/new\/wp-content\/uploads\/2021\/06\/Mediambiente-1.jpeg\",\"datePublished\":\"2021-06-04T15:12:36+00:00\",\"dateModified\":\"2021-06-07T16:51:47+00:00\",\"description\":\"En el D\u00eda Mundial del Medio Ambiente, el acad\u00e9mico de la Facultad de Agronom\u00eda, de la UdeC, agricultura en el cuidado del medio ambiente\",\"breadcrumb\":{\"@id\":\"https:\/\/www.mundoagropecuario.cl\/new\/conozca-cuales-son-los-desafios-actuales-de-la-agricultura-en-el-cuidado-del-medio-ambiente\/#breadcrumb\"},\"inLanguage\":\"es\",\"potentialAction\":[{\"@type\":\"ReadAction\",\"target\":[\"https:\/\/www.mundoagropecuario.cl\/new\/conozca-cuales-son-los-desafios-actuales-de-la-agricultura-en-el-cuidado-del-medio-ambiente\/\"]}]},{\"@type\":\"ImageObject\",\"inLanguage\":\"es\",\"@id\":\"https:\/\/www.mundoagropecuario.cl\/new\/conozca-cuales-son-los-desafios-actuales-de-la-agricultura-en-el-cuidado-del-medio-ambiente\/#primaryimage\",\"url\":\"https:\/\/www.mundoagropecuario.cl\/new\/wp-content\/uploads\/2021\/06\/Mediambiente-1.jpeg\",\"contentUrl\":\"https:\/\/www.mundoagropecuario.cl\/new\/wp-content\/uploads\/2021\/06\/Mediambiente-1.jpeg\",\"width\":600,\"height\":400},{\"@type\":\"BreadcrumbList\",\"@id\":\"https:\/\/www.mundoagropecuario.cl\/new\/conozca-cuales-son-los-desafios-actuales-de-la-agricultura-en-el-cuidado-del-medio-ambiente\/#breadcrumb\",\"itemListElement\":[{\"@type\":\"ListItem\",\"position\":1,\"name\":\"Portada\",\"item\":\"https:\/\/www.mundoagropecuario.cl\/new\/\"},{\"@type\":\"ListItem\",\"position\":2,\"name\":\"Conozca cu\u00e1les son los desaf\u00edos actuales de la agricultura en el cuidado del medio ambiente\"}]},{\"@type\":\"WebSite\",\"@id\":\"https:\/\/www.mundoagropecuario.cl\/new\/#website\",\"url\":\"https:\/\/www.mundoagropecuario.cl\/new\/\",\"name\":\"Mundoagropecuario\",\"description\":\"Mundo Agropecuario\",\"publisher\":{\"@id\":\"https:\/\/www.mundoagropecuario.cl\/new\/#organization\"},\"potentialAction\":[{\"@type\":\"SearchAction\",\"target\":{\"@type\":\"EntryPoint\",\"urlTemplate\":\"https:\/\/www.mundoagropecuario.cl\/new\/?s={search_term_string}\"},\"query-input\":{\"@type\":\"PropertyValueSpecification\",\"valueRequired\":true,\"valueName\":\"search_term_string\"}}],\"inLanguage\":\"es\"},{\"@type\":\"Organization\",\"@id\":\"https:\/\/www.mundoagropecuario.cl\/new\/#organization\",\"name\":\"Revista de Agricultura\",\"url\":\"https:\/\/www.mundoagropecuario.cl\/new\/\",\"logo\":{\"@type\":\"ImageObject\",\"inLanguage\":\"es\",\"@id\":\"https:\/\/www.mundoagropecuario.cl\/new\/#\/schema\/logo\/image\/\",\"url\":\"https:\/\/www.mundoagropecuario.cl\/new\/wp-content\/uploads\/2020\/11\/PORTAL-1-1.png\",\"contentUrl\":\"https:\/\/www.mundoagropecuario.cl\/new\/wp-content\/uploads\/2020\/11\/PORTAL-1-1.png\",\"width\":1026,\"height\":100,\"caption\":\"Revista de Agricultura\"},\"image\":{\"@id\":\"https:\/\/www.mundoagropecuario.cl\/new\/#\/schema\/logo\/image\/\"},\"sameAs\":[\"https:\/\/www.facebook.com\/mundo.agropecuario.3\",\"https:\/\/x.com\/MundoAgropecuar\",\"https:\/\/www.linkedin.com\/in\/mundo-agropecuario-934009201\/\"]},{\"@type\":\"Person\",\"@id\":\"https:\/\/www.mundoagropecuario.cl\/new\/#\/schema\/person\/4e9f74a82a7dac260eb1c44b7eebeb18\",\"name\":\"mundo\",\"url\":\"https:\/\/www.mundoagropecuario.cl\/new\/author\/mundo\/\"}]}<\/script>\n<!-- \/ Yoast SEO plugin. -->","yoast_head_json":{"title":"Conozca cu\u00e1les son los desaf\u00edos actuales de la agricultura en el cuidado del medio ambiente - Mundoagropecuario","description":"En el D\u00eda Mundial del Medio Ambiente, el acad\u00e9mico de la Facultad de Agronom\u00eda, de la UdeC, agricultura en el cuidado del medio ambiente","robots":{"index":"index","follow":"follow","max-snippet":"max-snippet:-1","max-image-preview":"max-image-preview:large","max-video-preview":"max-video-preview:-1"},"canonical":"https:\/\/www.mundoagropecuario.cl\/new\/conozca-cuales-son-los-desafios-actuales-de-la-agricultura-en-el-cuidado-del-medio-ambiente\/","og_locale":"es_ES","og_type":"article","og_title":"Conozca cu\u00e1les son los desaf\u00edos actuales de la agricultura en el cuidado del medio ambiente - Mundoagropecuario","og_description":"En el D\u00eda Mundial del Medio Ambiente, el acad\u00e9mico de la Facultad de Agronom\u00eda, de la UdeC, agricultura en el cuidado del medio ambiente","og_url":"https:\/\/www.mundoagropecuario.cl\/new\/conozca-cuales-son-los-desafios-actuales-de-la-agricultura-en-el-cuidado-del-medio-ambiente\/","og_site_name":"Mundoagropecuario","article_publisher":"https:\/\/www.facebook.com\/mundo.agropecuario.3","article_published_time":"2021-06-04T15:12:36+00:00","article_modified_time":"2021-06-07T16:51:47+00:00","og_image":[{"width":640,"height":427,"url":"https:\/\/www.mundoagropecuario.cl\/new\/wp-content\/uploads\/2021\/06\/Mediambiente-1.jpeg","type":"image\/jpeg"}],"author":"mundo","twitter_card":"summary_large_image","twitter_creator":"@MundoAgropecuar","twitter_site":"@MundoAgropecuar","twitter_misc":{"Escrito por":"mundo","Tiempo de lectura":"3 minutos"},"schema":{"@context":"https:\/\/schema.org","@graph":[{"@type":"Article","@id":"https:\/\/www.mundoagropecuario.cl\/new\/conozca-cuales-son-los-desafios-actuales-de-la-agricultura-en-el-cuidado-del-medio-ambiente\/#article","isPartOf":{"@id":"https:\/\/www.mundoagropecuario.cl\/new\/conozca-cuales-son-los-desafios-actuales-de-la-agricultura-en-el-cuidado-del-medio-ambiente\/"},"author":{"name":"mundo","@id":"https:\/\/www.mundoagropecuario.cl\/new\/#\/schema\/person\/4e9f74a82a7dac260eb1c44b7eebeb18"},"headline":"Conozca cu\u00e1les son los desaf\u00edos actuales de la agricultura en el cuidado del medio ambiente","datePublished":"2021-06-04T15:12:36+00:00","dateModified":"2021-06-07T16:51:47+00:00","mainEntityOfPage":{"@id":"https:\/\/www.mundoagropecuario.cl\/new\/conozca-cuales-son-los-desafios-actuales-de-la-agricultura-en-el-cuidado-del-medio-ambiente\/"},"wordCount":670,"publisher":{"@id":"https:\/\/www.mundoagropecuario.cl\/new\/#organization"},"image":{"@id":"https:\/\/www.mundoagropecuario.cl\/new\/conozca-cuales-son-los-desafios-actuales-de-la-agricultura-en-el-cuidado-del-medio-ambiente\/#primaryimage"},"thumbnailUrl":"https:\/\/www.mundoagropecuario.cl\/new\/wp-content\/uploads\/2021\/06\/Mediambiente-1.jpeg","keywords":["Agricultura","Agro","de la Universidad de Concepci\u00f3n","Facultad de Agronom\u00eda","Medio Ambiente","Medioambiente","UdeC"],"articleSection":["Agricultura"],"inLanguage":"es"},{"@type":"WebPage","@id":"https:\/\/www.mundoagropecuario.cl\/new\/conozca-cuales-son-los-desafios-actuales-de-la-agricultura-en-el-cuidado-del-medio-ambiente\/","url":"https:\/\/www.mundoagropecuario.cl\/new\/conozca-cuales-son-los-desafios-actuales-de-la-agricultura-en-el-cuidado-del-medio-ambiente\/","name":"Conozca cu\u00e1les son los desaf\u00edos actuales de la agricultura en el cuidado del medio ambiente - Mundoagropecuario","isPartOf":{"@id":"https:\/\/www.mundoagropecuario.cl\/new\/#website"},"primaryImageOfPage":{"@id":"https:\/\/www.mundoagropecuario.cl\/new\/conozca-cuales-son-los-desafios-actuales-de-la-agricultura-en-el-cuidado-del-medio-ambiente\/#primaryimage"},"image":{"@id":"https:\/\/www.mundoagropecuario.cl\/new\/conozca-cuales-son-los-desafios-actuales-de-la-agricultura-en-el-cuidado-del-medio-ambiente\/#primaryimage"},"thumbnailUrl":"https:\/\/www.mundoagropecuario.cl\/new\/wp-content\/uploads\/2021\/06\/Mediambiente-1.jpeg","datePublished":"2021-06-04T15:12:36+00:00","dateModified":"2021-06-07T16:51:47+00:00","description":"En el D\u00eda Mundial del Medio Ambiente, el acad\u00e9mico de la Facultad de Agronom\u00eda, de la UdeC, agricultura en el cuidado del medio ambiente","breadcrumb":{"@id":"https:\/\/www.mundoagropecuario.cl\/new\/conozca-cuales-son-los-desafios-actuales-de-la-agricultura-en-el-cuidado-del-medio-ambiente\/#breadcrumb"},"inLanguage":"es","potentialAction":[{"@type":"ReadAction","target":["https:\/\/www.mundoagropecuario.cl\/new\/conozca-cuales-son-los-desafios-actuales-de-la-agricultura-en-el-cuidado-del-medio-ambiente\/"]}]},{"@type":"ImageObject","inLanguage":"es","@id":"https:\/\/www.mundoagropecuario.cl\/new\/conozca-cuales-son-los-desafios-actuales-de-la-agricultura-en-el-cuidado-del-medio-ambiente\/#primaryimage","url":"https:\/\/www.mundoagropecuario.cl\/new\/wp-content\/uploads\/2021\/06\/Mediambiente-1.jpeg","contentUrl":"https:\/\/www.mundoagropecuario.cl\/new\/wp-content\/uploads\/2021\/06\/Mediambiente-1.jpeg","width":600,"height":400},{"@type":"BreadcrumbList","@id":"https:\/\/www.mundoagropecuario.cl\/new\/conozca-cuales-son-los-desafios-actuales-de-la-agricultura-en-el-cuidado-del-medio-ambiente\/#breadcrumb","itemListElement":[{"@type":"ListItem","position":1,"name":"Portada","item":"https:\/\/www.mundoagropecuario.cl\/new\/"},{"@type":"ListItem","position":2,"name":"Conozca cu\u00e1les son los desaf\u00edos actuales de la agricultura en el cuidado del medio ambiente"}]},{"@type":"WebSite","@id":"https:\/\/www.mundoagropecuario.cl\/new\/#website","url":"https:\/\/www.mundoagropecuario.cl\/new\/","name":"Mundoagropecuario","description":"Mundo Agropecuario","publisher":{"@id":"https:\/\/www.mundoagropecuario.cl\/new\/#organization"},"potentialAction":[{"@type":"SearchAction","target":{"@type":"EntryPoint","urlTemplate":"https:\/\/www.mundoagropecuario.cl\/new\/?s={search_term_string}"},"query-input":{"@type":"PropertyValueSpecification","valueRequired":true,"valueName":"search_term_string"}}],"inLanguage":"es"},{"@type":"Organization","@id":"https:\/\/www.mundoagropecuario.cl\/new\/#organization","name":"Revista de Agricultura","url":"https:\/\/www.mundoagropecuario.cl\/new\/","logo":{"@type":"ImageObject","inLanguage":"es","@id":"https:\/\/www.mundoagropecuario.cl\/new\/#\/schema\/logo\/image\/","url":"https:\/\/www.mundoagropecuario.cl\/new\/wp-content\/uploads\/2020\/11\/PORTAL-1-1.png","contentUrl":"https:\/\/www.mundoagropecuario.cl\/new\/wp-content\/uploads\/2020\/11\/PORTAL-1-1.png","width":1026,"height":100,"caption":"Revista de Agricultura"},"image":{"@id":"https:\/\/www.mundoagropecuario.cl\/new\/#\/schema\/logo\/image\/"},"sameAs":["https:\/\/www.facebook.com\/mundo.agropecuario.3","https:\/\/x.com\/MundoAgropecuar","https:\/\/www.linkedin.com\/in\/mundo-agropecuario-934009201\/"]},{"@type":"Person","@id":"https:\/\/www.mundoagropecuario.cl\/new\/#\/schema\/person\/4e9f74a82a7dac260eb1c44b7eebeb18","name":"mundo","url":"https:\/\/www.mundoagropecuario.cl\/new\/author\/mundo\/"}]}},"_links":{"self":[{"href":"https:\/\/www.mundoagropecuario.cl\/new\/wp-json\/wp\/v2\/posts\/19206","targetHints":{"allow":["GET"]}}],"collection":[{"href":"https:\/\/www.mundoagropecuario.cl\/new\/wp-json\/wp\/v2\/posts"}],"about":[{"href":"https:\/\/www.mundoagropecuario.cl\/new\/wp-json\/wp\/v2\/types\/post"}],"author":[{"embeddable":true,"href":"https:\/\/www.mundoagropecuario.cl\/new\/wp-json\/wp\/v2\/users\/2"}],"replies":[{"embeddable":true,"href":"https:\/\/www.mundoagropecuario.cl\/new\/wp-json\/wp\/v2\/comments?post=19206"}],"version-history":[{"count":1,"href":"https:\/\/www.mundoagropecuario.cl\/new\/wp-json\/wp\/v2\/posts\/19206\/revisions"}],"predecessor-version":[{"id":19210,"href":"https:\/\/www.mundoagropecuario.cl\/new\/wp-json\/wp\/v2\/posts\/19206\/revisions\/19210"}],"wp:featuredmedia":[{"embeddable":true,"href":"https:\/\/www.mundoagropecuario.cl\/new\/wp-json\/wp\/v2\/media\/19207"}],"wp:attachment":[{"href":"https:\/\/www.mundoagropecuario.cl\/new\/wp-json\/wp\/v2\/media?parent=19206"}],"wp:term":[{"taxonomy":"category","embeddable":true,"href":"https:\/\/www.mundoagropecuario.cl\/new\/wp-json\/wp\/v2\/categories?post=19206"},{"taxonomy":"post_tag","embeddable":true,"href":"https:\/\/www.mundoagropecuario.cl\/new\/wp-json\/wp\/v2\/tags?post=19206"}],"curies":[{"name":"wp","href":"https:\/\/api.w.org\/{rel}","templated":true}]}}