{"id":19172,"date":"2021-06-02T12:29:31","date_gmt":"2021-06-02T15:29:31","guid":{"rendered":"https:\/\/www.mundoagropecuario.cl\/new\/?p=19172"},"modified":"2021-06-04T12:17:46","modified_gmt":"2021-06-04T15:17:46","slug":"desde-la-region-de-los-lagos-parten-envios-de-avellana-al-continente-europeo","status":"publish","type":"post","link":"https:\/\/www.mundoagropecuario.cl\/new\/desde-la-region-de-los-lagos-parten-envios-de-avellana-al-continente-europeo\/","title":{"rendered":"Desde la regi\u00f3n de Los Lagos parten env\u00edos de avellana al continente europeo"},"content":{"rendered":"<blockquote>\n<h2>De Osorno a Italia partieron 42 mil kilogramos de avellana europea, env\u00edo que abre la temporada de exportaci\u00f3n de este fruto desde la Regi\u00f3n de Los Lagos hacia el continente europeo y que fue certificado por el SAG. El fruto se exporta procesado (sin c\u00e1scara) para ser utilizado en la industria de chocolates y snack.<\/h2>\n<\/blockquote>\n<p>La exportaci\u00f3n fue gestionada por el Grupo Hijuelas, y en ese sentido, el director regional (S) del SAG, Luis Alfredo Paredes, <a href=\"https:\/\/www.mundoagropecuario.cl\/new\/wp-content\/uploads\/2021\/06\/fruto-variedad-Yamhill.jpg\"><img loading=\"lazy\" decoding=\"async\" class=\" wp-image-19173 alignright\" src=\"https:\/\/www.mundoagropecuario.cl\/new\/wp-content\/uploads\/2021\/06\/fruto-variedad-Yamhill-586x440.jpg\" alt=\"\" width=\"435\" height=\"296\" \/><\/a>destac\u00f3 el esfuerzo de empresarios locales por generar alternativas comerciales en la agroindustria, particularmente en la de frutos secos. \u201cComo regi\u00f3n y pa\u00eds, tenemos est\u00e1ndares sanitarios que resguarda el SAG y, adem\u00e1s, suelos de calidad y caracter\u00edsticas clim\u00e1ticas que permiten diversificar la producci\u00f3n y que, por cierto, han propiciado un incremento de la superficie de cultivo en la zona\u201d, acot\u00f3 Paredes. El SAG realiza la inspecci\u00f3n fitosanitaria del producto previo al despacho y verifica que se cumplen los requisitos relativos a plagas, embalaje, etiquetado, entre otros procedimientos definidos para la exportaci\u00f3n.<\/p>\n<p>Por su parte, Pablo Ureta, gerente de la Divisi\u00f3n Sur del Grupo Hijuelas, explic\u00f3 que hace 3 a\u00f1os decidieron dar un giro de los rubros tradicionales (leche, carne, trigo) y orientarse hacia el rubro de la fruticultura, una decisi\u00f3n que adoptaron en b\u00fasqueda de una mejor rentabilidad para los negocios agr\u00edcolas de la zona. En cuanto al manejo de esta especie, Ureta sostuvo que \u201cel avellano es simple, muy mecanizado y con poca mano de obra. Lo dif\u00edcil ha sido armar las bases del negocio, toma a\u00f1os validar las variedades, zonas de cultivo etc. Hoy que eso ya est\u00e1 validado en lo t\u00e9cnico-productivo solo hay que hacer crecer el negocio y en eso estamos\u201d.<\/p>\n<p><a href=\"https:\/\/www.mundoagropecuario.cl\/new\/wp-content\/uploads\/2021\/06\/inspeccio\u0301n-al-fruto-efectuada-por-el-SAG-scaled.jpeg\"><img loading=\"lazy\" decoding=\"async\" class=\"size-medium wp-image-19175 alignleft\" src=\"https:\/\/www.mundoagropecuario.cl\/new\/wp-content\/uploads\/2021\/06\/inspeccio\u0301n-al-fruto-efectuada-por-el-SAG-248x490.jpeg\" alt=\"\" width=\"248\" height=\"490\" srcset=\"https:\/\/www.mundoagropecuario.cl\/new\/wp-content\/uploads\/2021\/06\/inspeccio\u0301n-al-fruto-efectuada-por-el-SAG-248x490.jpeg 248w, https:\/\/www.mundoagropecuario.cl\/new\/wp-content\/uploads\/2021\/06\/inspeccio\u0301n-al-fruto-efectuada-por-el-SAG-519x1024.jpeg 519w, https:\/\/www.mundoagropecuario.cl\/new\/wp-content\/uploads\/2021\/06\/inspeccio\u0301n-al-fruto-efectuada-por-el-SAG-scaled.jpeg 203w\" sizes=\"auto, (max-width: 248px) 100vw, 248px\" \/><\/a>Grupo Hijuelas parti\u00f3 el a\u00f1o 2018 exportando 10 mil kilogramos de avellanas europeas sin c\u00e1scara; el a\u00f1o 2019 la cifra aument\u00f3 a 120 mil kilogramos; el a\u00f1o 2020 la exportaci\u00f3n alcanz\u00f3 los 256 mil kilogramos; y para el presente a\u00f1o la empresa proyecta concretar el env\u00edo de 400 mil kilogramos. La superficie destinada al cultivo tambi\u00e9n ha aumentado, de 200 hect\u00e1reas al inicio, a 800 hect\u00e1reas en la actualidad, ubicadas en la comuna de Osorno. \u201cEl fruto lo estamos exportando a Italia, Alemania, Holanda, y Austria; y la gen\u00e9tica proviene de la Universidad Estatal de Oreg\u00f3n (OSU), Estados Unidos, zona de clima frio, muy similar al sur de Chile, regi\u00f3n del Biob\u00edo a Los Lagos\u201d, dijo Ureta<\/p>\n<p>Por su parte, Eduardo Winkler, Seremi de Agricultura de la Regi\u00f3n de Los Lagos, sostuvo que \u201clos huertos de avellano europeo vienen creciendo con fuerza en la regi\u00f3n y los datos del \u00faltimo catastro frut\u00edcola as\u00ed lo avalan, al igual que las cifras de exportaci\u00f3n que muestran crecimientos significativos.\u00a0 Es un rubro que se afianza en el territorio y que genera valor a partir de la exportaci\u00f3n a mercados de nicho. La demanda mundial por avellana proviene en un 90 por ciento de la agroindustria del chocolate, un sector que privilegia la calidad y altos est\u00e1ndares sanitarios\u201d. El 10 por ciento restante se utiliza en la industria de reposter\u00eda, harinas, aceites, aromas, pastas, pur\u00e9 y snack.<\/p>\n<p><strong>Catastro frut\u00edcola<\/strong><\/p>\n<p>Seg\u00fan datos del Catastro Frut\u00edcola (a\u00f1o 2019, CIREN, ODEPA) la superficie frut\u00edcola destinada en la Regi\u00f3n de Los Lagos alcanza las 2.552 hect\u00e1reas, destacando el ar\u00e1ndano americano como la especie m\u00e1s cultivada con 971 hect\u00e1reas. El avellano europeo sigue a continuaci\u00f3n con 890, ubicadas en su mayor\u00eda en la provincia de Osorno.<\/p>\n<p>En tanto, a nivel pa\u00eds, la superficie destinada al cultivo de avellano europeo alcanza las 24.436 hect\u00e1reas. Las mayores superficies est\u00e1n ubicadas en las regiones del Maule (11.225 has) y La Araucan\u00eda (7.034 has).<\/p>\n<p>En la Regi\u00f3n de Los Lagos existen aproximadamente 32 huertos. La mayor superficie del frutal est\u00e1 en la provincia de Osorno, en las comunas de San Pablo y Purranque.\u00e7<\/p>\n<table>\n<tbody>\n<tr>\n<td width=\"103\"><strong>Comuna<\/strong><\/td>\n<td width=\"113\"><strong>Superficie<\/strong><\/td>\n<\/tr>\n<tr>\n<td width=\"103\">San Pablo<\/td>\n<td width=\"113\">251,7 has<\/td>\n<\/tr>\n<tr>\n<td width=\"103\">Osorno<\/td>\n<td width=\"113\">167,0 has<\/td>\n<\/tr>\n<tr>\n<td width=\"103\">Puyehue<\/td>\n<td width=\"113\">8,1 has<\/td>\n<\/tr>\n<tr>\n<td width=\"103\">R\u00edo Negro<\/td>\n<td width=\"113\">196,4 has<\/td>\n<\/tr>\n<tr>\n<td width=\"103\">Purranque<\/td>\n<td width=\"113\">218,4 has<\/td>\n<\/tr>\n<tr>\n<td width=\"103\">Llanquihue<\/td>\n<td width=\"113\">36,9 has<\/td>\n<\/tr>\n<tr>\n<td width=\"103\">Frutillar<\/td>\n<td width=\"113\">11,9 has<\/td>\n<\/tr>\n<tr>\n<td width=\"103\"><strong>TOTAL<\/strong><\/td>\n<td width=\"113\"><strong>890,4 has<\/strong><\/td>\n<\/tr>\n<\/tbody>\n<\/table>\n<p>Fuente: Catastro Frut\u00edcola, 2019, CIREN-ODEPA.<\/p>\n<p>&nbsp;<\/p>\n","protected":false},"excerpt":{"rendered":"<p>La exportaci\u00f3n fue gestionada por el Grupo Hijuelas, y en ese sentido, el director regional (S) del SAG, Luis Alfredo Paredes,<br \/>\ndestac\u00f3 el esfuerzo de empresarios locales por generar alternativas comerciales en la agroindustria.<\/p>\n","protected":false},"author":2,"featured_media":19174,"comment_status":"closed","ping_status":"closed","sticky":false,"template":"","format":"standard","meta":{"footnotes":""},"categories":[1945],"tags":[5748,2319,2289,4694,5747,5749,2035,2066,2036,1978],"class_list":["post-19172","post","type-post","status-publish","format-standard","has-post-thumbnail","hentry","category-agricultura","tag-avellana-al-continente-europeo","tag-catastro-fruticola","tag-ciren","tag-eduardo-winkler","tag-envios-de-avellana","tag-miangri","tag-minagri","tag-odepa","tag-sag","tag-seremi-de-agricultura"],"yoast_head":"<!-- This site is optimized with the Yoast SEO plugin v26.6 - https:\/\/yoast.com\/wordpress\/plugins\/seo\/ -->\n<title>Desde la regi\u00f3n de Los Lagos parten env\u00edos de avellana al continente europeo - Mundoagropecuario<\/title>\n<meta name=\"description\" content=\"El fruto certificado por el SAG, se exporta procesado (sin c\u00e1scara) para ser utilizado en la industria de chocolates y snack.\" \/>\n<meta name=\"robots\" content=\"index, follow, max-snippet:-1, max-image-preview:large, max-video-preview:-1\" \/>\n<link rel=\"canonical\" href=\"https:\/\/www.mundoagropecuario.cl\/new\/desde-la-region-de-los-lagos-parten-envios-de-avellana-al-continente-europeo\/\" \/>\n<meta property=\"og:locale\" content=\"es_ES\" \/>\n<meta property=\"og:type\" content=\"article\" \/>\n<meta property=\"og:title\" content=\"Desde la regi\u00f3n de Los Lagos parten env\u00edos de avellana al continente europeo - Mundoagropecuario\" \/>\n<meta property=\"og:description\" content=\"El fruto certificado por el SAG, se exporta procesado (sin c\u00e1scara) para ser utilizado en la industria de chocolates y snack.\" \/>\n<meta property=\"og:url\" content=\"https:\/\/www.mundoagropecuario.cl\/new\/desde-la-region-de-los-lagos-parten-envios-de-avellana-al-continente-europeo\/\" \/>\n<meta property=\"og:site_name\" content=\"Mundoagropecuario\" \/>\n<meta property=\"article:publisher\" content=\"https:\/\/www.facebook.com\/mundo.agropecuario.3\" \/>\n<meta property=\"article:published_time\" content=\"2021-06-02T15:29:31+00:00\" \/>\n<meta property=\"article:modified_time\" content=\"2021-06-04T15:17:46+00:00\" \/>\n<meta property=\"og:image\" content=\"https:\/\/www.mundoagropecuario.cl\/new\/wp-content\/uploads\/2021\/06\/huerto-de-avellano-europeo.jpg\" \/>\n\t<meta property=\"og:image:width\" content=\"960\" \/>\n\t<meta property=\"og:image:height\" content=\"720\" \/>\n\t<meta property=\"og:image:type\" content=\"image\/jpeg\" \/>\n<meta name=\"author\" content=\"mundo\" \/>\n<meta name=\"twitter:card\" content=\"summary_large_image\" \/>\n<meta name=\"twitter:creator\" content=\"@MundoAgropecuar\" \/>\n<meta name=\"twitter:site\" content=\"@MundoAgropecuar\" \/>\n<meta name=\"twitter:label1\" content=\"Escrito por\" \/>\n\t<meta name=\"twitter:data1\" content=\"mundo\" \/>\n\t<meta name=\"twitter:label2\" content=\"Tiempo de lectura\" \/>\n\t<meta name=\"twitter:data2\" content=\"4 minutos\" \/>\n<script type=\"application\/ld+json\" class=\"yoast-schema-graph\">{\"@context\":\"https:\/\/schema.org\",\"@graph\":[{\"@type\":\"Article\",\"@id\":\"https:\/\/www.mundoagropecuario.cl\/new\/desde-la-region-de-los-lagos-parten-envios-de-avellana-al-continente-europeo\/#article\",\"isPartOf\":{\"@id\":\"https:\/\/www.mundoagropecuario.cl\/new\/desde-la-region-de-los-lagos-parten-envios-de-avellana-al-continente-europeo\/\"},\"author\":{\"name\":\"mundo\",\"@id\":\"https:\/\/www.mundoagropecuario.cl\/new\/#\/schema\/person\/4e9f74a82a7dac260eb1c44b7eebeb18\"},\"headline\":\"Desde la regi\u00f3n de Los Lagos parten env\u00edos de avellana al continente europeo\",\"datePublished\":\"2021-06-02T15:29:31+00:00\",\"dateModified\":\"2021-06-04T15:17:46+00:00\",\"mainEntityOfPage\":{\"@id\":\"https:\/\/www.mundoagropecuario.cl\/new\/desde-la-region-de-los-lagos-parten-envios-de-avellana-al-continente-europeo\/\"},\"wordCount\":712,\"publisher\":{\"@id\":\"https:\/\/www.mundoagropecuario.cl\/new\/#organization\"},\"image\":{\"@id\":\"https:\/\/www.mundoagropecuario.cl\/new\/desde-la-region-de-los-lagos-parten-envios-de-avellana-al-continente-europeo\/#primaryimage\"},\"thumbnailUrl\":\"https:\/\/www.mundoagropecuario.cl\/new\/wp-content\/uploads\/2021\/06\/huerto-de-avellano-europeo.jpg\",\"keywords\":[\"avellana al continente europeo\",\"Cat\u00e1stro Frut\u00edcola\",\"Ciren\",\"Eduardo Winkler\",\"env\u00edos de avellana\",\"Miangri\",\"Minagri\",\"Odepa\",\"SAG\",\"seremi de Agricultura\"],\"articleSection\":[\"Agricultura\"],\"inLanguage\":\"es\"},{\"@type\":\"WebPage\",\"@id\":\"https:\/\/www.mundoagropecuario.cl\/new\/desde-la-region-de-los-lagos-parten-envios-de-avellana-al-continente-europeo\/\",\"url\":\"https:\/\/www.mundoagropecuario.cl\/new\/desde-la-region-de-los-lagos-parten-envios-de-avellana-al-continente-europeo\/\",\"name\":\"Desde la regi\u00f3n de Los Lagos parten env\u00edos de avellana al continente europeo - Mundoagropecuario\",\"isPartOf\":{\"@id\":\"https:\/\/www.mundoagropecuario.cl\/new\/#website\"},\"primaryImageOfPage\":{\"@id\":\"https:\/\/www.mundoagropecuario.cl\/new\/desde-la-region-de-los-lagos-parten-envios-de-avellana-al-continente-europeo\/#primaryimage\"},\"image\":{\"@id\":\"https:\/\/www.mundoagropecuario.cl\/new\/desde-la-region-de-los-lagos-parten-envios-de-avellana-al-continente-europeo\/#primaryimage\"},\"thumbnailUrl\":\"https:\/\/www.mundoagropecuario.cl\/new\/wp-content\/uploads\/2021\/06\/huerto-de-avellano-europeo.jpg\",\"datePublished\":\"2021-06-02T15:29:31+00:00\",\"dateModified\":\"2021-06-04T15:17:46+00:00\",\"description\":\"El fruto certificado por el SAG, se exporta procesado (sin c\u00e1scara) para ser utilizado en la industria de chocolates y snack.\",\"breadcrumb\":{\"@id\":\"https:\/\/www.mundoagropecuario.cl\/new\/desde-la-region-de-los-lagos-parten-envios-de-avellana-al-continente-europeo\/#breadcrumb\"},\"inLanguage\":\"es\",\"potentialAction\":[{\"@type\":\"ReadAction\",\"target\":[\"https:\/\/www.mundoagropecuario.cl\/new\/desde-la-region-de-los-lagos-parten-envios-de-avellana-al-continente-europeo\/\"]}]},{\"@type\":\"ImageObject\",\"inLanguage\":\"es\",\"@id\":\"https:\/\/www.mundoagropecuario.cl\/new\/desde-la-region-de-los-lagos-parten-envios-de-avellana-al-continente-europeo\/#primaryimage\",\"url\":\"https:\/\/www.mundoagropecuario.cl\/new\/wp-content\/uploads\/2021\/06\/huerto-de-avellano-europeo.jpg\",\"contentUrl\":\"https:\/\/www.mundoagropecuario.cl\/new\/wp-content\/uploads\/2021\/06\/huerto-de-avellano-europeo.jpg\",\"width\":533,\"height\":400},{\"@type\":\"BreadcrumbList\",\"@id\":\"https:\/\/www.mundoagropecuario.cl\/new\/desde-la-region-de-los-lagos-parten-envios-de-avellana-al-continente-europeo\/#breadcrumb\",\"itemListElement\":[{\"@type\":\"ListItem\",\"position\":1,\"name\":\"Portada\",\"item\":\"https:\/\/www.mundoagropecuario.cl\/new\/\"},{\"@type\":\"ListItem\",\"position\":2,\"name\":\"Desde la regi\u00f3n de Los Lagos parten env\u00edos de avellana al continente europeo\"}]},{\"@type\":\"WebSite\",\"@id\":\"https:\/\/www.mundoagropecuario.cl\/new\/#website\",\"url\":\"https:\/\/www.mundoagropecuario.cl\/new\/\",\"name\":\"Mundoagropecuario\",\"description\":\"Mundo Agropecuario\",\"publisher\":{\"@id\":\"https:\/\/www.mundoagropecuario.cl\/new\/#organization\"},\"potentialAction\":[{\"@type\":\"SearchAction\",\"target\":{\"@type\":\"EntryPoint\",\"urlTemplate\":\"https:\/\/www.mundoagropecuario.cl\/new\/?s={search_term_string}\"},\"query-input\":{\"@type\":\"PropertyValueSpecification\",\"valueRequired\":true,\"valueName\":\"search_term_string\"}}],\"inLanguage\":\"es\"},{\"@type\":\"Organization\",\"@id\":\"https:\/\/www.mundoagropecuario.cl\/new\/#organization\",\"name\":\"Revista de Agricultura\",\"url\":\"https:\/\/www.mundoagropecuario.cl\/new\/\",\"logo\":{\"@type\":\"ImageObject\",\"inLanguage\":\"es\",\"@id\":\"https:\/\/www.mundoagropecuario.cl\/new\/#\/schema\/logo\/image\/\",\"url\":\"https:\/\/www.mundoagropecuario.cl\/new\/wp-content\/uploads\/2020\/11\/PORTAL-1-1.png\",\"contentUrl\":\"https:\/\/www.mundoagropecuario.cl\/new\/wp-content\/uploads\/2020\/11\/PORTAL-1-1.png\",\"width\":1026,\"height\":100,\"caption\":\"Revista de Agricultura\"},\"image\":{\"@id\":\"https:\/\/www.mundoagropecuario.cl\/new\/#\/schema\/logo\/image\/\"},\"sameAs\":[\"https:\/\/www.facebook.com\/mundo.agropecuario.3\",\"https:\/\/x.com\/MundoAgropecuar\",\"https:\/\/www.linkedin.com\/in\/mundo-agropecuario-934009201\/\"]},{\"@type\":\"Person\",\"@id\":\"https:\/\/www.mundoagropecuario.cl\/new\/#\/schema\/person\/4e9f74a82a7dac260eb1c44b7eebeb18\",\"name\":\"mundo\",\"url\":\"https:\/\/www.mundoagropecuario.cl\/new\/author\/mundo\/\"}]}<\/script>\n<!-- \/ Yoast SEO plugin. -->","yoast_head_json":{"title":"Desde la regi\u00f3n de Los Lagos parten env\u00edos de avellana al continente europeo - Mundoagropecuario","description":"El fruto certificado por el SAG, se exporta procesado (sin c\u00e1scara) para ser utilizado en la industria de chocolates y snack.","robots":{"index":"index","follow":"follow","max-snippet":"max-snippet:-1","max-image-preview":"max-image-preview:large","max-video-preview":"max-video-preview:-1"},"canonical":"https:\/\/www.mundoagropecuario.cl\/new\/desde-la-region-de-los-lagos-parten-envios-de-avellana-al-continente-europeo\/","og_locale":"es_ES","og_type":"article","og_title":"Desde la regi\u00f3n de Los Lagos parten env\u00edos de avellana al continente europeo - Mundoagropecuario","og_description":"El fruto certificado por el SAG, se exporta procesado (sin c\u00e1scara) para ser utilizado en la industria de chocolates y snack.","og_url":"https:\/\/www.mundoagropecuario.cl\/new\/desde-la-region-de-los-lagos-parten-envios-de-avellana-al-continente-europeo\/","og_site_name":"Mundoagropecuario","article_publisher":"https:\/\/www.facebook.com\/mundo.agropecuario.3","article_published_time":"2021-06-02T15:29:31+00:00","article_modified_time":"2021-06-04T15:17:46+00:00","og_image":[{"width":960,"height":720,"url":"https:\/\/www.mundoagropecuario.cl\/new\/wp-content\/uploads\/2021\/06\/huerto-de-avellano-europeo.jpg","type":"image\/jpeg"}],"author":"mundo","twitter_card":"summary_large_image","twitter_creator":"@MundoAgropecuar","twitter_site":"@MundoAgropecuar","twitter_misc":{"Escrito por":"mundo","Tiempo de lectura":"4 minutos"},"schema":{"@context":"https:\/\/schema.org","@graph":[{"@type":"Article","@id":"https:\/\/www.mundoagropecuario.cl\/new\/desde-la-region-de-los-lagos-parten-envios-de-avellana-al-continente-europeo\/#article","isPartOf":{"@id":"https:\/\/www.mundoagropecuario.cl\/new\/desde-la-region-de-los-lagos-parten-envios-de-avellana-al-continente-europeo\/"},"author":{"name":"mundo","@id":"https:\/\/www.mundoagropecuario.cl\/new\/#\/schema\/person\/4e9f74a82a7dac260eb1c44b7eebeb18"},"headline":"Desde la regi\u00f3n de Los Lagos parten env\u00edos de avellana al continente europeo","datePublished":"2021-06-02T15:29:31+00:00","dateModified":"2021-06-04T15:17:46+00:00","mainEntityOfPage":{"@id":"https:\/\/www.mundoagropecuario.cl\/new\/desde-la-region-de-los-lagos-parten-envios-de-avellana-al-continente-europeo\/"},"wordCount":712,"publisher":{"@id":"https:\/\/www.mundoagropecuario.cl\/new\/#organization"},"image":{"@id":"https:\/\/www.mundoagropecuario.cl\/new\/desde-la-region-de-los-lagos-parten-envios-de-avellana-al-continente-europeo\/#primaryimage"},"thumbnailUrl":"https:\/\/www.mundoagropecuario.cl\/new\/wp-content\/uploads\/2021\/06\/huerto-de-avellano-europeo.jpg","keywords":["avellana al continente europeo","Cat\u00e1stro Frut\u00edcola","Ciren","Eduardo Winkler","env\u00edos de avellana","Miangri","Minagri","Odepa","SAG","seremi de Agricultura"],"articleSection":["Agricultura"],"inLanguage":"es"},{"@type":"WebPage","@id":"https:\/\/www.mundoagropecuario.cl\/new\/desde-la-region-de-los-lagos-parten-envios-de-avellana-al-continente-europeo\/","url":"https:\/\/www.mundoagropecuario.cl\/new\/desde-la-region-de-los-lagos-parten-envios-de-avellana-al-continente-europeo\/","name":"Desde la regi\u00f3n de Los Lagos parten env\u00edos de avellana al continente europeo - Mundoagropecuario","isPartOf":{"@id":"https:\/\/www.mundoagropecuario.cl\/new\/#website"},"primaryImageOfPage":{"@id":"https:\/\/www.mundoagropecuario.cl\/new\/desde-la-region-de-los-lagos-parten-envios-de-avellana-al-continente-europeo\/#primaryimage"},"image":{"@id":"https:\/\/www.mundoagropecuario.cl\/new\/desde-la-region-de-los-lagos-parten-envios-de-avellana-al-continente-europeo\/#primaryimage"},"thumbnailUrl":"https:\/\/www.mundoagropecuario.cl\/new\/wp-content\/uploads\/2021\/06\/huerto-de-avellano-europeo.jpg","datePublished":"2021-06-02T15:29:31+00:00","dateModified":"2021-06-04T15:17:46+00:00","description":"El fruto certificado por el SAG, se exporta procesado (sin c\u00e1scara) para ser utilizado en la industria de chocolates y snack.","breadcrumb":{"@id":"https:\/\/www.mundoagropecuario.cl\/new\/desde-la-region-de-los-lagos-parten-envios-de-avellana-al-continente-europeo\/#breadcrumb"},"inLanguage":"es","potentialAction":[{"@type":"ReadAction","target":["https:\/\/www.mundoagropecuario.cl\/new\/desde-la-region-de-los-lagos-parten-envios-de-avellana-al-continente-europeo\/"]}]},{"@type":"ImageObject","inLanguage":"es","@id":"https:\/\/www.mundoagropecuario.cl\/new\/desde-la-region-de-los-lagos-parten-envios-de-avellana-al-continente-europeo\/#primaryimage","url":"https:\/\/www.mundoagropecuario.cl\/new\/wp-content\/uploads\/2021\/06\/huerto-de-avellano-europeo.jpg","contentUrl":"https:\/\/www.mundoagropecuario.cl\/new\/wp-content\/uploads\/2021\/06\/huerto-de-avellano-europeo.jpg","width":533,"height":400},{"@type":"BreadcrumbList","@id":"https:\/\/www.mundoagropecuario.cl\/new\/desde-la-region-de-los-lagos-parten-envios-de-avellana-al-continente-europeo\/#breadcrumb","itemListElement":[{"@type":"ListItem","position":1,"name":"Portada","item":"https:\/\/www.mundoagropecuario.cl\/new\/"},{"@type":"ListItem","position":2,"name":"Desde la regi\u00f3n de Los Lagos parten env\u00edos de avellana al continente europeo"}]},{"@type":"WebSite","@id":"https:\/\/www.mundoagropecuario.cl\/new\/#website","url":"https:\/\/www.mundoagropecuario.cl\/new\/","name":"Mundoagropecuario","description":"Mundo Agropecuario","publisher":{"@id":"https:\/\/www.mundoagropecuario.cl\/new\/#organization"},"potentialAction":[{"@type":"SearchAction","target":{"@type":"EntryPoint","urlTemplate":"https:\/\/www.mundoagropecuario.cl\/new\/?s={search_term_string}"},"query-input":{"@type":"PropertyValueSpecification","valueRequired":true,"valueName":"search_term_string"}}],"inLanguage":"es"},{"@type":"Organization","@id":"https:\/\/www.mundoagropecuario.cl\/new\/#organization","name":"Revista de Agricultura","url":"https:\/\/www.mundoagropecuario.cl\/new\/","logo":{"@type":"ImageObject","inLanguage":"es","@id":"https:\/\/www.mundoagropecuario.cl\/new\/#\/schema\/logo\/image\/","url":"https:\/\/www.mundoagropecuario.cl\/new\/wp-content\/uploads\/2020\/11\/PORTAL-1-1.png","contentUrl":"https:\/\/www.mundoagropecuario.cl\/new\/wp-content\/uploads\/2020\/11\/PORTAL-1-1.png","width":1026,"height":100,"caption":"Revista de Agricultura"},"image":{"@id":"https:\/\/www.mundoagropecuario.cl\/new\/#\/schema\/logo\/image\/"},"sameAs":["https:\/\/www.facebook.com\/mundo.agropecuario.3","https:\/\/x.com\/MundoAgropecuar","https:\/\/www.linkedin.com\/in\/mundo-agropecuario-934009201\/"]},{"@type":"Person","@id":"https:\/\/www.mundoagropecuario.cl\/new\/#\/schema\/person\/4e9f74a82a7dac260eb1c44b7eebeb18","name":"mundo","url":"https:\/\/www.mundoagropecuario.cl\/new\/author\/mundo\/"}]}},"_links":{"self":[{"href":"https:\/\/www.mundoagropecuario.cl\/new\/wp-json\/wp\/v2\/posts\/19172","targetHints":{"allow":["GET"]}}],"collection":[{"href":"https:\/\/www.mundoagropecuario.cl\/new\/wp-json\/wp\/v2\/posts"}],"about":[{"href":"https:\/\/www.mundoagropecuario.cl\/new\/wp-json\/wp\/v2\/types\/post"}],"author":[{"embeddable":true,"href":"https:\/\/www.mundoagropecuario.cl\/new\/wp-json\/wp\/v2\/users\/2"}],"replies":[{"embeddable":true,"href":"https:\/\/www.mundoagropecuario.cl\/new\/wp-json\/wp\/v2\/comments?post=19172"}],"version-history":[{"count":1,"href":"https:\/\/www.mundoagropecuario.cl\/new\/wp-json\/wp\/v2\/posts\/19172\/revisions"}],"predecessor-version":[{"id":19176,"href":"https:\/\/www.mundoagropecuario.cl\/new\/wp-json\/wp\/v2\/posts\/19172\/revisions\/19176"}],"wp:featuredmedia":[{"embeddable":true,"href":"https:\/\/www.mundoagropecuario.cl\/new\/wp-json\/wp\/v2\/media\/19174"}],"wp:attachment":[{"href":"https:\/\/www.mundoagropecuario.cl\/new\/wp-json\/wp\/v2\/media?parent=19172"}],"wp:term":[{"taxonomy":"category","embeddable":true,"href":"https:\/\/www.mundoagropecuario.cl\/new\/wp-json\/wp\/v2\/categories?post=19172"},{"taxonomy":"post_tag","embeddable":true,"href":"https:\/\/www.mundoagropecuario.cl\/new\/wp-json\/wp\/v2\/tags?post=19172"}],"curies":[{"name":"wp","href":"https:\/\/api.w.org\/{rel}","templated":true}]}}