{"id":19105,"date":"2021-05-27T13:08:36","date_gmt":"2021-05-27T16:08:36","guid":{"rendered":"https:\/\/www.mundoagropecuario.cl\/new\/?p=19105"},"modified":"2021-05-31T12:20:05","modified_gmt":"2021-05-31T15:20:05","slug":"inia-aseguro-disponibilidad-de-semillas-certificadas-de-trigos-harineros-y-candeales-en-el-centro-y-sur-del-pais","status":"publish","type":"post","link":"https:\/\/www.mundoagropecuario.cl\/new\/inia-aseguro-disponibilidad-de-semillas-certificadas-de-trigos-harineros-y-candeales-en-el-centro-y-sur-del-pais\/","title":{"rendered":"INIA asegur\u00f3 disponibilidad de semillas certificadas de trigos harineros y candeales en el centro y sur del pa\u00eds"},"content":{"rendered":"<blockquote>\n<h2><span style=\"color: #003300;\"><strong><em>Director Nacional del Instituto de Investigaciones Agropecuarias, Pedro Bustos, tras visitar los campos experimentales de INIA en las regiones de \u00d1uble y Biob\u00edo, indic\u00f3 que se cumplieron las metas de producci\u00f3n a pesar de las dificultades generadas por la pandemia.<\/em><\/strong><\/span><\/h2>\n<\/blockquote>\n<p>Es en la macrozona centro sur, compuesta por las regiones del Maule, \u00d1uble y del Biob\u00edo, donde se concentra parte importante de la producci\u00f3n actual de semillas destinadas a los mercados nacional e internacional, constituy\u00e9ndose en una suerte de granero para el pa\u00eds.<\/p>\n<p><a href=\"https:\/\/www.mundoagropecuario.cl\/new\/wp-content\/uploads\/2021\/05\/Trigo-de-inverno-scaled.jpg\"><img loading=\"lazy\" decoding=\"async\" class=\" wp-image-19109 alignright\" src=\"https:\/\/www.mundoagropecuario.cl\/new\/wp-content\/uploads\/2021\/05\/Trigo-de-inverno-586x390.jpg\" alt=\"\" width=\"419\" height=\"236\" \/><\/a>Buena parte de la producci\u00f3n de cereales (trigos, arroz), legumbres (porotos), berries (ar\u00e1ndanos, frambuesas y frutillas) y frutales de nuez (avellano europeo, casta\u00f1os), se concentra en esta \u00e1rea, resultando de gran relevancia como zona proveedora actual de alimentos, y con gran proyecci\u00f3n en el futuro.<\/p>\n<p>Tras visitar los campos experimentales de INIA en San Carlos (destinado a la investigaci\u00f3n de arroz), Chill\u00e1n (cereales y legumbres) y Los \u00c1ngeles (cereales), el Director Nacional de INIA, Pedro Bustos, indic\u00f3 que est\u00e1 dentro del quehacer institucional, el proporcionar nuevas variedades de semillas destinadas a los campos chilenos.<\/p>\n<p>El directivo sostuvo que, a pesar de la pandemia, \u201chemos podido cumplir con la totalidad de las metas propuestas\u201d, por lo que felicit\u00f3 el trabajo realizado en los campos experimentales donde, adem\u00e1s de generar trabajos de investigaci\u00f3n, se concentra la producci\u00f3n de semillas certificadas de cereales y legumbres destinadas a los productores. \u201cEl campo no para y tampoco las l\u00edneas de abastecimiento de alimentos para los habitantes del pa\u00eds\u201d, recalc\u00f3.<\/p>\n<p><a href=\"https:\/\/www.mundoagropecuario.cl\/new\/wp-content\/uploads\/2021\/05\/Pedro-Bustos-Director-Nacional-INIA-y-Juan-Carlos-Molina-seremi-Agricultura-N\u0303uble-scaled.jpg\"><img loading=\"lazy\" decoding=\"async\" class=\" wp-image-19107 alignleft\" src=\"https:\/\/www.mundoagropecuario.cl\/new\/wp-content\/uploads\/2021\/05\/Pedro-Bustos-Director-Nacional-INIA-y-Juan-Carlos-Molina-seremi-Agricultura-N\u0303uble-586x440.jpg\" alt=\"\" width=\"463\" height=\"352\" \/><\/a>En lo concerniente a la generaci\u00f3n de arroz, Bustos se\u00f1al\u00f3 que \u201cdesde su creaci\u00f3n, hace 57 a\u00f1os, INIA produce el 100 % de las variedades de arroz que se cultivan en el pa\u00eds\u201d. A\u00f1adi\u00f3 que al predominar en Chile el clima templado (inviernos fr\u00edos) y al ser el arroz un cultivo caracter\u00edstico de climas tropicales, \u201cnuestros investigadores hist\u00f3ricamente han debido realizar un gran trabajo, en alianza con organismos cient\u00edficos internacionales, para obtener materiales base, destinados a desarrollar nuestras variedades de clima fr\u00edo\u201d. En este aspecto, explic\u00f3 que bajo la mirada cient\u00edfica las variedades chilenas \u201cson de inter\u00e9s mundial, porque bajo la perspectiva del cambio clim\u00e1tico, poseen los genes de adaptaci\u00f3n al fr\u00edo y podr\u00edan servir para generar variedades m\u00e1s sanas, m\u00e1s inocuas y de mayor productividad\u201d.<\/p>\n<p><strong>Creciente demanda de alimentos<\/strong><\/p>\n<p>Tras su visita a las regiones de \u00d1uble y Biob\u00edo, donde INIA genera las semillas certificadas de trigos harineros y candeales para los agricultores de las zonas centro y centro sur, Pedro Bustos se refiri\u00f3 a la importancia de mantener activa la generaci\u00f3n de variedades de granos a los productores, en un contexto de desaf\u00edo alimentario para el futuro. \u201cSabemos que al 2050 el mundo tiene el desaf\u00edo de alimentar una poblaci\u00f3n cercana a los 10 mil millones de habitantes, con menos superficie agr\u00edcola, mayor productividad y sustentabilidad, cuidando la naturaleza y los suelos\u201d. En ese entendido, el Director Nacional destac\u00f3 el trabajo de INIA, toda vez que \u201cnuestras variedades de trigos representan alrededor del 60 % de las variedades chilenas destinadas a la producci\u00f3n de pan, y casi el 100 % de los trigos candeales que son los destinados a la producci\u00f3n de pastas\u201d. Agreg\u00f3 que cada a\u00f1o se trabaja en la generaci\u00f3n de nuevas variedades con caracter\u00edsticas de mayor resistencia a la falta de agua, mejor adaptaci\u00f3n a los distintos tipos de suelos del pa\u00eds y menor susceptibilidad a las enfermedades, \u201ctodo ello para mejorar rendimientos e incrementar la calidad nutricional de los granos\u201d.<\/p>\n<p>En su paso por el Campo Experimental Santa Rosa de Chill\u00e1n, el directivo estuvo acompa\u00f1ado por el seremi de Agricultura de \u00d1uble, Juan Carlos Molina, quien resalt\u00f3 el trabajo del INIA en la agricultura del centro sur de Chile. En especial mencion\u00f3 la planta de selecci\u00f3n de semillas de INIA Quilamapu destinada a producir las semillas certificadas de trigo que requieren los productores para sus siembras entre las regiones de 0\u2019Higgins y Los Lagos. Asimismo, valor\u00f3 el traspaso de informaci\u00f3n t\u00e9cnica a los peque\u00f1os productores, espec\u00edficamente \u201clo realizado por los grupos de transferencia tecnol\u00f3gica y las jornadas de capacitaci\u00f3n a trav\u00e9s de seminarios\u201d. En este punto, destac\u00f3 lo vital que resulta la producci\u00f3n de alimentos \u201cen un mundo cada vez m\u00e1s demandante y con mayor presencia de tecnolog\u00eda\u201d.<\/p>\n<p><strong>Semillas para los campos del centro sur<\/strong><\/p>\n<p><a href=\"https:\/\/www.mundoagropecuario.cl\/new\/wp-content\/uploads\/2021\/05\/SemillasINIA.jpg\"><img loading=\"lazy\" decoding=\"async\" class=\" wp-image-19108 alignright\" src=\"https:\/\/www.mundoagropecuario.cl\/new\/wp-content\/uploads\/2021\/05\/SemillasINIA-586x441.jpg\" alt=\"\" width=\"498\" height=\"339\" \/><\/a>Durante la presente temporada, el encargado zona sur de producci\u00f3n y comercializaci\u00f3n de insumos tecnol\u00f3gicos de INIA, \u00c1lvaro Vega, se\u00f1al\u00f3 que la planta seleccionadora de semillas certificadas de Chill\u00e1n procesar\u00e1 un total de 3 millones 200 mil kilogramos, concentr\u00e1ndose en la producci\u00f3n de siete variedades de trigos destinados a la industria del pan, dos de trigos candeales, una de triticale, una de avena, tres de arroz, y dos de \u00a0porotos. Todas ellas semillas destinadas a cubrir la demanda de siembras de los productores del centro sur del pa\u00eds.<\/p>\n<p>Estas cifras se complementan con la generaci\u00f3n de trigos candeales, en el Campo Experimental Hum\u00e1n de INIA en Los \u00c1ngeles, donde su administrador Christian Wolf indic\u00f3 que en la temporada pasada se sembraron 201 hect\u00e1reas, claro indicador de que la provincia de Biob\u00edo concentra la producci\u00f3n nacional de trigos destinados a la industria de las pastas del pa\u00eds. De hecho, solo en Hum\u00e1n se procesaron del orden de 920.000 kilogramos de semillas certificadas de trigo candeal, destinadas a la siembra de 4 mil hect\u00e1reas, cifras debieran incrementarse durante la pr\u00f3xima temporada.<\/p>\n","protected":false},"excerpt":{"rendered":"<p>El Director Nacional de INIA, Pedro Bustos, indic\u00f3 que est\u00e1 dentro del quehacer institucional, el proporcionar nuevas variedades de semillas destinadas a los campos chilenos.<\/p>\n","protected":false},"author":2,"featured_media":19106,"comment_status":"closed","ping_status":"closed","sticky":false,"template":"","format":"standard","meta":{"footnotes":""},"categories":[1945],"tags":[2090,3127,5706,5705,5707,2052,2253,5703,5704],"class_list":["post-19105","post","type-post","status-publish","format-standard","has-post-thumbnail","hentry","category-agricultura","tag-agricultura","tag-agro","tag-director-del-inia","tag-harineros-y-candeales","tag-industria-del-pan","tag-inia","tag-pedro-bustos","tag-semillas-certificadas","tag-trigos-harineros"],"yoast_head":"<!-- This site is optimized with the Yoast SEO plugin v26.6 - https:\/\/yoast.com\/wordpress\/plugins\/seo\/ -->\n<title>INIA asegur\u00f3 disponibilidad de semillas certificadas de trigos harineros y candeales en el centro y sur del pa\u00eds - Mundoagropecuario<\/title>\n<meta name=\"description\" content=\"Director del INIA dijo que se cumplieron las metas de producci\u00f3n a pesar de las dificultades generadas por la pandemia.\" \/>\n<meta name=\"robots\" content=\"index, follow, max-snippet:-1, max-image-preview:large, max-video-preview:-1\" \/>\n<link rel=\"canonical\" href=\"https:\/\/www.mundoagropecuario.cl\/new\/inia-aseguro-disponibilidad-de-semillas-certificadas-de-trigos-harineros-y-candeales-en-el-centro-y-sur-del-pais\/\" \/>\n<meta property=\"og:locale\" content=\"es_ES\" \/>\n<meta property=\"og:type\" content=\"article\" \/>\n<meta property=\"og:title\" content=\"INIA asegur\u00f3 disponibilidad de semillas certificadas de trigos harineros y candeales en el centro y sur del pa\u00eds - Mundoagropecuario\" \/>\n<meta property=\"og:description\" content=\"Director del INIA dijo que se cumplieron las metas de producci\u00f3n a pesar de las dificultades generadas por la pandemia.\" \/>\n<meta property=\"og:url\" content=\"https:\/\/www.mundoagropecuario.cl\/new\/inia-aseguro-disponibilidad-de-semillas-certificadas-de-trigos-harineros-y-candeales-en-el-centro-y-sur-del-pais\/\" \/>\n<meta property=\"og:site_name\" content=\"Mundoagropecuario\" \/>\n<meta property=\"article:publisher\" content=\"https:\/\/www.facebook.com\/mundo.agropecuario.3\" \/>\n<meta property=\"article:published_time\" content=\"2021-05-27T16:08:36+00:00\" \/>\n<meta property=\"article:modified_time\" content=\"2021-05-31T15:20:05+00:00\" \/>\n<meta property=\"og:image\" content=\"https:\/\/www.mundoagropecuario.cl\/new\/wp-content\/uploads\/2021\/05\/Ensacado-de-semilla-certificada-de-trigo-scaled.jpg\" \/>\n\t<meta property=\"og:image:width\" content=\"1024\" \/>\n\t<meta property=\"og:image:height\" content=\"768\" \/>\n\t<meta property=\"og:image:type\" content=\"image\/jpeg\" \/>\n<meta name=\"author\" content=\"mundo\" \/>\n<meta name=\"twitter:card\" content=\"summary_large_image\" \/>\n<meta name=\"twitter:creator\" content=\"@MundoAgropecuar\" \/>\n<meta name=\"twitter:site\" content=\"@MundoAgropecuar\" \/>\n<meta name=\"twitter:label1\" content=\"Escrito por\" \/>\n\t<meta name=\"twitter:data1\" content=\"mundo\" \/>\n\t<meta name=\"twitter:label2\" content=\"Tiempo de lectura\" \/>\n\t<meta name=\"twitter:data2\" content=\"5 minutos\" \/>\n<script type=\"application\/ld+json\" class=\"yoast-schema-graph\">{\"@context\":\"https:\/\/schema.org\",\"@graph\":[{\"@type\":\"Article\",\"@id\":\"https:\/\/www.mundoagropecuario.cl\/new\/inia-aseguro-disponibilidad-de-semillas-certificadas-de-trigos-harineros-y-candeales-en-el-centro-y-sur-del-pais\/#article\",\"isPartOf\":{\"@id\":\"https:\/\/www.mundoagropecuario.cl\/new\/inia-aseguro-disponibilidad-de-semillas-certificadas-de-trigos-harineros-y-candeales-en-el-centro-y-sur-del-pais\/\"},\"author\":{\"name\":\"mundo\",\"@id\":\"https:\/\/www.mundoagropecuario.cl\/new\/#\/schema\/person\/4e9f74a82a7dac260eb1c44b7eebeb18\"},\"headline\":\"INIA asegur\u00f3 disponibilidad de semillas certificadas de trigos harineros y candeales en el centro y sur del pa\u00eds\",\"datePublished\":\"2021-05-27T16:08:36+00:00\",\"dateModified\":\"2021-05-31T15:20:05+00:00\",\"mainEntityOfPage\":{\"@id\":\"https:\/\/www.mundoagropecuario.cl\/new\/inia-aseguro-disponibilidad-de-semillas-certificadas-de-trigos-harineros-y-candeales-en-el-centro-y-sur-del-pais\/\"},\"wordCount\":971,\"publisher\":{\"@id\":\"https:\/\/www.mundoagropecuario.cl\/new\/#organization\"},\"image\":{\"@id\":\"https:\/\/www.mundoagropecuario.cl\/new\/inia-aseguro-disponibilidad-de-semillas-certificadas-de-trigos-harineros-y-candeales-en-el-centro-y-sur-del-pais\/#primaryimage\"},\"thumbnailUrl\":\"https:\/\/www.mundoagropecuario.cl\/new\/wp-content\/uploads\/2021\/05\/Ensacado-de-semilla-certificada-de-trigo-scaled.jpg\",\"keywords\":[\"Agricultura\",\"Agro\",\"Director del INIA\",\"harineros y candeales\",\"industria del pan\",\"INIA\",\"Pedro Bustos\",\"Semillas certificadas\",\"trigos harineros\"],\"articleSection\":[\"Agricultura\"],\"inLanguage\":\"es\"},{\"@type\":\"WebPage\",\"@id\":\"https:\/\/www.mundoagropecuario.cl\/new\/inia-aseguro-disponibilidad-de-semillas-certificadas-de-trigos-harineros-y-candeales-en-el-centro-y-sur-del-pais\/\",\"url\":\"https:\/\/www.mundoagropecuario.cl\/new\/inia-aseguro-disponibilidad-de-semillas-certificadas-de-trigos-harineros-y-candeales-en-el-centro-y-sur-del-pais\/\",\"name\":\"INIA asegur\u00f3 disponibilidad de semillas certificadas de trigos harineros y candeales en el centro y sur del pa\u00eds - Mundoagropecuario\",\"isPartOf\":{\"@id\":\"https:\/\/www.mundoagropecuario.cl\/new\/#website\"},\"primaryImageOfPage\":{\"@id\":\"https:\/\/www.mundoagropecuario.cl\/new\/inia-aseguro-disponibilidad-de-semillas-certificadas-de-trigos-harineros-y-candeales-en-el-centro-y-sur-del-pais\/#primaryimage\"},\"image\":{\"@id\":\"https:\/\/www.mundoagropecuario.cl\/new\/inia-aseguro-disponibilidad-de-semillas-certificadas-de-trigos-harineros-y-candeales-en-el-centro-y-sur-del-pais\/#primaryimage\"},\"thumbnailUrl\":\"https:\/\/www.mundoagropecuario.cl\/new\/wp-content\/uploads\/2021\/05\/Ensacado-de-semilla-certificada-de-trigo-scaled.jpg\",\"datePublished\":\"2021-05-27T16:08:36+00:00\",\"dateModified\":\"2021-05-31T15:20:05+00:00\",\"description\":\"Director del INIA dijo que se cumplieron las metas de producci\u00f3n a pesar de las dificultades generadas por la pandemia.\",\"breadcrumb\":{\"@id\":\"https:\/\/www.mundoagropecuario.cl\/new\/inia-aseguro-disponibilidad-de-semillas-certificadas-de-trigos-harineros-y-candeales-en-el-centro-y-sur-del-pais\/#breadcrumb\"},\"inLanguage\":\"es\",\"potentialAction\":[{\"@type\":\"ReadAction\",\"target\":[\"https:\/\/www.mundoagropecuario.cl\/new\/inia-aseguro-disponibilidad-de-semillas-certificadas-de-trigos-harineros-y-candeales-en-el-centro-y-sur-del-pais\/\"]}]},{\"@type\":\"ImageObject\",\"inLanguage\":\"es\",\"@id\":\"https:\/\/www.mundoagropecuario.cl\/new\/inia-aseguro-disponibilidad-de-semillas-certificadas-de-trigos-harineros-y-candeales-en-el-centro-y-sur-del-pais\/#primaryimage\",\"url\":\"https:\/\/www.mundoagropecuario.cl\/new\/wp-content\/uploads\/2021\/05\/Ensacado-de-semilla-certificada-de-trigo-scaled.jpg\",\"contentUrl\":\"https:\/\/www.mundoagropecuario.cl\/new\/wp-content\/uploads\/2021\/05\/Ensacado-de-semilla-certificada-de-trigo-scaled.jpg\",\"width\":533,\"height\":400},{\"@type\":\"BreadcrumbList\",\"@id\":\"https:\/\/www.mundoagropecuario.cl\/new\/inia-aseguro-disponibilidad-de-semillas-certificadas-de-trigos-harineros-y-candeales-en-el-centro-y-sur-del-pais\/#breadcrumb\",\"itemListElement\":[{\"@type\":\"ListItem\",\"position\":1,\"name\":\"Portada\",\"item\":\"https:\/\/www.mundoagropecuario.cl\/new\/\"},{\"@type\":\"ListItem\",\"position\":2,\"name\":\"INIA asegur\u00f3 disponibilidad de semillas certificadas de trigos harineros y candeales en el centro y sur del pa\u00eds\"}]},{\"@type\":\"WebSite\",\"@id\":\"https:\/\/www.mundoagropecuario.cl\/new\/#website\",\"url\":\"https:\/\/www.mundoagropecuario.cl\/new\/\",\"name\":\"Mundoagropecuario\",\"description\":\"Mundo Agropecuario\",\"publisher\":{\"@id\":\"https:\/\/www.mundoagropecuario.cl\/new\/#organization\"},\"potentialAction\":[{\"@type\":\"SearchAction\",\"target\":{\"@type\":\"EntryPoint\",\"urlTemplate\":\"https:\/\/www.mundoagropecuario.cl\/new\/?s={search_term_string}\"},\"query-input\":{\"@type\":\"PropertyValueSpecification\",\"valueRequired\":true,\"valueName\":\"search_term_string\"}}],\"inLanguage\":\"es\"},{\"@type\":\"Organization\",\"@id\":\"https:\/\/www.mundoagropecuario.cl\/new\/#organization\",\"name\":\"Revista de Agricultura\",\"url\":\"https:\/\/www.mundoagropecuario.cl\/new\/\",\"logo\":{\"@type\":\"ImageObject\",\"inLanguage\":\"es\",\"@id\":\"https:\/\/www.mundoagropecuario.cl\/new\/#\/schema\/logo\/image\/\",\"url\":\"https:\/\/www.mundoagropecuario.cl\/new\/wp-content\/uploads\/2020\/11\/PORTAL-1-1.png\",\"contentUrl\":\"https:\/\/www.mundoagropecuario.cl\/new\/wp-content\/uploads\/2020\/11\/PORTAL-1-1.png\",\"width\":1026,\"height\":100,\"caption\":\"Revista de Agricultura\"},\"image\":{\"@id\":\"https:\/\/www.mundoagropecuario.cl\/new\/#\/schema\/logo\/image\/\"},\"sameAs\":[\"https:\/\/www.facebook.com\/mundo.agropecuario.3\",\"https:\/\/x.com\/MundoAgropecuar\",\"https:\/\/www.linkedin.com\/in\/mundo-agropecuario-934009201\/\"]},{\"@type\":\"Person\",\"@id\":\"https:\/\/www.mundoagropecuario.cl\/new\/#\/schema\/person\/4e9f74a82a7dac260eb1c44b7eebeb18\",\"name\":\"mundo\",\"url\":\"https:\/\/www.mundoagropecuario.cl\/new\/author\/mundo\/\"}]}<\/script>\n<!-- \/ Yoast SEO plugin. -->","yoast_head_json":{"title":"INIA asegur\u00f3 disponibilidad de semillas certificadas de trigos harineros y candeales en el centro y sur del pa\u00eds - Mundoagropecuario","description":"Director del INIA dijo que se cumplieron las metas de producci\u00f3n a pesar de las dificultades generadas por la pandemia.","robots":{"index":"index","follow":"follow","max-snippet":"max-snippet:-1","max-image-preview":"max-image-preview:large","max-video-preview":"max-video-preview:-1"},"canonical":"https:\/\/www.mundoagropecuario.cl\/new\/inia-aseguro-disponibilidad-de-semillas-certificadas-de-trigos-harineros-y-candeales-en-el-centro-y-sur-del-pais\/","og_locale":"es_ES","og_type":"article","og_title":"INIA asegur\u00f3 disponibilidad de semillas certificadas de trigos harineros y candeales en el centro y sur del pa\u00eds - Mundoagropecuario","og_description":"Director del INIA dijo que se cumplieron las metas de producci\u00f3n a pesar de las dificultades generadas por la pandemia.","og_url":"https:\/\/www.mundoagropecuario.cl\/new\/inia-aseguro-disponibilidad-de-semillas-certificadas-de-trigos-harineros-y-candeales-en-el-centro-y-sur-del-pais\/","og_site_name":"Mundoagropecuario","article_publisher":"https:\/\/www.facebook.com\/mundo.agropecuario.3","article_published_time":"2021-05-27T16:08:36+00:00","article_modified_time":"2021-05-31T15:20:05+00:00","og_image":[{"width":1024,"height":768,"url":"https:\/\/www.mundoagropecuario.cl\/new\/wp-content\/uploads\/2021\/05\/Ensacado-de-semilla-certificada-de-trigo-scaled.jpg","type":"image\/jpeg"}],"author":"mundo","twitter_card":"summary_large_image","twitter_creator":"@MundoAgropecuar","twitter_site":"@MundoAgropecuar","twitter_misc":{"Escrito por":"mundo","Tiempo de lectura":"5 minutos"},"schema":{"@context":"https:\/\/schema.org","@graph":[{"@type":"Article","@id":"https:\/\/www.mundoagropecuario.cl\/new\/inia-aseguro-disponibilidad-de-semillas-certificadas-de-trigos-harineros-y-candeales-en-el-centro-y-sur-del-pais\/#article","isPartOf":{"@id":"https:\/\/www.mundoagropecuario.cl\/new\/inia-aseguro-disponibilidad-de-semillas-certificadas-de-trigos-harineros-y-candeales-en-el-centro-y-sur-del-pais\/"},"author":{"name":"mundo","@id":"https:\/\/www.mundoagropecuario.cl\/new\/#\/schema\/person\/4e9f74a82a7dac260eb1c44b7eebeb18"},"headline":"INIA asegur\u00f3 disponibilidad de semillas certificadas de trigos harineros y candeales en el centro y sur del pa\u00eds","datePublished":"2021-05-27T16:08:36+00:00","dateModified":"2021-05-31T15:20:05+00:00","mainEntityOfPage":{"@id":"https:\/\/www.mundoagropecuario.cl\/new\/inia-aseguro-disponibilidad-de-semillas-certificadas-de-trigos-harineros-y-candeales-en-el-centro-y-sur-del-pais\/"},"wordCount":971,"publisher":{"@id":"https:\/\/www.mundoagropecuario.cl\/new\/#organization"},"image":{"@id":"https:\/\/www.mundoagropecuario.cl\/new\/inia-aseguro-disponibilidad-de-semillas-certificadas-de-trigos-harineros-y-candeales-en-el-centro-y-sur-del-pais\/#primaryimage"},"thumbnailUrl":"https:\/\/www.mundoagropecuario.cl\/new\/wp-content\/uploads\/2021\/05\/Ensacado-de-semilla-certificada-de-trigo-scaled.jpg","keywords":["Agricultura","Agro","Director del INIA","harineros y candeales","industria del pan","INIA","Pedro Bustos","Semillas certificadas","trigos harineros"],"articleSection":["Agricultura"],"inLanguage":"es"},{"@type":"WebPage","@id":"https:\/\/www.mundoagropecuario.cl\/new\/inia-aseguro-disponibilidad-de-semillas-certificadas-de-trigos-harineros-y-candeales-en-el-centro-y-sur-del-pais\/","url":"https:\/\/www.mundoagropecuario.cl\/new\/inia-aseguro-disponibilidad-de-semillas-certificadas-de-trigos-harineros-y-candeales-en-el-centro-y-sur-del-pais\/","name":"INIA asegur\u00f3 disponibilidad de semillas certificadas de trigos harineros y candeales en el centro y sur del pa\u00eds - Mundoagropecuario","isPartOf":{"@id":"https:\/\/www.mundoagropecuario.cl\/new\/#website"},"primaryImageOfPage":{"@id":"https:\/\/www.mundoagropecuario.cl\/new\/inia-aseguro-disponibilidad-de-semillas-certificadas-de-trigos-harineros-y-candeales-en-el-centro-y-sur-del-pais\/#primaryimage"},"image":{"@id":"https:\/\/www.mundoagropecuario.cl\/new\/inia-aseguro-disponibilidad-de-semillas-certificadas-de-trigos-harineros-y-candeales-en-el-centro-y-sur-del-pais\/#primaryimage"},"thumbnailUrl":"https:\/\/www.mundoagropecuario.cl\/new\/wp-content\/uploads\/2021\/05\/Ensacado-de-semilla-certificada-de-trigo-scaled.jpg","datePublished":"2021-05-27T16:08:36+00:00","dateModified":"2021-05-31T15:20:05+00:00","description":"Director del INIA dijo que se cumplieron las metas de producci\u00f3n a pesar de las dificultades generadas por la pandemia.","breadcrumb":{"@id":"https:\/\/www.mundoagropecuario.cl\/new\/inia-aseguro-disponibilidad-de-semillas-certificadas-de-trigos-harineros-y-candeales-en-el-centro-y-sur-del-pais\/#breadcrumb"},"inLanguage":"es","potentialAction":[{"@type":"ReadAction","target":["https:\/\/www.mundoagropecuario.cl\/new\/inia-aseguro-disponibilidad-de-semillas-certificadas-de-trigos-harineros-y-candeales-en-el-centro-y-sur-del-pais\/"]}]},{"@type":"ImageObject","inLanguage":"es","@id":"https:\/\/www.mundoagropecuario.cl\/new\/inia-aseguro-disponibilidad-de-semillas-certificadas-de-trigos-harineros-y-candeales-en-el-centro-y-sur-del-pais\/#primaryimage","url":"https:\/\/www.mundoagropecuario.cl\/new\/wp-content\/uploads\/2021\/05\/Ensacado-de-semilla-certificada-de-trigo-scaled.jpg","contentUrl":"https:\/\/www.mundoagropecuario.cl\/new\/wp-content\/uploads\/2021\/05\/Ensacado-de-semilla-certificada-de-trigo-scaled.jpg","width":533,"height":400},{"@type":"BreadcrumbList","@id":"https:\/\/www.mundoagropecuario.cl\/new\/inia-aseguro-disponibilidad-de-semillas-certificadas-de-trigos-harineros-y-candeales-en-el-centro-y-sur-del-pais\/#breadcrumb","itemListElement":[{"@type":"ListItem","position":1,"name":"Portada","item":"https:\/\/www.mundoagropecuario.cl\/new\/"},{"@type":"ListItem","position":2,"name":"INIA asegur\u00f3 disponibilidad de semillas certificadas de trigos harineros y candeales en el centro y sur del pa\u00eds"}]},{"@type":"WebSite","@id":"https:\/\/www.mundoagropecuario.cl\/new\/#website","url":"https:\/\/www.mundoagropecuario.cl\/new\/","name":"Mundoagropecuario","description":"Mundo Agropecuario","publisher":{"@id":"https:\/\/www.mundoagropecuario.cl\/new\/#organization"},"potentialAction":[{"@type":"SearchAction","target":{"@type":"EntryPoint","urlTemplate":"https:\/\/www.mundoagropecuario.cl\/new\/?s={search_term_string}"},"query-input":{"@type":"PropertyValueSpecification","valueRequired":true,"valueName":"search_term_string"}}],"inLanguage":"es"},{"@type":"Organization","@id":"https:\/\/www.mundoagropecuario.cl\/new\/#organization","name":"Revista de Agricultura","url":"https:\/\/www.mundoagropecuario.cl\/new\/","logo":{"@type":"ImageObject","inLanguage":"es","@id":"https:\/\/www.mundoagropecuario.cl\/new\/#\/schema\/logo\/image\/","url":"https:\/\/www.mundoagropecuario.cl\/new\/wp-content\/uploads\/2020\/11\/PORTAL-1-1.png","contentUrl":"https:\/\/www.mundoagropecuario.cl\/new\/wp-content\/uploads\/2020\/11\/PORTAL-1-1.png","width":1026,"height":100,"caption":"Revista de Agricultura"},"image":{"@id":"https:\/\/www.mundoagropecuario.cl\/new\/#\/schema\/logo\/image\/"},"sameAs":["https:\/\/www.facebook.com\/mundo.agropecuario.3","https:\/\/x.com\/MundoAgropecuar","https:\/\/www.linkedin.com\/in\/mundo-agropecuario-934009201\/"]},{"@type":"Person","@id":"https:\/\/www.mundoagropecuario.cl\/new\/#\/schema\/person\/4e9f74a82a7dac260eb1c44b7eebeb18","name":"mundo","url":"https:\/\/www.mundoagropecuario.cl\/new\/author\/mundo\/"}]}},"_links":{"self":[{"href":"https:\/\/www.mundoagropecuario.cl\/new\/wp-json\/wp\/v2\/posts\/19105","targetHints":{"allow":["GET"]}}],"collection":[{"href":"https:\/\/www.mundoagropecuario.cl\/new\/wp-json\/wp\/v2\/posts"}],"about":[{"href":"https:\/\/www.mundoagropecuario.cl\/new\/wp-json\/wp\/v2\/types\/post"}],"author":[{"embeddable":true,"href":"https:\/\/www.mundoagropecuario.cl\/new\/wp-json\/wp\/v2\/users\/2"}],"replies":[{"embeddable":true,"href":"https:\/\/www.mundoagropecuario.cl\/new\/wp-json\/wp\/v2\/comments?post=19105"}],"version-history":[{"count":1,"href":"https:\/\/www.mundoagropecuario.cl\/new\/wp-json\/wp\/v2\/posts\/19105\/revisions"}],"predecessor-version":[{"id":19110,"href":"https:\/\/www.mundoagropecuario.cl\/new\/wp-json\/wp\/v2\/posts\/19105\/revisions\/19110"}],"wp:featuredmedia":[{"embeddable":true,"href":"https:\/\/www.mundoagropecuario.cl\/new\/wp-json\/wp\/v2\/media\/19106"}],"wp:attachment":[{"href":"https:\/\/www.mundoagropecuario.cl\/new\/wp-json\/wp\/v2\/media?parent=19105"}],"wp:term":[{"taxonomy":"category","embeddable":true,"href":"https:\/\/www.mundoagropecuario.cl\/new\/wp-json\/wp\/v2\/categories?post=19105"},{"taxonomy":"post_tag","embeddable":true,"href":"https:\/\/www.mundoagropecuario.cl\/new\/wp-json\/wp\/v2\/tags?post=19105"}],"curies":[{"name":"wp","href":"https:\/\/api.w.org\/{rel}","templated":true}]}}