{"id":19080,"date":"2021-05-26T11:29:22","date_gmt":"2021-05-26T14:29:22","guid":{"rendered":"https:\/\/www.mundoagropecuario.cl\/new\/?p=19080"},"modified":"2021-05-28T12:53:06","modified_gmt":"2021-05-28T15:53:06","slug":"la-agricultura-y-el-sector-forestal-representan-un-importante-motor-de-desarrollo-para-nuestro-pais","status":"publish","type":"post","link":"https:\/\/www.mundoagropecuario.cl\/new\/la-agricultura-y-el-sector-forestal-representan-un-importante-motor-de-desarrollo-para-nuestro-pais\/","title":{"rendered":"La agricultura y el sector forestal representan un importante motor de desarrollo para nuestro pa\u00eds"},"content":{"rendered":"<blockquote>\n<h2><span style=\"color: #008000;\">La Ministra de Agricultura, Mar\u00eda Emilia Undurraga, entreg\u00f3 la cuenta oficial del trabajo efectuado durante el 2020 en materia productiva, econ\u00f3mica, social y ambiental. La actividad cont\u00f3 con la asistencia virtual de los seremis, directores de servicio, funcionarios y colaboradores del ministerio.<\/span><\/h2>\n<\/blockquote>\n<p>En la ocasi\u00f3n, la autoridad del agro destac\u00f3 el trabajo realizado por el Minagri en avanzar en los cinco ejes que se han planteado desde el inicio de esta administraci\u00f3n y que busca, a la larga, acercar la realidad de los sectores rurales a la de los sectores urbanos.<\/p>\n<p><iframe loading=\"lazy\" title=\"Cuenta P\u00fablica Participativa 2020 - Ministerio de Agricultura\" width=\"604\" height=\"340\" src=\"https:\/\/www.youtube.com\/embed\/eDyGftWup7M\" frameborder=\"0\" allow=\"accelerometer; autoplay; clipboard-write; encrypted-media; gyroscope; picture-in-picture; web-share\" referrerpolicy=\"strict-origin-when-cross-origin\" allowfullscreen><\/iframe><\/p>\n<p>Durante la actividad estuvieron presentes, de manera telem\u00e1tica los jefes de los 12 servicios que componen el ministerio de Agricultura y los 16 Seremis que son los encargados de desplegar de manera territorial las labores del Minagri, adem\u00e1s de los funcionarios y colaboradores de la cartera.<\/p>\n<p>La Ministra plante\u00f3 que uno de los principales desaf\u00edos de su cartera es seguir avanzando en fortalecer el sector rural a trav\u00e9s de un crecimiento en el Desarrollo Rural, uno de los ejes m\u00e1s relevantes y que m\u00e1s se han trabajado en 2020.<\/p>\n<p><a href=\"https:\/\/www.mundoagropecuario.cl\/new\/wp-content\/uploads\/2021\/05\/CuentaPu\u0301blica6-scaled.jpg\"><img loading=\"lazy\" decoding=\"async\" class=\" wp-image-19083 alignright\" src=\"https:\/\/www.mundoagropecuario.cl\/new\/wp-content\/uploads\/2021\/05\/CuentaPu\u0301blica6-586x386.jpg\" alt=\"\" width=\"477\" height=\"321\" \/><\/a>En este \u00e1mbito la Ministra Undurraga destac\u00f3 la labor del Minagri y dijo que \u201cel Ministerio de Agricultura tiene la labor de visibilizar su aporte y relevar la riqueza de los territorios, aportando en reducir las brechas que hoy existen entre el mundo rural y urbano e impulsando las acciones necesarias para que nuestro sector avance de la mano de la sustentabilidad y el trabajo colaborativo\u201d.<\/p>\n<p>La Ministra Undurraga destac\u00f3 tambi\u00e9n el trabajo que realiz\u00f3 durante 2020 el comit\u00e9 de Abastecimiento Seguro, instancia que sesionar\u00e1 nuevamente este mi\u00e9rcoles 26 y que es organizada por el Minagri y conformada por representantes la Asociaci\u00f3n de Ferias Libres, del mercado mayorista Lo Valledor, de La Vega Central, de la Sociedad Nacional de Agricultura (SNA), de la Asociaci\u00f3n de Exportadores de Frutas de Chile (ASOEX), de la Agricultura Familiar Campesina (AFC), entre otros.<\/p>\n<p>Esto, con el fin de asegurar el abastecimiento y tomar todas las medidas necesarias para no terminar con la cosecha, trabajos de packing y asegurar el bienestar del mill\u00f3n de personas que trabajan ligados a la agricultura.<\/p>\n<p>Otro tema destacado por la ministra en la Cuenta P\u00fablica es el trabajo que se ha realizado en materia de recursos h\u00eddricos sobre todo con la inyecci\u00f3n de recursos a la Comisi\u00f3n Nacional de Riego (CNR), que \u201calcanza los 140 mil millones de pesos, con lo que ha sido posible tecnificar un total de 20 mil hect\u00e1reas de riego en nuestro pa\u00eds\u201d.<\/p>\n<p>La ministra Undurraga agradeci\u00f3 a \u201ctodos quienes trabajan para hacer posible el desarrollo de nuestro Chile rural, agr\u00edcola y forestal. Adem\u00e1s de la confianza que ha depositado en m\u00ed el Presidente de la Rep\u00fablica para liderar estos grandes desaf\u00edos sobre los que hoy he rendido cuenta\u201d.<\/p>\n<p>\u201cSin duda, a\u00fan hay una gran tarea por delante, en materia de desarrollo rural, agroalimentos y sustentabilidad por lo que tambi\u00e9n quiero dejarles una invitaci\u00f3n a todos quienes trabajan en v\u00ednculo con la tierra, a quienes conocen su valor y el de su gente; a los distintos ministerios, servicios, gremios, empresas de todos los tama\u00f1os y a la sociedad civil, pero muy particularmente a los habitantes rurales: los invitos a que sigamos construyendo juntos este legado que no es solo de este ministerio, ni para este a\u00f1o o el pr\u00f3ximo, es un legado para las futuras generaciones. Sigamos relevando juntos el rol de los territorios rurales, de nuestra actividad agr\u00edcola y forestal y construyamos un pa\u00eds m\u00e1s justo, sustentable e inclusivo\u201d, cerr\u00f3 la titular del agro.<\/p>\n<p>La Ministra Mar\u00eda Emilia Undurraga destac\u00f3 el trabajo realizado en la cartera durante el tercer a\u00f1o de administraci\u00f3n del Presidente Sebasti\u00e1n Pi\u00f1era en l\u00ednea con los ejes que se han venido trabajando durante esta administraci\u00f3n:<\/p>\n<p><a href=\"https:\/\/www.mundoagropecuario.cl\/new\/wp-content\/uploads\/2021\/05\/CuentaPu\u0301blica2-scaled.jpg\"><img loading=\"lazy\" decoding=\"async\" class=\" wp-image-19082 aligncenter\" src=\"https:\/\/www.mundoagropecuario.cl\/new\/wp-content\/uploads\/2021\/05\/CuentaPu\u0301blica2-586x297.jpg\" alt=\"\" width=\"673\" height=\"355\" \/><\/a><\/p>\n<p>Desarrollo Rural y Agricultura Familiar: Busca mejorar la calidad de vida y aumentar las oportunidades de la poblaci\u00f3n rural, con un foco especial en la Agricultura Familiar Campesina (AFC), fomentando el desarrollo local y acortando las brechas con la poblaci\u00f3n urbana.<\/p>\n<p>Producci\u00f3n sustentable, agua y cambio clim\u00e1tico: El cambio clim\u00e1tico, la escasez h\u00eddrica y las nuevas preferencias de alimentaci\u00f3n, le exigen a la agricultura adaptarse al cambio y ser eficientes en el uso de los recursos naturales, innovando en las formas de producci\u00f3n y considerando su impacto econ\u00f3mico, social y ambiental.<\/p>\n<p>Sistemas y seguridad alimentaria: El sector agropecuario tiene el desaf\u00edo de asegurar y dar acceso a la poblaci\u00f3n a alimentos saludables, tanto f\u00edsica, como social y econ\u00f3micamente, considerando el aporte de los distintos actores de la cadena de producci\u00f3n y abastecimiento de las familias.<\/p>\n<p>Asociatividad y cooperativismo moderno: Fortalecer y promover la asociatividad, como un mecanismo de cooperaci\u00f3n entre productores silvoagropecuarios. Romper con el individualismo del sector para que los peque\u00f1os y medianos sean m\u00e1s competitivos.<\/p>\n<p>Modernizaci\u00f3n, innovaci\u00f3n y competitividad: Innovar, adoptar y generar nuevos conocimientos y tecnolog\u00edas que mejoren la productividad de modo sustentable. Nuestro ministerio debe modernizar su servicio de cara a los usuarios y seguir colaborando en posicionar al sector a nivel mundial.<\/p>\n<p>&nbsp;<\/p>\n","protected":false},"excerpt":{"rendered":"<p>La Ministra plante\u00f3 que uno de los principales desaf\u00edos de su cartera es seguir avanzando en fortalecer el sector rural a trav\u00e9s de un crecimiento en el Desarrollo Rural, uno de los ejes m\u00e1s relevantes y que m\u00e1s se han trabajado en 2020.<\/p>\n","protected":false},"author":2,"featured_media":19081,"comment_status":"closed","ping_status":"closed","sticky":false,"template":"","format":"standard","meta":{"footnotes":""},"categories":[1945],"tags":[2177,3702,3944,2035,5193,1995,2512],"class_list":["post-19080","post","type-post","status-publish","format-standard","has-post-thumbnail","hentry","category-agricultura","tag-asoex","tag-cuenta-publica","tag-maria-emilia-undurraga","tag-minagri","tag-ministra-de-agricultura","tag-productos-silvoagropecuarios","tag-silvoagropecuarios"],"yoast_head":"<!-- This site is optimized with the Yoast SEO plugin v26.6 - https:\/\/yoast.com\/wordpress\/plugins\/seo\/ -->\n<title>La agricultura y el sector forestal representan un importante motor de desarrollo para nuestro pa\u00eds - Mundoagropecuario<\/title>\n<meta name=\"description\" content=\"La Ministra de Agricultura, Mar\u00eda Emilia Undurraga, entreg\u00f3 la cuenta oficial del trabajo efectuado durante el 2020\" \/>\n<meta name=\"robots\" content=\"index, follow, max-snippet:-1, max-image-preview:large, max-video-preview:-1\" \/>\n<link rel=\"canonical\" href=\"https:\/\/www.mundoagropecuario.cl\/new\/la-agricultura-y-el-sector-forestal-representan-un-importante-motor-de-desarrollo-para-nuestro-pais\/\" \/>\n<meta property=\"og:locale\" content=\"es_ES\" \/>\n<meta property=\"og:type\" content=\"article\" \/>\n<meta property=\"og:title\" content=\"La agricultura y el sector forestal representan un importante motor de desarrollo para nuestro pa\u00eds - Mundoagropecuario\" \/>\n<meta property=\"og:description\" content=\"La Ministra de Agricultura, Mar\u00eda Emilia Undurraga, entreg\u00f3 la cuenta oficial del trabajo efectuado durante el 2020\" \/>\n<meta property=\"og:url\" content=\"https:\/\/www.mundoagropecuario.cl\/new\/la-agricultura-y-el-sector-forestal-representan-un-importante-motor-de-desarrollo-para-nuestro-pais\/\" \/>\n<meta property=\"og:site_name\" content=\"Mundoagropecuario\" \/>\n<meta property=\"article:publisher\" content=\"https:\/\/www.facebook.com\/mundo.agropecuario.3\" \/>\n<meta property=\"article:published_time\" content=\"2021-05-26T14:29:22+00:00\" \/>\n<meta property=\"article:modified_time\" content=\"2021-05-28T15:53:06+00:00\" \/>\n<meta property=\"og:image\" content=\"https:\/\/www.mundoagropecuario.cl\/new\/wp-content\/uploads\/2021\/05\/CuentaPu\u0301blica1-scaled.jpg\" \/>\n\t<meta property=\"og:image:width\" content=\"1024\" \/>\n\t<meta property=\"og:image:height\" content=\"682\" \/>\n\t<meta property=\"og:image:type\" content=\"image\/jpeg\" \/>\n<meta name=\"author\" content=\"mundo\" \/>\n<meta name=\"twitter:card\" content=\"summary_large_image\" \/>\n<meta name=\"twitter:creator\" content=\"@MundoAgropecuar\" \/>\n<meta name=\"twitter:site\" content=\"@MundoAgropecuar\" \/>\n<meta name=\"twitter:label1\" content=\"Escrito por\" \/>\n\t<meta name=\"twitter:data1\" content=\"mundo\" \/>\n\t<meta name=\"twitter:label2\" content=\"Tiempo de lectura\" \/>\n\t<meta name=\"twitter:data2\" content=\"5 minutos\" \/>\n<script type=\"application\/ld+json\" class=\"yoast-schema-graph\">{\"@context\":\"https:\/\/schema.org\",\"@graph\":[{\"@type\":\"Article\",\"@id\":\"https:\/\/www.mundoagropecuario.cl\/new\/la-agricultura-y-el-sector-forestal-representan-un-importante-motor-de-desarrollo-para-nuestro-pais\/#article\",\"isPartOf\":{\"@id\":\"https:\/\/www.mundoagropecuario.cl\/new\/la-agricultura-y-el-sector-forestal-representan-un-importante-motor-de-desarrollo-para-nuestro-pais\/\"},\"author\":{\"name\":\"mundo\",\"@id\":\"https:\/\/www.mundoagropecuario.cl\/new\/#\/schema\/person\/4e9f74a82a7dac260eb1c44b7eebeb18\"},\"headline\":\"La agricultura y el sector forestal representan un importante motor de desarrollo para nuestro pa\u00eds\",\"datePublished\":\"2021-05-26T14:29:22+00:00\",\"dateModified\":\"2021-05-28T15:53:06+00:00\",\"mainEntityOfPage\":{\"@id\":\"https:\/\/www.mundoagropecuario.cl\/new\/la-agricultura-y-el-sector-forestal-representan-un-importante-motor-de-desarrollo-para-nuestro-pais\/\"},\"wordCount\":917,\"publisher\":{\"@id\":\"https:\/\/www.mundoagropecuario.cl\/new\/#organization\"},\"image\":{\"@id\":\"https:\/\/www.mundoagropecuario.cl\/new\/la-agricultura-y-el-sector-forestal-representan-un-importante-motor-de-desarrollo-para-nuestro-pais\/#primaryimage\"},\"thumbnailUrl\":\"https:\/\/www.mundoagropecuario.cl\/new\/wp-content\/uploads\/2021\/05\/CuentaPu\u0301blica1-scaled.jpg\",\"keywords\":[\"Asoex\",\"cuenta p\u00fablica\",\"Mar\u00eda Emilia Undurraga\",\"Minagri\",\"ministra de Agricultura\",\"Productos Silvoagropecuarios\",\"silvoagropecuarios\"],\"articleSection\":[\"Agricultura\"],\"inLanguage\":\"es\"},{\"@type\":\"WebPage\",\"@id\":\"https:\/\/www.mundoagropecuario.cl\/new\/la-agricultura-y-el-sector-forestal-representan-un-importante-motor-de-desarrollo-para-nuestro-pais\/\",\"url\":\"https:\/\/www.mundoagropecuario.cl\/new\/la-agricultura-y-el-sector-forestal-representan-un-importante-motor-de-desarrollo-para-nuestro-pais\/\",\"name\":\"La agricultura y el sector forestal representan un importante motor de desarrollo para nuestro pa\u00eds - Mundoagropecuario\",\"isPartOf\":{\"@id\":\"https:\/\/www.mundoagropecuario.cl\/new\/#website\"},\"primaryImageOfPage\":{\"@id\":\"https:\/\/www.mundoagropecuario.cl\/new\/la-agricultura-y-el-sector-forestal-representan-un-importante-motor-de-desarrollo-para-nuestro-pais\/#primaryimage\"},\"image\":{\"@id\":\"https:\/\/www.mundoagropecuario.cl\/new\/la-agricultura-y-el-sector-forestal-representan-un-importante-motor-de-desarrollo-para-nuestro-pais\/#primaryimage\"},\"thumbnailUrl\":\"https:\/\/www.mundoagropecuario.cl\/new\/wp-content\/uploads\/2021\/05\/CuentaPu\u0301blica1-scaled.jpg\",\"datePublished\":\"2021-05-26T14:29:22+00:00\",\"dateModified\":\"2021-05-28T15:53:06+00:00\",\"description\":\"La Ministra de Agricultura, Mar\u00eda Emilia Undurraga, entreg\u00f3 la cuenta oficial del trabajo efectuado durante el 2020\",\"breadcrumb\":{\"@id\":\"https:\/\/www.mundoagropecuario.cl\/new\/la-agricultura-y-el-sector-forestal-representan-un-importante-motor-de-desarrollo-para-nuestro-pais\/#breadcrumb\"},\"inLanguage\":\"es\",\"potentialAction\":[{\"@type\":\"ReadAction\",\"target\":[\"https:\/\/www.mundoagropecuario.cl\/new\/la-agricultura-y-el-sector-forestal-representan-un-importante-motor-de-desarrollo-para-nuestro-pais\/\"]}]},{\"@type\":\"ImageObject\",\"inLanguage\":\"es\",\"@id\":\"https:\/\/www.mundoagropecuario.cl\/new\/la-agricultura-y-el-sector-forestal-representan-un-importante-motor-de-desarrollo-para-nuestro-pais\/#primaryimage\",\"url\":\"https:\/\/www.mundoagropecuario.cl\/new\/wp-content\/uploads\/2021\/05\/CuentaPu\u0301blica1-scaled.jpg\",\"contentUrl\":\"https:\/\/www.mundoagropecuario.cl\/new\/wp-content\/uploads\/2021\/05\/CuentaPu\u0301blica1-scaled.jpg\",\"width\":601,\"height\":400},{\"@type\":\"BreadcrumbList\",\"@id\":\"https:\/\/www.mundoagropecuario.cl\/new\/la-agricultura-y-el-sector-forestal-representan-un-importante-motor-de-desarrollo-para-nuestro-pais\/#breadcrumb\",\"itemListElement\":[{\"@type\":\"ListItem\",\"position\":1,\"name\":\"Portada\",\"item\":\"https:\/\/www.mundoagropecuario.cl\/new\/\"},{\"@type\":\"ListItem\",\"position\":2,\"name\":\"La agricultura y el sector forestal representan un importante motor de desarrollo para nuestro pa\u00eds\"}]},{\"@type\":\"WebSite\",\"@id\":\"https:\/\/www.mundoagropecuario.cl\/new\/#website\",\"url\":\"https:\/\/www.mundoagropecuario.cl\/new\/\",\"name\":\"Mundoagropecuario\",\"description\":\"Mundo Agropecuario\",\"publisher\":{\"@id\":\"https:\/\/www.mundoagropecuario.cl\/new\/#organization\"},\"potentialAction\":[{\"@type\":\"SearchAction\",\"target\":{\"@type\":\"EntryPoint\",\"urlTemplate\":\"https:\/\/www.mundoagropecuario.cl\/new\/?s={search_term_string}\"},\"query-input\":{\"@type\":\"PropertyValueSpecification\",\"valueRequired\":true,\"valueName\":\"search_term_string\"}}],\"inLanguage\":\"es\"},{\"@type\":\"Organization\",\"@id\":\"https:\/\/www.mundoagropecuario.cl\/new\/#organization\",\"name\":\"Revista de Agricultura\",\"url\":\"https:\/\/www.mundoagropecuario.cl\/new\/\",\"logo\":{\"@type\":\"ImageObject\",\"inLanguage\":\"es\",\"@id\":\"https:\/\/www.mundoagropecuario.cl\/new\/#\/schema\/logo\/image\/\",\"url\":\"https:\/\/www.mundoagropecuario.cl\/new\/wp-content\/uploads\/2020\/11\/PORTAL-1-1.png\",\"contentUrl\":\"https:\/\/www.mundoagropecuario.cl\/new\/wp-content\/uploads\/2020\/11\/PORTAL-1-1.png\",\"width\":1026,\"height\":100,\"caption\":\"Revista de Agricultura\"},\"image\":{\"@id\":\"https:\/\/www.mundoagropecuario.cl\/new\/#\/schema\/logo\/image\/\"},\"sameAs\":[\"https:\/\/www.facebook.com\/mundo.agropecuario.3\",\"https:\/\/x.com\/MundoAgropecuar\",\"https:\/\/www.linkedin.com\/in\/mundo-agropecuario-934009201\/\"]},{\"@type\":\"Person\",\"@id\":\"https:\/\/www.mundoagropecuario.cl\/new\/#\/schema\/person\/4e9f74a82a7dac260eb1c44b7eebeb18\",\"name\":\"mundo\",\"url\":\"https:\/\/www.mundoagropecuario.cl\/new\/author\/mundo\/\"}]}<\/script>\n<!-- \/ Yoast SEO plugin. -->","yoast_head_json":{"title":"La agricultura y el sector forestal representan un importante motor de desarrollo para nuestro pa\u00eds - Mundoagropecuario","description":"La Ministra de Agricultura, Mar\u00eda Emilia Undurraga, entreg\u00f3 la cuenta oficial del trabajo efectuado durante el 2020","robots":{"index":"index","follow":"follow","max-snippet":"max-snippet:-1","max-image-preview":"max-image-preview:large","max-video-preview":"max-video-preview:-1"},"canonical":"https:\/\/www.mundoagropecuario.cl\/new\/la-agricultura-y-el-sector-forestal-representan-un-importante-motor-de-desarrollo-para-nuestro-pais\/","og_locale":"es_ES","og_type":"article","og_title":"La agricultura y el sector forestal representan un importante motor de desarrollo para nuestro pa\u00eds - Mundoagropecuario","og_description":"La Ministra de Agricultura, Mar\u00eda Emilia Undurraga, entreg\u00f3 la cuenta oficial del trabajo efectuado durante el 2020","og_url":"https:\/\/www.mundoagropecuario.cl\/new\/la-agricultura-y-el-sector-forestal-representan-un-importante-motor-de-desarrollo-para-nuestro-pais\/","og_site_name":"Mundoagropecuario","article_publisher":"https:\/\/www.facebook.com\/mundo.agropecuario.3","article_published_time":"2021-05-26T14:29:22+00:00","article_modified_time":"2021-05-28T15:53:06+00:00","og_image":[{"width":1024,"height":682,"url":"https:\/\/www.mundoagropecuario.cl\/new\/wp-content\/uploads\/2021\/05\/CuentaPu\u0301blica1-scaled.jpg","type":"image\/jpeg"}],"author":"mundo","twitter_card":"summary_large_image","twitter_creator":"@MundoAgropecuar","twitter_site":"@MundoAgropecuar","twitter_misc":{"Escrito por":"mundo","Tiempo de lectura":"5 minutos"},"schema":{"@context":"https:\/\/schema.org","@graph":[{"@type":"Article","@id":"https:\/\/www.mundoagropecuario.cl\/new\/la-agricultura-y-el-sector-forestal-representan-un-importante-motor-de-desarrollo-para-nuestro-pais\/#article","isPartOf":{"@id":"https:\/\/www.mundoagropecuario.cl\/new\/la-agricultura-y-el-sector-forestal-representan-un-importante-motor-de-desarrollo-para-nuestro-pais\/"},"author":{"name":"mundo","@id":"https:\/\/www.mundoagropecuario.cl\/new\/#\/schema\/person\/4e9f74a82a7dac260eb1c44b7eebeb18"},"headline":"La agricultura y el sector forestal representan un importante motor de desarrollo para nuestro pa\u00eds","datePublished":"2021-05-26T14:29:22+00:00","dateModified":"2021-05-28T15:53:06+00:00","mainEntityOfPage":{"@id":"https:\/\/www.mundoagropecuario.cl\/new\/la-agricultura-y-el-sector-forestal-representan-un-importante-motor-de-desarrollo-para-nuestro-pais\/"},"wordCount":917,"publisher":{"@id":"https:\/\/www.mundoagropecuario.cl\/new\/#organization"},"image":{"@id":"https:\/\/www.mundoagropecuario.cl\/new\/la-agricultura-y-el-sector-forestal-representan-un-importante-motor-de-desarrollo-para-nuestro-pais\/#primaryimage"},"thumbnailUrl":"https:\/\/www.mundoagropecuario.cl\/new\/wp-content\/uploads\/2021\/05\/CuentaPu\u0301blica1-scaled.jpg","keywords":["Asoex","cuenta p\u00fablica","Mar\u00eda Emilia Undurraga","Minagri","ministra de Agricultura","Productos Silvoagropecuarios","silvoagropecuarios"],"articleSection":["Agricultura"],"inLanguage":"es"},{"@type":"WebPage","@id":"https:\/\/www.mundoagropecuario.cl\/new\/la-agricultura-y-el-sector-forestal-representan-un-importante-motor-de-desarrollo-para-nuestro-pais\/","url":"https:\/\/www.mundoagropecuario.cl\/new\/la-agricultura-y-el-sector-forestal-representan-un-importante-motor-de-desarrollo-para-nuestro-pais\/","name":"La agricultura y el sector forestal representan un importante motor de desarrollo para nuestro pa\u00eds - Mundoagropecuario","isPartOf":{"@id":"https:\/\/www.mundoagropecuario.cl\/new\/#website"},"primaryImageOfPage":{"@id":"https:\/\/www.mundoagropecuario.cl\/new\/la-agricultura-y-el-sector-forestal-representan-un-importante-motor-de-desarrollo-para-nuestro-pais\/#primaryimage"},"image":{"@id":"https:\/\/www.mundoagropecuario.cl\/new\/la-agricultura-y-el-sector-forestal-representan-un-importante-motor-de-desarrollo-para-nuestro-pais\/#primaryimage"},"thumbnailUrl":"https:\/\/www.mundoagropecuario.cl\/new\/wp-content\/uploads\/2021\/05\/CuentaPu\u0301blica1-scaled.jpg","datePublished":"2021-05-26T14:29:22+00:00","dateModified":"2021-05-28T15:53:06+00:00","description":"La Ministra de Agricultura, Mar\u00eda Emilia Undurraga, entreg\u00f3 la cuenta oficial del trabajo efectuado durante el 2020","breadcrumb":{"@id":"https:\/\/www.mundoagropecuario.cl\/new\/la-agricultura-y-el-sector-forestal-representan-un-importante-motor-de-desarrollo-para-nuestro-pais\/#breadcrumb"},"inLanguage":"es","potentialAction":[{"@type":"ReadAction","target":["https:\/\/www.mundoagropecuario.cl\/new\/la-agricultura-y-el-sector-forestal-representan-un-importante-motor-de-desarrollo-para-nuestro-pais\/"]}]},{"@type":"ImageObject","inLanguage":"es","@id":"https:\/\/www.mundoagropecuario.cl\/new\/la-agricultura-y-el-sector-forestal-representan-un-importante-motor-de-desarrollo-para-nuestro-pais\/#primaryimage","url":"https:\/\/www.mundoagropecuario.cl\/new\/wp-content\/uploads\/2021\/05\/CuentaPu\u0301blica1-scaled.jpg","contentUrl":"https:\/\/www.mundoagropecuario.cl\/new\/wp-content\/uploads\/2021\/05\/CuentaPu\u0301blica1-scaled.jpg","width":601,"height":400},{"@type":"BreadcrumbList","@id":"https:\/\/www.mundoagropecuario.cl\/new\/la-agricultura-y-el-sector-forestal-representan-un-importante-motor-de-desarrollo-para-nuestro-pais\/#breadcrumb","itemListElement":[{"@type":"ListItem","position":1,"name":"Portada","item":"https:\/\/www.mundoagropecuario.cl\/new\/"},{"@type":"ListItem","position":2,"name":"La agricultura y el sector forestal representan un importante motor de desarrollo para nuestro pa\u00eds"}]},{"@type":"WebSite","@id":"https:\/\/www.mundoagropecuario.cl\/new\/#website","url":"https:\/\/www.mundoagropecuario.cl\/new\/","name":"Mundoagropecuario","description":"Mundo Agropecuario","publisher":{"@id":"https:\/\/www.mundoagropecuario.cl\/new\/#organization"},"potentialAction":[{"@type":"SearchAction","target":{"@type":"EntryPoint","urlTemplate":"https:\/\/www.mundoagropecuario.cl\/new\/?s={search_term_string}"},"query-input":{"@type":"PropertyValueSpecification","valueRequired":true,"valueName":"search_term_string"}}],"inLanguage":"es"},{"@type":"Organization","@id":"https:\/\/www.mundoagropecuario.cl\/new\/#organization","name":"Revista de Agricultura","url":"https:\/\/www.mundoagropecuario.cl\/new\/","logo":{"@type":"ImageObject","inLanguage":"es","@id":"https:\/\/www.mundoagropecuario.cl\/new\/#\/schema\/logo\/image\/","url":"https:\/\/www.mundoagropecuario.cl\/new\/wp-content\/uploads\/2020\/11\/PORTAL-1-1.png","contentUrl":"https:\/\/www.mundoagropecuario.cl\/new\/wp-content\/uploads\/2020\/11\/PORTAL-1-1.png","width":1026,"height":100,"caption":"Revista de Agricultura"},"image":{"@id":"https:\/\/www.mundoagropecuario.cl\/new\/#\/schema\/logo\/image\/"},"sameAs":["https:\/\/www.facebook.com\/mundo.agropecuario.3","https:\/\/x.com\/MundoAgropecuar","https:\/\/www.linkedin.com\/in\/mundo-agropecuario-934009201\/"]},{"@type":"Person","@id":"https:\/\/www.mundoagropecuario.cl\/new\/#\/schema\/person\/4e9f74a82a7dac260eb1c44b7eebeb18","name":"mundo","url":"https:\/\/www.mundoagropecuario.cl\/new\/author\/mundo\/"}]}},"_links":{"self":[{"href":"https:\/\/www.mundoagropecuario.cl\/new\/wp-json\/wp\/v2\/posts\/19080","targetHints":{"allow":["GET"]}}],"collection":[{"href":"https:\/\/www.mundoagropecuario.cl\/new\/wp-json\/wp\/v2\/posts"}],"about":[{"href":"https:\/\/www.mundoagropecuario.cl\/new\/wp-json\/wp\/v2\/types\/post"}],"author":[{"embeddable":true,"href":"https:\/\/www.mundoagropecuario.cl\/new\/wp-json\/wp\/v2\/users\/2"}],"replies":[{"embeddable":true,"href":"https:\/\/www.mundoagropecuario.cl\/new\/wp-json\/wp\/v2\/comments?post=19080"}],"version-history":[{"count":2,"href":"https:\/\/www.mundoagropecuario.cl\/new\/wp-json\/wp\/v2\/posts\/19080\/revisions"}],"predecessor-version":[{"id":19093,"href":"https:\/\/www.mundoagropecuario.cl\/new\/wp-json\/wp\/v2\/posts\/19080\/revisions\/19093"}],"wp:featuredmedia":[{"embeddable":true,"href":"https:\/\/www.mundoagropecuario.cl\/new\/wp-json\/wp\/v2\/media\/19081"}],"wp:attachment":[{"href":"https:\/\/www.mundoagropecuario.cl\/new\/wp-json\/wp\/v2\/media?parent=19080"}],"wp:term":[{"taxonomy":"category","embeddable":true,"href":"https:\/\/www.mundoagropecuario.cl\/new\/wp-json\/wp\/v2\/categories?post=19080"},{"taxonomy":"post_tag","embeddable":true,"href":"https:\/\/www.mundoagropecuario.cl\/new\/wp-json\/wp\/v2\/tags?post=19080"}],"curies":[{"name":"wp","href":"https:\/\/api.w.org\/{rel}","templated":true}]}}