{"id":19051,"date":"2021-05-25T11:40:11","date_gmt":"2021-05-25T14:40:11","guid":{"rendered":"https:\/\/www.mundoagropecuario.cl\/new\/?p=19051"},"modified":"2021-05-26T14:08:23","modified_gmt":"2021-05-26T17:08:23","slug":"seminario-incubaudec-estrategias-de-innovacion-y-perspectivas-en-la-produccion-agricola","status":"publish","type":"post","link":"https:\/\/www.mundoagropecuario.cl\/new\/seminario-incubaudec-estrategias-de-innovacion-y-perspectivas-en-la-produccion-agricola\/","title":{"rendered":"Seminario IncubaUdeC: \u201cEstrategias de Innovaci\u00f3n y Perspectivas en la Producci\u00f3n Agr\u00edcola\u201d"},"content":{"rendered":"<blockquote>\n<h2><span style=\"color: #003300;\">AFIPA Chile destaca la importancia de fomentar las Buenas Pr\u00e1cticas Agr\u00edcolas en base a la sustentabilidad e innovaci\u00f3n, para enfrentar los desaf\u00edos del sector y garantizar la Seguridad Alimentaria<\/span><\/h2>\n<\/blockquote>\n<p>El evento de car\u00e1cter telem\u00e1tico reuni\u00f3 autoridades, acad\u00e9micos, emprendedores y estudiantes del mundo agr\u00edcola para abordar con una mirada de futuro las transformaciones que debe experimentar la agricultura para colaborar en el cuidado del medioambiente durante los procesos productivos.<\/p>\n<p>\u201cTenemos como desaf\u00edo lograr una eficaz transferencia de conocimientos y tecnolog\u00edas hacia las personas y a todos los niveles del agro para poder alimentar al mundo de una manera m\u00e1s sustentable\u201d, se\u00f1al\u00f3 <span style=\"color: #003300;\">Patricia Villarreal, Gerenta General de AFIPA Chile.<\/span><\/p>\n<p><a href=\"https:\/\/www.mundoagropecuario.cl\/new\/wp-content\/uploads\/2021\/05\/Foto-Patricia-Villarreal-scaled.jpeg\"><img loading=\"lazy\" decoding=\"async\" class=\"wp-image-19053 alignright\" src=\"https:\/\/www.mundoagropecuario.cl\/new\/wp-content\/uploads\/2021\/05\/Foto-Patricia-Villarreal-368x490.jpeg\" alt=\"\" width=\"359\" height=\"454\" \/><\/a>Con el objeto de centrar la mirada en los grandes desaf\u00edos globales que le deparan a la industria agr\u00edcola en un planeta que est\u00e1 experimentando importantes cambios por diversos factores, como la emisi\u00f3n de gases de efecto invernadero, el cambio clim\u00e1tico y la incertidumbre por escasez de tierra, agua y energ\u00eda, es que se llev\u00f3 a cabo el primer seminario 2021 IncubaUdeC llamado: \u201cEstrategias de Innovaci\u00f3n y Perspectivas en la Producci\u00f3n Agr\u00edcola\u201d.<\/p>\n<p>El encuentro fue organizado por la Incubadora de Negocios y Emprendimientos Tecnol\u00f3gicos de la Universidad de Concepci\u00f3n, en el que AFIPA tuvo una destacada participaci\u00f3n a trav\u00e9s de la exposici\u00f3n de su Gerenta General, Patricia Villarreal, quien comparti\u00f3 panel con la Directora del Departamento de Producci\u00f3n Animal de la UdeC, Patricia Williams y el Representante de la Fundaci\u00f3n para la Innovaci\u00f3n Agraria del Ministerio de Agricultura en la Regi\u00f3n de \u00d1uble, el ingeniero Agr\u00edcola Gonzalo Rueda Lama.<\/p>\n<p>El seminario cont\u00f3 con la presencia \u201conline\u201d del Director de Desarrollo e Innovaci\u00f3n UdeC, Pablo Catal\u00e1n; el Seremi de Agricultura de la Regi\u00f3n de \u00d1uble, Juan Carlos Molina Guzm\u00e1n, adem\u00e1s de emprendedores del sector agr\u00edcola y estudiantes de la Universidad de Concepci\u00f3n.<\/p>\n<p><strong><span style=\"color: #003300;\">\u201cQueremos llegar a los 10 mil capacitados en Buenas Pr\u00e1cticas Agr\u00edcolas en un a\u00f1o\u201d<\/span><\/strong><\/p>\n<p>En su exposici\u00f3n, Patricia Villarreal hizo hincapi\u00e9 en la importancia de las Buenas Pr\u00e1cticas Agr\u00edcolas, la sustentabilidad en el uso de los agroinsumos fitosanitarios y la incorporaci\u00f3n\u00a0 de nuevas tecnolog\u00edas y la generaci\u00f3n de una conciencia de cuidado del medioambiente y transferencia de conocimientos que favorezcan la Econom\u00eda Circular.<\/p>\n<p>\u201cComo AFIPA estamos comprometidos con la sustentabilidad desde su creaci\u00f3n, adem\u00e1s tenemos un fuerte compromiso con la biodiversidad. Queremos aportar con una agricultura moderna y sustentable, donde la innovaci\u00f3n sea siempre uno de los principales ejes para cumplir con el objetivo de producir alimentos que sean seguros para las personas y el medioambiente. Nuestra principal bandera de acci\u00f3n, con la cual hemos estado trabajando para contribuir en este sentido, ha sido siempre la de las Buenas Pr\u00e1cticas Agr\u00edcolas\u201d, subray\u00f3 Patricia Villarreal, que posee m\u00e1s de 16 a\u00f1os de experiencia en innovaci\u00f3n y transferencia tecnol\u00f3gica en los sectores agroalimentarios, biotecnolog\u00eda y sustentabilidad.<\/p>\n<p>La Ingeniero agr\u00f3nomo de la U de Chile, detall\u00f3 que \u201ctenemos dos programas muy relevantes: uno de formaci\u00f3n de capital humano respecto de las Buenas Pr\u00e1cticas Agr\u00edcolas y manejo seguro de fitosanitarios y otro sobre Econom\u00eda Circular, con la finalidad de generar una agricultura m\u00e1s sustentable en el tiempo\u201d.<\/p>\n<p>\u201cLa innovaci\u00f3n y tecnolog\u00edas son factores muy relevantes -sostuvo Patricia Villarreal-, desde el mejoramiento de las variedades vegetales, hasta la rob\u00f3tica, pasando por la biotecnolog\u00eda, sensores, inteligencia artificial, drones y una serie de elementos que son\u00a0 parte de la agricultura de precisi\u00f3n. Nuestro desaf\u00edo en este punto es c\u00f3mo lograr m\u00e1s eficazmente la transferencia y el acceso de estos conocimientos y de estas tecnolog\u00edas hacia las personas y a todos los niveles del agro para poder alimentar al mundo de una manera m\u00e1s sustentable\u201d, coment\u00f3 la gerenta de la asociaci\u00f3n gremial de protecci\u00f3n de los cultivos.<\/p>\n<p>Patricia Villarreal destac\u00f3 como aporte de la industria fitosanitaria, al programa Campo Limpio, encargado de la recuperaci\u00f3n de envases de fitosanitarios y fertilizantes foliares y la comprobada efectividad y eficiencia de la t\u00e9cnica del Triple Lavado. Tambi\u00e9n resalt\u00f3 los cerca de 5 mil capacitados al a\u00f1o en todo Chile por AFIPA en Manejo Integrado de Plagas, el uso seguro de fitosanitarios y las Buenas Pr\u00e1cticas Agr\u00edcolas; todas iniciativas que se extienden desde Arica a Coyhaique.<\/p>\n<p>\u201cEste a\u00f1o queremos superar todos nuestros n\u00fameros, partiendo por las 700 toneladas de envases reciclados y llegar a 10 mil capacitados en un solo a\u00f1o. La idea del reciclaje es que se generen productos para el agro que no tengan contacto directo con los seres humanos, en un claro trabajo pensado en lograr un sistema de Econom\u00eda Circular\u201d, sostuvo Patricia Villarreal.<\/p>\n<p><a href=\"https:\/\/www.mundoagropecuario.cl\/new\/wp-content\/uploads\/2021\/05\/agricultura-sustentable.jpg\"><img loading=\"lazy\" decoding=\"async\" class=\"wp-image-19052 alignleft\" src=\"https:\/\/www.mundoagropecuario.cl\/new\/wp-content\/uploads\/2021\/05\/agricultura-sustentable.jpg\" alt=\"\" width=\"504\" height=\"333\" \/><\/a>La Gerenta General de AFIPA resalt\u00f3 los desaf\u00edos para el sector agr\u00edcola: \u201cEl consumidor est\u00e1 cada d\u00eda m\u00e1s informado, m\u00e1s exigente y est\u00e1 preocupado del origen y destino de la producci\u00f3n y consciente del cambio clim\u00e1tico. Por lo mismo, es un desaf\u00edo constante tener claro que, para seguir avanzando, no se puede continuar produciendo de la misma manera. Nosotros contribuimos al compromiso que tiene el sector con el medioambiente, la Seguridad Alimentaria y la salud de las personas, por esto nos adelantamos m\u00e1s de 20 a\u00f1os a la Ley REP, sin embargo, es necesario a sus requerimientos aumentar la cobertura de las Buenas Pr\u00e1cticas Agr\u00edcolas, como tambi\u00e9n de la educaci\u00f3n ambiental aplicada al Agro, para lo que tambi\u00e9n es indispensable el desarrollo de normativas y regulaciones acorde a los desaf\u00edos\u201d.<\/p>\n<p>Por su parte, el Seremi de Agricultura de la Regi\u00f3n de \u00d1uble, Juan Carlos Molina Guzm\u00e1n, coment\u00f3 que \u201cEstamos en un proceso de cambios importantes en la agricultura, el cambio clim\u00e1tico nos est\u00e1 golpeando y esto nos ha llevado a una escasez h\u00eddrica y de suelos al que, como agricultores, nos debemos acostumbrar. Por lo tanto, el mundo nos est\u00e1 pidiendo producir cada vez m\u00e1s alimentos con caracter\u00edsticas especiales y es aqu\u00ed donde entra una gran responsabilidad en las innovaciones y adelantos que puedan aparecer para la agricultura, ya sea para una mayor productividad, como para poder acomodarnos de manera sustentable a los cambios\u201d.<\/p>\n<p>En la misma l\u00ednea, el\u00a0 Director de Desarrollo e Innovaci\u00f3n UdeC, Pablo Catal\u00e1n, se\u00f1al\u00f3 que \u201cla idea de este seminario fue precisamente dialogar sobre el enorme rol que tienen la innovaci\u00f3n y la instalaci\u00f3n de la capacidad cient\u00edfica y tecnol\u00f3gica en las nuevas perspectivas que enfrenta la producci\u00f3n agr\u00edcola dada las condiciones que hoy vivimos y en funci\u00f3n de desaf\u00edos que tienen que ver con los procesos de desarrollo, crecimiento, cambio y evoluci\u00f3n que experimenta la humanidad y que incide en nuestra actividad\u201d.<\/p>\n<p>El seminario concluy\u00f3 con un panel de conversaci\u00f3n entre los expositores en que se reflexion\u00f3 sobre los desaf\u00edos futuros y las diversas tendencias que apunten a la sustentabilidad de los procesos agr\u00edcolas.<\/p>\n","protected":false},"excerpt":{"rendered":"<p>El evento de car\u00e1cter telem\u00e1tico reuni\u00f3 autoridades, acad\u00e9micos, emprendedores y estudiantes del mundo agr\u00edcola para abordar con una mirada de futuro las transformaciones que debe experimentar la agricultura.<\/p>\n","protected":false},"author":2,"featured_media":19054,"comment_status":"closed","ping_status":"closed","sticky":false,"template":"","format":"standard","meta":{"footnotes":""},"categories":[1945],"tags":[5681,3127,5680,5679,5678],"class_list":["post-19051","post","type-post","status-publish","format-standard","has-post-thumbnail","hentry","category-agricultura","tag-afipa-chile","tag-agro","tag-estrategias-de-innovacion","tag-incubaudec","tag-produccion-agricola"],"yoast_head":"<!-- This site is optimized with the Yoast SEO plugin v26.6 - https:\/\/yoast.com\/wordpress\/plugins\/seo\/ -->\n<title>Seminario IncubaUdeC: \u201cEstrategias de Innovaci\u00f3n y Perspectivas en la Producci\u00f3n Agr\u00edcola\u201d - Mundoagropecuario<\/title>\n<meta name=\"description\" content=\"AFIPA Chile destaca la importancia de fomentar las Buenas Pr\u00e1cticas Agr\u00edcolas en base a la sustentabilidad e innovaci\u00f3n\" \/>\n<meta name=\"robots\" content=\"index, follow, max-snippet:-1, max-image-preview:large, max-video-preview:-1\" \/>\n<link rel=\"canonical\" href=\"https:\/\/www.mundoagropecuario.cl\/new\/seminario-incubaudec-estrategias-de-innovacion-y-perspectivas-en-la-produccion-agricola\/\" \/>\n<meta property=\"og:locale\" content=\"es_ES\" \/>\n<meta property=\"og:type\" content=\"article\" \/>\n<meta property=\"og:title\" content=\"Seminario IncubaUdeC: \u201cEstrategias de Innovaci\u00f3n y Perspectivas en la Producci\u00f3n Agr\u00edcola\u201d - Mundoagropecuario\" \/>\n<meta property=\"og:description\" content=\"AFIPA Chile destaca la importancia de fomentar las Buenas Pr\u00e1cticas Agr\u00edcolas en base a la sustentabilidad e innovaci\u00f3n\" \/>\n<meta property=\"og:url\" content=\"https:\/\/www.mundoagropecuario.cl\/new\/seminario-incubaudec-estrategias-de-innovacion-y-perspectivas-en-la-produccion-agricola\/\" \/>\n<meta property=\"og:site_name\" content=\"Mundoagropecuario\" \/>\n<meta property=\"article:publisher\" content=\"https:\/\/www.facebook.com\/mundo.agropecuario.3\" \/>\n<meta property=\"article:published_time\" content=\"2021-05-25T14:40:11+00:00\" \/>\n<meta property=\"article:modified_time\" content=\"2021-05-26T17:08:23+00:00\" \/>\n<meta property=\"og:image\" content=\"https:\/\/www.mundoagropecuario.cl\/new\/wp-content\/uploads\/2021\/05\/Produccio\u0301n-Agricultura.jpeg\" \/>\n\t<meta property=\"og:image:width\" content=\"686\" \/>\n\t<meta property=\"og:image:height\" content=\"400\" \/>\n\t<meta property=\"og:image:type\" content=\"image\/jpeg\" \/>\n<meta name=\"author\" content=\"mundo\" \/>\n<meta name=\"twitter:card\" content=\"summary_large_image\" \/>\n<meta name=\"twitter:creator\" content=\"@MundoAgropecuar\" \/>\n<meta name=\"twitter:site\" content=\"@MundoAgropecuar\" \/>\n<meta name=\"twitter:label1\" content=\"Escrito por\" \/>\n\t<meta name=\"twitter:data1\" content=\"mundo\" \/>\n\t<meta name=\"twitter:label2\" content=\"Tiempo de lectura\" \/>\n\t<meta name=\"twitter:data2\" content=\"6 minutos\" \/>\n<script type=\"application\/ld+json\" class=\"yoast-schema-graph\">{\"@context\":\"https:\/\/schema.org\",\"@graph\":[{\"@type\":\"Article\",\"@id\":\"https:\/\/www.mundoagropecuario.cl\/new\/seminario-incubaudec-estrategias-de-innovacion-y-perspectivas-en-la-produccion-agricola\/#article\",\"isPartOf\":{\"@id\":\"https:\/\/www.mundoagropecuario.cl\/new\/seminario-incubaudec-estrategias-de-innovacion-y-perspectivas-en-la-produccion-agricola\/\"},\"author\":{\"name\":\"mundo\",\"@id\":\"https:\/\/www.mundoagropecuario.cl\/new\/#\/schema\/person\/4e9f74a82a7dac260eb1c44b7eebeb18\"},\"headline\":\"Seminario IncubaUdeC: \u201cEstrategias de Innovaci\u00f3n y Perspectivas en la Producci\u00f3n Agr\u00edcola\u201d\",\"datePublished\":\"2021-05-25T14:40:11+00:00\",\"dateModified\":\"2021-05-26T17:08:23+00:00\",\"mainEntityOfPage\":{\"@id\":\"https:\/\/www.mundoagropecuario.cl\/new\/seminario-incubaudec-estrategias-de-innovacion-y-perspectivas-en-la-produccion-agricola\/\"},\"wordCount\":1223,\"publisher\":{\"@id\":\"https:\/\/www.mundoagropecuario.cl\/new\/#organization\"},\"image\":{\"@id\":\"https:\/\/www.mundoagropecuario.cl\/new\/seminario-incubaudec-estrategias-de-innovacion-y-perspectivas-en-la-produccion-agricola\/#primaryimage\"},\"thumbnailUrl\":\"https:\/\/www.mundoagropecuario.cl\/new\/wp-content\/uploads\/2021\/05\/Produccio\u0301n-Agricultura.jpeg\",\"keywords\":[\"AFIPA Chile\",\"Agro\",\"Estrategias de Innovaci\u00f3n\",\"IncubaUdeC\",\"Producci\u00f3n agricola\"],\"articleSection\":[\"Agricultura\"],\"inLanguage\":\"es\"},{\"@type\":\"WebPage\",\"@id\":\"https:\/\/www.mundoagropecuario.cl\/new\/seminario-incubaudec-estrategias-de-innovacion-y-perspectivas-en-la-produccion-agricola\/\",\"url\":\"https:\/\/www.mundoagropecuario.cl\/new\/seminario-incubaudec-estrategias-de-innovacion-y-perspectivas-en-la-produccion-agricola\/\",\"name\":\"Seminario IncubaUdeC: \u201cEstrategias de Innovaci\u00f3n y Perspectivas en la Producci\u00f3n Agr\u00edcola\u201d - Mundoagropecuario\",\"isPartOf\":{\"@id\":\"https:\/\/www.mundoagropecuario.cl\/new\/#website\"},\"primaryImageOfPage\":{\"@id\":\"https:\/\/www.mundoagropecuario.cl\/new\/seminario-incubaudec-estrategias-de-innovacion-y-perspectivas-en-la-produccion-agricola\/#primaryimage\"},\"image\":{\"@id\":\"https:\/\/www.mundoagropecuario.cl\/new\/seminario-incubaudec-estrategias-de-innovacion-y-perspectivas-en-la-produccion-agricola\/#primaryimage\"},\"thumbnailUrl\":\"https:\/\/www.mundoagropecuario.cl\/new\/wp-content\/uploads\/2021\/05\/Produccio\u0301n-Agricultura.jpeg\",\"datePublished\":\"2021-05-25T14:40:11+00:00\",\"dateModified\":\"2021-05-26T17:08:23+00:00\",\"description\":\"AFIPA Chile destaca la importancia de fomentar las Buenas Pr\u00e1cticas Agr\u00edcolas en base a la sustentabilidad e innovaci\u00f3n\",\"breadcrumb\":{\"@id\":\"https:\/\/www.mundoagropecuario.cl\/new\/seminario-incubaudec-estrategias-de-innovacion-y-perspectivas-en-la-produccion-agricola\/#breadcrumb\"},\"inLanguage\":\"es\",\"potentialAction\":[{\"@type\":\"ReadAction\",\"target\":[\"https:\/\/www.mundoagropecuario.cl\/new\/seminario-incubaudec-estrategias-de-innovacion-y-perspectivas-en-la-produccion-agricola\/\"]}]},{\"@type\":\"ImageObject\",\"inLanguage\":\"es\",\"@id\":\"https:\/\/www.mundoagropecuario.cl\/new\/seminario-incubaudec-estrategias-de-innovacion-y-perspectivas-en-la-produccion-agricola\/#primaryimage\",\"url\":\"https:\/\/www.mundoagropecuario.cl\/new\/wp-content\/uploads\/2021\/05\/Produccio\u0301n-Agricultura.jpeg\",\"contentUrl\":\"https:\/\/www.mundoagropecuario.cl\/new\/wp-content\/uploads\/2021\/05\/Produccio\u0301n-Agricultura.jpeg\",\"width\":686,\"height\":400},{\"@type\":\"BreadcrumbList\",\"@id\":\"https:\/\/www.mundoagropecuario.cl\/new\/seminario-incubaudec-estrategias-de-innovacion-y-perspectivas-en-la-produccion-agricola\/#breadcrumb\",\"itemListElement\":[{\"@type\":\"ListItem\",\"position\":1,\"name\":\"Portada\",\"item\":\"https:\/\/www.mundoagropecuario.cl\/new\/\"},{\"@type\":\"ListItem\",\"position\":2,\"name\":\"Seminario IncubaUdeC: \u201cEstrategias de Innovaci\u00f3n y Perspectivas en la Producci\u00f3n Agr\u00edcola\u201d\"}]},{\"@type\":\"WebSite\",\"@id\":\"https:\/\/www.mundoagropecuario.cl\/new\/#website\",\"url\":\"https:\/\/www.mundoagropecuario.cl\/new\/\",\"name\":\"Mundoagropecuario\",\"description\":\"Mundo Agropecuario\",\"publisher\":{\"@id\":\"https:\/\/www.mundoagropecuario.cl\/new\/#organization\"},\"potentialAction\":[{\"@type\":\"SearchAction\",\"target\":{\"@type\":\"EntryPoint\",\"urlTemplate\":\"https:\/\/www.mundoagropecuario.cl\/new\/?s={search_term_string}\"},\"query-input\":{\"@type\":\"PropertyValueSpecification\",\"valueRequired\":true,\"valueName\":\"search_term_string\"}}],\"inLanguage\":\"es\"},{\"@type\":\"Organization\",\"@id\":\"https:\/\/www.mundoagropecuario.cl\/new\/#organization\",\"name\":\"Revista de Agricultura\",\"url\":\"https:\/\/www.mundoagropecuario.cl\/new\/\",\"logo\":{\"@type\":\"ImageObject\",\"inLanguage\":\"es\",\"@id\":\"https:\/\/www.mundoagropecuario.cl\/new\/#\/schema\/logo\/image\/\",\"url\":\"https:\/\/www.mundoagropecuario.cl\/new\/wp-content\/uploads\/2020\/11\/PORTAL-1-1.png\",\"contentUrl\":\"https:\/\/www.mundoagropecuario.cl\/new\/wp-content\/uploads\/2020\/11\/PORTAL-1-1.png\",\"width\":1026,\"height\":100,\"caption\":\"Revista de Agricultura\"},\"image\":{\"@id\":\"https:\/\/www.mundoagropecuario.cl\/new\/#\/schema\/logo\/image\/\"},\"sameAs\":[\"https:\/\/www.facebook.com\/mundo.agropecuario.3\",\"https:\/\/x.com\/MundoAgropecuar\",\"https:\/\/www.linkedin.com\/in\/mundo-agropecuario-934009201\/\"]},{\"@type\":\"Person\",\"@id\":\"https:\/\/www.mundoagropecuario.cl\/new\/#\/schema\/person\/4e9f74a82a7dac260eb1c44b7eebeb18\",\"name\":\"mundo\",\"url\":\"https:\/\/www.mundoagropecuario.cl\/new\/author\/mundo\/\"}]}<\/script>\n<!-- \/ Yoast SEO plugin. -->","yoast_head_json":{"title":"Seminario IncubaUdeC: \u201cEstrategias de Innovaci\u00f3n y Perspectivas en la Producci\u00f3n Agr\u00edcola\u201d - Mundoagropecuario","description":"AFIPA Chile destaca la importancia de fomentar las Buenas Pr\u00e1cticas Agr\u00edcolas en base a la sustentabilidad e innovaci\u00f3n","robots":{"index":"index","follow":"follow","max-snippet":"max-snippet:-1","max-image-preview":"max-image-preview:large","max-video-preview":"max-video-preview:-1"},"canonical":"https:\/\/www.mundoagropecuario.cl\/new\/seminario-incubaudec-estrategias-de-innovacion-y-perspectivas-en-la-produccion-agricola\/","og_locale":"es_ES","og_type":"article","og_title":"Seminario IncubaUdeC: \u201cEstrategias de Innovaci\u00f3n y Perspectivas en la Producci\u00f3n Agr\u00edcola\u201d - Mundoagropecuario","og_description":"AFIPA Chile destaca la importancia de fomentar las Buenas Pr\u00e1cticas Agr\u00edcolas en base a la sustentabilidad e innovaci\u00f3n","og_url":"https:\/\/www.mundoagropecuario.cl\/new\/seminario-incubaudec-estrategias-de-innovacion-y-perspectivas-en-la-produccion-agricola\/","og_site_name":"Mundoagropecuario","article_publisher":"https:\/\/www.facebook.com\/mundo.agropecuario.3","article_published_time":"2021-05-25T14:40:11+00:00","article_modified_time":"2021-05-26T17:08:23+00:00","og_image":[{"width":686,"height":400,"url":"https:\/\/www.mundoagropecuario.cl\/new\/wp-content\/uploads\/2021\/05\/Produccio\u0301n-Agricultura.jpeg","type":"image\/jpeg"}],"author":"mundo","twitter_card":"summary_large_image","twitter_creator":"@MundoAgropecuar","twitter_site":"@MundoAgropecuar","twitter_misc":{"Escrito por":"mundo","Tiempo de lectura":"6 minutos"},"schema":{"@context":"https:\/\/schema.org","@graph":[{"@type":"Article","@id":"https:\/\/www.mundoagropecuario.cl\/new\/seminario-incubaudec-estrategias-de-innovacion-y-perspectivas-en-la-produccion-agricola\/#article","isPartOf":{"@id":"https:\/\/www.mundoagropecuario.cl\/new\/seminario-incubaudec-estrategias-de-innovacion-y-perspectivas-en-la-produccion-agricola\/"},"author":{"name":"mundo","@id":"https:\/\/www.mundoagropecuario.cl\/new\/#\/schema\/person\/4e9f74a82a7dac260eb1c44b7eebeb18"},"headline":"Seminario IncubaUdeC: \u201cEstrategias de Innovaci\u00f3n y Perspectivas en la Producci\u00f3n Agr\u00edcola\u201d","datePublished":"2021-05-25T14:40:11+00:00","dateModified":"2021-05-26T17:08:23+00:00","mainEntityOfPage":{"@id":"https:\/\/www.mundoagropecuario.cl\/new\/seminario-incubaudec-estrategias-de-innovacion-y-perspectivas-en-la-produccion-agricola\/"},"wordCount":1223,"publisher":{"@id":"https:\/\/www.mundoagropecuario.cl\/new\/#organization"},"image":{"@id":"https:\/\/www.mundoagropecuario.cl\/new\/seminario-incubaudec-estrategias-de-innovacion-y-perspectivas-en-la-produccion-agricola\/#primaryimage"},"thumbnailUrl":"https:\/\/www.mundoagropecuario.cl\/new\/wp-content\/uploads\/2021\/05\/Produccio\u0301n-Agricultura.jpeg","keywords":["AFIPA Chile","Agro","Estrategias de Innovaci\u00f3n","IncubaUdeC","Producci\u00f3n agricola"],"articleSection":["Agricultura"],"inLanguage":"es"},{"@type":"WebPage","@id":"https:\/\/www.mundoagropecuario.cl\/new\/seminario-incubaudec-estrategias-de-innovacion-y-perspectivas-en-la-produccion-agricola\/","url":"https:\/\/www.mundoagropecuario.cl\/new\/seminario-incubaudec-estrategias-de-innovacion-y-perspectivas-en-la-produccion-agricola\/","name":"Seminario IncubaUdeC: \u201cEstrategias de Innovaci\u00f3n y Perspectivas en la Producci\u00f3n Agr\u00edcola\u201d - Mundoagropecuario","isPartOf":{"@id":"https:\/\/www.mundoagropecuario.cl\/new\/#website"},"primaryImageOfPage":{"@id":"https:\/\/www.mundoagropecuario.cl\/new\/seminario-incubaudec-estrategias-de-innovacion-y-perspectivas-en-la-produccion-agricola\/#primaryimage"},"image":{"@id":"https:\/\/www.mundoagropecuario.cl\/new\/seminario-incubaudec-estrategias-de-innovacion-y-perspectivas-en-la-produccion-agricola\/#primaryimage"},"thumbnailUrl":"https:\/\/www.mundoagropecuario.cl\/new\/wp-content\/uploads\/2021\/05\/Produccio\u0301n-Agricultura.jpeg","datePublished":"2021-05-25T14:40:11+00:00","dateModified":"2021-05-26T17:08:23+00:00","description":"AFIPA Chile destaca la importancia de fomentar las Buenas Pr\u00e1cticas Agr\u00edcolas en base a la sustentabilidad e innovaci\u00f3n","breadcrumb":{"@id":"https:\/\/www.mundoagropecuario.cl\/new\/seminario-incubaudec-estrategias-de-innovacion-y-perspectivas-en-la-produccion-agricola\/#breadcrumb"},"inLanguage":"es","potentialAction":[{"@type":"ReadAction","target":["https:\/\/www.mundoagropecuario.cl\/new\/seminario-incubaudec-estrategias-de-innovacion-y-perspectivas-en-la-produccion-agricola\/"]}]},{"@type":"ImageObject","inLanguage":"es","@id":"https:\/\/www.mundoagropecuario.cl\/new\/seminario-incubaudec-estrategias-de-innovacion-y-perspectivas-en-la-produccion-agricola\/#primaryimage","url":"https:\/\/www.mundoagropecuario.cl\/new\/wp-content\/uploads\/2021\/05\/Produccio\u0301n-Agricultura.jpeg","contentUrl":"https:\/\/www.mundoagropecuario.cl\/new\/wp-content\/uploads\/2021\/05\/Produccio\u0301n-Agricultura.jpeg","width":686,"height":400},{"@type":"BreadcrumbList","@id":"https:\/\/www.mundoagropecuario.cl\/new\/seminario-incubaudec-estrategias-de-innovacion-y-perspectivas-en-la-produccion-agricola\/#breadcrumb","itemListElement":[{"@type":"ListItem","position":1,"name":"Portada","item":"https:\/\/www.mundoagropecuario.cl\/new\/"},{"@type":"ListItem","position":2,"name":"Seminario IncubaUdeC: \u201cEstrategias de Innovaci\u00f3n y Perspectivas en la Producci\u00f3n Agr\u00edcola\u201d"}]},{"@type":"WebSite","@id":"https:\/\/www.mundoagropecuario.cl\/new\/#website","url":"https:\/\/www.mundoagropecuario.cl\/new\/","name":"Mundoagropecuario","description":"Mundo Agropecuario","publisher":{"@id":"https:\/\/www.mundoagropecuario.cl\/new\/#organization"},"potentialAction":[{"@type":"SearchAction","target":{"@type":"EntryPoint","urlTemplate":"https:\/\/www.mundoagropecuario.cl\/new\/?s={search_term_string}"},"query-input":{"@type":"PropertyValueSpecification","valueRequired":true,"valueName":"search_term_string"}}],"inLanguage":"es"},{"@type":"Organization","@id":"https:\/\/www.mundoagropecuario.cl\/new\/#organization","name":"Revista de Agricultura","url":"https:\/\/www.mundoagropecuario.cl\/new\/","logo":{"@type":"ImageObject","inLanguage":"es","@id":"https:\/\/www.mundoagropecuario.cl\/new\/#\/schema\/logo\/image\/","url":"https:\/\/www.mundoagropecuario.cl\/new\/wp-content\/uploads\/2020\/11\/PORTAL-1-1.png","contentUrl":"https:\/\/www.mundoagropecuario.cl\/new\/wp-content\/uploads\/2020\/11\/PORTAL-1-1.png","width":1026,"height":100,"caption":"Revista de Agricultura"},"image":{"@id":"https:\/\/www.mundoagropecuario.cl\/new\/#\/schema\/logo\/image\/"},"sameAs":["https:\/\/www.facebook.com\/mundo.agropecuario.3","https:\/\/x.com\/MundoAgropecuar","https:\/\/www.linkedin.com\/in\/mundo-agropecuario-934009201\/"]},{"@type":"Person","@id":"https:\/\/www.mundoagropecuario.cl\/new\/#\/schema\/person\/4e9f74a82a7dac260eb1c44b7eebeb18","name":"mundo","url":"https:\/\/www.mundoagropecuario.cl\/new\/author\/mundo\/"}]}},"_links":{"self":[{"href":"https:\/\/www.mundoagropecuario.cl\/new\/wp-json\/wp\/v2\/posts\/19051","targetHints":{"allow":["GET"]}}],"collection":[{"href":"https:\/\/www.mundoagropecuario.cl\/new\/wp-json\/wp\/v2\/posts"}],"about":[{"href":"https:\/\/www.mundoagropecuario.cl\/new\/wp-json\/wp\/v2\/types\/post"}],"author":[{"embeddable":true,"href":"https:\/\/www.mundoagropecuario.cl\/new\/wp-json\/wp\/v2\/users\/2"}],"replies":[{"embeddable":true,"href":"https:\/\/www.mundoagropecuario.cl\/new\/wp-json\/wp\/v2\/comments?post=19051"}],"version-history":[{"count":1,"href":"https:\/\/www.mundoagropecuario.cl\/new\/wp-json\/wp\/v2\/posts\/19051\/revisions"}],"predecessor-version":[{"id":19055,"href":"https:\/\/www.mundoagropecuario.cl\/new\/wp-json\/wp\/v2\/posts\/19051\/revisions\/19055"}],"wp:featuredmedia":[{"embeddable":true,"href":"https:\/\/www.mundoagropecuario.cl\/new\/wp-json\/wp\/v2\/media\/19054"}],"wp:attachment":[{"href":"https:\/\/www.mundoagropecuario.cl\/new\/wp-json\/wp\/v2\/media?parent=19051"}],"wp:term":[{"taxonomy":"category","embeddable":true,"href":"https:\/\/www.mundoagropecuario.cl\/new\/wp-json\/wp\/v2\/categories?post=19051"},{"taxonomy":"post_tag","embeddable":true,"href":"https:\/\/www.mundoagropecuario.cl\/new\/wp-json\/wp\/v2\/tags?post=19051"}],"curies":[{"name":"wp","href":"https:\/\/api.w.org\/{rel}","templated":true}]}}