{"id":19049,"date":"2021-05-24T13:05:46","date_gmt":"2021-05-24T16:05:46","guid":{"rendered":"https:\/\/www.mundoagropecuario.cl\/new\/?p=19049"},"modified":"2021-05-25T13:13:12","modified_gmt":"2021-05-25T16:13:12","slug":"mesa-apicola-llama-a-proteger-produccion-de-miel-en-la-region-de-los-lagos","status":"publish","type":"post","link":"https:\/\/www.mundoagropecuario.cl\/new\/mesa-apicola-llama-a-proteger-produccion-de-miel-en-la-region-de-los-lagos\/","title":{"rendered":"Mesa Ap\u00edcola llama a proteger producci\u00f3n de miel en la regi\u00f3n de Los Lagos"},"content":{"rendered":"<blockquote>\n<h2><span style=\"color: #ff6600;\">Desde la Mesa Ap\u00edcola de la regi\u00f3n de Los Lagos, llamaron a proteger la producci\u00f3n de miel de la zona a trav\u00e9s plataformas virtuales.<\/span><\/h2>\n<\/blockquote>\n<p>Adem\u00e1s, desde el Servicio Agr\u00edcola y Ganadero (SAG), enfatizan en que todos los productores tienen la obligaci\u00f3n de estar registrados.<\/p>\n<p>Lo anterior, debido a que en la regi\u00f3n de Los Lagos, son aproximadamente 165 mil colmenas de abejas que est\u00e1n identificadas a trav\u00e9s del sistema Sipec Ap\u00edcola, en el cual cada un a\u00f1o se debe actualizar la informaci\u00f3n.<\/p>\n<p><a href=\"https:\/\/www.mundoagropecuario.cl\/new\/wp-content\/uploads\/2018\/12\/abejas.jpg\"><img loading=\"lazy\" decoding=\"async\" class=\" wp-image-9993 alignright\" src=\"https:\/\/www.mundoagropecuario.cl\/new\/wp-content\/uploads\/2018\/12\/abejas.jpg\" alt=\"\" width=\"407\" height=\"313\" \/><\/a>En esa l\u00ednea, Eduardo Winkler, seremi de Agricultura y coordinador de la Mesa Ap\u00edcola en Los Lagos, explic\u00f3 que esta es una instancia donde se resuelven las principales problem\u00e1ticas del rubro.<\/p>\n<p>A esto se suma, que seg\u00fan el Servicio Agr\u00edcola y Ganadero, en la regi\u00f3n hay m\u00e1s de 500 apicultores, destacado por la agricultura familiar que obtiene un alto nivel de calidad y sustentabilidad.<\/p>\n<p>Eduardo Monreal, director regional del Servicio Agr\u00edcola y Ganadero, enfatiz\u00f3 que es obligaci\u00f3n de los apicultores registrar sus colmenas.<\/p>\n<p>A su vez, agreg\u00f3 que la instituci\u00f3n mantiene redes de apoyo para quienes no tengan conocimiento en p\u00e1ginas web.<\/p>\n<p>Cabe destacar, que en la d\u00e9cima regi\u00f3n hay 574 apicultores registrados, que poseen 1.625 apiarios.<\/p>\n","protected":false},"excerpt":{"rendered":"<p>Adem\u00e1s, desde el Servicio Agr\u00edcola y Ganadero (SAG), enfatizan en que todos los productores tienen la obligaci\u00f3n de estar registrados.<\/p>\n","protected":false},"author":2,"featured_media":11455,"comment_status":"closed","ping_status":"closed","sticky":false,"template":"","format":"standard","meta":{"footnotes":""},"categories":[1945],"tags":[4694,3329,5676,2036,1978,5677],"class_list":["post-19049","post","type-post","status-publish","format-standard","has-post-thumbnail","hentry","category-agricultura","tag-eduardo-winkler","tag-mesa-apicola","tag-produccion-de-miel","tag-sag","tag-seremi-de-agricultura","tag-sipec-apicola"],"yoast_head":"<!-- This site is optimized with the Yoast SEO plugin v26.6 - https:\/\/yoast.com\/wordpress\/plugins\/seo\/ -->\n<title>Mesa Ap\u00edcola llama a proteger producci\u00f3n de miel en la regi\u00f3n de Los Lagos - Mundoagropecuario<\/title>\n<meta name=\"description\" content=\"Desde la Mesa Ap\u00edcola de la regi\u00f3n de Los Lagos, llamaron a proteger la producci\u00f3n de miel de la zona a trav\u00e9s plataformas virtuales.\" \/>\n<meta name=\"robots\" content=\"index, follow, max-snippet:-1, max-image-preview:large, max-video-preview:-1\" \/>\n<link rel=\"canonical\" href=\"https:\/\/www.mundoagropecuario.cl\/new\/mesa-apicola-llama-a-proteger-produccion-de-miel-en-la-region-de-los-lagos\/\" \/>\n<meta property=\"og:locale\" content=\"es_ES\" \/>\n<meta property=\"og:type\" content=\"article\" \/>\n<meta property=\"og:title\" content=\"Mesa Ap\u00edcola llama a proteger producci\u00f3n de miel en la regi\u00f3n de Los Lagos - Mundoagropecuario\" \/>\n<meta property=\"og:description\" content=\"Desde la Mesa Ap\u00edcola de la regi\u00f3n de Los Lagos, llamaron a proteger la producci\u00f3n de miel de la zona a trav\u00e9s plataformas virtuales.\" \/>\n<meta property=\"og:url\" content=\"https:\/\/www.mundoagropecuario.cl\/new\/mesa-apicola-llama-a-proteger-produccion-de-miel-en-la-region-de-los-lagos\/\" \/>\n<meta property=\"og:site_name\" content=\"Mundoagropecuario\" \/>\n<meta property=\"article:publisher\" content=\"https:\/\/www.facebook.com\/mundo.agropecuario.3\" \/>\n<meta property=\"article:published_time\" content=\"2021-05-24T16:05:46+00:00\" \/>\n<meta property=\"article:modified_time\" content=\"2021-05-25T16:13:12+00:00\" \/>\n<meta property=\"og:image\" content=\"https:\/\/www.mundoagropecuario.cl\/new\/wp-content\/uploads\/2019\/04\/apicola-chiloe.jpg\" \/>\n\t<meta property=\"og:image:width\" content=\"960\" \/>\n\t<meta property=\"og:image:height\" content=\"565\" \/>\n\t<meta property=\"og:image:type\" content=\"image\/jpeg\" \/>\n<meta name=\"author\" content=\"mundo\" \/>\n<meta name=\"twitter:card\" content=\"summary_large_image\" \/>\n<meta name=\"twitter:creator\" content=\"@MundoAgropecuar\" \/>\n<meta name=\"twitter:site\" content=\"@MundoAgropecuar\" \/>\n<meta name=\"twitter:label1\" content=\"Escrito por\" \/>\n\t<meta name=\"twitter:data1\" content=\"mundo\" \/>\n\t<meta name=\"twitter:label2\" content=\"Tiempo de lectura\" \/>\n\t<meta name=\"twitter:data2\" content=\"2 minutos\" \/>\n<script type=\"application\/ld+json\" class=\"yoast-schema-graph\">{\"@context\":\"https:\/\/schema.org\",\"@graph\":[{\"@type\":\"Article\",\"@id\":\"https:\/\/www.mundoagropecuario.cl\/new\/mesa-apicola-llama-a-proteger-produccion-de-miel-en-la-region-de-los-lagos\/#article\",\"isPartOf\":{\"@id\":\"https:\/\/www.mundoagropecuario.cl\/new\/mesa-apicola-llama-a-proteger-produccion-de-miel-en-la-region-de-los-lagos\/\"},\"author\":{\"name\":\"mundo\",\"@id\":\"https:\/\/www.mundoagropecuario.cl\/new\/#\/schema\/person\/4e9f74a82a7dac260eb1c44b7eebeb18\"},\"headline\":\"Mesa Ap\u00edcola llama a proteger producci\u00f3n de miel en la regi\u00f3n de Los Lagos\",\"datePublished\":\"2021-05-24T16:05:46+00:00\",\"dateModified\":\"2021-05-25T16:13:12+00:00\",\"mainEntityOfPage\":{\"@id\":\"https:\/\/www.mundoagropecuario.cl\/new\/mesa-apicola-llama-a-proteger-produccion-de-miel-en-la-region-de-los-lagos\/\"},\"wordCount\":238,\"publisher\":{\"@id\":\"https:\/\/www.mundoagropecuario.cl\/new\/#organization\"},\"image\":{\"@id\":\"https:\/\/www.mundoagropecuario.cl\/new\/mesa-apicola-llama-a-proteger-produccion-de-miel-en-la-region-de-los-lagos\/#primaryimage\"},\"thumbnailUrl\":\"https:\/\/www.mundoagropecuario.cl\/new\/wp-content\/uploads\/2019\/04\/apicola-chiloe.jpg\",\"keywords\":[\"Eduardo Winkler\",\"Mesa ap\u00edcola\",\"producci\u00f3n de miel\",\"SAG\",\"seremi de Agricultura\",\"Sipec Ap\u00edcola\"],\"articleSection\":[\"Agricultura\"],\"inLanguage\":\"es\"},{\"@type\":\"WebPage\",\"@id\":\"https:\/\/www.mundoagropecuario.cl\/new\/mesa-apicola-llama-a-proteger-produccion-de-miel-en-la-region-de-los-lagos\/\",\"url\":\"https:\/\/www.mundoagropecuario.cl\/new\/mesa-apicola-llama-a-proteger-produccion-de-miel-en-la-region-de-los-lagos\/\",\"name\":\"Mesa Ap\u00edcola llama a proteger producci\u00f3n de miel en la regi\u00f3n de Los Lagos - Mundoagropecuario\",\"isPartOf\":{\"@id\":\"https:\/\/www.mundoagropecuario.cl\/new\/#website\"},\"primaryImageOfPage\":{\"@id\":\"https:\/\/www.mundoagropecuario.cl\/new\/mesa-apicola-llama-a-proteger-produccion-de-miel-en-la-region-de-los-lagos\/#primaryimage\"},\"image\":{\"@id\":\"https:\/\/www.mundoagropecuario.cl\/new\/mesa-apicola-llama-a-proteger-produccion-de-miel-en-la-region-de-los-lagos\/#primaryimage\"},\"thumbnailUrl\":\"https:\/\/www.mundoagropecuario.cl\/new\/wp-content\/uploads\/2019\/04\/apicola-chiloe.jpg\",\"datePublished\":\"2021-05-24T16:05:46+00:00\",\"dateModified\":\"2021-05-25T16:13:12+00:00\",\"description\":\"Desde la Mesa Ap\u00edcola de la regi\u00f3n de Los Lagos, llamaron a proteger la producci\u00f3n de miel de la zona a trav\u00e9s plataformas virtuales.\",\"breadcrumb\":{\"@id\":\"https:\/\/www.mundoagropecuario.cl\/new\/mesa-apicola-llama-a-proteger-produccion-de-miel-en-la-region-de-los-lagos\/#breadcrumb\"},\"inLanguage\":\"es\",\"potentialAction\":[{\"@type\":\"ReadAction\",\"target\":[\"https:\/\/www.mundoagropecuario.cl\/new\/mesa-apicola-llama-a-proteger-produccion-de-miel-en-la-region-de-los-lagos\/\"]}]},{\"@type\":\"ImageObject\",\"inLanguage\":\"es\",\"@id\":\"https:\/\/www.mundoagropecuario.cl\/new\/mesa-apicola-llama-a-proteger-produccion-de-miel-en-la-region-de-los-lagos\/#primaryimage\",\"url\":\"https:\/\/www.mundoagropecuario.cl\/new\/wp-content\/uploads\/2019\/04\/apicola-chiloe.jpg\",\"contentUrl\":\"https:\/\/www.mundoagropecuario.cl\/new\/wp-content\/uploads\/2019\/04\/apicola-chiloe.jpg\",\"width\":680,\"height\":400},{\"@type\":\"BreadcrumbList\",\"@id\":\"https:\/\/www.mundoagropecuario.cl\/new\/mesa-apicola-llama-a-proteger-produccion-de-miel-en-la-region-de-los-lagos\/#breadcrumb\",\"itemListElement\":[{\"@type\":\"ListItem\",\"position\":1,\"name\":\"Portada\",\"item\":\"https:\/\/www.mundoagropecuario.cl\/new\/\"},{\"@type\":\"ListItem\",\"position\":2,\"name\":\"Mesa Ap\u00edcola llama a proteger producci\u00f3n de miel en la regi\u00f3n de Los Lagos\"}]},{\"@type\":\"WebSite\",\"@id\":\"https:\/\/www.mundoagropecuario.cl\/new\/#website\",\"url\":\"https:\/\/www.mundoagropecuario.cl\/new\/\",\"name\":\"Mundoagropecuario\",\"description\":\"Mundo Agropecuario\",\"publisher\":{\"@id\":\"https:\/\/www.mundoagropecuario.cl\/new\/#organization\"},\"potentialAction\":[{\"@type\":\"SearchAction\",\"target\":{\"@type\":\"EntryPoint\",\"urlTemplate\":\"https:\/\/www.mundoagropecuario.cl\/new\/?s={search_term_string}\"},\"query-input\":{\"@type\":\"PropertyValueSpecification\",\"valueRequired\":true,\"valueName\":\"search_term_string\"}}],\"inLanguage\":\"es\"},{\"@type\":\"Organization\",\"@id\":\"https:\/\/www.mundoagropecuario.cl\/new\/#organization\",\"name\":\"Revista de Agricultura\",\"url\":\"https:\/\/www.mundoagropecuario.cl\/new\/\",\"logo\":{\"@type\":\"ImageObject\",\"inLanguage\":\"es\",\"@id\":\"https:\/\/www.mundoagropecuario.cl\/new\/#\/schema\/logo\/image\/\",\"url\":\"https:\/\/www.mundoagropecuario.cl\/new\/wp-content\/uploads\/2020\/11\/PORTAL-1-1.png\",\"contentUrl\":\"https:\/\/www.mundoagropecuario.cl\/new\/wp-content\/uploads\/2020\/11\/PORTAL-1-1.png\",\"width\":1026,\"height\":100,\"caption\":\"Revista de Agricultura\"},\"image\":{\"@id\":\"https:\/\/www.mundoagropecuario.cl\/new\/#\/schema\/logo\/image\/\"},\"sameAs\":[\"https:\/\/www.facebook.com\/mundo.agropecuario.3\",\"https:\/\/x.com\/MundoAgropecuar\",\"https:\/\/www.linkedin.com\/in\/mundo-agropecuario-934009201\/\"]},{\"@type\":\"Person\",\"@id\":\"https:\/\/www.mundoagropecuario.cl\/new\/#\/schema\/person\/4e9f74a82a7dac260eb1c44b7eebeb18\",\"name\":\"mundo\",\"url\":\"https:\/\/www.mundoagropecuario.cl\/new\/author\/mundo\/\"}]}<\/script>\n<!-- \/ Yoast SEO plugin. -->","yoast_head_json":{"title":"Mesa Ap\u00edcola llama a proteger producci\u00f3n de miel en la regi\u00f3n de Los Lagos - Mundoagropecuario","description":"Desde la Mesa Ap\u00edcola de la regi\u00f3n de Los Lagos, llamaron a proteger la producci\u00f3n de miel de la zona a trav\u00e9s plataformas virtuales.","robots":{"index":"index","follow":"follow","max-snippet":"max-snippet:-1","max-image-preview":"max-image-preview:large","max-video-preview":"max-video-preview:-1"},"canonical":"https:\/\/www.mundoagropecuario.cl\/new\/mesa-apicola-llama-a-proteger-produccion-de-miel-en-la-region-de-los-lagos\/","og_locale":"es_ES","og_type":"article","og_title":"Mesa Ap\u00edcola llama a proteger producci\u00f3n de miel en la regi\u00f3n de Los Lagos - Mundoagropecuario","og_description":"Desde la Mesa Ap\u00edcola de la regi\u00f3n de Los Lagos, llamaron a proteger la producci\u00f3n de miel de la zona a trav\u00e9s plataformas virtuales.","og_url":"https:\/\/www.mundoagropecuario.cl\/new\/mesa-apicola-llama-a-proteger-produccion-de-miel-en-la-region-de-los-lagos\/","og_site_name":"Mundoagropecuario","article_publisher":"https:\/\/www.facebook.com\/mundo.agropecuario.3","article_published_time":"2021-05-24T16:05:46+00:00","article_modified_time":"2021-05-25T16:13:12+00:00","og_image":[{"width":960,"height":565,"url":"https:\/\/www.mundoagropecuario.cl\/new\/wp-content\/uploads\/2019\/04\/apicola-chiloe.jpg","type":"image\/jpeg"}],"author":"mundo","twitter_card":"summary_large_image","twitter_creator":"@MundoAgropecuar","twitter_site":"@MundoAgropecuar","twitter_misc":{"Escrito por":"mundo","Tiempo de lectura":"2 minutos"},"schema":{"@context":"https:\/\/schema.org","@graph":[{"@type":"Article","@id":"https:\/\/www.mundoagropecuario.cl\/new\/mesa-apicola-llama-a-proteger-produccion-de-miel-en-la-region-de-los-lagos\/#article","isPartOf":{"@id":"https:\/\/www.mundoagropecuario.cl\/new\/mesa-apicola-llama-a-proteger-produccion-de-miel-en-la-region-de-los-lagos\/"},"author":{"name":"mundo","@id":"https:\/\/www.mundoagropecuario.cl\/new\/#\/schema\/person\/4e9f74a82a7dac260eb1c44b7eebeb18"},"headline":"Mesa Ap\u00edcola llama a proteger producci\u00f3n de miel en la regi\u00f3n de Los Lagos","datePublished":"2021-05-24T16:05:46+00:00","dateModified":"2021-05-25T16:13:12+00:00","mainEntityOfPage":{"@id":"https:\/\/www.mundoagropecuario.cl\/new\/mesa-apicola-llama-a-proteger-produccion-de-miel-en-la-region-de-los-lagos\/"},"wordCount":238,"publisher":{"@id":"https:\/\/www.mundoagropecuario.cl\/new\/#organization"},"image":{"@id":"https:\/\/www.mundoagropecuario.cl\/new\/mesa-apicola-llama-a-proteger-produccion-de-miel-en-la-region-de-los-lagos\/#primaryimage"},"thumbnailUrl":"https:\/\/www.mundoagropecuario.cl\/new\/wp-content\/uploads\/2019\/04\/apicola-chiloe.jpg","keywords":["Eduardo Winkler","Mesa ap\u00edcola","producci\u00f3n de miel","SAG","seremi de Agricultura","Sipec Ap\u00edcola"],"articleSection":["Agricultura"],"inLanguage":"es"},{"@type":"WebPage","@id":"https:\/\/www.mundoagropecuario.cl\/new\/mesa-apicola-llama-a-proteger-produccion-de-miel-en-la-region-de-los-lagos\/","url":"https:\/\/www.mundoagropecuario.cl\/new\/mesa-apicola-llama-a-proteger-produccion-de-miel-en-la-region-de-los-lagos\/","name":"Mesa Ap\u00edcola llama a proteger producci\u00f3n de miel en la regi\u00f3n de Los Lagos - Mundoagropecuario","isPartOf":{"@id":"https:\/\/www.mundoagropecuario.cl\/new\/#website"},"primaryImageOfPage":{"@id":"https:\/\/www.mundoagropecuario.cl\/new\/mesa-apicola-llama-a-proteger-produccion-de-miel-en-la-region-de-los-lagos\/#primaryimage"},"image":{"@id":"https:\/\/www.mundoagropecuario.cl\/new\/mesa-apicola-llama-a-proteger-produccion-de-miel-en-la-region-de-los-lagos\/#primaryimage"},"thumbnailUrl":"https:\/\/www.mundoagropecuario.cl\/new\/wp-content\/uploads\/2019\/04\/apicola-chiloe.jpg","datePublished":"2021-05-24T16:05:46+00:00","dateModified":"2021-05-25T16:13:12+00:00","description":"Desde la Mesa Ap\u00edcola de la regi\u00f3n de Los Lagos, llamaron a proteger la producci\u00f3n de miel de la zona a trav\u00e9s plataformas virtuales.","breadcrumb":{"@id":"https:\/\/www.mundoagropecuario.cl\/new\/mesa-apicola-llama-a-proteger-produccion-de-miel-en-la-region-de-los-lagos\/#breadcrumb"},"inLanguage":"es","potentialAction":[{"@type":"ReadAction","target":["https:\/\/www.mundoagropecuario.cl\/new\/mesa-apicola-llama-a-proteger-produccion-de-miel-en-la-region-de-los-lagos\/"]}]},{"@type":"ImageObject","inLanguage":"es","@id":"https:\/\/www.mundoagropecuario.cl\/new\/mesa-apicola-llama-a-proteger-produccion-de-miel-en-la-region-de-los-lagos\/#primaryimage","url":"https:\/\/www.mundoagropecuario.cl\/new\/wp-content\/uploads\/2019\/04\/apicola-chiloe.jpg","contentUrl":"https:\/\/www.mundoagropecuario.cl\/new\/wp-content\/uploads\/2019\/04\/apicola-chiloe.jpg","width":680,"height":400},{"@type":"BreadcrumbList","@id":"https:\/\/www.mundoagropecuario.cl\/new\/mesa-apicola-llama-a-proteger-produccion-de-miel-en-la-region-de-los-lagos\/#breadcrumb","itemListElement":[{"@type":"ListItem","position":1,"name":"Portada","item":"https:\/\/www.mundoagropecuario.cl\/new\/"},{"@type":"ListItem","position":2,"name":"Mesa Ap\u00edcola llama a proteger producci\u00f3n de miel en la regi\u00f3n de Los Lagos"}]},{"@type":"WebSite","@id":"https:\/\/www.mundoagropecuario.cl\/new\/#website","url":"https:\/\/www.mundoagropecuario.cl\/new\/","name":"Mundoagropecuario","description":"Mundo Agropecuario","publisher":{"@id":"https:\/\/www.mundoagropecuario.cl\/new\/#organization"},"potentialAction":[{"@type":"SearchAction","target":{"@type":"EntryPoint","urlTemplate":"https:\/\/www.mundoagropecuario.cl\/new\/?s={search_term_string}"},"query-input":{"@type":"PropertyValueSpecification","valueRequired":true,"valueName":"search_term_string"}}],"inLanguage":"es"},{"@type":"Organization","@id":"https:\/\/www.mundoagropecuario.cl\/new\/#organization","name":"Revista de Agricultura","url":"https:\/\/www.mundoagropecuario.cl\/new\/","logo":{"@type":"ImageObject","inLanguage":"es","@id":"https:\/\/www.mundoagropecuario.cl\/new\/#\/schema\/logo\/image\/","url":"https:\/\/www.mundoagropecuario.cl\/new\/wp-content\/uploads\/2020\/11\/PORTAL-1-1.png","contentUrl":"https:\/\/www.mundoagropecuario.cl\/new\/wp-content\/uploads\/2020\/11\/PORTAL-1-1.png","width":1026,"height":100,"caption":"Revista de Agricultura"},"image":{"@id":"https:\/\/www.mundoagropecuario.cl\/new\/#\/schema\/logo\/image\/"},"sameAs":["https:\/\/www.facebook.com\/mundo.agropecuario.3","https:\/\/x.com\/MundoAgropecuar","https:\/\/www.linkedin.com\/in\/mundo-agropecuario-934009201\/"]},{"@type":"Person","@id":"https:\/\/www.mundoagropecuario.cl\/new\/#\/schema\/person\/4e9f74a82a7dac260eb1c44b7eebeb18","name":"mundo","url":"https:\/\/www.mundoagropecuario.cl\/new\/author\/mundo\/"}]}},"_links":{"self":[{"href":"https:\/\/www.mundoagropecuario.cl\/new\/wp-json\/wp\/v2\/posts\/19049","targetHints":{"allow":["GET"]}}],"collection":[{"href":"https:\/\/www.mundoagropecuario.cl\/new\/wp-json\/wp\/v2\/posts"}],"about":[{"href":"https:\/\/www.mundoagropecuario.cl\/new\/wp-json\/wp\/v2\/types\/post"}],"author":[{"embeddable":true,"href":"https:\/\/www.mundoagropecuario.cl\/new\/wp-json\/wp\/v2\/users\/2"}],"replies":[{"embeddable":true,"href":"https:\/\/www.mundoagropecuario.cl\/new\/wp-json\/wp\/v2\/comments?post=19049"}],"version-history":[{"count":1,"href":"https:\/\/www.mundoagropecuario.cl\/new\/wp-json\/wp\/v2\/posts\/19049\/revisions"}],"predecessor-version":[{"id":19050,"href":"https:\/\/www.mundoagropecuario.cl\/new\/wp-json\/wp\/v2\/posts\/19049\/revisions\/19050"}],"wp:featuredmedia":[{"embeddable":true,"href":"https:\/\/www.mundoagropecuario.cl\/new\/wp-json\/wp\/v2\/media\/11455"}],"wp:attachment":[{"href":"https:\/\/www.mundoagropecuario.cl\/new\/wp-json\/wp\/v2\/media?parent=19049"}],"wp:term":[{"taxonomy":"category","embeddable":true,"href":"https:\/\/www.mundoagropecuario.cl\/new\/wp-json\/wp\/v2\/categories?post=19049"},{"taxonomy":"post_tag","embeddable":true,"href":"https:\/\/www.mundoagropecuario.cl\/new\/wp-json\/wp\/v2\/tags?post=19049"}],"curies":[{"name":"wp","href":"https:\/\/api.w.org\/{rel}","templated":true}]}}