{"id":19022,"date":"2021-05-20T12:27:48","date_gmt":"2021-05-20T15:27:48","guid":{"rendered":"https:\/\/www.mundoagropecuario.cl\/new\/?p=19022"},"modified":"2021-05-25T11:41:38","modified_gmt":"2021-05-25T14:41:38","slug":"investigan-impacto-de-enfermedades-ocasionadas-por-virus-que-afectan-a-las-abejas","status":"publish","type":"post","link":"https:\/\/www.mundoagropecuario.cl\/new\/investigan-impacto-de-enfermedades-ocasionadas-por-virus-que-afectan-a-las-abejas\/","title":{"rendered":"Investigan impacto de enfermedades ocasionadas por virus que afectan a las abejas"},"content":{"rendered":"<blockquote>\n<h2><span style=\"color: #808000;\">En el marco del D\u00eda Internacional de las Abejas que se conmemora hoy 20 de mayo, acad\u00e9mica del Departamento de Producci\u00f3n Vegetal, Dra. Marisol Vargas, se refiere a la realidad de los apiarios chilenos.<\/span><\/h2>\n<\/blockquote>\n<p>Para la gran mayor\u00eda de las personas ya no es desconocido que la abeja mel\u00edfera (Apis mellifera L.) es un insecto clave para los ecosistemas, por su rol en la polinizaci\u00f3n de cultivos y plantas silvestres.<\/p>\n<p><span style=\"color: #808000;\">En Chile, existen alrededor de 9000.000 colmenas de abejas mel\u00edferas,<\/span> distribuidas a lo largo del territorio, siendo las regiones de O\u2019Higgins, Maule, Metropolitana y Los lagos, las que presentan el mayor n\u00famero de estas.\u00a0 Las principales actividades que se realizan en el rubro ap\u00edcola son la producci\u00f3n de miel, la polinizaci\u00f3n y la venta de material vivo.<\/p>\n<p>En los \u00faltimos a\u00f1os, los apicultores de todo el mundo han declarado p\u00e9rdidas de colonias de abejas mel\u00edferas, as\u00ed lo explica la acad\u00e9mica, <span style=\"color: #808000;\">Dra. Marisol Vargas de la Facultad de Agronom\u00eda de la Universidad de Concepci\u00f3n<\/span>, quien agreg\u00f3 que \u201cactualmente no hay una explicaci\u00f3n clara para estas p\u00e9rdidas, pero se ha sugerido que se debe a una interacci\u00f3n entre los factores de estr\u00e9s causados por la destrucci\u00f3n y fragmentaci\u00f3n del h\u00e1bitat, el uso de agroqu\u00edmicos, la introducci\u00f3n de especies ex\u00f3ticas y los agentes pat\u00f3genos\u201d.<\/p>\n<p><a href=\"https:\/\/www.mundoagropecuario.cl\/new\/wp-content\/uploads\/2021\/05\/Abeja1-scaled.jpg\"><img loading=\"lazy\" decoding=\"async\" class=\" wp-image-19023 alignright\" src=\"https:\/\/www.mundoagropecuario.cl\/new\/wp-content\/uploads\/2021\/05\/Abeja1-586x391.jpg\" alt=\"\" width=\"490\" height=\"347\" \/><\/a>De acuerdo a lo explicado por la experta, entre los pat\u00f3genos que afectan a las abejas mel\u00edferas, el Virus de las alas deformadas (DWV) y sus variantes DWV-A, DWV-B y DWV-C, en conjunto con su vector, el \u00e1caro Varroa destructor, se han identificado como factores relevantes en la alta tasa de p\u00e9rdidas de colonias de abejas, en particular, de las muertes invernales.<\/p>\n<p>\u201cEl virus DWV, al ser transmitido por V. destructor, puede causar s\u00edntomas visibles como la reducci\u00f3n del tama\u00f1o corporal de las abejas, abdomen acortado y alas deformes y se ha descrito que afecta la duraci\u00f3n del vuelo, la orientaci\u00f3n, el vigor y la longevidad de las abejas, entre otros\u201d, precis\u00f3 la Dra. Vargas.<\/p>\n<p>En los laboratorios de Virolog\u00eda y Sanidad Ap\u00edcola, de la Facultad de Agronom\u00eda, la investigadora lleva m\u00e1s de 10 a\u00f1os estudiando los virus que afectan a las abejas en Chile. \u201cMediante proyectos otorgados por la ANID, hemos estudiado la prevalencia de los principales virus presentes en las colmenas en Chile (Fondecyt N\u00ba 1140653) y en los \u00faltimos a\u00f1os nos hemos centrado en el virus DWV, por el impacto que este virus ha demostrado tener a nivel mundial. En estudios recientes, analizamos la prevalencia de DWV en colmenas distribuidas en las principales regiones ap\u00edcolas e identificamos las variantes de DWV presentes en colmenas distribuidas entre las Regiones de Coquimbo y Los Lagos, detectando una alta prevalencia de la variante A (71%)\u201d.<\/p>\n<p>En este sentido agreg\u00f3 que, \u201cpor primera vez, encontramos la presencia de la variante DWV-B en colmenas del pa\u00eds (Fondecyt N \u00b01171781) y en la actualidad, se desconoce cu\u00e1l de estas variantes es m\u00e1s virulenta en los apiarios chilenos\u201d.<\/p>\n<p>En este \u00faltimo punto la acad\u00e9mica menciona uno de los objetivos del proyecto Fondecyt N\u00b0 1211688, recientemente adjudicado y el cual se ejecutar\u00e1 entre los a\u00f1os 2021 y 2024, \u201cqueremos evaluar la virulencia de las variantes chilenas del Virus de las alas deformadas (A y B) en Apis mellifera L. Adem\u00e1s, estudiaremos el rol de los p\u00f3lenes de plantas nativas en la nutrici\u00f3n de las abejas; esperamos demostrar si tienen un efecto positivo en aumentar la supervivencia y potenciar la respuesta inmune de abejas infectadas con las variantes DWV-A y DWV-B\u201d.<\/p>\n","protected":false},"excerpt":{"rendered":"<p>En los \u00faltimos a\u00f1os, los apicultores de todo el mundo han declarado p\u00e9rdidas de colonias de abejas mel\u00edferas, as\u00ed lo explica la acad\u00e9mica, Dra. Marisol Vargas de la Facultad de Agronom\u00eda de la Universidad de Concepci\u00f3n.<\/p>\n","protected":false},"author":2,"featured_media":19024,"comment_status":"closed","ping_status":"closed","sticky":false,"template":"","format":"standard","meta":{"footnotes":""},"categories":[1945],"tags":[2668,5651,4708,436,5650,5649],"class_list":["post-19022","post","type-post","status-publish","format-standard","has-post-thumbnail","hentry","category-agricultura","tag-abejas","tag-dra-marisol-vargas","tag-facultad-de-agronomia-de-la-universidad-de-concepcion","tag-udec","tag-virologia-y-sanidad-apicola","tag-virus-que-afectan-a-las-abejas"],"yoast_head":"<!-- This site is optimized with the Yoast SEO plugin v26.6 - https:\/\/yoast.com\/wordpress\/plugins\/seo\/ -->\n<title>Investigan impacto de enfermedades ocasionadas por virus que afectan a las abejas - Mundoagropecuario<\/title>\n<meta name=\"description\" content=\"En los \u00faltimos a\u00f1os, los apicultores de todo el mundo han declarado p\u00e9rdidas de colonias de abejas mel\u00edferas\" \/>\n<meta name=\"robots\" content=\"index, follow, max-snippet:-1, max-image-preview:large, max-video-preview:-1\" \/>\n<link rel=\"canonical\" href=\"https:\/\/www.mundoagropecuario.cl\/new\/investigan-impacto-de-enfermedades-ocasionadas-por-virus-que-afectan-a-las-abejas\/\" \/>\n<meta property=\"og:locale\" content=\"es_ES\" \/>\n<meta property=\"og:type\" content=\"article\" \/>\n<meta property=\"og:title\" content=\"Investigan impacto de enfermedades ocasionadas por virus que afectan a las abejas - Mundoagropecuario\" \/>\n<meta property=\"og:description\" content=\"En los \u00faltimos a\u00f1os, los apicultores de todo el mundo han declarado p\u00e9rdidas de colonias de abejas mel\u00edferas\" \/>\n<meta property=\"og:url\" content=\"https:\/\/www.mundoagropecuario.cl\/new\/investigan-impacto-de-enfermedades-ocasionadas-por-virus-que-afectan-a-las-abejas\/\" \/>\n<meta property=\"og:site_name\" content=\"Mundoagropecuario\" \/>\n<meta property=\"article:publisher\" content=\"https:\/\/www.facebook.com\/mundo.agropecuario.3\" \/>\n<meta property=\"article:published_time\" content=\"2021-05-20T15:27:48+00:00\" \/>\n<meta property=\"article:modified_time\" content=\"2021-05-25T14:41:38+00:00\" \/>\n<meta property=\"og:image\" content=\"https:\/\/www.mundoagropecuario.cl\/new\/wp-content\/uploads\/2021\/05\/abeja2-scaled.jpg\" \/>\n\t<meta property=\"og:image:width\" content=\"1024\" \/>\n\t<meta property=\"og:image:height\" content=\"682\" \/>\n\t<meta property=\"og:image:type\" content=\"image\/jpeg\" \/>\n<meta name=\"author\" content=\"mundo\" \/>\n<meta name=\"twitter:card\" content=\"summary_large_image\" \/>\n<meta name=\"twitter:creator\" content=\"@MundoAgropecuar\" \/>\n<meta name=\"twitter:site\" content=\"@MundoAgropecuar\" \/>\n<meta name=\"twitter:label1\" content=\"Escrito por\" \/>\n\t<meta name=\"twitter:data1\" content=\"mundo\" \/>\n\t<meta name=\"twitter:label2\" content=\"Tiempo de lectura\" \/>\n\t<meta name=\"twitter:data2\" content=\"3 minutos\" \/>\n<script type=\"application\/ld+json\" class=\"yoast-schema-graph\">{\"@context\":\"https:\/\/schema.org\",\"@graph\":[{\"@type\":\"Article\",\"@id\":\"https:\/\/www.mundoagropecuario.cl\/new\/investigan-impacto-de-enfermedades-ocasionadas-por-virus-que-afectan-a-las-abejas\/#article\",\"isPartOf\":{\"@id\":\"https:\/\/www.mundoagropecuario.cl\/new\/investigan-impacto-de-enfermedades-ocasionadas-por-virus-que-afectan-a-las-abejas\/\"},\"author\":{\"name\":\"mundo\",\"@id\":\"https:\/\/www.mundoagropecuario.cl\/new\/#\/schema\/person\/4e9f74a82a7dac260eb1c44b7eebeb18\"},\"headline\":\"Investigan impacto de enfermedades ocasionadas por virus que afectan a las abejas\",\"datePublished\":\"2021-05-20T15:27:48+00:00\",\"dateModified\":\"2021-05-25T14:41:38+00:00\",\"mainEntityOfPage\":{\"@id\":\"https:\/\/www.mundoagropecuario.cl\/new\/investigan-impacto-de-enfermedades-ocasionadas-por-virus-que-afectan-a-las-abejas\/\"},\"wordCount\":631,\"publisher\":{\"@id\":\"https:\/\/www.mundoagropecuario.cl\/new\/#organization\"},\"image\":{\"@id\":\"https:\/\/www.mundoagropecuario.cl\/new\/investigan-impacto-de-enfermedades-ocasionadas-por-virus-que-afectan-a-las-abejas\/#primaryimage\"},\"thumbnailUrl\":\"https:\/\/www.mundoagropecuario.cl\/new\/wp-content\/uploads\/2021\/05\/abeja2-scaled.jpg\",\"keywords\":[\"abejas\",\"Dra. Marisol Vargas\",\"Facultad de Agronom\u00eda de la Universidad de Concepci\u00f3n\",\"UdeC\",\"Virolog\u00eda y Sanidad Ap\u00edcola+\",\"virus que afectan a las abejas\"],\"articleSection\":[\"Agricultura\"],\"inLanguage\":\"es\"},{\"@type\":\"WebPage\",\"@id\":\"https:\/\/www.mundoagropecuario.cl\/new\/investigan-impacto-de-enfermedades-ocasionadas-por-virus-que-afectan-a-las-abejas\/\",\"url\":\"https:\/\/www.mundoagropecuario.cl\/new\/investigan-impacto-de-enfermedades-ocasionadas-por-virus-que-afectan-a-las-abejas\/\",\"name\":\"Investigan impacto de enfermedades ocasionadas por virus que afectan a las abejas - Mundoagropecuario\",\"isPartOf\":{\"@id\":\"https:\/\/www.mundoagropecuario.cl\/new\/#website\"},\"primaryImageOfPage\":{\"@id\":\"https:\/\/www.mundoagropecuario.cl\/new\/investigan-impacto-de-enfermedades-ocasionadas-por-virus-que-afectan-a-las-abejas\/#primaryimage\"},\"image\":{\"@id\":\"https:\/\/www.mundoagropecuario.cl\/new\/investigan-impacto-de-enfermedades-ocasionadas-por-virus-que-afectan-a-las-abejas\/#primaryimage\"},\"thumbnailUrl\":\"https:\/\/www.mundoagropecuario.cl\/new\/wp-content\/uploads\/2021\/05\/abeja2-scaled.jpg\",\"datePublished\":\"2021-05-20T15:27:48+00:00\",\"dateModified\":\"2021-05-25T14:41:38+00:00\",\"description\":\"En los \u00faltimos a\u00f1os, los apicultores de todo el mundo han declarado p\u00e9rdidas de colonias de abejas mel\u00edferas\",\"breadcrumb\":{\"@id\":\"https:\/\/www.mundoagropecuario.cl\/new\/investigan-impacto-de-enfermedades-ocasionadas-por-virus-que-afectan-a-las-abejas\/#breadcrumb\"},\"inLanguage\":\"es\",\"potentialAction\":[{\"@type\":\"ReadAction\",\"target\":[\"https:\/\/www.mundoagropecuario.cl\/new\/investigan-impacto-de-enfermedades-ocasionadas-por-virus-que-afectan-a-las-abejas\/\"]}]},{\"@type\":\"ImageObject\",\"inLanguage\":\"es\",\"@id\":\"https:\/\/www.mundoagropecuario.cl\/new\/investigan-impacto-de-enfermedades-ocasionadas-por-virus-que-afectan-a-las-abejas\/#primaryimage\",\"url\":\"https:\/\/www.mundoagropecuario.cl\/new\/wp-content\/uploads\/2021\/05\/abeja2-scaled.jpg\",\"contentUrl\":\"https:\/\/www.mundoagropecuario.cl\/new\/wp-content\/uploads\/2021\/05\/abeja2-scaled.jpg\",\"width\":601,\"height\":400},{\"@type\":\"BreadcrumbList\",\"@id\":\"https:\/\/www.mundoagropecuario.cl\/new\/investigan-impacto-de-enfermedades-ocasionadas-por-virus-que-afectan-a-las-abejas\/#breadcrumb\",\"itemListElement\":[{\"@type\":\"ListItem\",\"position\":1,\"name\":\"Portada\",\"item\":\"https:\/\/www.mundoagropecuario.cl\/new\/\"},{\"@type\":\"ListItem\",\"position\":2,\"name\":\"Investigan impacto de enfermedades ocasionadas por virus que afectan a las abejas\"}]},{\"@type\":\"WebSite\",\"@id\":\"https:\/\/www.mundoagropecuario.cl\/new\/#website\",\"url\":\"https:\/\/www.mundoagropecuario.cl\/new\/\",\"name\":\"Mundoagropecuario\",\"description\":\"Mundo Agropecuario\",\"publisher\":{\"@id\":\"https:\/\/www.mundoagropecuario.cl\/new\/#organization\"},\"potentialAction\":[{\"@type\":\"SearchAction\",\"target\":{\"@type\":\"EntryPoint\",\"urlTemplate\":\"https:\/\/www.mundoagropecuario.cl\/new\/?s={search_term_string}\"},\"query-input\":{\"@type\":\"PropertyValueSpecification\",\"valueRequired\":true,\"valueName\":\"search_term_string\"}}],\"inLanguage\":\"es\"},{\"@type\":\"Organization\",\"@id\":\"https:\/\/www.mundoagropecuario.cl\/new\/#organization\",\"name\":\"Revista de Agricultura\",\"url\":\"https:\/\/www.mundoagropecuario.cl\/new\/\",\"logo\":{\"@type\":\"ImageObject\",\"inLanguage\":\"es\",\"@id\":\"https:\/\/www.mundoagropecuario.cl\/new\/#\/schema\/logo\/image\/\",\"url\":\"https:\/\/www.mundoagropecuario.cl\/new\/wp-content\/uploads\/2020\/11\/PORTAL-1-1.png\",\"contentUrl\":\"https:\/\/www.mundoagropecuario.cl\/new\/wp-content\/uploads\/2020\/11\/PORTAL-1-1.png\",\"width\":1026,\"height\":100,\"caption\":\"Revista de Agricultura\"},\"image\":{\"@id\":\"https:\/\/www.mundoagropecuario.cl\/new\/#\/schema\/logo\/image\/\"},\"sameAs\":[\"https:\/\/www.facebook.com\/mundo.agropecuario.3\",\"https:\/\/x.com\/MundoAgropecuar\",\"https:\/\/www.linkedin.com\/in\/mundo-agropecuario-934009201\/\"]},{\"@type\":\"Person\",\"@id\":\"https:\/\/www.mundoagropecuario.cl\/new\/#\/schema\/person\/4e9f74a82a7dac260eb1c44b7eebeb18\",\"name\":\"mundo\",\"url\":\"https:\/\/www.mundoagropecuario.cl\/new\/author\/mundo\/\"}]}<\/script>\n<!-- \/ Yoast SEO plugin. -->","yoast_head_json":{"title":"Investigan impacto de enfermedades ocasionadas por virus que afectan a las abejas - Mundoagropecuario","description":"En los \u00faltimos a\u00f1os, los apicultores de todo el mundo han declarado p\u00e9rdidas de colonias de abejas mel\u00edferas","robots":{"index":"index","follow":"follow","max-snippet":"max-snippet:-1","max-image-preview":"max-image-preview:large","max-video-preview":"max-video-preview:-1"},"canonical":"https:\/\/www.mundoagropecuario.cl\/new\/investigan-impacto-de-enfermedades-ocasionadas-por-virus-que-afectan-a-las-abejas\/","og_locale":"es_ES","og_type":"article","og_title":"Investigan impacto de enfermedades ocasionadas por virus que afectan a las abejas - Mundoagropecuario","og_description":"En los \u00faltimos a\u00f1os, los apicultores de todo el mundo han declarado p\u00e9rdidas de colonias de abejas mel\u00edferas","og_url":"https:\/\/www.mundoagropecuario.cl\/new\/investigan-impacto-de-enfermedades-ocasionadas-por-virus-que-afectan-a-las-abejas\/","og_site_name":"Mundoagropecuario","article_publisher":"https:\/\/www.facebook.com\/mundo.agropecuario.3","article_published_time":"2021-05-20T15:27:48+00:00","article_modified_time":"2021-05-25T14:41:38+00:00","og_image":[{"width":1024,"height":682,"url":"https:\/\/www.mundoagropecuario.cl\/new\/wp-content\/uploads\/2021\/05\/abeja2-scaled.jpg","type":"image\/jpeg"}],"author":"mundo","twitter_card":"summary_large_image","twitter_creator":"@MundoAgropecuar","twitter_site":"@MundoAgropecuar","twitter_misc":{"Escrito por":"mundo","Tiempo de lectura":"3 minutos"},"schema":{"@context":"https:\/\/schema.org","@graph":[{"@type":"Article","@id":"https:\/\/www.mundoagropecuario.cl\/new\/investigan-impacto-de-enfermedades-ocasionadas-por-virus-que-afectan-a-las-abejas\/#article","isPartOf":{"@id":"https:\/\/www.mundoagropecuario.cl\/new\/investigan-impacto-de-enfermedades-ocasionadas-por-virus-que-afectan-a-las-abejas\/"},"author":{"name":"mundo","@id":"https:\/\/www.mundoagropecuario.cl\/new\/#\/schema\/person\/4e9f74a82a7dac260eb1c44b7eebeb18"},"headline":"Investigan impacto de enfermedades ocasionadas por virus que afectan a las abejas","datePublished":"2021-05-20T15:27:48+00:00","dateModified":"2021-05-25T14:41:38+00:00","mainEntityOfPage":{"@id":"https:\/\/www.mundoagropecuario.cl\/new\/investigan-impacto-de-enfermedades-ocasionadas-por-virus-que-afectan-a-las-abejas\/"},"wordCount":631,"publisher":{"@id":"https:\/\/www.mundoagropecuario.cl\/new\/#organization"},"image":{"@id":"https:\/\/www.mundoagropecuario.cl\/new\/investigan-impacto-de-enfermedades-ocasionadas-por-virus-que-afectan-a-las-abejas\/#primaryimage"},"thumbnailUrl":"https:\/\/www.mundoagropecuario.cl\/new\/wp-content\/uploads\/2021\/05\/abeja2-scaled.jpg","keywords":["abejas","Dra. Marisol Vargas","Facultad de Agronom\u00eda de la Universidad de Concepci\u00f3n","UdeC","Virolog\u00eda y Sanidad Ap\u00edcola+","virus que afectan a las abejas"],"articleSection":["Agricultura"],"inLanguage":"es"},{"@type":"WebPage","@id":"https:\/\/www.mundoagropecuario.cl\/new\/investigan-impacto-de-enfermedades-ocasionadas-por-virus-que-afectan-a-las-abejas\/","url":"https:\/\/www.mundoagropecuario.cl\/new\/investigan-impacto-de-enfermedades-ocasionadas-por-virus-que-afectan-a-las-abejas\/","name":"Investigan impacto de enfermedades ocasionadas por virus que afectan a las abejas - Mundoagropecuario","isPartOf":{"@id":"https:\/\/www.mundoagropecuario.cl\/new\/#website"},"primaryImageOfPage":{"@id":"https:\/\/www.mundoagropecuario.cl\/new\/investigan-impacto-de-enfermedades-ocasionadas-por-virus-que-afectan-a-las-abejas\/#primaryimage"},"image":{"@id":"https:\/\/www.mundoagropecuario.cl\/new\/investigan-impacto-de-enfermedades-ocasionadas-por-virus-que-afectan-a-las-abejas\/#primaryimage"},"thumbnailUrl":"https:\/\/www.mundoagropecuario.cl\/new\/wp-content\/uploads\/2021\/05\/abeja2-scaled.jpg","datePublished":"2021-05-20T15:27:48+00:00","dateModified":"2021-05-25T14:41:38+00:00","description":"En los \u00faltimos a\u00f1os, los apicultores de todo el mundo han declarado p\u00e9rdidas de colonias de abejas mel\u00edferas","breadcrumb":{"@id":"https:\/\/www.mundoagropecuario.cl\/new\/investigan-impacto-de-enfermedades-ocasionadas-por-virus-que-afectan-a-las-abejas\/#breadcrumb"},"inLanguage":"es","potentialAction":[{"@type":"ReadAction","target":["https:\/\/www.mundoagropecuario.cl\/new\/investigan-impacto-de-enfermedades-ocasionadas-por-virus-que-afectan-a-las-abejas\/"]}]},{"@type":"ImageObject","inLanguage":"es","@id":"https:\/\/www.mundoagropecuario.cl\/new\/investigan-impacto-de-enfermedades-ocasionadas-por-virus-que-afectan-a-las-abejas\/#primaryimage","url":"https:\/\/www.mundoagropecuario.cl\/new\/wp-content\/uploads\/2021\/05\/abeja2-scaled.jpg","contentUrl":"https:\/\/www.mundoagropecuario.cl\/new\/wp-content\/uploads\/2021\/05\/abeja2-scaled.jpg","width":601,"height":400},{"@type":"BreadcrumbList","@id":"https:\/\/www.mundoagropecuario.cl\/new\/investigan-impacto-de-enfermedades-ocasionadas-por-virus-que-afectan-a-las-abejas\/#breadcrumb","itemListElement":[{"@type":"ListItem","position":1,"name":"Portada","item":"https:\/\/www.mundoagropecuario.cl\/new\/"},{"@type":"ListItem","position":2,"name":"Investigan impacto de enfermedades ocasionadas por virus que afectan a las abejas"}]},{"@type":"WebSite","@id":"https:\/\/www.mundoagropecuario.cl\/new\/#website","url":"https:\/\/www.mundoagropecuario.cl\/new\/","name":"Mundoagropecuario","description":"Mundo Agropecuario","publisher":{"@id":"https:\/\/www.mundoagropecuario.cl\/new\/#organization"},"potentialAction":[{"@type":"SearchAction","target":{"@type":"EntryPoint","urlTemplate":"https:\/\/www.mundoagropecuario.cl\/new\/?s={search_term_string}"},"query-input":{"@type":"PropertyValueSpecification","valueRequired":true,"valueName":"search_term_string"}}],"inLanguage":"es"},{"@type":"Organization","@id":"https:\/\/www.mundoagropecuario.cl\/new\/#organization","name":"Revista de Agricultura","url":"https:\/\/www.mundoagropecuario.cl\/new\/","logo":{"@type":"ImageObject","inLanguage":"es","@id":"https:\/\/www.mundoagropecuario.cl\/new\/#\/schema\/logo\/image\/","url":"https:\/\/www.mundoagropecuario.cl\/new\/wp-content\/uploads\/2020\/11\/PORTAL-1-1.png","contentUrl":"https:\/\/www.mundoagropecuario.cl\/new\/wp-content\/uploads\/2020\/11\/PORTAL-1-1.png","width":1026,"height":100,"caption":"Revista de Agricultura"},"image":{"@id":"https:\/\/www.mundoagropecuario.cl\/new\/#\/schema\/logo\/image\/"},"sameAs":["https:\/\/www.facebook.com\/mundo.agropecuario.3","https:\/\/x.com\/MundoAgropecuar","https:\/\/www.linkedin.com\/in\/mundo-agropecuario-934009201\/"]},{"@type":"Person","@id":"https:\/\/www.mundoagropecuario.cl\/new\/#\/schema\/person\/4e9f74a82a7dac260eb1c44b7eebeb18","name":"mundo","url":"https:\/\/www.mundoagropecuario.cl\/new\/author\/mundo\/"}]}},"_links":{"self":[{"href":"https:\/\/www.mundoagropecuario.cl\/new\/wp-json\/wp\/v2\/posts\/19022","targetHints":{"allow":["GET"]}}],"collection":[{"href":"https:\/\/www.mundoagropecuario.cl\/new\/wp-json\/wp\/v2\/posts"}],"about":[{"href":"https:\/\/www.mundoagropecuario.cl\/new\/wp-json\/wp\/v2\/types\/post"}],"author":[{"embeddable":true,"href":"https:\/\/www.mundoagropecuario.cl\/new\/wp-json\/wp\/v2\/users\/2"}],"replies":[{"embeddable":true,"href":"https:\/\/www.mundoagropecuario.cl\/new\/wp-json\/wp\/v2\/comments?post=19022"}],"version-history":[{"count":1,"href":"https:\/\/www.mundoagropecuario.cl\/new\/wp-json\/wp\/v2\/posts\/19022\/revisions"}],"predecessor-version":[{"id":19025,"href":"https:\/\/www.mundoagropecuario.cl\/new\/wp-json\/wp\/v2\/posts\/19022\/revisions\/19025"}],"wp:featuredmedia":[{"embeddable":true,"href":"https:\/\/www.mundoagropecuario.cl\/new\/wp-json\/wp\/v2\/media\/19024"}],"wp:attachment":[{"href":"https:\/\/www.mundoagropecuario.cl\/new\/wp-json\/wp\/v2\/media?parent=19022"}],"wp:term":[{"taxonomy":"category","embeddable":true,"href":"https:\/\/www.mundoagropecuario.cl\/new\/wp-json\/wp\/v2\/categories?post=19022"},{"taxonomy":"post_tag","embeddable":true,"href":"https:\/\/www.mundoagropecuario.cl\/new\/wp-json\/wp\/v2\/tags?post=19022"}],"curies":[{"name":"wp","href":"https:\/\/api.w.org\/{rel}","templated":true}]}}