{"id":18960,"date":"2021-05-17T11:21:45","date_gmt":"2021-05-17T14:21:45","guid":{"rendered":"https:\/\/www.mundoagropecuario.cl\/new\/?p=18960"},"modified":"2021-05-19T11:40:37","modified_gmt":"2021-05-19T14:40:37","slug":"estudio-comprueba-que-la-produccion-de-maqui-en-la-zona-centro-es-mas-resistente-al-estres-hidrico","status":"publish","type":"post","link":"https:\/\/www.mundoagropecuario.cl\/new\/estudio-comprueba-que-la-produccion-de-maqui-en-la-zona-centro-es-mas-resistente-al-estres-hidrico\/","title":{"rendered":"Estudio comprueba que la producci\u00f3n de maqui en la zona centro es m\u00e1s resistente al estr\u00e9s h\u00eddrico"},"content":{"rendered":"<blockquote>\n<h2><span style=\"color: #333300;\">Con el apoyo de la Fundaci\u00f3n para la Innovaci\u00f3n Agraria (FIA), el equipo de la Universidad de Concepci\u00f3n analiz\u00f3 muestras en 15 poblaciones de la fruta ubicadas entre las regiones desde Coquimbo hacia Ays\u00e9n.<\/span><\/h2>\n<\/blockquote>\n<p>Lo m\u00e1s probable es que el cambio clim\u00e1tico lleve a m\u00e1s sequ\u00eda generando un problema directo en algunos cultivos del pa\u00eds. Sin embargo, de acuerdo a un estudio de la Universidad de Concepci\u00f3n, el maqui que se produce en la zona centro, espec\u00edficamente en Valpara\u00edso, es una de las frutas que pese a las condiciones adversas de agua y suelo es capaz de resistir mejor el estr\u00e9s h\u00eddrico.<\/p>\n<p>El maqui siempre se ha considerado un alimento de uso en la tradici\u00f3n mapuche que se suele cosechar de plantas silvestres en zonas m\u00e1s hacia el sur del pa\u00eds. A la fecha, existen 27 hect\u00e1reas plantadas en todo el territorio.<\/p>\n<p><strong><span style=\"color: #333300;\">Evaluaci\u00f3n\u00a0<\/span><\/strong><\/p>\n<p>La resistencia al estr\u00e9s h\u00eddrico se evalu\u00f3 caracterizando su norma de reacci\u00f3n. Primero se estudi\u00f3 la germinaci\u00f3n de las semillas en diferente potencial h\u00eddrico y segundo, de acuerdo a sobrevivencia de las pl\u00e1ntulas en vivero a distintas condiciones de estr\u00e9s h\u00eddrico. El contenido de mol\u00e9culas antioxidante en los frutos fue evaluado determinando el contenido total de compuestos fen\u00f3licos, el contenido de antocianina y la actividad antioxidante.<\/p>\n<p>En concreto, cuenta el acad\u00e9mico del Departamento de Bot\u00e1nica de la Universidad de Concepci\u00f3n, Pablo Guerrero, se realiz\u00f3 \u201cdesde la regi\u00f3n de Coquimbo hacia Ays\u00e9n, una prospecci\u00f3n de las poblaciones silvestres de maqui evaluando la divergencia gen\u00e9tica, resistencia a la sequ\u00eda y capacidad antioxidante de los frutos para contribuir con informaci\u00f3n b\u00e1sica para el dise\u00f1o de un sistema productivo sustentable en un escenario de cambio clim\u00e1tico global. Estas plantas pueden tener capacidad de resiliencia momentos de sequ\u00edas severos, teniendo una adaptaci\u00f3n local y sin necesidad de que se busque en otro territorio\u201d.<\/p>\n<p>El estudio, que dur\u00f3 tres a\u00f1os, contempl\u00f3 la procedencia del maqui en 15 sectores correspondientes a las regiones de Coquimbo, Valpara\u00edso, Metropolitana, Maule, Biob\u00edo, La Araucan\u00eda, Los R\u00edos, Los Lagos y Ays\u00e9n.<\/p>\n<p><a href=\"https:\/\/www.mundoagropecuario.cl\/new\/wp-content\/uploads\/2021\/05\/maqui1-scaled.jpg\"><img loading=\"lazy\" decoding=\"async\" class=\" wp-image-18962 alignright\" src=\"https:\/\/www.mundoagropecuario.cl\/new\/wp-content\/uploads\/2021\/05\/maqui1-316x490.jpg\" alt=\"\" width=\"408\" height=\"664\" \/><\/a>De esa evaluaci\u00f3n, detalla Guerrero, el Estero San Francisco, San Felipe; quebrada Las \u00c1nimas, caj\u00f3n del Maipo; Rinc\u00f3n de Buyeruca, Vichuqu\u00e9n; y el sector Pejerrey, Linares, son las cuatro procedencias m\u00e1s resistentes al estr\u00e9s h\u00eddrico.<\/p>\n<p>\u201cEn t\u00e9rminos gruesos, San Felipe (regi\u00f3n de Valpara\u00edso) sufre inactivaci\u00f3n fisiol\u00f3gica con la mitad de agua en el suelo que otras poblaciones (mucho m\u00e1s resistente). Mientras que la de Valdivia se inactiva con el doble de agua en el suelo\u201d, precisa Guerrero.<\/p>\n<p>Los resultados del proyecto FIA que ejecut\u00f3 la Universidad de Concepci\u00f3n permiten avanzar en la bu\u0301squeda de candidatos a cultivares de maqui para incorporar a la industria fruti\u0301cola, concluyendo que puede realizarse en los entornos de los productores, sin necesidad de buscar ma\u0301s lejos.<\/p>\n<p>Adem\u00e1s, se colabora con la domesticacio\u0301n porque incluye modelos de distribuci\u00f3n, genotipificacio\u0301n y variables de inter\u00e9s comercial para sentar las bases cient\u00edficas para la incorporaci\u00f3n de especies silvestres a cultivares comerciales.<\/p>\n<p>En esa l\u00ednea, el director ejecutivo de FIA, \u00c1lvaro Eyzaguirre, sostuvo que \u201cel maqui al ser una planta silvestre, es dif\u00edcil predecir su comportamiento. Raz\u00f3n que entrega mayor valor a la investigaci\u00f3n que permite responder de mejor forma al creciente mercado nacional e internacional que exige mayor calidad, inocuidad y seguridad en los alimentos. Por otro lado, seg\u00fan Odepa, hace 4 a\u00f1os exist\u00eda s\u00f3lo 1 hect\u00e1rea de maqui y a la fecha, ya hay 27 hect\u00e1reas activas en producci\u00f3n; esto quiere decir que estamos frente a un fen\u00f3meno de inter\u00e9s por parte de los productores de adentrarse en el cultivo de frutos que destacan por su alto contenido nutricional y que adem\u00e1s pueden adaptarse a distintas condiciones de clima y suelo\u201d, director ejecutivo de FIA, \u00c1lvaro Eyzaguirre.<\/p>\n<p><strong><span style=\"color: #333300;\">Metodolog\u00eda y otros resultados<\/span><\/strong><\/p>\n<p>Adem\u00e1s de que las plantas del norte tienen mejor resistencia a la sequ\u00eda,\u00a0 tambi\u00e9n hay dos resultados m\u00e1s. El primero, es que todas las poblaciones de maqui mostraron tener una fuerte actividad antioxidante; y en segundo lugar, el patr\u00f3n de composici\u00f3n gen\u00e9tica de las poblaciones muestra haber acumulado diversidad gen\u00e9tica \u00fanica que necesariamente se debe resguardar para el desarrollo del fruto.<\/p>\n<p>En cuanto al segundo resultado, Guerrero coment\u00f3 que los frutos de maqui tienen un alto poder antioxidante, si bien esta capacidad no vari\u00f3 mayormente entre la mayor\u00eda de las poblaciones, \u201calgunas localidades como Cajo\u0301n del Maipo, Collipulli y Los Lagos mostraron una tendencia a tener mayor actividad antioxidante\u201d.<\/p>\n<p>Es importante recalcar que el contenido de mole\u0301culas en los frutos y la actividad antioxidante fue evaluado midiendo el total de compuestos feno\u0301licos y el contenido de antocianina.<\/p>\n","protected":false},"excerpt":{"rendered":"<p>El maqui siempre se ha considerado un alimento de uso en la tradici\u00f3n mapuche que se suele cosechar de plantas silvestres en zonas m\u00e1s hacia el sur del pa\u00eds. A la fecha, existen 27 hect\u00e1reas plantadas en todo el territorio.<\/p>\n","protected":false},"author":2,"featured_media":18961,"comment_status":"closed","ping_status":"closed","sticky":false,"template":"","format":"standard","meta":{"footnotes":""},"categories":[1945],"tags":[4124,3127,5615,2124,3771,2035,5616,1342],"class_list":["post-18960","post","type-post","status-publish","format-standard","has-post-thumbnail","hentry","category-agricultura","tag-agricola","tag-agro","tag-antocianina","tag-fia","tag-maqui","tag-minagri","tag-pablo-guerrero","tag-universidad-de-concepcion"],"yoast_head":"<!-- This site is optimized with the Yoast SEO plugin v26.6 - https:\/\/yoast.com\/wordpress\/plugins\/seo\/ -->\n<title>Estudio comprueba que la producci\u00f3n de maqui en la zona centro es m\u00e1s resistente al estr\u00e9s h\u00eddrico - Mundoagropecuario<\/title>\n<meta name=\"description\" content=\"el equipo de la UdeC analiz\u00f3 muestras en 15 poblaciones de la fruta ubicadas entre las regiones desde Coquimbo hacia Ays\u00e9n.\" \/>\n<meta name=\"robots\" content=\"index, follow, max-snippet:-1, max-image-preview:large, max-video-preview:-1\" \/>\n<link rel=\"canonical\" href=\"https:\/\/www.mundoagropecuario.cl\/new\/estudio-comprueba-que-la-produccion-de-maqui-en-la-zona-centro-es-mas-resistente-al-estres-hidrico\/\" \/>\n<meta property=\"og:locale\" content=\"es_ES\" \/>\n<meta property=\"og:type\" content=\"article\" \/>\n<meta property=\"og:title\" content=\"Estudio comprueba que la producci\u00f3n de maqui en la zona centro es m\u00e1s resistente al estr\u00e9s h\u00eddrico - Mundoagropecuario\" \/>\n<meta property=\"og:description\" content=\"el equipo de la UdeC analiz\u00f3 muestras en 15 poblaciones de la fruta ubicadas entre las regiones desde Coquimbo hacia Ays\u00e9n.\" \/>\n<meta property=\"og:url\" content=\"https:\/\/www.mundoagropecuario.cl\/new\/estudio-comprueba-que-la-produccion-de-maqui-en-la-zona-centro-es-mas-resistente-al-estres-hidrico\/\" \/>\n<meta property=\"og:site_name\" content=\"Mundoagropecuario\" \/>\n<meta property=\"article:publisher\" content=\"https:\/\/www.facebook.com\/mundo.agropecuario.3\" \/>\n<meta property=\"article:published_time\" content=\"2021-05-17T14:21:45+00:00\" \/>\n<meta property=\"article:modified_time\" content=\"2021-05-19T14:40:37+00:00\" \/>\n<meta property=\"og:image\" content=\"https:\/\/www.mundoagropecuario.cl\/new\/wp-content\/uploads\/2021\/05\/IMG_fruto-MAQUI_14MEDIA-scaled.jpg\" \/>\n\t<meta property=\"og:image:width\" content=\"1024\" \/>\n\t<meta property=\"og:image:height\" content=\"683\" \/>\n\t<meta property=\"og:image:type\" content=\"image\/jpeg\" \/>\n<meta name=\"author\" content=\"mundo\" \/>\n<meta name=\"twitter:card\" content=\"summary_large_image\" \/>\n<meta name=\"twitter:creator\" content=\"@MundoAgropecuar\" \/>\n<meta name=\"twitter:site\" content=\"@MundoAgropecuar\" \/>\n<meta name=\"twitter:label1\" content=\"Escrito por\" \/>\n\t<meta name=\"twitter:data1\" content=\"mundo\" \/>\n\t<meta name=\"twitter:label2\" content=\"Tiempo de lectura\" \/>\n\t<meta name=\"twitter:data2\" content=\"4 minutos\" \/>\n<script type=\"application\/ld+json\" class=\"yoast-schema-graph\">{\"@context\":\"https:\/\/schema.org\",\"@graph\":[{\"@type\":\"Article\",\"@id\":\"https:\/\/www.mundoagropecuario.cl\/new\/estudio-comprueba-que-la-produccion-de-maqui-en-la-zona-centro-es-mas-resistente-al-estres-hidrico\/#article\",\"isPartOf\":{\"@id\":\"https:\/\/www.mundoagropecuario.cl\/new\/estudio-comprueba-que-la-produccion-de-maqui-en-la-zona-centro-es-mas-resistente-al-estres-hidrico\/\"},\"author\":{\"name\":\"mundo\",\"@id\":\"https:\/\/www.mundoagropecuario.cl\/new\/#\/schema\/person\/4e9f74a82a7dac260eb1c44b7eebeb18\"},\"headline\":\"Estudio comprueba que la producci\u00f3n de maqui en la zona centro es m\u00e1s resistente al estr\u00e9s h\u00eddrico\",\"datePublished\":\"2021-05-17T14:21:45+00:00\",\"dateModified\":\"2021-05-19T14:40:37+00:00\",\"mainEntityOfPage\":{\"@id\":\"https:\/\/www.mundoagropecuario.cl\/new\/estudio-comprueba-que-la-produccion-de-maqui-en-la-zona-centro-es-mas-resistente-al-estres-hidrico\/\"},\"wordCount\":868,\"publisher\":{\"@id\":\"https:\/\/www.mundoagropecuario.cl\/new\/#organization\"},\"image\":{\"@id\":\"https:\/\/www.mundoagropecuario.cl\/new\/estudio-comprueba-que-la-produccion-de-maqui-en-la-zona-centro-es-mas-resistente-al-estres-hidrico\/#primaryimage\"},\"thumbnailUrl\":\"https:\/\/www.mundoagropecuario.cl\/new\/wp-content\/uploads\/2021\/05\/IMG_fruto-MAQUI_14MEDIA-scaled.jpg\",\"keywords\":[\"agricola\",\"Agro\",\"antocianina.\",\"FIA\",\"maqui\",\"Minagri\",\"Pablo Guerrero\",\"Universidad de Concepci\u00f3n\"],\"articleSection\":[\"Agricultura\"],\"inLanguage\":\"es\"},{\"@type\":\"WebPage\",\"@id\":\"https:\/\/www.mundoagropecuario.cl\/new\/estudio-comprueba-que-la-produccion-de-maqui-en-la-zona-centro-es-mas-resistente-al-estres-hidrico\/\",\"url\":\"https:\/\/www.mundoagropecuario.cl\/new\/estudio-comprueba-que-la-produccion-de-maqui-en-la-zona-centro-es-mas-resistente-al-estres-hidrico\/\",\"name\":\"Estudio comprueba que la producci\u00f3n de maqui en la zona centro es m\u00e1s resistente al estr\u00e9s h\u00eddrico - Mundoagropecuario\",\"isPartOf\":{\"@id\":\"https:\/\/www.mundoagropecuario.cl\/new\/#website\"},\"primaryImageOfPage\":{\"@id\":\"https:\/\/www.mundoagropecuario.cl\/new\/estudio-comprueba-que-la-produccion-de-maqui-en-la-zona-centro-es-mas-resistente-al-estres-hidrico\/#primaryimage\"},\"image\":{\"@id\":\"https:\/\/www.mundoagropecuario.cl\/new\/estudio-comprueba-que-la-produccion-de-maqui-en-la-zona-centro-es-mas-resistente-al-estres-hidrico\/#primaryimage\"},\"thumbnailUrl\":\"https:\/\/www.mundoagropecuario.cl\/new\/wp-content\/uploads\/2021\/05\/IMG_fruto-MAQUI_14MEDIA-scaled.jpg\",\"datePublished\":\"2021-05-17T14:21:45+00:00\",\"dateModified\":\"2021-05-19T14:40:37+00:00\",\"description\":\"el equipo de la UdeC analiz\u00f3 muestras en 15 poblaciones de la fruta ubicadas entre las regiones desde Coquimbo hacia Ays\u00e9n.\",\"breadcrumb\":{\"@id\":\"https:\/\/www.mundoagropecuario.cl\/new\/estudio-comprueba-que-la-produccion-de-maqui-en-la-zona-centro-es-mas-resistente-al-estres-hidrico\/#breadcrumb\"},\"inLanguage\":\"es\",\"potentialAction\":[{\"@type\":\"ReadAction\",\"target\":[\"https:\/\/www.mundoagropecuario.cl\/new\/estudio-comprueba-que-la-produccion-de-maqui-en-la-zona-centro-es-mas-resistente-al-estres-hidrico\/\"]}]},{\"@type\":\"ImageObject\",\"inLanguage\":\"es\",\"@id\":\"https:\/\/www.mundoagropecuario.cl\/new\/estudio-comprueba-que-la-produccion-de-maqui-en-la-zona-centro-es-mas-resistente-al-estres-hidrico\/#primaryimage\",\"url\":\"https:\/\/www.mundoagropecuario.cl\/new\/wp-content\/uploads\/2021\/05\/IMG_fruto-MAQUI_14MEDIA-scaled.jpg\",\"contentUrl\":\"https:\/\/www.mundoagropecuario.cl\/new\/wp-content\/uploads\/2021\/05\/IMG_fruto-MAQUI_14MEDIA-scaled.jpg\",\"width\":600,\"height\":400},{\"@type\":\"BreadcrumbList\",\"@id\":\"https:\/\/www.mundoagropecuario.cl\/new\/estudio-comprueba-que-la-produccion-de-maqui-en-la-zona-centro-es-mas-resistente-al-estres-hidrico\/#breadcrumb\",\"itemListElement\":[{\"@type\":\"ListItem\",\"position\":1,\"name\":\"Portada\",\"item\":\"https:\/\/www.mundoagropecuario.cl\/new\/\"},{\"@type\":\"ListItem\",\"position\":2,\"name\":\"Estudio comprueba que la producci\u00f3n de maqui en la zona centro es m\u00e1s resistente al estr\u00e9s h\u00eddrico\"}]},{\"@type\":\"WebSite\",\"@id\":\"https:\/\/www.mundoagropecuario.cl\/new\/#website\",\"url\":\"https:\/\/www.mundoagropecuario.cl\/new\/\",\"name\":\"Mundoagropecuario\",\"description\":\"Mundo Agropecuario\",\"publisher\":{\"@id\":\"https:\/\/www.mundoagropecuario.cl\/new\/#organization\"},\"potentialAction\":[{\"@type\":\"SearchAction\",\"target\":{\"@type\":\"EntryPoint\",\"urlTemplate\":\"https:\/\/www.mundoagropecuario.cl\/new\/?s={search_term_string}\"},\"query-input\":{\"@type\":\"PropertyValueSpecification\",\"valueRequired\":true,\"valueName\":\"search_term_string\"}}],\"inLanguage\":\"es\"},{\"@type\":\"Organization\",\"@id\":\"https:\/\/www.mundoagropecuario.cl\/new\/#organization\",\"name\":\"Revista de Agricultura\",\"url\":\"https:\/\/www.mundoagropecuario.cl\/new\/\",\"logo\":{\"@type\":\"ImageObject\",\"inLanguage\":\"es\",\"@id\":\"https:\/\/www.mundoagropecuario.cl\/new\/#\/schema\/logo\/image\/\",\"url\":\"https:\/\/www.mundoagropecuario.cl\/new\/wp-content\/uploads\/2020\/11\/PORTAL-1-1.png\",\"contentUrl\":\"https:\/\/www.mundoagropecuario.cl\/new\/wp-content\/uploads\/2020\/11\/PORTAL-1-1.png\",\"width\":1026,\"height\":100,\"caption\":\"Revista de Agricultura\"},\"image\":{\"@id\":\"https:\/\/www.mundoagropecuario.cl\/new\/#\/schema\/logo\/image\/\"},\"sameAs\":[\"https:\/\/www.facebook.com\/mundo.agropecuario.3\",\"https:\/\/x.com\/MundoAgropecuar\",\"https:\/\/www.linkedin.com\/in\/mundo-agropecuario-934009201\/\"]},{\"@type\":\"Person\",\"@id\":\"https:\/\/www.mundoagropecuario.cl\/new\/#\/schema\/person\/4e9f74a82a7dac260eb1c44b7eebeb18\",\"name\":\"mundo\",\"url\":\"https:\/\/www.mundoagropecuario.cl\/new\/author\/mundo\/\"}]}<\/script>\n<!-- \/ Yoast SEO plugin. -->","yoast_head_json":{"title":"Estudio comprueba que la producci\u00f3n de maqui en la zona centro es m\u00e1s resistente al estr\u00e9s h\u00eddrico - Mundoagropecuario","description":"el equipo de la UdeC analiz\u00f3 muestras en 15 poblaciones de la fruta ubicadas entre las regiones desde Coquimbo hacia Ays\u00e9n.","robots":{"index":"index","follow":"follow","max-snippet":"max-snippet:-1","max-image-preview":"max-image-preview:large","max-video-preview":"max-video-preview:-1"},"canonical":"https:\/\/www.mundoagropecuario.cl\/new\/estudio-comprueba-que-la-produccion-de-maqui-en-la-zona-centro-es-mas-resistente-al-estres-hidrico\/","og_locale":"es_ES","og_type":"article","og_title":"Estudio comprueba que la producci\u00f3n de maqui en la zona centro es m\u00e1s resistente al estr\u00e9s h\u00eddrico - Mundoagropecuario","og_description":"el equipo de la UdeC analiz\u00f3 muestras en 15 poblaciones de la fruta ubicadas entre las regiones desde Coquimbo hacia Ays\u00e9n.","og_url":"https:\/\/www.mundoagropecuario.cl\/new\/estudio-comprueba-que-la-produccion-de-maqui-en-la-zona-centro-es-mas-resistente-al-estres-hidrico\/","og_site_name":"Mundoagropecuario","article_publisher":"https:\/\/www.facebook.com\/mundo.agropecuario.3","article_published_time":"2021-05-17T14:21:45+00:00","article_modified_time":"2021-05-19T14:40:37+00:00","og_image":[{"width":1024,"height":683,"url":"https:\/\/www.mundoagropecuario.cl\/new\/wp-content\/uploads\/2021\/05\/IMG_fruto-MAQUI_14MEDIA-scaled.jpg","type":"image\/jpeg"}],"author":"mundo","twitter_card":"summary_large_image","twitter_creator":"@MundoAgropecuar","twitter_site":"@MundoAgropecuar","twitter_misc":{"Escrito por":"mundo","Tiempo de lectura":"4 minutos"},"schema":{"@context":"https:\/\/schema.org","@graph":[{"@type":"Article","@id":"https:\/\/www.mundoagropecuario.cl\/new\/estudio-comprueba-que-la-produccion-de-maqui-en-la-zona-centro-es-mas-resistente-al-estres-hidrico\/#article","isPartOf":{"@id":"https:\/\/www.mundoagropecuario.cl\/new\/estudio-comprueba-que-la-produccion-de-maqui-en-la-zona-centro-es-mas-resistente-al-estres-hidrico\/"},"author":{"name":"mundo","@id":"https:\/\/www.mundoagropecuario.cl\/new\/#\/schema\/person\/4e9f74a82a7dac260eb1c44b7eebeb18"},"headline":"Estudio comprueba que la producci\u00f3n de maqui en la zona centro es m\u00e1s resistente al estr\u00e9s h\u00eddrico","datePublished":"2021-05-17T14:21:45+00:00","dateModified":"2021-05-19T14:40:37+00:00","mainEntityOfPage":{"@id":"https:\/\/www.mundoagropecuario.cl\/new\/estudio-comprueba-que-la-produccion-de-maqui-en-la-zona-centro-es-mas-resistente-al-estres-hidrico\/"},"wordCount":868,"publisher":{"@id":"https:\/\/www.mundoagropecuario.cl\/new\/#organization"},"image":{"@id":"https:\/\/www.mundoagropecuario.cl\/new\/estudio-comprueba-que-la-produccion-de-maqui-en-la-zona-centro-es-mas-resistente-al-estres-hidrico\/#primaryimage"},"thumbnailUrl":"https:\/\/www.mundoagropecuario.cl\/new\/wp-content\/uploads\/2021\/05\/IMG_fruto-MAQUI_14MEDIA-scaled.jpg","keywords":["agricola","Agro","antocianina.","FIA","maqui","Minagri","Pablo Guerrero","Universidad de Concepci\u00f3n"],"articleSection":["Agricultura"],"inLanguage":"es"},{"@type":"WebPage","@id":"https:\/\/www.mundoagropecuario.cl\/new\/estudio-comprueba-que-la-produccion-de-maqui-en-la-zona-centro-es-mas-resistente-al-estres-hidrico\/","url":"https:\/\/www.mundoagropecuario.cl\/new\/estudio-comprueba-que-la-produccion-de-maqui-en-la-zona-centro-es-mas-resistente-al-estres-hidrico\/","name":"Estudio comprueba que la producci\u00f3n de maqui en la zona centro es m\u00e1s resistente al estr\u00e9s h\u00eddrico - Mundoagropecuario","isPartOf":{"@id":"https:\/\/www.mundoagropecuario.cl\/new\/#website"},"primaryImageOfPage":{"@id":"https:\/\/www.mundoagropecuario.cl\/new\/estudio-comprueba-que-la-produccion-de-maqui-en-la-zona-centro-es-mas-resistente-al-estres-hidrico\/#primaryimage"},"image":{"@id":"https:\/\/www.mundoagropecuario.cl\/new\/estudio-comprueba-que-la-produccion-de-maqui-en-la-zona-centro-es-mas-resistente-al-estres-hidrico\/#primaryimage"},"thumbnailUrl":"https:\/\/www.mundoagropecuario.cl\/new\/wp-content\/uploads\/2021\/05\/IMG_fruto-MAQUI_14MEDIA-scaled.jpg","datePublished":"2021-05-17T14:21:45+00:00","dateModified":"2021-05-19T14:40:37+00:00","description":"el equipo de la UdeC analiz\u00f3 muestras en 15 poblaciones de la fruta ubicadas entre las regiones desde Coquimbo hacia Ays\u00e9n.","breadcrumb":{"@id":"https:\/\/www.mundoagropecuario.cl\/new\/estudio-comprueba-que-la-produccion-de-maqui-en-la-zona-centro-es-mas-resistente-al-estres-hidrico\/#breadcrumb"},"inLanguage":"es","potentialAction":[{"@type":"ReadAction","target":["https:\/\/www.mundoagropecuario.cl\/new\/estudio-comprueba-que-la-produccion-de-maqui-en-la-zona-centro-es-mas-resistente-al-estres-hidrico\/"]}]},{"@type":"ImageObject","inLanguage":"es","@id":"https:\/\/www.mundoagropecuario.cl\/new\/estudio-comprueba-que-la-produccion-de-maqui-en-la-zona-centro-es-mas-resistente-al-estres-hidrico\/#primaryimage","url":"https:\/\/www.mundoagropecuario.cl\/new\/wp-content\/uploads\/2021\/05\/IMG_fruto-MAQUI_14MEDIA-scaled.jpg","contentUrl":"https:\/\/www.mundoagropecuario.cl\/new\/wp-content\/uploads\/2021\/05\/IMG_fruto-MAQUI_14MEDIA-scaled.jpg","width":600,"height":400},{"@type":"BreadcrumbList","@id":"https:\/\/www.mundoagropecuario.cl\/new\/estudio-comprueba-que-la-produccion-de-maqui-en-la-zona-centro-es-mas-resistente-al-estres-hidrico\/#breadcrumb","itemListElement":[{"@type":"ListItem","position":1,"name":"Portada","item":"https:\/\/www.mundoagropecuario.cl\/new\/"},{"@type":"ListItem","position":2,"name":"Estudio comprueba que la producci\u00f3n de maqui en la zona centro es m\u00e1s resistente al estr\u00e9s h\u00eddrico"}]},{"@type":"WebSite","@id":"https:\/\/www.mundoagropecuario.cl\/new\/#website","url":"https:\/\/www.mundoagropecuario.cl\/new\/","name":"Mundoagropecuario","description":"Mundo Agropecuario","publisher":{"@id":"https:\/\/www.mundoagropecuario.cl\/new\/#organization"},"potentialAction":[{"@type":"SearchAction","target":{"@type":"EntryPoint","urlTemplate":"https:\/\/www.mundoagropecuario.cl\/new\/?s={search_term_string}"},"query-input":{"@type":"PropertyValueSpecification","valueRequired":true,"valueName":"search_term_string"}}],"inLanguage":"es"},{"@type":"Organization","@id":"https:\/\/www.mundoagropecuario.cl\/new\/#organization","name":"Revista de Agricultura","url":"https:\/\/www.mundoagropecuario.cl\/new\/","logo":{"@type":"ImageObject","inLanguage":"es","@id":"https:\/\/www.mundoagropecuario.cl\/new\/#\/schema\/logo\/image\/","url":"https:\/\/www.mundoagropecuario.cl\/new\/wp-content\/uploads\/2020\/11\/PORTAL-1-1.png","contentUrl":"https:\/\/www.mundoagropecuario.cl\/new\/wp-content\/uploads\/2020\/11\/PORTAL-1-1.png","width":1026,"height":100,"caption":"Revista de Agricultura"},"image":{"@id":"https:\/\/www.mundoagropecuario.cl\/new\/#\/schema\/logo\/image\/"},"sameAs":["https:\/\/www.facebook.com\/mundo.agropecuario.3","https:\/\/x.com\/MundoAgropecuar","https:\/\/www.linkedin.com\/in\/mundo-agropecuario-934009201\/"]},{"@type":"Person","@id":"https:\/\/www.mundoagropecuario.cl\/new\/#\/schema\/person\/4e9f74a82a7dac260eb1c44b7eebeb18","name":"mundo","url":"https:\/\/www.mundoagropecuario.cl\/new\/author\/mundo\/"}]}},"_links":{"self":[{"href":"https:\/\/www.mundoagropecuario.cl\/new\/wp-json\/wp\/v2\/posts\/18960","targetHints":{"allow":["GET"]}}],"collection":[{"href":"https:\/\/www.mundoagropecuario.cl\/new\/wp-json\/wp\/v2\/posts"}],"about":[{"href":"https:\/\/www.mundoagropecuario.cl\/new\/wp-json\/wp\/v2\/types\/post"}],"author":[{"embeddable":true,"href":"https:\/\/www.mundoagropecuario.cl\/new\/wp-json\/wp\/v2\/users\/2"}],"replies":[{"embeddable":true,"href":"https:\/\/www.mundoagropecuario.cl\/new\/wp-json\/wp\/v2\/comments?post=18960"}],"version-history":[{"count":1,"href":"https:\/\/www.mundoagropecuario.cl\/new\/wp-json\/wp\/v2\/posts\/18960\/revisions"}],"predecessor-version":[{"id":18963,"href":"https:\/\/www.mundoagropecuario.cl\/new\/wp-json\/wp\/v2\/posts\/18960\/revisions\/18963"}],"wp:featuredmedia":[{"embeddable":true,"href":"https:\/\/www.mundoagropecuario.cl\/new\/wp-json\/wp\/v2\/media\/18961"}],"wp:attachment":[{"href":"https:\/\/www.mundoagropecuario.cl\/new\/wp-json\/wp\/v2\/media?parent=18960"}],"wp:term":[{"taxonomy":"category","embeddable":true,"href":"https:\/\/www.mundoagropecuario.cl\/new\/wp-json\/wp\/v2\/categories?post=18960"},{"taxonomy":"post_tag","embeddable":true,"href":"https:\/\/www.mundoagropecuario.cl\/new\/wp-json\/wp\/v2\/tags?post=18960"}],"curies":[{"name":"wp","href":"https:\/\/api.w.org\/{rel}","templated":true}]}}