{"id":18929,"date":"2021-05-13T12:10:51","date_gmt":"2021-05-13T15:10:51","guid":{"rendered":"https:\/\/www.mundoagropecuario.cl\/new\/?p=18929"},"modified":"2021-05-14T13:57:18","modified_gmt":"2021-05-14T16:57:18","slug":"el-761-de-las-cooperativas-agricolas-de-la-araucania-son-conformadas-por-poblacion-mapuche","status":"publish","type":"post","link":"https:\/\/www.mundoagropecuario.cl\/new\/el-761-de-las-cooperativas-agricolas-de-la-araucania-son-conformadas-por-poblacion-mapuche\/","title":{"rendered":"El 76,1% de las cooperativas agr\u00edcolas de La Araucan\u00eda son conformadas por poblaci\u00f3n mapuche"},"content":{"rendered":"<blockquote>\n<h2><span style=\"color: #003300;\">El estudio fue realizado por la Universidad de La Frontera en el marco del programa nacional de cooperativismo de la Fundaci\u00f3n para la Innovaci\u00f3n Agraria (FIA). La iniciativa pa\u00eds tambi\u00e9n contempla trabajo educativo y de capacitaci\u00f3n.<\/span><\/h2>\n<\/blockquote>\n<p>Las cooperativas de La Araucan\u00eda est\u00e1n preferentemente conformadas por poblaci\u00f3n mapuche, adscribi\u00e9ndose el 76,1% de 105 organizaciones consultadas por un estudio que recientemente elabor\u00f3 su identificaci\u00f3n y diagn\u00f3stico. En t\u00e9rminos de localizaci\u00f3n, el 78,1% de ellas, se establecen en la Provincia de Caut\u00edn, y en las comunas de Temuco, Padre Las Casas, Vilc\u00fan, Imperial y Freire, concentrando el 42,8% de las cooperativas en funcionamiento.<\/p>\n<p>As\u00ed lo confirma, el an\u00e1lisis sobre \u201cIdentificaci\u00f3n y Diagn\u00f3stico en Terreno de Cooperativas del Sector Silvoagropecuario y la Cadena de Valor Asociada, en la Regi\u00f3n de La Araucan\u00eda\u201d, realizado por la Facultad de Ciencias Agropecuarias y Forestales, de Universidad La Frontera, en el marco del programa de cooperativas de la Fundaci\u00f3n para la Innovaci\u00f3n Agraria (FIA).<\/p>\n<p>\u201cCon la ejecuci\u00f3n de este diagn\u00f3stico logramos levantar informaci\u00f3n estrat\u00e9gica, que no estaba disponible, y que nos servir\u00e1 de insumo para orientar nuestro trabajo de cara al fomento del cooperativismo en la regi\u00f3n de La Araucan\u00eda. Adem\u00e1s, es relevante mencionar que este trabajo tambi\u00e9n lo efectuamos en las otras quince regiones del pa\u00eds, en alianza con diferentes universidades regionales. Como FIA estamos comprometidos con el fomento del modelo cooperativo, porque no s\u00f3lo permite avanzar en el desarrollo econ\u00f3mico del sector, sino tambi\u00e9n en su desarrollo territorial y social, gracias a los valores que son propios de \u00e9ste modelo\u201d, indic\u00f3 la jefa de la Unidad de Desarrollo Estrat\u00e9gico de FIA, Dominique Chauveau.<\/p>\n<p><strong><span style=\"color: #003300;\">Resultados<\/span><\/strong><\/p>\n<p><a href=\"https:\/\/www.mundoagropecuario.cl\/new\/wp-content\/uploads\/2021\/05\/cooperativa_FIA2-scaled.jpeg\"><img loading=\"lazy\" decoding=\"async\" class=\"size-medium wp-image-18931 alignleft\" src=\"https:\/\/www.mundoagropecuario.cl\/new\/wp-content\/uploads\/2021\/05\/cooperativa_FIA2-586x330.jpeg\" alt=\"\" width=\"586\" height=\"330\" srcset=\"https:\/\/www.mundoagropecuario.cl\/new\/wp-content\/uploads\/2021\/05\/cooperativa_FIA2-586x330.jpeg 586w, https:\/\/www.mundoagropecuario.cl\/new\/wp-content\/uploads\/2021\/05\/cooperativa_FIA2-1024x576.jpeg 1024w, https:\/\/www.mundoagropecuario.cl\/new\/wp-content\/uploads\/2021\/05\/cooperativa_FIA2-768x432.jpeg 768w, https:\/\/www.mundoagropecuario.cl\/new\/wp-content\/uploads\/2021\/05\/cooperativa_FIA2-1536x864.jpeg 1536w, https:\/\/www.mundoagropecuario.cl\/new\/wp-content\/uploads\/2021\/05\/cooperativa_FIA2-scaled.jpeg 711w\" sizes=\"auto, (max-width: 586px) 100vw, 586px\" \/><\/a>Uno de los resultados es que, del total de 105 cooperativas analizadas en La Araucan\u00eda, el 76,1% est\u00e1n preferentemente conformadas por poblaci\u00f3n mapuche. En t\u00e9rminos de localizaci\u00f3n, el 78,1% de ellas, se establecen en la Provincia de Caut\u00edn, y en las comunas de Temuco, Padre Las Casas, Vilc\u00fan, Imperial y Freire, concentrando el 42,8% de las cooperativas en funcionamiento.<\/p>\n<p>En cuanto a participaci\u00f3n por g\u00e9nero, las mujeres activas alcanzan a un 42,6%, cuyo porcentaje est\u00e1 dado principalmente por la existencia de algunas cooperativas constituidas solo por mujeres, ya que al considerar cooperativas donde sus socios son hombres y mujeres, el porcentaje disminuye aproximadamente en un 50%. La incorporaci\u00f3n de j\u00f3venes menores de 35 a\u00f1os es limitada en la regi\u00f3n, alcanzando a un 12,08%, y la edad promedio de los asociados es de 48,4 a\u00f1os.<\/p>\n<p><strong><span style=\"color: #003300;\">Cadena de valor<\/span><\/strong><\/p>\n<p>Finalmente, el estudio en La Araucan\u00eda arroj\u00f3 que s\u00f3lo 22 de las 105 cooperativas declara alg\u00fan grado de agregaci\u00f3n de valor a sus productos y s\u00f3lo 10, un grado mayor. Los negocios cooperativos son de vital importancia para la sostenibilidad. Se estima que un 62% no posee planes negocios; que son muy pocas las cooperativas que tienen personal asociado a ventas; y que la agregaci\u00f3n de valor s\u00f3lo llega, en alg\u00fan grado, al 21% de las cooperativas regionales encuestadas, y menos del 10% de ellas han logrado mayor de agregaci\u00f3n de valor.<\/p>\n<p><strong><span style=\"color: #003300;\">FIA y el cooperativismo<\/span><\/strong><\/p>\n<p><a href=\"https:\/\/www.mundoagropecuario.cl\/new\/wp-content\/uploads\/2021\/05\/cooperativa_3-scaled.jpeg\"><img loading=\"lazy\" decoding=\"async\" class=\" wp-image-18932 alignright\" src=\"https:\/\/www.mundoagropecuario.cl\/new\/wp-content\/uploads\/2021\/05\/cooperativa_3-586x390.jpeg\" alt=\"\" width=\"507\" height=\"341\" \/><\/a>Adem\u00e1s del estudio que realiz\u00f3 la Universidad de Frontera, y que adem\u00e1s se est\u00e1 desarrollando con otras casas de estudios para detectar las brechas en el resto de las regiones del pa\u00eds; existen otras acciones que la Fundaci\u00f3n para la Innovaci\u00f3n Agraria realiza desde el a\u00f1o 2014.<\/p>\n<p>En primera instancia, FIA junto a Rabo Partnerships B.V. trabajaron con el objetivo de asesorar al Ministerio de Agricultura de Chile en el dise\u00f1o de un entorno habilitante y sustentable de largo plazo para apoyar a las cooperativas de productores del sector agroalimentario en su proceso de transformaci\u00f3n hacia empresas cooperativas de tipo empresarial, abordando aspectos relacionados con el sistema agroalimentario, cadenas de valor, curriculum y legislaci\u00f3n.<\/p>\n<p><strong><span style=\"color: #003300;\">Co \u2013 Construcci\u00f3n<\/span><\/strong><\/p>\n<p>Por otro lado, el trabajo colaborativo tambi\u00e9n se ha desarrollado junto a Odepa y la consultora Legado Humano, para elaborar la estrategia MINAGRI para fomentar la asociatividad en el sector silvoagropecuario y en la cadena agroalimentaria asociada.<\/p>\n<p>Finalmente, y con el prop\u00f3sito de acercar a\u00fan m\u00e1s el modelo cooperativo, FIA est\u00e1 pronto a estructurar un plan de difusi\u00f3n que se realizar\u00e1 a trav\u00e9s de la plataforma Chile Agr\u00edcola. En espec\u00edfico, a partir de los resultados obtenidos en el diagn\u00f3stico efectuado a cooperativas a lo largo de Chile, se relevar\u00e1n casos de \u00e9xito reales para ser difundidos a trav\u00e9s de esta plataforma.<\/p>\n","protected":false},"excerpt":{"rendered":"<p>Uno de los resultados es que, del total de 105 cooperativas analizadas en La Araucan\u00eda, el 76,1% est\u00e1n preferentemente conformadas por poblaci\u00f3n mapuche.<\/p>\n","protected":false},"author":2,"featured_media":18930,"comment_status":"closed","ping_status":"closed","sticky":false,"template":"","format":"standard","meta":{"footnotes":""},"categories":[1945],"tags":[3127,2307,2124,2052,5605,5604,4240],"class_list":["post-18929","post","type-post","status-publish","format-standard","has-post-thumbnail","hentry","category-agricultura","tag-agro","tag-cooperativas-agricolas","tag-fia","tag-inia","tag-poblacion-mapuche","tag-sector-silvoagropecuario","tag-universidad-de-la-frontera"],"yoast_head":"<!-- This site is optimized with the Yoast SEO plugin v26.6 - https:\/\/yoast.com\/wordpress\/plugins\/seo\/ -->\n<title>El 76,1% de las cooperativas agr\u00edcolas de La Araucan\u00eda son conformadas por poblaci\u00f3n mapuche - Mundoagropecuario<\/title>\n<meta name=\"description\" content=\"Las cooperativas de La Araucan\u00eda est\u00e1n preferentemente conformadas por poblaci\u00f3n mapuche, adscribi\u00e9ndose el 76,1%\" \/>\n<meta name=\"robots\" content=\"index, follow, max-snippet:-1, max-image-preview:large, max-video-preview:-1\" \/>\n<link rel=\"canonical\" href=\"https:\/\/www.mundoagropecuario.cl\/new\/el-761-de-las-cooperativas-agricolas-de-la-araucania-son-conformadas-por-poblacion-mapuche\/\" \/>\n<meta property=\"og:locale\" content=\"es_ES\" \/>\n<meta property=\"og:type\" content=\"article\" \/>\n<meta property=\"og:title\" content=\"El 76,1% de las cooperativas agr\u00edcolas de La Araucan\u00eda son conformadas por poblaci\u00f3n mapuche - Mundoagropecuario\" \/>\n<meta property=\"og:description\" content=\"Las cooperativas de La Araucan\u00eda est\u00e1n preferentemente conformadas por poblaci\u00f3n mapuche, adscribi\u00e9ndose el 76,1%\" \/>\n<meta property=\"og:url\" content=\"https:\/\/www.mundoagropecuario.cl\/new\/el-761-de-las-cooperativas-agricolas-de-la-araucania-son-conformadas-por-poblacion-mapuche\/\" \/>\n<meta property=\"og:site_name\" content=\"Mundoagropecuario\" \/>\n<meta property=\"article:publisher\" content=\"https:\/\/www.facebook.com\/mundo.agropecuario.3\" \/>\n<meta property=\"article:published_time\" content=\"2021-05-13T15:10:51+00:00\" \/>\n<meta property=\"article:modified_time\" content=\"2021-05-14T16:57:18+00:00\" \/>\n<meta property=\"og:image\" content=\"https:\/\/www.mundoagropecuario.cl\/new\/wp-content\/uploads\/2021\/05\/cooperativa_FIA.jpeg\" \/>\n\t<meta property=\"og:image:width\" content=\"400\" \/>\n\t<meta property=\"og:image:height\" content=\"266\" \/>\n\t<meta property=\"og:image:type\" content=\"image\/jpeg\" \/>\n<meta name=\"author\" content=\"mundo\" \/>\n<meta name=\"twitter:card\" content=\"summary_large_image\" \/>\n<meta name=\"twitter:creator\" content=\"@MundoAgropecuar\" \/>\n<meta name=\"twitter:site\" content=\"@MundoAgropecuar\" \/>\n<meta name=\"twitter:label1\" content=\"Escrito por\" \/>\n\t<meta name=\"twitter:data1\" content=\"mundo\" \/>\n\t<meta name=\"twitter:label2\" content=\"Tiempo de lectura\" \/>\n\t<meta name=\"twitter:data2\" content=\"4 minutos\" \/>\n<script type=\"application\/ld+json\" class=\"yoast-schema-graph\">{\"@context\":\"https:\/\/schema.org\",\"@graph\":[{\"@type\":\"Article\",\"@id\":\"https:\/\/www.mundoagropecuario.cl\/new\/el-761-de-las-cooperativas-agricolas-de-la-araucania-son-conformadas-por-poblacion-mapuche\/#article\",\"isPartOf\":{\"@id\":\"https:\/\/www.mundoagropecuario.cl\/new\/el-761-de-las-cooperativas-agricolas-de-la-araucania-son-conformadas-por-poblacion-mapuche\/\"},\"author\":{\"name\":\"mundo\",\"@id\":\"https:\/\/www.mundoagropecuario.cl\/new\/#\/schema\/person\/4e9f74a82a7dac260eb1c44b7eebeb18\"},\"headline\":\"El 76,1% de las cooperativas agr\u00edcolas de La Araucan\u00eda son conformadas por poblaci\u00f3n mapuche\",\"datePublished\":\"2021-05-13T15:10:51+00:00\",\"dateModified\":\"2021-05-14T16:57:18+00:00\",\"mainEntityOfPage\":{\"@id\":\"https:\/\/www.mundoagropecuario.cl\/new\/el-761-de-las-cooperativas-agricolas-de-la-araucania-son-conformadas-por-poblacion-mapuche\/\"},\"wordCount\":794,\"publisher\":{\"@id\":\"https:\/\/www.mundoagropecuario.cl\/new\/#organization\"},\"image\":{\"@id\":\"https:\/\/www.mundoagropecuario.cl\/new\/el-761-de-las-cooperativas-agricolas-de-la-araucania-son-conformadas-por-poblacion-mapuche\/#primaryimage\"},\"thumbnailUrl\":\"https:\/\/www.mundoagropecuario.cl\/new\/wp-content\/uploads\/2021\/05\/cooperativa_FIA.jpeg\",\"keywords\":[\"Agro\",\"Cooperativas agr\u00edcolas\",\"FIA\",\"INIA\",\"poblaci\u00f3n mapuche\",\"Sector Silvoagropecuario\",\"Universidad de La Frontera\"],\"articleSection\":[\"Agricultura\"],\"inLanguage\":\"es\"},{\"@type\":\"WebPage\",\"@id\":\"https:\/\/www.mundoagropecuario.cl\/new\/el-761-de-las-cooperativas-agricolas-de-la-araucania-son-conformadas-por-poblacion-mapuche\/\",\"url\":\"https:\/\/www.mundoagropecuario.cl\/new\/el-761-de-las-cooperativas-agricolas-de-la-araucania-son-conformadas-por-poblacion-mapuche\/\",\"name\":\"El 76,1% de las cooperativas agr\u00edcolas de La Araucan\u00eda son conformadas por poblaci\u00f3n mapuche - Mundoagropecuario\",\"isPartOf\":{\"@id\":\"https:\/\/www.mundoagropecuario.cl\/new\/#website\"},\"primaryImageOfPage\":{\"@id\":\"https:\/\/www.mundoagropecuario.cl\/new\/el-761-de-las-cooperativas-agricolas-de-la-araucania-son-conformadas-por-poblacion-mapuche\/#primaryimage\"},\"image\":{\"@id\":\"https:\/\/www.mundoagropecuario.cl\/new\/el-761-de-las-cooperativas-agricolas-de-la-araucania-son-conformadas-por-poblacion-mapuche\/#primaryimage\"},\"thumbnailUrl\":\"https:\/\/www.mundoagropecuario.cl\/new\/wp-content\/uploads\/2021\/05\/cooperativa_FIA.jpeg\",\"datePublished\":\"2021-05-13T15:10:51+00:00\",\"dateModified\":\"2021-05-14T16:57:18+00:00\",\"description\":\"Las cooperativas de La Araucan\u00eda est\u00e1n preferentemente conformadas por poblaci\u00f3n mapuche, adscribi\u00e9ndose el 76,1%\",\"breadcrumb\":{\"@id\":\"https:\/\/www.mundoagropecuario.cl\/new\/el-761-de-las-cooperativas-agricolas-de-la-araucania-son-conformadas-por-poblacion-mapuche\/#breadcrumb\"},\"inLanguage\":\"es\",\"potentialAction\":[{\"@type\":\"ReadAction\",\"target\":[\"https:\/\/www.mundoagropecuario.cl\/new\/el-761-de-las-cooperativas-agricolas-de-la-araucania-son-conformadas-por-poblacion-mapuche\/\"]}]},{\"@type\":\"ImageObject\",\"inLanguage\":\"es\",\"@id\":\"https:\/\/www.mundoagropecuario.cl\/new\/el-761-de-las-cooperativas-agricolas-de-la-araucania-son-conformadas-por-poblacion-mapuche\/#primaryimage\",\"url\":\"https:\/\/www.mundoagropecuario.cl\/new\/wp-content\/uploads\/2021\/05\/cooperativa_FIA.jpeg\",\"contentUrl\":\"https:\/\/www.mundoagropecuario.cl\/new\/wp-content\/uploads\/2021\/05\/cooperativa_FIA.jpeg\",\"width\":400,\"height\":266},{\"@type\":\"BreadcrumbList\",\"@id\":\"https:\/\/www.mundoagropecuario.cl\/new\/el-761-de-las-cooperativas-agricolas-de-la-araucania-son-conformadas-por-poblacion-mapuche\/#breadcrumb\",\"itemListElement\":[{\"@type\":\"ListItem\",\"position\":1,\"name\":\"Portada\",\"item\":\"https:\/\/www.mundoagropecuario.cl\/new\/\"},{\"@type\":\"ListItem\",\"position\":2,\"name\":\"El 76,1% de las cooperativas agr\u00edcolas de La Araucan\u00eda son conformadas por poblaci\u00f3n mapuche\"}]},{\"@type\":\"WebSite\",\"@id\":\"https:\/\/www.mundoagropecuario.cl\/new\/#website\",\"url\":\"https:\/\/www.mundoagropecuario.cl\/new\/\",\"name\":\"Mundoagropecuario\",\"description\":\"Mundo Agropecuario\",\"publisher\":{\"@id\":\"https:\/\/www.mundoagropecuario.cl\/new\/#organization\"},\"potentialAction\":[{\"@type\":\"SearchAction\",\"target\":{\"@type\":\"EntryPoint\",\"urlTemplate\":\"https:\/\/www.mundoagropecuario.cl\/new\/?s={search_term_string}\"},\"query-input\":{\"@type\":\"PropertyValueSpecification\",\"valueRequired\":true,\"valueName\":\"search_term_string\"}}],\"inLanguage\":\"es\"},{\"@type\":\"Organization\",\"@id\":\"https:\/\/www.mundoagropecuario.cl\/new\/#organization\",\"name\":\"Revista de Agricultura\",\"url\":\"https:\/\/www.mundoagropecuario.cl\/new\/\",\"logo\":{\"@type\":\"ImageObject\",\"inLanguage\":\"es\",\"@id\":\"https:\/\/www.mundoagropecuario.cl\/new\/#\/schema\/logo\/image\/\",\"url\":\"https:\/\/www.mundoagropecuario.cl\/new\/wp-content\/uploads\/2020\/11\/PORTAL-1-1.png\",\"contentUrl\":\"https:\/\/www.mundoagropecuario.cl\/new\/wp-content\/uploads\/2020\/11\/PORTAL-1-1.png\",\"width\":1026,\"height\":100,\"caption\":\"Revista de Agricultura\"},\"image\":{\"@id\":\"https:\/\/www.mundoagropecuario.cl\/new\/#\/schema\/logo\/image\/\"},\"sameAs\":[\"https:\/\/www.facebook.com\/mundo.agropecuario.3\",\"https:\/\/x.com\/MundoAgropecuar\",\"https:\/\/www.linkedin.com\/in\/mundo-agropecuario-934009201\/\"]},{\"@type\":\"Person\",\"@id\":\"https:\/\/www.mundoagropecuario.cl\/new\/#\/schema\/person\/4e9f74a82a7dac260eb1c44b7eebeb18\",\"name\":\"mundo\",\"url\":\"https:\/\/www.mundoagropecuario.cl\/new\/author\/mundo\/\"}]}<\/script>\n<!-- \/ Yoast SEO plugin. -->","yoast_head_json":{"title":"El 76,1% de las cooperativas agr\u00edcolas de La Araucan\u00eda son conformadas por poblaci\u00f3n mapuche - Mundoagropecuario","description":"Las cooperativas de La Araucan\u00eda est\u00e1n preferentemente conformadas por poblaci\u00f3n mapuche, adscribi\u00e9ndose el 76,1%","robots":{"index":"index","follow":"follow","max-snippet":"max-snippet:-1","max-image-preview":"max-image-preview:large","max-video-preview":"max-video-preview:-1"},"canonical":"https:\/\/www.mundoagropecuario.cl\/new\/el-761-de-las-cooperativas-agricolas-de-la-araucania-son-conformadas-por-poblacion-mapuche\/","og_locale":"es_ES","og_type":"article","og_title":"El 76,1% de las cooperativas agr\u00edcolas de La Araucan\u00eda son conformadas por poblaci\u00f3n mapuche - Mundoagropecuario","og_description":"Las cooperativas de La Araucan\u00eda est\u00e1n preferentemente conformadas por poblaci\u00f3n mapuche, adscribi\u00e9ndose el 76,1%","og_url":"https:\/\/www.mundoagropecuario.cl\/new\/el-761-de-las-cooperativas-agricolas-de-la-araucania-son-conformadas-por-poblacion-mapuche\/","og_site_name":"Mundoagropecuario","article_publisher":"https:\/\/www.facebook.com\/mundo.agropecuario.3","article_published_time":"2021-05-13T15:10:51+00:00","article_modified_time":"2021-05-14T16:57:18+00:00","og_image":[{"width":400,"height":266,"url":"https:\/\/www.mundoagropecuario.cl\/new\/wp-content\/uploads\/2021\/05\/cooperativa_FIA.jpeg","type":"image\/jpeg"}],"author":"mundo","twitter_card":"summary_large_image","twitter_creator":"@MundoAgropecuar","twitter_site":"@MundoAgropecuar","twitter_misc":{"Escrito por":"mundo","Tiempo de lectura":"4 minutos"},"schema":{"@context":"https:\/\/schema.org","@graph":[{"@type":"Article","@id":"https:\/\/www.mundoagropecuario.cl\/new\/el-761-de-las-cooperativas-agricolas-de-la-araucania-son-conformadas-por-poblacion-mapuche\/#article","isPartOf":{"@id":"https:\/\/www.mundoagropecuario.cl\/new\/el-761-de-las-cooperativas-agricolas-de-la-araucania-son-conformadas-por-poblacion-mapuche\/"},"author":{"name":"mundo","@id":"https:\/\/www.mundoagropecuario.cl\/new\/#\/schema\/person\/4e9f74a82a7dac260eb1c44b7eebeb18"},"headline":"El 76,1% de las cooperativas agr\u00edcolas de La Araucan\u00eda son conformadas por poblaci\u00f3n mapuche","datePublished":"2021-05-13T15:10:51+00:00","dateModified":"2021-05-14T16:57:18+00:00","mainEntityOfPage":{"@id":"https:\/\/www.mundoagropecuario.cl\/new\/el-761-de-las-cooperativas-agricolas-de-la-araucania-son-conformadas-por-poblacion-mapuche\/"},"wordCount":794,"publisher":{"@id":"https:\/\/www.mundoagropecuario.cl\/new\/#organization"},"image":{"@id":"https:\/\/www.mundoagropecuario.cl\/new\/el-761-de-las-cooperativas-agricolas-de-la-araucania-son-conformadas-por-poblacion-mapuche\/#primaryimage"},"thumbnailUrl":"https:\/\/www.mundoagropecuario.cl\/new\/wp-content\/uploads\/2021\/05\/cooperativa_FIA.jpeg","keywords":["Agro","Cooperativas agr\u00edcolas","FIA","INIA","poblaci\u00f3n mapuche","Sector Silvoagropecuario","Universidad de La Frontera"],"articleSection":["Agricultura"],"inLanguage":"es"},{"@type":"WebPage","@id":"https:\/\/www.mundoagropecuario.cl\/new\/el-761-de-las-cooperativas-agricolas-de-la-araucania-son-conformadas-por-poblacion-mapuche\/","url":"https:\/\/www.mundoagropecuario.cl\/new\/el-761-de-las-cooperativas-agricolas-de-la-araucania-son-conformadas-por-poblacion-mapuche\/","name":"El 76,1% de las cooperativas agr\u00edcolas de La Araucan\u00eda son conformadas por poblaci\u00f3n mapuche - Mundoagropecuario","isPartOf":{"@id":"https:\/\/www.mundoagropecuario.cl\/new\/#website"},"primaryImageOfPage":{"@id":"https:\/\/www.mundoagropecuario.cl\/new\/el-761-de-las-cooperativas-agricolas-de-la-araucania-son-conformadas-por-poblacion-mapuche\/#primaryimage"},"image":{"@id":"https:\/\/www.mundoagropecuario.cl\/new\/el-761-de-las-cooperativas-agricolas-de-la-araucania-son-conformadas-por-poblacion-mapuche\/#primaryimage"},"thumbnailUrl":"https:\/\/www.mundoagropecuario.cl\/new\/wp-content\/uploads\/2021\/05\/cooperativa_FIA.jpeg","datePublished":"2021-05-13T15:10:51+00:00","dateModified":"2021-05-14T16:57:18+00:00","description":"Las cooperativas de La Araucan\u00eda est\u00e1n preferentemente conformadas por poblaci\u00f3n mapuche, adscribi\u00e9ndose el 76,1%","breadcrumb":{"@id":"https:\/\/www.mundoagropecuario.cl\/new\/el-761-de-las-cooperativas-agricolas-de-la-araucania-son-conformadas-por-poblacion-mapuche\/#breadcrumb"},"inLanguage":"es","potentialAction":[{"@type":"ReadAction","target":["https:\/\/www.mundoagropecuario.cl\/new\/el-761-de-las-cooperativas-agricolas-de-la-araucania-son-conformadas-por-poblacion-mapuche\/"]}]},{"@type":"ImageObject","inLanguage":"es","@id":"https:\/\/www.mundoagropecuario.cl\/new\/el-761-de-las-cooperativas-agricolas-de-la-araucania-son-conformadas-por-poblacion-mapuche\/#primaryimage","url":"https:\/\/www.mundoagropecuario.cl\/new\/wp-content\/uploads\/2021\/05\/cooperativa_FIA.jpeg","contentUrl":"https:\/\/www.mundoagropecuario.cl\/new\/wp-content\/uploads\/2021\/05\/cooperativa_FIA.jpeg","width":400,"height":266},{"@type":"BreadcrumbList","@id":"https:\/\/www.mundoagropecuario.cl\/new\/el-761-de-las-cooperativas-agricolas-de-la-araucania-son-conformadas-por-poblacion-mapuche\/#breadcrumb","itemListElement":[{"@type":"ListItem","position":1,"name":"Portada","item":"https:\/\/www.mundoagropecuario.cl\/new\/"},{"@type":"ListItem","position":2,"name":"El 76,1% de las cooperativas agr\u00edcolas de La Araucan\u00eda son conformadas por poblaci\u00f3n mapuche"}]},{"@type":"WebSite","@id":"https:\/\/www.mundoagropecuario.cl\/new\/#website","url":"https:\/\/www.mundoagropecuario.cl\/new\/","name":"Mundoagropecuario","description":"Mundo Agropecuario","publisher":{"@id":"https:\/\/www.mundoagropecuario.cl\/new\/#organization"},"potentialAction":[{"@type":"SearchAction","target":{"@type":"EntryPoint","urlTemplate":"https:\/\/www.mundoagropecuario.cl\/new\/?s={search_term_string}"},"query-input":{"@type":"PropertyValueSpecification","valueRequired":true,"valueName":"search_term_string"}}],"inLanguage":"es"},{"@type":"Organization","@id":"https:\/\/www.mundoagropecuario.cl\/new\/#organization","name":"Revista de Agricultura","url":"https:\/\/www.mundoagropecuario.cl\/new\/","logo":{"@type":"ImageObject","inLanguage":"es","@id":"https:\/\/www.mundoagropecuario.cl\/new\/#\/schema\/logo\/image\/","url":"https:\/\/www.mundoagropecuario.cl\/new\/wp-content\/uploads\/2020\/11\/PORTAL-1-1.png","contentUrl":"https:\/\/www.mundoagropecuario.cl\/new\/wp-content\/uploads\/2020\/11\/PORTAL-1-1.png","width":1026,"height":100,"caption":"Revista de Agricultura"},"image":{"@id":"https:\/\/www.mundoagropecuario.cl\/new\/#\/schema\/logo\/image\/"},"sameAs":["https:\/\/www.facebook.com\/mundo.agropecuario.3","https:\/\/x.com\/MundoAgropecuar","https:\/\/www.linkedin.com\/in\/mundo-agropecuario-934009201\/"]},{"@type":"Person","@id":"https:\/\/www.mundoagropecuario.cl\/new\/#\/schema\/person\/4e9f74a82a7dac260eb1c44b7eebeb18","name":"mundo","url":"https:\/\/www.mundoagropecuario.cl\/new\/author\/mundo\/"}]}},"_links":{"self":[{"href":"https:\/\/www.mundoagropecuario.cl\/new\/wp-json\/wp\/v2\/posts\/18929","targetHints":{"allow":["GET"]}}],"collection":[{"href":"https:\/\/www.mundoagropecuario.cl\/new\/wp-json\/wp\/v2\/posts"}],"about":[{"href":"https:\/\/www.mundoagropecuario.cl\/new\/wp-json\/wp\/v2\/types\/post"}],"author":[{"embeddable":true,"href":"https:\/\/www.mundoagropecuario.cl\/new\/wp-json\/wp\/v2\/users\/2"}],"replies":[{"embeddable":true,"href":"https:\/\/www.mundoagropecuario.cl\/new\/wp-json\/wp\/v2\/comments?post=18929"}],"version-history":[{"count":2,"href":"https:\/\/www.mundoagropecuario.cl\/new\/wp-json\/wp\/v2\/posts\/18929\/revisions"}],"predecessor-version":[{"id":18957,"href":"https:\/\/www.mundoagropecuario.cl\/new\/wp-json\/wp\/v2\/posts\/18929\/revisions\/18957"}],"wp:featuredmedia":[{"embeddable":true,"href":"https:\/\/www.mundoagropecuario.cl\/new\/wp-json\/wp\/v2\/media\/18930"}],"wp:attachment":[{"href":"https:\/\/www.mundoagropecuario.cl\/new\/wp-json\/wp\/v2\/media?parent=18929"}],"wp:term":[{"taxonomy":"category","embeddable":true,"href":"https:\/\/www.mundoagropecuario.cl\/new\/wp-json\/wp\/v2\/categories?post=18929"},{"taxonomy":"post_tag","embeddable":true,"href":"https:\/\/www.mundoagropecuario.cl\/new\/wp-json\/wp\/v2\/tags?post=18929"}],"curies":[{"name":"wp","href":"https:\/\/api.w.org\/{rel}","templated":true}]}}