{"id":18901,"date":"2021-05-12T11:17:48","date_gmt":"2021-05-12T14:17:48","guid":{"rendered":"https:\/\/www.mundoagropecuario.cl\/new\/?p=18901"},"modified":"2021-05-13T12:36:57","modified_gmt":"2021-05-13T15:36:57","slug":"entregan-recomendaciones-sobre-produccion-y-manejo-de-berries-en-epoca-de-otono-invierno","status":"publish","type":"post","link":"https:\/\/www.mundoagropecuario.cl\/new\/entregan-recomendaciones-sobre-produccion-y-manejo-de-berries-en-epoca-de-otono-invierno\/","title":{"rendered":"Entregan recomendaciones sobre producci\u00f3n y manejo de berries en \u00e9poca de oto\u00f1o-invierno"},"content":{"rendered":"<blockquote>\n<h2><span style=\"color: #333300;\">En el marco de un seminario web frut\u00edcola se realizaron presentaciones de investigadores de distintos centros del INIA, sobre producci\u00f3n y manejo de frambueso, ar\u00e1ndano, frutilla y manejo de Drosophila suzukii para peque\u00f1os productores de berries del sur de Chile<\/span><\/h2>\n<\/blockquote>\n<p>Una serie de recomendaciones sobre producci\u00f3n y manejo de berries en \u00e9poca de oto\u00f1o-invierno, dieron a conocer expertos del Instituto de Investigaciones Agropecuarias (INIA), en un seminario web realizado en el marco del Programa de \u201cTransferencia tecnol\u00f3gica para el eslab\u00f3n productivo de la cadena ovina, l\u00e1ctea y hortofrut\u00edcola\u201d, perteneciente a la Pol\u00edtica Regional de Desarrollo Silvoagropecuario del Gobierno Regional de Los R\u00edos.<\/p>\n<p><strong><span style=\"color: #333300;\"><a href=\"https:\/\/www.mundoagropecuario.cl\/new\/wp-content\/uploads\/2021\/05\/webinar-fruti\u0301cola-1.jpg\"><img loading=\"lazy\" decoding=\"async\" class=\" wp-image-18903 alignright\" src=\"https:\/\/www.mundoagropecuario.cl\/new\/wp-content\/uploads\/2021\/05\/webinar-fruti\u0301cola-1-580x490.jpg\" alt=\"\" width=\"488\" height=\"386\" \/><\/a>El investigador de INIA Josu\u00e9 Mart\u00ednez-Lagos,<\/span> <\/strong>coordinador y moderador del evento, indic\u00f3 que \u201cla producci\u00f3n de berries en la agricultura familiar del sur de Chile tiene una oportunidad de crecimiento, sin embargo, es necesario afrontar individual y grupalmente grandes desaf\u00edos como aumentar la eficiencia productiva, mejorar el manejo t\u00e9cnico del huerto frut\u00edcola y la eficiencia en el uso de insumos y recursos naturales, as\u00ed como la sanidad del huerto. Adem\u00e1s, usar variedades con buen potencial productivo, mejorar la infraestructura productiva, trabajar en temas de asociatividad y comercializaci\u00f3n e incorporar nuevas pr\u00e1cticas y tecnolog\u00edas para lograr no solo un incremento en los rendimientos, sino que la producci\u00f3n sea sustentable a la vez\u201d.<\/p>\n<p>El profesional del INIA explic\u00f3 que \u201ceste programa ha realizado entre los meses de marzo y mayo, otros tres grandes webinars gratuitos en temas relevantes para el sur de Chile que son la producci\u00f3n de leche, producci\u00f3n y manejo ovino y producci\u00f3n hort\u00edcola al aire libre y en condiciones protegidas, donde han participado m\u00e1s de 1300 personas, entre ellas agricultores, asesores t\u00e9cnicos, profesionales del agro, profesores de liceos t\u00e9cnicos y alumnos no solo de la regi\u00f3n de Los R\u00edos, sino tambi\u00e9n de las regiones de La Araucan\u00eda, \u00d1uble, Biob\u00edo, Los Lagos, Maule y O\u00b4Higgins\u201d.<\/p>\n<p><strong><span style=\"color: #333300;\">Exposiciones<\/span><\/strong><\/p>\n<p>En el \u00faltimo webinar de berries, <strong><span style=\"color: #333300;\">Carmen Gloria Morales Alcayaga, investigadora y extensionista de INIA Raihu\u00e9n<\/span> <\/strong>entreg\u00f3 recomendaciones para la \u00e9poca de oto\u00f1o-invierno en el manejo del frambueso, entre ellas las relacionadas con importancia de la materia org\u00e1nica del suelo, requerimientos nutricionales del cultivo, variedades, sanidad y principales manejos de temporada, entre otros temas.<\/p>\n<p><strong><span style=\"color: #333300;\"><a href=\"https:\/\/www.mundoagropecuario.cl\/new\/wp-content\/uploads\/2021\/05\/RaspberriesBlueberries_699px.jpg\"><img loading=\"lazy\" decoding=\"async\" class=\" wp-image-18902 alignleft\" src=\"https:\/\/www.mundoagropecuario.cl\/new\/wp-content\/uploads\/2021\/05\/RaspberriesBlueberries_699px-586x392.jpg\" alt=\"\" width=\"433\" height=\"345\" \/><\/a>Abel Gonz\u00e1lez Gelves, investigador de INIA Carillanca,<\/span><\/strong> toc\u00f3 temas relevantes para mejorar la producci\u00f3n de ar\u00e1ndanos como el manejo del suelo para mejorar las condiciones de producci\u00f3n, monitoreo de cuarteles a trav\u00e9s de calicatas, descompactaci\u00f3n, manejo correctivo de la nutrici\u00f3n, incorporaci\u00f3n de maquinaria, re-acamellonado, entre otros.<\/p>\n<p>Por su parte, <strong><span style=\"color: #333300;\">Cristian Balbontin Sep\u00falveda, investigador de INIA Quilamapu,<\/span> <\/strong>explic\u00f3 c\u00f3mo opera el ciclo productivo de la frutilla, distintas variedades seg\u00fan largo del d\u00eda, requerimientos clim\u00e1ticos, potenciales productivos, rotaci\u00f3n, sanidad, sistemas de producci\u00f3n protegidos y al aire libre.<\/p>\n<p>Finalmente, <strong><span style=\"color: #333300;\">Luis Devotto Moreno, entom\u00f3logo de INIA Quilamapu,<\/span><\/strong> dio a conocer las principales caracter\u00edsticas de la mosca de alas manchadas, Drosophila suzukii, los frutales con mayor riesgo de presencia y las principales estrategias de control para el peque\u00f1o productor de berries.<\/p>\n<p>Este webinar frut\u00edcola est\u00e1 disponible en el siguiente link:<a href=\"https:\/\/fb.watch\/5iqpeFjh1s\/\"> https:\/\/fb.watch\/5iqpeFjh1s\/<\/a><\/p>\n","protected":false},"excerpt":{"rendered":"<p>En el marco de un seminario web frut\u00edcola se realizaron presentaciones de investigadores de distintos centros del INIA, sobre producci\u00f3n y manejo de frambueso, ar\u00e1ndano, frutilla y manejo de Drosophila suzukii<\/p>\n","protected":false},"author":2,"featured_media":18904,"comment_status":"closed","ping_status":"closed","sticky":false,"template":"","format":"standard","meta":{"footnotes":""},"categories":[1945],"tags":[5594,2960,5593,3273,4160,2404,2858,5592],"class_list":["post-18901","post","type-post","status-publish","format-standard","has-post-thumbnail","hentry","category-agricultura","tag-arandano","tag-drosophila-suzukii","tag-frambueso","tag-frutilla","tag-iinia-remehue","tag-inia-carillanca","tag-inia-raihuen","tag-manejo-de-berries"],"yoast_head":"<!-- This site is optimized with the Yoast SEO plugin v26.6 - https:\/\/yoast.com\/wordpress\/plugins\/seo\/ -->\n<title>Entregan recomendaciones sobre producci\u00f3n y manejo de berries en \u00e9poca de oto\u00f1o-invierno - Mundoagropecuario<\/title>\n<meta name=\"description\" content=\"En el marco de un seminario web frut\u00edcola se realizaron presentaciones de investigadores de distintos centros del INIA\" \/>\n<meta name=\"robots\" content=\"index, follow, max-snippet:-1, max-image-preview:large, max-video-preview:-1\" \/>\n<link rel=\"canonical\" href=\"https:\/\/www.mundoagropecuario.cl\/new\/entregan-recomendaciones-sobre-produccion-y-manejo-de-berries-en-epoca-de-otono-invierno\/\" \/>\n<meta property=\"og:locale\" content=\"es_ES\" \/>\n<meta property=\"og:type\" content=\"article\" \/>\n<meta property=\"og:title\" content=\"Entregan recomendaciones sobre producci\u00f3n y manejo de berries en \u00e9poca de oto\u00f1o-invierno - Mundoagropecuario\" \/>\n<meta property=\"og:description\" content=\"En el marco de un seminario web frut\u00edcola se realizaron presentaciones de investigadores de distintos centros del INIA\" \/>\n<meta property=\"og:url\" content=\"https:\/\/www.mundoagropecuario.cl\/new\/entregan-recomendaciones-sobre-produccion-y-manejo-de-berries-en-epoca-de-otono-invierno\/\" \/>\n<meta property=\"og:site_name\" content=\"Mundoagropecuario\" \/>\n<meta property=\"article:publisher\" content=\"https:\/\/www.facebook.com\/mundo.agropecuario.3\" \/>\n<meta property=\"article:published_time\" content=\"2021-05-12T14:17:48+00:00\" \/>\n<meta property=\"article:modified_time\" content=\"2021-05-13T15:36:57+00:00\" \/>\n<meta property=\"og:image\" content=\"https:\/\/www.mundoagropecuario.cl\/new\/wp-content\/uploads\/2021\/05\/webinar-fruti\u0301cola2.jpg\" \/>\n\t<meta property=\"og:image:width\" content=\"809\" \/>\n\t<meta property=\"og:image:height\" content=\"507\" \/>\n\t<meta property=\"og:image:type\" content=\"image\/jpeg\" \/>\n<meta name=\"author\" content=\"mundo\" \/>\n<meta name=\"twitter:card\" content=\"summary_large_image\" \/>\n<meta name=\"twitter:creator\" content=\"@MundoAgropecuar\" \/>\n<meta name=\"twitter:site\" content=\"@MundoAgropecuar\" \/>\n<meta name=\"twitter:label1\" content=\"Escrito por\" \/>\n\t<meta name=\"twitter:data1\" content=\"mundo\" \/>\n\t<meta name=\"twitter:label2\" content=\"Tiempo de lectura\" \/>\n\t<meta name=\"twitter:data2\" content=\"3 minutos\" \/>\n<script type=\"application\/ld+json\" class=\"yoast-schema-graph\">{\"@context\":\"https:\/\/schema.org\",\"@graph\":[{\"@type\":\"Article\",\"@id\":\"https:\/\/www.mundoagropecuario.cl\/new\/entregan-recomendaciones-sobre-produccion-y-manejo-de-berries-en-epoca-de-otono-invierno\/#article\",\"isPartOf\":{\"@id\":\"https:\/\/www.mundoagropecuario.cl\/new\/entregan-recomendaciones-sobre-produccion-y-manejo-de-berries-en-epoca-de-otono-invierno\/\"},\"author\":{\"name\":\"mundo\",\"@id\":\"https:\/\/www.mundoagropecuario.cl\/new\/#\/schema\/person\/4e9f74a82a7dac260eb1c44b7eebeb18\"},\"headline\":\"Entregan recomendaciones sobre producci\u00f3n y manejo de berries en \u00e9poca de oto\u00f1o-invierno\",\"datePublished\":\"2021-05-12T14:17:48+00:00\",\"dateModified\":\"2021-05-13T15:36:57+00:00\",\"mainEntityOfPage\":{\"@id\":\"https:\/\/www.mundoagropecuario.cl\/new\/entregan-recomendaciones-sobre-produccion-y-manejo-de-berries-en-epoca-de-otono-invierno\/\"},\"wordCount\":572,\"publisher\":{\"@id\":\"https:\/\/www.mundoagropecuario.cl\/new\/#organization\"},\"image\":{\"@id\":\"https:\/\/www.mundoagropecuario.cl\/new\/entregan-recomendaciones-sobre-produccion-y-manejo-de-berries-en-epoca-de-otono-invierno\/#primaryimage\"},\"thumbnailUrl\":\"https:\/\/www.mundoagropecuario.cl\/new\/wp-content\/uploads\/2021\/05\/webinar-fruti\u0301cola2.jpg\",\"keywords\":[\"ar\u00e1ndano\",\"Drosophila suzukii\",\"frambueso\",\"frutilla\",\"IINIA REMEHUE\",\"INIA Carillanca\",\"INIA Raihu\u00e9n\",\"manejo de berries\"],\"articleSection\":[\"Agricultura\"],\"inLanguage\":\"es\"},{\"@type\":\"WebPage\",\"@id\":\"https:\/\/www.mundoagropecuario.cl\/new\/entregan-recomendaciones-sobre-produccion-y-manejo-de-berries-en-epoca-de-otono-invierno\/\",\"url\":\"https:\/\/www.mundoagropecuario.cl\/new\/entregan-recomendaciones-sobre-produccion-y-manejo-de-berries-en-epoca-de-otono-invierno\/\",\"name\":\"Entregan recomendaciones sobre producci\u00f3n y manejo de berries en \u00e9poca de oto\u00f1o-invierno - Mundoagropecuario\",\"isPartOf\":{\"@id\":\"https:\/\/www.mundoagropecuario.cl\/new\/#website\"},\"primaryImageOfPage\":{\"@id\":\"https:\/\/www.mundoagropecuario.cl\/new\/entregan-recomendaciones-sobre-produccion-y-manejo-de-berries-en-epoca-de-otono-invierno\/#primaryimage\"},\"image\":{\"@id\":\"https:\/\/www.mundoagropecuario.cl\/new\/entregan-recomendaciones-sobre-produccion-y-manejo-de-berries-en-epoca-de-otono-invierno\/#primaryimage\"},\"thumbnailUrl\":\"https:\/\/www.mundoagropecuario.cl\/new\/wp-content\/uploads\/2021\/05\/webinar-fruti\u0301cola2.jpg\",\"datePublished\":\"2021-05-12T14:17:48+00:00\",\"dateModified\":\"2021-05-13T15:36:57+00:00\",\"description\":\"En el marco de un seminario web frut\u00edcola se realizaron presentaciones de investigadores de distintos centros del INIA\",\"breadcrumb\":{\"@id\":\"https:\/\/www.mundoagropecuario.cl\/new\/entregan-recomendaciones-sobre-produccion-y-manejo-de-berries-en-epoca-de-otono-invierno\/#breadcrumb\"},\"inLanguage\":\"es\",\"potentialAction\":[{\"@type\":\"ReadAction\",\"target\":[\"https:\/\/www.mundoagropecuario.cl\/new\/entregan-recomendaciones-sobre-produccion-y-manejo-de-berries-en-epoca-de-otono-invierno\/\"]}]},{\"@type\":\"ImageObject\",\"inLanguage\":\"es\",\"@id\":\"https:\/\/www.mundoagropecuario.cl\/new\/entregan-recomendaciones-sobre-produccion-y-manejo-de-berries-en-epoca-de-otono-invierno\/#primaryimage\",\"url\":\"https:\/\/www.mundoagropecuario.cl\/new\/wp-content\/uploads\/2021\/05\/webinar-fruti\u0301cola2.jpg\",\"contentUrl\":\"https:\/\/www.mundoagropecuario.cl\/new\/wp-content\/uploads\/2021\/05\/webinar-fruti\u0301cola2.jpg\",\"width\":638,\"height\":400},{\"@type\":\"BreadcrumbList\",\"@id\":\"https:\/\/www.mundoagropecuario.cl\/new\/entregan-recomendaciones-sobre-produccion-y-manejo-de-berries-en-epoca-de-otono-invierno\/#breadcrumb\",\"itemListElement\":[{\"@type\":\"ListItem\",\"position\":1,\"name\":\"Portada\",\"item\":\"https:\/\/www.mundoagropecuario.cl\/new\/\"},{\"@type\":\"ListItem\",\"position\":2,\"name\":\"Entregan recomendaciones sobre producci\u00f3n y manejo de berries en \u00e9poca de oto\u00f1o-invierno\"}]},{\"@type\":\"WebSite\",\"@id\":\"https:\/\/www.mundoagropecuario.cl\/new\/#website\",\"url\":\"https:\/\/www.mundoagropecuario.cl\/new\/\",\"name\":\"Mundoagropecuario\",\"description\":\"Mundo Agropecuario\",\"publisher\":{\"@id\":\"https:\/\/www.mundoagropecuario.cl\/new\/#organization\"},\"potentialAction\":[{\"@type\":\"SearchAction\",\"target\":{\"@type\":\"EntryPoint\",\"urlTemplate\":\"https:\/\/www.mundoagropecuario.cl\/new\/?s={search_term_string}\"},\"query-input\":{\"@type\":\"PropertyValueSpecification\",\"valueRequired\":true,\"valueName\":\"search_term_string\"}}],\"inLanguage\":\"es\"},{\"@type\":\"Organization\",\"@id\":\"https:\/\/www.mundoagropecuario.cl\/new\/#organization\",\"name\":\"Revista de Agricultura\",\"url\":\"https:\/\/www.mundoagropecuario.cl\/new\/\",\"logo\":{\"@type\":\"ImageObject\",\"inLanguage\":\"es\",\"@id\":\"https:\/\/www.mundoagropecuario.cl\/new\/#\/schema\/logo\/image\/\",\"url\":\"https:\/\/www.mundoagropecuario.cl\/new\/wp-content\/uploads\/2020\/11\/PORTAL-1-1.png\",\"contentUrl\":\"https:\/\/www.mundoagropecuario.cl\/new\/wp-content\/uploads\/2020\/11\/PORTAL-1-1.png\",\"width\":1026,\"height\":100,\"caption\":\"Revista de Agricultura\"},\"image\":{\"@id\":\"https:\/\/www.mundoagropecuario.cl\/new\/#\/schema\/logo\/image\/\"},\"sameAs\":[\"https:\/\/www.facebook.com\/mundo.agropecuario.3\",\"https:\/\/x.com\/MundoAgropecuar\",\"https:\/\/www.linkedin.com\/in\/mundo-agropecuario-934009201\/\"]},{\"@type\":\"Person\",\"@id\":\"https:\/\/www.mundoagropecuario.cl\/new\/#\/schema\/person\/4e9f74a82a7dac260eb1c44b7eebeb18\",\"name\":\"mundo\",\"url\":\"https:\/\/www.mundoagropecuario.cl\/new\/author\/mundo\/\"}]}<\/script>\n<!-- \/ Yoast SEO plugin. -->","yoast_head_json":{"title":"Entregan recomendaciones sobre producci\u00f3n y manejo de berries en \u00e9poca de oto\u00f1o-invierno - Mundoagropecuario","description":"En el marco de un seminario web frut\u00edcola se realizaron presentaciones de investigadores de distintos centros del INIA","robots":{"index":"index","follow":"follow","max-snippet":"max-snippet:-1","max-image-preview":"max-image-preview:large","max-video-preview":"max-video-preview:-1"},"canonical":"https:\/\/www.mundoagropecuario.cl\/new\/entregan-recomendaciones-sobre-produccion-y-manejo-de-berries-en-epoca-de-otono-invierno\/","og_locale":"es_ES","og_type":"article","og_title":"Entregan recomendaciones sobre producci\u00f3n y manejo de berries en \u00e9poca de oto\u00f1o-invierno - Mundoagropecuario","og_description":"En el marco de un seminario web frut\u00edcola se realizaron presentaciones de investigadores de distintos centros del INIA","og_url":"https:\/\/www.mundoagropecuario.cl\/new\/entregan-recomendaciones-sobre-produccion-y-manejo-de-berries-en-epoca-de-otono-invierno\/","og_site_name":"Mundoagropecuario","article_publisher":"https:\/\/www.facebook.com\/mundo.agropecuario.3","article_published_time":"2021-05-12T14:17:48+00:00","article_modified_time":"2021-05-13T15:36:57+00:00","og_image":[{"width":809,"height":507,"url":"https:\/\/www.mundoagropecuario.cl\/new\/wp-content\/uploads\/2021\/05\/webinar-fruti\u0301cola2.jpg","type":"image\/jpeg"}],"author":"mundo","twitter_card":"summary_large_image","twitter_creator":"@MundoAgropecuar","twitter_site":"@MundoAgropecuar","twitter_misc":{"Escrito por":"mundo","Tiempo de lectura":"3 minutos"},"schema":{"@context":"https:\/\/schema.org","@graph":[{"@type":"Article","@id":"https:\/\/www.mundoagropecuario.cl\/new\/entregan-recomendaciones-sobre-produccion-y-manejo-de-berries-en-epoca-de-otono-invierno\/#article","isPartOf":{"@id":"https:\/\/www.mundoagropecuario.cl\/new\/entregan-recomendaciones-sobre-produccion-y-manejo-de-berries-en-epoca-de-otono-invierno\/"},"author":{"name":"mundo","@id":"https:\/\/www.mundoagropecuario.cl\/new\/#\/schema\/person\/4e9f74a82a7dac260eb1c44b7eebeb18"},"headline":"Entregan recomendaciones sobre producci\u00f3n y manejo de berries en \u00e9poca de oto\u00f1o-invierno","datePublished":"2021-05-12T14:17:48+00:00","dateModified":"2021-05-13T15:36:57+00:00","mainEntityOfPage":{"@id":"https:\/\/www.mundoagropecuario.cl\/new\/entregan-recomendaciones-sobre-produccion-y-manejo-de-berries-en-epoca-de-otono-invierno\/"},"wordCount":572,"publisher":{"@id":"https:\/\/www.mundoagropecuario.cl\/new\/#organization"},"image":{"@id":"https:\/\/www.mundoagropecuario.cl\/new\/entregan-recomendaciones-sobre-produccion-y-manejo-de-berries-en-epoca-de-otono-invierno\/#primaryimage"},"thumbnailUrl":"https:\/\/www.mundoagropecuario.cl\/new\/wp-content\/uploads\/2021\/05\/webinar-fruti\u0301cola2.jpg","keywords":["ar\u00e1ndano","Drosophila suzukii","frambueso","frutilla","IINIA REMEHUE","INIA Carillanca","INIA Raihu\u00e9n","manejo de berries"],"articleSection":["Agricultura"],"inLanguage":"es"},{"@type":"WebPage","@id":"https:\/\/www.mundoagropecuario.cl\/new\/entregan-recomendaciones-sobre-produccion-y-manejo-de-berries-en-epoca-de-otono-invierno\/","url":"https:\/\/www.mundoagropecuario.cl\/new\/entregan-recomendaciones-sobre-produccion-y-manejo-de-berries-en-epoca-de-otono-invierno\/","name":"Entregan recomendaciones sobre producci\u00f3n y manejo de berries en \u00e9poca de oto\u00f1o-invierno - Mundoagropecuario","isPartOf":{"@id":"https:\/\/www.mundoagropecuario.cl\/new\/#website"},"primaryImageOfPage":{"@id":"https:\/\/www.mundoagropecuario.cl\/new\/entregan-recomendaciones-sobre-produccion-y-manejo-de-berries-en-epoca-de-otono-invierno\/#primaryimage"},"image":{"@id":"https:\/\/www.mundoagropecuario.cl\/new\/entregan-recomendaciones-sobre-produccion-y-manejo-de-berries-en-epoca-de-otono-invierno\/#primaryimage"},"thumbnailUrl":"https:\/\/www.mundoagropecuario.cl\/new\/wp-content\/uploads\/2021\/05\/webinar-fruti\u0301cola2.jpg","datePublished":"2021-05-12T14:17:48+00:00","dateModified":"2021-05-13T15:36:57+00:00","description":"En el marco de un seminario web frut\u00edcola se realizaron presentaciones de investigadores de distintos centros del INIA","breadcrumb":{"@id":"https:\/\/www.mundoagropecuario.cl\/new\/entregan-recomendaciones-sobre-produccion-y-manejo-de-berries-en-epoca-de-otono-invierno\/#breadcrumb"},"inLanguage":"es","potentialAction":[{"@type":"ReadAction","target":["https:\/\/www.mundoagropecuario.cl\/new\/entregan-recomendaciones-sobre-produccion-y-manejo-de-berries-en-epoca-de-otono-invierno\/"]}]},{"@type":"ImageObject","inLanguage":"es","@id":"https:\/\/www.mundoagropecuario.cl\/new\/entregan-recomendaciones-sobre-produccion-y-manejo-de-berries-en-epoca-de-otono-invierno\/#primaryimage","url":"https:\/\/www.mundoagropecuario.cl\/new\/wp-content\/uploads\/2021\/05\/webinar-fruti\u0301cola2.jpg","contentUrl":"https:\/\/www.mundoagropecuario.cl\/new\/wp-content\/uploads\/2021\/05\/webinar-fruti\u0301cola2.jpg","width":638,"height":400},{"@type":"BreadcrumbList","@id":"https:\/\/www.mundoagropecuario.cl\/new\/entregan-recomendaciones-sobre-produccion-y-manejo-de-berries-en-epoca-de-otono-invierno\/#breadcrumb","itemListElement":[{"@type":"ListItem","position":1,"name":"Portada","item":"https:\/\/www.mundoagropecuario.cl\/new\/"},{"@type":"ListItem","position":2,"name":"Entregan recomendaciones sobre producci\u00f3n y manejo de berries en \u00e9poca de oto\u00f1o-invierno"}]},{"@type":"WebSite","@id":"https:\/\/www.mundoagropecuario.cl\/new\/#website","url":"https:\/\/www.mundoagropecuario.cl\/new\/","name":"Mundoagropecuario","description":"Mundo Agropecuario","publisher":{"@id":"https:\/\/www.mundoagropecuario.cl\/new\/#organization"},"potentialAction":[{"@type":"SearchAction","target":{"@type":"EntryPoint","urlTemplate":"https:\/\/www.mundoagropecuario.cl\/new\/?s={search_term_string}"},"query-input":{"@type":"PropertyValueSpecification","valueRequired":true,"valueName":"search_term_string"}}],"inLanguage":"es"},{"@type":"Organization","@id":"https:\/\/www.mundoagropecuario.cl\/new\/#organization","name":"Revista de Agricultura","url":"https:\/\/www.mundoagropecuario.cl\/new\/","logo":{"@type":"ImageObject","inLanguage":"es","@id":"https:\/\/www.mundoagropecuario.cl\/new\/#\/schema\/logo\/image\/","url":"https:\/\/www.mundoagropecuario.cl\/new\/wp-content\/uploads\/2020\/11\/PORTAL-1-1.png","contentUrl":"https:\/\/www.mundoagropecuario.cl\/new\/wp-content\/uploads\/2020\/11\/PORTAL-1-1.png","width":1026,"height":100,"caption":"Revista de Agricultura"},"image":{"@id":"https:\/\/www.mundoagropecuario.cl\/new\/#\/schema\/logo\/image\/"},"sameAs":["https:\/\/www.facebook.com\/mundo.agropecuario.3","https:\/\/x.com\/MundoAgropecuar","https:\/\/www.linkedin.com\/in\/mundo-agropecuario-934009201\/"]},{"@type":"Person","@id":"https:\/\/www.mundoagropecuario.cl\/new\/#\/schema\/person\/4e9f74a82a7dac260eb1c44b7eebeb18","name":"mundo","url":"https:\/\/www.mundoagropecuario.cl\/new\/author\/mundo\/"}]}},"_links":{"self":[{"href":"https:\/\/www.mundoagropecuario.cl\/new\/wp-json\/wp\/v2\/posts\/18901","targetHints":{"allow":["GET"]}}],"collection":[{"href":"https:\/\/www.mundoagropecuario.cl\/new\/wp-json\/wp\/v2\/posts"}],"about":[{"href":"https:\/\/www.mundoagropecuario.cl\/new\/wp-json\/wp\/v2\/types\/post"}],"author":[{"embeddable":true,"href":"https:\/\/www.mundoagropecuario.cl\/new\/wp-json\/wp\/v2\/users\/2"}],"replies":[{"embeddable":true,"href":"https:\/\/www.mundoagropecuario.cl\/new\/wp-json\/wp\/v2\/comments?post=18901"}],"version-history":[{"count":1,"href":"https:\/\/www.mundoagropecuario.cl\/new\/wp-json\/wp\/v2\/posts\/18901\/revisions"}],"predecessor-version":[{"id":18905,"href":"https:\/\/www.mundoagropecuario.cl\/new\/wp-json\/wp\/v2\/posts\/18901\/revisions\/18905"}],"wp:featuredmedia":[{"embeddable":true,"href":"https:\/\/www.mundoagropecuario.cl\/new\/wp-json\/wp\/v2\/media\/18904"}],"wp:attachment":[{"href":"https:\/\/www.mundoagropecuario.cl\/new\/wp-json\/wp\/v2\/media?parent=18901"}],"wp:term":[{"taxonomy":"category","embeddable":true,"href":"https:\/\/www.mundoagropecuario.cl\/new\/wp-json\/wp\/v2\/categories?post=18901"},{"taxonomy":"post_tag","embeddable":true,"href":"https:\/\/www.mundoagropecuario.cl\/new\/wp-json\/wp\/v2\/tags?post=18901"}],"curies":[{"name":"wp","href":"https:\/\/api.w.org\/{rel}","templated":true}]}}