{"id":18781,"date":"2021-04-29T12:04:58","date_gmt":"2021-04-29T15:04:58","guid":{"rendered":"https:\/\/www.mundoagropecuario.cl\/new\/?p=18781"},"modified":"2021-05-03T12:46:58","modified_gmt":"2021-05-03T15:46:58","slug":"cnr-e-inia-carillanca-capacitan-a-agricultores-y-profesionales-de-riego-en-fortalecimiento-de-la-gestion-hidrica","status":"publish","type":"post","link":"https:\/\/www.mundoagropecuario.cl\/new\/cnr-e-inia-carillanca-capacitan-a-agricultores-y-profesionales-de-riego-en-fortalecimiento-de-la-gestion-hidrica\/","title":{"rendered":"CNR e INIA Carillanca capacitan a agricultores y profesionales de riego en fortalecimiento de la gesti\u00f3n h\u00eddrica"},"content":{"rendered":"<blockquote>\n<h2><span style=\"color: #003300;\">El seminario online de capacitaci\u00f3n, orientado al riego de hortalizas, convoc\u00f3 a 115 personas y fue realizado gracias al apoyo del Gobierno Regional de La Araucan\u00eda.\u00a0\u00a0\u00a0\u00a0\u00a0\u00a0\u00a0<\/span><\/h2>\n<\/blockquote>\n<p>Uno de los desaf\u00edos en que se ha hecho hincapi\u00e9 en la regi\u00f3n de la Araucan\u00eda es maximizar las capacitaciones, tanto para agricultores, productores, Organizaciones de Usuarios de Agua, como tambi\u00e9n los profesionales y apoyos t\u00e9cnicos en riego.\u00a0 Esto apunta directamente a lo descrito en el Plan Impulso, que enfatiza la necesidad de potenciar el uso eficiente del recurso h\u00eddrico, mejorar la producci\u00f3n y abastecimiento alimentario; innovar en los cultivos agr\u00edcolas, apostando por frutales, hortalizas, entre otros.<\/p>\n<p><a href=\"https:\/\/www.mundoagropecuario.cl\/new\/wp-content\/uploads\/2021\/04\/seminario5.jpg\"><img loading=\"lazy\" decoding=\"async\" class=\" wp-image-18783 aligncenter\" src=\"https:\/\/www.mundoagropecuario.cl\/new\/wp-content\/uploads\/2021\/04\/seminario5.jpg\" alt=\"\" width=\"659\" height=\"302\" \/><\/a><\/p>\n<p>En esa l\u00ednea, y gracias al apoyo otorgado por el Gobierno Regional de La Araucan\u00eda, que sostuvo dos convenios relevantes para la agricultura regional, con la Comisi\u00f3n Nacional de Riego (CNR) y con el Instituto de Investigaciones Agropecuarias (INIA) Carillanca, se realiz\u00f3 -a trav\u00e9s de la plataforma Meet- el Seminario online denominado \u201cFortalecimiento a la gesti\u00f3n h\u00eddrica para riego en hortalizas\u201d.<\/p>\n<p>\u201cPara poder llegar a las 13.200 hect\u00e1reas de riego que hemos colocado durante estos \u00faltimos tres a\u00f1os, no solamente ha sido mucho trabajo de campo, no s\u00f3lo ha sido mucha inversi\u00f3n, sino que tambi\u00e9n hay mucha inversi\u00f3n en el capital humano, inversi\u00f3n en las personas. Este seminario nos permite actualizar los conocimientos en materia de riego, tanto de los equipos t\u00e9cnicos como de nuestros agricultores, es un paso m\u00e1s que nos sigue orientando para poder alcanzar esa meta de las 30.000 hect\u00e1reas del Plan Impulso\u201d, se\u00f1al\u00f3 el Seremi de Agricultura, Ricardo Senn Canario.<\/p>\n<p>La autoridad regional agreg\u00f3 que \u201cse necesita much\u00edsima gente capacitada, much\u00edsimos profesionales que manejen al dedillo, la presentaci\u00f3n, la formulaci\u00f3n y finalmente la implementaci\u00f3n de los proyectos productivos y, es por eso, que nos alegra tanto que CNR y el INIA hayan destinado estos recursos a este tipo de jornadas, enfocadas en profesionales y agricultores para poder seguir en esta senda del Plan Impulso\u201d.<\/p>\n<p>Por su parte, la Directora Regional de INIA Carillanca, Elizabeth Kehr, se\u00f1al\u00f3 que \u201cel d\u00e9ficit h\u00eddrico y el limitado acceso al agua se manifiestan con mayor o menor medida en todos los sistemas agr\u00edcolas de la regi\u00f3n, y en el caso de las hortalizas se transforma en un elemento esencial. Por eso este seminario nos ha permitido analizar aspectos sobre el fortalecimiento de la gesti\u00f3n h\u00eddrica en el rubro hort\u00edcola y conocer nuevas especies como el Kale y Romanesco\u201d.<\/p>\n<p>\u201cEs claro que el sistema de riego debe adaptarse a las necesidades particulares, cumpliendo con aportar en forma uniforme y oportuna el agua que necesitan las hortalizas, porque una buena gesti\u00f3n h\u00eddrica integral mejora considerablemente la eficiencia de uso del agua de riego e incrementa el objetivo productivo. Como INIA estamos ejecutando importantes programas, financiados por el Gobierno Regional, donde el riego y la evaluaci\u00f3n de nuevas especies hort\u00edcolas para la industria son un elemento clave\u201d, agreg\u00f3.<\/p>\n<p><a href=\"https:\/\/www.mundoagropecuario.cl\/new\/wp-content\/uploads\/2021\/04\/seminario4.jpg\"><img loading=\"lazy\" decoding=\"async\" class=\" wp-image-18782 aligncenter\" src=\"https:\/\/www.mundoagropecuario.cl\/new\/wp-content\/uploads\/2021\/04\/seminario4.jpg\" alt=\"\" width=\"665\" height=\"290\" \/><\/a><\/p>\n<p>&nbsp;<\/p>\n<p>Mientras, el Coordinador Zonal CNR Araucan\u00eda, Pablo Pino, afirm\u00f3 estar muy contento con el desarrollo del seminario, agradeciendo en forma especial a los expositores \u201cMaritza, Julio y Rafael: tremendos profesionales, que siempre est\u00e1n en terreno trabajando e investigando en todas las \u00e1reas que a nosotros nos interesa, respecto del punto de vista del recurso h\u00eddrico y de la agricultura. Tambi\u00e9n, quiero agradecer la gesti\u00f3n otorgada por el Gobierno Regional, principalmente lo realizado por sus consejeros, ya que estos programas se pueden desarrollar gracias a su apoyo\u201d.<\/p>\n<p>\u201cTenemos un tremendo desaf\u00edo como profesionales y como agricultores de la regi\u00f3n de La Araucan\u00eda. Debemos aprender a producir m\u00e1s y de mejor forma; aprovechar a\u00fan m\u00e1s el recurso h\u00eddrico, cada vez m\u00e1s escaso.\u00a0 El peque\u00f1o productor agr\u00edcola es sumamente importante en la cadena productiva y, por lo mismo, se hace indispensable que puedan estar mejor preparados para enfrentar los tiempos dif\u00edciles, tiempos de pandemia, tiempos de mucho cambio clim\u00e1tico\u201d, puntualiz\u00f3 Pino.<\/p>\n<p>Finalmente, el Coordinador de la CNR invit\u00f3 a los participantes a postular a los concursos del calendario de la Ley de Riego, donde destac\u00f3 recursos exclusivos para la regi\u00f3n en el segundo semestre de este a\u00f1o. \u201cSe dispone de $1.600 millones en el concurso 204-2021 del Programa Especial de Peque\u00f1a Agricultura y Pueblos Originarios y de $1.500 millones para el Concurso 23-2021 de la Ley, cuyas bases estar\u00e1n a disposici\u00f3n en los meses de junio y agosto, respectivamente, informaci\u00f3n que estar\u00e1 disponible en nuestro sitio web www.cnr.gob.cl\u201d, adelant\u00f3.<\/p>\n<p>Las presentaciones estuvieron a cargo de los profesionales Julio Mendoza, ingeniero agr\u00f3nomo del convenio CNR-GORE; Maritza Bast\u00edas, ingeniero agr\u00f3nomo y profesional de apoyo del programa INIA-GORE Hortalizas; y de Rafael L\u00f3pez-Olivari, ingeniero agr\u00f3nomo, MSc e investigador en Ciencias del Riego, de INIA Carillanca.<\/p>\n","protected":false},"excerpt":{"rendered":"<p>El seminario online de capacitaci\u00f3n, orientado al riego de hortalizas, convoc\u00f3 a 115 personas entre agricultores y profesionales <\/p>\n","protected":false},"author":2,"featured_media":18784,"comment_status":"closed","ping_status":"closed","sticky":false,"template":"","format":"standard","meta":{"footnotes":""},"categories":[1945],"tags":[5543,3127,2084,5544,2052,2035],"class_list":["post-18781","post","type-post","status-publish","format-standard","has-post-thumbnail","hentry","category-agricultura","tag-agricultores-y-profesionales","tag-agro","tag-cnr","tag-gestion-hidrica","tag-inia","tag-minagri"],"yoast_head":"<!-- This site is optimized with the Yoast SEO plugin v26.6 - https:\/\/yoast.com\/wordpress\/plugins\/seo\/ -->\n<title>CNR e INIA Carillanca capacitan a agricultores y profesionales de riego en fortalecimiento de la gesti\u00f3n h\u00eddrica - Mundoagropecuario<\/title>\n<meta name=\"description\" content=\"El seminario online de capacitaci\u00f3n, orientado al riego de hortalizas, convoc\u00f3 a 115 personas entre agricultores y profesionales\" \/>\n<meta name=\"robots\" content=\"index, follow, max-snippet:-1, max-image-preview:large, max-video-preview:-1\" \/>\n<link rel=\"canonical\" href=\"https:\/\/www.mundoagropecuario.cl\/new\/cnr-e-inia-carillanca-capacitan-a-agricultores-y-profesionales-de-riego-en-fortalecimiento-de-la-gestion-hidrica\/\" \/>\n<meta property=\"og:locale\" content=\"es_ES\" \/>\n<meta property=\"og:type\" content=\"article\" \/>\n<meta property=\"og:title\" content=\"CNR e INIA Carillanca capacitan a agricultores y profesionales de riego en fortalecimiento de la gesti\u00f3n h\u00eddrica - Mundoagropecuario\" \/>\n<meta property=\"og:description\" content=\"El seminario online de capacitaci\u00f3n, orientado al riego de hortalizas, convoc\u00f3 a 115 personas entre agricultores y profesionales\" \/>\n<meta property=\"og:url\" content=\"https:\/\/www.mundoagropecuario.cl\/new\/cnr-e-inia-carillanca-capacitan-a-agricultores-y-profesionales-de-riego-en-fortalecimiento-de-la-gestion-hidrica\/\" \/>\n<meta property=\"og:site_name\" content=\"Mundoagropecuario\" \/>\n<meta property=\"article:publisher\" content=\"https:\/\/www.facebook.com\/mundo.agropecuario.3\" \/>\n<meta property=\"article:published_time\" content=\"2021-04-29T15:04:58+00:00\" \/>\n<meta property=\"article:modified_time\" content=\"2021-05-03T15:46:58+00:00\" \/>\n<meta property=\"og:image\" content=\"https:\/\/www.mundoagropecuario.cl\/new\/wp-content\/uploads\/2021\/04\/seminario6-scaled.jpeg\" \/>\n\t<meta property=\"og:image:width\" content=\"1024\" \/>\n\t<meta property=\"og:image:height\" content=\"516\" \/>\n\t<meta property=\"og:image:type\" content=\"image\/jpeg\" \/>\n<meta name=\"author\" content=\"mundo\" \/>\n<meta name=\"twitter:card\" content=\"summary_large_image\" \/>\n<meta name=\"twitter:creator\" content=\"@MundoAgropecuar\" \/>\n<meta name=\"twitter:site\" content=\"@MundoAgropecuar\" \/>\n<meta name=\"twitter:label1\" content=\"Escrito por\" \/>\n\t<meta name=\"twitter:data1\" content=\"mundo\" \/>\n\t<meta name=\"twitter:label2\" content=\"Tiempo de lectura\" \/>\n\t<meta name=\"twitter:data2\" content=\"4 minutos\" \/>\n<script type=\"application\/ld+json\" class=\"yoast-schema-graph\">{\"@context\":\"https:\/\/schema.org\",\"@graph\":[{\"@type\":\"Article\",\"@id\":\"https:\/\/www.mundoagropecuario.cl\/new\/cnr-e-inia-carillanca-capacitan-a-agricultores-y-profesionales-de-riego-en-fortalecimiento-de-la-gestion-hidrica\/#article\",\"isPartOf\":{\"@id\":\"https:\/\/www.mundoagropecuario.cl\/new\/cnr-e-inia-carillanca-capacitan-a-agricultores-y-profesionales-de-riego-en-fortalecimiento-de-la-gestion-hidrica\/\"},\"author\":{\"name\":\"mundo\",\"@id\":\"https:\/\/www.mundoagropecuario.cl\/new\/#\/schema\/person\/4e9f74a82a7dac260eb1c44b7eebeb18\"},\"headline\":\"CNR e INIA Carillanca capacitan a agricultores y profesionales de riego en fortalecimiento de la gesti\u00f3n h\u00eddrica\",\"datePublished\":\"2021-04-29T15:04:58+00:00\",\"dateModified\":\"2021-05-03T15:46:58+00:00\",\"mainEntityOfPage\":{\"@id\":\"https:\/\/www.mundoagropecuario.cl\/new\/cnr-e-inia-carillanca-capacitan-a-agricultores-y-profesionales-de-riego-en-fortalecimiento-de-la-gestion-hidrica\/\"},\"wordCount\":856,\"publisher\":{\"@id\":\"https:\/\/www.mundoagropecuario.cl\/new\/#organization\"},\"image\":{\"@id\":\"https:\/\/www.mundoagropecuario.cl\/new\/cnr-e-inia-carillanca-capacitan-a-agricultores-y-profesionales-de-riego-en-fortalecimiento-de-la-gestion-hidrica\/#primaryimage\"},\"thumbnailUrl\":\"https:\/\/www.mundoagropecuario.cl\/new\/wp-content\/uploads\/2021\/04\/seminario6-scaled.jpeg\",\"keywords\":[\"agricultores y profesionales\",\"Agro\",\"CNR\",\"gesti\u00f3n h\u00eddrica\",\"INIA\",\"Minagri\"],\"articleSection\":[\"Agricultura\"],\"inLanguage\":\"es\"},{\"@type\":\"WebPage\",\"@id\":\"https:\/\/www.mundoagropecuario.cl\/new\/cnr-e-inia-carillanca-capacitan-a-agricultores-y-profesionales-de-riego-en-fortalecimiento-de-la-gestion-hidrica\/\",\"url\":\"https:\/\/www.mundoagropecuario.cl\/new\/cnr-e-inia-carillanca-capacitan-a-agricultores-y-profesionales-de-riego-en-fortalecimiento-de-la-gestion-hidrica\/\",\"name\":\"CNR e INIA Carillanca capacitan a agricultores y profesionales de riego en fortalecimiento de la gesti\u00f3n h\u00eddrica - Mundoagropecuario\",\"isPartOf\":{\"@id\":\"https:\/\/www.mundoagropecuario.cl\/new\/#website\"},\"primaryImageOfPage\":{\"@id\":\"https:\/\/www.mundoagropecuario.cl\/new\/cnr-e-inia-carillanca-capacitan-a-agricultores-y-profesionales-de-riego-en-fortalecimiento-de-la-gestion-hidrica\/#primaryimage\"},\"image\":{\"@id\":\"https:\/\/www.mundoagropecuario.cl\/new\/cnr-e-inia-carillanca-capacitan-a-agricultores-y-profesionales-de-riego-en-fortalecimiento-de-la-gestion-hidrica\/#primaryimage\"},\"thumbnailUrl\":\"https:\/\/www.mundoagropecuario.cl\/new\/wp-content\/uploads\/2021\/04\/seminario6-scaled.jpeg\",\"datePublished\":\"2021-04-29T15:04:58+00:00\",\"dateModified\":\"2021-05-03T15:46:58+00:00\",\"description\":\"El seminario online de capacitaci\u00f3n, orientado al riego de hortalizas, convoc\u00f3 a 115 personas entre agricultores y profesionales\",\"breadcrumb\":{\"@id\":\"https:\/\/www.mundoagropecuario.cl\/new\/cnr-e-inia-carillanca-capacitan-a-agricultores-y-profesionales-de-riego-en-fortalecimiento-de-la-gestion-hidrica\/#breadcrumb\"},\"inLanguage\":\"es\",\"potentialAction\":[{\"@type\":\"ReadAction\",\"target\":[\"https:\/\/www.mundoagropecuario.cl\/new\/cnr-e-inia-carillanca-capacitan-a-agricultores-y-profesionales-de-riego-en-fortalecimiento-de-la-gestion-hidrica\/\"]}]},{\"@type\":\"ImageObject\",\"inLanguage\":\"es\",\"@id\":\"https:\/\/www.mundoagropecuario.cl\/new\/cnr-e-inia-carillanca-capacitan-a-agricultores-y-profesionales-de-riego-en-fortalecimiento-de-la-gestion-hidrica\/#primaryimage\",\"url\":\"https:\/\/www.mundoagropecuario.cl\/new\/wp-content\/uploads\/2021\/04\/seminario6-scaled.jpeg\",\"contentUrl\":\"https:\/\/www.mundoagropecuario.cl\/new\/wp-content\/uploads\/2021\/04\/seminario6-scaled.jpeg\",\"width\":720,\"height\":363},{\"@type\":\"BreadcrumbList\",\"@id\":\"https:\/\/www.mundoagropecuario.cl\/new\/cnr-e-inia-carillanca-capacitan-a-agricultores-y-profesionales-de-riego-en-fortalecimiento-de-la-gestion-hidrica\/#breadcrumb\",\"itemListElement\":[{\"@type\":\"ListItem\",\"position\":1,\"name\":\"Portada\",\"item\":\"https:\/\/www.mundoagropecuario.cl\/new\/\"},{\"@type\":\"ListItem\",\"position\":2,\"name\":\"CNR e INIA Carillanca capacitan a agricultores y profesionales de riego en fortalecimiento de la gesti\u00f3n h\u00eddrica\"}]},{\"@type\":\"WebSite\",\"@id\":\"https:\/\/www.mundoagropecuario.cl\/new\/#website\",\"url\":\"https:\/\/www.mundoagropecuario.cl\/new\/\",\"name\":\"Mundoagropecuario\",\"description\":\"Mundo Agropecuario\",\"publisher\":{\"@id\":\"https:\/\/www.mundoagropecuario.cl\/new\/#organization\"},\"potentialAction\":[{\"@type\":\"SearchAction\",\"target\":{\"@type\":\"EntryPoint\",\"urlTemplate\":\"https:\/\/www.mundoagropecuario.cl\/new\/?s={search_term_string}\"},\"query-input\":{\"@type\":\"PropertyValueSpecification\",\"valueRequired\":true,\"valueName\":\"search_term_string\"}}],\"inLanguage\":\"es\"},{\"@type\":\"Organization\",\"@id\":\"https:\/\/www.mundoagropecuario.cl\/new\/#organization\",\"name\":\"Revista de Agricultura\",\"url\":\"https:\/\/www.mundoagropecuario.cl\/new\/\",\"logo\":{\"@type\":\"ImageObject\",\"inLanguage\":\"es\",\"@id\":\"https:\/\/www.mundoagropecuario.cl\/new\/#\/schema\/logo\/image\/\",\"url\":\"https:\/\/www.mundoagropecuario.cl\/new\/wp-content\/uploads\/2020\/11\/PORTAL-1-1.png\",\"contentUrl\":\"https:\/\/www.mundoagropecuario.cl\/new\/wp-content\/uploads\/2020\/11\/PORTAL-1-1.png\",\"width\":1026,\"height\":100,\"caption\":\"Revista de Agricultura\"},\"image\":{\"@id\":\"https:\/\/www.mundoagropecuario.cl\/new\/#\/schema\/logo\/image\/\"},\"sameAs\":[\"https:\/\/www.facebook.com\/mundo.agropecuario.3\",\"https:\/\/x.com\/MundoAgropecuar\",\"https:\/\/www.linkedin.com\/in\/mundo-agropecuario-934009201\/\"]},{\"@type\":\"Person\",\"@id\":\"https:\/\/www.mundoagropecuario.cl\/new\/#\/schema\/person\/4e9f74a82a7dac260eb1c44b7eebeb18\",\"name\":\"mundo\",\"url\":\"https:\/\/www.mundoagropecuario.cl\/new\/author\/mundo\/\"}]}<\/script>\n<!-- \/ Yoast SEO plugin. -->","yoast_head_json":{"title":"CNR e INIA Carillanca capacitan a agricultores y profesionales de riego en fortalecimiento de la gesti\u00f3n h\u00eddrica - Mundoagropecuario","description":"El seminario online de capacitaci\u00f3n, orientado al riego de hortalizas, convoc\u00f3 a 115 personas entre agricultores y profesionales","robots":{"index":"index","follow":"follow","max-snippet":"max-snippet:-1","max-image-preview":"max-image-preview:large","max-video-preview":"max-video-preview:-1"},"canonical":"https:\/\/www.mundoagropecuario.cl\/new\/cnr-e-inia-carillanca-capacitan-a-agricultores-y-profesionales-de-riego-en-fortalecimiento-de-la-gestion-hidrica\/","og_locale":"es_ES","og_type":"article","og_title":"CNR e INIA Carillanca capacitan a agricultores y profesionales de riego en fortalecimiento de la gesti\u00f3n h\u00eddrica - Mundoagropecuario","og_description":"El seminario online de capacitaci\u00f3n, orientado al riego de hortalizas, convoc\u00f3 a 115 personas entre agricultores y profesionales","og_url":"https:\/\/www.mundoagropecuario.cl\/new\/cnr-e-inia-carillanca-capacitan-a-agricultores-y-profesionales-de-riego-en-fortalecimiento-de-la-gestion-hidrica\/","og_site_name":"Mundoagropecuario","article_publisher":"https:\/\/www.facebook.com\/mundo.agropecuario.3","article_published_time":"2021-04-29T15:04:58+00:00","article_modified_time":"2021-05-03T15:46:58+00:00","og_image":[{"width":1024,"height":516,"url":"https:\/\/www.mundoagropecuario.cl\/new\/wp-content\/uploads\/2021\/04\/seminario6-scaled.jpeg","type":"image\/jpeg"}],"author":"mundo","twitter_card":"summary_large_image","twitter_creator":"@MundoAgropecuar","twitter_site":"@MundoAgropecuar","twitter_misc":{"Escrito por":"mundo","Tiempo de lectura":"4 minutos"},"schema":{"@context":"https:\/\/schema.org","@graph":[{"@type":"Article","@id":"https:\/\/www.mundoagropecuario.cl\/new\/cnr-e-inia-carillanca-capacitan-a-agricultores-y-profesionales-de-riego-en-fortalecimiento-de-la-gestion-hidrica\/#article","isPartOf":{"@id":"https:\/\/www.mundoagropecuario.cl\/new\/cnr-e-inia-carillanca-capacitan-a-agricultores-y-profesionales-de-riego-en-fortalecimiento-de-la-gestion-hidrica\/"},"author":{"name":"mundo","@id":"https:\/\/www.mundoagropecuario.cl\/new\/#\/schema\/person\/4e9f74a82a7dac260eb1c44b7eebeb18"},"headline":"CNR e INIA Carillanca capacitan a agricultores y profesionales de riego en fortalecimiento de la gesti\u00f3n h\u00eddrica","datePublished":"2021-04-29T15:04:58+00:00","dateModified":"2021-05-03T15:46:58+00:00","mainEntityOfPage":{"@id":"https:\/\/www.mundoagropecuario.cl\/new\/cnr-e-inia-carillanca-capacitan-a-agricultores-y-profesionales-de-riego-en-fortalecimiento-de-la-gestion-hidrica\/"},"wordCount":856,"publisher":{"@id":"https:\/\/www.mundoagropecuario.cl\/new\/#organization"},"image":{"@id":"https:\/\/www.mundoagropecuario.cl\/new\/cnr-e-inia-carillanca-capacitan-a-agricultores-y-profesionales-de-riego-en-fortalecimiento-de-la-gestion-hidrica\/#primaryimage"},"thumbnailUrl":"https:\/\/www.mundoagropecuario.cl\/new\/wp-content\/uploads\/2021\/04\/seminario6-scaled.jpeg","keywords":["agricultores y profesionales","Agro","CNR","gesti\u00f3n h\u00eddrica","INIA","Minagri"],"articleSection":["Agricultura"],"inLanguage":"es"},{"@type":"WebPage","@id":"https:\/\/www.mundoagropecuario.cl\/new\/cnr-e-inia-carillanca-capacitan-a-agricultores-y-profesionales-de-riego-en-fortalecimiento-de-la-gestion-hidrica\/","url":"https:\/\/www.mundoagropecuario.cl\/new\/cnr-e-inia-carillanca-capacitan-a-agricultores-y-profesionales-de-riego-en-fortalecimiento-de-la-gestion-hidrica\/","name":"CNR e INIA Carillanca capacitan a agricultores y profesionales de riego en fortalecimiento de la gesti\u00f3n h\u00eddrica - Mundoagropecuario","isPartOf":{"@id":"https:\/\/www.mundoagropecuario.cl\/new\/#website"},"primaryImageOfPage":{"@id":"https:\/\/www.mundoagropecuario.cl\/new\/cnr-e-inia-carillanca-capacitan-a-agricultores-y-profesionales-de-riego-en-fortalecimiento-de-la-gestion-hidrica\/#primaryimage"},"image":{"@id":"https:\/\/www.mundoagropecuario.cl\/new\/cnr-e-inia-carillanca-capacitan-a-agricultores-y-profesionales-de-riego-en-fortalecimiento-de-la-gestion-hidrica\/#primaryimage"},"thumbnailUrl":"https:\/\/www.mundoagropecuario.cl\/new\/wp-content\/uploads\/2021\/04\/seminario6-scaled.jpeg","datePublished":"2021-04-29T15:04:58+00:00","dateModified":"2021-05-03T15:46:58+00:00","description":"El seminario online de capacitaci\u00f3n, orientado al riego de hortalizas, convoc\u00f3 a 115 personas entre agricultores y profesionales","breadcrumb":{"@id":"https:\/\/www.mundoagropecuario.cl\/new\/cnr-e-inia-carillanca-capacitan-a-agricultores-y-profesionales-de-riego-en-fortalecimiento-de-la-gestion-hidrica\/#breadcrumb"},"inLanguage":"es","potentialAction":[{"@type":"ReadAction","target":["https:\/\/www.mundoagropecuario.cl\/new\/cnr-e-inia-carillanca-capacitan-a-agricultores-y-profesionales-de-riego-en-fortalecimiento-de-la-gestion-hidrica\/"]}]},{"@type":"ImageObject","inLanguage":"es","@id":"https:\/\/www.mundoagropecuario.cl\/new\/cnr-e-inia-carillanca-capacitan-a-agricultores-y-profesionales-de-riego-en-fortalecimiento-de-la-gestion-hidrica\/#primaryimage","url":"https:\/\/www.mundoagropecuario.cl\/new\/wp-content\/uploads\/2021\/04\/seminario6-scaled.jpeg","contentUrl":"https:\/\/www.mundoagropecuario.cl\/new\/wp-content\/uploads\/2021\/04\/seminario6-scaled.jpeg","width":720,"height":363},{"@type":"BreadcrumbList","@id":"https:\/\/www.mundoagropecuario.cl\/new\/cnr-e-inia-carillanca-capacitan-a-agricultores-y-profesionales-de-riego-en-fortalecimiento-de-la-gestion-hidrica\/#breadcrumb","itemListElement":[{"@type":"ListItem","position":1,"name":"Portada","item":"https:\/\/www.mundoagropecuario.cl\/new\/"},{"@type":"ListItem","position":2,"name":"CNR e INIA Carillanca capacitan a agricultores y profesionales de riego en fortalecimiento de la gesti\u00f3n h\u00eddrica"}]},{"@type":"WebSite","@id":"https:\/\/www.mundoagropecuario.cl\/new\/#website","url":"https:\/\/www.mundoagropecuario.cl\/new\/","name":"Mundoagropecuario","description":"Mundo Agropecuario","publisher":{"@id":"https:\/\/www.mundoagropecuario.cl\/new\/#organization"},"potentialAction":[{"@type":"SearchAction","target":{"@type":"EntryPoint","urlTemplate":"https:\/\/www.mundoagropecuario.cl\/new\/?s={search_term_string}"},"query-input":{"@type":"PropertyValueSpecification","valueRequired":true,"valueName":"search_term_string"}}],"inLanguage":"es"},{"@type":"Organization","@id":"https:\/\/www.mundoagropecuario.cl\/new\/#organization","name":"Revista de Agricultura","url":"https:\/\/www.mundoagropecuario.cl\/new\/","logo":{"@type":"ImageObject","inLanguage":"es","@id":"https:\/\/www.mundoagropecuario.cl\/new\/#\/schema\/logo\/image\/","url":"https:\/\/www.mundoagropecuario.cl\/new\/wp-content\/uploads\/2020\/11\/PORTAL-1-1.png","contentUrl":"https:\/\/www.mundoagropecuario.cl\/new\/wp-content\/uploads\/2020\/11\/PORTAL-1-1.png","width":1026,"height":100,"caption":"Revista de Agricultura"},"image":{"@id":"https:\/\/www.mundoagropecuario.cl\/new\/#\/schema\/logo\/image\/"},"sameAs":["https:\/\/www.facebook.com\/mundo.agropecuario.3","https:\/\/x.com\/MundoAgropecuar","https:\/\/www.linkedin.com\/in\/mundo-agropecuario-934009201\/"]},{"@type":"Person","@id":"https:\/\/www.mundoagropecuario.cl\/new\/#\/schema\/person\/4e9f74a82a7dac260eb1c44b7eebeb18","name":"mundo","url":"https:\/\/www.mundoagropecuario.cl\/new\/author\/mundo\/"}]}},"_links":{"self":[{"href":"https:\/\/www.mundoagropecuario.cl\/new\/wp-json\/wp\/v2\/posts\/18781","targetHints":{"allow":["GET"]}}],"collection":[{"href":"https:\/\/www.mundoagropecuario.cl\/new\/wp-json\/wp\/v2\/posts"}],"about":[{"href":"https:\/\/www.mundoagropecuario.cl\/new\/wp-json\/wp\/v2\/types\/post"}],"author":[{"embeddable":true,"href":"https:\/\/www.mundoagropecuario.cl\/new\/wp-json\/wp\/v2\/users\/2"}],"replies":[{"embeddable":true,"href":"https:\/\/www.mundoagropecuario.cl\/new\/wp-json\/wp\/v2\/comments?post=18781"}],"version-history":[{"count":1,"href":"https:\/\/www.mundoagropecuario.cl\/new\/wp-json\/wp\/v2\/posts\/18781\/revisions"}],"predecessor-version":[{"id":18785,"href":"https:\/\/www.mundoagropecuario.cl\/new\/wp-json\/wp\/v2\/posts\/18781\/revisions\/18785"}],"wp:featuredmedia":[{"embeddable":true,"href":"https:\/\/www.mundoagropecuario.cl\/new\/wp-json\/wp\/v2\/media\/18784"}],"wp:attachment":[{"href":"https:\/\/www.mundoagropecuario.cl\/new\/wp-json\/wp\/v2\/media?parent=18781"}],"wp:term":[{"taxonomy":"category","embeddable":true,"href":"https:\/\/www.mundoagropecuario.cl\/new\/wp-json\/wp\/v2\/categories?post=18781"},{"taxonomy":"post_tag","embeddable":true,"href":"https:\/\/www.mundoagropecuario.cl\/new\/wp-json\/wp\/v2\/tags?post=18781"}],"curies":[{"name":"wp","href":"https:\/\/api.w.org\/{rel}","templated":true}]}}