{"id":18727,"date":"2021-04-26T11:32:27","date_gmt":"2021-04-26T14:32:27","guid":{"rendered":"https:\/\/www.mundoagropecuario.cl\/new\/?p=18727"},"modified":"2021-04-28T12:31:12","modified_gmt":"2021-04-28T15:31:12","slug":"habilitan-sala-de-atencion-virtual-para-agricultores-en-agencia-de-area-de-los-muermos","status":"publish","type":"post","link":"https:\/\/www.mundoagropecuario.cl\/new\/habilitan-sala-de-atencion-virtual-para-agricultores-en-agencia-de-area-de-los-muermos\/","title":{"rendered":"Habilitan Sala de Atenci\u00f3n Virtual para agricultores en Agencia de \u00c1rea de Los Muermos"},"content":{"rendered":"<blockquote>\n<h2><span style=\"color: #003366;\">El sistema permite entregar una atenci\u00f3n clave a usuarios que provienen de sectores rurales en donde la cobertura de red es compleja.<\/span><\/h2>\n<\/blockquote>\n<p>La iniciativa fue ideada por el equipo de la Agencia de INDAP en Los Muermos, en donde su Jefa de \u00c1rea Jacqueline Mar\u00edn, indic\u00f3 que en la zona se reun\u00edan varios factores en la forma c\u00f3mo los usuarios buscaban su asesor\u00eda en pandemia.<\/p>\n<p>En una comuna con alta ruralidad y en donde la conexi\u00f3n a Internet y Tel\u00e9fono no siempre es de las mejores fuera del radio urbano, los agricultores siguieron viviendo a Los Muermos para realizar distintas actividades, entre ellas pedir orientaci\u00f3n a los profesionales de INDAP.<\/p>\n<p>En ese contexto y para poder entregar una mejor atenci\u00f3n, se destin\u00f3 un espacio con un computador exclusivo y un punto de red, para que los agricultores pudieran comunicarse con los ejecutivos que se encuentran realizando teletrabajo a trav\u00e9s del sistema de turnos.<\/p>\n<p>De esta manera, y manteniendo todas las medidas de seguridad, se puede atender de mejor manera a los usuarios que llegan al \u00c1rea, tanto de forma f\u00edsica como a trav\u00e9s de la red.<\/p>\n<p><strong><span style=\"color: #003366;\">Innovaci\u00f3n en servicio de la comunidad<\/span><\/strong><\/p>\n<p>El Director Regional de INDAP, Carlos G\u00f3mez Hofmann valor\u00f3 la experiencia que se est\u00e1 realizando en Los Muermos, ya que demuestra el compromiso de los funcionarios del Servicio.<\/p>\n<!--[if lt IE 9]><script>document.createElement('audio');<\/script><![endif]-->\n<audio class=\"wp-audio-shortcode\" id=\"audio-18727-1\" preload=\"none\" style=\"width: 100%;\" controls=\"controls\"><source type=\"audio\/mpeg\" src=\"https:\/\/www.mundoagropecuario.cl\/new\/wp-content\/uploads\/2021\/04\/Carlos-Goi\u0300mez-Hofmann-Director-Regional-de-INDAP-1.mp3?_=1\" \/><a href=\"https:\/\/www.mundoagropecuario.cl\/new\/wp-content\/uploads\/2021\/04\/Carlos-Goi\u0300mez-Hofmann-Director-Regional-de-INDAP-1.mp3\">https:\/\/www.mundoagropecuario.cl\/new\/wp-content\/uploads\/2021\/04\/Carlos-Goi\u0300mez-Hofmann-Director-Regional-de-INDAP-1.mp3<\/a><\/audio>\n<p>\u201cUna de las mayores fortalezas que tenemos en INDAP son nuestros funcionarios, que est\u00e1n presentes en toda la Regi\u00f3n y que han ocupado todas sus herramientas disponibles para entregar la mejor atenci\u00f3n posible a los agricultores que la necesitan.<\/p>\n<p>Estamos en una Regi\u00f3n extensa y en donde la red no siempre nos acompa\u00f1a, por lo que iniciativas como estas nos permiten atender todos los requerimientos que realizan nuestros usuarios, quienes no han parado en medio de esta emergencia sanitaria\u201d.<\/p>\n<p>Jorge Hern\u00e1ndez, agricultor de San Carlos El \u00d1adi, destac\u00f3 la atenci\u00f3n virtual que recibi\u00f3 en la agencia de \u00c1rea de Los Muermos<\/p>\n<audio class=\"wp-audio-shortcode\" id=\"audio-18727-2\" preload=\"none\" style=\"width: 100%;\" controls=\"controls\"><source type=\"audio\/mpeg\" src=\"https:\/\/www.mundoagropecuario.cl\/new\/wp-content\/uploads\/2021\/04\/Jorge-Hernai\u0300ndez-Vega-Agricultor-de-San-Carlos-El-NTHadi-.mp3?_=2\" \/><a href=\"https:\/\/www.mundoagropecuario.cl\/new\/wp-content\/uploads\/2021\/04\/Jorge-Hernai\u0300ndez-Vega-Agricultor-de-San-Carlos-El-NTHadi-.mp3\">https:\/\/www.mundoagropecuario.cl\/new\/wp-content\/uploads\/2021\/04\/Jorge-Hernai\u0300ndez-Vega-Agricultor-de-San-Carlos-El-NTHadi-.mp3<\/a><\/audio>\n<p>\u201cBueno acabo de tener una conexi\u00f3n virtual con mi ejecutivo, en este caso fue Don Gabriel que me atendi\u00f3 y muy bien, me pareci\u00f3 muy livianita la forma de comunicaci\u00f3n. Considero que dada la circunstancias actuales que a todos nos competen, estos medios de comunicaci\u00f3n digitales son bastante esenciales\u201d.<\/p>\n<p>Este sistema de Atenci\u00f3n Virtual seguir\u00e1 funcionando en Los Muermos de acuerdo a c\u00f3mo evolucione la situaci\u00f3n sanitaria del sector y en respuesta al volumen de apoyo que necesiten los agricultores del territorio.<\/p>\n","protected":false},"excerpt":{"rendered":"<p>El sistema permite entregar una atenci\u00f3n clave a usuarios que provienen de sectores rurales en donde la cobertura de red es compleja<\/p>\n","protected":false},"author":2,"featured_media":18731,"comment_status":"closed","ping_status":"closed","sticky":false,"template":"","format":"standard","meta":{"footnotes":""},"categories":[1945],"tags":[2090,3127,5515,5514,1992],"class_list":["post-18727","post","type-post","status-publish","format-standard","has-post-thumbnail","hentry","category-agricultura","tag-agricultura","tag-agro","tag-atencion-virtual-para-agricultores","tag-habilitan-sala-de-atencion-virtual","tag-indap"],"yoast_head":"<!-- This site is optimized with the Yoast SEO plugin v26.6 - https:\/\/yoast.com\/wordpress\/plugins\/seo\/ -->\n<title>Habilitan Sala de Atenci\u00f3n Virtual para agricultores en Agencia de \u00c1rea de Los Muermos - Mundoagropecuario<\/title>\n<meta name=\"description\" content=\"El sistema permite entregar una atenci\u00f3n clave a usuarios que provienen de sectores rurales en donde la cobertura de red es compleja\" \/>\n<meta name=\"robots\" content=\"index, follow, max-snippet:-1, max-image-preview:large, max-video-preview:-1\" \/>\n<link rel=\"canonical\" href=\"https:\/\/www.mundoagropecuario.cl\/new\/habilitan-sala-de-atencion-virtual-para-agricultores-en-agencia-de-area-de-los-muermos\/\" \/>\n<meta property=\"og:locale\" content=\"es_ES\" \/>\n<meta property=\"og:type\" content=\"article\" \/>\n<meta property=\"og:title\" content=\"Habilitan Sala de Atenci\u00f3n Virtual para agricultores en Agencia de \u00c1rea de Los Muermos - Mundoagropecuario\" \/>\n<meta property=\"og:description\" content=\"El sistema permite entregar una atenci\u00f3n clave a usuarios que provienen de sectores rurales en donde la cobertura de red es compleja\" \/>\n<meta property=\"og:url\" content=\"https:\/\/www.mundoagropecuario.cl\/new\/habilitan-sala-de-atencion-virtual-para-agricultores-en-agencia-de-area-de-los-muermos\/\" \/>\n<meta property=\"og:site_name\" content=\"Mundoagropecuario\" \/>\n<meta property=\"article:publisher\" content=\"https:\/\/www.facebook.com\/mundo.agropecuario.3\" \/>\n<meta property=\"article:published_time\" content=\"2021-04-26T14:32:27+00:00\" \/>\n<meta property=\"article:modified_time\" content=\"2021-04-28T15:31:12+00:00\" \/>\n<meta property=\"og:image\" content=\"https:\/\/www.mundoagropecuario.cl\/new\/wp-content\/uploads\/2021\/04\/Atencioi\u0300n-Virtual-Los-Muermos-01.jpg\" \/>\n\t<meta property=\"og:image:width\" content=\"951\" \/>\n\t<meta property=\"og:image:height\" content=\"535\" \/>\n\t<meta property=\"og:image:type\" content=\"image\/jpeg\" \/>\n<meta name=\"author\" content=\"mundo\" \/>\n<meta name=\"twitter:card\" content=\"summary_large_image\" \/>\n<meta name=\"twitter:creator\" content=\"@MundoAgropecuar\" \/>\n<meta name=\"twitter:site\" content=\"@MundoAgropecuar\" \/>\n<meta name=\"twitter:label1\" content=\"Escrito por\" \/>\n\t<meta name=\"twitter:data1\" content=\"mundo\" \/>\n\t<meta name=\"twitter:label2\" content=\"Tiempo de lectura\" \/>\n\t<meta name=\"twitter:data2\" content=\"2 minutos\" \/>\n<script type=\"application\/ld+json\" class=\"yoast-schema-graph\">{\"@context\":\"https:\/\/schema.org\",\"@graph\":[{\"@type\":\"Article\",\"@id\":\"https:\/\/www.mundoagropecuario.cl\/new\/habilitan-sala-de-atencion-virtual-para-agricultores-en-agencia-de-area-de-los-muermos\/#article\",\"isPartOf\":{\"@id\":\"https:\/\/www.mundoagropecuario.cl\/new\/habilitan-sala-de-atencion-virtual-para-agricultores-en-agencia-de-area-de-los-muermos\/\"},\"author\":{\"name\":\"mundo\",\"@id\":\"https:\/\/www.mundoagropecuario.cl\/new\/#\/schema\/person\/4e9f74a82a7dac260eb1c44b7eebeb18\"},\"headline\":\"Habilitan Sala de Atenci\u00f3n Virtual para agricultores en Agencia de \u00c1rea de Los Muermos\",\"datePublished\":\"2021-04-26T14:32:27+00:00\",\"dateModified\":\"2021-04-28T15:31:12+00:00\",\"mainEntityOfPage\":{\"@id\":\"https:\/\/www.mundoagropecuario.cl\/new\/habilitan-sala-de-atencion-virtual-para-agricultores-en-agencia-de-area-de-los-muermos\/\"},\"wordCount\":471,\"publisher\":{\"@id\":\"https:\/\/www.mundoagropecuario.cl\/new\/#organization\"},\"image\":{\"@id\":\"https:\/\/www.mundoagropecuario.cl\/new\/habilitan-sala-de-atencion-virtual-para-agricultores-en-agencia-de-area-de-los-muermos\/#primaryimage\"},\"thumbnailUrl\":\"https:\/\/www.mundoagropecuario.cl\/new\/wp-content\/uploads\/2021\/04\/Atencioi\u0300n-Virtual-Los-Muermos-01.jpg\",\"keywords\":[\"Agricultura\",\"Agro\",\"Atenci\u00f3n Virtual para agricultores\",\"Habilitan Sala de Atenci\u00f3n Virtual\",\"Indap\"],\"articleSection\":[\"Agricultura\"],\"inLanguage\":\"es\"},{\"@type\":\"WebPage\",\"@id\":\"https:\/\/www.mundoagropecuario.cl\/new\/habilitan-sala-de-atencion-virtual-para-agricultores-en-agencia-de-area-de-los-muermos\/\",\"url\":\"https:\/\/www.mundoagropecuario.cl\/new\/habilitan-sala-de-atencion-virtual-para-agricultores-en-agencia-de-area-de-los-muermos\/\",\"name\":\"Habilitan Sala de Atenci\u00f3n Virtual para agricultores en Agencia de \u00c1rea de Los Muermos - Mundoagropecuario\",\"isPartOf\":{\"@id\":\"https:\/\/www.mundoagropecuario.cl\/new\/#website\"},\"primaryImageOfPage\":{\"@id\":\"https:\/\/www.mundoagropecuario.cl\/new\/habilitan-sala-de-atencion-virtual-para-agricultores-en-agencia-de-area-de-los-muermos\/#primaryimage\"},\"image\":{\"@id\":\"https:\/\/www.mundoagropecuario.cl\/new\/habilitan-sala-de-atencion-virtual-para-agricultores-en-agencia-de-area-de-los-muermos\/#primaryimage\"},\"thumbnailUrl\":\"https:\/\/www.mundoagropecuario.cl\/new\/wp-content\/uploads\/2021\/04\/Atencioi\u0300n-Virtual-Los-Muermos-01.jpg\",\"datePublished\":\"2021-04-26T14:32:27+00:00\",\"dateModified\":\"2021-04-28T15:31:12+00:00\",\"description\":\"El sistema permite entregar una atenci\u00f3n clave a usuarios que provienen de sectores rurales en donde la cobertura de red es compleja\",\"breadcrumb\":{\"@id\":\"https:\/\/www.mundoagropecuario.cl\/new\/habilitan-sala-de-atencion-virtual-para-agricultores-en-agencia-de-area-de-los-muermos\/#breadcrumb\"},\"inLanguage\":\"es\",\"potentialAction\":[{\"@type\":\"ReadAction\",\"target\":[\"https:\/\/www.mundoagropecuario.cl\/new\/habilitan-sala-de-atencion-virtual-para-agricultores-en-agencia-de-area-de-los-muermos\/\"]}]},{\"@type\":\"ImageObject\",\"inLanguage\":\"es\",\"@id\":\"https:\/\/www.mundoagropecuario.cl\/new\/habilitan-sala-de-atencion-virtual-para-agricultores-en-agencia-de-area-de-los-muermos\/#primaryimage\",\"url\":\"https:\/\/www.mundoagropecuario.cl\/new\/wp-content\/uploads\/2021\/04\/Atencioi\u0300n-Virtual-Los-Muermos-01.jpg\",\"contentUrl\":\"https:\/\/www.mundoagropecuario.cl\/new\/wp-content\/uploads\/2021\/04\/Atencioi\u0300n-Virtual-Los-Muermos-01.jpg\",\"width\":711,\"height\":400},{\"@type\":\"BreadcrumbList\",\"@id\":\"https:\/\/www.mundoagropecuario.cl\/new\/habilitan-sala-de-atencion-virtual-para-agricultores-en-agencia-de-area-de-los-muermos\/#breadcrumb\",\"itemListElement\":[{\"@type\":\"ListItem\",\"position\":1,\"name\":\"Portada\",\"item\":\"https:\/\/www.mundoagropecuario.cl\/new\/\"},{\"@type\":\"ListItem\",\"position\":2,\"name\":\"Habilitan Sala de Atenci\u00f3n Virtual para agricultores en Agencia de \u00c1rea de Los Muermos\"}]},{\"@type\":\"WebSite\",\"@id\":\"https:\/\/www.mundoagropecuario.cl\/new\/#website\",\"url\":\"https:\/\/www.mundoagropecuario.cl\/new\/\",\"name\":\"Mundoagropecuario\",\"description\":\"Mundo Agropecuario\",\"publisher\":{\"@id\":\"https:\/\/www.mundoagropecuario.cl\/new\/#organization\"},\"potentialAction\":[{\"@type\":\"SearchAction\",\"target\":{\"@type\":\"EntryPoint\",\"urlTemplate\":\"https:\/\/www.mundoagropecuario.cl\/new\/?s={search_term_string}\"},\"query-input\":{\"@type\":\"PropertyValueSpecification\",\"valueRequired\":true,\"valueName\":\"search_term_string\"}}],\"inLanguage\":\"es\"},{\"@type\":\"Organization\",\"@id\":\"https:\/\/www.mundoagropecuario.cl\/new\/#organization\",\"name\":\"Revista de Agricultura\",\"url\":\"https:\/\/www.mundoagropecuario.cl\/new\/\",\"logo\":{\"@type\":\"ImageObject\",\"inLanguage\":\"es\",\"@id\":\"https:\/\/www.mundoagropecuario.cl\/new\/#\/schema\/logo\/image\/\",\"url\":\"https:\/\/www.mundoagropecuario.cl\/new\/wp-content\/uploads\/2020\/11\/PORTAL-1-1.png\",\"contentUrl\":\"https:\/\/www.mundoagropecuario.cl\/new\/wp-content\/uploads\/2020\/11\/PORTAL-1-1.png\",\"width\":1026,\"height\":100,\"caption\":\"Revista de Agricultura\"},\"image\":{\"@id\":\"https:\/\/www.mundoagropecuario.cl\/new\/#\/schema\/logo\/image\/\"},\"sameAs\":[\"https:\/\/www.facebook.com\/mundo.agropecuario.3\",\"https:\/\/x.com\/MundoAgropecuar\",\"https:\/\/www.linkedin.com\/in\/mundo-agropecuario-934009201\/\"]},{\"@type\":\"Person\",\"@id\":\"https:\/\/www.mundoagropecuario.cl\/new\/#\/schema\/person\/4e9f74a82a7dac260eb1c44b7eebeb18\",\"name\":\"mundo\",\"url\":\"https:\/\/www.mundoagropecuario.cl\/new\/author\/mundo\/\"}]}<\/script>\n<!-- \/ Yoast SEO plugin. -->","yoast_head_json":{"title":"Habilitan Sala de Atenci\u00f3n Virtual para agricultores en Agencia de \u00c1rea de Los Muermos - Mundoagropecuario","description":"El sistema permite entregar una atenci\u00f3n clave a usuarios que provienen de sectores rurales en donde la cobertura de red es compleja","robots":{"index":"index","follow":"follow","max-snippet":"max-snippet:-1","max-image-preview":"max-image-preview:large","max-video-preview":"max-video-preview:-1"},"canonical":"https:\/\/www.mundoagropecuario.cl\/new\/habilitan-sala-de-atencion-virtual-para-agricultores-en-agencia-de-area-de-los-muermos\/","og_locale":"es_ES","og_type":"article","og_title":"Habilitan Sala de Atenci\u00f3n Virtual para agricultores en Agencia de \u00c1rea de Los Muermos - Mundoagropecuario","og_description":"El sistema permite entregar una atenci\u00f3n clave a usuarios que provienen de sectores rurales en donde la cobertura de red es compleja","og_url":"https:\/\/www.mundoagropecuario.cl\/new\/habilitan-sala-de-atencion-virtual-para-agricultores-en-agencia-de-area-de-los-muermos\/","og_site_name":"Mundoagropecuario","article_publisher":"https:\/\/www.facebook.com\/mundo.agropecuario.3","article_published_time":"2021-04-26T14:32:27+00:00","article_modified_time":"2021-04-28T15:31:12+00:00","og_image":[{"width":951,"height":535,"url":"https:\/\/www.mundoagropecuario.cl\/new\/wp-content\/uploads\/2021\/04\/Atencioi\u0300n-Virtual-Los-Muermos-01.jpg","type":"image\/jpeg"}],"author":"mundo","twitter_card":"summary_large_image","twitter_creator":"@MundoAgropecuar","twitter_site":"@MundoAgropecuar","twitter_misc":{"Escrito por":"mundo","Tiempo de lectura":"2 minutos"},"schema":{"@context":"https:\/\/schema.org","@graph":[{"@type":"Article","@id":"https:\/\/www.mundoagropecuario.cl\/new\/habilitan-sala-de-atencion-virtual-para-agricultores-en-agencia-de-area-de-los-muermos\/#article","isPartOf":{"@id":"https:\/\/www.mundoagropecuario.cl\/new\/habilitan-sala-de-atencion-virtual-para-agricultores-en-agencia-de-area-de-los-muermos\/"},"author":{"name":"mundo","@id":"https:\/\/www.mundoagropecuario.cl\/new\/#\/schema\/person\/4e9f74a82a7dac260eb1c44b7eebeb18"},"headline":"Habilitan Sala de Atenci\u00f3n Virtual para agricultores en Agencia de \u00c1rea de Los Muermos","datePublished":"2021-04-26T14:32:27+00:00","dateModified":"2021-04-28T15:31:12+00:00","mainEntityOfPage":{"@id":"https:\/\/www.mundoagropecuario.cl\/new\/habilitan-sala-de-atencion-virtual-para-agricultores-en-agencia-de-area-de-los-muermos\/"},"wordCount":471,"publisher":{"@id":"https:\/\/www.mundoagropecuario.cl\/new\/#organization"},"image":{"@id":"https:\/\/www.mundoagropecuario.cl\/new\/habilitan-sala-de-atencion-virtual-para-agricultores-en-agencia-de-area-de-los-muermos\/#primaryimage"},"thumbnailUrl":"https:\/\/www.mundoagropecuario.cl\/new\/wp-content\/uploads\/2021\/04\/Atencioi\u0300n-Virtual-Los-Muermos-01.jpg","keywords":["Agricultura","Agro","Atenci\u00f3n Virtual para agricultores","Habilitan Sala de Atenci\u00f3n Virtual","Indap"],"articleSection":["Agricultura"],"inLanguage":"es"},{"@type":"WebPage","@id":"https:\/\/www.mundoagropecuario.cl\/new\/habilitan-sala-de-atencion-virtual-para-agricultores-en-agencia-de-area-de-los-muermos\/","url":"https:\/\/www.mundoagropecuario.cl\/new\/habilitan-sala-de-atencion-virtual-para-agricultores-en-agencia-de-area-de-los-muermos\/","name":"Habilitan Sala de Atenci\u00f3n Virtual para agricultores en Agencia de \u00c1rea de Los Muermos - Mundoagropecuario","isPartOf":{"@id":"https:\/\/www.mundoagropecuario.cl\/new\/#website"},"primaryImageOfPage":{"@id":"https:\/\/www.mundoagropecuario.cl\/new\/habilitan-sala-de-atencion-virtual-para-agricultores-en-agencia-de-area-de-los-muermos\/#primaryimage"},"image":{"@id":"https:\/\/www.mundoagropecuario.cl\/new\/habilitan-sala-de-atencion-virtual-para-agricultores-en-agencia-de-area-de-los-muermos\/#primaryimage"},"thumbnailUrl":"https:\/\/www.mundoagropecuario.cl\/new\/wp-content\/uploads\/2021\/04\/Atencioi\u0300n-Virtual-Los-Muermos-01.jpg","datePublished":"2021-04-26T14:32:27+00:00","dateModified":"2021-04-28T15:31:12+00:00","description":"El sistema permite entregar una atenci\u00f3n clave a usuarios que provienen de sectores rurales en donde la cobertura de red es compleja","breadcrumb":{"@id":"https:\/\/www.mundoagropecuario.cl\/new\/habilitan-sala-de-atencion-virtual-para-agricultores-en-agencia-de-area-de-los-muermos\/#breadcrumb"},"inLanguage":"es","potentialAction":[{"@type":"ReadAction","target":["https:\/\/www.mundoagropecuario.cl\/new\/habilitan-sala-de-atencion-virtual-para-agricultores-en-agencia-de-area-de-los-muermos\/"]}]},{"@type":"ImageObject","inLanguage":"es","@id":"https:\/\/www.mundoagropecuario.cl\/new\/habilitan-sala-de-atencion-virtual-para-agricultores-en-agencia-de-area-de-los-muermos\/#primaryimage","url":"https:\/\/www.mundoagropecuario.cl\/new\/wp-content\/uploads\/2021\/04\/Atencioi\u0300n-Virtual-Los-Muermos-01.jpg","contentUrl":"https:\/\/www.mundoagropecuario.cl\/new\/wp-content\/uploads\/2021\/04\/Atencioi\u0300n-Virtual-Los-Muermos-01.jpg","width":711,"height":400},{"@type":"BreadcrumbList","@id":"https:\/\/www.mundoagropecuario.cl\/new\/habilitan-sala-de-atencion-virtual-para-agricultores-en-agencia-de-area-de-los-muermos\/#breadcrumb","itemListElement":[{"@type":"ListItem","position":1,"name":"Portada","item":"https:\/\/www.mundoagropecuario.cl\/new\/"},{"@type":"ListItem","position":2,"name":"Habilitan Sala de Atenci\u00f3n Virtual para agricultores en Agencia de \u00c1rea de Los Muermos"}]},{"@type":"WebSite","@id":"https:\/\/www.mundoagropecuario.cl\/new\/#website","url":"https:\/\/www.mundoagropecuario.cl\/new\/","name":"Mundoagropecuario","description":"Mundo Agropecuario","publisher":{"@id":"https:\/\/www.mundoagropecuario.cl\/new\/#organization"},"potentialAction":[{"@type":"SearchAction","target":{"@type":"EntryPoint","urlTemplate":"https:\/\/www.mundoagropecuario.cl\/new\/?s={search_term_string}"},"query-input":{"@type":"PropertyValueSpecification","valueRequired":true,"valueName":"search_term_string"}}],"inLanguage":"es"},{"@type":"Organization","@id":"https:\/\/www.mundoagropecuario.cl\/new\/#organization","name":"Revista de Agricultura","url":"https:\/\/www.mundoagropecuario.cl\/new\/","logo":{"@type":"ImageObject","inLanguage":"es","@id":"https:\/\/www.mundoagropecuario.cl\/new\/#\/schema\/logo\/image\/","url":"https:\/\/www.mundoagropecuario.cl\/new\/wp-content\/uploads\/2020\/11\/PORTAL-1-1.png","contentUrl":"https:\/\/www.mundoagropecuario.cl\/new\/wp-content\/uploads\/2020\/11\/PORTAL-1-1.png","width":1026,"height":100,"caption":"Revista de Agricultura"},"image":{"@id":"https:\/\/www.mundoagropecuario.cl\/new\/#\/schema\/logo\/image\/"},"sameAs":["https:\/\/www.facebook.com\/mundo.agropecuario.3","https:\/\/x.com\/MundoAgropecuar","https:\/\/www.linkedin.com\/in\/mundo-agropecuario-934009201\/"]},{"@type":"Person","@id":"https:\/\/www.mundoagropecuario.cl\/new\/#\/schema\/person\/4e9f74a82a7dac260eb1c44b7eebeb18","name":"mundo","url":"https:\/\/www.mundoagropecuario.cl\/new\/author\/mundo\/"}]}},"_links":{"self":[{"href":"https:\/\/www.mundoagropecuario.cl\/new\/wp-json\/wp\/v2\/posts\/18727","targetHints":{"allow":["GET"]}}],"collection":[{"href":"https:\/\/www.mundoagropecuario.cl\/new\/wp-json\/wp\/v2\/posts"}],"about":[{"href":"https:\/\/www.mundoagropecuario.cl\/new\/wp-json\/wp\/v2\/types\/post"}],"author":[{"embeddable":true,"href":"https:\/\/www.mundoagropecuario.cl\/new\/wp-json\/wp\/v2\/users\/2"}],"replies":[{"embeddable":true,"href":"https:\/\/www.mundoagropecuario.cl\/new\/wp-json\/wp\/v2\/comments?post=18727"}],"version-history":[{"count":1,"href":"https:\/\/www.mundoagropecuario.cl\/new\/wp-json\/wp\/v2\/posts\/18727\/revisions"}],"predecessor-version":[{"id":18732,"href":"https:\/\/www.mundoagropecuario.cl\/new\/wp-json\/wp\/v2\/posts\/18727\/revisions\/18732"}],"wp:featuredmedia":[{"embeddable":true,"href":"https:\/\/www.mundoagropecuario.cl\/new\/wp-json\/wp\/v2\/media\/18731"}],"wp:attachment":[{"href":"https:\/\/www.mundoagropecuario.cl\/new\/wp-json\/wp\/v2\/media?parent=18727"}],"wp:term":[{"taxonomy":"category","embeddable":true,"href":"https:\/\/www.mundoagropecuario.cl\/new\/wp-json\/wp\/v2\/categories?post=18727"},{"taxonomy":"post_tag","embeddable":true,"href":"https:\/\/www.mundoagropecuario.cl\/new\/wp-json\/wp\/v2\/tags?post=18727"}],"curies":[{"name":"wp","href":"https:\/\/api.w.org\/{rel}","templated":true}]}}