{"id":18674,"date":"2021-04-21T13:08:18","date_gmt":"2021-04-21T16:08:18","guid":{"rendered":"https:\/\/www.mundoagropecuario.cl\/new\/?p=18674"},"modified":"2021-04-23T11:32:57","modified_gmt":"2021-04-23T14:32:57","slug":"exportaciones-forestales-inician-el-2021-al-alza","status":"publish","type":"post","link":"https:\/\/www.mundoagropecuario.cl\/new\/exportaciones-forestales-inician-el-2021-al-alza\/","title":{"rendered":"Exportaciones forestales inician el 2021 al alza"},"content":{"rendered":"<blockquote>\n<h2><span style=\"color: #003300;\">Total acumulado a marzo, representa un aumento de 4,3% comparado con el primer trimestre del a\u00f1o pasado.<\/span><\/h2>\n<\/blockquote>\n<p>Luego de terminar el 2020 con la cifra m\u00e1s baja de la \u00faltima d\u00e9cada, el inicio de 2021 arranca con un panorama m\u00e1s optimista para las exportaciones forestales que presentaron un aumento del 4,3% en el primer trimestre del a\u00f1o seg\u00fan datos del Instituto Forestal (INFOR), organismo adscrito al Ministerio de Agricultura.<\/p>\n<p><a href=\"https:\/\/www.mundoagropecuario.cl\/new\/wp-content\/uploads\/2021\/04\/Export-Forestal-780x405-1.jpeg\"><img loading=\"lazy\" decoding=\"async\" class=\" wp-image-18677 alignright\" src=\"https:\/\/www.mundoagropecuario.cl\/new\/wp-content\/uploads\/2021\/04\/Export-Forestal-780x405-1-586x304.jpeg\" alt=\"\" width=\"539\" height=\"283\" \/><\/a>El acumulado a marzo es de US$ 1.192 millones, despu\u00e9s que los embarques de enero y febrero mostraron un repunte respectos de las cifras registradas en iguales meses de 2020. De acuerdo con el<span style=\"color: #003300;\"> director del INFOR, Fernando Raga<\/span>, \u201ceste repunte obedece a que la vacunaci\u00f3n contra el COVID-19 est\u00e1 abriendo en el mundo luces de reactivaci\u00f3n econ\u00f3mica, aunque leves, pero que permiten esperar mejores proyecciones para nuestras exportaciones\u201d.<\/p>\n<p>En ese contexto, Raga record\u00f3 que \u201cChina y Estados Unidos contin\u00faan en los primeros lugares del ranking de pa\u00edses de destino de nuestras exportaciones forestales\u201d. De hecho, hacia China se comercializa el 29% de ellas, mientras que al pa\u00eds del norte se env\u00eda el 21%.<\/p>\n<p>En cuanto a productos forestales, las principales alzas se registraron en las exportaciones de molduras de madera de pino radiata, que aumentaron un 46,9%; seguido por tableros contrachapados, que lo hicieron en 20,5%; y la pulpa blanqueada de pino radiata (+17,7%), nuestro principal producto exportado que representa el 17,4% del total.<\/p>\n<p>En cuanto a las ca\u00eddas m\u00e1s pronunciadas, \u00e9stas se produjeron en las astillas sin corteza de eucaliptus, que disminuyeron un 54,6%; y en la pulpa blanqueada de eucaliptus, con una cifra menor en 5,6% en relaci\u00f3n con el primer trimestre de<\/p>\n<p><a href=\"https:\/\/www.mundoagropecuario.cl\/new\/wp-content\/uploads\/2021\/04\/Exportaciones2_2021.jpeg\"><img loading=\"lazy\" decoding=\"async\" class=\"size-full wp-image-18675 aligncenter\" src=\"https:\/\/www.mundoagropecuario.cl\/new\/wp-content\/uploads\/2021\/04\/Exportaciones2_2021.jpeg\" alt=\"\" width=\"400\" height=\"263\" \/><\/a><\/p>\n","protected":false},"excerpt":{"rendered":"<p>Luego de terminar el 2020 con la cifra m\u00e1s baja de la \u00faltima d\u00e9cada, el inicio de 2021 arranca con un panorama m\u00e1s optimista para las exportaciones forestales que presentaron un aumento del 4,3%<\/p>\n","protected":false},"author":2,"featured_media":18676,"comment_status":"closed","ping_status":"closed","sticky":false,"template":"","format":"standard","meta":{"footnotes":""},"categories":[1949],"tags":[2640,876,4665,2674,5492,2054,2035],"class_list":["post-18674","post","type-post","status-publish","format-standard","has-post-thumbnail","hentry","category-forestal","tag-arboles","tag-conaf","tag-covid-19","tag-eucaliptus","tag-exportaciones-forestales","tag-infor","tag-minagri"],"yoast_head":"<!-- This site is optimized with the Yoast SEO plugin v26.6 - https:\/\/yoast.com\/wordpress\/plugins\/seo\/ -->\n<title>Exportaciones forestales inician el 2021 al alza - Mundoagropecuario<\/title>\n<meta name=\"description\" content=\"Luego de terminar el 2020 con la cifra m\u00e1s baja, el inicio de 2021 arranca con un panorama m\u00e1s optimista para las exportaciones forestales\" \/>\n<meta name=\"robots\" content=\"index, follow, max-snippet:-1, max-image-preview:large, max-video-preview:-1\" \/>\n<link rel=\"canonical\" href=\"https:\/\/www.mundoagropecuario.cl\/new\/exportaciones-forestales-inician-el-2021-al-alza\/\" \/>\n<meta property=\"og:locale\" content=\"es_ES\" \/>\n<meta property=\"og:type\" content=\"article\" \/>\n<meta property=\"og:title\" content=\"Exportaciones forestales inician el 2021 al alza - Mundoagropecuario\" \/>\n<meta property=\"og:description\" content=\"Luego de terminar el 2020 con la cifra m\u00e1s baja, el inicio de 2021 arranca con un panorama m\u00e1s optimista para las exportaciones forestales\" \/>\n<meta property=\"og:url\" content=\"https:\/\/www.mundoagropecuario.cl\/new\/exportaciones-forestales-inician-el-2021-al-alza\/\" \/>\n<meta property=\"og:site_name\" content=\"Mundoagropecuario\" \/>\n<meta property=\"article:publisher\" content=\"https:\/\/www.facebook.com\/mundo.agropecuario.3\" \/>\n<meta property=\"article:published_time\" content=\"2021-04-21T16:08:18+00:00\" \/>\n<meta property=\"article:modified_time\" content=\"2021-04-23T14:32:57+00:00\" \/>\n<meta property=\"og:image\" content=\"https:\/\/www.mundoagropecuario.cl\/new\/wp-content\/uploads\/2021\/04\/Exportaciones-forestales-.jpeg\" \/>\n\t<meta property=\"og:image:width\" content=\"850\" \/>\n\t<meta property=\"og:image:height\" content=\"400\" \/>\n\t<meta property=\"og:image:type\" content=\"image\/jpeg\" \/>\n<meta name=\"author\" content=\"mundo\" \/>\n<meta name=\"twitter:card\" content=\"summary_large_image\" \/>\n<meta name=\"twitter:creator\" content=\"@MundoAgropecuar\" \/>\n<meta name=\"twitter:site\" content=\"@MundoAgropecuar\" \/>\n<meta name=\"twitter:label1\" content=\"Escrito por\" \/>\n\t<meta name=\"twitter:data1\" content=\"mundo\" \/>\n\t<meta name=\"twitter:label2\" content=\"Tiempo de lectura\" \/>\n\t<meta name=\"twitter:data2\" content=\"2 minutos\" \/>\n<script type=\"application\/ld+json\" class=\"yoast-schema-graph\">{\"@context\":\"https:\/\/schema.org\",\"@graph\":[{\"@type\":\"Article\",\"@id\":\"https:\/\/www.mundoagropecuario.cl\/new\/exportaciones-forestales-inician-el-2021-al-alza\/#article\",\"isPartOf\":{\"@id\":\"https:\/\/www.mundoagropecuario.cl\/new\/exportaciones-forestales-inician-el-2021-al-alza\/\"},\"author\":{\"name\":\"mundo\",\"@id\":\"https:\/\/www.mundoagropecuario.cl\/new\/#\/schema\/person\/4e9f74a82a7dac260eb1c44b7eebeb18\"},\"headline\":\"Exportaciones forestales inician el 2021 al alza\",\"datePublished\":\"2021-04-21T16:08:18+00:00\",\"dateModified\":\"2021-04-23T14:32:57+00:00\",\"mainEntityOfPage\":{\"@id\":\"https:\/\/www.mundoagropecuario.cl\/new\/exportaciones-forestales-inician-el-2021-al-alza\/\"},\"wordCount\":284,\"publisher\":{\"@id\":\"https:\/\/www.mundoagropecuario.cl\/new\/#organization\"},\"image\":{\"@id\":\"https:\/\/www.mundoagropecuario.cl\/new\/exportaciones-forestales-inician-el-2021-al-alza\/#primaryimage\"},\"thumbnailUrl\":\"https:\/\/www.mundoagropecuario.cl\/new\/wp-content\/uploads\/2021\/04\/Exportaciones-forestales-.jpeg\",\"keywords\":[\"\u00e1rboles\",\"Conaf\",\"covid-19\",\"eucaliptus\",\"Exportaciones forestales\",\"Infor\",\"Minagri\"],\"articleSection\":[\"Forestal\"],\"inLanguage\":\"es\"},{\"@type\":\"WebPage\",\"@id\":\"https:\/\/www.mundoagropecuario.cl\/new\/exportaciones-forestales-inician-el-2021-al-alza\/\",\"url\":\"https:\/\/www.mundoagropecuario.cl\/new\/exportaciones-forestales-inician-el-2021-al-alza\/\",\"name\":\"Exportaciones forestales inician el 2021 al alza - Mundoagropecuario\",\"isPartOf\":{\"@id\":\"https:\/\/www.mundoagropecuario.cl\/new\/#website\"},\"primaryImageOfPage\":{\"@id\":\"https:\/\/www.mundoagropecuario.cl\/new\/exportaciones-forestales-inician-el-2021-al-alza\/#primaryimage\"},\"image\":{\"@id\":\"https:\/\/www.mundoagropecuario.cl\/new\/exportaciones-forestales-inician-el-2021-al-alza\/#primaryimage\"},\"thumbnailUrl\":\"https:\/\/www.mundoagropecuario.cl\/new\/wp-content\/uploads\/2021\/04\/Exportaciones-forestales-.jpeg\",\"datePublished\":\"2021-04-21T16:08:18+00:00\",\"dateModified\":\"2021-04-23T14:32:57+00:00\",\"description\":\"Luego de terminar el 2020 con la cifra m\u00e1s baja, el inicio de 2021 arranca con un panorama m\u00e1s optimista para las exportaciones forestales\",\"breadcrumb\":{\"@id\":\"https:\/\/www.mundoagropecuario.cl\/new\/exportaciones-forestales-inician-el-2021-al-alza\/#breadcrumb\"},\"inLanguage\":\"es\",\"potentialAction\":[{\"@type\":\"ReadAction\",\"target\":[\"https:\/\/www.mundoagropecuario.cl\/new\/exportaciones-forestales-inician-el-2021-al-alza\/\"]}]},{\"@type\":\"ImageObject\",\"inLanguage\":\"es\",\"@id\":\"https:\/\/www.mundoagropecuario.cl\/new\/exportaciones-forestales-inician-el-2021-al-alza\/#primaryimage\",\"url\":\"https:\/\/www.mundoagropecuario.cl\/new\/wp-content\/uploads\/2021\/04\/Exportaciones-forestales-.jpeg\",\"contentUrl\":\"https:\/\/www.mundoagropecuario.cl\/new\/wp-content\/uploads\/2021\/04\/Exportaciones-forestales-.jpeg\",\"width\":720,\"height\":339},{\"@type\":\"BreadcrumbList\",\"@id\":\"https:\/\/www.mundoagropecuario.cl\/new\/exportaciones-forestales-inician-el-2021-al-alza\/#breadcrumb\",\"itemListElement\":[{\"@type\":\"ListItem\",\"position\":1,\"name\":\"Portada\",\"item\":\"https:\/\/www.mundoagropecuario.cl\/new\/\"},{\"@type\":\"ListItem\",\"position\":2,\"name\":\"Exportaciones forestales inician el 2021 al alza\"}]},{\"@type\":\"WebSite\",\"@id\":\"https:\/\/www.mundoagropecuario.cl\/new\/#website\",\"url\":\"https:\/\/www.mundoagropecuario.cl\/new\/\",\"name\":\"Mundoagropecuario\",\"description\":\"Mundo Agropecuario\",\"publisher\":{\"@id\":\"https:\/\/www.mundoagropecuario.cl\/new\/#organization\"},\"potentialAction\":[{\"@type\":\"SearchAction\",\"target\":{\"@type\":\"EntryPoint\",\"urlTemplate\":\"https:\/\/www.mundoagropecuario.cl\/new\/?s={search_term_string}\"},\"query-input\":{\"@type\":\"PropertyValueSpecification\",\"valueRequired\":true,\"valueName\":\"search_term_string\"}}],\"inLanguage\":\"es\"},{\"@type\":\"Organization\",\"@id\":\"https:\/\/www.mundoagropecuario.cl\/new\/#organization\",\"name\":\"Revista de Agricultura\",\"url\":\"https:\/\/www.mundoagropecuario.cl\/new\/\",\"logo\":{\"@type\":\"ImageObject\",\"inLanguage\":\"es\",\"@id\":\"https:\/\/www.mundoagropecuario.cl\/new\/#\/schema\/logo\/image\/\",\"url\":\"https:\/\/www.mundoagropecuario.cl\/new\/wp-content\/uploads\/2020\/11\/PORTAL-1-1.png\",\"contentUrl\":\"https:\/\/www.mundoagropecuario.cl\/new\/wp-content\/uploads\/2020\/11\/PORTAL-1-1.png\",\"width\":1026,\"height\":100,\"caption\":\"Revista de Agricultura\"},\"image\":{\"@id\":\"https:\/\/www.mundoagropecuario.cl\/new\/#\/schema\/logo\/image\/\"},\"sameAs\":[\"https:\/\/www.facebook.com\/mundo.agropecuario.3\",\"https:\/\/x.com\/MundoAgropecuar\",\"https:\/\/www.linkedin.com\/in\/mundo-agropecuario-934009201\/\"]},{\"@type\":\"Person\",\"@id\":\"https:\/\/www.mundoagropecuario.cl\/new\/#\/schema\/person\/4e9f74a82a7dac260eb1c44b7eebeb18\",\"name\":\"mundo\",\"url\":\"https:\/\/www.mundoagropecuario.cl\/new\/author\/mundo\/\"}]}<\/script>\n<!-- \/ Yoast SEO plugin. -->","yoast_head_json":{"title":"Exportaciones forestales inician el 2021 al alza - Mundoagropecuario","description":"Luego de terminar el 2020 con la cifra m\u00e1s baja, el inicio de 2021 arranca con un panorama m\u00e1s optimista para las exportaciones forestales","robots":{"index":"index","follow":"follow","max-snippet":"max-snippet:-1","max-image-preview":"max-image-preview:large","max-video-preview":"max-video-preview:-1"},"canonical":"https:\/\/www.mundoagropecuario.cl\/new\/exportaciones-forestales-inician-el-2021-al-alza\/","og_locale":"es_ES","og_type":"article","og_title":"Exportaciones forestales inician el 2021 al alza - Mundoagropecuario","og_description":"Luego de terminar el 2020 con la cifra m\u00e1s baja, el inicio de 2021 arranca con un panorama m\u00e1s optimista para las exportaciones forestales","og_url":"https:\/\/www.mundoagropecuario.cl\/new\/exportaciones-forestales-inician-el-2021-al-alza\/","og_site_name":"Mundoagropecuario","article_publisher":"https:\/\/www.facebook.com\/mundo.agropecuario.3","article_published_time":"2021-04-21T16:08:18+00:00","article_modified_time":"2021-04-23T14:32:57+00:00","og_image":[{"width":850,"height":400,"url":"https:\/\/www.mundoagropecuario.cl\/new\/wp-content\/uploads\/2021\/04\/Exportaciones-forestales-.jpeg","type":"image\/jpeg"}],"author":"mundo","twitter_card":"summary_large_image","twitter_creator":"@MundoAgropecuar","twitter_site":"@MundoAgropecuar","twitter_misc":{"Escrito por":"mundo","Tiempo de lectura":"2 minutos"},"schema":{"@context":"https:\/\/schema.org","@graph":[{"@type":"Article","@id":"https:\/\/www.mundoagropecuario.cl\/new\/exportaciones-forestales-inician-el-2021-al-alza\/#article","isPartOf":{"@id":"https:\/\/www.mundoagropecuario.cl\/new\/exportaciones-forestales-inician-el-2021-al-alza\/"},"author":{"name":"mundo","@id":"https:\/\/www.mundoagropecuario.cl\/new\/#\/schema\/person\/4e9f74a82a7dac260eb1c44b7eebeb18"},"headline":"Exportaciones forestales inician el 2021 al alza","datePublished":"2021-04-21T16:08:18+00:00","dateModified":"2021-04-23T14:32:57+00:00","mainEntityOfPage":{"@id":"https:\/\/www.mundoagropecuario.cl\/new\/exportaciones-forestales-inician-el-2021-al-alza\/"},"wordCount":284,"publisher":{"@id":"https:\/\/www.mundoagropecuario.cl\/new\/#organization"},"image":{"@id":"https:\/\/www.mundoagropecuario.cl\/new\/exportaciones-forestales-inician-el-2021-al-alza\/#primaryimage"},"thumbnailUrl":"https:\/\/www.mundoagropecuario.cl\/new\/wp-content\/uploads\/2021\/04\/Exportaciones-forestales-.jpeg","keywords":["\u00e1rboles","Conaf","covid-19","eucaliptus","Exportaciones forestales","Infor","Minagri"],"articleSection":["Forestal"],"inLanguage":"es"},{"@type":"WebPage","@id":"https:\/\/www.mundoagropecuario.cl\/new\/exportaciones-forestales-inician-el-2021-al-alza\/","url":"https:\/\/www.mundoagropecuario.cl\/new\/exportaciones-forestales-inician-el-2021-al-alza\/","name":"Exportaciones forestales inician el 2021 al alza - Mundoagropecuario","isPartOf":{"@id":"https:\/\/www.mundoagropecuario.cl\/new\/#website"},"primaryImageOfPage":{"@id":"https:\/\/www.mundoagropecuario.cl\/new\/exportaciones-forestales-inician-el-2021-al-alza\/#primaryimage"},"image":{"@id":"https:\/\/www.mundoagropecuario.cl\/new\/exportaciones-forestales-inician-el-2021-al-alza\/#primaryimage"},"thumbnailUrl":"https:\/\/www.mundoagropecuario.cl\/new\/wp-content\/uploads\/2021\/04\/Exportaciones-forestales-.jpeg","datePublished":"2021-04-21T16:08:18+00:00","dateModified":"2021-04-23T14:32:57+00:00","description":"Luego de terminar el 2020 con la cifra m\u00e1s baja, el inicio de 2021 arranca con un panorama m\u00e1s optimista para las exportaciones forestales","breadcrumb":{"@id":"https:\/\/www.mundoagropecuario.cl\/new\/exportaciones-forestales-inician-el-2021-al-alza\/#breadcrumb"},"inLanguage":"es","potentialAction":[{"@type":"ReadAction","target":["https:\/\/www.mundoagropecuario.cl\/new\/exportaciones-forestales-inician-el-2021-al-alza\/"]}]},{"@type":"ImageObject","inLanguage":"es","@id":"https:\/\/www.mundoagropecuario.cl\/new\/exportaciones-forestales-inician-el-2021-al-alza\/#primaryimage","url":"https:\/\/www.mundoagropecuario.cl\/new\/wp-content\/uploads\/2021\/04\/Exportaciones-forestales-.jpeg","contentUrl":"https:\/\/www.mundoagropecuario.cl\/new\/wp-content\/uploads\/2021\/04\/Exportaciones-forestales-.jpeg","width":720,"height":339},{"@type":"BreadcrumbList","@id":"https:\/\/www.mundoagropecuario.cl\/new\/exportaciones-forestales-inician-el-2021-al-alza\/#breadcrumb","itemListElement":[{"@type":"ListItem","position":1,"name":"Portada","item":"https:\/\/www.mundoagropecuario.cl\/new\/"},{"@type":"ListItem","position":2,"name":"Exportaciones forestales inician el 2021 al alza"}]},{"@type":"WebSite","@id":"https:\/\/www.mundoagropecuario.cl\/new\/#website","url":"https:\/\/www.mundoagropecuario.cl\/new\/","name":"Mundoagropecuario","description":"Mundo Agropecuario","publisher":{"@id":"https:\/\/www.mundoagropecuario.cl\/new\/#organization"},"potentialAction":[{"@type":"SearchAction","target":{"@type":"EntryPoint","urlTemplate":"https:\/\/www.mundoagropecuario.cl\/new\/?s={search_term_string}"},"query-input":{"@type":"PropertyValueSpecification","valueRequired":true,"valueName":"search_term_string"}}],"inLanguage":"es"},{"@type":"Organization","@id":"https:\/\/www.mundoagropecuario.cl\/new\/#organization","name":"Revista de Agricultura","url":"https:\/\/www.mundoagropecuario.cl\/new\/","logo":{"@type":"ImageObject","inLanguage":"es","@id":"https:\/\/www.mundoagropecuario.cl\/new\/#\/schema\/logo\/image\/","url":"https:\/\/www.mundoagropecuario.cl\/new\/wp-content\/uploads\/2020\/11\/PORTAL-1-1.png","contentUrl":"https:\/\/www.mundoagropecuario.cl\/new\/wp-content\/uploads\/2020\/11\/PORTAL-1-1.png","width":1026,"height":100,"caption":"Revista de Agricultura"},"image":{"@id":"https:\/\/www.mundoagropecuario.cl\/new\/#\/schema\/logo\/image\/"},"sameAs":["https:\/\/www.facebook.com\/mundo.agropecuario.3","https:\/\/x.com\/MundoAgropecuar","https:\/\/www.linkedin.com\/in\/mundo-agropecuario-934009201\/"]},{"@type":"Person","@id":"https:\/\/www.mundoagropecuario.cl\/new\/#\/schema\/person\/4e9f74a82a7dac260eb1c44b7eebeb18","name":"mundo","url":"https:\/\/www.mundoagropecuario.cl\/new\/author\/mundo\/"}]}},"_links":{"self":[{"href":"https:\/\/www.mundoagropecuario.cl\/new\/wp-json\/wp\/v2\/posts\/18674","targetHints":{"allow":["GET"]}}],"collection":[{"href":"https:\/\/www.mundoagropecuario.cl\/new\/wp-json\/wp\/v2\/posts"}],"about":[{"href":"https:\/\/www.mundoagropecuario.cl\/new\/wp-json\/wp\/v2\/types\/post"}],"author":[{"embeddable":true,"href":"https:\/\/www.mundoagropecuario.cl\/new\/wp-json\/wp\/v2\/users\/2"}],"replies":[{"embeddable":true,"href":"https:\/\/www.mundoagropecuario.cl\/new\/wp-json\/wp\/v2\/comments?post=18674"}],"version-history":[{"count":1,"href":"https:\/\/www.mundoagropecuario.cl\/new\/wp-json\/wp\/v2\/posts\/18674\/revisions"}],"predecessor-version":[{"id":18678,"href":"https:\/\/www.mundoagropecuario.cl\/new\/wp-json\/wp\/v2\/posts\/18674\/revisions\/18678"}],"wp:featuredmedia":[{"embeddable":true,"href":"https:\/\/www.mundoagropecuario.cl\/new\/wp-json\/wp\/v2\/media\/18676"}],"wp:attachment":[{"href":"https:\/\/www.mundoagropecuario.cl\/new\/wp-json\/wp\/v2\/media?parent=18674"}],"wp:term":[{"taxonomy":"category","embeddable":true,"href":"https:\/\/www.mundoagropecuario.cl\/new\/wp-json\/wp\/v2\/categories?post=18674"},{"taxonomy":"post_tag","embeddable":true,"href":"https:\/\/www.mundoagropecuario.cl\/new\/wp-json\/wp\/v2\/tags?post=18674"}],"curies":[{"name":"wp","href":"https:\/\/api.w.org\/{rel}","templated":true}]}}