{"id":18626,"date":"2021-04-19T06:31:54","date_gmt":"2021-04-19T09:31:54","guid":{"rendered":"https:\/\/www.mundoagropecuario.cl\/new\/?p=18626"},"modified":"2021-04-21T12:03:18","modified_gmt":"2021-04-21T15:03:18","slug":"aproleche-osorno-busca-aplazar-oficio-fiscal-que-afecta-a-los-productores-de-la-zona","status":"publish","type":"post","link":"https:\/\/www.mundoagropecuario.cl\/new\/aproleche-osorno-busca-aplazar-oficio-fiscal-que-afecta-a-los-productores-de-la-zona\/","title":{"rendered":"Aproleche Osorno busca aplazar oficio fiscal que afecta a los productores de la zona"},"content":{"rendered":"<blockquote>\n<h2><span style=\"color: #003366;\">La Asociaci\u00f3n Gremial pretende conversar con el Director Regional del SII para tratar esta situaci\u00f3n.<\/span><\/h2>\n<\/blockquote>\n<p>En una reuni\u00f3n llevada a cabo junto al Subsecretario de Agricultura, Jos\u00e9 Pinochet y el Seremi de Agricultura de Los Lagos, Eduardo Winkler, acompa\u00f1ados del Intendente Regional de Los Lagos, Carlos Geisse; la Asociaci\u00f3n Gremial de Productores de Leche de Osorno (Aproleche), convers\u00f3 variados temas contingentes a lo que est\u00e1 viviendo hoy el sector, especialmente el Estado de Emergencia Agr\u00edcola en la regi\u00f3n por la cr\u00edtica escasez h\u00eddrica, las necesidades de inversi\u00f3n para aumentar la capacidad de procesamiento nacional, robusteciendo as\u00ed la cadena l\u00e1ctea, y el riego y la posibilidad de usar el agua que se pierde por los r\u00edos, en vez de regar.<\/p>\n<p><a href=\"https:\/\/www.mundoagropecuario.cl\/new\/wp-content\/uploads\/2021\/04\/Fedeleche3-scaled.jpeg\"><img loading=\"lazy\" decoding=\"async\" class=\" wp-image-18628 alignright\" src=\"https:\/\/www.mundoagropecuario.cl\/new\/wp-content\/uploads\/2021\/04\/Fedeleche3-586x341.jpeg\" alt=\"\" width=\"536\" height=\"272\" \/><\/a>De igual manera, Aproleche coment\u00f3 a las autoridades sobre la reuni\u00f3n que tendr\u00e1n con Jorge Lara, Director Regional del Servicio de Impuestos Internos, con el fin de tratar un oficio altamente relevante, emitido por el SII en noviembre del a\u00f1o 2020, y que puede afectar a la gran mayor\u00eda de los productores de la zona.<\/p>\n<p>Dicho oficio, establece que un arrendatario en renta presunta, ya sea por el total o parte de un predio agr\u00edcola, debe tributar por el 100% del aval\u00fao fiscal.<\/p>\n<p>Finalmente Marcos Winkler, presidente de Aproleche Osorno, sostuvo que &#8220;como Asociaci\u00f3n Gremial, entendemos las complejidades que genera este ajuste tributario, sobre todo para los peque\u00f1os agricultores. Con esto, como Aproleche buscamos las mejores soluciones para todos aquellos que tienen renta presunta&#8221;.<\/p>\n","protected":false},"excerpt":{"rendered":"<p>la Asociaci\u00f3n Gremial de Productores de Leche de Osorno (Aproleche), convers\u00f3 variados temas contingentes a lo que est\u00e1 viviendo hoy el sector, especialmente el Estado de Emergencia Agr\u00edcola<\/p>\n","protected":false},"author":2,"featured_media":18627,"comment_status":"closed","ping_status":"closed","sticky":false,"template":"","format":"standard","meta":{"footnotes":""},"categories":[1946],"tags":[3127,2057,2126,5460,2058,2141,2035],"class_list":["post-18626","post","type-post","status-publish","format-standard","has-post-thumbnail","hentry","category-lacteos","tag-agro","tag-aproleche","tag-aproleche-osorno","tag-aproleche-osorno-busca-aplazar-oficio-fiscal","tag-fedeleche","tag-lacteos","tag-minagri"],"yoast_head":"<!-- This site is optimized with the Yoast SEO plugin v26.6 - https:\/\/yoast.com\/wordpress\/plugins\/seo\/ -->\n<title>Aproleche Osorno busca aplazar oficio fiscal que afecta a los productores de la zona - Mundoagropecuario<\/title>\n<meta name=\"description\" content=\"Aproleche, convers\u00f3 variados temas contingentes a lo que est\u00e1 viviendo hoy el sector, especialmente el Estado de Emergencia Agr\u00edcola\" \/>\n<meta name=\"robots\" content=\"index, follow, max-snippet:-1, max-image-preview:large, max-video-preview:-1\" \/>\n<link rel=\"canonical\" href=\"https:\/\/www.mundoagropecuario.cl\/new\/aproleche-osorno-busca-aplazar-oficio-fiscal-que-afecta-a-los-productores-de-la-zona\/\" \/>\n<meta property=\"og:locale\" content=\"es_ES\" \/>\n<meta property=\"og:type\" content=\"article\" \/>\n<meta property=\"og:title\" content=\"Aproleche Osorno busca aplazar oficio fiscal que afecta a los productores de la zona - Mundoagropecuario\" \/>\n<meta property=\"og:description\" content=\"Aproleche, convers\u00f3 variados temas contingentes a lo que est\u00e1 viviendo hoy el sector, especialmente el Estado de Emergencia Agr\u00edcola\" \/>\n<meta property=\"og:url\" content=\"https:\/\/www.mundoagropecuario.cl\/new\/aproleche-osorno-busca-aplazar-oficio-fiscal-que-afecta-a-los-productores-de-la-zona\/\" \/>\n<meta property=\"og:site_name\" content=\"Mundoagropecuario\" \/>\n<meta property=\"article:publisher\" content=\"https:\/\/www.facebook.com\/mundo.agropecuario.3\" \/>\n<meta property=\"article:published_time\" content=\"2021-04-19T09:31:54+00:00\" \/>\n<meta property=\"article:modified_time\" content=\"2021-04-21T15:03:18+00:00\" \/>\n<meta property=\"og:image\" content=\"https:\/\/www.mundoagropecuario.cl\/new\/wp-content\/uploads\/2021\/04\/Fedeleche1-scaled.jpeg\" \/>\n\t<meta property=\"og:image:width\" content=\"1024\" \/>\n\t<meta property=\"og:image:height\" content=\"486\" \/>\n\t<meta property=\"og:image:type\" content=\"image\/jpeg\" \/>\n<meta name=\"author\" content=\"mundo\" \/>\n<meta name=\"twitter:card\" content=\"summary_large_image\" \/>\n<meta name=\"twitter:creator\" content=\"@MundoAgropecuar\" \/>\n<meta name=\"twitter:site\" content=\"@MundoAgropecuar\" \/>\n<meta name=\"twitter:label1\" content=\"Escrito por\" \/>\n\t<meta name=\"twitter:data1\" content=\"mundo\" \/>\n\t<meta name=\"twitter:label2\" content=\"Tiempo de lectura\" \/>\n\t<meta name=\"twitter:data2\" content=\"2 minutos\" \/>\n<script type=\"application\/ld+json\" class=\"yoast-schema-graph\">{\"@context\":\"https:\/\/schema.org\",\"@graph\":[{\"@type\":\"Article\",\"@id\":\"https:\/\/www.mundoagropecuario.cl\/new\/aproleche-osorno-busca-aplazar-oficio-fiscal-que-afecta-a-los-productores-de-la-zona\/#article\",\"isPartOf\":{\"@id\":\"https:\/\/www.mundoagropecuario.cl\/new\/aproleche-osorno-busca-aplazar-oficio-fiscal-que-afecta-a-los-productores-de-la-zona\/\"},\"author\":{\"name\":\"mundo\",\"@id\":\"https:\/\/www.mundoagropecuario.cl\/new\/#\/schema\/person\/4e9f74a82a7dac260eb1c44b7eebeb18\"},\"headline\":\"Aproleche Osorno busca aplazar oficio fiscal que afecta a los productores de la zona\",\"datePublished\":\"2021-04-19T09:31:54+00:00\",\"dateModified\":\"2021-04-21T15:03:18+00:00\",\"mainEntityOfPage\":{\"@id\":\"https:\/\/www.mundoagropecuario.cl\/new\/aproleche-osorno-busca-aplazar-oficio-fiscal-que-afecta-a-los-productores-de-la-zona\/\"},\"wordCount\":275,\"publisher\":{\"@id\":\"https:\/\/www.mundoagropecuario.cl\/new\/#organization\"},\"image\":{\"@id\":\"https:\/\/www.mundoagropecuario.cl\/new\/aproleche-osorno-busca-aplazar-oficio-fiscal-que-afecta-a-los-productores-de-la-zona\/#primaryimage\"},\"thumbnailUrl\":\"https:\/\/www.mundoagropecuario.cl\/new\/wp-content\/uploads\/2021\/04\/Fedeleche1-scaled.jpeg\",\"keywords\":[\"Agro\",\"Aproleche\",\"Aproleche Osorno\",\"Aproleche Osorno busca aplazar oficio fiscal\",\"Fedeleche\",\"L\u00e1cteos\",\"Minagri\"],\"articleSection\":[\"L\u00e1cteos\"],\"inLanguage\":\"es\"},{\"@type\":\"WebPage\",\"@id\":\"https:\/\/www.mundoagropecuario.cl\/new\/aproleche-osorno-busca-aplazar-oficio-fiscal-que-afecta-a-los-productores-de-la-zona\/\",\"url\":\"https:\/\/www.mundoagropecuario.cl\/new\/aproleche-osorno-busca-aplazar-oficio-fiscal-que-afecta-a-los-productores-de-la-zona\/\",\"name\":\"Aproleche Osorno busca aplazar oficio fiscal que afecta a los productores de la zona - Mundoagropecuario\",\"isPartOf\":{\"@id\":\"https:\/\/www.mundoagropecuario.cl\/new\/#website\"},\"primaryImageOfPage\":{\"@id\":\"https:\/\/www.mundoagropecuario.cl\/new\/aproleche-osorno-busca-aplazar-oficio-fiscal-que-afecta-a-los-productores-de-la-zona\/#primaryimage\"},\"image\":{\"@id\":\"https:\/\/www.mundoagropecuario.cl\/new\/aproleche-osorno-busca-aplazar-oficio-fiscal-que-afecta-a-los-productores-de-la-zona\/#primaryimage\"},\"thumbnailUrl\":\"https:\/\/www.mundoagropecuario.cl\/new\/wp-content\/uploads\/2021\/04\/Fedeleche1-scaled.jpeg\",\"datePublished\":\"2021-04-19T09:31:54+00:00\",\"dateModified\":\"2021-04-21T15:03:18+00:00\",\"description\":\"Aproleche, convers\u00f3 variados temas contingentes a lo que est\u00e1 viviendo hoy el sector, especialmente el Estado de Emergencia Agr\u00edcola\",\"breadcrumb\":{\"@id\":\"https:\/\/www.mundoagropecuario.cl\/new\/aproleche-osorno-busca-aplazar-oficio-fiscal-que-afecta-a-los-productores-de-la-zona\/#breadcrumb\"},\"inLanguage\":\"es\",\"potentialAction\":[{\"@type\":\"ReadAction\",\"target\":[\"https:\/\/www.mundoagropecuario.cl\/new\/aproleche-osorno-busca-aplazar-oficio-fiscal-que-afecta-a-los-productores-de-la-zona\/\"]}]},{\"@type\":\"ImageObject\",\"inLanguage\":\"es\",\"@id\":\"https:\/\/www.mundoagropecuario.cl\/new\/aproleche-osorno-busca-aplazar-oficio-fiscal-que-afecta-a-los-productores-de-la-zona\/#primaryimage\",\"url\":\"https:\/\/www.mundoagropecuario.cl\/new\/wp-content\/uploads\/2021\/04\/Fedeleche1-scaled.jpeg\",\"contentUrl\":\"https:\/\/www.mundoagropecuario.cl\/new\/wp-content\/uploads\/2021\/04\/Fedeleche1-scaled.jpeg\",\"width\":720,\"height\":342},{\"@type\":\"BreadcrumbList\",\"@id\":\"https:\/\/www.mundoagropecuario.cl\/new\/aproleche-osorno-busca-aplazar-oficio-fiscal-que-afecta-a-los-productores-de-la-zona\/#breadcrumb\",\"itemListElement\":[{\"@type\":\"ListItem\",\"position\":1,\"name\":\"Portada\",\"item\":\"https:\/\/www.mundoagropecuario.cl\/new\/\"},{\"@type\":\"ListItem\",\"position\":2,\"name\":\"Aproleche Osorno busca aplazar oficio fiscal que afecta a los productores de la zona\"}]},{\"@type\":\"WebSite\",\"@id\":\"https:\/\/www.mundoagropecuario.cl\/new\/#website\",\"url\":\"https:\/\/www.mundoagropecuario.cl\/new\/\",\"name\":\"Mundoagropecuario\",\"description\":\"Mundo Agropecuario\",\"publisher\":{\"@id\":\"https:\/\/www.mundoagropecuario.cl\/new\/#organization\"},\"potentialAction\":[{\"@type\":\"SearchAction\",\"target\":{\"@type\":\"EntryPoint\",\"urlTemplate\":\"https:\/\/www.mundoagropecuario.cl\/new\/?s={search_term_string}\"},\"query-input\":{\"@type\":\"PropertyValueSpecification\",\"valueRequired\":true,\"valueName\":\"search_term_string\"}}],\"inLanguage\":\"es\"},{\"@type\":\"Organization\",\"@id\":\"https:\/\/www.mundoagropecuario.cl\/new\/#organization\",\"name\":\"Revista de Agricultura\",\"url\":\"https:\/\/www.mundoagropecuario.cl\/new\/\",\"logo\":{\"@type\":\"ImageObject\",\"inLanguage\":\"es\",\"@id\":\"https:\/\/www.mundoagropecuario.cl\/new\/#\/schema\/logo\/image\/\",\"url\":\"https:\/\/www.mundoagropecuario.cl\/new\/wp-content\/uploads\/2020\/11\/PORTAL-1-1.png\",\"contentUrl\":\"https:\/\/www.mundoagropecuario.cl\/new\/wp-content\/uploads\/2020\/11\/PORTAL-1-1.png\",\"width\":1026,\"height\":100,\"caption\":\"Revista de Agricultura\"},\"image\":{\"@id\":\"https:\/\/www.mundoagropecuario.cl\/new\/#\/schema\/logo\/image\/\"},\"sameAs\":[\"https:\/\/www.facebook.com\/mundo.agropecuario.3\",\"https:\/\/x.com\/MundoAgropecuar\",\"https:\/\/www.linkedin.com\/in\/mundo-agropecuario-934009201\/\"]},{\"@type\":\"Person\",\"@id\":\"https:\/\/www.mundoagropecuario.cl\/new\/#\/schema\/person\/4e9f74a82a7dac260eb1c44b7eebeb18\",\"name\":\"mundo\",\"url\":\"https:\/\/www.mundoagropecuario.cl\/new\/author\/mundo\/\"}]}<\/script>\n<!-- \/ Yoast SEO plugin. -->","yoast_head_json":{"title":"Aproleche Osorno busca aplazar oficio fiscal que afecta a los productores de la zona - Mundoagropecuario","description":"Aproleche, convers\u00f3 variados temas contingentes a lo que est\u00e1 viviendo hoy el sector, especialmente el Estado de Emergencia Agr\u00edcola","robots":{"index":"index","follow":"follow","max-snippet":"max-snippet:-1","max-image-preview":"max-image-preview:large","max-video-preview":"max-video-preview:-1"},"canonical":"https:\/\/www.mundoagropecuario.cl\/new\/aproleche-osorno-busca-aplazar-oficio-fiscal-que-afecta-a-los-productores-de-la-zona\/","og_locale":"es_ES","og_type":"article","og_title":"Aproleche Osorno busca aplazar oficio fiscal que afecta a los productores de la zona - Mundoagropecuario","og_description":"Aproleche, convers\u00f3 variados temas contingentes a lo que est\u00e1 viviendo hoy el sector, especialmente el Estado de Emergencia Agr\u00edcola","og_url":"https:\/\/www.mundoagropecuario.cl\/new\/aproleche-osorno-busca-aplazar-oficio-fiscal-que-afecta-a-los-productores-de-la-zona\/","og_site_name":"Mundoagropecuario","article_publisher":"https:\/\/www.facebook.com\/mundo.agropecuario.3","article_published_time":"2021-04-19T09:31:54+00:00","article_modified_time":"2021-04-21T15:03:18+00:00","og_image":[{"width":1024,"height":486,"url":"https:\/\/www.mundoagropecuario.cl\/new\/wp-content\/uploads\/2021\/04\/Fedeleche1-scaled.jpeg","type":"image\/jpeg"}],"author":"mundo","twitter_card":"summary_large_image","twitter_creator":"@MundoAgropecuar","twitter_site":"@MundoAgropecuar","twitter_misc":{"Escrito por":"mundo","Tiempo de lectura":"2 minutos"},"schema":{"@context":"https:\/\/schema.org","@graph":[{"@type":"Article","@id":"https:\/\/www.mundoagropecuario.cl\/new\/aproleche-osorno-busca-aplazar-oficio-fiscal-que-afecta-a-los-productores-de-la-zona\/#article","isPartOf":{"@id":"https:\/\/www.mundoagropecuario.cl\/new\/aproleche-osorno-busca-aplazar-oficio-fiscal-que-afecta-a-los-productores-de-la-zona\/"},"author":{"name":"mundo","@id":"https:\/\/www.mundoagropecuario.cl\/new\/#\/schema\/person\/4e9f74a82a7dac260eb1c44b7eebeb18"},"headline":"Aproleche Osorno busca aplazar oficio fiscal que afecta a los productores de la zona","datePublished":"2021-04-19T09:31:54+00:00","dateModified":"2021-04-21T15:03:18+00:00","mainEntityOfPage":{"@id":"https:\/\/www.mundoagropecuario.cl\/new\/aproleche-osorno-busca-aplazar-oficio-fiscal-que-afecta-a-los-productores-de-la-zona\/"},"wordCount":275,"publisher":{"@id":"https:\/\/www.mundoagropecuario.cl\/new\/#organization"},"image":{"@id":"https:\/\/www.mundoagropecuario.cl\/new\/aproleche-osorno-busca-aplazar-oficio-fiscal-que-afecta-a-los-productores-de-la-zona\/#primaryimage"},"thumbnailUrl":"https:\/\/www.mundoagropecuario.cl\/new\/wp-content\/uploads\/2021\/04\/Fedeleche1-scaled.jpeg","keywords":["Agro","Aproleche","Aproleche Osorno","Aproleche Osorno busca aplazar oficio fiscal","Fedeleche","L\u00e1cteos","Minagri"],"articleSection":["L\u00e1cteos"],"inLanguage":"es"},{"@type":"WebPage","@id":"https:\/\/www.mundoagropecuario.cl\/new\/aproleche-osorno-busca-aplazar-oficio-fiscal-que-afecta-a-los-productores-de-la-zona\/","url":"https:\/\/www.mundoagropecuario.cl\/new\/aproleche-osorno-busca-aplazar-oficio-fiscal-que-afecta-a-los-productores-de-la-zona\/","name":"Aproleche Osorno busca aplazar oficio fiscal que afecta a los productores de la zona - Mundoagropecuario","isPartOf":{"@id":"https:\/\/www.mundoagropecuario.cl\/new\/#website"},"primaryImageOfPage":{"@id":"https:\/\/www.mundoagropecuario.cl\/new\/aproleche-osorno-busca-aplazar-oficio-fiscal-que-afecta-a-los-productores-de-la-zona\/#primaryimage"},"image":{"@id":"https:\/\/www.mundoagropecuario.cl\/new\/aproleche-osorno-busca-aplazar-oficio-fiscal-que-afecta-a-los-productores-de-la-zona\/#primaryimage"},"thumbnailUrl":"https:\/\/www.mundoagropecuario.cl\/new\/wp-content\/uploads\/2021\/04\/Fedeleche1-scaled.jpeg","datePublished":"2021-04-19T09:31:54+00:00","dateModified":"2021-04-21T15:03:18+00:00","description":"Aproleche, convers\u00f3 variados temas contingentes a lo que est\u00e1 viviendo hoy el sector, especialmente el Estado de Emergencia Agr\u00edcola","breadcrumb":{"@id":"https:\/\/www.mundoagropecuario.cl\/new\/aproleche-osorno-busca-aplazar-oficio-fiscal-que-afecta-a-los-productores-de-la-zona\/#breadcrumb"},"inLanguage":"es","potentialAction":[{"@type":"ReadAction","target":["https:\/\/www.mundoagropecuario.cl\/new\/aproleche-osorno-busca-aplazar-oficio-fiscal-que-afecta-a-los-productores-de-la-zona\/"]}]},{"@type":"ImageObject","inLanguage":"es","@id":"https:\/\/www.mundoagropecuario.cl\/new\/aproleche-osorno-busca-aplazar-oficio-fiscal-que-afecta-a-los-productores-de-la-zona\/#primaryimage","url":"https:\/\/www.mundoagropecuario.cl\/new\/wp-content\/uploads\/2021\/04\/Fedeleche1-scaled.jpeg","contentUrl":"https:\/\/www.mundoagropecuario.cl\/new\/wp-content\/uploads\/2021\/04\/Fedeleche1-scaled.jpeg","width":720,"height":342},{"@type":"BreadcrumbList","@id":"https:\/\/www.mundoagropecuario.cl\/new\/aproleche-osorno-busca-aplazar-oficio-fiscal-que-afecta-a-los-productores-de-la-zona\/#breadcrumb","itemListElement":[{"@type":"ListItem","position":1,"name":"Portada","item":"https:\/\/www.mundoagropecuario.cl\/new\/"},{"@type":"ListItem","position":2,"name":"Aproleche Osorno busca aplazar oficio fiscal que afecta a los productores de la zona"}]},{"@type":"WebSite","@id":"https:\/\/www.mundoagropecuario.cl\/new\/#website","url":"https:\/\/www.mundoagropecuario.cl\/new\/","name":"Mundoagropecuario","description":"Mundo Agropecuario","publisher":{"@id":"https:\/\/www.mundoagropecuario.cl\/new\/#organization"},"potentialAction":[{"@type":"SearchAction","target":{"@type":"EntryPoint","urlTemplate":"https:\/\/www.mundoagropecuario.cl\/new\/?s={search_term_string}"},"query-input":{"@type":"PropertyValueSpecification","valueRequired":true,"valueName":"search_term_string"}}],"inLanguage":"es"},{"@type":"Organization","@id":"https:\/\/www.mundoagropecuario.cl\/new\/#organization","name":"Revista de Agricultura","url":"https:\/\/www.mundoagropecuario.cl\/new\/","logo":{"@type":"ImageObject","inLanguage":"es","@id":"https:\/\/www.mundoagropecuario.cl\/new\/#\/schema\/logo\/image\/","url":"https:\/\/www.mundoagropecuario.cl\/new\/wp-content\/uploads\/2020\/11\/PORTAL-1-1.png","contentUrl":"https:\/\/www.mundoagropecuario.cl\/new\/wp-content\/uploads\/2020\/11\/PORTAL-1-1.png","width":1026,"height":100,"caption":"Revista de Agricultura"},"image":{"@id":"https:\/\/www.mundoagropecuario.cl\/new\/#\/schema\/logo\/image\/"},"sameAs":["https:\/\/www.facebook.com\/mundo.agropecuario.3","https:\/\/x.com\/MundoAgropecuar","https:\/\/www.linkedin.com\/in\/mundo-agropecuario-934009201\/"]},{"@type":"Person","@id":"https:\/\/www.mundoagropecuario.cl\/new\/#\/schema\/person\/4e9f74a82a7dac260eb1c44b7eebeb18","name":"mundo","url":"https:\/\/www.mundoagropecuario.cl\/new\/author\/mundo\/"}]}},"_links":{"self":[{"href":"https:\/\/www.mundoagropecuario.cl\/new\/wp-json\/wp\/v2\/posts\/18626","targetHints":{"allow":["GET"]}}],"collection":[{"href":"https:\/\/www.mundoagropecuario.cl\/new\/wp-json\/wp\/v2\/posts"}],"about":[{"href":"https:\/\/www.mundoagropecuario.cl\/new\/wp-json\/wp\/v2\/types\/post"}],"author":[{"embeddable":true,"href":"https:\/\/www.mundoagropecuario.cl\/new\/wp-json\/wp\/v2\/users\/2"}],"replies":[{"embeddable":true,"href":"https:\/\/www.mundoagropecuario.cl\/new\/wp-json\/wp\/v2\/comments?post=18626"}],"version-history":[{"count":1,"href":"https:\/\/www.mundoagropecuario.cl\/new\/wp-json\/wp\/v2\/posts\/18626\/revisions"}],"predecessor-version":[{"id":18629,"href":"https:\/\/www.mundoagropecuario.cl\/new\/wp-json\/wp\/v2\/posts\/18626\/revisions\/18629"}],"wp:featuredmedia":[{"embeddable":true,"href":"https:\/\/www.mundoagropecuario.cl\/new\/wp-json\/wp\/v2\/media\/18627"}],"wp:attachment":[{"href":"https:\/\/www.mundoagropecuario.cl\/new\/wp-json\/wp\/v2\/media?parent=18626"}],"wp:term":[{"taxonomy":"category","embeddable":true,"href":"https:\/\/www.mundoagropecuario.cl\/new\/wp-json\/wp\/v2\/categories?post=18626"},{"taxonomy":"post_tag","embeddable":true,"href":"https:\/\/www.mundoagropecuario.cl\/new\/wp-json\/wp\/v2\/tags?post=18626"}],"curies":[{"name":"wp","href":"https:\/\/api.w.org\/{rel}","templated":true}]}}