{"id":18621,"date":"2021-04-16T12:05:00","date_gmt":"2021-04-16T15:05:00","guid":{"rendered":"https:\/\/www.mundoagropecuario.cl\/new\/?p=18621"},"modified":"2021-04-20T11:52:40","modified_gmt":"2021-04-20T14:52:40","slug":"lecheros-de-osorno-agradecen-la-promulgacion-del-estado-de-emergencia-agricola-en-la-region-de-los-lagos","status":"publish","type":"post","link":"https:\/\/www.mundoagropecuario.cl\/new\/lecheros-de-osorno-agradecen-la-promulgacion-del-estado-de-emergencia-agricola-en-la-region-de-los-lagos\/","title":{"rendered":"Lecheros de Osorno agradecen la promulgaci\u00f3n del Estado de Emergencia Agr\u00edcola en la Regi\u00f3n de Los Lagos"},"content":{"rendered":"<blockquote>\n<h2><span style=\"color: #003366;\">A partir del d\u00eda jueves 15 de abril, mediante un decreto firmado por la Ministra de Agricultura, Mar\u00eda Emiliana Undurraga, se establece el Estado de Emergencia Agr\u00edcola para la Regi\u00f3n de Los Lagos, implement\u00e1ndose con esto una serie de medidas que ir\u00e1n en directo beneficio de todos los productores y agricultores locales.<\/span><\/h2>\n<\/blockquote>\n<p>Los gremios lecheros y agr\u00edcolas nacionales y de la zona, entre los que se cuenta Aproleche Osorno, ped\u00edan con urgencia abordar esta problem\u00e1tica en la zona sur por parte del Estado, debido a la profunda sequ\u00eda que est\u00e1 afectando a todos los productores, y en especial a la peque\u00f1a agricultura, problem\u00e1tica que adem\u00e1s se ha visto acentuado por todas las complejidades de la Pandemia Covid-19. A esta solicitud se sumaron variados parlamentarios y autoridades, hasta el d\u00eda jueves, cuando finalmente se ha promulgado la emergencia agr\u00edcola.<\/p>\n<p><a href=\"https:\/\/www.mundoagropecuario.cl\/new\/wp-content\/uploads\/2021\/04\/1-2-scaled.jpeg\"><img loading=\"lazy\" decoding=\"async\" class=\" wp-image-18622 alignright\" src=\"https:\/\/www.mundoagropecuario.cl\/new\/wp-content\/uploads\/2021\/04\/1-2-586x390.jpeg\" alt=\"\" width=\"463\" height=\"282\" \/><\/a>La ministra Undurraga asegur\u00f3 que este decreto permitir\u00e1 que Indap entregue recursos de emergencia para la agricultura familiar campesina, a fin de preparar el forraje necesario para los meses que vienen. Indic\u00f3 que tambi\u00e9n se est\u00e1n evaluando otro tipo de ayuda econ\u00f3mica v\u00eda Gobierno Regional y de otras entidades p\u00fablicas como Corfo, a trav\u00e9s de sus instrumento de apoyo.<\/p>\n<p>Por su parte, el director nacional de Indap, Carlos Recondo, afirm\u00f3 que el principal apoyo que se entregar\u00e1 es el acceso de los agricultores al programa de Praderas Suplementarias, para lo cual se abrir\u00e1 un concurso especial gracias a un aporte de m\u00e1s de mil millones de pesos para paliar este problema.<\/p>\n<p>Adem\u00e1s Indap dispondr\u00e1 que para los agricultores que no puedan sostener la carga financiera, tengan la oportunidad de renegociar o reprogramar sus deudas con esta entidad, a una tasa de inter\u00e9s de pr\u00e1cticamente 0%.\u00a0 A ello, se agregar\u00e1 un aporte crediticio a corto plazo por 6 mil millones de pesos, al que podr\u00e1n recurrir aquellos que lo soliciten.<\/p>\n<p>Recondo destac\u00f3 asimismo que, para este a\u00f1o, Indap dispondr\u00e1 de un instrumento de riego con el presupuesto m\u00e1s grande de su historia, que alcanza a $1.700 millones de pesos, para que la peque\u00f1a agricultura regional, mediante proyectos intraprediales y asociativos, tenga accesos a esta tecnolog\u00eda en sus campos.<\/p>\n<p><a href=\"https:\/\/www.mundoagropecuario.cl\/new\/wp-content\/uploads\/2021\/04\/3-scaled.jpeg\"><img loading=\"lazy\" decoding=\"async\" class=\" wp-image-18624 alignleft\" src=\"https:\/\/www.mundoagropecuario.cl\/new\/wp-content\/uploads\/2021\/04\/3-586x315.jpeg\" alt=\"\" width=\"467\" height=\"273\" \/><\/a>El presidente del gremio lechero de Osorno, Marcos Winkler, se\u00f1al\u00f3 que \u201cagradecemos a la Ministra de Agricultura Mar\u00eda Emiliana Undurraga el decretar este Estado de Emergencia, como tambi\u00e9n destacamos las gestiones tanto del Seremi de Agricultura de la Regi\u00f3n de Los Lagos, Eduardo Winkler, como del Intendente de la Regi\u00f3n, Carlos Geisse. Esto permitir\u00e1 en lo concreto apoyar a la agricultura familiar campesina en estos dif\u00edciles momentos, donde la sequ\u00eda ha mermado el alimento para nuestros animales, y generando un complejo panorama para este a\u00f1o 2021 en toda la zona agr\u00edcola sure\u00f1a\u201d.<\/p>\n<p>Finalmente, el dirigente solicit\u00f3 a la autoridad la creaci\u00f3n de fondos para el sector, pero con una visi\u00f3n a largo plazo. \u201cCon esto buscamos fomentar y hacer crecer nuevas l\u00edneas de procesos en el pa\u00eds, con el fin de que nos permita aumentar nuestra producci\u00f3n nacional, lo que claramente beneficiar\u00e1 a la ganader\u00eda familiar campesina, trayendo consigo resultados positivos para el futuro\u201d.<\/p>\n","protected":false},"excerpt":{"rendered":"<p>Estado de Emergencia Agr\u00edcola para la Regi\u00f3n de Los Lagos, serie de medidas que ir\u00e1n en beneficio para productores y agricultores locales<\/p>\n","protected":false},"author":2,"featured_media":18623,"comment_status":"closed","ping_status":"closed","sticky":false,"template":"","format":"standard","meta":{"footnotes":""},"categories":[1945],"tags":[2057,4318,2058,5457,4505,5459,5458,2035],"class_list":["post-18621","post","type-post","status-publish","format-standard","has-post-thumbnail","hentry","category-agricultura","tag-aproleche","tag-crisis-hidrica","tag-fedeleche","tag-gremios-lecheros-y-agricolas","tag-lateo","tag-lecheros-de-osorno","tag-lecheros-de-osorno-agradecen-la-promulgacion-del-estado-de-emergencia","tag-minagri"],"yoast_head":"<!-- This site is optimized with the Yoast SEO plugin v26.6 - https:\/\/yoast.com\/wordpress\/plugins\/seo\/ -->\n<title>Lecheros de Osorno agradecen la promulgaci\u00f3n del Estado de Emergencia Agr\u00edcola en la Regi\u00f3n de Los Lagos - Mundoagropecuario<\/title>\n<meta name=\"description\" content=\"Estado de Emergencia Agr\u00edcola para la Regi\u00f3n de Los Lagos, serie de medidas que ir\u00e1n en beneficio para productores y agricultores locales\" \/>\n<meta name=\"robots\" content=\"index, follow, max-snippet:-1, max-image-preview:large, max-video-preview:-1\" \/>\n<link rel=\"canonical\" href=\"https:\/\/www.mundoagropecuario.cl\/new\/lecheros-de-osorno-agradecen-la-promulgacion-del-estado-de-emergencia-agricola-en-la-region-de-los-lagos\/\" \/>\n<meta property=\"og:locale\" content=\"es_ES\" \/>\n<meta property=\"og:type\" content=\"article\" \/>\n<meta property=\"og:title\" content=\"Lecheros de Osorno agradecen la promulgaci\u00f3n del Estado de Emergencia Agr\u00edcola en la Regi\u00f3n de Los Lagos - Mundoagropecuario\" \/>\n<meta property=\"og:description\" content=\"Estado de Emergencia Agr\u00edcola para la Regi\u00f3n de Los Lagos, serie de medidas que ir\u00e1n en beneficio para productores y agricultores locales\" \/>\n<meta property=\"og:url\" content=\"https:\/\/www.mundoagropecuario.cl\/new\/lecheros-de-osorno-agradecen-la-promulgacion-del-estado-de-emergencia-agricola-en-la-region-de-los-lagos\/\" \/>\n<meta property=\"og:site_name\" content=\"Mundoagropecuario\" \/>\n<meta property=\"article:publisher\" content=\"https:\/\/www.facebook.com\/mundo.agropecuario.3\" \/>\n<meta property=\"article:published_time\" content=\"2021-04-16T15:05:00+00:00\" \/>\n<meta property=\"article:modified_time\" content=\"2021-04-20T14:52:40+00:00\" \/>\n<meta property=\"og:image\" content=\"https:\/\/www.mundoagropecuario.cl\/new\/wp-content\/uploads\/2021\/04\/2-scaled.jpeg\" \/>\n\t<meta property=\"og:image:width\" content=\"1024\" \/>\n\t<meta property=\"og:image:height\" content=\"682\" \/>\n\t<meta property=\"og:image:type\" content=\"image\/jpeg\" \/>\n<meta name=\"author\" content=\"mundo\" \/>\n<meta name=\"twitter:card\" content=\"summary_large_image\" \/>\n<meta name=\"twitter:creator\" content=\"@MundoAgropecuar\" \/>\n<meta name=\"twitter:site\" content=\"@MundoAgropecuar\" \/>\n<meta name=\"twitter:label1\" content=\"Escrito por\" \/>\n\t<meta name=\"twitter:data1\" content=\"mundo\" \/>\n\t<meta name=\"twitter:label2\" content=\"Tiempo de lectura\" \/>\n\t<meta name=\"twitter:data2\" content=\"3 minutos\" \/>\n<script type=\"application\/ld+json\" class=\"yoast-schema-graph\">{\"@context\":\"https:\/\/schema.org\",\"@graph\":[{\"@type\":\"Article\",\"@id\":\"https:\/\/www.mundoagropecuario.cl\/new\/lecheros-de-osorno-agradecen-la-promulgacion-del-estado-de-emergencia-agricola-en-la-region-de-los-lagos\/#article\",\"isPartOf\":{\"@id\":\"https:\/\/www.mundoagropecuario.cl\/new\/lecheros-de-osorno-agradecen-la-promulgacion-del-estado-de-emergencia-agricola-en-la-region-de-los-lagos\/\"},\"author\":{\"name\":\"mundo\",\"@id\":\"https:\/\/www.mundoagropecuario.cl\/new\/#\/schema\/person\/4e9f74a82a7dac260eb1c44b7eebeb18\"},\"headline\":\"Lecheros de Osorno agradecen la promulgaci\u00f3n del Estado de Emergencia Agr\u00edcola en la Regi\u00f3n de Los Lagos\",\"datePublished\":\"2021-04-16T15:05:00+00:00\",\"dateModified\":\"2021-04-20T14:52:40+00:00\",\"mainEntityOfPage\":{\"@id\":\"https:\/\/www.mundoagropecuario.cl\/new\/lecheros-de-osorno-agradecen-la-promulgacion-del-estado-de-emergencia-agricola-en-la-region-de-los-lagos\/\"},\"wordCount\":570,\"publisher\":{\"@id\":\"https:\/\/www.mundoagropecuario.cl\/new\/#organization\"},\"image\":{\"@id\":\"https:\/\/www.mundoagropecuario.cl\/new\/lecheros-de-osorno-agradecen-la-promulgacion-del-estado-de-emergencia-agricola-en-la-region-de-los-lagos\/#primaryimage\"},\"thumbnailUrl\":\"https:\/\/www.mundoagropecuario.cl\/new\/wp-content\/uploads\/2021\/04\/2-scaled.jpeg\",\"keywords\":[\"Aproleche\",\"crisis hidrica\",\"Fedeleche\",\"gremios lecheros y agr\u00edcolas\",\"L\u00e1teo\",\"Lecheros de Osorno\",\"Lecheros de Osorno agradecen la promulgaci\u00f3n del Estado de Emergencia\",\"Minagri\"],\"articleSection\":[\"Agricultura\"],\"inLanguage\":\"es\"},{\"@type\":\"WebPage\",\"@id\":\"https:\/\/www.mundoagropecuario.cl\/new\/lecheros-de-osorno-agradecen-la-promulgacion-del-estado-de-emergencia-agricola-en-la-region-de-los-lagos\/\",\"url\":\"https:\/\/www.mundoagropecuario.cl\/new\/lecheros-de-osorno-agradecen-la-promulgacion-del-estado-de-emergencia-agricola-en-la-region-de-los-lagos\/\",\"name\":\"Lecheros de Osorno agradecen la promulgaci\u00f3n del Estado de Emergencia Agr\u00edcola en la Regi\u00f3n de Los Lagos - Mundoagropecuario\",\"isPartOf\":{\"@id\":\"https:\/\/www.mundoagropecuario.cl\/new\/#website\"},\"primaryImageOfPage\":{\"@id\":\"https:\/\/www.mundoagropecuario.cl\/new\/lecheros-de-osorno-agradecen-la-promulgacion-del-estado-de-emergencia-agricola-en-la-region-de-los-lagos\/#primaryimage\"},\"image\":{\"@id\":\"https:\/\/www.mundoagropecuario.cl\/new\/lecheros-de-osorno-agradecen-la-promulgacion-del-estado-de-emergencia-agricola-en-la-region-de-los-lagos\/#primaryimage\"},\"thumbnailUrl\":\"https:\/\/www.mundoagropecuario.cl\/new\/wp-content\/uploads\/2021\/04\/2-scaled.jpeg\",\"datePublished\":\"2021-04-16T15:05:00+00:00\",\"dateModified\":\"2021-04-20T14:52:40+00:00\",\"description\":\"Estado de Emergencia Agr\u00edcola para la Regi\u00f3n de Los Lagos, serie de medidas que ir\u00e1n en beneficio para productores y agricultores locales\",\"breadcrumb\":{\"@id\":\"https:\/\/www.mundoagropecuario.cl\/new\/lecheros-de-osorno-agradecen-la-promulgacion-del-estado-de-emergencia-agricola-en-la-region-de-los-lagos\/#breadcrumb\"},\"inLanguage\":\"es\",\"potentialAction\":[{\"@type\":\"ReadAction\",\"target\":[\"https:\/\/www.mundoagropecuario.cl\/new\/lecheros-de-osorno-agradecen-la-promulgacion-del-estado-de-emergencia-agricola-en-la-region-de-los-lagos\/\"]}]},{\"@type\":\"ImageObject\",\"inLanguage\":\"es\",\"@id\":\"https:\/\/www.mundoagropecuario.cl\/new\/lecheros-de-osorno-agradecen-la-promulgacion-del-estado-de-emergencia-agricola-en-la-region-de-los-lagos\/#primaryimage\",\"url\":\"https:\/\/www.mundoagropecuario.cl\/new\/wp-content\/uploads\/2021\/04\/2-scaled.jpeg\",\"contentUrl\":\"https:\/\/www.mundoagropecuario.cl\/new\/wp-content\/uploads\/2021\/04\/2-scaled.jpeg\",\"width\":601,\"height\":400},{\"@type\":\"BreadcrumbList\",\"@id\":\"https:\/\/www.mundoagropecuario.cl\/new\/lecheros-de-osorno-agradecen-la-promulgacion-del-estado-de-emergencia-agricola-en-la-region-de-los-lagos\/#breadcrumb\",\"itemListElement\":[{\"@type\":\"ListItem\",\"position\":1,\"name\":\"Portada\",\"item\":\"https:\/\/www.mundoagropecuario.cl\/new\/\"},{\"@type\":\"ListItem\",\"position\":2,\"name\":\"Lecheros de Osorno agradecen la promulgaci\u00f3n del Estado de Emergencia Agr\u00edcola en la Regi\u00f3n de Los Lagos\"}]},{\"@type\":\"WebSite\",\"@id\":\"https:\/\/www.mundoagropecuario.cl\/new\/#website\",\"url\":\"https:\/\/www.mundoagropecuario.cl\/new\/\",\"name\":\"Mundoagropecuario\",\"description\":\"Mundo Agropecuario\",\"publisher\":{\"@id\":\"https:\/\/www.mundoagropecuario.cl\/new\/#organization\"},\"potentialAction\":[{\"@type\":\"SearchAction\",\"target\":{\"@type\":\"EntryPoint\",\"urlTemplate\":\"https:\/\/www.mundoagropecuario.cl\/new\/?s={search_term_string}\"},\"query-input\":{\"@type\":\"PropertyValueSpecification\",\"valueRequired\":true,\"valueName\":\"search_term_string\"}}],\"inLanguage\":\"es\"},{\"@type\":\"Organization\",\"@id\":\"https:\/\/www.mundoagropecuario.cl\/new\/#organization\",\"name\":\"Revista de Agricultura\",\"url\":\"https:\/\/www.mundoagropecuario.cl\/new\/\",\"logo\":{\"@type\":\"ImageObject\",\"inLanguage\":\"es\",\"@id\":\"https:\/\/www.mundoagropecuario.cl\/new\/#\/schema\/logo\/image\/\",\"url\":\"https:\/\/www.mundoagropecuario.cl\/new\/wp-content\/uploads\/2020\/11\/PORTAL-1-1.png\",\"contentUrl\":\"https:\/\/www.mundoagropecuario.cl\/new\/wp-content\/uploads\/2020\/11\/PORTAL-1-1.png\",\"width\":1026,\"height\":100,\"caption\":\"Revista de Agricultura\"},\"image\":{\"@id\":\"https:\/\/www.mundoagropecuario.cl\/new\/#\/schema\/logo\/image\/\"},\"sameAs\":[\"https:\/\/www.facebook.com\/mundo.agropecuario.3\",\"https:\/\/x.com\/MundoAgropecuar\",\"https:\/\/www.linkedin.com\/in\/mundo-agropecuario-934009201\/\"]},{\"@type\":\"Person\",\"@id\":\"https:\/\/www.mundoagropecuario.cl\/new\/#\/schema\/person\/4e9f74a82a7dac260eb1c44b7eebeb18\",\"name\":\"mundo\",\"url\":\"https:\/\/www.mundoagropecuario.cl\/new\/author\/mundo\/\"}]}<\/script>\n<!-- \/ Yoast SEO plugin. -->","yoast_head_json":{"title":"Lecheros de Osorno agradecen la promulgaci\u00f3n del Estado de Emergencia Agr\u00edcola en la Regi\u00f3n de Los Lagos - Mundoagropecuario","description":"Estado de Emergencia Agr\u00edcola para la Regi\u00f3n de Los Lagos, serie de medidas que ir\u00e1n en beneficio para productores y agricultores locales","robots":{"index":"index","follow":"follow","max-snippet":"max-snippet:-1","max-image-preview":"max-image-preview:large","max-video-preview":"max-video-preview:-1"},"canonical":"https:\/\/www.mundoagropecuario.cl\/new\/lecheros-de-osorno-agradecen-la-promulgacion-del-estado-de-emergencia-agricola-en-la-region-de-los-lagos\/","og_locale":"es_ES","og_type":"article","og_title":"Lecheros de Osorno agradecen la promulgaci\u00f3n del Estado de Emergencia Agr\u00edcola en la Regi\u00f3n de Los Lagos - Mundoagropecuario","og_description":"Estado de Emergencia Agr\u00edcola para la Regi\u00f3n de Los Lagos, serie de medidas que ir\u00e1n en beneficio para productores y agricultores locales","og_url":"https:\/\/www.mundoagropecuario.cl\/new\/lecheros-de-osorno-agradecen-la-promulgacion-del-estado-de-emergencia-agricola-en-la-region-de-los-lagos\/","og_site_name":"Mundoagropecuario","article_publisher":"https:\/\/www.facebook.com\/mundo.agropecuario.3","article_published_time":"2021-04-16T15:05:00+00:00","article_modified_time":"2021-04-20T14:52:40+00:00","og_image":[{"width":1024,"height":682,"url":"https:\/\/www.mundoagropecuario.cl\/new\/wp-content\/uploads\/2021\/04\/2-scaled.jpeg","type":"image\/jpeg"}],"author":"mundo","twitter_card":"summary_large_image","twitter_creator":"@MundoAgropecuar","twitter_site":"@MundoAgropecuar","twitter_misc":{"Escrito por":"mundo","Tiempo de lectura":"3 minutos"},"schema":{"@context":"https:\/\/schema.org","@graph":[{"@type":"Article","@id":"https:\/\/www.mundoagropecuario.cl\/new\/lecheros-de-osorno-agradecen-la-promulgacion-del-estado-de-emergencia-agricola-en-la-region-de-los-lagos\/#article","isPartOf":{"@id":"https:\/\/www.mundoagropecuario.cl\/new\/lecheros-de-osorno-agradecen-la-promulgacion-del-estado-de-emergencia-agricola-en-la-region-de-los-lagos\/"},"author":{"name":"mundo","@id":"https:\/\/www.mundoagropecuario.cl\/new\/#\/schema\/person\/4e9f74a82a7dac260eb1c44b7eebeb18"},"headline":"Lecheros de Osorno agradecen la promulgaci\u00f3n del Estado de Emergencia Agr\u00edcola en la Regi\u00f3n de Los Lagos","datePublished":"2021-04-16T15:05:00+00:00","dateModified":"2021-04-20T14:52:40+00:00","mainEntityOfPage":{"@id":"https:\/\/www.mundoagropecuario.cl\/new\/lecheros-de-osorno-agradecen-la-promulgacion-del-estado-de-emergencia-agricola-en-la-region-de-los-lagos\/"},"wordCount":570,"publisher":{"@id":"https:\/\/www.mundoagropecuario.cl\/new\/#organization"},"image":{"@id":"https:\/\/www.mundoagropecuario.cl\/new\/lecheros-de-osorno-agradecen-la-promulgacion-del-estado-de-emergencia-agricola-en-la-region-de-los-lagos\/#primaryimage"},"thumbnailUrl":"https:\/\/www.mundoagropecuario.cl\/new\/wp-content\/uploads\/2021\/04\/2-scaled.jpeg","keywords":["Aproleche","crisis hidrica","Fedeleche","gremios lecheros y agr\u00edcolas","L\u00e1teo","Lecheros de Osorno","Lecheros de Osorno agradecen la promulgaci\u00f3n del Estado de Emergencia","Minagri"],"articleSection":["Agricultura"],"inLanguage":"es"},{"@type":"WebPage","@id":"https:\/\/www.mundoagropecuario.cl\/new\/lecheros-de-osorno-agradecen-la-promulgacion-del-estado-de-emergencia-agricola-en-la-region-de-los-lagos\/","url":"https:\/\/www.mundoagropecuario.cl\/new\/lecheros-de-osorno-agradecen-la-promulgacion-del-estado-de-emergencia-agricola-en-la-region-de-los-lagos\/","name":"Lecheros de Osorno agradecen la promulgaci\u00f3n del Estado de Emergencia Agr\u00edcola en la Regi\u00f3n de Los Lagos - Mundoagropecuario","isPartOf":{"@id":"https:\/\/www.mundoagropecuario.cl\/new\/#website"},"primaryImageOfPage":{"@id":"https:\/\/www.mundoagropecuario.cl\/new\/lecheros-de-osorno-agradecen-la-promulgacion-del-estado-de-emergencia-agricola-en-la-region-de-los-lagos\/#primaryimage"},"image":{"@id":"https:\/\/www.mundoagropecuario.cl\/new\/lecheros-de-osorno-agradecen-la-promulgacion-del-estado-de-emergencia-agricola-en-la-region-de-los-lagos\/#primaryimage"},"thumbnailUrl":"https:\/\/www.mundoagropecuario.cl\/new\/wp-content\/uploads\/2021\/04\/2-scaled.jpeg","datePublished":"2021-04-16T15:05:00+00:00","dateModified":"2021-04-20T14:52:40+00:00","description":"Estado de Emergencia Agr\u00edcola para la Regi\u00f3n de Los Lagos, serie de medidas que ir\u00e1n en beneficio para productores y agricultores locales","breadcrumb":{"@id":"https:\/\/www.mundoagropecuario.cl\/new\/lecheros-de-osorno-agradecen-la-promulgacion-del-estado-de-emergencia-agricola-en-la-region-de-los-lagos\/#breadcrumb"},"inLanguage":"es","potentialAction":[{"@type":"ReadAction","target":["https:\/\/www.mundoagropecuario.cl\/new\/lecheros-de-osorno-agradecen-la-promulgacion-del-estado-de-emergencia-agricola-en-la-region-de-los-lagos\/"]}]},{"@type":"ImageObject","inLanguage":"es","@id":"https:\/\/www.mundoagropecuario.cl\/new\/lecheros-de-osorno-agradecen-la-promulgacion-del-estado-de-emergencia-agricola-en-la-region-de-los-lagos\/#primaryimage","url":"https:\/\/www.mundoagropecuario.cl\/new\/wp-content\/uploads\/2021\/04\/2-scaled.jpeg","contentUrl":"https:\/\/www.mundoagropecuario.cl\/new\/wp-content\/uploads\/2021\/04\/2-scaled.jpeg","width":601,"height":400},{"@type":"BreadcrumbList","@id":"https:\/\/www.mundoagropecuario.cl\/new\/lecheros-de-osorno-agradecen-la-promulgacion-del-estado-de-emergencia-agricola-en-la-region-de-los-lagos\/#breadcrumb","itemListElement":[{"@type":"ListItem","position":1,"name":"Portada","item":"https:\/\/www.mundoagropecuario.cl\/new\/"},{"@type":"ListItem","position":2,"name":"Lecheros de Osorno agradecen la promulgaci\u00f3n del Estado de Emergencia Agr\u00edcola en la Regi\u00f3n de Los Lagos"}]},{"@type":"WebSite","@id":"https:\/\/www.mundoagropecuario.cl\/new\/#website","url":"https:\/\/www.mundoagropecuario.cl\/new\/","name":"Mundoagropecuario","description":"Mundo Agropecuario","publisher":{"@id":"https:\/\/www.mundoagropecuario.cl\/new\/#organization"},"potentialAction":[{"@type":"SearchAction","target":{"@type":"EntryPoint","urlTemplate":"https:\/\/www.mundoagropecuario.cl\/new\/?s={search_term_string}"},"query-input":{"@type":"PropertyValueSpecification","valueRequired":true,"valueName":"search_term_string"}}],"inLanguage":"es"},{"@type":"Organization","@id":"https:\/\/www.mundoagropecuario.cl\/new\/#organization","name":"Revista de Agricultura","url":"https:\/\/www.mundoagropecuario.cl\/new\/","logo":{"@type":"ImageObject","inLanguage":"es","@id":"https:\/\/www.mundoagropecuario.cl\/new\/#\/schema\/logo\/image\/","url":"https:\/\/www.mundoagropecuario.cl\/new\/wp-content\/uploads\/2020\/11\/PORTAL-1-1.png","contentUrl":"https:\/\/www.mundoagropecuario.cl\/new\/wp-content\/uploads\/2020\/11\/PORTAL-1-1.png","width":1026,"height":100,"caption":"Revista de Agricultura"},"image":{"@id":"https:\/\/www.mundoagropecuario.cl\/new\/#\/schema\/logo\/image\/"},"sameAs":["https:\/\/www.facebook.com\/mundo.agropecuario.3","https:\/\/x.com\/MundoAgropecuar","https:\/\/www.linkedin.com\/in\/mundo-agropecuario-934009201\/"]},{"@type":"Person","@id":"https:\/\/www.mundoagropecuario.cl\/new\/#\/schema\/person\/4e9f74a82a7dac260eb1c44b7eebeb18","name":"mundo","url":"https:\/\/www.mundoagropecuario.cl\/new\/author\/mundo\/"}]}},"_links":{"self":[{"href":"https:\/\/www.mundoagropecuario.cl\/new\/wp-json\/wp\/v2\/posts\/18621","targetHints":{"allow":["GET"]}}],"collection":[{"href":"https:\/\/www.mundoagropecuario.cl\/new\/wp-json\/wp\/v2\/posts"}],"about":[{"href":"https:\/\/www.mundoagropecuario.cl\/new\/wp-json\/wp\/v2\/types\/post"}],"author":[{"embeddable":true,"href":"https:\/\/www.mundoagropecuario.cl\/new\/wp-json\/wp\/v2\/users\/2"}],"replies":[{"embeddable":true,"href":"https:\/\/www.mundoagropecuario.cl\/new\/wp-json\/wp\/v2\/comments?post=18621"}],"version-history":[{"count":1,"href":"https:\/\/www.mundoagropecuario.cl\/new\/wp-json\/wp\/v2\/posts\/18621\/revisions"}],"predecessor-version":[{"id":18625,"href":"https:\/\/www.mundoagropecuario.cl\/new\/wp-json\/wp\/v2\/posts\/18621\/revisions\/18625"}],"wp:featuredmedia":[{"embeddable":true,"href":"https:\/\/www.mundoagropecuario.cl\/new\/wp-json\/wp\/v2\/media\/18623"}],"wp:attachment":[{"href":"https:\/\/www.mundoagropecuario.cl\/new\/wp-json\/wp\/v2\/media?parent=18621"}],"wp:term":[{"taxonomy":"category","embeddable":true,"href":"https:\/\/www.mundoagropecuario.cl\/new\/wp-json\/wp\/v2\/categories?post=18621"},{"taxonomy":"post_tag","embeddable":true,"href":"https:\/\/www.mundoagropecuario.cl\/new\/wp-json\/wp\/v2\/tags?post=18621"}],"curies":[{"name":"wp","href":"https:\/\/api.w.org\/{rel}","templated":true}]}}