{"id":18594,"date":"2021-04-14T12:27:54","date_gmt":"2021-04-14T15:27:54","guid":{"rendered":"https:\/\/www.mundoagropecuario.cl\/new\/?p=18594"},"modified":"2021-04-19T11:51:39","modified_gmt":"2021-04-19T14:51:39","slug":"con-curso-de-manejo-integrado-de-plagas-inia-busca-controlar-el-avance-de-drosophila-suzukii-en-frutales","status":"publish","type":"post","link":"https:\/\/www.mundoagropecuario.cl\/new\/con-curso-de-manejo-integrado-de-plagas-inia-busca-controlar-el-avance-de-drosophila-suzukii-en-frutales\/","title":{"rendered":"Con curso de manejo integrado de plagas INIA busca controlar el avance de Drosophila suzukii en frutales"},"content":{"rendered":"<blockquote>\n<h2><span style=\"color: #333300;\">Temporada agr\u00edcola 2020-2021 reuni\u00f3 condiciones ideales para la reproducci\u00f3n de la plaga. Autoridades del Instituto de Investigaciones Agropecuarias (INIA), anunciaron cursos de capacitaci\u00f3n a equipos t\u00e9cnicos del Ministerio de Agricultura, destinados a contrarrestar el avance del insecto.<\/span><\/h2>\n<\/blockquote>\n<p>\u201cLa mosca de alas manchadas o Drosophila suzukii, es una plaga que lleg\u00f3 a Chile en 2017, afectando varios frutales de importancia econ\u00f3mica en el centro-sur de nuestro pa\u00eds, lo que encendi\u00f3 luces de alerta entre productores, asesores e investigadores del \u00e1mbito frut\u00edcola\u201d, se\u00f1al\u00f3 el investigador y entom\u00f3logo de INIA, Luis Devotto.<\/p>\n<p>El especialista indic\u00f3 que en la reciente temporada, esta diminuta mosca caus\u00f3 p\u00e9rdidas significativas en la producci\u00f3n de cereza, frambuesa, mora y otros berries, especialmente entre las regiones del Maule y Los Lagos.<\/p>\n<p><a href=\"https:\/\/www.mundoagropecuario.cl\/new\/wp-content\/uploads\/2021\/04\/Frambuesa-1-scaled.jpg\"><img loading=\"lazy\" decoding=\"async\" class=\"size-medium wp-image-18596 alignright\" src=\"https:\/\/www.mundoagropecuario.cl\/new\/wp-content\/uploads\/2021\/04\/Frambuesa-1-586x440.jpg\" alt=\"\" width=\"586\" height=\"440\" srcset=\"https:\/\/www.mundoagropecuario.cl\/new\/wp-content\/uploads\/2021\/04\/Frambuesa-1-586x440.jpg 586w, https:\/\/www.mundoagropecuario.cl\/new\/wp-content\/uploads\/2021\/04\/Frambuesa-1-1024x768.jpg 1024w, https:\/\/www.mundoagropecuario.cl\/new\/wp-content\/uploads\/2021\/04\/Frambuesa-1-768x576.jpg 768w, https:\/\/www.mundoagropecuario.cl\/new\/wp-content\/uploads\/2021\/04\/Frambuesa-1-scaled.jpg 533w\" sizes=\"auto, (max-width: 586px) 100vw, 586px\" \/><\/a>Explic\u00f3 que ello se debe a la complejidad de sus h\u00e1bitos y a su enorme potencial destructivo, que se manifest\u00f3 con dureza entre diciembre de 2020 y marzo de 2021, en lo que calific\u00f3 de \u201ctormenta perfecta\u201d al conjugarse factores relevantes como \u201cconocimiento insuficiente entre muchos productores sobre el manejo de la plaga, limitaciones de mano obra por la pandemia, postergaci\u00f3n de varios manejos culturales para concentrar la escasa mano de obra en cosechar la fruta y una lluvia estival nunca antes vista en enero desde que se tiene registro\u201d.<\/p>\n<p>Devotto a\u00f1adi\u00f3 que la suma de esos factores cre\u00f3 un ambiente \u201cextremadamente propicio para la plaga y \u00e9sta no tard\u00f3 en aprovecharlo para explotar en t\u00e9rminos de abundancia, con las consiguientes consecuencias negativas para la industria frut\u00edcola\u201d.<\/p>\n<p><strong><span style=\"color: #333300;\">Contenidos y modalidad del curso<\/span><\/strong><\/p>\n<p>Como una manera de contribuir a un manejo m\u00e1s eficiente y sustentable de la plaga, especialistas de INIA dise\u00f1aron un curso de siete m\u00f3dulos destinados a promover un Manejo Integrado de Plagas eficiente, que abarcar\u00e1 todos los aspectos que rodean este insecto, incluyendo su biolog\u00eda y elementos que apuntan a su control, como la importancia de la frecuencia de cosecha, la elecci\u00f3n de las variedades, el manejo de los contornos de los huertos, el control de malezas, el tipo de riego, el uso de barreras f\u00edsicas, repelentes, atrayentes, monitoreo, trampeo masivo, insecticidas, controladores biol\u00f3gicos, sanitizaci\u00f3n, entre otros.<\/p>\n<p>Respecto del desarrollo del curso, el Director Nacional de INIA, Pedro Bustos, indic\u00f3 que \u201ccuando se hizo inminente la llegada de la plaga al pa\u00eds, el Instituto invit\u00f3 a varios expertos europeos y norteamericanos para que nos ayudar\u00e1n a establecer una hoja de ruta para enfrentar el problema. Con el tiempo, nuestros especialistas lograron crear suficiente conocimiento sobre c\u00f3mo se comporta la plaga en Chile, y esta experticia es la base para ofrecer este curso, enfocado a 500 profesionales y t\u00e9cnicos del Ministerio de Agricultura (SEREMIs, INDAP, INIA, SAG) y entes asociados como PRODESAL, SAT, PDTI, etc.\u201d.<\/p>\n<p>A trav\u00e9s de este curso, el Ministerio quiere acelerar la adopci\u00f3n de un genuino Manejo Integrado de la Mosca de alas manchadas, especialmente en la Agricultura Familiar Campesina, ya que este segmento es el m\u00e1s golpeado por la plaga. \u201cEstamos conscientes de que esta plaga siempre perjudica a los productores m\u00e1s peque\u00f1os y que el uso de insecticidas qu\u00edmicos no basta para lograr un control adecuado y estable en el tiempo, adem\u00e1s de impactar negativamente en los costos, la inocuidad de la fruta y el control biol\u00f3gico de otros insectos\u201d, coincidieron los investigadores Jaime Mej\u00edas, Jefe Nacional de Agrosistemas Sustentables y Andr\u00e9s France, L\u00edder del Grupo de Especialidad de Sanidad Vegetal de INIA.<\/p>\n<p>Finalmente, Maruja Cort\u00e9s, Jefa del \u00c1rea Nacional de Extensi\u00f3n y Fortalecimiento de Capacidades de INIA, detall\u00f3 que \u201clos participantes que se capacitar\u00e1n son extensionistas y funcionarios del MINAGRI que trabajan desde la regi\u00f3n Metropolitana hasta la regi\u00f3n de Los Lagos. A trav\u00e9s de ellos pretendemos llegar a una mayor cantidad de productores y productoras del pa\u00eds. El curso ser\u00e1 impartido en la plataforma e-learning de INIA, donde cada participante contar\u00e1 con un nombre de usuario y contrase\u00f1a que permitir\u00e1 el acceso seguro a los contenidos del curso. Una vez finalizado \u00e9ste, cada extensionista recibir\u00e1 un certificado que acredita su participaci\u00f3n\u201d.<\/p>\n<p>Seg\u00fan indic\u00f3, todas las etapas del curso, que se inicia el 4 de mayo, han demandado un esfuerzo mancomunado de los servicios del MINAGRI, desde la elecci\u00f3n de los temas hasta la log\u00edstica, con el firme objetivo de fortalecer a los peque\u00f1os productores y productoras de fruta frente al embate de la plaga.<\/p>\n","protected":false},"excerpt":{"rendered":"<p>Autoridades del Instituto de Investigaciones Agropecuarias (INIA), anunciaron cursos de capacitaci\u00f3n a equipos t\u00e9cnicos del Ministerio de Agricultura, destinados a contrarrestar el avance del insecto<\/p>\n","protected":false},"author":2,"featured_media":18595,"comment_status":"closed","ping_status":"closed","sticky":false,"template":"","format":"standard","meta":{"footnotes":""},"categories":[1945],"tags":[5447,5446,2960,2245,2735,2052,2036],"class_list":["post-18594","post","type-post","status-publish","format-standard","has-post-thumbnail","hentry","category-agricultura","tag-avance-de-drosophila-suzukii","tag-curso-de-manejo-integrado-de-plagas-inia","tag-drosophila-suzukii","tag-frutas","tag-frutillas","tag-inia","tag-sag"],"yoast_head":"<!-- This site is optimized with the Yoast SEO plugin v26.6 - https:\/\/yoast.com\/wordpress\/plugins\/seo\/ -->\n<title>Con curso de manejo integrado de plagas INIA busca controlar el avance de Drosophila suzukii en frutales - Mundoagropecuario<\/title>\n<meta name=\"description\" content=\"Temporada agr\u00edcola 2020-2021 reuni\u00f3 condiciones ideales para la reproducci\u00f3n de la plaga, avance de Drosophila suzukii\" \/>\n<meta name=\"robots\" content=\"index, follow, max-snippet:-1, max-image-preview:large, max-video-preview:-1\" \/>\n<link rel=\"canonical\" href=\"https:\/\/www.mundoagropecuario.cl\/new\/con-curso-de-manejo-integrado-de-plagas-inia-busca-controlar-el-avance-de-drosophila-suzukii-en-frutales\/\" \/>\n<meta property=\"og:locale\" content=\"es_ES\" \/>\n<meta property=\"og:type\" content=\"article\" \/>\n<meta property=\"og:title\" content=\"Con curso de manejo integrado de plagas INIA busca controlar el avance de Drosophila suzukii en frutales - Mundoagropecuario\" \/>\n<meta property=\"og:description\" content=\"Temporada agr\u00edcola 2020-2021 reuni\u00f3 condiciones ideales para la reproducci\u00f3n de la plaga, avance de Drosophila suzukii\" \/>\n<meta property=\"og:url\" content=\"https:\/\/www.mundoagropecuario.cl\/new\/con-curso-de-manejo-integrado-de-plagas-inia-busca-controlar-el-avance-de-drosophila-suzukii-en-frutales\/\" \/>\n<meta property=\"og:site_name\" content=\"Mundoagropecuario\" \/>\n<meta property=\"article:publisher\" content=\"https:\/\/www.facebook.com\/mundo.agropecuario.3\" \/>\n<meta property=\"article:published_time\" content=\"2021-04-14T15:27:54+00:00\" \/>\n<meta property=\"article:modified_time\" content=\"2021-04-19T14:51:39+00:00\" \/>\n<meta property=\"og:image\" content=\"https:\/\/www.mundoagropecuario.cl\/new\/wp-content\/uploads\/2021\/04\/Larva-de-Drosophila-suzukiii-en-frambuesa-scaled.jpeg\" \/>\n\t<meta property=\"og:image:width\" content=\"1024\" \/>\n\t<meta property=\"og:image:height\" content=\"773\" \/>\n\t<meta property=\"og:image:type\" content=\"image\/jpeg\" \/>\n<meta name=\"author\" content=\"mundo\" \/>\n<meta name=\"twitter:card\" content=\"summary_large_image\" \/>\n<meta name=\"twitter:creator\" content=\"@MundoAgropecuar\" \/>\n<meta name=\"twitter:site\" content=\"@MundoAgropecuar\" \/>\n<meta name=\"twitter:label1\" content=\"Escrito por\" \/>\n\t<meta name=\"twitter:data1\" content=\"mundo\" \/>\n\t<meta name=\"twitter:label2\" content=\"Tiempo de lectura\" \/>\n\t<meta name=\"twitter:data2\" content=\"4 minutos\" \/>\n<script type=\"application\/ld+json\" class=\"yoast-schema-graph\">{\"@context\":\"https:\/\/schema.org\",\"@graph\":[{\"@type\":\"Article\",\"@id\":\"https:\/\/www.mundoagropecuario.cl\/new\/con-curso-de-manejo-integrado-de-plagas-inia-busca-controlar-el-avance-de-drosophila-suzukii-en-frutales\/#article\",\"isPartOf\":{\"@id\":\"https:\/\/www.mundoagropecuario.cl\/new\/con-curso-de-manejo-integrado-de-plagas-inia-busca-controlar-el-avance-de-drosophila-suzukii-en-frutales\/\"},\"author\":{\"name\":\"mundo\",\"@id\":\"https:\/\/www.mundoagropecuario.cl\/new\/#\/schema\/person\/4e9f74a82a7dac260eb1c44b7eebeb18\"},\"headline\":\"Con curso de manejo integrado de plagas INIA busca controlar el avance de Drosophila suzukii en frutales\",\"datePublished\":\"2021-04-14T15:27:54+00:00\",\"dateModified\":\"2021-04-19T14:51:39+00:00\",\"mainEntityOfPage\":{\"@id\":\"https:\/\/www.mundoagropecuario.cl\/new\/con-curso-de-manejo-integrado-de-plagas-inia-busca-controlar-el-avance-de-drosophila-suzukii-en-frutales\/\"},\"wordCount\":778,\"publisher\":{\"@id\":\"https:\/\/www.mundoagropecuario.cl\/new\/#organization\"},\"image\":{\"@id\":\"https:\/\/www.mundoagropecuario.cl\/new\/con-curso-de-manejo-integrado-de-plagas-inia-busca-controlar-el-avance-de-drosophila-suzukii-en-frutales\/#primaryimage\"},\"thumbnailUrl\":\"https:\/\/www.mundoagropecuario.cl\/new\/wp-content\/uploads\/2021\/04\/Larva-de-Drosophila-suzukiii-en-frambuesa-scaled.jpeg\",\"keywords\":[\"avance de Drosophila suzukii\",\"curso de manejo integrado de plagas INIA\",\"Drosophila suzukii\",\"Frutas\",\"frutillas\",\"INIA\",\"SAG\"],\"articleSection\":[\"Agricultura\"],\"inLanguage\":\"es\"},{\"@type\":\"WebPage\",\"@id\":\"https:\/\/www.mundoagropecuario.cl\/new\/con-curso-de-manejo-integrado-de-plagas-inia-busca-controlar-el-avance-de-drosophila-suzukii-en-frutales\/\",\"url\":\"https:\/\/www.mundoagropecuario.cl\/new\/con-curso-de-manejo-integrado-de-plagas-inia-busca-controlar-el-avance-de-drosophila-suzukii-en-frutales\/\",\"name\":\"Con curso de manejo integrado de plagas INIA busca controlar el avance de Drosophila suzukii en frutales - Mundoagropecuario\",\"isPartOf\":{\"@id\":\"https:\/\/www.mundoagropecuario.cl\/new\/#website\"},\"primaryImageOfPage\":{\"@id\":\"https:\/\/www.mundoagropecuario.cl\/new\/con-curso-de-manejo-integrado-de-plagas-inia-busca-controlar-el-avance-de-drosophila-suzukii-en-frutales\/#primaryimage\"},\"image\":{\"@id\":\"https:\/\/www.mundoagropecuario.cl\/new\/con-curso-de-manejo-integrado-de-plagas-inia-busca-controlar-el-avance-de-drosophila-suzukii-en-frutales\/#primaryimage\"},\"thumbnailUrl\":\"https:\/\/www.mundoagropecuario.cl\/new\/wp-content\/uploads\/2021\/04\/Larva-de-Drosophila-suzukiii-en-frambuesa-scaled.jpeg\",\"datePublished\":\"2021-04-14T15:27:54+00:00\",\"dateModified\":\"2021-04-19T14:51:39+00:00\",\"description\":\"Temporada agr\u00edcola 2020-2021 reuni\u00f3 condiciones ideales para la reproducci\u00f3n de la plaga, avance de Drosophila suzukii\",\"breadcrumb\":{\"@id\":\"https:\/\/www.mundoagropecuario.cl\/new\/con-curso-de-manejo-integrado-de-plagas-inia-busca-controlar-el-avance-de-drosophila-suzukii-en-frutales\/#breadcrumb\"},\"inLanguage\":\"es\",\"potentialAction\":[{\"@type\":\"ReadAction\",\"target\":[\"https:\/\/www.mundoagropecuario.cl\/new\/con-curso-de-manejo-integrado-de-plagas-inia-busca-controlar-el-avance-de-drosophila-suzukii-en-frutales\/\"]}]},{\"@type\":\"ImageObject\",\"inLanguage\":\"es\",\"@id\":\"https:\/\/www.mundoagropecuario.cl\/new\/con-curso-de-manejo-integrado-de-plagas-inia-busca-controlar-el-avance-de-drosophila-suzukii-en-frutales\/#primaryimage\",\"url\":\"https:\/\/www.mundoagropecuario.cl\/new\/wp-content\/uploads\/2021\/04\/Larva-de-Drosophila-suzukiii-en-frambuesa-scaled.jpeg\",\"contentUrl\":\"https:\/\/www.mundoagropecuario.cl\/new\/wp-content\/uploads\/2021\/04\/Larva-de-Drosophila-suzukiii-en-frambuesa-scaled.jpeg\",\"width\":530,\"height\":400},{\"@type\":\"BreadcrumbList\",\"@id\":\"https:\/\/www.mundoagropecuario.cl\/new\/con-curso-de-manejo-integrado-de-plagas-inia-busca-controlar-el-avance-de-drosophila-suzukii-en-frutales\/#breadcrumb\",\"itemListElement\":[{\"@type\":\"ListItem\",\"position\":1,\"name\":\"Portada\",\"item\":\"https:\/\/www.mundoagropecuario.cl\/new\/\"},{\"@type\":\"ListItem\",\"position\":2,\"name\":\"Con curso de manejo integrado de plagas INIA busca controlar el avance de Drosophila suzukii en frutales\"}]},{\"@type\":\"WebSite\",\"@id\":\"https:\/\/www.mundoagropecuario.cl\/new\/#website\",\"url\":\"https:\/\/www.mundoagropecuario.cl\/new\/\",\"name\":\"Mundoagropecuario\",\"description\":\"Mundo Agropecuario\",\"publisher\":{\"@id\":\"https:\/\/www.mundoagropecuario.cl\/new\/#organization\"},\"potentialAction\":[{\"@type\":\"SearchAction\",\"target\":{\"@type\":\"EntryPoint\",\"urlTemplate\":\"https:\/\/www.mundoagropecuario.cl\/new\/?s={search_term_string}\"},\"query-input\":{\"@type\":\"PropertyValueSpecification\",\"valueRequired\":true,\"valueName\":\"search_term_string\"}}],\"inLanguage\":\"es\"},{\"@type\":\"Organization\",\"@id\":\"https:\/\/www.mundoagropecuario.cl\/new\/#organization\",\"name\":\"Revista de Agricultura\",\"url\":\"https:\/\/www.mundoagropecuario.cl\/new\/\",\"logo\":{\"@type\":\"ImageObject\",\"inLanguage\":\"es\",\"@id\":\"https:\/\/www.mundoagropecuario.cl\/new\/#\/schema\/logo\/image\/\",\"url\":\"https:\/\/www.mundoagropecuario.cl\/new\/wp-content\/uploads\/2020\/11\/PORTAL-1-1.png\",\"contentUrl\":\"https:\/\/www.mundoagropecuario.cl\/new\/wp-content\/uploads\/2020\/11\/PORTAL-1-1.png\",\"width\":1026,\"height\":100,\"caption\":\"Revista de Agricultura\"},\"image\":{\"@id\":\"https:\/\/www.mundoagropecuario.cl\/new\/#\/schema\/logo\/image\/\"},\"sameAs\":[\"https:\/\/www.facebook.com\/mundo.agropecuario.3\",\"https:\/\/x.com\/MundoAgropecuar\",\"https:\/\/www.linkedin.com\/in\/mundo-agropecuario-934009201\/\"]},{\"@type\":\"Person\",\"@id\":\"https:\/\/www.mundoagropecuario.cl\/new\/#\/schema\/person\/4e9f74a82a7dac260eb1c44b7eebeb18\",\"name\":\"mundo\",\"url\":\"https:\/\/www.mundoagropecuario.cl\/new\/author\/mundo\/\"}]}<\/script>\n<!-- \/ Yoast SEO plugin. -->","yoast_head_json":{"title":"Con curso de manejo integrado de plagas INIA busca controlar el avance de Drosophila suzukii en frutales - Mundoagropecuario","description":"Temporada agr\u00edcola 2020-2021 reuni\u00f3 condiciones ideales para la reproducci\u00f3n de la plaga, avance de Drosophila suzukii","robots":{"index":"index","follow":"follow","max-snippet":"max-snippet:-1","max-image-preview":"max-image-preview:large","max-video-preview":"max-video-preview:-1"},"canonical":"https:\/\/www.mundoagropecuario.cl\/new\/con-curso-de-manejo-integrado-de-plagas-inia-busca-controlar-el-avance-de-drosophila-suzukii-en-frutales\/","og_locale":"es_ES","og_type":"article","og_title":"Con curso de manejo integrado de plagas INIA busca controlar el avance de Drosophila suzukii en frutales - Mundoagropecuario","og_description":"Temporada agr\u00edcola 2020-2021 reuni\u00f3 condiciones ideales para la reproducci\u00f3n de la plaga, avance de Drosophila suzukii","og_url":"https:\/\/www.mundoagropecuario.cl\/new\/con-curso-de-manejo-integrado-de-plagas-inia-busca-controlar-el-avance-de-drosophila-suzukii-en-frutales\/","og_site_name":"Mundoagropecuario","article_publisher":"https:\/\/www.facebook.com\/mundo.agropecuario.3","article_published_time":"2021-04-14T15:27:54+00:00","article_modified_time":"2021-04-19T14:51:39+00:00","og_image":[{"width":1024,"height":773,"url":"https:\/\/www.mundoagropecuario.cl\/new\/wp-content\/uploads\/2021\/04\/Larva-de-Drosophila-suzukiii-en-frambuesa-scaled.jpeg","type":"image\/jpeg"}],"author":"mundo","twitter_card":"summary_large_image","twitter_creator":"@MundoAgropecuar","twitter_site":"@MundoAgropecuar","twitter_misc":{"Escrito por":"mundo","Tiempo de lectura":"4 minutos"},"schema":{"@context":"https:\/\/schema.org","@graph":[{"@type":"Article","@id":"https:\/\/www.mundoagropecuario.cl\/new\/con-curso-de-manejo-integrado-de-plagas-inia-busca-controlar-el-avance-de-drosophila-suzukii-en-frutales\/#article","isPartOf":{"@id":"https:\/\/www.mundoagropecuario.cl\/new\/con-curso-de-manejo-integrado-de-plagas-inia-busca-controlar-el-avance-de-drosophila-suzukii-en-frutales\/"},"author":{"name":"mundo","@id":"https:\/\/www.mundoagropecuario.cl\/new\/#\/schema\/person\/4e9f74a82a7dac260eb1c44b7eebeb18"},"headline":"Con curso de manejo integrado de plagas INIA busca controlar el avance de Drosophila suzukii en frutales","datePublished":"2021-04-14T15:27:54+00:00","dateModified":"2021-04-19T14:51:39+00:00","mainEntityOfPage":{"@id":"https:\/\/www.mundoagropecuario.cl\/new\/con-curso-de-manejo-integrado-de-plagas-inia-busca-controlar-el-avance-de-drosophila-suzukii-en-frutales\/"},"wordCount":778,"publisher":{"@id":"https:\/\/www.mundoagropecuario.cl\/new\/#organization"},"image":{"@id":"https:\/\/www.mundoagropecuario.cl\/new\/con-curso-de-manejo-integrado-de-plagas-inia-busca-controlar-el-avance-de-drosophila-suzukii-en-frutales\/#primaryimage"},"thumbnailUrl":"https:\/\/www.mundoagropecuario.cl\/new\/wp-content\/uploads\/2021\/04\/Larva-de-Drosophila-suzukiii-en-frambuesa-scaled.jpeg","keywords":["avance de Drosophila suzukii","curso de manejo integrado de plagas INIA","Drosophila suzukii","Frutas","frutillas","INIA","SAG"],"articleSection":["Agricultura"],"inLanguage":"es"},{"@type":"WebPage","@id":"https:\/\/www.mundoagropecuario.cl\/new\/con-curso-de-manejo-integrado-de-plagas-inia-busca-controlar-el-avance-de-drosophila-suzukii-en-frutales\/","url":"https:\/\/www.mundoagropecuario.cl\/new\/con-curso-de-manejo-integrado-de-plagas-inia-busca-controlar-el-avance-de-drosophila-suzukii-en-frutales\/","name":"Con curso de manejo integrado de plagas INIA busca controlar el avance de Drosophila suzukii en frutales - Mundoagropecuario","isPartOf":{"@id":"https:\/\/www.mundoagropecuario.cl\/new\/#website"},"primaryImageOfPage":{"@id":"https:\/\/www.mundoagropecuario.cl\/new\/con-curso-de-manejo-integrado-de-plagas-inia-busca-controlar-el-avance-de-drosophila-suzukii-en-frutales\/#primaryimage"},"image":{"@id":"https:\/\/www.mundoagropecuario.cl\/new\/con-curso-de-manejo-integrado-de-plagas-inia-busca-controlar-el-avance-de-drosophila-suzukii-en-frutales\/#primaryimage"},"thumbnailUrl":"https:\/\/www.mundoagropecuario.cl\/new\/wp-content\/uploads\/2021\/04\/Larva-de-Drosophila-suzukiii-en-frambuesa-scaled.jpeg","datePublished":"2021-04-14T15:27:54+00:00","dateModified":"2021-04-19T14:51:39+00:00","description":"Temporada agr\u00edcola 2020-2021 reuni\u00f3 condiciones ideales para la reproducci\u00f3n de la plaga, avance de Drosophila suzukii","breadcrumb":{"@id":"https:\/\/www.mundoagropecuario.cl\/new\/con-curso-de-manejo-integrado-de-plagas-inia-busca-controlar-el-avance-de-drosophila-suzukii-en-frutales\/#breadcrumb"},"inLanguage":"es","potentialAction":[{"@type":"ReadAction","target":["https:\/\/www.mundoagropecuario.cl\/new\/con-curso-de-manejo-integrado-de-plagas-inia-busca-controlar-el-avance-de-drosophila-suzukii-en-frutales\/"]}]},{"@type":"ImageObject","inLanguage":"es","@id":"https:\/\/www.mundoagropecuario.cl\/new\/con-curso-de-manejo-integrado-de-plagas-inia-busca-controlar-el-avance-de-drosophila-suzukii-en-frutales\/#primaryimage","url":"https:\/\/www.mundoagropecuario.cl\/new\/wp-content\/uploads\/2021\/04\/Larva-de-Drosophila-suzukiii-en-frambuesa-scaled.jpeg","contentUrl":"https:\/\/www.mundoagropecuario.cl\/new\/wp-content\/uploads\/2021\/04\/Larva-de-Drosophila-suzukiii-en-frambuesa-scaled.jpeg","width":530,"height":400},{"@type":"BreadcrumbList","@id":"https:\/\/www.mundoagropecuario.cl\/new\/con-curso-de-manejo-integrado-de-plagas-inia-busca-controlar-el-avance-de-drosophila-suzukii-en-frutales\/#breadcrumb","itemListElement":[{"@type":"ListItem","position":1,"name":"Portada","item":"https:\/\/www.mundoagropecuario.cl\/new\/"},{"@type":"ListItem","position":2,"name":"Con curso de manejo integrado de plagas INIA busca controlar el avance de Drosophila suzukii en frutales"}]},{"@type":"WebSite","@id":"https:\/\/www.mundoagropecuario.cl\/new\/#website","url":"https:\/\/www.mundoagropecuario.cl\/new\/","name":"Mundoagropecuario","description":"Mundo Agropecuario","publisher":{"@id":"https:\/\/www.mundoagropecuario.cl\/new\/#organization"},"potentialAction":[{"@type":"SearchAction","target":{"@type":"EntryPoint","urlTemplate":"https:\/\/www.mundoagropecuario.cl\/new\/?s={search_term_string}"},"query-input":{"@type":"PropertyValueSpecification","valueRequired":true,"valueName":"search_term_string"}}],"inLanguage":"es"},{"@type":"Organization","@id":"https:\/\/www.mundoagropecuario.cl\/new\/#organization","name":"Revista de Agricultura","url":"https:\/\/www.mundoagropecuario.cl\/new\/","logo":{"@type":"ImageObject","inLanguage":"es","@id":"https:\/\/www.mundoagropecuario.cl\/new\/#\/schema\/logo\/image\/","url":"https:\/\/www.mundoagropecuario.cl\/new\/wp-content\/uploads\/2020\/11\/PORTAL-1-1.png","contentUrl":"https:\/\/www.mundoagropecuario.cl\/new\/wp-content\/uploads\/2020\/11\/PORTAL-1-1.png","width":1026,"height":100,"caption":"Revista de Agricultura"},"image":{"@id":"https:\/\/www.mundoagropecuario.cl\/new\/#\/schema\/logo\/image\/"},"sameAs":["https:\/\/www.facebook.com\/mundo.agropecuario.3","https:\/\/x.com\/MundoAgropecuar","https:\/\/www.linkedin.com\/in\/mundo-agropecuario-934009201\/"]},{"@type":"Person","@id":"https:\/\/www.mundoagropecuario.cl\/new\/#\/schema\/person\/4e9f74a82a7dac260eb1c44b7eebeb18","name":"mundo","url":"https:\/\/www.mundoagropecuario.cl\/new\/author\/mundo\/"}]}},"_links":{"self":[{"href":"https:\/\/www.mundoagropecuario.cl\/new\/wp-json\/wp\/v2\/posts\/18594","targetHints":{"allow":["GET"]}}],"collection":[{"href":"https:\/\/www.mundoagropecuario.cl\/new\/wp-json\/wp\/v2\/posts"}],"about":[{"href":"https:\/\/www.mundoagropecuario.cl\/new\/wp-json\/wp\/v2\/types\/post"}],"author":[{"embeddable":true,"href":"https:\/\/www.mundoagropecuario.cl\/new\/wp-json\/wp\/v2\/users\/2"}],"replies":[{"embeddable":true,"href":"https:\/\/www.mundoagropecuario.cl\/new\/wp-json\/wp\/v2\/comments?post=18594"}],"version-history":[{"count":1,"href":"https:\/\/www.mundoagropecuario.cl\/new\/wp-json\/wp\/v2\/posts\/18594\/revisions"}],"predecessor-version":[{"id":18597,"href":"https:\/\/www.mundoagropecuario.cl\/new\/wp-json\/wp\/v2\/posts\/18594\/revisions\/18597"}],"wp:featuredmedia":[{"embeddable":true,"href":"https:\/\/www.mundoagropecuario.cl\/new\/wp-json\/wp\/v2\/media\/18595"}],"wp:attachment":[{"href":"https:\/\/www.mundoagropecuario.cl\/new\/wp-json\/wp\/v2\/media?parent=18594"}],"wp:term":[{"taxonomy":"category","embeddable":true,"href":"https:\/\/www.mundoagropecuario.cl\/new\/wp-json\/wp\/v2\/categories?post=18594"},{"taxonomy":"post_tag","embeddable":true,"href":"https:\/\/www.mundoagropecuario.cl\/new\/wp-json\/wp\/v2\/tags?post=18594"}],"curies":[{"name":"wp","href":"https:\/\/api.w.org\/{rel}","templated":true}]}}