{"id":18566,"date":"2021-04-13T11:33:48","date_gmt":"2021-04-13T14:33:48","guid":{"rendered":"https:\/\/www.mundoagropecuario.cl\/new\/?p=18566"},"modified":"2021-04-14T12:51:47","modified_gmt":"2021-04-14T15:51:47","slug":"inia-remehue-entrega-recomendaciones-para-la-produccion-ovina-en-otono-invierno","status":"publish","type":"post","link":"https:\/\/www.mundoagropecuario.cl\/new\/inia-remehue-entrega-recomendaciones-para-la-produccion-ovina-en-otono-invierno\/","title":{"rendered":"INIA Remehue entrega recomendaciones para la producci\u00f3n ovina en oto\u00f1o-invierno"},"content":{"rendered":"<blockquote>\n<h2><span style=\"color: #003300;\">Una serie de consejos para aumentar la productividad y rentabilidad del negocio ovino en esta \u00e9poca del a\u00f1o entregaron los investigadores del INIA.<\/span><\/h2>\n<\/blockquote>\n<p>A trav\u00e9s de un webinar destinado a la producci\u00f3n ovina, el Centro Regional de Investigaci\u00f3n INIA Remehue dio a conocer recomendaciones para la producci\u00f3n y manejo ovino en la \u00e9poca de oto\u00f1o-invierno, en temas como manejo de praderas, alimentaci\u00f3n y nutrici\u00f3n, sanidad y agregaci\u00f3n de valor.<\/p>\n<p>Esta actividad forma parte del Programa de transferencia tecnol\u00f3gica para el eslab\u00f3n productivo de la cadena ovina, l\u00e1ctea y hortofrut\u00edcola, perteneciente a la Pol\u00edtica Regional de Desarrollo Silvoagropecuario. Este es un Programa del Fondo Nacional de Desarrollo Regional (FNDR), financiado por el Gobierno Regional de Los R\u00edos y su Consejo Regional<\/p>\n<p>En la ocasi\u00f3n, el investigador Alfredo Torres, en su presentaci\u00f3n \u201cManejo de praderas para ovinos\u201d, hizo un llamado a prepararse para los per\u00edodos de menor crecimiento de las praderas, en especial la \u00e9poca estival donde es cada vez m\u00e1s habitual que se presente d\u00e9ficit h\u00eddrico.<\/p>\n<p>En relaci\u00f3n al oto\u00f1o-invierno dio a conocer alternativas de forrajeras y cultivos suplementarios, fertilizaci\u00f3n de praderas, conservaci\u00f3n de forrajes, manejo de pastoreo, drenaje y tambi\u00e9n se refiri\u00f3 al control de plagas como el gusano blanco y cuncunilla negra y el uso de controladores biol\u00f3gicos.<\/p>\n<p>Paul Escobar, investigador de INIA Carillanca, expuso sobre aspectos de nutrici\u00f3n, como requerimientos del ovino, composici\u00f3n de los alimentos, factores que afectan la producci\u00f3n y curvas de distribuci\u00f3n de forrajes y balances forrajeros. Por su parte, Marcelo Quezada de INIA Rayentu\u00e9, abord\u00f3 los aspectos sanitarios, como el estado de los animales, principales enfermedades que afectan el reba\u00f1o en esta \u00e9poca, prevenci\u00f3n y control veterinario de las mismas.<\/p>\n<p>Los profesionales del INIA dejaron claro que no s\u00f3lo la alimentaci\u00f3n y la sanidad afectan la productividad y rentabilidad del negocio, sino tambi\u00e9n la calidad de la carne y su diferenciaci\u00f3n, as\u00ed como la utilizaci\u00f3n de los cueros y lanas.<\/p>\n<p>Iris Lobos, investigadora de INIA Remehue se refiri\u00f3 a la agregaci\u00f3n de valor, dando a conocer la experiencia de los productores de Chilo\u00e9 con el Cordero Chilote I.G. que es la primera raza ovina chilena en obtener un sello de origen y que se est\u00e1 comercializando con esa condici\u00f3n y diferenciaci\u00f3n.<\/p>\n<p><a href=\"https:\/\/www.mundoagropecuario.cl\/new\/wp-content\/uploads\/2021\/04\/corderos-Ku\u0308nko.jpg\"><img loading=\"lazy\" decoding=\"async\" class=\" wp-image-18567 alignright\" src=\"https:\/\/www.mundoagropecuario.cl\/new\/wp-content\/uploads\/2021\/04\/corderos-Ku\u0308nko-586x439.jpg\" alt=\"\" width=\"526\" height=\"394\" srcset=\"https:\/\/www.mundoagropecuario.cl\/new\/wp-content\/uploads\/2021\/04\/corderos-Ku\u0308nko-586x439.jpg 586w, https:\/\/www.mundoagropecuario.cl\/new\/wp-content\/uploads\/2021\/04\/corderos-Ku\u0308nko-768x576.jpg 768w, https:\/\/www.mundoagropecuario.cl\/new\/wp-content\/uploads\/2021\/04\/corderos-Ku\u0308nko.jpg 534w\" sizes=\"auto, (max-width: 526px) 100vw, 526px\" \/><\/a>La investigadora destac\u00f3 el trabajo mancomunado del INIA con asociaciones de productores y organizaciones como la Cooperativa COFOCH de Chilo\u00e9, as\u00ed como de otras zonas como San Juan de la Costa y el Territorio Patagonia Verde, donde el INIA ha estado trabajando.<\/p>\n<p>Como ejemplo, destac\u00f3 el estudio que determin\u00f3 que \u201cen vez de vender los corderos en pie a 60 mil pesos, es posible obtener utilidades de entre 97 mil y 120 mil pesos al vender productos diferenciados como cortes de carne al vac\u00edo y congelados y adem\u00e1s es posible obtener al menos un 20% m\u00e1s de ganancias econ\u00f3micas, curtiendo los cueros y acondicionando la lana de los corderos y ovejas\u201d.<\/p>\n<p>El coordinador y moderador del evento, investigador Josu\u00e9 Mart\u00ednez Lagos, expres\u00f3 que \u201cpara el Programa de Transferencia Tecnol\u00f3gica de Los R\u00edos es de suma importancia entregar informaci\u00f3n a los agricultores, asesores t\u00e9cnicos, profesionales del agro y estudiantes en eventos como este, ya que difundir nuevos manejos y tecnolog\u00edas INIA fomenta la adopci\u00f3n de las mismas a nivel predial, mejorando la competitividad del productor ovino y la del rubro\u201d.<\/p>\n<p>La grabaci\u00f3n de este webinar ovino, se puede ver en el siguiente link: <a href=\"https:\/\/www.facebook.com\/100000547705743\/videos\/4386186971409516\/\">https:\/\/www.facebook.com\/100000547705743\/videos\/4386186971409516\/<\/a><\/p>\n","protected":false},"excerpt":{"rendered":"<p>INIA Remehue dio a conocer recomendaciones para la producci\u00f3n y manejo ovino en la \u00e9poca de oto\u00f1o-invierno, en temas como manejo de praderas, alimentaci\u00f3n y nutrici\u00f3n, sanidad y agregaci\u00f3n de valor.<\/p>\n","protected":false},"author":2,"featured_media":18568,"comment_status":"closed","ping_status":"closed","sticky":false,"template":"","format":"standard","meta":{"footnotes":""},"categories":[1945],"tags":[3127,2699,2404,1993,5436,2035,5435],"class_list":["post-18566","post","type-post","status-publish","format-standard","has-post-thumbnail","hentry","category-agricultura","tag-agro","tag-forraje","tag-inia-carillanca","tag-inia-remehue","tag-inia-remehue-produccion-ovina","tag-minagri","tag-produccion-ovina-en-otono-invierno"],"yoast_head":"<!-- This site is optimized with the Yoast SEO plugin v26.6 - https:\/\/yoast.com\/wordpress\/plugins\/seo\/ -->\n<title>INIA Remehue entrega recomendaciones para la producci\u00f3n ovina en oto\u00f1o-invierno - Mundoagropecuario<\/title>\n<meta name=\"description\" content=\"INIA Remehue dio a conocer recomendaciones para la producci\u00f3n y manejo ovino en la \u00e9poca de oto\u00f1o-invierno\" \/>\n<meta name=\"robots\" content=\"index, follow, max-snippet:-1, max-image-preview:large, max-video-preview:-1\" \/>\n<link rel=\"canonical\" href=\"https:\/\/www.mundoagropecuario.cl\/new\/inia-remehue-entrega-recomendaciones-para-la-produccion-ovina-en-otono-invierno\/\" \/>\n<meta property=\"og:locale\" content=\"es_ES\" \/>\n<meta property=\"og:type\" content=\"article\" \/>\n<meta property=\"og:title\" content=\"INIA Remehue entrega recomendaciones para la producci\u00f3n ovina en oto\u00f1o-invierno - Mundoagropecuario\" \/>\n<meta property=\"og:description\" content=\"INIA Remehue dio a conocer recomendaciones para la producci\u00f3n y manejo ovino en la \u00e9poca de oto\u00f1o-invierno\" \/>\n<meta property=\"og:url\" content=\"https:\/\/www.mundoagropecuario.cl\/new\/inia-remehue-entrega-recomendaciones-para-la-produccion-ovina-en-otono-invierno\/\" \/>\n<meta property=\"og:site_name\" content=\"Mundoagropecuario\" \/>\n<meta property=\"article:publisher\" content=\"https:\/\/www.facebook.com\/mundo.agropecuario.3\" \/>\n<meta property=\"article:published_time\" content=\"2021-04-13T14:33:48+00:00\" \/>\n<meta property=\"article:modified_time\" content=\"2021-04-14T15:51:47+00:00\" \/>\n<meta property=\"og:image\" content=\"https:\/\/www.mundoagropecuario.cl\/new\/wp-content\/uploads\/2021\/04\/webinar-ovino-scaled.jpg\" \/>\n\t<meta property=\"og:image:width\" content=\"1024\" \/>\n\t<meta property=\"og:image:height\" content=\"576\" \/>\n\t<meta property=\"og:image:type\" content=\"image\/jpeg\" \/>\n<meta name=\"author\" content=\"mundo\" \/>\n<meta name=\"twitter:card\" content=\"summary_large_image\" \/>\n<meta name=\"twitter:creator\" content=\"@MundoAgropecuar\" \/>\n<meta name=\"twitter:site\" content=\"@MundoAgropecuar\" \/>\n<meta name=\"twitter:label1\" content=\"Escrito por\" \/>\n\t<meta name=\"twitter:data1\" content=\"mundo\" \/>\n\t<meta name=\"twitter:label2\" content=\"Tiempo de lectura\" \/>\n\t<meta name=\"twitter:data2\" content=\"3 minutos\" \/>\n<script type=\"application\/ld+json\" class=\"yoast-schema-graph\">{\"@context\":\"https:\/\/schema.org\",\"@graph\":[{\"@type\":\"Article\",\"@id\":\"https:\/\/www.mundoagropecuario.cl\/new\/inia-remehue-entrega-recomendaciones-para-la-produccion-ovina-en-otono-invierno\/#article\",\"isPartOf\":{\"@id\":\"https:\/\/www.mundoagropecuario.cl\/new\/inia-remehue-entrega-recomendaciones-para-la-produccion-ovina-en-otono-invierno\/\"},\"author\":{\"name\":\"mundo\",\"@id\":\"https:\/\/www.mundoagropecuario.cl\/new\/#\/schema\/person\/4e9f74a82a7dac260eb1c44b7eebeb18\"},\"headline\":\"INIA Remehue entrega recomendaciones para la producci\u00f3n ovina en oto\u00f1o-invierno\",\"datePublished\":\"2021-04-13T14:33:48+00:00\",\"dateModified\":\"2021-04-14T15:51:47+00:00\",\"mainEntityOfPage\":{\"@id\":\"https:\/\/www.mundoagropecuario.cl\/new\/inia-remehue-entrega-recomendaciones-para-la-produccion-ovina-en-otono-invierno\/\"},\"wordCount\":626,\"publisher\":{\"@id\":\"https:\/\/www.mundoagropecuario.cl\/new\/#organization\"},\"image\":{\"@id\":\"https:\/\/www.mundoagropecuario.cl\/new\/inia-remehue-entrega-recomendaciones-para-la-produccion-ovina-en-otono-invierno\/#primaryimage\"},\"thumbnailUrl\":\"https:\/\/www.mundoagropecuario.cl\/new\/wp-content\/uploads\/2021\/04\/webinar-ovino-scaled.jpg\",\"keywords\":[\"Agro\",\"forraje\",\"INIA Carillanca\",\"INIA Remehue\",\"INIA Remehue producci\u00f3n ovina\",\"Minagri\",\"producci\u00f3n ovina en oto\u00f1o-invierno\"],\"articleSection\":[\"Agricultura\"],\"inLanguage\":\"es\"},{\"@type\":\"WebPage\",\"@id\":\"https:\/\/www.mundoagropecuario.cl\/new\/inia-remehue-entrega-recomendaciones-para-la-produccion-ovina-en-otono-invierno\/\",\"url\":\"https:\/\/www.mundoagropecuario.cl\/new\/inia-remehue-entrega-recomendaciones-para-la-produccion-ovina-en-otono-invierno\/\",\"name\":\"INIA Remehue entrega recomendaciones para la producci\u00f3n ovina en oto\u00f1o-invierno - Mundoagropecuario\",\"isPartOf\":{\"@id\":\"https:\/\/www.mundoagropecuario.cl\/new\/#website\"},\"primaryImageOfPage\":{\"@id\":\"https:\/\/www.mundoagropecuario.cl\/new\/inia-remehue-entrega-recomendaciones-para-la-produccion-ovina-en-otono-invierno\/#primaryimage\"},\"image\":{\"@id\":\"https:\/\/www.mundoagropecuario.cl\/new\/inia-remehue-entrega-recomendaciones-para-la-produccion-ovina-en-otono-invierno\/#primaryimage\"},\"thumbnailUrl\":\"https:\/\/www.mundoagropecuario.cl\/new\/wp-content\/uploads\/2021\/04\/webinar-ovino-scaled.jpg\",\"datePublished\":\"2021-04-13T14:33:48+00:00\",\"dateModified\":\"2021-04-14T15:51:47+00:00\",\"description\":\"INIA Remehue dio a conocer recomendaciones para la producci\u00f3n y manejo ovino en la \u00e9poca de oto\u00f1o-invierno\",\"breadcrumb\":{\"@id\":\"https:\/\/www.mundoagropecuario.cl\/new\/inia-remehue-entrega-recomendaciones-para-la-produccion-ovina-en-otono-invierno\/#breadcrumb\"},\"inLanguage\":\"es\",\"potentialAction\":[{\"@type\":\"ReadAction\",\"target\":[\"https:\/\/www.mundoagropecuario.cl\/new\/inia-remehue-entrega-recomendaciones-para-la-produccion-ovina-en-otono-invierno\/\"]}]},{\"@type\":\"ImageObject\",\"inLanguage\":\"es\",\"@id\":\"https:\/\/www.mundoagropecuario.cl\/new\/inia-remehue-entrega-recomendaciones-para-la-produccion-ovina-en-otono-invierno\/#primaryimage\",\"url\":\"https:\/\/www.mundoagropecuario.cl\/new\/wp-content\/uploads\/2021\/04\/webinar-ovino-scaled.jpg\",\"contentUrl\":\"https:\/\/www.mundoagropecuario.cl\/new\/wp-content\/uploads\/2021\/04\/webinar-ovino-scaled.jpg\",\"width\":711,\"height\":400},{\"@type\":\"BreadcrumbList\",\"@id\":\"https:\/\/www.mundoagropecuario.cl\/new\/inia-remehue-entrega-recomendaciones-para-la-produccion-ovina-en-otono-invierno\/#breadcrumb\",\"itemListElement\":[{\"@type\":\"ListItem\",\"position\":1,\"name\":\"Portada\",\"item\":\"https:\/\/www.mundoagropecuario.cl\/new\/\"},{\"@type\":\"ListItem\",\"position\":2,\"name\":\"INIA Remehue entrega recomendaciones para la producci\u00f3n ovina en oto\u00f1o-invierno\"}]},{\"@type\":\"WebSite\",\"@id\":\"https:\/\/www.mundoagropecuario.cl\/new\/#website\",\"url\":\"https:\/\/www.mundoagropecuario.cl\/new\/\",\"name\":\"Mundoagropecuario\",\"description\":\"Mundo Agropecuario\",\"publisher\":{\"@id\":\"https:\/\/www.mundoagropecuario.cl\/new\/#organization\"},\"potentialAction\":[{\"@type\":\"SearchAction\",\"target\":{\"@type\":\"EntryPoint\",\"urlTemplate\":\"https:\/\/www.mundoagropecuario.cl\/new\/?s={search_term_string}\"},\"query-input\":{\"@type\":\"PropertyValueSpecification\",\"valueRequired\":true,\"valueName\":\"search_term_string\"}}],\"inLanguage\":\"es\"},{\"@type\":\"Organization\",\"@id\":\"https:\/\/www.mundoagropecuario.cl\/new\/#organization\",\"name\":\"Revista de Agricultura\",\"url\":\"https:\/\/www.mundoagropecuario.cl\/new\/\",\"logo\":{\"@type\":\"ImageObject\",\"inLanguage\":\"es\",\"@id\":\"https:\/\/www.mundoagropecuario.cl\/new\/#\/schema\/logo\/image\/\",\"url\":\"https:\/\/www.mundoagropecuario.cl\/new\/wp-content\/uploads\/2020\/11\/PORTAL-1-1.png\",\"contentUrl\":\"https:\/\/www.mundoagropecuario.cl\/new\/wp-content\/uploads\/2020\/11\/PORTAL-1-1.png\",\"width\":1026,\"height\":100,\"caption\":\"Revista de Agricultura\"},\"image\":{\"@id\":\"https:\/\/www.mundoagropecuario.cl\/new\/#\/schema\/logo\/image\/\"},\"sameAs\":[\"https:\/\/www.facebook.com\/mundo.agropecuario.3\",\"https:\/\/x.com\/MundoAgropecuar\",\"https:\/\/www.linkedin.com\/in\/mundo-agropecuario-934009201\/\"]},{\"@type\":\"Person\",\"@id\":\"https:\/\/www.mundoagropecuario.cl\/new\/#\/schema\/person\/4e9f74a82a7dac260eb1c44b7eebeb18\",\"name\":\"mundo\",\"url\":\"https:\/\/www.mundoagropecuario.cl\/new\/author\/mundo\/\"}]}<\/script>\n<!-- \/ Yoast SEO plugin. -->","yoast_head_json":{"title":"INIA Remehue entrega recomendaciones para la producci\u00f3n ovina en oto\u00f1o-invierno - Mundoagropecuario","description":"INIA Remehue dio a conocer recomendaciones para la producci\u00f3n y manejo ovino en la \u00e9poca de oto\u00f1o-invierno","robots":{"index":"index","follow":"follow","max-snippet":"max-snippet:-1","max-image-preview":"max-image-preview:large","max-video-preview":"max-video-preview:-1"},"canonical":"https:\/\/www.mundoagropecuario.cl\/new\/inia-remehue-entrega-recomendaciones-para-la-produccion-ovina-en-otono-invierno\/","og_locale":"es_ES","og_type":"article","og_title":"INIA Remehue entrega recomendaciones para la producci\u00f3n ovina en oto\u00f1o-invierno - Mundoagropecuario","og_description":"INIA Remehue dio a conocer recomendaciones para la producci\u00f3n y manejo ovino en la \u00e9poca de oto\u00f1o-invierno","og_url":"https:\/\/www.mundoagropecuario.cl\/new\/inia-remehue-entrega-recomendaciones-para-la-produccion-ovina-en-otono-invierno\/","og_site_name":"Mundoagropecuario","article_publisher":"https:\/\/www.facebook.com\/mundo.agropecuario.3","article_published_time":"2021-04-13T14:33:48+00:00","article_modified_time":"2021-04-14T15:51:47+00:00","og_image":[{"width":1024,"height":576,"url":"https:\/\/www.mundoagropecuario.cl\/new\/wp-content\/uploads\/2021\/04\/webinar-ovino-scaled.jpg","type":"image\/jpeg"}],"author":"mundo","twitter_card":"summary_large_image","twitter_creator":"@MundoAgropecuar","twitter_site":"@MundoAgropecuar","twitter_misc":{"Escrito por":"mundo","Tiempo de lectura":"3 minutos"},"schema":{"@context":"https:\/\/schema.org","@graph":[{"@type":"Article","@id":"https:\/\/www.mundoagropecuario.cl\/new\/inia-remehue-entrega-recomendaciones-para-la-produccion-ovina-en-otono-invierno\/#article","isPartOf":{"@id":"https:\/\/www.mundoagropecuario.cl\/new\/inia-remehue-entrega-recomendaciones-para-la-produccion-ovina-en-otono-invierno\/"},"author":{"name":"mundo","@id":"https:\/\/www.mundoagropecuario.cl\/new\/#\/schema\/person\/4e9f74a82a7dac260eb1c44b7eebeb18"},"headline":"INIA Remehue entrega recomendaciones para la producci\u00f3n ovina en oto\u00f1o-invierno","datePublished":"2021-04-13T14:33:48+00:00","dateModified":"2021-04-14T15:51:47+00:00","mainEntityOfPage":{"@id":"https:\/\/www.mundoagropecuario.cl\/new\/inia-remehue-entrega-recomendaciones-para-la-produccion-ovina-en-otono-invierno\/"},"wordCount":626,"publisher":{"@id":"https:\/\/www.mundoagropecuario.cl\/new\/#organization"},"image":{"@id":"https:\/\/www.mundoagropecuario.cl\/new\/inia-remehue-entrega-recomendaciones-para-la-produccion-ovina-en-otono-invierno\/#primaryimage"},"thumbnailUrl":"https:\/\/www.mundoagropecuario.cl\/new\/wp-content\/uploads\/2021\/04\/webinar-ovino-scaled.jpg","keywords":["Agro","forraje","INIA Carillanca","INIA Remehue","INIA Remehue producci\u00f3n ovina","Minagri","producci\u00f3n ovina en oto\u00f1o-invierno"],"articleSection":["Agricultura"],"inLanguage":"es"},{"@type":"WebPage","@id":"https:\/\/www.mundoagropecuario.cl\/new\/inia-remehue-entrega-recomendaciones-para-la-produccion-ovina-en-otono-invierno\/","url":"https:\/\/www.mundoagropecuario.cl\/new\/inia-remehue-entrega-recomendaciones-para-la-produccion-ovina-en-otono-invierno\/","name":"INIA Remehue entrega recomendaciones para la producci\u00f3n ovina en oto\u00f1o-invierno - Mundoagropecuario","isPartOf":{"@id":"https:\/\/www.mundoagropecuario.cl\/new\/#website"},"primaryImageOfPage":{"@id":"https:\/\/www.mundoagropecuario.cl\/new\/inia-remehue-entrega-recomendaciones-para-la-produccion-ovina-en-otono-invierno\/#primaryimage"},"image":{"@id":"https:\/\/www.mundoagropecuario.cl\/new\/inia-remehue-entrega-recomendaciones-para-la-produccion-ovina-en-otono-invierno\/#primaryimage"},"thumbnailUrl":"https:\/\/www.mundoagropecuario.cl\/new\/wp-content\/uploads\/2021\/04\/webinar-ovino-scaled.jpg","datePublished":"2021-04-13T14:33:48+00:00","dateModified":"2021-04-14T15:51:47+00:00","description":"INIA Remehue dio a conocer recomendaciones para la producci\u00f3n y manejo ovino en la \u00e9poca de oto\u00f1o-invierno","breadcrumb":{"@id":"https:\/\/www.mundoagropecuario.cl\/new\/inia-remehue-entrega-recomendaciones-para-la-produccion-ovina-en-otono-invierno\/#breadcrumb"},"inLanguage":"es","potentialAction":[{"@type":"ReadAction","target":["https:\/\/www.mundoagropecuario.cl\/new\/inia-remehue-entrega-recomendaciones-para-la-produccion-ovina-en-otono-invierno\/"]}]},{"@type":"ImageObject","inLanguage":"es","@id":"https:\/\/www.mundoagropecuario.cl\/new\/inia-remehue-entrega-recomendaciones-para-la-produccion-ovina-en-otono-invierno\/#primaryimage","url":"https:\/\/www.mundoagropecuario.cl\/new\/wp-content\/uploads\/2021\/04\/webinar-ovino-scaled.jpg","contentUrl":"https:\/\/www.mundoagropecuario.cl\/new\/wp-content\/uploads\/2021\/04\/webinar-ovino-scaled.jpg","width":711,"height":400},{"@type":"BreadcrumbList","@id":"https:\/\/www.mundoagropecuario.cl\/new\/inia-remehue-entrega-recomendaciones-para-la-produccion-ovina-en-otono-invierno\/#breadcrumb","itemListElement":[{"@type":"ListItem","position":1,"name":"Portada","item":"https:\/\/www.mundoagropecuario.cl\/new\/"},{"@type":"ListItem","position":2,"name":"INIA Remehue entrega recomendaciones para la producci\u00f3n ovina en oto\u00f1o-invierno"}]},{"@type":"WebSite","@id":"https:\/\/www.mundoagropecuario.cl\/new\/#website","url":"https:\/\/www.mundoagropecuario.cl\/new\/","name":"Mundoagropecuario","description":"Mundo Agropecuario","publisher":{"@id":"https:\/\/www.mundoagropecuario.cl\/new\/#organization"},"potentialAction":[{"@type":"SearchAction","target":{"@type":"EntryPoint","urlTemplate":"https:\/\/www.mundoagropecuario.cl\/new\/?s={search_term_string}"},"query-input":{"@type":"PropertyValueSpecification","valueRequired":true,"valueName":"search_term_string"}}],"inLanguage":"es"},{"@type":"Organization","@id":"https:\/\/www.mundoagropecuario.cl\/new\/#organization","name":"Revista de Agricultura","url":"https:\/\/www.mundoagropecuario.cl\/new\/","logo":{"@type":"ImageObject","inLanguage":"es","@id":"https:\/\/www.mundoagropecuario.cl\/new\/#\/schema\/logo\/image\/","url":"https:\/\/www.mundoagropecuario.cl\/new\/wp-content\/uploads\/2020\/11\/PORTAL-1-1.png","contentUrl":"https:\/\/www.mundoagropecuario.cl\/new\/wp-content\/uploads\/2020\/11\/PORTAL-1-1.png","width":1026,"height":100,"caption":"Revista de Agricultura"},"image":{"@id":"https:\/\/www.mundoagropecuario.cl\/new\/#\/schema\/logo\/image\/"},"sameAs":["https:\/\/www.facebook.com\/mundo.agropecuario.3","https:\/\/x.com\/MundoAgropecuar","https:\/\/www.linkedin.com\/in\/mundo-agropecuario-934009201\/"]},{"@type":"Person","@id":"https:\/\/www.mundoagropecuario.cl\/new\/#\/schema\/person\/4e9f74a82a7dac260eb1c44b7eebeb18","name":"mundo","url":"https:\/\/www.mundoagropecuario.cl\/new\/author\/mundo\/"}]}},"_links":{"self":[{"href":"https:\/\/www.mundoagropecuario.cl\/new\/wp-json\/wp\/v2\/posts\/18566","targetHints":{"allow":["GET"]}}],"collection":[{"href":"https:\/\/www.mundoagropecuario.cl\/new\/wp-json\/wp\/v2\/posts"}],"about":[{"href":"https:\/\/www.mundoagropecuario.cl\/new\/wp-json\/wp\/v2\/types\/post"}],"author":[{"embeddable":true,"href":"https:\/\/www.mundoagropecuario.cl\/new\/wp-json\/wp\/v2\/users\/2"}],"replies":[{"embeddable":true,"href":"https:\/\/www.mundoagropecuario.cl\/new\/wp-json\/wp\/v2\/comments?post=18566"}],"version-history":[{"count":1,"href":"https:\/\/www.mundoagropecuario.cl\/new\/wp-json\/wp\/v2\/posts\/18566\/revisions"}],"predecessor-version":[{"id":18569,"href":"https:\/\/www.mundoagropecuario.cl\/new\/wp-json\/wp\/v2\/posts\/18566\/revisions\/18569"}],"wp:featuredmedia":[{"embeddable":true,"href":"https:\/\/www.mundoagropecuario.cl\/new\/wp-json\/wp\/v2\/media\/18568"}],"wp:attachment":[{"href":"https:\/\/www.mundoagropecuario.cl\/new\/wp-json\/wp\/v2\/media?parent=18566"}],"wp:term":[{"taxonomy":"category","embeddable":true,"href":"https:\/\/www.mundoagropecuario.cl\/new\/wp-json\/wp\/v2\/categories?post=18566"},{"taxonomy":"post_tag","embeddable":true,"href":"https:\/\/www.mundoagropecuario.cl\/new\/wp-json\/wp\/v2\/tags?post=18566"}],"curies":[{"name":"wp","href":"https:\/\/api.w.org\/{rel}","templated":true}]}}