{"id":18469,"date":"2021-03-31T10:18:36","date_gmt":"2021-03-31T13:18:36","guid":{"rendered":"https:\/\/www.mundoagropecuario.cl\/new\/?p=18469"},"modified":"2021-04-05T11:24:27","modified_gmt":"2021-04-05T14:24:27","slug":"sag-e-iica-realizaran-seminario-internacional-sobre-sustentabilidad-agroambiental-de-suelos","status":"publish","type":"post","link":"https:\/\/www.mundoagropecuario.cl\/new\/sag-e-iica-realizaran-seminario-internacional-sobre-sustentabilidad-agroambiental-de-suelos\/","title":{"rendered":"SAG e IICA realizar\u00e1n seminario internacional sobre Sustentabilidad Agroambiental de Suelos"},"content":{"rendered":"<p>El Servicio Agr\u00edcola y Ganadero, SAG, junto al Instituto Interamericano de Cooperaci\u00f3n para la Agricultura, IICA, informan que se encuentran abiertas las inscripciones para el seminario internacional \u201cSustentabilidad Agroambiental de Suelos Agropecuarios en Am\u00e9rica, Cambio Clim\u00e1tico y Objetivos de Desarrollo Sostenible\u201d, que se llevar\u00e1 a cabo el 8 de abril de manera remota entre 9:10 a 12:30 horas.<\/p>\n<p><a href=\"https:\/\/www.mundoagropecuario.cl\/new\/wp-content\/uploads\/2020\/11\/suelos-.jpeg\"><img loading=\"lazy\" decoding=\"async\" class=\" wp-image-17019 alignright\" src=\"https:\/\/www.mundoagropecuario.cl\/new\/wp-content\/uploads\/2020\/11\/suelos-.jpeg\" alt=\"\" width=\"344\" height=\"227\" \/><\/a>El seminario contar\u00e1 con la participaci\u00f3n del experto mundial Dr. Rattan Lal de la Universidad Ohio, Premio Nobel de la Paz 2007 y Premio Mundial de la Alimentaci\u00f3n 2020 (World Food Prize Foundation), ofreciendo una oportunidad \u00fanica para abordar los nuevos desaf\u00edos de la agricultura en el contexto de cambio clim\u00e1tico que vivimos.<\/p>\n<p>\u201cQueremos invitar no solo a nuestros agricultores y agricultoras, sino a toda la ciudadan\u00eda, a participar de este gran encuentro internacional, donde hablaremos sobre la sustentabilidad a los suelos, tan relevante para la seguridad alimentaria. La inscripci\u00f3n es gratuita, pueden visitar www.sag.cl, donde tambi\u00e9n encontrar\u00e1n el programa de la actividad\u201d, declar\u00f3 el Director Regional del SAG, Jorge Oltra.<\/p>\n<p>Las inscripciones se realizan en el siguiente link (cupos limitados):\u00a0\u00a0\u00a0\u00a0\u00a0\u00a0\u00a0\u00a0\u00a0\u00a0 <a href=\"https:\/\/iica.zoom.us\/webinar\/register\/WN_stRWeOwYTCCw2FK9nmFDQA\">https:\/\/iica.zoom.us\/webinar\/register\/WN_stRWeOwYTCCw2FK9nmFDQA<\/a><\/p>\n<p>Al seminario tambi\u00e9n se podr\u00e1 acceder por Facebook: <a href=\"http:\/\/www.facebook.com\/iicaRepresentacionChile\">www.facebook.com\/iicaRepresentacionChile<\/a><\/p>\n","protected":false},"excerpt":{"rendered":"<p>SAG en IICA, informan que se encuentran abiertas las inscripciones para el seminario internacional \u201cSustentabilidad Agroambiental de Suelos<\/p>\n","protected":false},"author":2,"featured_media":12136,"comment_status":"closed","ping_status":"closed","sticky":false,"template":"","format":"standard","meta":{"footnotes":""},"categories":[1945],"tags":[2090,3127,4476,3015,2036,5389,5390],"class_list":["post-18469","post","type-post","status-publish","format-standard","has-post-thumbnail","hentry","category-agricultura","tag-agricultura","tag-agro","tag-agro-agricultura","tag-iica","tag-sag","tag-seminario-suelos","tag-sustentabilidad-agroambiental"],"yoast_head":"<!-- This site is optimized with the Yoast SEO plugin v26.6 - https:\/\/yoast.com\/wordpress\/plugins\/seo\/ -->\n<title>SAG e IICA realizar\u00e1n seminario internacional sobre Sustentabilidad Agroambiental de Suelos - Mundoagropecuario<\/title>\n<meta name=\"description\" content=\"SAG en IICA, informan que se encuentran abiertas las inscripciones para el seminario internacional \u201cSustentabilidad Agroambiental de Suelos\" \/>\n<meta name=\"robots\" content=\"index, follow, max-snippet:-1, max-image-preview:large, max-video-preview:-1\" \/>\n<link rel=\"canonical\" href=\"https:\/\/www.mundoagropecuario.cl\/new\/sag-e-iica-realizaran-seminario-internacional-sobre-sustentabilidad-agroambiental-de-suelos\/\" \/>\n<meta property=\"og:locale\" content=\"es_ES\" \/>\n<meta property=\"og:type\" content=\"article\" \/>\n<meta property=\"og:title\" content=\"SAG e IICA realizar\u00e1n seminario internacional sobre Sustentabilidad Agroambiental de Suelos - Mundoagropecuario\" \/>\n<meta property=\"og:description\" content=\"SAG en IICA, informan que se encuentran abiertas las inscripciones para el seminario internacional \u201cSustentabilidad Agroambiental de Suelos\" \/>\n<meta property=\"og:url\" content=\"https:\/\/www.mundoagropecuario.cl\/new\/sag-e-iica-realizaran-seminario-internacional-sobre-sustentabilidad-agroambiental-de-suelos\/\" \/>\n<meta property=\"og:site_name\" content=\"Mundoagropecuario\" \/>\n<meta property=\"article:publisher\" content=\"https:\/\/www.facebook.com\/mundo.agropecuario.3\" \/>\n<meta property=\"article:published_time\" content=\"2021-03-31T13:18:36+00:00\" \/>\n<meta property=\"article:modified_time\" content=\"2021-04-05T14:24:27+00:00\" \/>\n<meta property=\"og:image\" content=\"https:\/\/www.mundoagropecuario.cl\/new\/wp-content\/uploads\/2019\/05\/suelos-UACh-1.jpg\" \/>\n\t<meta property=\"og:image:width\" content=\"960\" \/>\n\t<meta property=\"og:image:height\" content=\"720\" \/>\n\t<meta property=\"og:image:type\" content=\"image\/jpeg\" \/>\n<meta name=\"author\" content=\"mundo\" \/>\n<meta name=\"twitter:card\" content=\"summary_large_image\" \/>\n<meta name=\"twitter:creator\" content=\"@MundoAgropecuar\" \/>\n<meta name=\"twitter:site\" content=\"@MundoAgropecuar\" \/>\n<meta name=\"twitter:label1\" content=\"Escrito por\" \/>\n\t<meta name=\"twitter:data1\" content=\"mundo\" \/>\n\t<meta name=\"twitter:label2\" content=\"Tiempo de lectura\" \/>\n\t<meta name=\"twitter:data2\" content=\"2 minutos\" \/>\n<script type=\"application\/ld+json\" class=\"yoast-schema-graph\">{\"@context\":\"https:\/\/schema.org\",\"@graph\":[{\"@type\":\"Article\",\"@id\":\"https:\/\/www.mundoagropecuario.cl\/new\/sag-e-iica-realizaran-seminario-internacional-sobre-sustentabilidad-agroambiental-de-suelos\/#article\",\"isPartOf\":{\"@id\":\"https:\/\/www.mundoagropecuario.cl\/new\/sag-e-iica-realizaran-seminario-internacional-sobre-sustentabilidad-agroambiental-de-suelos\/\"},\"author\":{\"name\":\"mundo\",\"@id\":\"https:\/\/www.mundoagropecuario.cl\/new\/#\/schema\/person\/4e9f74a82a7dac260eb1c44b7eebeb18\"},\"headline\":\"SAG e IICA realizar\u00e1n seminario internacional sobre Sustentabilidad Agroambiental de Suelos\",\"datePublished\":\"2021-03-31T13:18:36+00:00\",\"dateModified\":\"2021-04-05T14:24:27+00:00\",\"mainEntityOfPage\":{\"@id\":\"https:\/\/www.mundoagropecuario.cl\/new\/sag-e-iica-realizaran-seminario-internacional-sobre-sustentabilidad-agroambiental-de-suelos\/\"},\"wordCount\":223,\"publisher\":{\"@id\":\"https:\/\/www.mundoagropecuario.cl\/new\/#organization\"},\"image\":{\"@id\":\"https:\/\/www.mundoagropecuario.cl\/new\/sag-e-iica-realizaran-seminario-internacional-sobre-sustentabilidad-agroambiental-de-suelos\/#primaryimage\"},\"thumbnailUrl\":\"https:\/\/www.mundoagropecuario.cl\/new\/wp-content\/uploads\/2019\/05\/suelos-UACh-1.jpg\",\"keywords\":[\"Agricultura\",\"Agro\",\"Agro Agricultura\",\"IICA\",\"SAG\",\"Seminario suelos\",\"Sustentabilidad Agroambiental\"],\"articleSection\":[\"Agricultura\"],\"inLanguage\":\"es\"},{\"@type\":\"WebPage\",\"@id\":\"https:\/\/www.mundoagropecuario.cl\/new\/sag-e-iica-realizaran-seminario-internacional-sobre-sustentabilidad-agroambiental-de-suelos\/\",\"url\":\"https:\/\/www.mundoagropecuario.cl\/new\/sag-e-iica-realizaran-seminario-internacional-sobre-sustentabilidad-agroambiental-de-suelos\/\",\"name\":\"SAG e IICA realizar\u00e1n seminario internacional sobre Sustentabilidad Agroambiental de Suelos - Mundoagropecuario\",\"isPartOf\":{\"@id\":\"https:\/\/www.mundoagropecuario.cl\/new\/#website\"},\"primaryImageOfPage\":{\"@id\":\"https:\/\/www.mundoagropecuario.cl\/new\/sag-e-iica-realizaran-seminario-internacional-sobre-sustentabilidad-agroambiental-de-suelos\/#primaryimage\"},\"image\":{\"@id\":\"https:\/\/www.mundoagropecuario.cl\/new\/sag-e-iica-realizaran-seminario-internacional-sobre-sustentabilidad-agroambiental-de-suelos\/#primaryimage\"},\"thumbnailUrl\":\"https:\/\/www.mundoagropecuario.cl\/new\/wp-content\/uploads\/2019\/05\/suelos-UACh-1.jpg\",\"datePublished\":\"2021-03-31T13:18:36+00:00\",\"dateModified\":\"2021-04-05T14:24:27+00:00\",\"description\":\"SAG en IICA, informan que se encuentran abiertas las inscripciones para el seminario internacional \u201cSustentabilidad Agroambiental de Suelos\",\"breadcrumb\":{\"@id\":\"https:\/\/www.mundoagropecuario.cl\/new\/sag-e-iica-realizaran-seminario-internacional-sobre-sustentabilidad-agroambiental-de-suelos\/#breadcrumb\"},\"inLanguage\":\"es\",\"potentialAction\":[{\"@type\":\"ReadAction\",\"target\":[\"https:\/\/www.mundoagropecuario.cl\/new\/sag-e-iica-realizaran-seminario-internacional-sobre-sustentabilidad-agroambiental-de-suelos\/\"]}]},{\"@type\":\"ImageObject\",\"inLanguage\":\"es\",\"@id\":\"https:\/\/www.mundoagropecuario.cl\/new\/sag-e-iica-realizaran-seminario-internacional-sobre-sustentabilidad-agroambiental-de-suelos\/#primaryimage\",\"url\":\"https:\/\/www.mundoagropecuario.cl\/new\/wp-content\/uploads\/2019\/05\/suelos-UACh-1.jpg\",\"contentUrl\":\"https:\/\/www.mundoagropecuario.cl\/new\/wp-content\/uploads\/2019\/05\/suelos-UACh-1.jpg\",\"width\":533,\"height\":400},{\"@type\":\"BreadcrumbList\",\"@id\":\"https:\/\/www.mundoagropecuario.cl\/new\/sag-e-iica-realizaran-seminario-internacional-sobre-sustentabilidad-agroambiental-de-suelos\/#breadcrumb\",\"itemListElement\":[{\"@type\":\"ListItem\",\"position\":1,\"name\":\"Portada\",\"item\":\"https:\/\/www.mundoagropecuario.cl\/new\/\"},{\"@type\":\"ListItem\",\"position\":2,\"name\":\"SAG e IICA realizar\u00e1n seminario internacional sobre Sustentabilidad Agroambiental de Suelos\"}]},{\"@type\":\"WebSite\",\"@id\":\"https:\/\/www.mundoagropecuario.cl\/new\/#website\",\"url\":\"https:\/\/www.mundoagropecuario.cl\/new\/\",\"name\":\"Mundoagropecuario\",\"description\":\"Mundo Agropecuario\",\"publisher\":{\"@id\":\"https:\/\/www.mundoagropecuario.cl\/new\/#organization\"},\"potentialAction\":[{\"@type\":\"SearchAction\",\"target\":{\"@type\":\"EntryPoint\",\"urlTemplate\":\"https:\/\/www.mundoagropecuario.cl\/new\/?s={search_term_string}\"},\"query-input\":{\"@type\":\"PropertyValueSpecification\",\"valueRequired\":true,\"valueName\":\"search_term_string\"}}],\"inLanguage\":\"es\"},{\"@type\":\"Organization\",\"@id\":\"https:\/\/www.mundoagropecuario.cl\/new\/#organization\",\"name\":\"Revista de Agricultura\",\"url\":\"https:\/\/www.mundoagropecuario.cl\/new\/\",\"logo\":{\"@type\":\"ImageObject\",\"inLanguage\":\"es\",\"@id\":\"https:\/\/www.mundoagropecuario.cl\/new\/#\/schema\/logo\/image\/\",\"url\":\"https:\/\/www.mundoagropecuario.cl\/new\/wp-content\/uploads\/2020\/11\/PORTAL-1-1.png\",\"contentUrl\":\"https:\/\/www.mundoagropecuario.cl\/new\/wp-content\/uploads\/2020\/11\/PORTAL-1-1.png\",\"width\":1026,\"height\":100,\"caption\":\"Revista de Agricultura\"},\"image\":{\"@id\":\"https:\/\/www.mundoagropecuario.cl\/new\/#\/schema\/logo\/image\/\"},\"sameAs\":[\"https:\/\/www.facebook.com\/mundo.agropecuario.3\",\"https:\/\/x.com\/MundoAgropecuar\",\"https:\/\/www.linkedin.com\/in\/mundo-agropecuario-934009201\/\"]},{\"@type\":\"Person\",\"@id\":\"https:\/\/www.mundoagropecuario.cl\/new\/#\/schema\/person\/4e9f74a82a7dac260eb1c44b7eebeb18\",\"name\":\"mundo\",\"url\":\"https:\/\/www.mundoagropecuario.cl\/new\/author\/mundo\/\"}]}<\/script>\n<!-- \/ Yoast SEO plugin. -->","yoast_head_json":{"title":"SAG e IICA realizar\u00e1n seminario internacional sobre Sustentabilidad Agroambiental de Suelos - Mundoagropecuario","description":"SAG en IICA, informan que se encuentran abiertas las inscripciones para el seminario internacional \u201cSustentabilidad Agroambiental de Suelos","robots":{"index":"index","follow":"follow","max-snippet":"max-snippet:-1","max-image-preview":"max-image-preview:large","max-video-preview":"max-video-preview:-1"},"canonical":"https:\/\/www.mundoagropecuario.cl\/new\/sag-e-iica-realizaran-seminario-internacional-sobre-sustentabilidad-agroambiental-de-suelos\/","og_locale":"es_ES","og_type":"article","og_title":"SAG e IICA realizar\u00e1n seminario internacional sobre Sustentabilidad Agroambiental de Suelos - Mundoagropecuario","og_description":"SAG en IICA, informan que se encuentran abiertas las inscripciones para el seminario internacional \u201cSustentabilidad Agroambiental de Suelos","og_url":"https:\/\/www.mundoagropecuario.cl\/new\/sag-e-iica-realizaran-seminario-internacional-sobre-sustentabilidad-agroambiental-de-suelos\/","og_site_name":"Mundoagropecuario","article_publisher":"https:\/\/www.facebook.com\/mundo.agropecuario.3","article_published_time":"2021-03-31T13:18:36+00:00","article_modified_time":"2021-04-05T14:24:27+00:00","og_image":[{"width":960,"height":720,"url":"https:\/\/www.mundoagropecuario.cl\/new\/wp-content\/uploads\/2019\/05\/suelos-UACh-1.jpg","type":"image\/jpeg"}],"author":"mundo","twitter_card":"summary_large_image","twitter_creator":"@MundoAgropecuar","twitter_site":"@MundoAgropecuar","twitter_misc":{"Escrito por":"mundo","Tiempo de lectura":"2 minutos"},"schema":{"@context":"https:\/\/schema.org","@graph":[{"@type":"Article","@id":"https:\/\/www.mundoagropecuario.cl\/new\/sag-e-iica-realizaran-seminario-internacional-sobre-sustentabilidad-agroambiental-de-suelos\/#article","isPartOf":{"@id":"https:\/\/www.mundoagropecuario.cl\/new\/sag-e-iica-realizaran-seminario-internacional-sobre-sustentabilidad-agroambiental-de-suelos\/"},"author":{"name":"mundo","@id":"https:\/\/www.mundoagropecuario.cl\/new\/#\/schema\/person\/4e9f74a82a7dac260eb1c44b7eebeb18"},"headline":"SAG e IICA realizar\u00e1n seminario internacional sobre Sustentabilidad Agroambiental de Suelos","datePublished":"2021-03-31T13:18:36+00:00","dateModified":"2021-04-05T14:24:27+00:00","mainEntityOfPage":{"@id":"https:\/\/www.mundoagropecuario.cl\/new\/sag-e-iica-realizaran-seminario-internacional-sobre-sustentabilidad-agroambiental-de-suelos\/"},"wordCount":223,"publisher":{"@id":"https:\/\/www.mundoagropecuario.cl\/new\/#organization"},"image":{"@id":"https:\/\/www.mundoagropecuario.cl\/new\/sag-e-iica-realizaran-seminario-internacional-sobre-sustentabilidad-agroambiental-de-suelos\/#primaryimage"},"thumbnailUrl":"https:\/\/www.mundoagropecuario.cl\/new\/wp-content\/uploads\/2019\/05\/suelos-UACh-1.jpg","keywords":["Agricultura","Agro","Agro Agricultura","IICA","SAG","Seminario suelos","Sustentabilidad Agroambiental"],"articleSection":["Agricultura"],"inLanguage":"es"},{"@type":"WebPage","@id":"https:\/\/www.mundoagropecuario.cl\/new\/sag-e-iica-realizaran-seminario-internacional-sobre-sustentabilidad-agroambiental-de-suelos\/","url":"https:\/\/www.mundoagropecuario.cl\/new\/sag-e-iica-realizaran-seminario-internacional-sobre-sustentabilidad-agroambiental-de-suelos\/","name":"SAG e IICA realizar\u00e1n seminario internacional sobre Sustentabilidad Agroambiental de Suelos - Mundoagropecuario","isPartOf":{"@id":"https:\/\/www.mundoagropecuario.cl\/new\/#website"},"primaryImageOfPage":{"@id":"https:\/\/www.mundoagropecuario.cl\/new\/sag-e-iica-realizaran-seminario-internacional-sobre-sustentabilidad-agroambiental-de-suelos\/#primaryimage"},"image":{"@id":"https:\/\/www.mundoagropecuario.cl\/new\/sag-e-iica-realizaran-seminario-internacional-sobre-sustentabilidad-agroambiental-de-suelos\/#primaryimage"},"thumbnailUrl":"https:\/\/www.mundoagropecuario.cl\/new\/wp-content\/uploads\/2019\/05\/suelos-UACh-1.jpg","datePublished":"2021-03-31T13:18:36+00:00","dateModified":"2021-04-05T14:24:27+00:00","description":"SAG en IICA, informan que se encuentran abiertas las inscripciones para el seminario internacional \u201cSustentabilidad Agroambiental de Suelos","breadcrumb":{"@id":"https:\/\/www.mundoagropecuario.cl\/new\/sag-e-iica-realizaran-seminario-internacional-sobre-sustentabilidad-agroambiental-de-suelos\/#breadcrumb"},"inLanguage":"es","potentialAction":[{"@type":"ReadAction","target":["https:\/\/www.mundoagropecuario.cl\/new\/sag-e-iica-realizaran-seminario-internacional-sobre-sustentabilidad-agroambiental-de-suelos\/"]}]},{"@type":"ImageObject","inLanguage":"es","@id":"https:\/\/www.mundoagropecuario.cl\/new\/sag-e-iica-realizaran-seminario-internacional-sobre-sustentabilidad-agroambiental-de-suelos\/#primaryimage","url":"https:\/\/www.mundoagropecuario.cl\/new\/wp-content\/uploads\/2019\/05\/suelos-UACh-1.jpg","contentUrl":"https:\/\/www.mundoagropecuario.cl\/new\/wp-content\/uploads\/2019\/05\/suelos-UACh-1.jpg","width":533,"height":400},{"@type":"BreadcrumbList","@id":"https:\/\/www.mundoagropecuario.cl\/new\/sag-e-iica-realizaran-seminario-internacional-sobre-sustentabilidad-agroambiental-de-suelos\/#breadcrumb","itemListElement":[{"@type":"ListItem","position":1,"name":"Portada","item":"https:\/\/www.mundoagropecuario.cl\/new\/"},{"@type":"ListItem","position":2,"name":"SAG e IICA realizar\u00e1n seminario internacional sobre Sustentabilidad Agroambiental de Suelos"}]},{"@type":"WebSite","@id":"https:\/\/www.mundoagropecuario.cl\/new\/#website","url":"https:\/\/www.mundoagropecuario.cl\/new\/","name":"Mundoagropecuario","description":"Mundo Agropecuario","publisher":{"@id":"https:\/\/www.mundoagropecuario.cl\/new\/#organization"},"potentialAction":[{"@type":"SearchAction","target":{"@type":"EntryPoint","urlTemplate":"https:\/\/www.mundoagropecuario.cl\/new\/?s={search_term_string}"},"query-input":{"@type":"PropertyValueSpecification","valueRequired":true,"valueName":"search_term_string"}}],"inLanguage":"es"},{"@type":"Organization","@id":"https:\/\/www.mundoagropecuario.cl\/new\/#organization","name":"Revista de Agricultura","url":"https:\/\/www.mundoagropecuario.cl\/new\/","logo":{"@type":"ImageObject","inLanguage":"es","@id":"https:\/\/www.mundoagropecuario.cl\/new\/#\/schema\/logo\/image\/","url":"https:\/\/www.mundoagropecuario.cl\/new\/wp-content\/uploads\/2020\/11\/PORTAL-1-1.png","contentUrl":"https:\/\/www.mundoagropecuario.cl\/new\/wp-content\/uploads\/2020\/11\/PORTAL-1-1.png","width":1026,"height":100,"caption":"Revista de Agricultura"},"image":{"@id":"https:\/\/www.mundoagropecuario.cl\/new\/#\/schema\/logo\/image\/"},"sameAs":["https:\/\/www.facebook.com\/mundo.agropecuario.3","https:\/\/x.com\/MundoAgropecuar","https:\/\/www.linkedin.com\/in\/mundo-agropecuario-934009201\/"]},{"@type":"Person","@id":"https:\/\/www.mundoagropecuario.cl\/new\/#\/schema\/person\/4e9f74a82a7dac260eb1c44b7eebeb18","name":"mundo","url":"https:\/\/www.mundoagropecuario.cl\/new\/author\/mundo\/"}]}},"_links":{"self":[{"href":"https:\/\/www.mundoagropecuario.cl\/new\/wp-json\/wp\/v2\/posts\/18469","targetHints":{"allow":["GET"]}}],"collection":[{"href":"https:\/\/www.mundoagropecuario.cl\/new\/wp-json\/wp\/v2\/posts"}],"about":[{"href":"https:\/\/www.mundoagropecuario.cl\/new\/wp-json\/wp\/v2\/types\/post"}],"author":[{"embeddable":true,"href":"https:\/\/www.mundoagropecuario.cl\/new\/wp-json\/wp\/v2\/users\/2"}],"replies":[{"embeddable":true,"href":"https:\/\/www.mundoagropecuario.cl\/new\/wp-json\/wp\/v2\/comments?post=18469"}],"version-history":[{"count":1,"href":"https:\/\/www.mundoagropecuario.cl\/new\/wp-json\/wp\/v2\/posts\/18469\/revisions"}],"predecessor-version":[{"id":18470,"href":"https:\/\/www.mundoagropecuario.cl\/new\/wp-json\/wp\/v2\/posts\/18469\/revisions\/18470"}],"wp:featuredmedia":[{"embeddable":true,"href":"https:\/\/www.mundoagropecuario.cl\/new\/wp-json\/wp\/v2\/media\/12136"}],"wp:attachment":[{"href":"https:\/\/www.mundoagropecuario.cl\/new\/wp-json\/wp\/v2\/media?parent=18469"}],"wp:term":[{"taxonomy":"category","embeddable":true,"href":"https:\/\/www.mundoagropecuario.cl\/new\/wp-json\/wp\/v2\/categories?post=18469"},{"taxonomy":"post_tag","embeddable":true,"href":"https:\/\/www.mundoagropecuario.cl\/new\/wp-json\/wp\/v2\/tags?post=18469"}],"curies":[{"name":"wp","href":"https:\/\/api.w.org\/{rel}","templated":true}]}}