{"id":18459,"date":"2021-03-30T11:21:35","date_gmt":"2021-03-30T14:21:35","guid":{"rendered":"https:\/\/www.mundoagropecuario.cl\/new\/?p=18459"},"modified":"2021-04-05T11:07:09","modified_gmt":"2021-04-05T14:07:09","slug":"estiman-crecimiento-de-un-6-en-las-exportaciones-de-citricos-para-temporada-2021","status":"publish","type":"post","link":"https:\/\/www.mundoagropecuario.cl\/new\/estiman-crecimiento-de-un-6-en-las-exportaciones-de-citricos-para-temporada-2021\/","title":{"rendered":"Estiman crecimiento de un 6% en las exportaciones de c\u00edtricos para temporada 2021"},"content":{"rendered":"<blockquote>\n<h2><span style=\"color: #008000;\">La mayor alza se presentar\u00e1 en las mandarinas, seguido por las clementinas. En tanto las naranjas no presentar\u00e1n variaci\u00f3n.<\/span><\/h2>\n<\/blockquote>\n<p>El Comit\u00e9 de C\u00edtricos Asoex, prev\u00e9 para la temporada 2021 un aumento del 6% en el volumen en las exportaciones de c\u00edtricos. Lo que se traduce a un volumen total de env\u00edos de 387.000 toneladas. Las mismas estimaciones indican que la mayor alza ser\u00e1 por parte de las mandarinas, con una variaci\u00f3n de 11%, de acuerdo a la temporada anterior, seguido por las clementinas con 7%. En cuanto a los limones presentar\u00e1n una variaci\u00f3n del 3%, mientras las naranjas no tendr\u00e1n variaci\u00f3n.<\/p>\n<p><a href=\"https:\/\/www.mundoagropecuario.cl\/new\/wp-content\/uploads\/2021\/03\/naranjas-2.jpeg\"><img loading=\"lazy\" decoding=\"async\" class=\" wp-image-18464 alignright\" src=\"https:\/\/www.mundoagropecuario.cl\/new\/wp-content\/uploads\/2021\/03\/naranjas-2.jpeg\" alt=\"\" width=\"429\" height=\"192\" \/><\/a>El aumento de las exportaciones de los c\u00edtricos se debe al aumento de las plantaciones durante la \u00faltima d\u00e9cada. \u201cEn total hay 22.230 hect\u00e1reas plantadas, de las cu\u00e1les 8.427 corresponden a plantaciones de mandarinas, 7.376 hect\u00e1reas de limones,\u00a0 6.260 de naranjas, y 167 de pomelos \u201d, comenta Juan Enrique Ort\u00fazar, presidente del Comit\u00e9 de C\u00edtricos.<\/p>\n<p><strong><span style=\"color: #008000;\">Por especie<\/span><\/strong><\/p>\n<p>Las clementinas tendr\u00e1n un volumen de exportaci\u00f3n de 55.000 toneladas, lo que equivale a un crecimiento de 7% en comparaci\u00f3n a la temporada anterior. Mientras que el volumen de exportaci\u00f3n para las mandarinas ser\u00e1 de 145.000 toneladas, lo que se traduce en un aumento del 11%, en comparaci\u00f3n al per\u00edodo anterior.<\/p>\n<p><a href=\"https:\/\/www.mundoagropecuario.cl\/new\/wp-content\/uploads\/2021\/03\/naranjas-.jpeg\"><img loading=\"lazy\" decoding=\"async\" class=\" wp-image-18463 alignleft\" src=\"https:\/\/www.mundoagropecuario.cl\/new\/wp-content\/uploads\/2021\/03\/naranjas-.jpeg\" alt=\"\" width=\"303\" height=\"250\" \/><\/a>Las naranjas mantendr\u00e1n las exportaciones de la temporada anterior, con env\u00edos de 89.000 toneladas.<\/p>\n<p>Finalmente, en cuanto a los limones, las exportaciones crecer\u00e1n en un 3%, y se espera el env\u00edo de 98.000 toneladas, para este a\u00f1o.<\/p>\n<p>Juan Enrique Ort\u00fazar, asegura que las estimaciones son favorables y se deben a las mayores lluvias del a\u00f1o 2020 en la zona Central y la reserva de agua en los embalses del norte chico. \u201cLas lluvias del a\u00f1o pasado nos dan mayor tranquilidad para enfrentar esta temporada con menor incertidumbre a la anterior y proyectarla con optimismo\u201d.<\/p>\n<p><strong><span style=\"color: #008000;\">Mercados de destino<\/span><\/strong><\/p>\n<p><a href=\"https:\/\/www.mundoagropecuario.cl\/new\/wp-content\/uploads\/2021\/03\/limones.jpeg\"><img loading=\"lazy\" decoding=\"async\" class=\" wp-image-18465 alignright\" src=\"https:\/\/www.mundoagropecuario.cl\/new\/wp-content\/uploads\/2021\/03\/limones-586x391.jpeg\" alt=\"\" width=\"509\" height=\"278\" \/><\/a>En cuanto a los mercados, Estados Unidos es el principal mercado de destino, recibiendo cerca del 85% del total de los env\u00edos. Le sigue el Lejano Oriente y Europa, que representan cerca del 9% y 3% respectivamente. Con participaciones inferiores se encuentran Canad\u00e1, Latinoam\u00e9rica y Medio Oriente.<\/p>\n<p>En cuanto a China, mercado que abri\u00f3 las puertas a los c\u00edtricos durante la temporada 2020, el a\u00f1o pasado el total de los env\u00edos lleg\u00f3 a 1.031 toneladas de mandarinas, 404 toneladas de naranjas, 46 toneladas de clementinas, y 5.650 toneladas de limones.<\/p>\n<p><a href=\"https:\/\/www.mundoagropecuario.cl\/new\/wp-content\/uploads\/2021\/03\/Cuadro-Citricos-.png\"><img loading=\"lazy\" decoding=\"async\" class=\"alignnone size-full wp-image-18462\" src=\"https:\/\/www.mundoagropecuario.cl\/new\/wp-content\/uploads\/2021\/03\/Cuadro-Citricos-.png\" alt=\"\" width=\"428\" height=\"187\" \/><\/a><\/p>\n<p><strong><span style=\"color: #008000;\">\u00a0Fuente: Comit\u00e9 de C\u00edtricos Asoex<\/span><\/strong><\/p>\n","protected":false},"excerpt":{"rendered":"<p>El Comit\u00e9 de C\u00edtricos Asoex, prev\u00e9 para la temporada 2021 un aumento del 6% en el volumen en las exportaciones de c\u00edtricos. Lo que se traduce a un volumen total de env\u00edos de 387.000 toneladas.<\/p>\n","protected":false},"author":2,"featured_media":18460,"comment_status":"closed","ping_status":"closed","sticky":false,"template":"","format":"standard","meta":{"footnotes":""},"categories":[1986],"tags":[2177,2624,2868,2245,2714,2035,2602],"class_list":["post-18459","post","type-post","status-publish","format-standard","has-post-thumbnail","hentry","category-frutas","tag-asoex","tag-citricos","tag-clementinas","tag-frutas","tag-limones","tag-minagri","tag-naranjas"],"yoast_head":"<!-- This site is optimized with the Yoast SEO plugin v26.6 - https:\/\/yoast.com\/wordpress\/plugins\/seo\/ -->\n<title>Estiman crecimiento de un 6% en las exportaciones de c\u00edtricos para temporada 2021 - Mundoagropecuario<\/title>\n<meta name=\"description\" content=\"Crecimiento de un 6% en las exportaciones de c\u00edtricos, la mayor alza se presentar\u00e1 en las mandarinas, seguido por las clementinas ASOEX\" \/>\n<meta name=\"robots\" content=\"index, follow, max-snippet:-1, max-image-preview:large, max-video-preview:-1\" \/>\n<link rel=\"canonical\" href=\"https:\/\/www.mundoagropecuario.cl\/new\/estiman-crecimiento-de-un-6-en-las-exportaciones-de-citricos-para-temporada-2021\/\" \/>\n<meta property=\"og:locale\" content=\"es_ES\" \/>\n<meta property=\"og:type\" content=\"article\" \/>\n<meta property=\"og:title\" content=\"Estiman crecimiento de un 6% en las exportaciones de c\u00edtricos para temporada 2021 - Mundoagropecuario\" \/>\n<meta property=\"og:description\" content=\"Crecimiento de un 6% en las exportaciones de c\u00edtricos, la mayor alza se presentar\u00e1 en las mandarinas, seguido por las clementinas ASOEX\" \/>\n<meta property=\"og:url\" content=\"https:\/\/www.mundoagropecuario.cl\/new\/estiman-crecimiento-de-un-6-en-las-exportaciones-de-citricos-para-temporada-2021\/\" \/>\n<meta property=\"og:site_name\" content=\"Mundoagropecuario\" \/>\n<meta property=\"article:publisher\" content=\"https:\/\/www.facebook.com\/mundo.agropecuario.3\" \/>\n<meta property=\"article:published_time\" content=\"2021-03-30T14:21:35+00:00\" \/>\n<meta property=\"article:modified_time\" content=\"2021-04-05T14:07:09+00:00\" \/>\n<meta property=\"og:image\" content=\"https:\/\/www.mundoagropecuario.cl\/new\/wp-content\/uploads\/2021\/03\/CITRICOS.png\" \/>\n\t<meta property=\"og:image:width\" content=\"1024\" \/>\n\t<meta property=\"og:image:height\" content=\"579\" \/>\n\t<meta property=\"og:image:type\" content=\"image\/png\" \/>\n<meta name=\"author\" content=\"mundo\" \/>\n<meta name=\"twitter:card\" content=\"summary_large_image\" \/>\n<meta name=\"twitter:creator\" content=\"@MundoAgropecuar\" \/>\n<meta name=\"twitter:site\" content=\"@MundoAgropecuar\" \/>\n<meta name=\"twitter:label1\" content=\"Escrito por\" \/>\n\t<meta name=\"twitter:data1\" content=\"mundo\" \/>\n\t<meta name=\"twitter:label2\" content=\"Tiempo de lectura\" \/>\n\t<meta name=\"twitter:data2\" content=\"3 minutos\" \/>\n<script type=\"application\/ld+json\" class=\"yoast-schema-graph\">{\"@context\":\"https:\/\/schema.org\",\"@graph\":[{\"@type\":\"Article\",\"@id\":\"https:\/\/www.mundoagropecuario.cl\/new\/estiman-crecimiento-de-un-6-en-las-exportaciones-de-citricos-para-temporada-2021\/#article\",\"isPartOf\":{\"@id\":\"https:\/\/www.mundoagropecuario.cl\/new\/estiman-crecimiento-de-un-6-en-las-exportaciones-de-citricos-para-temporada-2021\/\"},\"author\":{\"name\":\"mundo\",\"@id\":\"https:\/\/www.mundoagropecuario.cl\/new\/#\/schema\/person\/4e9f74a82a7dac260eb1c44b7eebeb18\"},\"headline\":\"Estiman crecimiento de un 6% en las exportaciones de c\u00edtricos para temporada 2021\",\"datePublished\":\"2021-03-30T14:21:35+00:00\",\"dateModified\":\"2021-04-05T14:07:09+00:00\",\"mainEntityOfPage\":{\"@id\":\"https:\/\/www.mundoagropecuario.cl\/new\/estiman-crecimiento-de-un-6-en-las-exportaciones-de-citricos-para-temporada-2021\/\"},\"wordCount\":422,\"publisher\":{\"@id\":\"https:\/\/www.mundoagropecuario.cl\/new\/#organization\"},\"image\":{\"@id\":\"https:\/\/www.mundoagropecuario.cl\/new\/estiman-crecimiento-de-un-6-en-las-exportaciones-de-citricos-para-temporada-2021\/#primaryimage\"},\"thumbnailUrl\":\"https:\/\/www.mundoagropecuario.cl\/new\/wp-content\/uploads\/2021\/03\/CITRICOS.png\",\"keywords\":[\"Asoex\",\"c\u00edtricos\",\"clementinas\",\"Frutas\",\"limones\",\"Minagri\",\"naranjas\"],\"articleSection\":[\"Frutas\"],\"inLanguage\":\"es\"},{\"@type\":\"WebPage\",\"@id\":\"https:\/\/www.mundoagropecuario.cl\/new\/estiman-crecimiento-de-un-6-en-las-exportaciones-de-citricos-para-temporada-2021\/\",\"url\":\"https:\/\/www.mundoagropecuario.cl\/new\/estiman-crecimiento-de-un-6-en-las-exportaciones-de-citricos-para-temporada-2021\/\",\"name\":\"Estiman crecimiento de un 6% en las exportaciones de c\u00edtricos para temporada 2021 - Mundoagropecuario\",\"isPartOf\":{\"@id\":\"https:\/\/www.mundoagropecuario.cl\/new\/#website\"},\"primaryImageOfPage\":{\"@id\":\"https:\/\/www.mundoagropecuario.cl\/new\/estiman-crecimiento-de-un-6-en-las-exportaciones-de-citricos-para-temporada-2021\/#primaryimage\"},\"image\":{\"@id\":\"https:\/\/www.mundoagropecuario.cl\/new\/estiman-crecimiento-de-un-6-en-las-exportaciones-de-citricos-para-temporada-2021\/#primaryimage\"},\"thumbnailUrl\":\"https:\/\/www.mundoagropecuario.cl\/new\/wp-content\/uploads\/2021\/03\/CITRICOS.png\",\"datePublished\":\"2021-03-30T14:21:35+00:00\",\"dateModified\":\"2021-04-05T14:07:09+00:00\",\"description\":\"Crecimiento de un 6% en las exportaciones de c\u00edtricos, la mayor alza se presentar\u00e1 en las mandarinas, seguido por las clementinas ASOEX\",\"breadcrumb\":{\"@id\":\"https:\/\/www.mundoagropecuario.cl\/new\/estiman-crecimiento-de-un-6-en-las-exportaciones-de-citricos-para-temporada-2021\/#breadcrumb\"},\"inLanguage\":\"es\",\"potentialAction\":[{\"@type\":\"ReadAction\",\"target\":[\"https:\/\/www.mundoagropecuario.cl\/new\/estiman-crecimiento-de-un-6-en-las-exportaciones-de-citricos-para-temporada-2021\/\"]}]},{\"@type\":\"ImageObject\",\"inLanguage\":\"es\",\"@id\":\"https:\/\/www.mundoagropecuario.cl\/new\/estiman-crecimiento-de-un-6-en-las-exportaciones-de-citricos-para-temporada-2021\/#primaryimage\",\"url\":\"https:\/\/www.mundoagropecuario.cl\/new\/wp-content\/uploads\/2021\/03\/CITRICOS.png\",\"contentUrl\":\"https:\/\/www.mundoagropecuario.cl\/new\/wp-content\/uploads\/2021\/03\/CITRICOS.png\",\"width\":707,\"height\":400},{\"@type\":\"BreadcrumbList\",\"@id\":\"https:\/\/www.mundoagropecuario.cl\/new\/estiman-crecimiento-de-un-6-en-las-exportaciones-de-citricos-para-temporada-2021\/#breadcrumb\",\"itemListElement\":[{\"@type\":\"ListItem\",\"position\":1,\"name\":\"Portada\",\"item\":\"https:\/\/www.mundoagropecuario.cl\/new\/\"},{\"@type\":\"ListItem\",\"position\":2,\"name\":\"Estiman crecimiento de un 6% en las exportaciones de c\u00edtricos para temporada 2021\"}]},{\"@type\":\"WebSite\",\"@id\":\"https:\/\/www.mundoagropecuario.cl\/new\/#website\",\"url\":\"https:\/\/www.mundoagropecuario.cl\/new\/\",\"name\":\"Mundoagropecuario\",\"description\":\"Mundo Agropecuario\",\"publisher\":{\"@id\":\"https:\/\/www.mundoagropecuario.cl\/new\/#organization\"},\"potentialAction\":[{\"@type\":\"SearchAction\",\"target\":{\"@type\":\"EntryPoint\",\"urlTemplate\":\"https:\/\/www.mundoagropecuario.cl\/new\/?s={search_term_string}\"},\"query-input\":{\"@type\":\"PropertyValueSpecification\",\"valueRequired\":true,\"valueName\":\"search_term_string\"}}],\"inLanguage\":\"es\"},{\"@type\":\"Organization\",\"@id\":\"https:\/\/www.mundoagropecuario.cl\/new\/#organization\",\"name\":\"Revista de Agricultura\",\"url\":\"https:\/\/www.mundoagropecuario.cl\/new\/\",\"logo\":{\"@type\":\"ImageObject\",\"inLanguage\":\"es\",\"@id\":\"https:\/\/www.mundoagropecuario.cl\/new\/#\/schema\/logo\/image\/\",\"url\":\"https:\/\/www.mundoagropecuario.cl\/new\/wp-content\/uploads\/2020\/11\/PORTAL-1-1.png\",\"contentUrl\":\"https:\/\/www.mundoagropecuario.cl\/new\/wp-content\/uploads\/2020\/11\/PORTAL-1-1.png\",\"width\":1026,\"height\":100,\"caption\":\"Revista de Agricultura\"},\"image\":{\"@id\":\"https:\/\/www.mundoagropecuario.cl\/new\/#\/schema\/logo\/image\/\"},\"sameAs\":[\"https:\/\/www.facebook.com\/mundo.agropecuario.3\",\"https:\/\/x.com\/MundoAgropecuar\",\"https:\/\/www.linkedin.com\/in\/mundo-agropecuario-934009201\/\"]},{\"@type\":\"Person\",\"@id\":\"https:\/\/www.mundoagropecuario.cl\/new\/#\/schema\/person\/4e9f74a82a7dac260eb1c44b7eebeb18\",\"name\":\"mundo\",\"url\":\"https:\/\/www.mundoagropecuario.cl\/new\/author\/mundo\/\"}]}<\/script>\n<!-- \/ Yoast SEO plugin. -->","yoast_head_json":{"title":"Estiman crecimiento de un 6% en las exportaciones de c\u00edtricos para temporada 2021 - Mundoagropecuario","description":"Crecimiento de un 6% en las exportaciones de c\u00edtricos, la mayor alza se presentar\u00e1 en las mandarinas, seguido por las clementinas ASOEX","robots":{"index":"index","follow":"follow","max-snippet":"max-snippet:-1","max-image-preview":"max-image-preview:large","max-video-preview":"max-video-preview:-1"},"canonical":"https:\/\/www.mundoagropecuario.cl\/new\/estiman-crecimiento-de-un-6-en-las-exportaciones-de-citricos-para-temporada-2021\/","og_locale":"es_ES","og_type":"article","og_title":"Estiman crecimiento de un 6% en las exportaciones de c\u00edtricos para temporada 2021 - Mundoagropecuario","og_description":"Crecimiento de un 6% en las exportaciones de c\u00edtricos, la mayor alza se presentar\u00e1 en las mandarinas, seguido por las clementinas ASOEX","og_url":"https:\/\/www.mundoagropecuario.cl\/new\/estiman-crecimiento-de-un-6-en-las-exportaciones-de-citricos-para-temporada-2021\/","og_site_name":"Mundoagropecuario","article_publisher":"https:\/\/www.facebook.com\/mundo.agropecuario.3","article_published_time":"2021-03-30T14:21:35+00:00","article_modified_time":"2021-04-05T14:07:09+00:00","og_image":[{"width":1024,"height":579,"url":"https:\/\/www.mundoagropecuario.cl\/new\/wp-content\/uploads\/2021\/03\/CITRICOS.png","type":"image\/png"}],"author":"mundo","twitter_card":"summary_large_image","twitter_creator":"@MundoAgropecuar","twitter_site":"@MundoAgropecuar","twitter_misc":{"Escrito por":"mundo","Tiempo de lectura":"3 minutos"},"schema":{"@context":"https:\/\/schema.org","@graph":[{"@type":"Article","@id":"https:\/\/www.mundoagropecuario.cl\/new\/estiman-crecimiento-de-un-6-en-las-exportaciones-de-citricos-para-temporada-2021\/#article","isPartOf":{"@id":"https:\/\/www.mundoagropecuario.cl\/new\/estiman-crecimiento-de-un-6-en-las-exportaciones-de-citricos-para-temporada-2021\/"},"author":{"name":"mundo","@id":"https:\/\/www.mundoagropecuario.cl\/new\/#\/schema\/person\/4e9f74a82a7dac260eb1c44b7eebeb18"},"headline":"Estiman crecimiento de un 6% en las exportaciones de c\u00edtricos para temporada 2021","datePublished":"2021-03-30T14:21:35+00:00","dateModified":"2021-04-05T14:07:09+00:00","mainEntityOfPage":{"@id":"https:\/\/www.mundoagropecuario.cl\/new\/estiman-crecimiento-de-un-6-en-las-exportaciones-de-citricos-para-temporada-2021\/"},"wordCount":422,"publisher":{"@id":"https:\/\/www.mundoagropecuario.cl\/new\/#organization"},"image":{"@id":"https:\/\/www.mundoagropecuario.cl\/new\/estiman-crecimiento-de-un-6-en-las-exportaciones-de-citricos-para-temporada-2021\/#primaryimage"},"thumbnailUrl":"https:\/\/www.mundoagropecuario.cl\/new\/wp-content\/uploads\/2021\/03\/CITRICOS.png","keywords":["Asoex","c\u00edtricos","clementinas","Frutas","limones","Minagri","naranjas"],"articleSection":["Frutas"],"inLanguage":"es"},{"@type":"WebPage","@id":"https:\/\/www.mundoagropecuario.cl\/new\/estiman-crecimiento-de-un-6-en-las-exportaciones-de-citricos-para-temporada-2021\/","url":"https:\/\/www.mundoagropecuario.cl\/new\/estiman-crecimiento-de-un-6-en-las-exportaciones-de-citricos-para-temporada-2021\/","name":"Estiman crecimiento de un 6% en las exportaciones de c\u00edtricos para temporada 2021 - Mundoagropecuario","isPartOf":{"@id":"https:\/\/www.mundoagropecuario.cl\/new\/#website"},"primaryImageOfPage":{"@id":"https:\/\/www.mundoagropecuario.cl\/new\/estiman-crecimiento-de-un-6-en-las-exportaciones-de-citricos-para-temporada-2021\/#primaryimage"},"image":{"@id":"https:\/\/www.mundoagropecuario.cl\/new\/estiman-crecimiento-de-un-6-en-las-exportaciones-de-citricos-para-temporada-2021\/#primaryimage"},"thumbnailUrl":"https:\/\/www.mundoagropecuario.cl\/new\/wp-content\/uploads\/2021\/03\/CITRICOS.png","datePublished":"2021-03-30T14:21:35+00:00","dateModified":"2021-04-05T14:07:09+00:00","description":"Crecimiento de un 6% en las exportaciones de c\u00edtricos, la mayor alza se presentar\u00e1 en las mandarinas, seguido por las clementinas ASOEX","breadcrumb":{"@id":"https:\/\/www.mundoagropecuario.cl\/new\/estiman-crecimiento-de-un-6-en-las-exportaciones-de-citricos-para-temporada-2021\/#breadcrumb"},"inLanguage":"es","potentialAction":[{"@type":"ReadAction","target":["https:\/\/www.mundoagropecuario.cl\/new\/estiman-crecimiento-de-un-6-en-las-exportaciones-de-citricos-para-temporada-2021\/"]}]},{"@type":"ImageObject","inLanguage":"es","@id":"https:\/\/www.mundoagropecuario.cl\/new\/estiman-crecimiento-de-un-6-en-las-exportaciones-de-citricos-para-temporada-2021\/#primaryimage","url":"https:\/\/www.mundoagropecuario.cl\/new\/wp-content\/uploads\/2021\/03\/CITRICOS.png","contentUrl":"https:\/\/www.mundoagropecuario.cl\/new\/wp-content\/uploads\/2021\/03\/CITRICOS.png","width":707,"height":400},{"@type":"BreadcrumbList","@id":"https:\/\/www.mundoagropecuario.cl\/new\/estiman-crecimiento-de-un-6-en-las-exportaciones-de-citricos-para-temporada-2021\/#breadcrumb","itemListElement":[{"@type":"ListItem","position":1,"name":"Portada","item":"https:\/\/www.mundoagropecuario.cl\/new\/"},{"@type":"ListItem","position":2,"name":"Estiman crecimiento de un 6% en las exportaciones de c\u00edtricos para temporada 2021"}]},{"@type":"WebSite","@id":"https:\/\/www.mundoagropecuario.cl\/new\/#website","url":"https:\/\/www.mundoagropecuario.cl\/new\/","name":"Mundoagropecuario","description":"Mundo Agropecuario","publisher":{"@id":"https:\/\/www.mundoagropecuario.cl\/new\/#organization"},"potentialAction":[{"@type":"SearchAction","target":{"@type":"EntryPoint","urlTemplate":"https:\/\/www.mundoagropecuario.cl\/new\/?s={search_term_string}"},"query-input":{"@type":"PropertyValueSpecification","valueRequired":true,"valueName":"search_term_string"}}],"inLanguage":"es"},{"@type":"Organization","@id":"https:\/\/www.mundoagropecuario.cl\/new\/#organization","name":"Revista de Agricultura","url":"https:\/\/www.mundoagropecuario.cl\/new\/","logo":{"@type":"ImageObject","inLanguage":"es","@id":"https:\/\/www.mundoagropecuario.cl\/new\/#\/schema\/logo\/image\/","url":"https:\/\/www.mundoagropecuario.cl\/new\/wp-content\/uploads\/2020\/11\/PORTAL-1-1.png","contentUrl":"https:\/\/www.mundoagropecuario.cl\/new\/wp-content\/uploads\/2020\/11\/PORTAL-1-1.png","width":1026,"height":100,"caption":"Revista de Agricultura"},"image":{"@id":"https:\/\/www.mundoagropecuario.cl\/new\/#\/schema\/logo\/image\/"},"sameAs":["https:\/\/www.facebook.com\/mundo.agropecuario.3","https:\/\/x.com\/MundoAgropecuar","https:\/\/www.linkedin.com\/in\/mundo-agropecuario-934009201\/"]},{"@type":"Person","@id":"https:\/\/www.mundoagropecuario.cl\/new\/#\/schema\/person\/4e9f74a82a7dac260eb1c44b7eebeb18","name":"mundo","url":"https:\/\/www.mundoagropecuario.cl\/new\/author\/mundo\/"}]}},"_links":{"self":[{"href":"https:\/\/www.mundoagropecuario.cl\/new\/wp-json\/wp\/v2\/posts\/18459","targetHints":{"allow":["GET"]}}],"collection":[{"href":"https:\/\/www.mundoagropecuario.cl\/new\/wp-json\/wp\/v2\/posts"}],"about":[{"href":"https:\/\/www.mundoagropecuario.cl\/new\/wp-json\/wp\/v2\/types\/post"}],"author":[{"embeddable":true,"href":"https:\/\/www.mundoagropecuario.cl\/new\/wp-json\/wp\/v2\/users\/2"}],"replies":[{"embeddable":true,"href":"https:\/\/www.mundoagropecuario.cl\/new\/wp-json\/wp\/v2\/comments?post=18459"}],"version-history":[{"count":2,"href":"https:\/\/www.mundoagropecuario.cl\/new\/wp-json\/wp\/v2\/posts\/18459\/revisions"}],"predecessor-version":[{"id":18499,"href":"https:\/\/www.mundoagropecuario.cl\/new\/wp-json\/wp\/v2\/posts\/18459\/revisions\/18499"}],"wp:featuredmedia":[{"embeddable":true,"href":"https:\/\/www.mundoagropecuario.cl\/new\/wp-json\/wp\/v2\/media\/18460"}],"wp:attachment":[{"href":"https:\/\/www.mundoagropecuario.cl\/new\/wp-json\/wp\/v2\/media?parent=18459"}],"wp:term":[{"taxonomy":"category","embeddable":true,"href":"https:\/\/www.mundoagropecuario.cl\/new\/wp-json\/wp\/v2\/categories?post=18459"},{"taxonomy":"post_tag","embeddable":true,"href":"https:\/\/www.mundoagropecuario.cl\/new\/wp-json\/wp\/v2\/tags?post=18459"}],"curies":[{"name":"wp","href":"https:\/\/api.w.org\/{rel}","templated":true}]}}