{"id":18422,"date":"2021-03-26T10:27:44","date_gmt":"2021-03-26T13:27:44","guid":{"rendered":"https:\/\/www.mundoagropecuario.cl\/new\/?p=18422"},"modified":"2021-03-30T11:25:50","modified_gmt":"2021-03-30T14:25:50","slug":"proyecto-avicola-del-ipaam-se-adjudica-financiamiento-del-fondo-de-desarrollo-institucional-del-mineduc","status":"publish","type":"post","link":"https:\/\/www.mundoagropecuario.cl\/new\/proyecto-avicola-del-ipaam-se-adjudica-financiamiento-del-fondo-de-desarrollo-institucional-del-mineduc\/","title":{"rendered":"Proyecto av\u00edcola del IPAAM se adjudica financiamiento del fondo de desarrollo institucional del Mineduc \u00a0"},"content":{"rendered":"<blockquote>\n<h2><span style=\"color: #333300;\">La iniciativa permitir\u00e1 generar competencias en la t\u00e9cnica de producci\u00f3n de huevos bajo el sistema libre de jaulas o Free Range, a trav\u00e9s de la implementaci\u00f3n de una unidad av\u00edcola en dependencias del Instituto Profesional Agrario Adolfo Matthei.<\/span><\/h2>\n<\/blockquote>\n<p>Promover el desarrollo de la avicultura y las nuevas t\u00e9cnicas de producci\u00f3n sustentable de huevos es el objetivo central de un proyecto que el <strong><span style=\"color: #333300;\">Instituto Profesional Agrario Adolfo Matthei<\/span> <\/strong>postul\u00f3 al Fondo de Desarrollo Institucional (FDI), L\u00ednea de Emprendimiento Estudiantil, <strong><span style=\"color: #333300;\">adjudic\u00e1ndose financiamiento por parte del Mineduc por 7 millones 700 mil pesos.<\/span><\/strong><\/p>\n<p><a href=\"https:\/\/www.mundoagropecuario.cl\/new\/wp-content\/uploads\/2021\/03\/Proyecto-Avi\u0301cola-IPAAM-2-scaled.jpg\"><img loading=\"lazy\" decoding=\"async\" class=\" wp-image-18424 aligncenter\" src=\"https:\/\/www.mundoagropecuario.cl\/new\/wp-content\/uploads\/2021\/03\/Proyecto-Avi\u0301cola-IPAAM-2-586x284.jpg\" alt=\"\" width=\"742\" height=\"353\" \/><\/a><\/p>\n<p>Bajo el t\u00edtulo \u201cCreaci\u00f3n de una unidad av\u00edcola bajo el sistema libre de jaulas o Free Range en el Instituto Profesional Agrario Adolfo Matthei\u201d, la Casa de Estudios osornina present\u00f3 a la convocatoria ministerial una propuesta que nace de la idea de la estudiante de Ingenier\u00eda de Ejecuci\u00f3n en Agronom\u00eda, Flor Opazo, centrada generar competencias en las nuevas generaciones de t\u00e9cnicos y profesionales del agro en lo concerniente a las t\u00e9cnicas de producci\u00f3n de huevos, as\u00ed como tambi\u00e9n en las comunidades rurales productoras de la regi\u00f3n de Los Lagos.<\/p>\n<p>Con la adjudicaci\u00f3n de los fondos se desarrollar\u00e1n una serie de acciones, entre ellas, la instalaci\u00f3n de una unidad de aprendizaje av\u00edcola en las dependencias matthe\u00ednas, con la infraestructura necesaria para la producci\u00f3n de huevos, es decir, un gallinero con aireaci\u00f3n e iluminaci\u00f3n natural y artificial a trav\u00e9s de paneles solares fotovoltaico, \u00e1rea de incubaci\u00f3n, un \u00e1rea de cr\u00eda de pollitas, adem\u00e1s de un corral con cerco perimetral que albergar\u00e1 a 50 gallinas ponedoras de la raza Lohmann Color.<\/p>\n<p>En este espacio dedicado a la docencia pr\u00e1ctica se capacitar\u00e1n a 60 estudiantes del Instituto, y a la vez, se pretende difundir el manejo t\u00e9cnico av\u00edcola adecuado a 60 peque\u00f1os agricultores usuarios de Programas de Desarrollo Rural de las comunas de Hornopir\u00e9n, Achao, Calbuco y San Juan de la Costa. Asimismo, el proyecto considera la realizaci\u00f3n de un seminario donde se abordar\u00e1n los principales aspectos t\u00e9cnicos relacionados al <strong><span style=\"color: #333300;\">\u201cFree Range\u201d,<\/span><\/strong> y un programa de actividades de difusi\u00f3n de este sistema para la producci\u00f3n de huevos.<\/p>\n<p><a href=\"https:\/\/www.mundoagropecuario.cl\/new\/wp-content\/uploads\/2021\/03\/Proyecto-Avi\u0301cola-IPAAM.jpg\"><img loading=\"lazy\" decoding=\"async\" class=\" wp-image-18425 alignright\" src=\"https:\/\/www.mundoagropecuario.cl\/new\/wp-content\/uploads\/2021\/03\/Proyecto-Avi\u0301cola-IPAAM-586x343.jpg\" alt=\"\" width=\"517\" height=\"277\" \/><\/a>Desde el Instituto, la Unidad que apoyar\u00e1 a los estudiantes, tanto de la carrera de Ingenier\u00eda de Ejecuci\u00f3n en Agronom\u00eda como de T\u00e9cnico Experto Agrario, en el desarrollo del proyecto ser\u00e1 el Centro de Aprendizaje, Acompa\u00f1amiento y Desarrollo Estudiantil (CAADE), entidad que ser\u00e1 el nexo entre estos y las distintas unidades acad\u00e9micas institucionales, as\u00ed como tambi\u00e9n con la Unidad Did\u00e1ctica Hortofrut\u00edcola, donde se levantar\u00e1 la infraestructura para la ejecuci\u00f3n de este proyecto.<\/p>\n<p>Al respecto, <strong><span style=\"color: #333300;\">Patricio Arriagada, Encargado de la Unidad Did\u00e1ctica Hortofrut\u00edcola,<\/span><\/strong> coment\u00f3 que la iniciativa pretende preparar a alumnos y productores locales en el conocimiento de estos nuevos sistemas de producci\u00f3n de huevos, \u201cen atenci\u00f3n a que en los \u00faltimos a\u00f1os en Chile han surgido algunos emprendimientos que operan sistemas de alojamiento alternativos, priorizando el bienestar de las ponedoras. Estos se han estructurado en funci\u00f3n de los valores que comienzan a primar en las decisiones de compra de algunos grupos de consumidores chilenos y del mundo, para quienes la preocupaci\u00f3n por el bienestar de las aves ocupa un lugar predominante.<\/p>\n<p>Aquellos que han surgido respondiendo a estas preferencias incluyen a Ecoterra, Gallina Feliz y Yemita (La Granja), entre otros, cada uno ha procurado diferenciarse del otro en el mercado\u201d, explic\u00f3.<\/p>\n<p>Asimismo, coment\u00f3 que el \u201cFree Range\u201d es un nuevo sistema de producci\u00f3n de huevos que se est\u00e1 exigiendo en otras partes del mundo y que, en un futuro cercano, en nuestro pa\u00eds, exigir\u00e1 que el 100% de los huevos sean producidos bajo este sistema. \u201cLa gesti\u00f3n del modelo \u201cFree Range\u201d se ajusta a normativas de sustentabilidad ambiental, comercio justo y responsabilidad social.<\/p>\n<p>La certificaci\u00f3n de estos atributos en el marco de un sistema internacionalmente reconocido da sustentabilidad econ\u00f3mica y social al sistema. A trav\u00e9s de dichas certificaciones se avala la calidad del producto y las buenas pr\u00e1cticas de la empresa y sus asociados ante un segmento de consumidores\u201d, indic\u00f3 el profesional.<\/p>\n<p>Durante los 18 meses de duraci\u00f3n del proyecto, la responsable de su correcta ejecuci\u00f3n ser\u00e1 la propia gestora de la idea, <strong><span style=\"color: #333300;\">la estudiante Flor Opazo, en calidad de Coordinadora del Proyecto.<\/span><\/strong><\/p>\n","protected":false},"excerpt":{"rendered":"<p>Proyecto permite la producci\u00f3n de huevos,  bajo el sistema libre de jaulas o Free Range, a trav\u00e9s de la implementaci\u00f3n de una unidad av\u00edcola en dependencias del Instituto Profesional Agrario Adolfo Matthei de Osorno.<\/p>\n","protected":false},"author":2,"featured_media":18423,"comment_status":"closed","ping_status":"closed","sticky":false,"template":"","format":"standard","meta":{"footnotes":""},"categories":[1947],"tags":[2090,3127,5379,2666,2052,5377,5378,5376],"class_list":["post-18422","post","type-post","status-publish","format-standard","has-post-thumbnail","hentry","category-avicola","tag-agricultura","tag-agro","tag-fi","tag-huevos","tag-inia","tag-instituto-profesional-agrario-adolfo-matthei","tag-produccion-de-huevos","tag-proyecto-avicola-del-ipaam"],"yoast_head":"<!-- This site is optimized with the Yoast SEO plugin v26.6 - https:\/\/yoast.com\/wordpress\/plugins\/seo\/ -->\n<title>Proyecto av\u00edcola del IPAAM se adjudica financiamiento del fondo de desarrollo institucional del Mineduc \u00a0 - Mundoagropecuario<\/title>\n<meta name=\"description\" content=\"Proyecto av\u00edcola del IPAAM se adjudica financiamiento, para producci\u00f3n de huevos bajo el sistema libre de jaulas o Free Range\" \/>\n<meta name=\"robots\" content=\"index, follow, max-snippet:-1, max-image-preview:large, max-video-preview:-1\" \/>\n<link rel=\"canonical\" href=\"https:\/\/www.mundoagropecuario.cl\/new\/proyecto-avicola-del-ipaam-se-adjudica-financiamiento-del-fondo-de-desarrollo-institucional-del-mineduc\/\" \/>\n<meta property=\"og:locale\" content=\"es_ES\" \/>\n<meta property=\"og:type\" content=\"article\" \/>\n<meta property=\"og:title\" content=\"Proyecto av\u00edcola del IPAAM se adjudica financiamiento del fondo de desarrollo institucional del Mineduc \u00a0 - Mundoagropecuario\" \/>\n<meta property=\"og:description\" content=\"Proyecto av\u00edcola del IPAAM se adjudica financiamiento, para producci\u00f3n de huevos bajo el sistema libre de jaulas o Free Range\" \/>\n<meta property=\"og:url\" content=\"https:\/\/www.mundoagropecuario.cl\/new\/proyecto-avicola-del-ipaam-se-adjudica-financiamiento-del-fondo-de-desarrollo-institucional-del-mineduc\/\" \/>\n<meta property=\"og:site_name\" content=\"Mundoagropecuario\" \/>\n<meta property=\"article:publisher\" content=\"https:\/\/www.facebook.com\/mundo.agropecuario.3\" \/>\n<meta property=\"article:published_time\" content=\"2021-03-26T13:27:44+00:00\" \/>\n<meta property=\"article:modified_time\" content=\"2021-03-30T14:25:50+00:00\" \/>\n<meta property=\"og:image\" content=\"https:\/\/www.mundoagropecuario.cl\/new\/wp-content\/uploads\/2021\/03\/Proyecto-Avi\u0301cola-IPAAM-1.jpg\" \/>\n\t<meta property=\"og:image:width\" content=\"560\" \/>\n\t<meta property=\"og:image:height\" content=\"317\" \/>\n\t<meta property=\"og:image:type\" content=\"image\/jpeg\" \/>\n<meta name=\"author\" content=\"mundo\" \/>\n<meta name=\"twitter:card\" content=\"summary_large_image\" \/>\n<meta name=\"twitter:creator\" content=\"@MundoAgropecuar\" \/>\n<meta name=\"twitter:site\" content=\"@MundoAgropecuar\" \/>\n<meta name=\"twitter:label1\" content=\"Escrito por\" \/>\n\t<meta name=\"twitter:data1\" content=\"mundo\" \/>\n\t<meta name=\"twitter:label2\" content=\"Tiempo de lectura\" \/>\n\t<meta name=\"twitter:data2\" content=\"4 minutos\" \/>\n<script type=\"application\/ld+json\" class=\"yoast-schema-graph\">{\"@context\":\"https:\/\/schema.org\",\"@graph\":[{\"@type\":\"Article\",\"@id\":\"https:\/\/www.mundoagropecuario.cl\/new\/proyecto-avicola-del-ipaam-se-adjudica-financiamiento-del-fondo-de-desarrollo-institucional-del-mineduc\/#article\",\"isPartOf\":{\"@id\":\"https:\/\/www.mundoagropecuario.cl\/new\/proyecto-avicola-del-ipaam-se-adjudica-financiamiento-del-fondo-de-desarrollo-institucional-del-mineduc\/\"},\"author\":{\"name\":\"mundo\",\"@id\":\"https:\/\/www.mundoagropecuario.cl\/new\/#\/schema\/person\/4e9f74a82a7dac260eb1c44b7eebeb18\"},\"headline\":\"Proyecto av\u00edcola del IPAAM se adjudica financiamiento del fondo de desarrollo institucional del Mineduc \u00a0\",\"datePublished\":\"2021-03-26T13:27:44+00:00\",\"dateModified\":\"2021-03-30T14:25:50+00:00\",\"mainEntityOfPage\":{\"@id\":\"https:\/\/www.mundoagropecuario.cl\/new\/proyecto-avicola-del-ipaam-se-adjudica-financiamiento-del-fondo-de-desarrollo-institucional-del-mineduc\/\"},\"wordCount\":763,\"publisher\":{\"@id\":\"https:\/\/www.mundoagropecuario.cl\/new\/#organization\"},\"image\":{\"@id\":\"https:\/\/www.mundoagropecuario.cl\/new\/proyecto-avicola-del-ipaam-se-adjudica-financiamiento-del-fondo-de-desarrollo-institucional-del-mineduc\/#primaryimage\"},\"thumbnailUrl\":\"https:\/\/www.mundoagropecuario.cl\/new\/wp-content\/uploads\/2021\/03\/Proyecto-Avi\u0301cola-IPAAM-1.jpg\",\"keywords\":[\"Agricultura\",\"Agro\",\"FI\",\"huevos\",\"INIA\",\"Instituto Profesional Agrario Adolfo Matthei.\",\"producci\u00f3n de huevos\",\"Proyecto av\u00edcola del IPAAM\"],\"articleSection\":[\"Av\u00edcola\"],\"inLanguage\":\"es\"},{\"@type\":\"WebPage\",\"@id\":\"https:\/\/www.mundoagropecuario.cl\/new\/proyecto-avicola-del-ipaam-se-adjudica-financiamiento-del-fondo-de-desarrollo-institucional-del-mineduc\/\",\"url\":\"https:\/\/www.mundoagropecuario.cl\/new\/proyecto-avicola-del-ipaam-se-adjudica-financiamiento-del-fondo-de-desarrollo-institucional-del-mineduc\/\",\"name\":\"Proyecto av\u00edcola del IPAAM se adjudica financiamiento del fondo de desarrollo institucional del Mineduc \u00a0 - Mundoagropecuario\",\"isPartOf\":{\"@id\":\"https:\/\/www.mundoagropecuario.cl\/new\/#website\"},\"primaryImageOfPage\":{\"@id\":\"https:\/\/www.mundoagropecuario.cl\/new\/proyecto-avicola-del-ipaam-se-adjudica-financiamiento-del-fondo-de-desarrollo-institucional-del-mineduc\/#primaryimage\"},\"image\":{\"@id\":\"https:\/\/www.mundoagropecuario.cl\/new\/proyecto-avicola-del-ipaam-se-adjudica-financiamiento-del-fondo-de-desarrollo-institucional-del-mineduc\/#primaryimage\"},\"thumbnailUrl\":\"https:\/\/www.mundoagropecuario.cl\/new\/wp-content\/uploads\/2021\/03\/Proyecto-Avi\u0301cola-IPAAM-1.jpg\",\"datePublished\":\"2021-03-26T13:27:44+00:00\",\"dateModified\":\"2021-03-30T14:25:50+00:00\",\"description\":\"Proyecto av\u00edcola del IPAAM se adjudica financiamiento, para producci\u00f3n de huevos bajo el sistema libre de jaulas o Free Range\",\"breadcrumb\":{\"@id\":\"https:\/\/www.mundoagropecuario.cl\/new\/proyecto-avicola-del-ipaam-se-adjudica-financiamiento-del-fondo-de-desarrollo-institucional-del-mineduc\/#breadcrumb\"},\"inLanguage\":\"es\",\"potentialAction\":[{\"@type\":\"ReadAction\",\"target\":[\"https:\/\/www.mundoagropecuario.cl\/new\/proyecto-avicola-del-ipaam-se-adjudica-financiamiento-del-fondo-de-desarrollo-institucional-del-mineduc\/\"]}]},{\"@type\":\"ImageObject\",\"inLanguage\":\"es\",\"@id\":\"https:\/\/www.mundoagropecuario.cl\/new\/proyecto-avicola-del-ipaam-se-adjudica-financiamiento-del-fondo-de-desarrollo-institucional-del-mineduc\/#primaryimage\",\"url\":\"https:\/\/www.mundoagropecuario.cl\/new\/wp-content\/uploads\/2021\/03\/Proyecto-Avi\u0301cola-IPAAM-1.jpg\",\"contentUrl\":\"https:\/\/www.mundoagropecuario.cl\/new\/wp-content\/uploads\/2021\/03\/Proyecto-Avi\u0301cola-IPAAM-1.jpg\",\"width\":560,\"height\":317},{\"@type\":\"BreadcrumbList\",\"@id\":\"https:\/\/www.mundoagropecuario.cl\/new\/proyecto-avicola-del-ipaam-se-adjudica-financiamiento-del-fondo-de-desarrollo-institucional-del-mineduc\/#breadcrumb\",\"itemListElement\":[{\"@type\":\"ListItem\",\"position\":1,\"name\":\"Portada\",\"item\":\"https:\/\/www.mundoagropecuario.cl\/new\/\"},{\"@type\":\"ListItem\",\"position\":2,\"name\":\"Proyecto av\u00edcola del IPAAM se adjudica financiamiento del fondo de desarrollo institucional del Mineduc \u00a0\"}]},{\"@type\":\"WebSite\",\"@id\":\"https:\/\/www.mundoagropecuario.cl\/new\/#website\",\"url\":\"https:\/\/www.mundoagropecuario.cl\/new\/\",\"name\":\"Mundoagropecuario\",\"description\":\"Mundo Agropecuario\",\"publisher\":{\"@id\":\"https:\/\/www.mundoagropecuario.cl\/new\/#organization\"},\"potentialAction\":[{\"@type\":\"SearchAction\",\"target\":{\"@type\":\"EntryPoint\",\"urlTemplate\":\"https:\/\/www.mundoagropecuario.cl\/new\/?s={search_term_string}\"},\"query-input\":{\"@type\":\"PropertyValueSpecification\",\"valueRequired\":true,\"valueName\":\"search_term_string\"}}],\"inLanguage\":\"es\"},{\"@type\":\"Organization\",\"@id\":\"https:\/\/www.mundoagropecuario.cl\/new\/#organization\",\"name\":\"Revista de Agricultura\",\"url\":\"https:\/\/www.mundoagropecuario.cl\/new\/\",\"logo\":{\"@type\":\"ImageObject\",\"inLanguage\":\"es\",\"@id\":\"https:\/\/www.mundoagropecuario.cl\/new\/#\/schema\/logo\/image\/\",\"url\":\"https:\/\/www.mundoagropecuario.cl\/new\/wp-content\/uploads\/2020\/11\/PORTAL-1-1.png\",\"contentUrl\":\"https:\/\/www.mundoagropecuario.cl\/new\/wp-content\/uploads\/2020\/11\/PORTAL-1-1.png\",\"width\":1026,\"height\":100,\"caption\":\"Revista de Agricultura\"},\"image\":{\"@id\":\"https:\/\/www.mundoagropecuario.cl\/new\/#\/schema\/logo\/image\/\"},\"sameAs\":[\"https:\/\/www.facebook.com\/mundo.agropecuario.3\",\"https:\/\/x.com\/MundoAgropecuar\",\"https:\/\/www.linkedin.com\/in\/mundo-agropecuario-934009201\/\"]},{\"@type\":\"Person\",\"@id\":\"https:\/\/www.mundoagropecuario.cl\/new\/#\/schema\/person\/4e9f74a82a7dac260eb1c44b7eebeb18\",\"name\":\"mundo\",\"url\":\"https:\/\/www.mundoagropecuario.cl\/new\/author\/mundo\/\"}]}<\/script>\n<!-- \/ Yoast SEO plugin. -->","yoast_head_json":{"title":"Proyecto av\u00edcola del IPAAM se adjudica financiamiento del fondo de desarrollo institucional del Mineduc \u00a0 - Mundoagropecuario","description":"Proyecto av\u00edcola del IPAAM se adjudica financiamiento, para producci\u00f3n de huevos bajo el sistema libre de jaulas o Free Range","robots":{"index":"index","follow":"follow","max-snippet":"max-snippet:-1","max-image-preview":"max-image-preview:large","max-video-preview":"max-video-preview:-1"},"canonical":"https:\/\/www.mundoagropecuario.cl\/new\/proyecto-avicola-del-ipaam-se-adjudica-financiamiento-del-fondo-de-desarrollo-institucional-del-mineduc\/","og_locale":"es_ES","og_type":"article","og_title":"Proyecto av\u00edcola del IPAAM se adjudica financiamiento del fondo de desarrollo institucional del Mineduc \u00a0 - Mundoagropecuario","og_description":"Proyecto av\u00edcola del IPAAM se adjudica financiamiento, para producci\u00f3n de huevos bajo el sistema libre de jaulas o Free Range","og_url":"https:\/\/www.mundoagropecuario.cl\/new\/proyecto-avicola-del-ipaam-se-adjudica-financiamiento-del-fondo-de-desarrollo-institucional-del-mineduc\/","og_site_name":"Mundoagropecuario","article_publisher":"https:\/\/www.facebook.com\/mundo.agropecuario.3","article_published_time":"2021-03-26T13:27:44+00:00","article_modified_time":"2021-03-30T14:25:50+00:00","og_image":[{"width":560,"height":317,"url":"https:\/\/www.mundoagropecuario.cl\/new\/wp-content\/uploads\/2021\/03\/Proyecto-Avi\u0301cola-IPAAM-1.jpg","type":"image\/jpeg"}],"author":"mundo","twitter_card":"summary_large_image","twitter_creator":"@MundoAgropecuar","twitter_site":"@MundoAgropecuar","twitter_misc":{"Escrito por":"mundo","Tiempo de lectura":"4 minutos"},"schema":{"@context":"https:\/\/schema.org","@graph":[{"@type":"Article","@id":"https:\/\/www.mundoagropecuario.cl\/new\/proyecto-avicola-del-ipaam-se-adjudica-financiamiento-del-fondo-de-desarrollo-institucional-del-mineduc\/#article","isPartOf":{"@id":"https:\/\/www.mundoagropecuario.cl\/new\/proyecto-avicola-del-ipaam-se-adjudica-financiamiento-del-fondo-de-desarrollo-institucional-del-mineduc\/"},"author":{"name":"mundo","@id":"https:\/\/www.mundoagropecuario.cl\/new\/#\/schema\/person\/4e9f74a82a7dac260eb1c44b7eebeb18"},"headline":"Proyecto av\u00edcola del IPAAM se adjudica financiamiento del fondo de desarrollo institucional del Mineduc \u00a0","datePublished":"2021-03-26T13:27:44+00:00","dateModified":"2021-03-30T14:25:50+00:00","mainEntityOfPage":{"@id":"https:\/\/www.mundoagropecuario.cl\/new\/proyecto-avicola-del-ipaam-se-adjudica-financiamiento-del-fondo-de-desarrollo-institucional-del-mineduc\/"},"wordCount":763,"publisher":{"@id":"https:\/\/www.mundoagropecuario.cl\/new\/#organization"},"image":{"@id":"https:\/\/www.mundoagropecuario.cl\/new\/proyecto-avicola-del-ipaam-se-adjudica-financiamiento-del-fondo-de-desarrollo-institucional-del-mineduc\/#primaryimage"},"thumbnailUrl":"https:\/\/www.mundoagropecuario.cl\/new\/wp-content\/uploads\/2021\/03\/Proyecto-Avi\u0301cola-IPAAM-1.jpg","keywords":["Agricultura","Agro","FI","huevos","INIA","Instituto Profesional Agrario Adolfo Matthei.","producci\u00f3n de huevos","Proyecto av\u00edcola del IPAAM"],"articleSection":["Av\u00edcola"],"inLanguage":"es"},{"@type":"WebPage","@id":"https:\/\/www.mundoagropecuario.cl\/new\/proyecto-avicola-del-ipaam-se-adjudica-financiamiento-del-fondo-de-desarrollo-institucional-del-mineduc\/","url":"https:\/\/www.mundoagropecuario.cl\/new\/proyecto-avicola-del-ipaam-se-adjudica-financiamiento-del-fondo-de-desarrollo-institucional-del-mineduc\/","name":"Proyecto av\u00edcola del IPAAM se adjudica financiamiento del fondo de desarrollo institucional del Mineduc \u00a0 - Mundoagropecuario","isPartOf":{"@id":"https:\/\/www.mundoagropecuario.cl\/new\/#website"},"primaryImageOfPage":{"@id":"https:\/\/www.mundoagropecuario.cl\/new\/proyecto-avicola-del-ipaam-se-adjudica-financiamiento-del-fondo-de-desarrollo-institucional-del-mineduc\/#primaryimage"},"image":{"@id":"https:\/\/www.mundoagropecuario.cl\/new\/proyecto-avicola-del-ipaam-se-adjudica-financiamiento-del-fondo-de-desarrollo-institucional-del-mineduc\/#primaryimage"},"thumbnailUrl":"https:\/\/www.mundoagropecuario.cl\/new\/wp-content\/uploads\/2021\/03\/Proyecto-Avi\u0301cola-IPAAM-1.jpg","datePublished":"2021-03-26T13:27:44+00:00","dateModified":"2021-03-30T14:25:50+00:00","description":"Proyecto av\u00edcola del IPAAM se adjudica financiamiento, para producci\u00f3n de huevos bajo el sistema libre de jaulas o Free Range","breadcrumb":{"@id":"https:\/\/www.mundoagropecuario.cl\/new\/proyecto-avicola-del-ipaam-se-adjudica-financiamiento-del-fondo-de-desarrollo-institucional-del-mineduc\/#breadcrumb"},"inLanguage":"es","potentialAction":[{"@type":"ReadAction","target":["https:\/\/www.mundoagropecuario.cl\/new\/proyecto-avicola-del-ipaam-se-adjudica-financiamiento-del-fondo-de-desarrollo-institucional-del-mineduc\/"]}]},{"@type":"ImageObject","inLanguage":"es","@id":"https:\/\/www.mundoagropecuario.cl\/new\/proyecto-avicola-del-ipaam-se-adjudica-financiamiento-del-fondo-de-desarrollo-institucional-del-mineduc\/#primaryimage","url":"https:\/\/www.mundoagropecuario.cl\/new\/wp-content\/uploads\/2021\/03\/Proyecto-Avi\u0301cola-IPAAM-1.jpg","contentUrl":"https:\/\/www.mundoagropecuario.cl\/new\/wp-content\/uploads\/2021\/03\/Proyecto-Avi\u0301cola-IPAAM-1.jpg","width":560,"height":317},{"@type":"BreadcrumbList","@id":"https:\/\/www.mundoagropecuario.cl\/new\/proyecto-avicola-del-ipaam-se-adjudica-financiamiento-del-fondo-de-desarrollo-institucional-del-mineduc\/#breadcrumb","itemListElement":[{"@type":"ListItem","position":1,"name":"Portada","item":"https:\/\/www.mundoagropecuario.cl\/new\/"},{"@type":"ListItem","position":2,"name":"Proyecto av\u00edcola del IPAAM se adjudica financiamiento del fondo de desarrollo institucional del Mineduc \u00a0"}]},{"@type":"WebSite","@id":"https:\/\/www.mundoagropecuario.cl\/new\/#website","url":"https:\/\/www.mundoagropecuario.cl\/new\/","name":"Mundoagropecuario","description":"Mundo Agropecuario","publisher":{"@id":"https:\/\/www.mundoagropecuario.cl\/new\/#organization"},"potentialAction":[{"@type":"SearchAction","target":{"@type":"EntryPoint","urlTemplate":"https:\/\/www.mundoagropecuario.cl\/new\/?s={search_term_string}"},"query-input":{"@type":"PropertyValueSpecification","valueRequired":true,"valueName":"search_term_string"}}],"inLanguage":"es"},{"@type":"Organization","@id":"https:\/\/www.mundoagropecuario.cl\/new\/#organization","name":"Revista de Agricultura","url":"https:\/\/www.mundoagropecuario.cl\/new\/","logo":{"@type":"ImageObject","inLanguage":"es","@id":"https:\/\/www.mundoagropecuario.cl\/new\/#\/schema\/logo\/image\/","url":"https:\/\/www.mundoagropecuario.cl\/new\/wp-content\/uploads\/2020\/11\/PORTAL-1-1.png","contentUrl":"https:\/\/www.mundoagropecuario.cl\/new\/wp-content\/uploads\/2020\/11\/PORTAL-1-1.png","width":1026,"height":100,"caption":"Revista de Agricultura"},"image":{"@id":"https:\/\/www.mundoagropecuario.cl\/new\/#\/schema\/logo\/image\/"},"sameAs":["https:\/\/www.facebook.com\/mundo.agropecuario.3","https:\/\/x.com\/MundoAgropecuar","https:\/\/www.linkedin.com\/in\/mundo-agropecuario-934009201\/"]},{"@type":"Person","@id":"https:\/\/www.mundoagropecuario.cl\/new\/#\/schema\/person\/4e9f74a82a7dac260eb1c44b7eebeb18","name":"mundo","url":"https:\/\/www.mundoagropecuario.cl\/new\/author\/mundo\/"}]}},"_links":{"self":[{"href":"https:\/\/www.mundoagropecuario.cl\/new\/wp-json\/wp\/v2\/posts\/18422","targetHints":{"allow":["GET"]}}],"collection":[{"href":"https:\/\/www.mundoagropecuario.cl\/new\/wp-json\/wp\/v2\/posts"}],"about":[{"href":"https:\/\/www.mundoagropecuario.cl\/new\/wp-json\/wp\/v2\/types\/post"}],"author":[{"embeddable":true,"href":"https:\/\/www.mundoagropecuario.cl\/new\/wp-json\/wp\/v2\/users\/2"}],"replies":[{"embeddable":true,"href":"https:\/\/www.mundoagropecuario.cl\/new\/wp-json\/wp\/v2\/comments?post=18422"}],"version-history":[{"count":2,"href":"https:\/\/www.mundoagropecuario.cl\/new\/wp-json\/wp\/v2\/posts\/18422\/revisions"}],"predecessor-version":[{"id":18427,"href":"https:\/\/www.mundoagropecuario.cl\/new\/wp-json\/wp\/v2\/posts\/18422\/revisions\/18427"}],"wp:featuredmedia":[{"embeddable":true,"href":"https:\/\/www.mundoagropecuario.cl\/new\/wp-json\/wp\/v2\/media\/18423"}],"wp:attachment":[{"href":"https:\/\/www.mundoagropecuario.cl\/new\/wp-json\/wp\/v2\/media?parent=18422"}],"wp:term":[{"taxonomy":"category","embeddable":true,"href":"https:\/\/www.mundoagropecuario.cl\/new\/wp-json\/wp\/v2\/categories?post=18422"},{"taxonomy":"post_tag","embeddable":true,"href":"https:\/\/www.mundoagropecuario.cl\/new\/wp-json\/wp\/v2\/tags?post=18422"}],"curies":[{"name":"wp","href":"https:\/\/api.w.org\/{rel}","templated":true}]}}