{"id":18396,"date":"2021-03-25T10:44:45","date_gmt":"2021-03-25T13:44:45","guid":{"rendered":"https:\/\/www.mundoagropecuario.cl\/new\/?p=18396"},"modified":"2021-03-29T08:55:49","modified_gmt":"2021-03-29T11:55:49","slug":"magallanes-evalua-el-pastoreo-tras-ser-la-region-con-mas-masa-ovina-del-pais","status":"publish","type":"post","link":"https:\/\/www.mundoagropecuario.cl\/new\/magallanes-evalua-el-pastoreo-tras-ser-la-region-con-mas-masa-ovina-del-pais\/","title":{"rendered":"Magallanes eval\u00faa el pastoreo tras ser la regi\u00f3n con m\u00e1s masa ovina del pa\u00eds"},"content":{"rendered":"<blockquote>\n<h2><span style=\"color: #333300;\">Con tecnolog\u00eda innovadora, la iniciativa tiene como objetivo recuperar la funcionalidad de los suelos y la productividad de los sistemas ganaderos.<\/span><\/h2>\n<\/blockquote>\n<p>Actualmente la regi\u00f3n de Magallanes agrupa a m\u00e1s del 55% de la masa ovina nacional, generando el 90% de las exportaciones del rubro. Proceso que en su mayor\u00eda se realiza de manera extensiva, sustentada en el uso de pastizales naturales, los cuales han percibido un incremento en la erosi\u00f3n en los suelos, en una menor biodiversidad y, como consecuencia, afectando la productividad del sector.<\/p>\n<p>Por ello, el Instituto de Investigaciones Agropecuarias (INIA), con el apoyo de la Fundaci\u00f3n para la Innovaci\u00f3n Agraria (FIA), trabaja en implementar el primer estudio relacionado al efecto del pastoreo regenerativo en Magallanes, con una metodolog\u00eda vinculada a la conservaci\u00f3n de los sistemas de producci\u00f3n.<\/p>\n<p><strong><span style=\"color: #333300;\">El ejecutor del proyecto, Jorge Ivelic-S\u00e1ez, Ing. Agr\u00f3nomo y m\u00e1ster en ciencias<\/span> <\/strong>del suelo se\u00f1ala, \u201cactualmente sobre el 60% de los pastizales presentan alg\u00fan grado de erosi\u00f3n, expresada en la p\u00e9rdida progresiva de la funcionalidad del suelo, biodiversidad, productividad primaria y de la masa ganadera\u00bb.<\/p>\n<p><strong><span style=\"color: #333300;\">Innovaci\u00f3n<\/span><\/strong><\/p>\n<p>En primera instancia el proyecto contempla una evaluaci\u00f3n del sistema de pastoreo con bases regenerativas. \u201cEsto quiere decir, utilizar altas densidades de animales durante periodos controlados de tiempo en aquellas \u00e1reas de mayor productividad del predio, especialmente durante los meses de verano. De esta manera se respeta el periodo de pastoreo y rezagos, en la b\u00fasqueda de que los pastizales tengan la posibilidad de recuperarse\u201d, indic\u00f3 el ejecutor Ivelic-S\u00e1ez.<\/p>\n<p>Posteriormente se realizar\u00e1 una comparaci\u00f3n con un sistema tradicional de pastoreo, el cual se basa en el uso de potreros de invierno y verano durante largos periodos de tiempo.<\/p>\n<p><strong><span style=\"color: #333300;\">Tecnolog\u00eda de vanguardia<\/span><\/strong><\/p>\n<p><a href=\"https:\/\/www.mundoagropecuario.cl\/new\/wp-content\/uploads\/2021\/03\/ovinos.jpeg\"><img loading=\"lazy\" decoding=\"async\" class=\" wp-image-18398 alignright\" src=\"https:\/\/www.mundoagropecuario.cl\/new\/wp-content\/uploads\/2021\/03\/ovinos.jpeg\" alt=\"\" width=\"539\" height=\"395\" \/><\/a>Adem\u00e1s, la iniciativa contempla realizar un monitoreo mediante el uso de sensores de humedad y de temperatura de los suelos. En esta etapa, Ivelic-S\u00e1ez agreg\u00f3 que tambi\u00e9n utilizar\u00e1n drones para estudiar constante los pastizales.<\/p>\n<p>Pero lo m\u00e1s vanguardista, es que se implementar\u00e1 un m\u00f3dulo de pastoreo regenerativo de largo plazo, el cual tenga la caracter\u00edstica de ser participativo. La tecnolog\u00eda LoRaWAN (Long Range Wide Area Network), pionera en Chile, \u201cpermite \u2013 detalla Francisco Sales, director regional de INIA, a cargo de esta parte del proyecto \u2013 realizar el seguimiento en tiempo real de los eventos de pastoreo de los animales, esto mediante el uso de collares GPS que tendr\u00e1n los animales en el ensayo. Esta tecnolog\u00eda permite conocer d\u00f3nde est\u00e1n los animales, c\u00f3mo se han desplazado, cu\u00e1nto tiempo han dedicado al pastoreo, entre otros datos\u201d, a\u00f1adi\u00f3 Francisco.<\/p>\n<p><strong><span style=\"color: #333300;\">Con visi\u00f3n de futuro<\/span><\/strong><\/p>\n<p>Respecto al impacto, Ivelic-S\u00e1ez explica que esperan generar un aumento en la producci\u00f3n de carne y de lana. \u201cCon la informaci\u00f3n que obtendremos del proyecto podremos tener una imagen de producci\u00f3n sustentable, la cual ayudar\u00e1 a la regi\u00f3n a seguir accediendo a mercados cada vez m\u00e1s exigentes, como la Uni\u00f3n Europea\u201d.<\/p>\n<p><strong><span style=\"color: #333300;\">Para la representante de FIA en la regi\u00f3n de Magallanes, Paula Orellana,<\/span><\/strong> \u201cel proyecto es \u00fanico ya que por primera vez en la regi\u00f3n se contar\u00e1 con data para respaldar si el sistema de pastoreo regenerativo funciona en el territorio. Conocemos el caso de un ganadero que lo est\u00e1 haciendo con muy buenos resultados, as\u00ed que esperamos poco a poco que el sector se abra a esta nueva forma de hacer ganader\u00eda sustentable.<\/p>\n<p>En esa l\u00ednea, se podr\u00eda decir que si bien, en el marco del proyecto, se utilizar\u00e1 30 ha de vegas y 200 de coironales, la informaci\u00f3n podr\u00e1 ser extrapolada a las m\u00e1s de 5 millones de hect\u00e1reas de uso ganadero en la regi\u00f3n las cuales incluyen alrededor de 230 ha de vega.<\/p>\n<p>Los resultados que se obtengan ser\u00e1n transferidos en un sistema de puertas abiertas, como indica el ejecutor, \u201cpara que as\u00ed que est\u00e9n interesados en aprender y discutir de esta innovaci\u00f3n, lo hagan desde el d\u00eda uno del proyecto\u201d.<\/p>\n<p>Al t\u00e9rmino del proyecto, estar\u00e1 a disposici\u00f3n \u2013 para productores, investigadores y alumnos \u2013 un paquete tecnol\u00f3gico claro y aplicable a la realidad regional, con datos cient\u00edficos, productivos y econ\u00f3micos, que tendr\u00e1n un impacto directo en la recuperaci\u00f3n de los pastizales y los sistemas pastoriles, mejorando as\u00ed la sustentabilidad y resiliencia del modelo de producci\u00f3n, aportando al desarrollo agroalimentario de Magallanes, bajo un nuevo escenario de cambio clim\u00e1tico y de seguridad alimentaria.<\/p>\n","protected":false},"excerpt":{"rendered":"<p>Actualmente la regi\u00f3n de Magallanes agrupa a m\u00e1s del 55% de la masa ovina nacional, generando el 90% de las exportaciones del rubro.<\/p>\n","protected":false},"author":2,"featured_media":18397,"comment_status":"closed","ping_status":"closed","sticky":false,"template":"","format":"standard","meta":{"footnotes":""},"categories":[1945],"tags":[3127,2124,2052,5306,2929],"class_list":["post-18396","post","type-post","status-publish","format-standard","has-post-thumbnail","hentry","category-agricultura","tag-agro","tag-fia","tag-inia","tag-masa-ovina","tag-pastoreo"],"yoast_head":"<!-- This site is optimized with the Yoast SEO plugin v26.6 - https:\/\/yoast.com\/wordpress\/plugins\/seo\/ -->\n<title>Magallanes eval\u00faa el pastoreo tras ser la regi\u00f3n con m\u00e1s masa ovina del pa\u00eds - Mundoagropecuario<\/title>\n<meta name=\"description\" content=\"Actualmente la regi\u00f3n de Magallanes agrupa a m\u00e1s del 55% de la masa ovina nacional, generando el 90% de las exportaciones del rubro.\" \/>\n<meta name=\"robots\" content=\"index, follow, max-snippet:-1, max-image-preview:large, max-video-preview:-1\" \/>\n<link rel=\"canonical\" href=\"https:\/\/www.mundoagropecuario.cl\/new\/magallanes-evalua-el-pastoreo-tras-ser-la-region-con-mas-masa-ovina-del-pais\/\" \/>\n<meta property=\"og:locale\" content=\"es_ES\" \/>\n<meta property=\"og:type\" content=\"article\" \/>\n<meta property=\"og:title\" content=\"Magallanes eval\u00faa el pastoreo tras ser la regi\u00f3n con m\u00e1s masa ovina del pa\u00eds - Mundoagropecuario\" \/>\n<meta property=\"og:description\" content=\"Actualmente la regi\u00f3n de Magallanes agrupa a m\u00e1s del 55% de la masa ovina nacional, generando el 90% de las exportaciones del rubro.\" \/>\n<meta property=\"og:url\" content=\"https:\/\/www.mundoagropecuario.cl\/new\/magallanes-evalua-el-pastoreo-tras-ser-la-region-con-mas-masa-ovina-del-pais\/\" \/>\n<meta property=\"og:site_name\" content=\"Mundoagropecuario\" \/>\n<meta property=\"article:publisher\" content=\"https:\/\/www.facebook.com\/mundo.agropecuario.3\" \/>\n<meta property=\"article:published_time\" content=\"2021-03-25T13:44:45+00:00\" \/>\n<meta property=\"article:modified_time\" content=\"2021-03-29T11:55:49+00:00\" \/>\n<meta property=\"og:image\" content=\"https:\/\/www.mundoagropecuario.cl\/new\/wp-content\/uploads\/2021\/03\/Masa-Ovina--scaled.jpeg\" \/>\n\t<meta property=\"og:image:width\" content=\"1024\" \/>\n\t<meta property=\"og:image:height\" content=\"462\" \/>\n\t<meta property=\"og:image:type\" content=\"image\/jpeg\" \/>\n<meta name=\"author\" content=\"mundo\" \/>\n<meta name=\"twitter:card\" content=\"summary_large_image\" \/>\n<meta name=\"twitter:creator\" content=\"@MundoAgropecuar\" \/>\n<meta name=\"twitter:site\" content=\"@MundoAgropecuar\" \/>\n<meta name=\"twitter:label1\" content=\"Escrito por\" \/>\n\t<meta name=\"twitter:data1\" content=\"mundo\" \/>\n\t<meta name=\"twitter:label2\" content=\"Tiempo de lectura\" \/>\n\t<meta name=\"twitter:data2\" content=\"4 minutos\" \/>\n<script type=\"application\/ld+json\" class=\"yoast-schema-graph\">{\"@context\":\"https:\/\/schema.org\",\"@graph\":[{\"@type\":\"Article\",\"@id\":\"https:\/\/www.mundoagropecuario.cl\/new\/magallanes-evalua-el-pastoreo-tras-ser-la-region-con-mas-masa-ovina-del-pais\/#article\",\"isPartOf\":{\"@id\":\"https:\/\/www.mundoagropecuario.cl\/new\/magallanes-evalua-el-pastoreo-tras-ser-la-region-con-mas-masa-ovina-del-pais\/\"},\"author\":{\"name\":\"mundo\",\"@id\":\"https:\/\/www.mundoagropecuario.cl\/new\/#\/schema\/person\/4e9f74a82a7dac260eb1c44b7eebeb18\"},\"headline\":\"Magallanes eval\u00faa el pastoreo tras ser la regi\u00f3n con m\u00e1s masa ovina del pa\u00eds\",\"datePublished\":\"2021-03-25T13:44:45+00:00\",\"dateModified\":\"2021-03-29T11:55:49+00:00\",\"mainEntityOfPage\":{\"@id\":\"https:\/\/www.mundoagropecuario.cl\/new\/magallanes-evalua-el-pastoreo-tras-ser-la-region-con-mas-masa-ovina-del-pais\/\"},\"wordCount\":779,\"publisher\":{\"@id\":\"https:\/\/www.mundoagropecuario.cl\/new\/#organization\"},\"image\":{\"@id\":\"https:\/\/www.mundoagropecuario.cl\/new\/magallanes-evalua-el-pastoreo-tras-ser-la-region-con-mas-masa-ovina-del-pais\/#primaryimage\"},\"thumbnailUrl\":\"https:\/\/www.mundoagropecuario.cl\/new\/wp-content\/uploads\/2021\/03\/Masa-Ovina--scaled.jpeg\",\"keywords\":[\"Agro\",\"FIA\",\"INIA\",\"Masa ovina\",\"pastoreo\"],\"articleSection\":[\"Agricultura\"],\"inLanguage\":\"es\"},{\"@type\":\"WebPage\",\"@id\":\"https:\/\/www.mundoagropecuario.cl\/new\/magallanes-evalua-el-pastoreo-tras-ser-la-region-con-mas-masa-ovina-del-pais\/\",\"url\":\"https:\/\/www.mundoagropecuario.cl\/new\/magallanes-evalua-el-pastoreo-tras-ser-la-region-con-mas-masa-ovina-del-pais\/\",\"name\":\"Magallanes eval\u00faa el pastoreo tras ser la regi\u00f3n con m\u00e1s masa ovina del pa\u00eds - Mundoagropecuario\",\"isPartOf\":{\"@id\":\"https:\/\/www.mundoagropecuario.cl\/new\/#website\"},\"primaryImageOfPage\":{\"@id\":\"https:\/\/www.mundoagropecuario.cl\/new\/magallanes-evalua-el-pastoreo-tras-ser-la-region-con-mas-masa-ovina-del-pais\/#primaryimage\"},\"image\":{\"@id\":\"https:\/\/www.mundoagropecuario.cl\/new\/magallanes-evalua-el-pastoreo-tras-ser-la-region-con-mas-masa-ovina-del-pais\/#primaryimage\"},\"thumbnailUrl\":\"https:\/\/www.mundoagropecuario.cl\/new\/wp-content\/uploads\/2021\/03\/Masa-Ovina--scaled.jpeg\",\"datePublished\":\"2021-03-25T13:44:45+00:00\",\"dateModified\":\"2021-03-29T11:55:49+00:00\",\"description\":\"Actualmente la regi\u00f3n de Magallanes agrupa a m\u00e1s del 55% de la masa ovina nacional, generando el 90% de las exportaciones del rubro.\",\"breadcrumb\":{\"@id\":\"https:\/\/www.mundoagropecuario.cl\/new\/magallanes-evalua-el-pastoreo-tras-ser-la-region-con-mas-masa-ovina-del-pais\/#breadcrumb\"},\"inLanguage\":\"es\",\"potentialAction\":[{\"@type\":\"ReadAction\",\"target\":[\"https:\/\/www.mundoagropecuario.cl\/new\/magallanes-evalua-el-pastoreo-tras-ser-la-region-con-mas-masa-ovina-del-pais\/\"]}]},{\"@type\":\"ImageObject\",\"inLanguage\":\"es\",\"@id\":\"https:\/\/www.mundoagropecuario.cl\/new\/magallanes-evalua-el-pastoreo-tras-ser-la-region-con-mas-masa-ovina-del-pais\/#primaryimage\",\"url\":\"https:\/\/www.mundoagropecuario.cl\/new\/wp-content\/uploads\/2021\/03\/Masa-Ovina--scaled.jpeg\",\"contentUrl\":\"https:\/\/www.mundoagropecuario.cl\/new\/wp-content\/uploads\/2021\/03\/Masa-Ovina--scaled.jpeg\",\"width\":720,\"height\":325},{\"@type\":\"BreadcrumbList\",\"@id\":\"https:\/\/www.mundoagropecuario.cl\/new\/magallanes-evalua-el-pastoreo-tras-ser-la-region-con-mas-masa-ovina-del-pais\/#breadcrumb\",\"itemListElement\":[{\"@type\":\"ListItem\",\"position\":1,\"name\":\"Portada\",\"item\":\"https:\/\/www.mundoagropecuario.cl\/new\/\"},{\"@type\":\"ListItem\",\"position\":2,\"name\":\"Magallanes eval\u00faa el pastoreo tras ser la regi\u00f3n con m\u00e1s masa ovina del pa\u00eds\"}]},{\"@type\":\"WebSite\",\"@id\":\"https:\/\/www.mundoagropecuario.cl\/new\/#website\",\"url\":\"https:\/\/www.mundoagropecuario.cl\/new\/\",\"name\":\"Mundoagropecuario\",\"description\":\"Mundo Agropecuario\",\"publisher\":{\"@id\":\"https:\/\/www.mundoagropecuario.cl\/new\/#organization\"},\"potentialAction\":[{\"@type\":\"SearchAction\",\"target\":{\"@type\":\"EntryPoint\",\"urlTemplate\":\"https:\/\/www.mundoagropecuario.cl\/new\/?s={search_term_string}\"},\"query-input\":{\"@type\":\"PropertyValueSpecification\",\"valueRequired\":true,\"valueName\":\"search_term_string\"}}],\"inLanguage\":\"es\"},{\"@type\":\"Organization\",\"@id\":\"https:\/\/www.mundoagropecuario.cl\/new\/#organization\",\"name\":\"Revista de Agricultura\",\"url\":\"https:\/\/www.mundoagropecuario.cl\/new\/\",\"logo\":{\"@type\":\"ImageObject\",\"inLanguage\":\"es\",\"@id\":\"https:\/\/www.mundoagropecuario.cl\/new\/#\/schema\/logo\/image\/\",\"url\":\"https:\/\/www.mundoagropecuario.cl\/new\/wp-content\/uploads\/2020\/11\/PORTAL-1-1.png\",\"contentUrl\":\"https:\/\/www.mundoagropecuario.cl\/new\/wp-content\/uploads\/2020\/11\/PORTAL-1-1.png\",\"width\":1026,\"height\":100,\"caption\":\"Revista de Agricultura\"},\"image\":{\"@id\":\"https:\/\/www.mundoagropecuario.cl\/new\/#\/schema\/logo\/image\/\"},\"sameAs\":[\"https:\/\/www.facebook.com\/mundo.agropecuario.3\",\"https:\/\/x.com\/MundoAgropecuar\",\"https:\/\/www.linkedin.com\/in\/mundo-agropecuario-934009201\/\"]},{\"@type\":\"Person\",\"@id\":\"https:\/\/www.mundoagropecuario.cl\/new\/#\/schema\/person\/4e9f74a82a7dac260eb1c44b7eebeb18\",\"name\":\"mundo\",\"url\":\"https:\/\/www.mundoagropecuario.cl\/new\/author\/mundo\/\"}]}<\/script>\n<!-- \/ Yoast SEO plugin. -->","yoast_head_json":{"title":"Magallanes eval\u00faa el pastoreo tras ser la regi\u00f3n con m\u00e1s masa ovina del pa\u00eds - Mundoagropecuario","description":"Actualmente la regi\u00f3n de Magallanes agrupa a m\u00e1s del 55% de la masa ovina nacional, generando el 90% de las exportaciones del rubro.","robots":{"index":"index","follow":"follow","max-snippet":"max-snippet:-1","max-image-preview":"max-image-preview:large","max-video-preview":"max-video-preview:-1"},"canonical":"https:\/\/www.mundoagropecuario.cl\/new\/magallanes-evalua-el-pastoreo-tras-ser-la-region-con-mas-masa-ovina-del-pais\/","og_locale":"es_ES","og_type":"article","og_title":"Magallanes eval\u00faa el pastoreo tras ser la regi\u00f3n con m\u00e1s masa ovina del pa\u00eds - Mundoagropecuario","og_description":"Actualmente la regi\u00f3n de Magallanes agrupa a m\u00e1s del 55% de la masa ovina nacional, generando el 90% de las exportaciones del rubro.","og_url":"https:\/\/www.mundoagropecuario.cl\/new\/magallanes-evalua-el-pastoreo-tras-ser-la-region-con-mas-masa-ovina-del-pais\/","og_site_name":"Mundoagropecuario","article_publisher":"https:\/\/www.facebook.com\/mundo.agropecuario.3","article_published_time":"2021-03-25T13:44:45+00:00","article_modified_time":"2021-03-29T11:55:49+00:00","og_image":[{"width":1024,"height":462,"url":"https:\/\/www.mundoagropecuario.cl\/new\/wp-content\/uploads\/2021\/03\/Masa-Ovina--scaled.jpeg","type":"image\/jpeg"}],"author":"mundo","twitter_card":"summary_large_image","twitter_creator":"@MundoAgropecuar","twitter_site":"@MundoAgropecuar","twitter_misc":{"Escrito por":"mundo","Tiempo de lectura":"4 minutos"},"schema":{"@context":"https:\/\/schema.org","@graph":[{"@type":"Article","@id":"https:\/\/www.mundoagropecuario.cl\/new\/magallanes-evalua-el-pastoreo-tras-ser-la-region-con-mas-masa-ovina-del-pais\/#article","isPartOf":{"@id":"https:\/\/www.mundoagropecuario.cl\/new\/magallanes-evalua-el-pastoreo-tras-ser-la-region-con-mas-masa-ovina-del-pais\/"},"author":{"name":"mundo","@id":"https:\/\/www.mundoagropecuario.cl\/new\/#\/schema\/person\/4e9f74a82a7dac260eb1c44b7eebeb18"},"headline":"Magallanes eval\u00faa el pastoreo tras ser la regi\u00f3n con m\u00e1s masa ovina del pa\u00eds","datePublished":"2021-03-25T13:44:45+00:00","dateModified":"2021-03-29T11:55:49+00:00","mainEntityOfPage":{"@id":"https:\/\/www.mundoagropecuario.cl\/new\/magallanes-evalua-el-pastoreo-tras-ser-la-region-con-mas-masa-ovina-del-pais\/"},"wordCount":779,"publisher":{"@id":"https:\/\/www.mundoagropecuario.cl\/new\/#organization"},"image":{"@id":"https:\/\/www.mundoagropecuario.cl\/new\/magallanes-evalua-el-pastoreo-tras-ser-la-region-con-mas-masa-ovina-del-pais\/#primaryimage"},"thumbnailUrl":"https:\/\/www.mundoagropecuario.cl\/new\/wp-content\/uploads\/2021\/03\/Masa-Ovina--scaled.jpeg","keywords":["Agro","FIA","INIA","Masa ovina","pastoreo"],"articleSection":["Agricultura"],"inLanguage":"es"},{"@type":"WebPage","@id":"https:\/\/www.mundoagropecuario.cl\/new\/magallanes-evalua-el-pastoreo-tras-ser-la-region-con-mas-masa-ovina-del-pais\/","url":"https:\/\/www.mundoagropecuario.cl\/new\/magallanes-evalua-el-pastoreo-tras-ser-la-region-con-mas-masa-ovina-del-pais\/","name":"Magallanes eval\u00faa el pastoreo tras ser la regi\u00f3n con m\u00e1s masa ovina del pa\u00eds - Mundoagropecuario","isPartOf":{"@id":"https:\/\/www.mundoagropecuario.cl\/new\/#website"},"primaryImageOfPage":{"@id":"https:\/\/www.mundoagropecuario.cl\/new\/magallanes-evalua-el-pastoreo-tras-ser-la-region-con-mas-masa-ovina-del-pais\/#primaryimage"},"image":{"@id":"https:\/\/www.mundoagropecuario.cl\/new\/magallanes-evalua-el-pastoreo-tras-ser-la-region-con-mas-masa-ovina-del-pais\/#primaryimage"},"thumbnailUrl":"https:\/\/www.mundoagropecuario.cl\/new\/wp-content\/uploads\/2021\/03\/Masa-Ovina--scaled.jpeg","datePublished":"2021-03-25T13:44:45+00:00","dateModified":"2021-03-29T11:55:49+00:00","description":"Actualmente la regi\u00f3n de Magallanes agrupa a m\u00e1s del 55% de la masa ovina nacional, generando el 90% de las exportaciones del rubro.","breadcrumb":{"@id":"https:\/\/www.mundoagropecuario.cl\/new\/magallanes-evalua-el-pastoreo-tras-ser-la-region-con-mas-masa-ovina-del-pais\/#breadcrumb"},"inLanguage":"es","potentialAction":[{"@type":"ReadAction","target":["https:\/\/www.mundoagropecuario.cl\/new\/magallanes-evalua-el-pastoreo-tras-ser-la-region-con-mas-masa-ovina-del-pais\/"]}]},{"@type":"ImageObject","inLanguage":"es","@id":"https:\/\/www.mundoagropecuario.cl\/new\/magallanes-evalua-el-pastoreo-tras-ser-la-region-con-mas-masa-ovina-del-pais\/#primaryimage","url":"https:\/\/www.mundoagropecuario.cl\/new\/wp-content\/uploads\/2021\/03\/Masa-Ovina--scaled.jpeg","contentUrl":"https:\/\/www.mundoagropecuario.cl\/new\/wp-content\/uploads\/2021\/03\/Masa-Ovina--scaled.jpeg","width":720,"height":325},{"@type":"BreadcrumbList","@id":"https:\/\/www.mundoagropecuario.cl\/new\/magallanes-evalua-el-pastoreo-tras-ser-la-region-con-mas-masa-ovina-del-pais\/#breadcrumb","itemListElement":[{"@type":"ListItem","position":1,"name":"Portada","item":"https:\/\/www.mundoagropecuario.cl\/new\/"},{"@type":"ListItem","position":2,"name":"Magallanes eval\u00faa el pastoreo tras ser la regi\u00f3n con m\u00e1s masa ovina del pa\u00eds"}]},{"@type":"WebSite","@id":"https:\/\/www.mundoagropecuario.cl\/new\/#website","url":"https:\/\/www.mundoagropecuario.cl\/new\/","name":"Mundoagropecuario","description":"Mundo Agropecuario","publisher":{"@id":"https:\/\/www.mundoagropecuario.cl\/new\/#organization"},"potentialAction":[{"@type":"SearchAction","target":{"@type":"EntryPoint","urlTemplate":"https:\/\/www.mundoagropecuario.cl\/new\/?s={search_term_string}"},"query-input":{"@type":"PropertyValueSpecification","valueRequired":true,"valueName":"search_term_string"}}],"inLanguage":"es"},{"@type":"Organization","@id":"https:\/\/www.mundoagropecuario.cl\/new\/#organization","name":"Revista de Agricultura","url":"https:\/\/www.mundoagropecuario.cl\/new\/","logo":{"@type":"ImageObject","inLanguage":"es","@id":"https:\/\/www.mundoagropecuario.cl\/new\/#\/schema\/logo\/image\/","url":"https:\/\/www.mundoagropecuario.cl\/new\/wp-content\/uploads\/2020\/11\/PORTAL-1-1.png","contentUrl":"https:\/\/www.mundoagropecuario.cl\/new\/wp-content\/uploads\/2020\/11\/PORTAL-1-1.png","width":1026,"height":100,"caption":"Revista de Agricultura"},"image":{"@id":"https:\/\/www.mundoagropecuario.cl\/new\/#\/schema\/logo\/image\/"},"sameAs":["https:\/\/www.facebook.com\/mundo.agropecuario.3","https:\/\/x.com\/MundoAgropecuar","https:\/\/www.linkedin.com\/in\/mundo-agropecuario-934009201\/"]},{"@type":"Person","@id":"https:\/\/www.mundoagropecuario.cl\/new\/#\/schema\/person\/4e9f74a82a7dac260eb1c44b7eebeb18","name":"mundo","url":"https:\/\/www.mundoagropecuario.cl\/new\/author\/mundo\/"}]}},"_links":{"self":[{"href":"https:\/\/www.mundoagropecuario.cl\/new\/wp-json\/wp\/v2\/posts\/18396","targetHints":{"allow":["GET"]}}],"collection":[{"href":"https:\/\/www.mundoagropecuario.cl\/new\/wp-json\/wp\/v2\/posts"}],"about":[{"href":"https:\/\/www.mundoagropecuario.cl\/new\/wp-json\/wp\/v2\/types\/post"}],"author":[{"embeddable":true,"href":"https:\/\/www.mundoagropecuario.cl\/new\/wp-json\/wp\/v2\/users\/2"}],"replies":[{"embeddable":true,"href":"https:\/\/www.mundoagropecuario.cl\/new\/wp-json\/wp\/v2\/comments?post=18396"}],"version-history":[{"count":1,"href":"https:\/\/www.mundoagropecuario.cl\/new\/wp-json\/wp\/v2\/posts\/18396\/revisions"}],"predecessor-version":[{"id":18399,"href":"https:\/\/www.mundoagropecuario.cl\/new\/wp-json\/wp\/v2\/posts\/18396\/revisions\/18399"}],"wp:featuredmedia":[{"embeddable":true,"href":"https:\/\/www.mundoagropecuario.cl\/new\/wp-json\/wp\/v2\/media\/18397"}],"wp:attachment":[{"href":"https:\/\/www.mundoagropecuario.cl\/new\/wp-json\/wp\/v2\/media?parent=18396"}],"wp:term":[{"taxonomy":"category","embeddable":true,"href":"https:\/\/www.mundoagropecuario.cl\/new\/wp-json\/wp\/v2\/categories?post=18396"},{"taxonomy":"post_tag","embeddable":true,"href":"https:\/\/www.mundoagropecuario.cl\/new\/wp-json\/wp\/v2\/tags?post=18396"}],"curies":[{"name":"wp","href":"https:\/\/api.w.org\/{rel}","templated":true}]}}