{"id":18269,"date":"2021-03-11T12:49:02","date_gmt":"2021-03-11T15:49:02","guid":{"rendered":"https:\/\/www.mundoagropecuario.cl\/new\/?p=18269"},"modified":"2021-03-15T11:32:55","modified_gmt":"2021-03-15T14:32:55","slug":"presidente-de-fedeleche-realiza-balance-y-perspectivas-del-sector-lacteo","status":"publish","type":"post","link":"https:\/\/www.mundoagropecuario.cl\/new\/presidente-de-fedeleche-realiza-balance-y-perspectivas-del-sector-lacteo\/","title":{"rendered":"Presidente de Fedeleche realiza balance y perspectivas del sector l\u00e1cteo"},"content":{"rendered":"<blockquote>\n<h2><span style=\"color: #000080;\">El presidente de\u00a0 Fedeleche, Eduardo Schwerter, analiz\u00f3 en el programa Agenda Agr\u00edcola el acontecer lechero nacional, donde realiz\u00f3 un balance del a\u00f1o 2020, y visualiz\u00f3 las perspectivas de cara a 2021. En otros temas, abord\u00f3 el desaf\u00edo de volver a crecer en exportaciones de productos l\u00e1cteos y el proyecto de medici\u00f3n de balance de carbono.<\/span><\/h2>\n<\/blockquote>\n<p>Pese a algunos ajustes que conllev\u00f3 la pandemia, con el reforzamiento de los protocolos sanitarios y las adecuaciones log\u00edsticas ante las restricciones a la movilidad,\u00a0 el representante gremial destac\u00f3 el a\u00f1o 2020 como &#8220;un buen a\u00f1o&#8221; para el sector lechero nacional, tanto en materia de producci\u00f3n, como en relaci\u00f3n al consumo interno de productos l\u00e1cteos.<\/p>\n<p>Coment\u00f3 que, \u201cla recepci\u00f3n de leche aument\u00f3 en un 6,1 % respecto a 2019, que son cifras que no registr\u00e1bamos hace m\u00e1s de una d\u00e9cada, porque el a\u00f1o pasado se registr\u00f3 una situaci\u00f3n general positiva desde el punto de vista clim\u00e1tico, lo que permiti\u00f3 en primavera una producci\u00f3n de forraje suficiente y de calidad, y un verano sin d\u00e9ficit h\u00eddrico. Ello, acompa\u00f1ado con los claros incentivos que la industria entreg\u00f3 y que signific\u00f3 un importante crecimiento de precios paulatinos a trav\u00e9s del a\u00f1o, hizo reaccionar y crecer a la producci\u00f3n\u201d.<\/p>\n<p><a href=\"https:\/\/www.mundoagropecuario.cl\/new\/wp-content\/uploads\/2020\/12\/leche1.jpg\"><img loading=\"lazy\" decoding=\"async\" class=\"size-full wp-image-17205 alignleft\" src=\"https:\/\/www.mundoagropecuario.cl\/new\/wp-content\/uploads\/2020\/12\/leche1.jpg\" alt=\"\" width=\"480\" height=\"320\" \/><\/a>Consultado por el comportamiento de la demanda de l\u00e1cteos en nuestro pa\u00eds, Schwerter explic\u00f3 que, pese a una ca\u00edda inicial,\u00a0 dado principalmente por el cierre del canal Horeca, a poco andar de la pandemia, el consumo a nivel dom\u00e9stico se reactiv\u00f3 aumentando significativamente el mercado interno. \u201cEsto tiene su sentido: la leche y los productos l\u00e1cteos son fundamentales para la salud humana y sobre todo porque te permiten mejorar el sistema inmunol\u00f3gico,\u00a0 algo muy valorado en la situaci\u00f3n que vivimos por pandemia\u201d, afirm\u00f3.<\/p>\n<p>Respecto a las perspectivas para este nuevo a\u00f1o, el presidente de Fedeleche advirti\u00f3 que 2021 comenz\u00f3 con un verano m\u00e1s complejo \u201ccon un grado significativo de falta de lluvias y altas temperaturas\u201d registradas principalmente en las regiones del sur desde febrero en adelante,\u00a0 lo que est\u00e1 afectando a la producci\u00f3n, aunque se mostr\u00f3 confiado en poder revertir este escenario a partir del segundo trimestre.<\/p>\n<p><a href=\"https:\/\/www.mundoagropecuario.cl\/new\/wp-content\/uploads\/2021\/03\/Eduardo-Schwerter.jpeg\"><img loading=\"lazy\" decoding=\"async\" class=\" wp-image-18270 alignright\" src=\"https:\/\/www.mundoagropecuario.cl\/new\/wp-content\/uploads\/2021\/03\/Eduardo-Schwerter.jpeg\" alt=\"\" width=\"312\" height=\"271\" \/><\/a>\u201cEnero ven\u00eda relativamente estable con un 3,6% de incremento, pero febrero el clima cambio y las precipitaciones quedaron pr\u00e1cticamente ausentes. Cerramos con un importante d\u00e9ficit h\u00eddrico, llegando hasta el 60% a 80% en algunas zonas de la regi\u00f3n de Los Lagos. Eso sumado a las altas temperaturas y al fuerte viento ha significado una disminuci\u00f3n de la producci\u00f3n en algunas zonas entre un 12% a 15%, pero en otras menos, por lo tanto, debi\u00e9ramos ver una variaci\u00f3n mensual negativa que podr\u00eda oscilar entre 6% a 8% respecto a febrero de 2020. En marzo podr\u00edamos ver valores similares, pero en abril ya esperamos retomar la senda\u201d, coment\u00f3 Schwerter.<\/p>\n<p>\u201cEsperamos que este efecto clim\u00e1tico pase r\u00e1pido y podamos recuperar el crecimiento del sector. Tenemos todav\u00eda una importante brecha para aumentar la producci\u00f3n de manera de sustituir la gran fuerza de las importaciones que todav\u00eda afrontamos. Hace muchos a\u00f1os atr\u00e1s \u00e9ramos netamente\u00a0 exportadores y con el aumento del consumo se est\u00e1 importando m\u00e1s, pero entendemos que los productores y toda la cadena estamos capacitados y tenemos el potencial de sustituir e incluso aumentar las exportaciones como era anteriormente\u201d, apunt\u00f3.<\/p>\n<p><strong><span style=\"color: #000080;\">Proyecto mediaci\u00f3n de carbono<\/span><\/strong><\/p>\n<p>Ser parte de una actividad que aporte a la carbono neutralidad de nuestro pa\u00eds es otra de las metas que se fij\u00f3 el sector lechero. As\u00ed lo dio a conocer Eduardo Schwerter, quien asegur\u00f3 que esta iniciativa ir\u00e1s m\u00e1s all\u00e1 de la sola medici\u00f3n de la huella de carbono,\u00a0 considerando tambi\u00e9n la mitigaci\u00f3n que se realiza a trav\u00e9s de distintos factores que est\u00e1n en los sistemas de producci\u00f3n de alimentos en el pa\u00eds.<\/p>\n<p>\u201cPor ejemplo, en el sur de Chile, la mayor\u00eda de la leche se produce en base a pastoreo, y en la zona centro, se desarrolla dentro de un ambiente agr\u00edcola y forestal que permite mitigar estos efectos de gases efectos invernadero y fijar el carbono al suelo. Estamos iniciando un proyecto en que vamos a medir las emisiones,\u00a0 pero a su vez las captaciones del CO2, y\u00a0 eso produce un balance en el cual estamos convencidos nos va a llevar a la neutralidad\u201d, concluy\u00f3 Schwerter.<\/p>\n","protected":false},"excerpt":{"rendered":"<p>El presidente de Fedeleche, analiz\u00f3 en el programa Agenda Agr\u00edcola, el acontecer lechero nacional, donde realiz\u00f3 un balance del a\u00f1o 2020 y las perspectivas del 2021.<\/p>\n","protected":false},"author":2,"featured_media":17206,"comment_status":"closed","ping_status":"closed","sticky":false,"template":"","format":"standard","meta":{"footnotes":""},"categories":[1946],"tags":[3127,2057,2214,2058,4135],"class_list":["post-18269","post","type-post","status-publish","format-standard","has-post-thumbnail","hentry","category-lacteos","tag-agro","tag-aproleche","tag-eduardo-schwerter","tag-fedeleche","tag-lacteo"],"yoast_head":"<!-- This site is optimized with the Yoast SEO plugin v26.6 - https:\/\/yoast.com\/wordpress\/plugins\/seo\/ -->\n<title>Presidente de Fedeleche realiza balance y perspectivas del sector l\u00e1cteo - Mundoagropecuario<\/title>\n<meta name=\"description\" content=\"El presidente de Fedeleche, analiz\u00f3 el acontecer lechero nacional, donde realiz\u00f3 un balance del a\u00f1o 2020 y las perspectivas del 2021.\" \/>\n<meta name=\"robots\" content=\"index, follow, max-snippet:-1, max-image-preview:large, max-video-preview:-1\" \/>\n<link rel=\"canonical\" href=\"https:\/\/www.mundoagropecuario.cl\/new\/presidente-de-fedeleche-realiza-balance-y-perspectivas-del-sector-lacteo\/\" \/>\n<meta property=\"og:locale\" content=\"es_ES\" \/>\n<meta property=\"og:type\" content=\"article\" \/>\n<meta property=\"og:title\" content=\"Presidente de Fedeleche realiza balance y perspectivas del sector l\u00e1cteo - Mundoagropecuario\" \/>\n<meta property=\"og:description\" content=\"El presidente de Fedeleche, analiz\u00f3 el acontecer lechero nacional, donde realiz\u00f3 un balance del a\u00f1o 2020 y las perspectivas del 2021.\" \/>\n<meta property=\"og:url\" content=\"https:\/\/www.mundoagropecuario.cl\/new\/presidente-de-fedeleche-realiza-balance-y-perspectivas-del-sector-lacteo\/\" \/>\n<meta property=\"og:site_name\" content=\"Mundoagropecuario\" \/>\n<meta property=\"article:publisher\" content=\"https:\/\/www.facebook.com\/mundo.agropecuario.3\" \/>\n<meta property=\"article:published_time\" content=\"2021-03-11T15:49:02+00:00\" \/>\n<meta property=\"article:modified_time\" content=\"2021-03-15T14:32:55+00:00\" \/>\n<meta property=\"og:image\" content=\"https:\/\/www.mundoagropecuario.cl\/new\/wp-content\/uploads\/2020\/12\/leche.jpg\" \/>\n\t<meta property=\"og:image:width\" content=\"770\" \/>\n\t<meta property=\"og:image:height\" content=\"470\" \/>\n\t<meta property=\"og:image:type\" content=\"image\/jpeg\" \/>\n<meta name=\"author\" content=\"mundo\" \/>\n<meta name=\"twitter:card\" content=\"summary_large_image\" \/>\n<meta name=\"twitter:creator\" content=\"@MundoAgropecuar\" \/>\n<meta name=\"twitter:site\" content=\"@MundoAgropecuar\" \/>\n<meta name=\"twitter:label1\" content=\"Escrito por\" \/>\n\t<meta name=\"twitter:data1\" content=\"mundo\" \/>\n\t<meta name=\"twitter:label2\" content=\"Tiempo de lectura\" \/>\n\t<meta name=\"twitter:data2\" content=\"4 minutos\" \/>\n<script type=\"application\/ld+json\" class=\"yoast-schema-graph\">{\"@context\":\"https:\/\/schema.org\",\"@graph\":[{\"@type\":\"Article\",\"@id\":\"https:\/\/www.mundoagropecuario.cl\/new\/presidente-de-fedeleche-realiza-balance-y-perspectivas-del-sector-lacteo\/#article\",\"isPartOf\":{\"@id\":\"https:\/\/www.mundoagropecuario.cl\/new\/presidente-de-fedeleche-realiza-balance-y-perspectivas-del-sector-lacteo\/\"},\"author\":{\"name\":\"mundo\",\"@id\":\"https:\/\/www.mundoagropecuario.cl\/new\/#\/schema\/person\/4e9f74a82a7dac260eb1c44b7eebeb18\"},\"headline\":\"Presidente de Fedeleche realiza balance y perspectivas del sector l\u00e1cteo\",\"datePublished\":\"2021-03-11T15:49:02+00:00\",\"dateModified\":\"2021-03-15T14:32:55+00:00\",\"mainEntityOfPage\":{\"@id\":\"https:\/\/www.mundoagropecuario.cl\/new\/presidente-de-fedeleche-realiza-balance-y-perspectivas-del-sector-lacteo\/\"},\"wordCount\":758,\"publisher\":{\"@id\":\"https:\/\/www.mundoagropecuario.cl\/new\/#organization\"},\"image\":{\"@id\":\"https:\/\/www.mundoagropecuario.cl\/new\/presidente-de-fedeleche-realiza-balance-y-perspectivas-del-sector-lacteo\/#primaryimage\"},\"thumbnailUrl\":\"https:\/\/www.mundoagropecuario.cl\/new\/wp-content\/uploads\/2020\/12\/leche.jpg\",\"keywords\":[\"Agro\",\"Aproleche\",\"Eduardo Schwerter\",\"Fedeleche\",\"Lacteo\"],\"articleSection\":[\"L\u00e1cteos\"],\"inLanguage\":\"es\"},{\"@type\":\"WebPage\",\"@id\":\"https:\/\/www.mundoagropecuario.cl\/new\/presidente-de-fedeleche-realiza-balance-y-perspectivas-del-sector-lacteo\/\",\"url\":\"https:\/\/www.mundoagropecuario.cl\/new\/presidente-de-fedeleche-realiza-balance-y-perspectivas-del-sector-lacteo\/\",\"name\":\"Presidente de Fedeleche realiza balance y perspectivas del sector l\u00e1cteo - Mundoagropecuario\",\"isPartOf\":{\"@id\":\"https:\/\/www.mundoagropecuario.cl\/new\/#website\"},\"primaryImageOfPage\":{\"@id\":\"https:\/\/www.mundoagropecuario.cl\/new\/presidente-de-fedeleche-realiza-balance-y-perspectivas-del-sector-lacteo\/#primaryimage\"},\"image\":{\"@id\":\"https:\/\/www.mundoagropecuario.cl\/new\/presidente-de-fedeleche-realiza-balance-y-perspectivas-del-sector-lacteo\/#primaryimage\"},\"thumbnailUrl\":\"https:\/\/www.mundoagropecuario.cl\/new\/wp-content\/uploads\/2020\/12\/leche.jpg\",\"datePublished\":\"2021-03-11T15:49:02+00:00\",\"dateModified\":\"2021-03-15T14:32:55+00:00\",\"description\":\"El presidente de Fedeleche, analiz\u00f3 el acontecer lechero nacional, donde realiz\u00f3 un balance del a\u00f1o 2020 y las perspectivas del 2021.\",\"breadcrumb\":{\"@id\":\"https:\/\/www.mundoagropecuario.cl\/new\/presidente-de-fedeleche-realiza-balance-y-perspectivas-del-sector-lacteo\/#breadcrumb\"},\"inLanguage\":\"es\",\"potentialAction\":[{\"@type\":\"ReadAction\",\"target\":[\"https:\/\/www.mundoagropecuario.cl\/new\/presidente-de-fedeleche-realiza-balance-y-perspectivas-del-sector-lacteo\/\"]}]},{\"@type\":\"ImageObject\",\"inLanguage\":\"es\",\"@id\":\"https:\/\/www.mundoagropecuario.cl\/new\/presidente-de-fedeleche-realiza-balance-y-perspectivas-del-sector-lacteo\/#primaryimage\",\"url\":\"https:\/\/www.mundoagropecuario.cl\/new\/wp-content\/uploads\/2020\/12\/leche.jpg\",\"contentUrl\":\"https:\/\/www.mundoagropecuario.cl\/new\/wp-content\/uploads\/2020\/12\/leche.jpg\",\"width\":655,\"height\":400},{\"@type\":\"BreadcrumbList\",\"@id\":\"https:\/\/www.mundoagropecuario.cl\/new\/presidente-de-fedeleche-realiza-balance-y-perspectivas-del-sector-lacteo\/#breadcrumb\",\"itemListElement\":[{\"@type\":\"ListItem\",\"position\":1,\"name\":\"Portada\",\"item\":\"https:\/\/www.mundoagropecuario.cl\/new\/\"},{\"@type\":\"ListItem\",\"position\":2,\"name\":\"Presidente de Fedeleche realiza balance y perspectivas del sector l\u00e1cteo\"}]},{\"@type\":\"WebSite\",\"@id\":\"https:\/\/www.mundoagropecuario.cl\/new\/#website\",\"url\":\"https:\/\/www.mundoagropecuario.cl\/new\/\",\"name\":\"Mundoagropecuario\",\"description\":\"Mundo Agropecuario\",\"publisher\":{\"@id\":\"https:\/\/www.mundoagropecuario.cl\/new\/#organization\"},\"potentialAction\":[{\"@type\":\"SearchAction\",\"target\":{\"@type\":\"EntryPoint\",\"urlTemplate\":\"https:\/\/www.mundoagropecuario.cl\/new\/?s={search_term_string}\"},\"query-input\":{\"@type\":\"PropertyValueSpecification\",\"valueRequired\":true,\"valueName\":\"search_term_string\"}}],\"inLanguage\":\"es\"},{\"@type\":\"Organization\",\"@id\":\"https:\/\/www.mundoagropecuario.cl\/new\/#organization\",\"name\":\"Revista de Agricultura\",\"url\":\"https:\/\/www.mundoagropecuario.cl\/new\/\",\"logo\":{\"@type\":\"ImageObject\",\"inLanguage\":\"es\",\"@id\":\"https:\/\/www.mundoagropecuario.cl\/new\/#\/schema\/logo\/image\/\",\"url\":\"https:\/\/www.mundoagropecuario.cl\/new\/wp-content\/uploads\/2020\/11\/PORTAL-1-1.png\",\"contentUrl\":\"https:\/\/www.mundoagropecuario.cl\/new\/wp-content\/uploads\/2020\/11\/PORTAL-1-1.png\",\"width\":1026,\"height\":100,\"caption\":\"Revista de Agricultura\"},\"image\":{\"@id\":\"https:\/\/www.mundoagropecuario.cl\/new\/#\/schema\/logo\/image\/\"},\"sameAs\":[\"https:\/\/www.facebook.com\/mundo.agropecuario.3\",\"https:\/\/x.com\/MundoAgropecuar\",\"https:\/\/www.linkedin.com\/in\/mundo-agropecuario-934009201\/\"]},{\"@type\":\"Person\",\"@id\":\"https:\/\/www.mundoagropecuario.cl\/new\/#\/schema\/person\/4e9f74a82a7dac260eb1c44b7eebeb18\",\"name\":\"mundo\",\"url\":\"https:\/\/www.mundoagropecuario.cl\/new\/author\/mundo\/\"}]}<\/script>\n<!-- \/ Yoast SEO plugin. -->","yoast_head_json":{"title":"Presidente de Fedeleche realiza balance y perspectivas del sector l\u00e1cteo - Mundoagropecuario","description":"El presidente de Fedeleche, analiz\u00f3 el acontecer lechero nacional, donde realiz\u00f3 un balance del a\u00f1o 2020 y las perspectivas del 2021.","robots":{"index":"index","follow":"follow","max-snippet":"max-snippet:-1","max-image-preview":"max-image-preview:large","max-video-preview":"max-video-preview:-1"},"canonical":"https:\/\/www.mundoagropecuario.cl\/new\/presidente-de-fedeleche-realiza-balance-y-perspectivas-del-sector-lacteo\/","og_locale":"es_ES","og_type":"article","og_title":"Presidente de Fedeleche realiza balance y perspectivas del sector l\u00e1cteo - Mundoagropecuario","og_description":"El presidente de Fedeleche, analiz\u00f3 el acontecer lechero nacional, donde realiz\u00f3 un balance del a\u00f1o 2020 y las perspectivas del 2021.","og_url":"https:\/\/www.mundoagropecuario.cl\/new\/presidente-de-fedeleche-realiza-balance-y-perspectivas-del-sector-lacteo\/","og_site_name":"Mundoagropecuario","article_publisher":"https:\/\/www.facebook.com\/mundo.agropecuario.3","article_published_time":"2021-03-11T15:49:02+00:00","article_modified_time":"2021-03-15T14:32:55+00:00","og_image":[{"width":770,"height":470,"url":"https:\/\/www.mundoagropecuario.cl\/new\/wp-content\/uploads\/2020\/12\/leche.jpg","type":"image\/jpeg"}],"author":"mundo","twitter_card":"summary_large_image","twitter_creator":"@MundoAgropecuar","twitter_site":"@MundoAgropecuar","twitter_misc":{"Escrito por":"mundo","Tiempo de lectura":"4 minutos"},"schema":{"@context":"https:\/\/schema.org","@graph":[{"@type":"Article","@id":"https:\/\/www.mundoagropecuario.cl\/new\/presidente-de-fedeleche-realiza-balance-y-perspectivas-del-sector-lacteo\/#article","isPartOf":{"@id":"https:\/\/www.mundoagropecuario.cl\/new\/presidente-de-fedeleche-realiza-balance-y-perspectivas-del-sector-lacteo\/"},"author":{"name":"mundo","@id":"https:\/\/www.mundoagropecuario.cl\/new\/#\/schema\/person\/4e9f74a82a7dac260eb1c44b7eebeb18"},"headline":"Presidente de Fedeleche realiza balance y perspectivas del sector l\u00e1cteo","datePublished":"2021-03-11T15:49:02+00:00","dateModified":"2021-03-15T14:32:55+00:00","mainEntityOfPage":{"@id":"https:\/\/www.mundoagropecuario.cl\/new\/presidente-de-fedeleche-realiza-balance-y-perspectivas-del-sector-lacteo\/"},"wordCount":758,"publisher":{"@id":"https:\/\/www.mundoagropecuario.cl\/new\/#organization"},"image":{"@id":"https:\/\/www.mundoagropecuario.cl\/new\/presidente-de-fedeleche-realiza-balance-y-perspectivas-del-sector-lacteo\/#primaryimage"},"thumbnailUrl":"https:\/\/www.mundoagropecuario.cl\/new\/wp-content\/uploads\/2020\/12\/leche.jpg","keywords":["Agro","Aproleche","Eduardo Schwerter","Fedeleche","Lacteo"],"articleSection":["L\u00e1cteos"],"inLanguage":"es"},{"@type":"WebPage","@id":"https:\/\/www.mundoagropecuario.cl\/new\/presidente-de-fedeleche-realiza-balance-y-perspectivas-del-sector-lacteo\/","url":"https:\/\/www.mundoagropecuario.cl\/new\/presidente-de-fedeleche-realiza-balance-y-perspectivas-del-sector-lacteo\/","name":"Presidente de Fedeleche realiza balance y perspectivas del sector l\u00e1cteo - Mundoagropecuario","isPartOf":{"@id":"https:\/\/www.mundoagropecuario.cl\/new\/#website"},"primaryImageOfPage":{"@id":"https:\/\/www.mundoagropecuario.cl\/new\/presidente-de-fedeleche-realiza-balance-y-perspectivas-del-sector-lacteo\/#primaryimage"},"image":{"@id":"https:\/\/www.mundoagropecuario.cl\/new\/presidente-de-fedeleche-realiza-balance-y-perspectivas-del-sector-lacteo\/#primaryimage"},"thumbnailUrl":"https:\/\/www.mundoagropecuario.cl\/new\/wp-content\/uploads\/2020\/12\/leche.jpg","datePublished":"2021-03-11T15:49:02+00:00","dateModified":"2021-03-15T14:32:55+00:00","description":"El presidente de Fedeleche, analiz\u00f3 el acontecer lechero nacional, donde realiz\u00f3 un balance del a\u00f1o 2020 y las perspectivas del 2021.","breadcrumb":{"@id":"https:\/\/www.mundoagropecuario.cl\/new\/presidente-de-fedeleche-realiza-balance-y-perspectivas-del-sector-lacteo\/#breadcrumb"},"inLanguage":"es","potentialAction":[{"@type":"ReadAction","target":["https:\/\/www.mundoagropecuario.cl\/new\/presidente-de-fedeleche-realiza-balance-y-perspectivas-del-sector-lacteo\/"]}]},{"@type":"ImageObject","inLanguage":"es","@id":"https:\/\/www.mundoagropecuario.cl\/new\/presidente-de-fedeleche-realiza-balance-y-perspectivas-del-sector-lacteo\/#primaryimage","url":"https:\/\/www.mundoagropecuario.cl\/new\/wp-content\/uploads\/2020\/12\/leche.jpg","contentUrl":"https:\/\/www.mundoagropecuario.cl\/new\/wp-content\/uploads\/2020\/12\/leche.jpg","width":655,"height":400},{"@type":"BreadcrumbList","@id":"https:\/\/www.mundoagropecuario.cl\/new\/presidente-de-fedeleche-realiza-balance-y-perspectivas-del-sector-lacteo\/#breadcrumb","itemListElement":[{"@type":"ListItem","position":1,"name":"Portada","item":"https:\/\/www.mundoagropecuario.cl\/new\/"},{"@type":"ListItem","position":2,"name":"Presidente de Fedeleche realiza balance y perspectivas del sector l\u00e1cteo"}]},{"@type":"WebSite","@id":"https:\/\/www.mundoagropecuario.cl\/new\/#website","url":"https:\/\/www.mundoagropecuario.cl\/new\/","name":"Mundoagropecuario","description":"Mundo Agropecuario","publisher":{"@id":"https:\/\/www.mundoagropecuario.cl\/new\/#organization"},"potentialAction":[{"@type":"SearchAction","target":{"@type":"EntryPoint","urlTemplate":"https:\/\/www.mundoagropecuario.cl\/new\/?s={search_term_string}"},"query-input":{"@type":"PropertyValueSpecification","valueRequired":true,"valueName":"search_term_string"}}],"inLanguage":"es"},{"@type":"Organization","@id":"https:\/\/www.mundoagropecuario.cl\/new\/#organization","name":"Revista de Agricultura","url":"https:\/\/www.mundoagropecuario.cl\/new\/","logo":{"@type":"ImageObject","inLanguage":"es","@id":"https:\/\/www.mundoagropecuario.cl\/new\/#\/schema\/logo\/image\/","url":"https:\/\/www.mundoagropecuario.cl\/new\/wp-content\/uploads\/2020\/11\/PORTAL-1-1.png","contentUrl":"https:\/\/www.mundoagropecuario.cl\/new\/wp-content\/uploads\/2020\/11\/PORTAL-1-1.png","width":1026,"height":100,"caption":"Revista de Agricultura"},"image":{"@id":"https:\/\/www.mundoagropecuario.cl\/new\/#\/schema\/logo\/image\/"},"sameAs":["https:\/\/www.facebook.com\/mundo.agropecuario.3","https:\/\/x.com\/MundoAgropecuar","https:\/\/www.linkedin.com\/in\/mundo-agropecuario-934009201\/"]},{"@type":"Person","@id":"https:\/\/www.mundoagropecuario.cl\/new\/#\/schema\/person\/4e9f74a82a7dac260eb1c44b7eebeb18","name":"mundo","url":"https:\/\/www.mundoagropecuario.cl\/new\/author\/mundo\/"}]}},"_links":{"self":[{"href":"https:\/\/www.mundoagropecuario.cl\/new\/wp-json\/wp\/v2\/posts\/18269","targetHints":{"allow":["GET"]}}],"collection":[{"href":"https:\/\/www.mundoagropecuario.cl\/new\/wp-json\/wp\/v2\/posts"}],"about":[{"href":"https:\/\/www.mundoagropecuario.cl\/new\/wp-json\/wp\/v2\/types\/post"}],"author":[{"embeddable":true,"href":"https:\/\/www.mundoagropecuario.cl\/new\/wp-json\/wp\/v2\/users\/2"}],"replies":[{"embeddable":true,"href":"https:\/\/www.mundoagropecuario.cl\/new\/wp-json\/wp\/v2\/comments?post=18269"}],"version-history":[{"count":1,"href":"https:\/\/www.mundoagropecuario.cl\/new\/wp-json\/wp\/v2\/posts\/18269\/revisions"}],"predecessor-version":[{"id":18271,"href":"https:\/\/www.mundoagropecuario.cl\/new\/wp-json\/wp\/v2\/posts\/18269\/revisions\/18271"}],"wp:featuredmedia":[{"embeddable":true,"href":"https:\/\/www.mundoagropecuario.cl\/new\/wp-json\/wp\/v2\/media\/17206"}],"wp:attachment":[{"href":"https:\/\/www.mundoagropecuario.cl\/new\/wp-json\/wp\/v2\/media?parent=18269"}],"wp:term":[{"taxonomy":"category","embeddable":true,"href":"https:\/\/www.mundoagropecuario.cl\/new\/wp-json\/wp\/v2\/categories?post=18269"},{"taxonomy":"post_tag","embeddable":true,"href":"https:\/\/www.mundoagropecuario.cl\/new\/wp-json\/wp\/v2\/tags?post=18269"}],"curies":[{"name":"wp","href":"https:\/\/api.w.org\/{rel}","templated":true}]}}