{"id":18229,"date":"2021-03-09T13:27:24","date_gmt":"2021-03-09T16:27:24","guid":{"rendered":"https:\/\/www.mundoagropecuario.cl\/new\/?p=18229"},"modified":"2021-03-11T12:53:25","modified_gmt":"2021-03-11T15:53:25","slug":"soprole-food-professionals-presenta-su-manjar-artesanal","status":"publish","type":"post","link":"https:\/\/www.mundoagropecuario.cl\/new\/soprole-food-professionals-presenta-su-manjar-artesanal\/","title":{"rendered":"Soprole Food Professionals presenta su Manjar Artesanal"},"content":{"rendered":"<blockquote>\n<h2><strong><span style=\"color: #ff0000;\">El producto destinado a satisfacer la exigente demanda que hoy vive la industria repostera en cuanto al uso de insumos l\u00e1cteos de primera calidad, es ideal para rellenos y decoraci\u00f3n fina.<\/span><\/strong><\/h2>\n<\/blockquote>\n<p>Soprole Food Professionals presenta su Manjar Artesanal Premium, producto de inigualable sabor casero elaborado con ingredientes de calidad superior, el cual destaca por su consistencia, lo que lo hace ideal para las diversas preparaciones del mercado culinario repostero o bakery.<\/p>\n<p><a href=\"https:\/\/www.mundoagropecuario.cl\/new\/wp-content\/uploads\/2021\/03\/Manjar_soprole_5Kg_Artesanal.png\"><img loading=\"lazy\" decoding=\"async\" class=\"size-full wp-image-18230 alignright\" src=\"https:\/\/www.mundoagropecuario.cl\/new\/wp-content\/uploads\/2021\/03\/Manjar_soprole_5Kg_Artesanal.png\" alt=\"\" width=\"354\" height=\"458\" \/><\/a>\u201cDentro de la variada gama de productos de primera l\u00ednea desarrollados por Soprole Food Professionals, el Manjar Artesanal Premium, cuenta con diversos atributos importantes de destacar como, por ejemplo, su versatilidad, ya que puede ser utilizado tanto en rellenos como en decoraciones, sumando a que su textura permite un excelente espatulado y mangueado. Nuestra compa\u00f1\u00eda conoce la importancia que tienen los ingredientes para cada uno de nuestros clientes, y que los insumos l\u00e1cteos son clave para generar preparaciones de calidad que satisfagan el palada<span style=\"color: #ff0000;\"><span style=\"color: #000000;\">r <span style=\"color: #003300;\">de sus consumidores d\u00eda a d\u00eda<\/span>\u201d<\/span>,<\/span> <span style=\"color: #ff0000;\">explica Mar\u00eda Octavia, Guerra Marketing y Channel Manager de Soprole Food Professionals.<\/span><\/p>\n<p>La profesional a\u00f1ade que \u201cel Manjar Artesanal Premium de 5 kilos, es el complemento perfecto para la preparaci\u00f3n de tortas finas, pasteles, brazos de reina, galletas, boller\u00edas y pan.\u00a0 Adem\u00e1s, tiene ese cl\u00e1sico sabor casero y su caracter\u00edstico color, atributos siempre muy valorados por los consumidores\u201d.<\/p>\n<p><strong><span style=\"color: #ff0000;\">Distribuci\u00f3n a lo largo del pa\u00eds<\/span><\/strong><\/p>\n<p>Soprole cuenta con cobertura desde Arica a Punta Arenas, por lo que cualquier empresa, pasteler\u00eda o negocio que necesite el Manjar Artesanal Premium puede solicitar el producto sin problemas.<\/p>\n<p>\u201cComo empresa creemos con total convicci\u00f3n de que una pasteler\u00eda marca la diferencia en su oferta gastron\u00f3mica, al momento de contar con proveedores capaces de entregar los mejores ingredientes\u201d, explica Mar\u00eda Octavia Guerra, quien agrega que en Soprole Food Professionals, cuentan con una amplia red de asesores t\u00e9cnicos a lo largo del pa\u00eds que capacita a los clientes sobre los productos en sus locales.<\/p>\n","protected":false},"excerpt":{"rendered":"<p>El producto destinado a satisfacer la exigente demanda que hoy vive la industria repostera en cuanto al uso de insumos l\u00e1cteos de primera calidad<\/p>\n","protected":false},"author":2,"featured_media":18231,"comment_status":"closed","ping_status":"closed","sticky":false,"template":"","format":"standard","meta":{"footnotes":""},"categories":[1946],"tags":[542,2058,2141,2051,5321,5322,2298],"class_list":["post-18229","post","type-post","status-publish","format-standard","has-post-thumbnail","hentry","category-lacteos","tag-cambio-climatico","tag-fedeleche","tag-lacteos","tag-leche","tag-manjar","tag-manjar-artesanal","tag-soprole"],"yoast_head":"<!-- This site is optimized with the Yoast SEO plugin v26.6 - https:\/\/yoast.com\/wordpress\/plugins\/seo\/ -->\n<title>Soprole Food Professionals presenta su Manjar Artesanal - Mundoagropecuario<\/title>\n<meta name=\"description\" content=\"Soprole Food Professionals presenta su Manjar Artesanal Premium, producto de inigualable sabor casero, insumos l\u00e1cteos de primera calidad\" \/>\n<meta name=\"robots\" content=\"index, follow, max-snippet:-1, max-image-preview:large, max-video-preview:-1\" \/>\n<link rel=\"canonical\" href=\"https:\/\/www.mundoagropecuario.cl\/new\/soprole-food-professionals-presenta-su-manjar-artesanal\/\" \/>\n<meta property=\"og:locale\" content=\"es_ES\" \/>\n<meta property=\"og:type\" content=\"article\" \/>\n<meta property=\"og:title\" content=\"Soprole Food Professionals presenta su Manjar Artesanal - Mundoagropecuario\" \/>\n<meta property=\"og:description\" content=\"Soprole Food Professionals presenta su Manjar Artesanal Premium, producto de inigualable sabor casero, insumos l\u00e1cteos de primera calidad\" \/>\n<meta property=\"og:url\" content=\"https:\/\/www.mundoagropecuario.cl\/new\/soprole-food-professionals-presenta-su-manjar-artesanal\/\" \/>\n<meta property=\"og:site_name\" content=\"Mundoagropecuario\" \/>\n<meta property=\"article:publisher\" content=\"https:\/\/www.facebook.com\/mundo.agropecuario.3\" \/>\n<meta property=\"article:published_time\" content=\"2021-03-09T16:27:24+00:00\" \/>\n<meta property=\"article:modified_time\" content=\"2021-03-11T15:53:25+00:00\" \/>\n<meta property=\"og:image\" content=\"https:\/\/www.mundoagropecuario.cl\/new\/wp-content\/uploads\/2021\/03\/Manjar-.jpg\" \/>\n\t<meta property=\"og:image:width\" content=\"640\" \/>\n\t<meta property=\"og:image:height\" content=\"360\" \/>\n\t<meta property=\"og:image:type\" content=\"image\/jpeg\" \/>\n<meta name=\"author\" content=\"mundo\" \/>\n<meta name=\"twitter:card\" content=\"summary_large_image\" \/>\n<meta name=\"twitter:creator\" content=\"@MundoAgropecuar\" \/>\n<meta name=\"twitter:site\" content=\"@MundoAgropecuar\" \/>\n<meta name=\"twitter:label1\" content=\"Escrito por\" \/>\n\t<meta name=\"twitter:data1\" content=\"mundo\" \/>\n\t<meta name=\"twitter:label2\" content=\"Tiempo de lectura\" \/>\n\t<meta name=\"twitter:data2\" content=\"2 minutos\" \/>\n<script type=\"application\/ld+json\" class=\"yoast-schema-graph\">{\"@context\":\"https:\/\/schema.org\",\"@graph\":[{\"@type\":\"Article\",\"@id\":\"https:\/\/www.mundoagropecuario.cl\/new\/soprole-food-professionals-presenta-su-manjar-artesanal\/#article\",\"isPartOf\":{\"@id\":\"https:\/\/www.mundoagropecuario.cl\/new\/soprole-food-professionals-presenta-su-manjar-artesanal\/\"},\"author\":{\"name\":\"mundo\",\"@id\":\"https:\/\/www.mundoagropecuario.cl\/new\/#\/schema\/person\/4e9f74a82a7dac260eb1c44b7eebeb18\"},\"headline\":\"Soprole Food Professionals presenta su Manjar Artesanal\",\"datePublished\":\"2021-03-09T16:27:24+00:00\",\"dateModified\":\"2021-03-11T15:53:25+00:00\",\"mainEntityOfPage\":{\"@id\":\"https:\/\/www.mundoagropecuario.cl\/new\/soprole-food-professionals-presenta-su-manjar-artesanal\/\"},\"wordCount\":348,\"publisher\":{\"@id\":\"https:\/\/www.mundoagropecuario.cl\/new\/#organization\"},\"image\":{\"@id\":\"https:\/\/www.mundoagropecuario.cl\/new\/soprole-food-professionals-presenta-su-manjar-artesanal\/#primaryimage\"},\"thumbnailUrl\":\"https:\/\/www.mundoagropecuario.cl\/new\/wp-content\/uploads\/2021\/03\/Manjar-.jpg\",\"keywords\":[\"Cambio clim\u00e1tico\",\"Fedeleche\",\"L\u00e1cteos\",\"Leche\",\"Manjar\",\"Manjar Artesanal\",\"Soprole\"],\"articleSection\":[\"L\u00e1cteos\"],\"inLanguage\":\"es\"},{\"@type\":\"WebPage\",\"@id\":\"https:\/\/www.mundoagropecuario.cl\/new\/soprole-food-professionals-presenta-su-manjar-artesanal\/\",\"url\":\"https:\/\/www.mundoagropecuario.cl\/new\/soprole-food-professionals-presenta-su-manjar-artesanal\/\",\"name\":\"Soprole Food Professionals presenta su Manjar Artesanal - Mundoagropecuario\",\"isPartOf\":{\"@id\":\"https:\/\/www.mundoagropecuario.cl\/new\/#website\"},\"primaryImageOfPage\":{\"@id\":\"https:\/\/www.mundoagropecuario.cl\/new\/soprole-food-professionals-presenta-su-manjar-artesanal\/#primaryimage\"},\"image\":{\"@id\":\"https:\/\/www.mundoagropecuario.cl\/new\/soprole-food-professionals-presenta-su-manjar-artesanal\/#primaryimage\"},\"thumbnailUrl\":\"https:\/\/www.mundoagropecuario.cl\/new\/wp-content\/uploads\/2021\/03\/Manjar-.jpg\",\"datePublished\":\"2021-03-09T16:27:24+00:00\",\"dateModified\":\"2021-03-11T15:53:25+00:00\",\"description\":\"Soprole Food Professionals presenta su Manjar Artesanal Premium, producto de inigualable sabor casero, insumos l\u00e1cteos de primera calidad\",\"breadcrumb\":{\"@id\":\"https:\/\/www.mundoagropecuario.cl\/new\/soprole-food-professionals-presenta-su-manjar-artesanal\/#breadcrumb\"},\"inLanguage\":\"es\",\"potentialAction\":[{\"@type\":\"ReadAction\",\"target\":[\"https:\/\/www.mundoagropecuario.cl\/new\/soprole-food-professionals-presenta-su-manjar-artesanal\/\"]}]},{\"@type\":\"ImageObject\",\"inLanguage\":\"es\",\"@id\":\"https:\/\/www.mundoagropecuario.cl\/new\/soprole-food-professionals-presenta-su-manjar-artesanal\/#primaryimage\",\"url\":\"https:\/\/www.mundoagropecuario.cl\/new\/wp-content\/uploads\/2021\/03\/Manjar-.jpg\",\"contentUrl\":\"https:\/\/www.mundoagropecuario.cl\/new\/wp-content\/uploads\/2021\/03\/Manjar-.jpg\",\"width\":640,\"height\":360},{\"@type\":\"BreadcrumbList\",\"@id\":\"https:\/\/www.mundoagropecuario.cl\/new\/soprole-food-professionals-presenta-su-manjar-artesanal\/#breadcrumb\",\"itemListElement\":[{\"@type\":\"ListItem\",\"position\":1,\"name\":\"Portada\",\"item\":\"https:\/\/www.mundoagropecuario.cl\/new\/\"},{\"@type\":\"ListItem\",\"position\":2,\"name\":\"Soprole Food Professionals presenta su Manjar Artesanal\"}]},{\"@type\":\"WebSite\",\"@id\":\"https:\/\/www.mundoagropecuario.cl\/new\/#website\",\"url\":\"https:\/\/www.mundoagropecuario.cl\/new\/\",\"name\":\"Mundoagropecuario\",\"description\":\"Mundo Agropecuario\",\"publisher\":{\"@id\":\"https:\/\/www.mundoagropecuario.cl\/new\/#organization\"},\"potentialAction\":[{\"@type\":\"SearchAction\",\"target\":{\"@type\":\"EntryPoint\",\"urlTemplate\":\"https:\/\/www.mundoagropecuario.cl\/new\/?s={search_term_string}\"},\"query-input\":{\"@type\":\"PropertyValueSpecification\",\"valueRequired\":true,\"valueName\":\"search_term_string\"}}],\"inLanguage\":\"es\"},{\"@type\":\"Organization\",\"@id\":\"https:\/\/www.mundoagropecuario.cl\/new\/#organization\",\"name\":\"Revista de Agricultura\",\"url\":\"https:\/\/www.mundoagropecuario.cl\/new\/\",\"logo\":{\"@type\":\"ImageObject\",\"inLanguage\":\"es\",\"@id\":\"https:\/\/www.mundoagropecuario.cl\/new\/#\/schema\/logo\/image\/\",\"url\":\"https:\/\/www.mundoagropecuario.cl\/new\/wp-content\/uploads\/2020\/11\/PORTAL-1-1.png\",\"contentUrl\":\"https:\/\/www.mundoagropecuario.cl\/new\/wp-content\/uploads\/2020\/11\/PORTAL-1-1.png\",\"width\":1026,\"height\":100,\"caption\":\"Revista de Agricultura\"},\"image\":{\"@id\":\"https:\/\/www.mundoagropecuario.cl\/new\/#\/schema\/logo\/image\/\"},\"sameAs\":[\"https:\/\/www.facebook.com\/mundo.agropecuario.3\",\"https:\/\/x.com\/MundoAgropecuar\",\"https:\/\/www.linkedin.com\/in\/mundo-agropecuario-934009201\/\"]},{\"@type\":\"Person\",\"@id\":\"https:\/\/www.mundoagropecuario.cl\/new\/#\/schema\/person\/4e9f74a82a7dac260eb1c44b7eebeb18\",\"name\":\"mundo\",\"url\":\"https:\/\/www.mundoagropecuario.cl\/new\/author\/mundo\/\"}]}<\/script>\n<!-- \/ Yoast SEO plugin. -->","yoast_head_json":{"title":"Soprole Food Professionals presenta su Manjar Artesanal - Mundoagropecuario","description":"Soprole Food Professionals presenta su Manjar Artesanal Premium, producto de inigualable sabor casero, insumos l\u00e1cteos de primera calidad","robots":{"index":"index","follow":"follow","max-snippet":"max-snippet:-1","max-image-preview":"max-image-preview:large","max-video-preview":"max-video-preview:-1"},"canonical":"https:\/\/www.mundoagropecuario.cl\/new\/soprole-food-professionals-presenta-su-manjar-artesanal\/","og_locale":"es_ES","og_type":"article","og_title":"Soprole Food Professionals presenta su Manjar Artesanal - Mundoagropecuario","og_description":"Soprole Food Professionals presenta su Manjar Artesanal Premium, producto de inigualable sabor casero, insumos l\u00e1cteos de primera calidad","og_url":"https:\/\/www.mundoagropecuario.cl\/new\/soprole-food-professionals-presenta-su-manjar-artesanal\/","og_site_name":"Mundoagropecuario","article_publisher":"https:\/\/www.facebook.com\/mundo.agropecuario.3","article_published_time":"2021-03-09T16:27:24+00:00","article_modified_time":"2021-03-11T15:53:25+00:00","og_image":[{"width":640,"height":360,"url":"https:\/\/www.mundoagropecuario.cl\/new\/wp-content\/uploads\/2021\/03\/Manjar-.jpg","type":"image\/jpeg"}],"author":"mundo","twitter_card":"summary_large_image","twitter_creator":"@MundoAgropecuar","twitter_site":"@MundoAgropecuar","twitter_misc":{"Escrito por":"mundo","Tiempo de lectura":"2 minutos"},"schema":{"@context":"https:\/\/schema.org","@graph":[{"@type":"Article","@id":"https:\/\/www.mundoagropecuario.cl\/new\/soprole-food-professionals-presenta-su-manjar-artesanal\/#article","isPartOf":{"@id":"https:\/\/www.mundoagropecuario.cl\/new\/soprole-food-professionals-presenta-su-manjar-artesanal\/"},"author":{"name":"mundo","@id":"https:\/\/www.mundoagropecuario.cl\/new\/#\/schema\/person\/4e9f74a82a7dac260eb1c44b7eebeb18"},"headline":"Soprole Food Professionals presenta su Manjar Artesanal","datePublished":"2021-03-09T16:27:24+00:00","dateModified":"2021-03-11T15:53:25+00:00","mainEntityOfPage":{"@id":"https:\/\/www.mundoagropecuario.cl\/new\/soprole-food-professionals-presenta-su-manjar-artesanal\/"},"wordCount":348,"publisher":{"@id":"https:\/\/www.mundoagropecuario.cl\/new\/#organization"},"image":{"@id":"https:\/\/www.mundoagropecuario.cl\/new\/soprole-food-professionals-presenta-su-manjar-artesanal\/#primaryimage"},"thumbnailUrl":"https:\/\/www.mundoagropecuario.cl\/new\/wp-content\/uploads\/2021\/03\/Manjar-.jpg","keywords":["Cambio clim\u00e1tico","Fedeleche","L\u00e1cteos","Leche","Manjar","Manjar Artesanal","Soprole"],"articleSection":["L\u00e1cteos"],"inLanguage":"es"},{"@type":"WebPage","@id":"https:\/\/www.mundoagropecuario.cl\/new\/soprole-food-professionals-presenta-su-manjar-artesanal\/","url":"https:\/\/www.mundoagropecuario.cl\/new\/soprole-food-professionals-presenta-su-manjar-artesanal\/","name":"Soprole Food Professionals presenta su Manjar Artesanal - Mundoagropecuario","isPartOf":{"@id":"https:\/\/www.mundoagropecuario.cl\/new\/#website"},"primaryImageOfPage":{"@id":"https:\/\/www.mundoagropecuario.cl\/new\/soprole-food-professionals-presenta-su-manjar-artesanal\/#primaryimage"},"image":{"@id":"https:\/\/www.mundoagropecuario.cl\/new\/soprole-food-professionals-presenta-su-manjar-artesanal\/#primaryimage"},"thumbnailUrl":"https:\/\/www.mundoagropecuario.cl\/new\/wp-content\/uploads\/2021\/03\/Manjar-.jpg","datePublished":"2021-03-09T16:27:24+00:00","dateModified":"2021-03-11T15:53:25+00:00","description":"Soprole Food Professionals presenta su Manjar Artesanal Premium, producto de inigualable sabor casero, insumos l\u00e1cteos de primera calidad","breadcrumb":{"@id":"https:\/\/www.mundoagropecuario.cl\/new\/soprole-food-professionals-presenta-su-manjar-artesanal\/#breadcrumb"},"inLanguage":"es","potentialAction":[{"@type":"ReadAction","target":["https:\/\/www.mundoagropecuario.cl\/new\/soprole-food-professionals-presenta-su-manjar-artesanal\/"]}]},{"@type":"ImageObject","inLanguage":"es","@id":"https:\/\/www.mundoagropecuario.cl\/new\/soprole-food-professionals-presenta-su-manjar-artesanal\/#primaryimage","url":"https:\/\/www.mundoagropecuario.cl\/new\/wp-content\/uploads\/2021\/03\/Manjar-.jpg","contentUrl":"https:\/\/www.mundoagropecuario.cl\/new\/wp-content\/uploads\/2021\/03\/Manjar-.jpg","width":640,"height":360},{"@type":"BreadcrumbList","@id":"https:\/\/www.mundoagropecuario.cl\/new\/soprole-food-professionals-presenta-su-manjar-artesanal\/#breadcrumb","itemListElement":[{"@type":"ListItem","position":1,"name":"Portada","item":"https:\/\/www.mundoagropecuario.cl\/new\/"},{"@type":"ListItem","position":2,"name":"Soprole Food Professionals presenta su Manjar Artesanal"}]},{"@type":"WebSite","@id":"https:\/\/www.mundoagropecuario.cl\/new\/#website","url":"https:\/\/www.mundoagropecuario.cl\/new\/","name":"Mundoagropecuario","description":"Mundo Agropecuario","publisher":{"@id":"https:\/\/www.mundoagropecuario.cl\/new\/#organization"},"potentialAction":[{"@type":"SearchAction","target":{"@type":"EntryPoint","urlTemplate":"https:\/\/www.mundoagropecuario.cl\/new\/?s={search_term_string}"},"query-input":{"@type":"PropertyValueSpecification","valueRequired":true,"valueName":"search_term_string"}}],"inLanguage":"es"},{"@type":"Organization","@id":"https:\/\/www.mundoagropecuario.cl\/new\/#organization","name":"Revista de Agricultura","url":"https:\/\/www.mundoagropecuario.cl\/new\/","logo":{"@type":"ImageObject","inLanguage":"es","@id":"https:\/\/www.mundoagropecuario.cl\/new\/#\/schema\/logo\/image\/","url":"https:\/\/www.mundoagropecuario.cl\/new\/wp-content\/uploads\/2020\/11\/PORTAL-1-1.png","contentUrl":"https:\/\/www.mundoagropecuario.cl\/new\/wp-content\/uploads\/2020\/11\/PORTAL-1-1.png","width":1026,"height":100,"caption":"Revista de Agricultura"},"image":{"@id":"https:\/\/www.mundoagropecuario.cl\/new\/#\/schema\/logo\/image\/"},"sameAs":["https:\/\/www.facebook.com\/mundo.agropecuario.3","https:\/\/x.com\/MundoAgropecuar","https:\/\/www.linkedin.com\/in\/mundo-agropecuario-934009201\/"]},{"@type":"Person","@id":"https:\/\/www.mundoagropecuario.cl\/new\/#\/schema\/person\/4e9f74a82a7dac260eb1c44b7eebeb18","name":"mundo","url":"https:\/\/www.mundoagropecuario.cl\/new\/author\/mundo\/"}]}},"_links":{"self":[{"href":"https:\/\/www.mundoagropecuario.cl\/new\/wp-json\/wp\/v2\/posts\/18229","targetHints":{"allow":["GET"]}}],"collection":[{"href":"https:\/\/www.mundoagropecuario.cl\/new\/wp-json\/wp\/v2\/posts"}],"about":[{"href":"https:\/\/www.mundoagropecuario.cl\/new\/wp-json\/wp\/v2\/types\/post"}],"author":[{"embeddable":true,"href":"https:\/\/www.mundoagropecuario.cl\/new\/wp-json\/wp\/v2\/users\/2"}],"replies":[{"embeddable":true,"href":"https:\/\/www.mundoagropecuario.cl\/new\/wp-json\/wp\/v2\/comments?post=18229"}],"version-history":[{"count":1,"href":"https:\/\/www.mundoagropecuario.cl\/new\/wp-json\/wp\/v2\/posts\/18229\/revisions"}],"predecessor-version":[{"id":18232,"href":"https:\/\/www.mundoagropecuario.cl\/new\/wp-json\/wp\/v2\/posts\/18229\/revisions\/18232"}],"wp:featuredmedia":[{"embeddable":true,"href":"https:\/\/www.mundoagropecuario.cl\/new\/wp-json\/wp\/v2\/media\/18231"}],"wp:attachment":[{"href":"https:\/\/www.mundoagropecuario.cl\/new\/wp-json\/wp\/v2\/media?parent=18229"}],"wp:term":[{"taxonomy":"category","embeddable":true,"href":"https:\/\/www.mundoagropecuario.cl\/new\/wp-json\/wp\/v2\/categories?post=18229"},{"taxonomy":"post_tag","embeddable":true,"href":"https:\/\/www.mundoagropecuario.cl\/new\/wp-json\/wp\/v2\/tags?post=18229"}],"curies":[{"name":"wp","href":"https:\/\/api.w.org\/{rel}","templated":true}]}}