{"id":18178,"date":"2021-03-04T10:41:34","date_gmt":"2021-03-04T13:41:34","guid":{"rendered":"https:\/\/www.mundoagropecuario.cl\/new\/?p=18178"},"modified":"2021-03-08T10:52:47","modified_gmt":"2021-03-08T13:52:47","slug":"sag-y-carabineros-coordinan-trabajo-conjunto-en-la-provincia-de-biobio","status":"publish","type":"post","link":"https:\/\/www.mundoagropecuario.cl\/new\/sag-y-carabineros-coordinan-trabajo-conjunto-en-la-provincia-de-biobio\/","title":{"rendered":"SAG y Carabineros coordinan trabajo conjunto en la provincia de Biob\u00edo"},"content":{"rendered":"<blockquote>\n<h2><span style=\"color: #003300;\">\u00a0Con la finalidad de coordinar el trabajo conjunto en el Biob\u00edo, Carabineros de Chile y el SAG, est\u00e1n realizando reuniones y capacitaciones en relaci\u00f3n al uso de los Campos de Pastoreo Cordillerano en las zonas lim\u00edtrofes de la regi\u00f3n y a la atenci\u00f3n de denuncias de ejemplares de fauna silvestre heridos o con problemas de desplazamiento.<\/span><\/h2>\n<\/blockquote>\n<p>Al respecto, la Directora Regional (s) del SAG de Biob\u00edo, Evelyn Neira Acosta, indic\u00f3 que \u201ccon Carabineros tenemos actividades en las que debemos actuar en forma coordinada, por ello es importante reunirnos, conversar los procedimientos institucionales y la competencia de cada uno. Estas acciones nos permiten, a trav\u00e9s de casos pr\u00e1cticos, aclarar dudas o evaluar situaciones a las que eventualmente nos podr\u00edamos enfrentar\u201d.<\/p>\n<p>Por su parte, el Comandante de la Prefectura de Biob\u00edo, Teniente Coronel Fuad Chaban Vilches, destac\u00f3 que \u201cesta coordinaci\u00f3n nos permite contar con los canales directos para informar al SAG y solicitar instrucciones de aquellos procedimientos en los que tienen competencia; y hemos organizado y planificado charlas informativas sobre estas dos tem\u00e1ticas para el personal que tenemos en las unidades base como en los destacamentos urbanos y rurales, espec\u00edficamente, en este \u00faltimo caso, a las avanzadas que tenemos en la regi\u00f3n, en las que se realizan distintos tipos de servicios y fiscalizaci\u00f3n de las leyes propias del SAG\u201d.<\/p>\n<p>En este sentido, la directiva del SAG explic\u00f3 que \u201cpara resguardar el patrimonio sanitario, evitando el ingreso de alguna enfermedad al territorio nacional y el contacto con animales en el sector cordillerano, el SAG autoriza el uso de los campos de pastoreo, los que en esta temporada fueron 42, los cuales est\u00e1n ubicados en las comunas de Antuco y Alto Biob\u00edo, zonas en las que se encuentran 4 avanzadas de Carabineros, por ello es importante la coordinaci\u00f3n entre ambas instituciones\u201d.<\/p>\n<p>Asimismo, agreg\u00f3, que en el caso de las atenciones de denuncias de fauna silvestre se han realizado capacitaciones con el fin de dar a conocer el procedimiento establecido por el SAG, en el cual se considera la atenci\u00f3n de aquellos ejemplares heridos o con problemas de movilidad, o que se encuentren fuera de su h\u00e1bitat natural.<\/p>\n<p>Record\u00f3 que en caso de avistamientos de fauna silvestre y que \u00e9stos no presenten alguna lesi\u00f3n o problema de movilidad \u201ces necesario no molestarlos y dejarlos que retornen de forma voluntaria a su h\u00e1bitat, ya que la manipulaci\u00f3n inadecuada y el cautiverio son un grave da\u00f1o que se les provoca a estas especies\u201d.<\/p>\n","protected":false},"excerpt":{"rendered":"<p>Carabineros de Chile y el SAG, est\u00e1n realizando reuniones y capacitaciones en relaci\u00f3n al uso de los Campos de Pastoreo Cordillerano en las zonas lim\u00edtrofes<\/p>\n","protected":false},"author":2,"featured_media":18179,"comment_status":"closed","ping_status":"closed","sticky":false,"template":"","format":"standard","meta":{"footnotes":""},"categories":[1945],"tags":[5298,508,2036],"class_list":["post-18178","post","type-post","status-publish","format-standard","has-post-thumbnail","hentry","category-agricultura","tag-campos-de-pastoreo","tag-carabineros","tag-sag"],"yoast_head":"<!-- This site is optimized with the Yoast SEO plugin v26.6 - https:\/\/yoast.com\/wordpress\/plugins\/seo\/ -->\n<title>SAG y Carabineros coordinan trabajo conjunto en la provincia de Biob\u00edo - Mundoagropecuario<\/title>\n<meta name=\"description\" content=\"Carabineros de Chile y el SAG, est\u00e1n realizando reuniones y capacitaciones en relaci\u00f3n al uso de los Campos de Pastoreo\" \/>\n<meta name=\"robots\" content=\"index, follow, max-snippet:-1, max-image-preview:large, max-video-preview:-1\" \/>\n<link rel=\"canonical\" href=\"https:\/\/www.mundoagropecuario.cl\/new\/sag-y-carabineros-coordinan-trabajo-conjunto-en-la-provincia-de-biobio\/\" \/>\n<meta property=\"og:locale\" content=\"es_ES\" \/>\n<meta property=\"og:type\" content=\"article\" \/>\n<meta property=\"og:title\" content=\"SAG y Carabineros coordinan trabajo conjunto en la provincia de Biob\u00edo - Mundoagropecuario\" \/>\n<meta property=\"og:description\" content=\"Carabineros de Chile y el SAG, est\u00e1n realizando reuniones y capacitaciones en relaci\u00f3n al uso de los Campos de Pastoreo\" \/>\n<meta property=\"og:url\" content=\"https:\/\/www.mundoagropecuario.cl\/new\/sag-y-carabineros-coordinan-trabajo-conjunto-en-la-provincia-de-biobio\/\" \/>\n<meta property=\"og:site_name\" content=\"Mundoagropecuario\" \/>\n<meta property=\"article:publisher\" content=\"https:\/\/www.facebook.com\/mundo.agropecuario.3\" \/>\n<meta property=\"article:published_time\" content=\"2021-03-04T13:41:34+00:00\" \/>\n<meta property=\"article:modified_time\" content=\"2021-03-08T13:52:47+00:00\" \/>\n<meta property=\"og:image\" content=\"https:\/\/www.mundoagropecuario.cl\/new\/wp-content\/uploads\/2021\/03\/Sag-y-carabineros-scaled.jpg\" \/>\n\t<meta property=\"og:image:width\" content=\"1024\" \/>\n\t<meta property=\"og:image:height\" content=\"768\" \/>\n\t<meta property=\"og:image:type\" content=\"image\/jpeg\" \/>\n<meta name=\"author\" content=\"mundo\" \/>\n<meta name=\"twitter:card\" content=\"summary_large_image\" \/>\n<meta name=\"twitter:creator\" content=\"@MundoAgropecuar\" \/>\n<meta name=\"twitter:site\" content=\"@MundoAgropecuar\" \/>\n<meta name=\"twitter:label1\" content=\"Escrito por\" \/>\n\t<meta name=\"twitter:data1\" content=\"mundo\" \/>\n\t<meta name=\"twitter:label2\" content=\"Tiempo de lectura\" \/>\n\t<meta name=\"twitter:data2\" content=\"2 minutos\" \/>\n<script type=\"application\/ld+json\" class=\"yoast-schema-graph\">{\"@context\":\"https:\/\/schema.org\",\"@graph\":[{\"@type\":\"Article\",\"@id\":\"https:\/\/www.mundoagropecuario.cl\/new\/sag-y-carabineros-coordinan-trabajo-conjunto-en-la-provincia-de-biobio\/#article\",\"isPartOf\":{\"@id\":\"https:\/\/www.mundoagropecuario.cl\/new\/sag-y-carabineros-coordinan-trabajo-conjunto-en-la-provincia-de-biobio\/\"},\"author\":{\"name\":\"mundo\",\"@id\":\"https:\/\/www.mundoagropecuario.cl\/new\/#\/schema\/person\/4e9f74a82a7dac260eb1c44b7eebeb18\"},\"headline\":\"SAG y Carabineros coordinan trabajo conjunto en la provincia de Biob\u00edo\",\"datePublished\":\"2021-03-04T13:41:34+00:00\",\"dateModified\":\"2021-03-08T13:52:47+00:00\",\"mainEntityOfPage\":{\"@id\":\"https:\/\/www.mundoagropecuario.cl\/new\/sag-y-carabineros-coordinan-trabajo-conjunto-en-la-provincia-de-biobio\/\"},\"wordCount\":441,\"publisher\":{\"@id\":\"https:\/\/www.mundoagropecuario.cl\/new\/#organization\"},\"image\":{\"@id\":\"https:\/\/www.mundoagropecuario.cl\/new\/sag-y-carabineros-coordinan-trabajo-conjunto-en-la-provincia-de-biobio\/#primaryimage\"},\"thumbnailUrl\":\"https:\/\/www.mundoagropecuario.cl\/new\/wp-content\/uploads\/2021\/03\/Sag-y-carabineros-scaled.jpg\",\"keywords\":[\"Campos de Pastoreo\",\"Carabineros\",\"SAG\"],\"articleSection\":[\"Agricultura\"],\"inLanguage\":\"es\"},{\"@type\":\"WebPage\",\"@id\":\"https:\/\/www.mundoagropecuario.cl\/new\/sag-y-carabineros-coordinan-trabajo-conjunto-en-la-provincia-de-biobio\/\",\"url\":\"https:\/\/www.mundoagropecuario.cl\/new\/sag-y-carabineros-coordinan-trabajo-conjunto-en-la-provincia-de-biobio\/\",\"name\":\"SAG y Carabineros coordinan trabajo conjunto en la provincia de Biob\u00edo - Mundoagropecuario\",\"isPartOf\":{\"@id\":\"https:\/\/www.mundoagropecuario.cl\/new\/#website\"},\"primaryImageOfPage\":{\"@id\":\"https:\/\/www.mundoagropecuario.cl\/new\/sag-y-carabineros-coordinan-trabajo-conjunto-en-la-provincia-de-biobio\/#primaryimage\"},\"image\":{\"@id\":\"https:\/\/www.mundoagropecuario.cl\/new\/sag-y-carabineros-coordinan-trabajo-conjunto-en-la-provincia-de-biobio\/#primaryimage\"},\"thumbnailUrl\":\"https:\/\/www.mundoagropecuario.cl\/new\/wp-content\/uploads\/2021\/03\/Sag-y-carabineros-scaled.jpg\",\"datePublished\":\"2021-03-04T13:41:34+00:00\",\"dateModified\":\"2021-03-08T13:52:47+00:00\",\"description\":\"Carabineros de Chile y el SAG, est\u00e1n realizando reuniones y capacitaciones en relaci\u00f3n al uso de los Campos de Pastoreo\",\"breadcrumb\":{\"@id\":\"https:\/\/www.mundoagropecuario.cl\/new\/sag-y-carabineros-coordinan-trabajo-conjunto-en-la-provincia-de-biobio\/#breadcrumb\"},\"inLanguage\":\"es\",\"potentialAction\":[{\"@type\":\"ReadAction\",\"target\":[\"https:\/\/www.mundoagropecuario.cl\/new\/sag-y-carabineros-coordinan-trabajo-conjunto-en-la-provincia-de-biobio\/\"]}]},{\"@type\":\"ImageObject\",\"inLanguage\":\"es\",\"@id\":\"https:\/\/www.mundoagropecuario.cl\/new\/sag-y-carabineros-coordinan-trabajo-conjunto-en-la-provincia-de-biobio\/#primaryimage\",\"url\":\"https:\/\/www.mundoagropecuario.cl\/new\/wp-content\/uploads\/2021\/03\/Sag-y-carabineros-scaled.jpg\",\"contentUrl\":\"https:\/\/www.mundoagropecuario.cl\/new\/wp-content\/uploads\/2021\/03\/Sag-y-carabineros-scaled.jpg\",\"width\":533,\"height\":400},{\"@type\":\"BreadcrumbList\",\"@id\":\"https:\/\/www.mundoagropecuario.cl\/new\/sag-y-carabineros-coordinan-trabajo-conjunto-en-la-provincia-de-biobio\/#breadcrumb\",\"itemListElement\":[{\"@type\":\"ListItem\",\"position\":1,\"name\":\"Portada\",\"item\":\"https:\/\/www.mundoagropecuario.cl\/new\/\"},{\"@type\":\"ListItem\",\"position\":2,\"name\":\"SAG y Carabineros coordinan trabajo conjunto en la provincia de Biob\u00edo\"}]},{\"@type\":\"WebSite\",\"@id\":\"https:\/\/www.mundoagropecuario.cl\/new\/#website\",\"url\":\"https:\/\/www.mundoagropecuario.cl\/new\/\",\"name\":\"Mundoagropecuario\",\"description\":\"Mundo Agropecuario\",\"publisher\":{\"@id\":\"https:\/\/www.mundoagropecuario.cl\/new\/#organization\"},\"potentialAction\":[{\"@type\":\"SearchAction\",\"target\":{\"@type\":\"EntryPoint\",\"urlTemplate\":\"https:\/\/www.mundoagropecuario.cl\/new\/?s={search_term_string}\"},\"query-input\":{\"@type\":\"PropertyValueSpecification\",\"valueRequired\":true,\"valueName\":\"search_term_string\"}}],\"inLanguage\":\"es\"},{\"@type\":\"Organization\",\"@id\":\"https:\/\/www.mundoagropecuario.cl\/new\/#organization\",\"name\":\"Revista de Agricultura\",\"url\":\"https:\/\/www.mundoagropecuario.cl\/new\/\",\"logo\":{\"@type\":\"ImageObject\",\"inLanguage\":\"es\",\"@id\":\"https:\/\/www.mundoagropecuario.cl\/new\/#\/schema\/logo\/image\/\",\"url\":\"https:\/\/www.mundoagropecuario.cl\/new\/wp-content\/uploads\/2020\/11\/PORTAL-1-1.png\",\"contentUrl\":\"https:\/\/www.mundoagropecuario.cl\/new\/wp-content\/uploads\/2020\/11\/PORTAL-1-1.png\",\"width\":1026,\"height\":100,\"caption\":\"Revista de Agricultura\"},\"image\":{\"@id\":\"https:\/\/www.mundoagropecuario.cl\/new\/#\/schema\/logo\/image\/\"},\"sameAs\":[\"https:\/\/www.facebook.com\/mundo.agropecuario.3\",\"https:\/\/x.com\/MundoAgropecuar\",\"https:\/\/www.linkedin.com\/in\/mundo-agropecuario-934009201\/\"]},{\"@type\":\"Person\",\"@id\":\"https:\/\/www.mundoagropecuario.cl\/new\/#\/schema\/person\/4e9f74a82a7dac260eb1c44b7eebeb18\",\"name\":\"mundo\",\"url\":\"https:\/\/www.mundoagropecuario.cl\/new\/author\/mundo\/\"}]}<\/script>\n<!-- \/ Yoast SEO plugin. -->","yoast_head_json":{"title":"SAG y Carabineros coordinan trabajo conjunto en la provincia de Biob\u00edo - Mundoagropecuario","description":"Carabineros de Chile y el SAG, est\u00e1n realizando reuniones y capacitaciones en relaci\u00f3n al uso de los Campos de Pastoreo","robots":{"index":"index","follow":"follow","max-snippet":"max-snippet:-1","max-image-preview":"max-image-preview:large","max-video-preview":"max-video-preview:-1"},"canonical":"https:\/\/www.mundoagropecuario.cl\/new\/sag-y-carabineros-coordinan-trabajo-conjunto-en-la-provincia-de-biobio\/","og_locale":"es_ES","og_type":"article","og_title":"SAG y Carabineros coordinan trabajo conjunto en la provincia de Biob\u00edo - Mundoagropecuario","og_description":"Carabineros de Chile y el SAG, est\u00e1n realizando reuniones y capacitaciones en relaci\u00f3n al uso de los Campos de Pastoreo","og_url":"https:\/\/www.mundoagropecuario.cl\/new\/sag-y-carabineros-coordinan-trabajo-conjunto-en-la-provincia-de-biobio\/","og_site_name":"Mundoagropecuario","article_publisher":"https:\/\/www.facebook.com\/mundo.agropecuario.3","article_published_time":"2021-03-04T13:41:34+00:00","article_modified_time":"2021-03-08T13:52:47+00:00","og_image":[{"width":1024,"height":768,"url":"https:\/\/www.mundoagropecuario.cl\/new\/wp-content\/uploads\/2021\/03\/Sag-y-carabineros-scaled.jpg","type":"image\/jpeg"}],"author":"mundo","twitter_card":"summary_large_image","twitter_creator":"@MundoAgropecuar","twitter_site":"@MundoAgropecuar","twitter_misc":{"Escrito por":"mundo","Tiempo de lectura":"2 minutos"},"schema":{"@context":"https:\/\/schema.org","@graph":[{"@type":"Article","@id":"https:\/\/www.mundoagropecuario.cl\/new\/sag-y-carabineros-coordinan-trabajo-conjunto-en-la-provincia-de-biobio\/#article","isPartOf":{"@id":"https:\/\/www.mundoagropecuario.cl\/new\/sag-y-carabineros-coordinan-trabajo-conjunto-en-la-provincia-de-biobio\/"},"author":{"name":"mundo","@id":"https:\/\/www.mundoagropecuario.cl\/new\/#\/schema\/person\/4e9f74a82a7dac260eb1c44b7eebeb18"},"headline":"SAG y Carabineros coordinan trabajo conjunto en la provincia de Biob\u00edo","datePublished":"2021-03-04T13:41:34+00:00","dateModified":"2021-03-08T13:52:47+00:00","mainEntityOfPage":{"@id":"https:\/\/www.mundoagropecuario.cl\/new\/sag-y-carabineros-coordinan-trabajo-conjunto-en-la-provincia-de-biobio\/"},"wordCount":441,"publisher":{"@id":"https:\/\/www.mundoagropecuario.cl\/new\/#organization"},"image":{"@id":"https:\/\/www.mundoagropecuario.cl\/new\/sag-y-carabineros-coordinan-trabajo-conjunto-en-la-provincia-de-biobio\/#primaryimage"},"thumbnailUrl":"https:\/\/www.mundoagropecuario.cl\/new\/wp-content\/uploads\/2021\/03\/Sag-y-carabineros-scaled.jpg","keywords":["Campos de Pastoreo","Carabineros","SAG"],"articleSection":["Agricultura"],"inLanguage":"es"},{"@type":"WebPage","@id":"https:\/\/www.mundoagropecuario.cl\/new\/sag-y-carabineros-coordinan-trabajo-conjunto-en-la-provincia-de-biobio\/","url":"https:\/\/www.mundoagropecuario.cl\/new\/sag-y-carabineros-coordinan-trabajo-conjunto-en-la-provincia-de-biobio\/","name":"SAG y Carabineros coordinan trabajo conjunto en la provincia de Biob\u00edo - Mundoagropecuario","isPartOf":{"@id":"https:\/\/www.mundoagropecuario.cl\/new\/#website"},"primaryImageOfPage":{"@id":"https:\/\/www.mundoagropecuario.cl\/new\/sag-y-carabineros-coordinan-trabajo-conjunto-en-la-provincia-de-biobio\/#primaryimage"},"image":{"@id":"https:\/\/www.mundoagropecuario.cl\/new\/sag-y-carabineros-coordinan-trabajo-conjunto-en-la-provincia-de-biobio\/#primaryimage"},"thumbnailUrl":"https:\/\/www.mundoagropecuario.cl\/new\/wp-content\/uploads\/2021\/03\/Sag-y-carabineros-scaled.jpg","datePublished":"2021-03-04T13:41:34+00:00","dateModified":"2021-03-08T13:52:47+00:00","description":"Carabineros de Chile y el SAG, est\u00e1n realizando reuniones y capacitaciones en relaci\u00f3n al uso de los Campos de Pastoreo","breadcrumb":{"@id":"https:\/\/www.mundoagropecuario.cl\/new\/sag-y-carabineros-coordinan-trabajo-conjunto-en-la-provincia-de-biobio\/#breadcrumb"},"inLanguage":"es","potentialAction":[{"@type":"ReadAction","target":["https:\/\/www.mundoagropecuario.cl\/new\/sag-y-carabineros-coordinan-trabajo-conjunto-en-la-provincia-de-biobio\/"]}]},{"@type":"ImageObject","inLanguage":"es","@id":"https:\/\/www.mundoagropecuario.cl\/new\/sag-y-carabineros-coordinan-trabajo-conjunto-en-la-provincia-de-biobio\/#primaryimage","url":"https:\/\/www.mundoagropecuario.cl\/new\/wp-content\/uploads\/2021\/03\/Sag-y-carabineros-scaled.jpg","contentUrl":"https:\/\/www.mundoagropecuario.cl\/new\/wp-content\/uploads\/2021\/03\/Sag-y-carabineros-scaled.jpg","width":533,"height":400},{"@type":"BreadcrumbList","@id":"https:\/\/www.mundoagropecuario.cl\/new\/sag-y-carabineros-coordinan-trabajo-conjunto-en-la-provincia-de-biobio\/#breadcrumb","itemListElement":[{"@type":"ListItem","position":1,"name":"Portada","item":"https:\/\/www.mundoagropecuario.cl\/new\/"},{"@type":"ListItem","position":2,"name":"SAG y Carabineros coordinan trabajo conjunto en la provincia de Biob\u00edo"}]},{"@type":"WebSite","@id":"https:\/\/www.mundoagropecuario.cl\/new\/#website","url":"https:\/\/www.mundoagropecuario.cl\/new\/","name":"Mundoagropecuario","description":"Mundo Agropecuario","publisher":{"@id":"https:\/\/www.mundoagropecuario.cl\/new\/#organization"},"potentialAction":[{"@type":"SearchAction","target":{"@type":"EntryPoint","urlTemplate":"https:\/\/www.mundoagropecuario.cl\/new\/?s={search_term_string}"},"query-input":{"@type":"PropertyValueSpecification","valueRequired":true,"valueName":"search_term_string"}}],"inLanguage":"es"},{"@type":"Organization","@id":"https:\/\/www.mundoagropecuario.cl\/new\/#organization","name":"Revista de Agricultura","url":"https:\/\/www.mundoagropecuario.cl\/new\/","logo":{"@type":"ImageObject","inLanguage":"es","@id":"https:\/\/www.mundoagropecuario.cl\/new\/#\/schema\/logo\/image\/","url":"https:\/\/www.mundoagropecuario.cl\/new\/wp-content\/uploads\/2020\/11\/PORTAL-1-1.png","contentUrl":"https:\/\/www.mundoagropecuario.cl\/new\/wp-content\/uploads\/2020\/11\/PORTAL-1-1.png","width":1026,"height":100,"caption":"Revista de Agricultura"},"image":{"@id":"https:\/\/www.mundoagropecuario.cl\/new\/#\/schema\/logo\/image\/"},"sameAs":["https:\/\/www.facebook.com\/mundo.agropecuario.3","https:\/\/x.com\/MundoAgropecuar","https:\/\/www.linkedin.com\/in\/mundo-agropecuario-934009201\/"]},{"@type":"Person","@id":"https:\/\/www.mundoagropecuario.cl\/new\/#\/schema\/person\/4e9f74a82a7dac260eb1c44b7eebeb18","name":"mundo","url":"https:\/\/www.mundoagropecuario.cl\/new\/author\/mundo\/"}]}},"_links":{"self":[{"href":"https:\/\/www.mundoagropecuario.cl\/new\/wp-json\/wp\/v2\/posts\/18178","targetHints":{"allow":["GET"]}}],"collection":[{"href":"https:\/\/www.mundoagropecuario.cl\/new\/wp-json\/wp\/v2\/posts"}],"about":[{"href":"https:\/\/www.mundoagropecuario.cl\/new\/wp-json\/wp\/v2\/types\/post"}],"author":[{"embeddable":true,"href":"https:\/\/www.mundoagropecuario.cl\/new\/wp-json\/wp\/v2\/users\/2"}],"replies":[{"embeddable":true,"href":"https:\/\/www.mundoagropecuario.cl\/new\/wp-json\/wp\/v2\/comments?post=18178"}],"version-history":[{"count":1,"href":"https:\/\/www.mundoagropecuario.cl\/new\/wp-json\/wp\/v2\/posts\/18178\/revisions"}],"predecessor-version":[{"id":18180,"href":"https:\/\/www.mundoagropecuario.cl\/new\/wp-json\/wp\/v2\/posts\/18178\/revisions\/18180"}],"wp:featuredmedia":[{"embeddable":true,"href":"https:\/\/www.mundoagropecuario.cl\/new\/wp-json\/wp\/v2\/media\/18179"}],"wp:attachment":[{"href":"https:\/\/www.mundoagropecuario.cl\/new\/wp-json\/wp\/v2\/media?parent=18178"}],"wp:term":[{"taxonomy":"category","embeddable":true,"href":"https:\/\/www.mundoagropecuario.cl\/new\/wp-json\/wp\/v2\/categories?post=18178"},{"taxonomy":"post_tag","embeddable":true,"href":"https:\/\/www.mundoagropecuario.cl\/new\/wp-json\/wp\/v2\/tags?post=18178"}],"curies":[{"name":"wp","href":"https:\/\/api.w.org\/{rel}","templated":true}]}}