{"id":18148,"date":"2021-03-02T11:19:31","date_gmt":"2021-03-02T14:19:31","guid":{"rendered":"https:\/\/www.mundoagropecuario.cl\/new\/?p=18148"},"modified":"2021-03-08T12:05:27","modified_gmt":"2021-03-08T15:05:27","slug":"balance-de-exportadores-chilenos-de-cerezas-a-china","status":"publish","type":"post","link":"https:\/\/www.mundoagropecuario.cl\/new\/balance-de-exportadores-chilenos-de-cerezas-a-china\/","title":{"rendered":"Balance de exportadores chilenos de cerezas a China"},"content":{"rendered":"<blockquote>\n<h2><span style=\"color: #800000;\">Preliminarmente, Fedefruta concluye que pese a las dificultades se exportaron 350 mil toneladas, es decir, 80 mil m\u00e1s que en la temporada anterior. Sin embargo, el efecto de los problemas se notar\u00e1 en el precio (latercera.com)<\/span><\/h2>\n<\/blockquote>\n<p>A los agroexportadores de cerezas no les fue muy bien en esta temporada. La raz\u00f3n de aquello mucho tuvo que ver con la pol\u00e9mica que se desat\u00f3 en China -principal mercado de exportaci\u00f3n de esta fruta-, luego de que en enero reci\u00e9n pasado se hiciera viral en las redes sociales de ese pa\u00eds una informaci\u00f3n que alud\u00eda a hallazgos de trazas de Covid-19 en un contenedor importado.<\/p>\n<p>Esa situaci\u00f3n, que poco tard\u00f3 en afectar la demanda y los precios, se extendi\u00f3 -aunque en menor medida- hasta la semana precedente al a\u00f1o nuevo chino que se celebra el 12 de febrero. Lo anterior comprometi\u00f3 el periodo de mayores ventas e hizo que el sector agroexportador est\u00e9 pesimista respecto de una temporada que en sus inicios se anticipaba muy auspiciosa, tanto por lo la demanda del mercado, como por los buenos datos del periodo 2019-2020, donde los env\u00edos crecieron 44% interanual.<\/p>\n<p><strong><span style=\"color: #800000;\">El tropiezo que obliga a sacar lecciones tras el \u201cboom\u201d de las cerezas<\/span><\/strong><\/p>\n<p>Aunque todav\u00eda resta un remanente por ser comercializado por lo que no hay cifras cerradas en cuanto a lo recaudado, el balance preliminar de Fedefruta concluye que se exportaron 350 mil toneladas, es decir, 80 mil m\u00e1s que en la temporada anterior.<\/p>\n<p><strong><span style=\"color: #800000;\">Precios<\/span><\/strong><\/p>\n<p><a href=\"https:\/\/www.mundoagropecuario.cl\/new\/wp-content\/uploads\/2019\/12\/Cerezas.jpg\"><img loading=\"lazy\" decoding=\"async\" class=\" wp-image-15123 alignright\" src=\"https:\/\/www.mundoagropecuario.cl\/new\/wp-content\/uploads\/2019\/12\/Cerezas-586x390.jpg\" alt=\"\" width=\"493\" height=\"340\" \/><\/a>Por esa misma raz\u00f3n, y considerando que en volumen esto equivale a 70 millones de cajas aproximadamente, es que desde Fedefruta no descartan que se llegue a la meta de los US$1.800 millones, aunque esto, en la pr\u00e1ctica se traduzca en valor exportado y no en utilidad para la industria. Es decir, el sector, con todo y que export\u00f3 mayor cantidad de fruta, lo que prev\u00e9 es que los retornos sean regulares e incluso por debajo de los costos de producci\u00f3n que oscilan entre US$1,5 y US$1,80 por kilo.<\/p>\n<p>A eso es a lo que apunta el <strong><span style=\"color: #800000;\">presidente del gremio, Jorge Valenzuela,<\/span><\/strong> quien insiste en que \u201cno debemos confundir las expectativas de retornos como industria, con las utilidades que, sin duda, se ver\u00e1n muy afectadas\u201d.<\/p>\n<p>Y aunque no se cierra a proyectar un escenario complejo, asegura que hay variedades de cerezas como la lapins que est\u00e1n muy complicadas por sus caracter\u00edsticas de postcosecha y preferencia en los mercados. \u201cEstas se vieron m\u00e1s afectada que otras, con precios bajo los costos de producci\u00f3n\u201d, se\u00f1ala. A esto se le suma que \u201cen alg\u00fan minuto de la temporada hubo un stock importante de cargamento que no se movi\u00f3, hubo mucha fruta cuya postcosecha no aguant\u00f3 y termin\u00f3 en malas condiciones\u201d, dice el l\u00edder del gremio.<\/p>\n<p>Asegura que hasta este momento las autoridades chinas no han dado respuesta oficial. Respecto del comportamiento de la demanda en esa semana del a\u00f1o nuevo chino, y de los d\u00edas posteriores, Valenzuela sostiene que la situaci\u00f3n tendi\u00f3 a normalizarse, e incluso lleg\u00f3 a generarse un alto movimiento en las ventas. \u201cDe alguna manera se recuper\u00f3 la confianza\u201d, remarca, sobre lo primero.<\/p>\n<p>Ahora, despu\u00e9s de las festividades, dice que hubo movimiento de contenedores a la tasa normal, que nunca es tan grande como la de las fechas en s\u00ed mismas\u201d.<\/p>\n<p><strong><span style=\"color: #800000;\">Las lecciones aprendidas<\/span><\/strong><\/p>\n<p>Como un hecho complementario a lo sucedido en China, Valenzuela explica que el problema de fondo es que toda la oferta se est\u00e1 concentrando pr\u00e1cticamente en ese mercado, situaci\u00f3n por la cual, y en este caso puntual, deriv\u00f3 en una sobre oferta que inmediatamente impact\u00f3 en precios.<\/p>\n<p><a href=\"https:\/\/www.mundoagropecuario.cl\/new\/wp-content\/uploads\/2020\/11\/exportacio\u0301ncerezas.jpg\"><img loading=\"lazy\" decoding=\"async\" class=\"size-medium wp-image-16618 alignleft\" src=\"https:\/\/www.mundoagropecuario.cl\/new\/wp-content\/uploads\/2020\/11\/exportacio\u0301ncerezas-586x317.jpg\" alt=\"\" width=\"586\" height=\"317\" srcset=\"https:\/\/www.mundoagropecuario.cl\/new\/wp-content\/uploads\/2020\/11\/exportacio\u0301ncerezas-586x317.jpg 586w, https:\/\/www.mundoagropecuario.cl\/new\/wp-content\/uploads\/2020\/11\/exportacio\u0301ncerezas.jpg 696w\" sizes=\"auto, (max-width: 586px) 100vw, 586px\" \/><\/a>\u201cLa apertura de mercado es b\u00e1sicamente una obligaci\u00f3n dado los vol\u00famenes que estamos cosechando\u201d, sostiene a la par de seguir enunciando las lecciones aprendidas de esta experiencia.<\/p>\n<p>Como segunda lecci\u00f3n, dice, que esta crisis mostr\u00f3 lo relevante que es la coordinaci\u00f3n del mundo p\u00fablico-privado, as\u00ed como tambi\u00e9n uniformar la calidad y consistencia de la fruta. Asimismo, se requiere optimizar los manejos agron\u00f3micos y de producci\u00f3n \u201cpara llegar con la mejor oferta posible\u201d, se\u00f1ala.<\/p>\n<p>Relev\u00f3 lo importante que es mejorar la cadena log\u00edstica y, finalmente, insisti\u00f3 en que \u201cdebemos replantearnos qu\u00e9 tipo de campa\u00f1a promocional hay que hacer, no solo en China, sino en todo el mundo\u201d. Esto, porque a ra\u00edz de la viralizaci\u00f3n de la informaci\u00f3n en ese pa\u00eds, sostiene que \u201chubo una respuesta muy potente del pa\u00eds con un movimiento bastante fuerte, el cual fue exitoso para recuperar la confianza de las personas, pero que no estaba previsto en la campa\u00f1a original de promoci\u00f3n\u201d. En esa oportunidad, el desembolso del sector fue US$1,5 millones.<\/p>\n","protected":false},"excerpt":{"rendered":"<p>Preliminarmente, Fedefruta concluye que pese a las dificultades se exportaron 350 mil toneladas, es decir, 80 mil m\u00e1s que en la temporada anterior. Sin embargo, el efecto de los problemas&#8230;<\/p>\n","protected":false},"author":2,"featured_media":9841,"comment_status":"closed","ping_status":"closed","sticky":false,"template":"","format":"standard","meta":{"footnotes":""},"categories":[1986],"tags":[2177,5290,2308,2170,2095],"class_list":["post-18148","post","type-post","status-publish","format-standard","has-post-thumbnail","hentry","category-frutas","tag-asoex","tag-boom-de-las-cerezas","tag-cerezas","tag-china","tag-fedefruta"],"yoast_head":"<!-- This site is optimized with the Yoast SEO plugin v26.6 - https:\/\/yoast.com\/wordpress\/plugins\/seo\/ -->\n<title>Balance de exportadores chilenos de cerezas a China - Mundoagropecuario<\/title>\n<meta name=\"description\" content=\"Fedefruta concluye que pese a las dificultades se exportaron 350 mil toneladas, es decir, 80 mil m\u00e1s que en la temporada anterior\" \/>\n<meta name=\"robots\" content=\"index, follow, max-snippet:-1, max-image-preview:large, max-video-preview:-1\" \/>\n<link rel=\"canonical\" href=\"https:\/\/www.mundoagropecuario.cl\/new\/balance-de-exportadores-chilenos-de-cerezas-a-china\/\" \/>\n<meta property=\"og:locale\" content=\"es_ES\" \/>\n<meta property=\"og:type\" content=\"article\" \/>\n<meta property=\"og:title\" content=\"Balance de exportadores chilenos de cerezas a China - Mundoagropecuario\" \/>\n<meta property=\"og:description\" content=\"Fedefruta concluye que pese a las dificultades se exportaron 350 mil toneladas, es decir, 80 mil m\u00e1s que en la temporada anterior\" \/>\n<meta property=\"og:url\" content=\"https:\/\/www.mundoagropecuario.cl\/new\/balance-de-exportadores-chilenos-de-cerezas-a-china\/\" \/>\n<meta property=\"og:site_name\" content=\"Mundoagropecuario\" \/>\n<meta property=\"article:publisher\" content=\"https:\/\/www.facebook.com\/mundo.agropecuario.3\" \/>\n<meta property=\"article:published_time\" content=\"2021-03-02T14:19:31+00:00\" \/>\n<meta property=\"article:modified_time\" content=\"2021-03-08T15:05:27+00:00\" \/>\n<meta property=\"og:image\" content=\"https:\/\/www.mundoagropecuario.cl\/new\/wp-content\/uploads\/2018\/12\/cerezas-chilenas.jpg\" \/>\n\t<meta property=\"og:image:width\" content=\"798\" \/>\n\t<meta property=\"og:image:height\" content=\"597\" \/>\n\t<meta property=\"og:image:type\" content=\"image\/jpeg\" \/>\n<meta name=\"author\" content=\"mundo\" \/>\n<meta name=\"twitter:card\" content=\"summary_large_image\" \/>\n<meta name=\"twitter:creator\" content=\"@MundoAgropecuar\" \/>\n<meta name=\"twitter:site\" content=\"@MundoAgropecuar\" \/>\n<meta name=\"twitter:label1\" content=\"Escrito por\" \/>\n\t<meta name=\"twitter:data1\" content=\"mundo\" \/>\n\t<meta name=\"twitter:label2\" content=\"Tiempo de lectura\" \/>\n\t<meta name=\"twitter:data2\" content=\"4 minutos\" \/>\n<script type=\"application\/ld+json\" class=\"yoast-schema-graph\">{\"@context\":\"https:\/\/schema.org\",\"@graph\":[{\"@type\":\"Article\",\"@id\":\"https:\/\/www.mundoagropecuario.cl\/new\/balance-de-exportadores-chilenos-de-cerezas-a-china\/#article\",\"isPartOf\":{\"@id\":\"https:\/\/www.mundoagropecuario.cl\/new\/balance-de-exportadores-chilenos-de-cerezas-a-china\/\"},\"author\":{\"name\":\"mundo\",\"@id\":\"https:\/\/www.mundoagropecuario.cl\/new\/#\/schema\/person\/4e9f74a82a7dac260eb1c44b7eebeb18\"},\"headline\":\"Balance de exportadores chilenos de cerezas a China\",\"datePublished\":\"2021-03-02T14:19:31+00:00\",\"dateModified\":\"2021-03-08T15:05:27+00:00\",\"mainEntityOfPage\":{\"@id\":\"https:\/\/www.mundoagropecuario.cl\/new\/balance-de-exportadores-chilenos-de-cerezas-a-china\/\"},\"wordCount\":808,\"publisher\":{\"@id\":\"https:\/\/www.mundoagropecuario.cl\/new\/#organization\"},\"image\":{\"@id\":\"https:\/\/www.mundoagropecuario.cl\/new\/balance-de-exportadores-chilenos-de-cerezas-a-china\/#primaryimage\"},\"thumbnailUrl\":\"https:\/\/www.mundoagropecuario.cl\/new\/wp-content\/uploads\/2018\/12\/cerezas-chilenas.jpg\",\"keywords\":[\"Asoex\",\"boom\u201d de las cerezas\",\"Cerezas\",\"China\",\"Fedefruta\"],\"articleSection\":[\"Frutas\"],\"inLanguage\":\"es\"},{\"@type\":\"WebPage\",\"@id\":\"https:\/\/www.mundoagropecuario.cl\/new\/balance-de-exportadores-chilenos-de-cerezas-a-china\/\",\"url\":\"https:\/\/www.mundoagropecuario.cl\/new\/balance-de-exportadores-chilenos-de-cerezas-a-china\/\",\"name\":\"Balance de exportadores chilenos de cerezas a China - Mundoagropecuario\",\"isPartOf\":{\"@id\":\"https:\/\/www.mundoagropecuario.cl\/new\/#website\"},\"primaryImageOfPage\":{\"@id\":\"https:\/\/www.mundoagropecuario.cl\/new\/balance-de-exportadores-chilenos-de-cerezas-a-china\/#primaryimage\"},\"image\":{\"@id\":\"https:\/\/www.mundoagropecuario.cl\/new\/balance-de-exportadores-chilenos-de-cerezas-a-china\/#primaryimage\"},\"thumbnailUrl\":\"https:\/\/www.mundoagropecuario.cl\/new\/wp-content\/uploads\/2018\/12\/cerezas-chilenas.jpg\",\"datePublished\":\"2021-03-02T14:19:31+00:00\",\"dateModified\":\"2021-03-08T15:05:27+00:00\",\"description\":\"Fedefruta concluye que pese a las dificultades se exportaron 350 mil toneladas, es decir, 80 mil m\u00e1s que en la temporada anterior\",\"breadcrumb\":{\"@id\":\"https:\/\/www.mundoagropecuario.cl\/new\/balance-de-exportadores-chilenos-de-cerezas-a-china\/#breadcrumb\"},\"inLanguage\":\"es\",\"potentialAction\":[{\"@type\":\"ReadAction\",\"target\":[\"https:\/\/www.mundoagropecuario.cl\/new\/balance-de-exportadores-chilenos-de-cerezas-a-china\/\"]}]},{\"@type\":\"ImageObject\",\"inLanguage\":\"es\",\"@id\":\"https:\/\/www.mundoagropecuario.cl\/new\/balance-de-exportadores-chilenos-de-cerezas-a-china\/#primaryimage\",\"url\":\"https:\/\/www.mundoagropecuario.cl\/new\/wp-content\/uploads\/2018\/12\/cerezas-chilenas.jpg\",\"contentUrl\":\"https:\/\/www.mundoagropecuario.cl\/new\/wp-content\/uploads\/2018\/12\/cerezas-chilenas.jpg\",\"width\":535,\"height\":400},{\"@type\":\"BreadcrumbList\",\"@id\":\"https:\/\/www.mundoagropecuario.cl\/new\/balance-de-exportadores-chilenos-de-cerezas-a-china\/#breadcrumb\",\"itemListElement\":[{\"@type\":\"ListItem\",\"position\":1,\"name\":\"Portada\",\"item\":\"https:\/\/www.mundoagropecuario.cl\/new\/\"},{\"@type\":\"ListItem\",\"position\":2,\"name\":\"Balance de exportadores chilenos de cerezas a China\"}]},{\"@type\":\"WebSite\",\"@id\":\"https:\/\/www.mundoagropecuario.cl\/new\/#website\",\"url\":\"https:\/\/www.mundoagropecuario.cl\/new\/\",\"name\":\"Mundoagropecuario\",\"description\":\"Mundo Agropecuario\",\"publisher\":{\"@id\":\"https:\/\/www.mundoagropecuario.cl\/new\/#organization\"},\"potentialAction\":[{\"@type\":\"SearchAction\",\"target\":{\"@type\":\"EntryPoint\",\"urlTemplate\":\"https:\/\/www.mundoagropecuario.cl\/new\/?s={search_term_string}\"},\"query-input\":{\"@type\":\"PropertyValueSpecification\",\"valueRequired\":true,\"valueName\":\"search_term_string\"}}],\"inLanguage\":\"es\"},{\"@type\":\"Organization\",\"@id\":\"https:\/\/www.mundoagropecuario.cl\/new\/#organization\",\"name\":\"Revista de Agricultura\",\"url\":\"https:\/\/www.mundoagropecuario.cl\/new\/\",\"logo\":{\"@type\":\"ImageObject\",\"inLanguage\":\"es\",\"@id\":\"https:\/\/www.mundoagropecuario.cl\/new\/#\/schema\/logo\/image\/\",\"url\":\"https:\/\/www.mundoagropecuario.cl\/new\/wp-content\/uploads\/2020\/11\/PORTAL-1-1.png\",\"contentUrl\":\"https:\/\/www.mundoagropecuario.cl\/new\/wp-content\/uploads\/2020\/11\/PORTAL-1-1.png\",\"width\":1026,\"height\":100,\"caption\":\"Revista de Agricultura\"},\"image\":{\"@id\":\"https:\/\/www.mundoagropecuario.cl\/new\/#\/schema\/logo\/image\/\"},\"sameAs\":[\"https:\/\/www.facebook.com\/mundo.agropecuario.3\",\"https:\/\/x.com\/MundoAgropecuar\",\"https:\/\/www.linkedin.com\/in\/mundo-agropecuario-934009201\/\"]},{\"@type\":\"Person\",\"@id\":\"https:\/\/www.mundoagropecuario.cl\/new\/#\/schema\/person\/4e9f74a82a7dac260eb1c44b7eebeb18\",\"name\":\"mundo\",\"url\":\"https:\/\/www.mundoagropecuario.cl\/new\/author\/mundo\/\"}]}<\/script>\n<!-- \/ Yoast SEO plugin. -->","yoast_head_json":{"title":"Balance de exportadores chilenos de cerezas a China - Mundoagropecuario","description":"Fedefruta concluye que pese a las dificultades se exportaron 350 mil toneladas, es decir, 80 mil m\u00e1s que en la temporada anterior","robots":{"index":"index","follow":"follow","max-snippet":"max-snippet:-1","max-image-preview":"max-image-preview:large","max-video-preview":"max-video-preview:-1"},"canonical":"https:\/\/www.mundoagropecuario.cl\/new\/balance-de-exportadores-chilenos-de-cerezas-a-china\/","og_locale":"es_ES","og_type":"article","og_title":"Balance de exportadores chilenos de cerezas a China - Mundoagropecuario","og_description":"Fedefruta concluye que pese a las dificultades se exportaron 350 mil toneladas, es decir, 80 mil m\u00e1s que en la temporada anterior","og_url":"https:\/\/www.mundoagropecuario.cl\/new\/balance-de-exportadores-chilenos-de-cerezas-a-china\/","og_site_name":"Mundoagropecuario","article_publisher":"https:\/\/www.facebook.com\/mundo.agropecuario.3","article_published_time":"2021-03-02T14:19:31+00:00","article_modified_time":"2021-03-08T15:05:27+00:00","og_image":[{"width":798,"height":597,"url":"https:\/\/www.mundoagropecuario.cl\/new\/wp-content\/uploads\/2018\/12\/cerezas-chilenas.jpg","type":"image\/jpeg"}],"author":"mundo","twitter_card":"summary_large_image","twitter_creator":"@MundoAgropecuar","twitter_site":"@MundoAgropecuar","twitter_misc":{"Escrito por":"mundo","Tiempo de lectura":"4 minutos"},"schema":{"@context":"https:\/\/schema.org","@graph":[{"@type":"Article","@id":"https:\/\/www.mundoagropecuario.cl\/new\/balance-de-exportadores-chilenos-de-cerezas-a-china\/#article","isPartOf":{"@id":"https:\/\/www.mundoagropecuario.cl\/new\/balance-de-exportadores-chilenos-de-cerezas-a-china\/"},"author":{"name":"mundo","@id":"https:\/\/www.mundoagropecuario.cl\/new\/#\/schema\/person\/4e9f74a82a7dac260eb1c44b7eebeb18"},"headline":"Balance de exportadores chilenos de cerezas a China","datePublished":"2021-03-02T14:19:31+00:00","dateModified":"2021-03-08T15:05:27+00:00","mainEntityOfPage":{"@id":"https:\/\/www.mundoagropecuario.cl\/new\/balance-de-exportadores-chilenos-de-cerezas-a-china\/"},"wordCount":808,"publisher":{"@id":"https:\/\/www.mundoagropecuario.cl\/new\/#organization"},"image":{"@id":"https:\/\/www.mundoagropecuario.cl\/new\/balance-de-exportadores-chilenos-de-cerezas-a-china\/#primaryimage"},"thumbnailUrl":"https:\/\/www.mundoagropecuario.cl\/new\/wp-content\/uploads\/2018\/12\/cerezas-chilenas.jpg","keywords":["Asoex","boom\u201d de las cerezas","Cerezas","China","Fedefruta"],"articleSection":["Frutas"],"inLanguage":"es"},{"@type":"WebPage","@id":"https:\/\/www.mundoagropecuario.cl\/new\/balance-de-exportadores-chilenos-de-cerezas-a-china\/","url":"https:\/\/www.mundoagropecuario.cl\/new\/balance-de-exportadores-chilenos-de-cerezas-a-china\/","name":"Balance de exportadores chilenos de cerezas a China - Mundoagropecuario","isPartOf":{"@id":"https:\/\/www.mundoagropecuario.cl\/new\/#website"},"primaryImageOfPage":{"@id":"https:\/\/www.mundoagropecuario.cl\/new\/balance-de-exportadores-chilenos-de-cerezas-a-china\/#primaryimage"},"image":{"@id":"https:\/\/www.mundoagropecuario.cl\/new\/balance-de-exportadores-chilenos-de-cerezas-a-china\/#primaryimage"},"thumbnailUrl":"https:\/\/www.mundoagropecuario.cl\/new\/wp-content\/uploads\/2018\/12\/cerezas-chilenas.jpg","datePublished":"2021-03-02T14:19:31+00:00","dateModified":"2021-03-08T15:05:27+00:00","description":"Fedefruta concluye que pese a las dificultades se exportaron 350 mil toneladas, es decir, 80 mil m\u00e1s que en la temporada anterior","breadcrumb":{"@id":"https:\/\/www.mundoagropecuario.cl\/new\/balance-de-exportadores-chilenos-de-cerezas-a-china\/#breadcrumb"},"inLanguage":"es","potentialAction":[{"@type":"ReadAction","target":["https:\/\/www.mundoagropecuario.cl\/new\/balance-de-exportadores-chilenos-de-cerezas-a-china\/"]}]},{"@type":"ImageObject","inLanguage":"es","@id":"https:\/\/www.mundoagropecuario.cl\/new\/balance-de-exportadores-chilenos-de-cerezas-a-china\/#primaryimage","url":"https:\/\/www.mundoagropecuario.cl\/new\/wp-content\/uploads\/2018\/12\/cerezas-chilenas.jpg","contentUrl":"https:\/\/www.mundoagropecuario.cl\/new\/wp-content\/uploads\/2018\/12\/cerezas-chilenas.jpg","width":535,"height":400},{"@type":"BreadcrumbList","@id":"https:\/\/www.mundoagropecuario.cl\/new\/balance-de-exportadores-chilenos-de-cerezas-a-china\/#breadcrumb","itemListElement":[{"@type":"ListItem","position":1,"name":"Portada","item":"https:\/\/www.mundoagropecuario.cl\/new\/"},{"@type":"ListItem","position":2,"name":"Balance de exportadores chilenos de cerezas a China"}]},{"@type":"WebSite","@id":"https:\/\/www.mundoagropecuario.cl\/new\/#website","url":"https:\/\/www.mundoagropecuario.cl\/new\/","name":"Mundoagropecuario","description":"Mundo Agropecuario","publisher":{"@id":"https:\/\/www.mundoagropecuario.cl\/new\/#organization"},"potentialAction":[{"@type":"SearchAction","target":{"@type":"EntryPoint","urlTemplate":"https:\/\/www.mundoagropecuario.cl\/new\/?s={search_term_string}"},"query-input":{"@type":"PropertyValueSpecification","valueRequired":true,"valueName":"search_term_string"}}],"inLanguage":"es"},{"@type":"Organization","@id":"https:\/\/www.mundoagropecuario.cl\/new\/#organization","name":"Revista de Agricultura","url":"https:\/\/www.mundoagropecuario.cl\/new\/","logo":{"@type":"ImageObject","inLanguage":"es","@id":"https:\/\/www.mundoagropecuario.cl\/new\/#\/schema\/logo\/image\/","url":"https:\/\/www.mundoagropecuario.cl\/new\/wp-content\/uploads\/2020\/11\/PORTAL-1-1.png","contentUrl":"https:\/\/www.mundoagropecuario.cl\/new\/wp-content\/uploads\/2020\/11\/PORTAL-1-1.png","width":1026,"height":100,"caption":"Revista de Agricultura"},"image":{"@id":"https:\/\/www.mundoagropecuario.cl\/new\/#\/schema\/logo\/image\/"},"sameAs":["https:\/\/www.facebook.com\/mundo.agropecuario.3","https:\/\/x.com\/MundoAgropecuar","https:\/\/www.linkedin.com\/in\/mundo-agropecuario-934009201\/"]},{"@type":"Person","@id":"https:\/\/www.mundoagropecuario.cl\/new\/#\/schema\/person\/4e9f74a82a7dac260eb1c44b7eebeb18","name":"mundo","url":"https:\/\/www.mundoagropecuario.cl\/new\/author\/mundo\/"}]}},"_links":{"self":[{"href":"https:\/\/www.mundoagropecuario.cl\/new\/wp-json\/wp\/v2\/posts\/18148","targetHints":{"allow":["GET"]}}],"collection":[{"href":"https:\/\/www.mundoagropecuario.cl\/new\/wp-json\/wp\/v2\/posts"}],"about":[{"href":"https:\/\/www.mundoagropecuario.cl\/new\/wp-json\/wp\/v2\/types\/post"}],"author":[{"embeddable":true,"href":"https:\/\/www.mundoagropecuario.cl\/new\/wp-json\/wp\/v2\/users\/2"}],"replies":[{"embeddable":true,"href":"https:\/\/www.mundoagropecuario.cl\/new\/wp-json\/wp\/v2\/comments?post=18148"}],"version-history":[{"count":4,"href":"https:\/\/www.mundoagropecuario.cl\/new\/wp-json\/wp\/v2\/posts\/18148\/revisions"}],"predecessor-version":[{"id":18157,"href":"https:\/\/www.mundoagropecuario.cl\/new\/wp-json\/wp\/v2\/posts\/18148\/revisions\/18157"}],"wp:featuredmedia":[{"embeddable":true,"href":"https:\/\/www.mundoagropecuario.cl\/new\/wp-json\/wp\/v2\/media\/9841"}],"wp:attachment":[{"href":"https:\/\/www.mundoagropecuario.cl\/new\/wp-json\/wp\/v2\/media?parent=18148"}],"wp:term":[{"taxonomy":"category","embeddable":true,"href":"https:\/\/www.mundoagropecuario.cl\/new\/wp-json\/wp\/v2\/categories?post=18148"},{"taxonomy":"post_tag","embeddable":true,"href":"https:\/\/www.mundoagropecuario.cl\/new\/wp-json\/wp\/v2\/tags?post=18148"}],"curies":[{"name":"wp","href":"https:\/\/api.w.org\/{rel}","templated":true}]}}