{"id":18109,"date":"2021-02-24T10:39:43","date_gmt":"2021-02-24T13:39:43","guid":{"rendered":"https:\/\/www.mundoagropecuario.cl\/new\/?p=18109"},"modified":"2021-03-02T11:27:12","modified_gmt":"2021-03-02T14:27:12","slug":"director-del-ine-se-reunio-con-alcalde-de-frutillar-por-censo-agropecuario-2021","status":"publish","type":"post","link":"https:\/\/www.mundoagropecuario.cl\/new\/director-del-ine-se-reunio-con-alcalde-de-frutillar-por-censo-agropecuario-2021\/","title":{"rendered":"Director del INE se reuni\u00f3 con alcalde de Frutillar por &#8220;Censo Agropecuario 2021&#8221;"},"content":{"rendered":"<blockquote>\n<h2><span style=\"color: #333300;\">El Censo Silvoagropecuario estaba presupuestado para el a\u00f1o 2020, pero por motivos sanitarios se traslad\u00f3 para el presente a\u00f1o, y su comienzo se espera para el 10 de marzo.<\/span><\/h2>\n<\/blockquote>\n<p>Este proceso que ser\u00e1 a nivel nacional y que en Frutillar ser\u00e1 una jornada de casi cuatro meses de trabajo presencial en terreno, lo que significar\u00e1 tambi\u00e9n la contrataci\u00f3n de personal , lo que favorece laboralmente a profesionales del sector agropecuario que postularon.<\/p>\n<p>Este es el octavo censo silvoagropecuario que se realiza a nivel nacional, m\u00e1s que nada lo que se hace es un catastro o inventario de todas las existencias agr\u00edcolas, forestales y ganaderas a nivel nacional, y es una pantalla de lo que sucede actualmente a nivel silvoagropecuario, fue en este sentido que la tarde este martes se reunieron el Alcalde Claus Lindemann y el <span style=\"color: #333300;\">Director regional del Instituto Nacional de Estad\u00edstica (INE), Sergio Lozuaga<\/span>, para afinar detalles de esta extensa jornada de trabajo en terreno.<\/p>\n<p>El director del INE, quien nos coment\u00f3 que \u00aben realidad la principal raz\u00f3n de esta reuni\u00f3n es para agradecer todas las facilidades y gestiones asociadas para la preparaci\u00f3n del pr\u00f3ximo censo silvoagropecuario que se llevar\u00e1 a cabo desde marzo a junio en todo el territorio nacional y porsupuesto tambi\u00e9n en la comuna de Frutillar, y en especial, reforzar todo el proceso asociado al trabajo que se va a realizar con los diferentes informantes en toda la regi\u00f3n, importante recalcar que toda la informaci\u00f3n que nosotros obtengamos es de car\u00e1cter privada no se le entregar\u00e1 a nadie, por lo que invitamos a los agricultores entregarnos fielmente la informaci\u00f3n que nuestro personal les solicite en terreno\u00bb.<\/p>\n<p><span style=\"color: #333300;\">Este censo se realiza porque es importante tener la informaci\u00f3n actualizada sobre toda la existencia silvoagropecuaria.<\/span><\/p>\n<p>Participan todos los organismos del Agro, ya sea del Servicio Agr\u00edcola Ganadero, Indap, Conaf y el Seremi de Agricultura, todos est\u00e1n participando activamente en apoyar en la difusi\u00f3n de este censo que finalmente registrar\u00e1 toda la informaci\u00f3n de lo que sucede en el campo.<\/p>\n<p><span style=\"color: #333300;\">El alcalde Lindemann indic\u00f3 la importancia para Frutillar de este censo<\/span>. \u00abEstoy muy contento por esta visita del director regional del INE, Con quien hemos conversado los \u00faltimos detalles para empezar ahora en marzo con las primeras conversaciones con la gente para invitar a este censo, as\u00ed que el personal del INE estar\u00e1 formulando a la gente varias preguntas, pedirle a la gente que abran sus puertas con confianza, los encuestadores llegar\u00e1n muy bien identificados\u00bb, se\u00f1alo la primera autoridad comunal.<\/p>\n<p>El m\u00e9todo principalmente lo que se realizar\u00e1 con los equipos que est\u00e1n desplegados a nivel regional, es hacer un barrido total pasando predio por predio, consultando toda la informaci\u00f3n que tengan de Las actividades que se realizan en ese lugar, ya sean actividades agr\u00edcolas como frutales, actividades ganaderas con sus animales productivos como caprinos, aves, bovinos, etc. Toda la informaci\u00f3n que se tenga de este censo sirve para planificar las pol\u00edticas p\u00fablicas que se desarrollar\u00e1n en los pr\u00f3ximos diez a\u00f1os.<\/p>\n<p>El Censo Agropecuario se realiza cada diez a\u00f1os, el \u00faltimo fue en 2007, por lo tanto la informaci\u00f3n con la que se trabaja actualmente para la toma de decisiones est\u00e1 sumamente desactualizada y atrasada, por eso es necesaria esta informaci\u00f3n.<\/p>\n","protected":false},"excerpt":{"rendered":"<p>Este proceso que ser\u00e1 a nivel nacional y que en Frutillar ser\u00e1 una jornada de casi cuatro meses de trabajo presencial en terreno, lo que significar\u00e1 tambi\u00e9n la contrataci\u00f3n de personal , lo que favorece laboralmente a profesionales del sector agropecuario que postularon.<\/p>\n","protected":false},"author":2,"featured_media":18110,"comment_status":"closed","ping_status":"closed","sticky":false,"template":"","format":"standard","meta":{"footnotes":""},"categories":[1987],"tags":[5279,5281,5280,1193],"class_list":["post-18109","post","type-post","status-publish","format-standard","has-post-thumbnail","hentry","category-instituciones","tag-censo-agropecuario","tag-censo-agropecuario-2021","tag-director-del-ine","tag-ine"],"yoast_head":"<!-- This site is optimized with the Yoast SEO plugin v26.6 - https:\/\/yoast.com\/wordpress\/plugins\/seo\/ -->\n<title>Director del INE se reuni\u00f3 con alcalde de Frutillar por &quot;Censo Agropecuario 2021&quot; - Mundoagropecuario<\/title>\n<meta name=\"description\" content=\"Director del INE se reuni\u00f3 con alcalde de Frutillar por &quot;Censo Agropecuario 2021&quot;, Este proceso que ser\u00e1 a nivel nacional\" \/>\n<meta name=\"robots\" content=\"index, follow, max-snippet:-1, max-image-preview:large, max-video-preview:-1\" \/>\n<link rel=\"canonical\" href=\"https:\/\/www.mundoagropecuario.cl\/new\/director-del-ine-se-reunio-con-alcalde-de-frutillar-por-censo-agropecuario-2021\/\" \/>\n<meta property=\"og:locale\" content=\"es_ES\" \/>\n<meta property=\"og:type\" content=\"article\" \/>\n<meta property=\"og:title\" content=\"Director del INE se reuni\u00f3 con alcalde de Frutillar por &quot;Censo Agropecuario 2021&quot; - Mundoagropecuario\" \/>\n<meta property=\"og:description\" content=\"Director del INE se reuni\u00f3 con alcalde de Frutillar por &quot;Censo Agropecuario 2021&quot;, Este proceso que ser\u00e1 a nivel nacional\" \/>\n<meta property=\"og:url\" content=\"https:\/\/www.mundoagropecuario.cl\/new\/director-del-ine-se-reunio-con-alcalde-de-frutillar-por-censo-agropecuario-2021\/\" \/>\n<meta property=\"og:site_name\" content=\"Mundoagropecuario\" \/>\n<meta property=\"article:publisher\" content=\"https:\/\/www.facebook.com\/mundo.agropecuario.3\" \/>\n<meta property=\"article:published_time\" content=\"2021-02-24T13:39:43+00:00\" \/>\n<meta property=\"article:modified_time\" content=\"2021-03-02T14:27:12+00:00\" \/>\n<meta property=\"og:image\" content=\"https:\/\/www.mundoagropecuario.cl\/new\/wp-content\/uploads\/2021\/02\/Censo-agropecuarioJPG-scaled.jpg\" \/>\n\t<meta property=\"og:image:width\" content=\"1024\" \/>\n\t<meta property=\"og:image:height\" content=\"683\" \/>\n\t<meta property=\"og:image:type\" content=\"image\/jpeg\" \/>\n<meta name=\"author\" content=\"mundo\" \/>\n<meta name=\"twitter:card\" content=\"summary_large_image\" \/>\n<meta name=\"twitter:creator\" content=\"@MundoAgropecuar\" \/>\n<meta name=\"twitter:site\" content=\"@MundoAgropecuar\" \/>\n<meta name=\"twitter:label1\" content=\"Escrito por\" \/>\n\t<meta name=\"twitter:data1\" content=\"mundo\" \/>\n\t<meta name=\"twitter:label2\" content=\"Tiempo de lectura\" \/>\n\t<meta name=\"twitter:data2\" content=\"3 minutos\" \/>\n<script type=\"application\/ld+json\" class=\"yoast-schema-graph\">{\"@context\":\"https:\/\/schema.org\",\"@graph\":[{\"@type\":\"Article\",\"@id\":\"https:\/\/www.mundoagropecuario.cl\/new\/director-del-ine-se-reunio-con-alcalde-de-frutillar-por-censo-agropecuario-2021\/#article\",\"isPartOf\":{\"@id\":\"https:\/\/www.mundoagropecuario.cl\/new\/director-del-ine-se-reunio-con-alcalde-de-frutillar-por-censo-agropecuario-2021\/\"},\"author\":{\"name\":\"mundo\",\"@id\":\"https:\/\/www.mundoagropecuario.cl\/new\/#\/schema\/person\/4e9f74a82a7dac260eb1c44b7eebeb18\"},\"headline\":\"Director del INE se reuni\u00f3 con alcalde de Frutillar por &#8220;Censo Agropecuario 2021&#8221;\",\"datePublished\":\"2021-02-24T13:39:43+00:00\",\"dateModified\":\"2021-03-02T14:27:12+00:00\",\"mainEntityOfPage\":{\"@id\":\"https:\/\/www.mundoagropecuario.cl\/new\/director-del-ine-se-reunio-con-alcalde-de-frutillar-por-censo-agropecuario-2021\/\"},\"wordCount\":575,\"publisher\":{\"@id\":\"https:\/\/www.mundoagropecuario.cl\/new\/#organization\"},\"image\":{\"@id\":\"https:\/\/www.mundoagropecuario.cl\/new\/director-del-ine-se-reunio-con-alcalde-de-frutillar-por-censo-agropecuario-2021\/#primaryimage\"},\"thumbnailUrl\":\"https:\/\/www.mundoagropecuario.cl\/new\/wp-content\/uploads\/2021\/02\/Censo-agropecuarioJPG-scaled.jpg\",\"keywords\":[\"Censo agropecuario\",\"Censo Agropecuario 2021\\\"\",\"Director del INE\",\"INE\"],\"articleSection\":[\"Instituciones\"],\"inLanguage\":\"es\"},{\"@type\":\"WebPage\",\"@id\":\"https:\/\/www.mundoagropecuario.cl\/new\/director-del-ine-se-reunio-con-alcalde-de-frutillar-por-censo-agropecuario-2021\/\",\"url\":\"https:\/\/www.mundoagropecuario.cl\/new\/director-del-ine-se-reunio-con-alcalde-de-frutillar-por-censo-agropecuario-2021\/\",\"name\":\"Director del INE se reuni\u00f3 con alcalde de Frutillar por \\\"Censo Agropecuario 2021\\\" - Mundoagropecuario\",\"isPartOf\":{\"@id\":\"https:\/\/www.mundoagropecuario.cl\/new\/#website\"},\"primaryImageOfPage\":{\"@id\":\"https:\/\/www.mundoagropecuario.cl\/new\/director-del-ine-se-reunio-con-alcalde-de-frutillar-por-censo-agropecuario-2021\/#primaryimage\"},\"image\":{\"@id\":\"https:\/\/www.mundoagropecuario.cl\/new\/director-del-ine-se-reunio-con-alcalde-de-frutillar-por-censo-agropecuario-2021\/#primaryimage\"},\"thumbnailUrl\":\"https:\/\/www.mundoagropecuario.cl\/new\/wp-content\/uploads\/2021\/02\/Censo-agropecuarioJPG-scaled.jpg\",\"datePublished\":\"2021-02-24T13:39:43+00:00\",\"dateModified\":\"2021-03-02T14:27:12+00:00\",\"description\":\"Director del INE se reuni\u00f3 con alcalde de Frutillar por \\\"Censo Agropecuario 2021\\\", Este proceso que ser\u00e1 a nivel nacional\",\"breadcrumb\":{\"@id\":\"https:\/\/www.mundoagropecuario.cl\/new\/director-del-ine-se-reunio-con-alcalde-de-frutillar-por-censo-agropecuario-2021\/#breadcrumb\"},\"inLanguage\":\"es\",\"potentialAction\":[{\"@type\":\"ReadAction\",\"target\":[\"https:\/\/www.mundoagropecuario.cl\/new\/director-del-ine-se-reunio-con-alcalde-de-frutillar-por-censo-agropecuario-2021\/\"]}]},{\"@type\":\"ImageObject\",\"inLanguage\":\"es\",\"@id\":\"https:\/\/www.mundoagropecuario.cl\/new\/director-del-ine-se-reunio-con-alcalde-de-frutillar-por-censo-agropecuario-2021\/#primaryimage\",\"url\":\"https:\/\/www.mundoagropecuario.cl\/new\/wp-content\/uploads\/2021\/02\/Censo-agropecuarioJPG-scaled.jpg\",\"contentUrl\":\"https:\/\/www.mundoagropecuario.cl\/new\/wp-content\/uploads\/2021\/02\/Censo-agropecuarioJPG-scaled.jpg\",\"width\":600,\"height\":400},{\"@type\":\"BreadcrumbList\",\"@id\":\"https:\/\/www.mundoagropecuario.cl\/new\/director-del-ine-se-reunio-con-alcalde-de-frutillar-por-censo-agropecuario-2021\/#breadcrumb\",\"itemListElement\":[{\"@type\":\"ListItem\",\"position\":1,\"name\":\"Portada\",\"item\":\"https:\/\/www.mundoagropecuario.cl\/new\/\"},{\"@type\":\"ListItem\",\"position\":2,\"name\":\"Director del INE se reuni\u00f3 con alcalde de Frutillar por &#8220;Censo Agropecuario 2021&#8221;\"}]},{\"@type\":\"WebSite\",\"@id\":\"https:\/\/www.mundoagropecuario.cl\/new\/#website\",\"url\":\"https:\/\/www.mundoagropecuario.cl\/new\/\",\"name\":\"Mundoagropecuario\",\"description\":\"Mundo Agropecuario\",\"publisher\":{\"@id\":\"https:\/\/www.mundoagropecuario.cl\/new\/#organization\"},\"potentialAction\":[{\"@type\":\"SearchAction\",\"target\":{\"@type\":\"EntryPoint\",\"urlTemplate\":\"https:\/\/www.mundoagropecuario.cl\/new\/?s={search_term_string}\"},\"query-input\":{\"@type\":\"PropertyValueSpecification\",\"valueRequired\":true,\"valueName\":\"search_term_string\"}}],\"inLanguage\":\"es\"},{\"@type\":\"Organization\",\"@id\":\"https:\/\/www.mundoagropecuario.cl\/new\/#organization\",\"name\":\"Revista de Agricultura\",\"url\":\"https:\/\/www.mundoagropecuario.cl\/new\/\",\"logo\":{\"@type\":\"ImageObject\",\"inLanguage\":\"es\",\"@id\":\"https:\/\/www.mundoagropecuario.cl\/new\/#\/schema\/logo\/image\/\",\"url\":\"https:\/\/www.mundoagropecuario.cl\/new\/wp-content\/uploads\/2020\/11\/PORTAL-1-1.png\",\"contentUrl\":\"https:\/\/www.mundoagropecuario.cl\/new\/wp-content\/uploads\/2020\/11\/PORTAL-1-1.png\",\"width\":1026,\"height\":100,\"caption\":\"Revista de Agricultura\"},\"image\":{\"@id\":\"https:\/\/www.mundoagropecuario.cl\/new\/#\/schema\/logo\/image\/\"},\"sameAs\":[\"https:\/\/www.facebook.com\/mundo.agropecuario.3\",\"https:\/\/x.com\/MundoAgropecuar\",\"https:\/\/www.linkedin.com\/in\/mundo-agropecuario-934009201\/\"]},{\"@type\":\"Person\",\"@id\":\"https:\/\/www.mundoagropecuario.cl\/new\/#\/schema\/person\/4e9f74a82a7dac260eb1c44b7eebeb18\",\"name\":\"mundo\",\"url\":\"https:\/\/www.mundoagropecuario.cl\/new\/author\/mundo\/\"}]}<\/script>\n<!-- \/ Yoast SEO plugin. -->","yoast_head_json":{"title":"Director del INE se reuni\u00f3 con alcalde de Frutillar por \"Censo Agropecuario 2021\" - Mundoagropecuario","description":"Director del INE se reuni\u00f3 con alcalde de Frutillar por \"Censo Agropecuario 2021\", Este proceso que ser\u00e1 a nivel nacional","robots":{"index":"index","follow":"follow","max-snippet":"max-snippet:-1","max-image-preview":"max-image-preview:large","max-video-preview":"max-video-preview:-1"},"canonical":"https:\/\/www.mundoagropecuario.cl\/new\/director-del-ine-se-reunio-con-alcalde-de-frutillar-por-censo-agropecuario-2021\/","og_locale":"es_ES","og_type":"article","og_title":"Director del INE se reuni\u00f3 con alcalde de Frutillar por \"Censo Agropecuario 2021\" - Mundoagropecuario","og_description":"Director del INE se reuni\u00f3 con alcalde de Frutillar por \"Censo Agropecuario 2021\", Este proceso que ser\u00e1 a nivel nacional","og_url":"https:\/\/www.mundoagropecuario.cl\/new\/director-del-ine-se-reunio-con-alcalde-de-frutillar-por-censo-agropecuario-2021\/","og_site_name":"Mundoagropecuario","article_publisher":"https:\/\/www.facebook.com\/mundo.agropecuario.3","article_published_time":"2021-02-24T13:39:43+00:00","article_modified_time":"2021-03-02T14:27:12+00:00","og_image":[{"width":1024,"height":683,"url":"https:\/\/www.mundoagropecuario.cl\/new\/wp-content\/uploads\/2021\/02\/Censo-agropecuarioJPG-scaled.jpg","type":"image\/jpeg"}],"author":"mundo","twitter_card":"summary_large_image","twitter_creator":"@MundoAgropecuar","twitter_site":"@MundoAgropecuar","twitter_misc":{"Escrito por":"mundo","Tiempo de lectura":"3 minutos"},"schema":{"@context":"https:\/\/schema.org","@graph":[{"@type":"Article","@id":"https:\/\/www.mundoagropecuario.cl\/new\/director-del-ine-se-reunio-con-alcalde-de-frutillar-por-censo-agropecuario-2021\/#article","isPartOf":{"@id":"https:\/\/www.mundoagropecuario.cl\/new\/director-del-ine-se-reunio-con-alcalde-de-frutillar-por-censo-agropecuario-2021\/"},"author":{"name":"mundo","@id":"https:\/\/www.mundoagropecuario.cl\/new\/#\/schema\/person\/4e9f74a82a7dac260eb1c44b7eebeb18"},"headline":"Director del INE se reuni\u00f3 con alcalde de Frutillar por &#8220;Censo Agropecuario 2021&#8221;","datePublished":"2021-02-24T13:39:43+00:00","dateModified":"2021-03-02T14:27:12+00:00","mainEntityOfPage":{"@id":"https:\/\/www.mundoagropecuario.cl\/new\/director-del-ine-se-reunio-con-alcalde-de-frutillar-por-censo-agropecuario-2021\/"},"wordCount":575,"publisher":{"@id":"https:\/\/www.mundoagropecuario.cl\/new\/#organization"},"image":{"@id":"https:\/\/www.mundoagropecuario.cl\/new\/director-del-ine-se-reunio-con-alcalde-de-frutillar-por-censo-agropecuario-2021\/#primaryimage"},"thumbnailUrl":"https:\/\/www.mundoagropecuario.cl\/new\/wp-content\/uploads\/2021\/02\/Censo-agropecuarioJPG-scaled.jpg","keywords":["Censo agropecuario","Censo Agropecuario 2021\"","Director del INE","INE"],"articleSection":["Instituciones"],"inLanguage":"es"},{"@type":"WebPage","@id":"https:\/\/www.mundoagropecuario.cl\/new\/director-del-ine-se-reunio-con-alcalde-de-frutillar-por-censo-agropecuario-2021\/","url":"https:\/\/www.mundoagropecuario.cl\/new\/director-del-ine-se-reunio-con-alcalde-de-frutillar-por-censo-agropecuario-2021\/","name":"Director del INE se reuni\u00f3 con alcalde de Frutillar por \"Censo Agropecuario 2021\" - Mundoagropecuario","isPartOf":{"@id":"https:\/\/www.mundoagropecuario.cl\/new\/#website"},"primaryImageOfPage":{"@id":"https:\/\/www.mundoagropecuario.cl\/new\/director-del-ine-se-reunio-con-alcalde-de-frutillar-por-censo-agropecuario-2021\/#primaryimage"},"image":{"@id":"https:\/\/www.mundoagropecuario.cl\/new\/director-del-ine-se-reunio-con-alcalde-de-frutillar-por-censo-agropecuario-2021\/#primaryimage"},"thumbnailUrl":"https:\/\/www.mundoagropecuario.cl\/new\/wp-content\/uploads\/2021\/02\/Censo-agropecuarioJPG-scaled.jpg","datePublished":"2021-02-24T13:39:43+00:00","dateModified":"2021-03-02T14:27:12+00:00","description":"Director del INE se reuni\u00f3 con alcalde de Frutillar por \"Censo Agropecuario 2021\", Este proceso que ser\u00e1 a nivel nacional","breadcrumb":{"@id":"https:\/\/www.mundoagropecuario.cl\/new\/director-del-ine-se-reunio-con-alcalde-de-frutillar-por-censo-agropecuario-2021\/#breadcrumb"},"inLanguage":"es","potentialAction":[{"@type":"ReadAction","target":["https:\/\/www.mundoagropecuario.cl\/new\/director-del-ine-se-reunio-con-alcalde-de-frutillar-por-censo-agropecuario-2021\/"]}]},{"@type":"ImageObject","inLanguage":"es","@id":"https:\/\/www.mundoagropecuario.cl\/new\/director-del-ine-se-reunio-con-alcalde-de-frutillar-por-censo-agropecuario-2021\/#primaryimage","url":"https:\/\/www.mundoagropecuario.cl\/new\/wp-content\/uploads\/2021\/02\/Censo-agropecuarioJPG-scaled.jpg","contentUrl":"https:\/\/www.mundoagropecuario.cl\/new\/wp-content\/uploads\/2021\/02\/Censo-agropecuarioJPG-scaled.jpg","width":600,"height":400},{"@type":"BreadcrumbList","@id":"https:\/\/www.mundoagropecuario.cl\/new\/director-del-ine-se-reunio-con-alcalde-de-frutillar-por-censo-agropecuario-2021\/#breadcrumb","itemListElement":[{"@type":"ListItem","position":1,"name":"Portada","item":"https:\/\/www.mundoagropecuario.cl\/new\/"},{"@type":"ListItem","position":2,"name":"Director del INE se reuni\u00f3 con alcalde de Frutillar por &#8220;Censo Agropecuario 2021&#8221;"}]},{"@type":"WebSite","@id":"https:\/\/www.mundoagropecuario.cl\/new\/#website","url":"https:\/\/www.mundoagropecuario.cl\/new\/","name":"Mundoagropecuario","description":"Mundo Agropecuario","publisher":{"@id":"https:\/\/www.mundoagropecuario.cl\/new\/#organization"},"potentialAction":[{"@type":"SearchAction","target":{"@type":"EntryPoint","urlTemplate":"https:\/\/www.mundoagropecuario.cl\/new\/?s={search_term_string}"},"query-input":{"@type":"PropertyValueSpecification","valueRequired":true,"valueName":"search_term_string"}}],"inLanguage":"es"},{"@type":"Organization","@id":"https:\/\/www.mundoagropecuario.cl\/new\/#organization","name":"Revista de Agricultura","url":"https:\/\/www.mundoagropecuario.cl\/new\/","logo":{"@type":"ImageObject","inLanguage":"es","@id":"https:\/\/www.mundoagropecuario.cl\/new\/#\/schema\/logo\/image\/","url":"https:\/\/www.mundoagropecuario.cl\/new\/wp-content\/uploads\/2020\/11\/PORTAL-1-1.png","contentUrl":"https:\/\/www.mundoagropecuario.cl\/new\/wp-content\/uploads\/2020\/11\/PORTAL-1-1.png","width":1026,"height":100,"caption":"Revista de Agricultura"},"image":{"@id":"https:\/\/www.mundoagropecuario.cl\/new\/#\/schema\/logo\/image\/"},"sameAs":["https:\/\/www.facebook.com\/mundo.agropecuario.3","https:\/\/x.com\/MundoAgropecuar","https:\/\/www.linkedin.com\/in\/mundo-agropecuario-934009201\/"]},{"@type":"Person","@id":"https:\/\/www.mundoagropecuario.cl\/new\/#\/schema\/person\/4e9f74a82a7dac260eb1c44b7eebeb18","name":"mundo","url":"https:\/\/www.mundoagropecuario.cl\/new\/author\/mundo\/"}]}},"_links":{"self":[{"href":"https:\/\/www.mundoagropecuario.cl\/new\/wp-json\/wp\/v2\/posts\/18109","targetHints":{"allow":["GET"]}}],"collection":[{"href":"https:\/\/www.mundoagropecuario.cl\/new\/wp-json\/wp\/v2\/posts"}],"about":[{"href":"https:\/\/www.mundoagropecuario.cl\/new\/wp-json\/wp\/v2\/types\/post"}],"author":[{"embeddable":true,"href":"https:\/\/www.mundoagropecuario.cl\/new\/wp-json\/wp\/v2\/users\/2"}],"replies":[{"embeddable":true,"href":"https:\/\/www.mundoagropecuario.cl\/new\/wp-json\/wp\/v2\/comments?post=18109"}],"version-history":[{"count":1,"href":"https:\/\/www.mundoagropecuario.cl\/new\/wp-json\/wp\/v2\/posts\/18109\/revisions"}],"predecessor-version":[{"id":18111,"href":"https:\/\/www.mundoagropecuario.cl\/new\/wp-json\/wp\/v2\/posts\/18109\/revisions\/18111"}],"wp:featuredmedia":[{"embeddable":true,"href":"https:\/\/www.mundoagropecuario.cl\/new\/wp-json\/wp\/v2\/media\/18110"}],"wp:attachment":[{"href":"https:\/\/www.mundoagropecuario.cl\/new\/wp-json\/wp\/v2\/media?parent=18109"}],"wp:term":[{"taxonomy":"category","embeddable":true,"href":"https:\/\/www.mundoagropecuario.cl\/new\/wp-json\/wp\/v2\/categories?post=18109"},{"taxonomy":"post_tag","embeddable":true,"href":"https:\/\/www.mundoagropecuario.cl\/new\/wp-json\/wp\/v2\/tags?post=18109"}],"curies":[{"name":"wp","href":"https:\/\/api.w.org\/{rel}","templated":true}]}}