{"id":18033,"date":"2021-02-09T10:56:18","date_gmt":"2021-02-09T13:56:18","guid":{"rendered":"https:\/\/www.mundoagropecuario.cl\/new\/?p=18033"},"modified":"2021-02-12T12:39:01","modified_gmt":"2021-02-12T15:39:01","slug":"gobierno-entrega-apoyo-productivo-a-pequenos-agricultores-afectados-por-violencia-rural","status":"publish","type":"post","link":"https:\/\/www.mundoagropecuario.cl\/new\/gobierno-entrega-apoyo-productivo-a-pequenos-agricultores-afectados-por-violencia-rural\/","title":{"rendered":"Gobierno entrega apoyo productivo a peque\u00f1os agricultores afectados por violencia rural"},"content":{"rendered":"<blockquote>\n<h2><span style=\"color: #666699;\">Con el objetivo de restablecer las actividades productivas interrumpidas o da\u00f1adas por situaciones de violencia rural, el gobierno a trav\u00e9s de INDAP, entreg\u00f3 un apoyo productivo por m\u00e1s de $287 millones a peque\u00f1os agricultores de 12 comunas de La Araucan\u00eda.<\/span><\/h2>\n<\/blockquote>\n<p>La directora regional de INDAP, Carolina Meier, se\u00f1al\u00f3 que a trav\u00e9s de una coordinaci\u00f3n con Intendencia, las Gobernaciones de Malleco y Caut\u00edn \u201cestamos cumpliendo con lo mandatado por el Presidente Sebasti\u00e1n Pi\u00f1era, entregando un apoyo a 58 usuarios de INDAP que han sido v\u00edctimas de violencia rural. Gracias a un convenio que tenemos con la Subsecretar\u00eda del Interior hemos podido apoyarlos con proyectos de inversi\u00f3n, que van a permitir reactivar sus sistemas productivos, para que puedan sacar adelante a sus familias y continuar trabajando en el campo\u201d.<\/p>\n<p><a href=\"https:\/\/www.mundoagropecuario.cl\/new\/wp-content\/uploads\/2021\/02\/Entrega-Proyectos-VR-2021-2-1.jpg\"><img loading=\"lazy\" decoding=\"async\" class=\" wp-image-18035 alignright\" src=\"https:\/\/www.mundoagropecuario.cl\/new\/wp-content\/uploads\/2021\/02\/Entrega-Proyectos-VR-2021-2-1-420x490.jpg\" alt=\"\" width=\"367\" height=\"388\" \/><\/a>El apoyo que se concret\u00f3 en la comuna de Los Sauces con la presencia de autoridades regionales, contempla la entrega de incentivos, no reembolsables, de hasta $ 5 millones de pesos, postulaciones individuales que realizaron los usuarios que se vieron afectados por p\u00e9rdidas de equipamiento, maquinaria, infraestructura productiva, entre otros.<\/p>\n<p>\u201cComo gobierno y como Estado, estamos contribuyendo a mejorar su calidad de vida, reponiendo en parte materialmente por lo que han pasado, adem\u00e1s de entregar una se\u00f1al clara que estamos con ellos y vamos a estar con nexos muy directos para atender cada uno de sus requerimientos\u201d expres\u00f3 el coordinador de seguridad para La Araucan\u00eda Macrozona Sur, Luis Calder\u00f3n.<\/p>\n<p>Por su parte, el seremi de Agricultura, Ricardo Senn, agreg\u00f3 que el ministerio de Agricultura va a seguir acompa\u00f1\u00e1ndolos cada vez que sea necesario. \u201cHemos venido a acompa\u00f1ar y generar alg\u00fan grado de compensaci\u00f3n por el grave da\u00f1o que han sufrido peque\u00f1os agricultores, gente perteneciente a la Agricultura Familiar Campesina, que se ha visto inmersa e inserta en un conflicto que no tienen ninguna culpa\u201d, puntualiz\u00f3.<\/p>\n","protected":false},"excerpt":{"rendered":"<p>El apoyo que se concret\u00f3 en la comuna de Los Sauces con la presencia de autoridades regionales, contempla la entrega de incentivos, no reembolsables, de hasta $ 5 millones de pesos.<\/p>\n","protected":false},"author":2,"featured_media":18034,"comment_status":"closed","ping_status":"closed","sticky":false,"template":"","format":"standard","meta":{"footnotes":""},"categories":[1945],"tags":[2090,3127,154,1992,4186,1978,5255],"class_list":["post-18033","post","type-post","status-publish","format-standard","has-post-thumbnail","hentry","category-agricultura","tag-agricultura","tag-agro","tag-araucania","tag-indap","tag-ricardo-senn","tag-seremi-de-agricultura","tag-violencia-rural"],"yoast_head":"<!-- This site is optimized with the Yoast SEO plugin v26.6 - https:\/\/yoast.com\/wordpress\/plugins\/seo\/ -->\n<title>Gobierno entrega apoyo productivo a peque\u00f1os agricultores afectados por violencia rural - Mundoagropecuario<\/title>\n<meta name=\"description\" content=\"Gobierno entrega apoyo productivo a peque\u00f1os agricultores afectados por violencia rural, La directora regional de INDAP, Carolina Meier,\" \/>\n<meta name=\"robots\" content=\"index, follow, max-snippet:-1, max-image-preview:large, max-video-preview:-1\" \/>\n<link rel=\"canonical\" href=\"https:\/\/www.mundoagropecuario.cl\/new\/gobierno-entrega-apoyo-productivo-a-pequenos-agricultores-afectados-por-violencia-rural\/\" \/>\n<meta property=\"og:locale\" content=\"es_ES\" \/>\n<meta property=\"og:type\" content=\"article\" \/>\n<meta property=\"og:title\" content=\"Gobierno entrega apoyo productivo a peque\u00f1os agricultores afectados por violencia rural - Mundoagropecuario\" \/>\n<meta property=\"og:description\" content=\"Gobierno entrega apoyo productivo a peque\u00f1os agricultores afectados por violencia rural, La directora regional de INDAP, Carolina Meier,\" \/>\n<meta property=\"og:url\" content=\"https:\/\/www.mundoagropecuario.cl\/new\/gobierno-entrega-apoyo-productivo-a-pequenos-agricultores-afectados-por-violencia-rural\/\" \/>\n<meta property=\"og:site_name\" content=\"Mundoagropecuario\" \/>\n<meta property=\"article:publisher\" content=\"https:\/\/www.facebook.com\/mundo.agropecuario.3\" \/>\n<meta property=\"article:published_time\" content=\"2021-02-09T13:56:18+00:00\" \/>\n<meta property=\"article:modified_time\" content=\"2021-02-12T15:39:01+00:00\" \/>\n<meta property=\"og:image\" content=\"https:\/\/www.mundoagropecuario.cl\/new\/wp-content\/uploads\/2021\/02\/araucania-.jpg\" \/>\n\t<meta property=\"og:image:width\" content=\"1024\" \/>\n\t<meta property=\"og:image:height\" content=\"768\" \/>\n\t<meta property=\"og:image:type\" content=\"image\/jpeg\" \/>\n<meta name=\"author\" content=\"mundo\" \/>\n<meta name=\"twitter:card\" content=\"summary_large_image\" \/>\n<meta name=\"twitter:creator\" content=\"@MundoAgropecuar\" \/>\n<meta name=\"twitter:site\" content=\"@MundoAgropecuar\" \/>\n<meta name=\"twitter:label1\" content=\"Escrito por\" \/>\n\t<meta name=\"twitter:data1\" content=\"mundo\" \/>\n\t<meta name=\"twitter:label2\" content=\"Tiempo de lectura\" \/>\n\t<meta name=\"twitter:data2\" content=\"2 minutos\" \/>\n<script type=\"application\/ld+json\" class=\"yoast-schema-graph\">{\"@context\":\"https:\/\/schema.org\",\"@graph\":[{\"@type\":\"Article\",\"@id\":\"https:\/\/www.mundoagropecuario.cl\/new\/gobierno-entrega-apoyo-productivo-a-pequenos-agricultores-afectados-por-violencia-rural\/#article\",\"isPartOf\":{\"@id\":\"https:\/\/www.mundoagropecuario.cl\/new\/gobierno-entrega-apoyo-productivo-a-pequenos-agricultores-afectados-por-violencia-rural\/\"},\"author\":{\"name\":\"mundo\",\"@id\":\"https:\/\/www.mundoagropecuario.cl\/new\/#\/schema\/person\/4e9f74a82a7dac260eb1c44b7eebeb18\"},\"headline\":\"Gobierno entrega apoyo productivo a peque\u00f1os agricultores afectados por violencia rural\",\"datePublished\":\"2021-02-09T13:56:18+00:00\",\"dateModified\":\"2021-02-12T15:39:01+00:00\",\"mainEntityOfPage\":{\"@id\":\"https:\/\/www.mundoagropecuario.cl\/new\/gobierno-entrega-apoyo-productivo-a-pequenos-agricultores-afectados-por-violencia-rural\/\"},\"wordCount\":334,\"publisher\":{\"@id\":\"https:\/\/www.mundoagropecuario.cl\/new\/#organization\"},\"image\":{\"@id\":\"https:\/\/www.mundoagropecuario.cl\/new\/gobierno-entrega-apoyo-productivo-a-pequenos-agricultores-afectados-por-violencia-rural\/#primaryimage\"},\"thumbnailUrl\":\"https:\/\/www.mundoagropecuario.cl\/new\/wp-content\/uploads\/2021\/02\/araucania-.jpg\",\"keywords\":[\"Agricultura\",\"Agro\",\"araucan\u00eda\",\"Indap\",\"Ricardo Senn\",\"seremi de Agricultura\",\"violencia rural\"],\"articleSection\":[\"Agricultura\"],\"inLanguage\":\"es\"},{\"@type\":\"WebPage\",\"@id\":\"https:\/\/www.mundoagropecuario.cl\/new\/gobierno-entrega-apoyo-productivo-a-pequenos-agricultores-afectados-por-violencia-rural\/\",\"url\":\"https:\/\/www.mundoagropecuario.cl\/new\/gobierno-entrega-apoyo-productivo-a-pequenos-agricultores-afectados-por-violencia-rural\/\",\"name\":\"Gobierno entrega apoyo productivo a peque\u00f1os agricultores afectados por violencia rural - Mundoagropecuario\",\"isPartOf\":{\"@id\":\"https:\/\/www.mundoagropecuario.cl\/new\/#website\"},\"primaryImageOfPage\":{\"@id\":\"https:\/\/www.mundoagropecuario.cl\/new\/gobierno-entrega-apoyo-productivo-a-pequenos-agricultores-afectados-por-violencia-rural\/#primaryimage\"},\"image\":{\"@id\":\"https:\/\/www.mundoagropecuario.cl\/new\/gobierno-entrega-apoyo-productivo-a-pequenos-agricultores-afectados-por-violencia-rural\/#primaryimage\"},\"thumbnailUrl\":\"https:\/\/www.mundoagropecuario.cl\/new\/wp-content\/uploads\/2021\/02\/araucania-.jpg\",\"datePublished\":\"2021-02-09T13:56:18+00:00\",\"dateModified\":\"2021-02-12T15:39:01+00:00\",\"description\":\"Gobierno entrega apoyo productivo a peque\u00f1os agricultores afectados por violencia rural, La directora regional de INDAP, Carolina Meier,\",\"breadcrumb\":{\"@id\":\"https:\/\/www.mundoagropecuario.cl\/new\/gobierno-entrega-apoyo-productivo-a-pequenos-agricultores-afectados-por-violencia-rural\/#breadcrumb\"},\"inLanguage\":\"es\",\"potentialAction\":[{\"@type\":\"ReadAction\",\"target\":[\"https:\/\/www.mundoagropecuario.cl\/new\/gobierno-entrega-apoyo-productivo-a-pequenos-agricultores-afectados-por-violencia-rural\/\"]}]},{\"@type\":\"ImageObject\",\"inLanguage\":\"es\",\"@id\":\"https:\/\/www.mundoagropecuario.cl\/new\/gobierno-entrega-apoyo-productivo-a-pequenos-agricultores-afectados-por-violencia-rural\/#primaryimage\",\"url\":\"https:\/\/www.mundoagropecuario.cl\/new\/wp-content\/uploads\/2021\/02\/araucania-.jpg\",\"contentUrl\":\"https:\/\/www.mundoagropecuario.cl\/new\/wp-content\/uploads\/2021\/02\/araucania-.jpg\",\"width\":533,\"height\":400},{\"@type\":\"BreadcrumbList\",\"@id\":\"https:\/\/www.mundoagropecuario.cl\/new\/gobierno-entrega-apoyo-productivo-a-pequenos-agricultores-afectados-por-violencia-rural\/#breadcrumb\",\"itemListElement\":[{\"@type\":\"ListItem\",\"position\":1,\"name\":\"Portada\",\"item\":\"https:\/\/www.mundoagropecuario.cl\/new\/\"},{\"@type\":\"ListItem\",\"position\":2,\"name\":\"Gobierno entrega apoyo productivo a peque\u00f1os agricultores afectados por violencia rural\"}]},{\"@type\":\"WebSite\",\"@id\":\"https:\/\/www.mundoagropecuario.cl\/new\/#website\",\"url\":\"https:\/\/www.mundoagropecuario.cl\/new\/\",\"name\":\"Mundoagropecuario\",\"description\":\"Mundo Agropecuario\",\"publisher\":{\"@id\":\"https:\/\/www.mundoagropecuario.cl\/new\/#organization\"},\"potentialAction\":[{\"@type\":\"SearchAction\",\"target\":{\"@type\":\"EntryPoint\",\"urlTemplate\":\"https:\/\/www.mundoagropecuario.cl\/new\/?s={search_term_string}\"},\"query-input\":{\"@type\":\"PropertyValueSpecification\",\"valueRequired\":true,\"valueName\":\"search_term_string\"}}],\"inLanguage\":\"es\"},{\"@type\":\"Organization\",\"@id\":\"https:\/\/www.mundoagropecuario.cl\/new\/#organization\",\"name\":\"Revista de Agricultura\",\"url\":\"https:\/\/www.mundoagropecuario.cl\/new\/\",\"logo\":{\"@type\":\"ImageObject\",\"inLanguage\":\"es\",\"@id\":\"https:\/\/www.mundoagropecuario.cl\/new\/#\/schema\/logo\/image\/\",\"url\":\"https:\/\/www.mundoagropecuario.cl\/new\/wp-content\/uploads\/2020\/11\/PORTAL-1-1.png\",\"contentUrl\":\"https:\/\/www.mundoagropecuario.cl\/new\/wp-content\/uploads\/2020\/11\/PORTAL-1-1.png\",\"width\":1026,\"height\":100,\"caption\":\"Revista de Agricultura\"},\"image\":{\"@id\":\"https:\/\/www.mundoagropecuario.cl\/new\/#\/schema\/logo\/image\/\"},\"sameAs\":[\"https:\/\/www.facebook.com\/mundo.agropecuario.3\",\"https:\/\/x.com\/MundoAgropecuar\",\"https:\/\/www.linkedin.com\/in\/mundo-agropecuario-934009201\/\"]},{\"@type\":\"Person\",\"@id\":\"https:\/\/www.mundoagropecuario.cl\/new\/#\/schema\/person\/4e9f74a82a7dac260eb1c44b7eebeb18\",\"name\":\"mundo\",\"url\":\"https:\/\/www.mundoagropecuario.cl\/new\/author\/mundo\/\"}]}<\/script>\n<!-- \/ Yoast SEO plugin. -->","yoast_head_json":{"title":"Gobierno entrega apoyo productivo a peque\u00f1os agricultores afectados por violencia rural - Mundoagropecuario","description":"Gobierno entrega apoyo productivo a peque\u00f1os agricultores afectados por violencia rural, La directora regional de INDAP, Carolina Meier,","robots":{"index":"index","follow":"follow","max-snippet":"max-snippet:-1","max-image-preview":"max-image-preview:large","max-video-preview":"max-video-preview:-1"},"canonical":"https:\/\/www.mundoagropecuario.cl\/new\/gobierno-entrega-apoyo-productivo-a-pequenos-agricultores-afectados-por-violencia-rural\/","og_locale":"es_ES","og_type":"article","og_title":"Gobierno entrega apoyo productivo a peque\u00f1os agricultores afectados por violencia rural - Mundoagropecuario","og_description":"Gobierno entrega apoyo productivo a peque\u00f1os agricultores afectados por violencia rural, La directora regional de INDAP, Carolina Meier,","og_url":"https:\/\/www.mundoagropecuario.cl\/new\/gobierno-entrega-apoyo-productivo-a-pequenos-agricultores-afectados-por-violencia-rural\/","og_site_name":"Mundoagropecuario","article_publisher":"https:\/\/www.facebook.com\/mundo.agropecuario.3","article_published_time":"2021-02-09T13:56:18+00:00","article_modified_time":"2021-02-12T15:39:01+00:00","og_image":[{"width":1024,"height":768,"url":"https:\/\/www.mundoagropecuario.cl\/new\/wp-content\/uploads\/2021\/02\/araucania-.jpg","type":"image\/jpeg"}],"author":"mundo","twitter_card":"summary_large_image","twitter_creator":"@MundoAgropecuar","twitter_site":"@MundoAgropecuar","twitter_misc":{"Escrito por":"mundo","Tiempo de lectura":"2 minutos"},"schema":{"@context":"https:\/\/schema.org","@graph":[{"@type":"Article","@id":"https:\/\/www.mundoagropecuario.cl\/new\/gobierno-entrega-apoyo-productivo-a-pequenos-agricultores-afectados-por-violencia-rural\/#article","isPartOf":{"@id":"https:\/\/www.mundoagropecuario.cl\/new\/gobierno-entrega-apoyo-productivo-a-pequenos-agricultores-afectados-por-violencia-rural\/"},"author":{"name":"mundo","@id":"https:\/\/www.mundoagropecuario.cl\/new\/#\/schema\/person\/4e9f74a82a7dac260eb1c44b7eebeb18"},"headline":"Gobierno entrega apoyo productivo a peque\u00f1os agricultores afectados por violencia rural","datePublished":"2021-02-09T13:56:18+00:00","dateModified":"2021-02-12T15:39:01+00:00","mainEntityOfPage":{"@id":"https:\/\/www.mundoagropecuario.cl\/new\/gobierno-entrega-apoyo-productivo-a-pequenos-agricultores-afectados-por-violencia-rural\/"},"wordCount":334,"publisher":{"@id":"https:\/\/www.mundoagropecuario.cl\/new\/#organization"},"image":{"@id":"https:\/\/www.mundoagropecuario.cl\/new\/gobierno-entrega-apoyo-productivo-a-pequenos-agricultores-afectados-por-violencia-rural\/#primaryimage"},"thumbnailUrl":"https:\/\/www.mundoagropecuario.cl\/new\/wp-content\/uploads\/2021\/02\/araucania-.jpg","keywords":["Agricultura","Agro","araucan\u00eda","Indap","Ricardo Senn","seremi de Agricultura","violencia rural"],"articleSection":["Agricultura"],"inLanguage":"es"},{"@type":"WebPage","@id":"https:\/\/www.mundoagropecuario.cl\/new\/gobierno-entrega-apoyo-productivo-a-pequenos-agricultores-afectados-por-violencia-rural\/","url":"https:\/\/www.mundoagropecuario.cl\/new\/gobierno-entrega-apoyo-productivo-a-pequenos-agricultores-afectados-por-violencia-rural\/","name":"Gobierno entrega apoyo productivo a peque\u00f1os agricultores afectados por violencia rural - Mundoagropecuario","isPartOf":{"@id":"https:\/\/www.mundoagropecuario.cl\/new\/#website"},"primaryImageOfPage":{"@id":"https:\/\/www.mundoagropecuario.cl\/new\/gobierno-entrega-apoyo-productivo-a-pequenos-agricultores-afectados-por-violencia-rural\/#primaryimage"},"image":{"@id":"https:\/\/www.mundoagropecuario.cl\/new\/gobierno-entrega-apoyo-productivo-a-pequenos-agricultores-afectados-por-violencia-rural\/#primaryimage"},"thumbnailUrl":"https:\/\/www.mundoagropecuario.cl\/new\/wp-content\/uploads\/2021\/02\/araucania-.jpg","datePublished":"2021-02-09T13:56:18+00:00","dateModified":"2021-02-12T15:39:01+00:00","description":"Gobierno entrega apoyo productivo a peque\u00f1os agricultores afectados por violencia rural, La directora regional de INDAP, Carolina Meier,","breadcrumb":{"@id":"https:\/\/www.mundoagropecuario.cl\/new\/gobierno-entrega-apoyo-productivo-a-pequenos-agricultores-afectados-por-violencia-rural\/#breadcrumb"},"inLanguage":"es","potentialAction":[{"@type":"ReadAction","target":["https:\/\/www.mundoagropecuario.cl\/new\/gobierno-entrega-apoyo-productivo-a-pequenos-agricultores-afectados-por-violencia-rural\/"]}]},{"@type":"ImageObject","inLanguage":"es","@id":"https:\/\/www.mundoagropecuario.cl\/new\/gobierno-entrega-apoyo-productivo-a-pequenos-agricultores-afectados-por-violencia-rural\/#primaryimage","url":"https:\/\/www.mundoagropecuario.cl\/new\/wp-content\/uploads\/2021\/02\/araucania-.jpg","contentUrl":"https:\/\/www.mundoagropecuario.cl\/new\/wp-content\/uploads\/2021\/02\/araucania-.jpg","width":533,"height":400},{"@type":"BreadcrumbList","@id":"https:\/\/www.mundoagropecuario.cl\/new\/gobierno-entrega-apoyo-productivo-a-pequenos-agricultores-afectados-por-violencia-rural\/#breadcrumb","itemListElement":[{"@type":"ListItem","position":1,"name":"Portada","item":"https:\/\/www.mundoagropecuario.cl\/new\/"},{"@type":"ListItem","position":2,"name":"Gobierno entrega apoyo productivo a peque\u00f1os agricultores afectados por violencia rural"}]},{"@type":"WebSite","@id":"https:\/\/www.mundoagropecuario.cl\/new\/#website","url":"https:\/\/www.mundoagropecuario.cl\/new\/","name":"Mundoagropecuario","description":"Mundo Agropecuario","publisher":{"@id":"https:\/\/www.mundoagropecuario.cl\/new\/#organization"},"potentialAction":[{"@type":"SearchAction","target":{"@type":"EntryPoint","urlTemplate":"https:\/\/www.mundoagropecuario.cl\/new\/?s={search_term_string}"},"query-input":{"@type":"PropertyValueSpecification","valueRequired":true,"valueName":"search_term_string"}}],"inLanguage":"es"},{"@type":"Organization","@id":"https:\/\/www.mundoagropecuario.cl\/new\/#organization","name":"Revista de Agricultura","url":"https:\/\/www.mundoagropecuario.cl\/new\/","logo":{"@type":"ImageObject","inLanguage":"es","@id":"https:\/\/www.mundoagropecuario.cl\/new\/#\/schema\/logo\/image\/","url":"https:\/\/www.mundoagropecuario.cl\/new\/wp-content\/uploads\/2020\/11\/PORTAL-1-1.png","contentUrl":"https:\/\/www.mundoagropecuario.cl\/new\/wp-content\/uploads\/2020\/11\/PORTAL-1-1.png","width":1026,"height":100,"caption":"Revista de Agricultura"},"image":{"@id":"https:\/\/www.mundoagropecuario.cl\/new\/#\/schema\/logo\/image\/"},"sameAs":["https:\/\/www.facebook.com\/mundo.agropecuario.3","https:\/\/x.com\/MundoAgropecuar","https:\/\/www.linkedin.com\/in\/mundo-agropecuario-934009201\/"]},{"@type":"Person","@id":"https:\/\/www.mundoagropecuario.cl\/new\/#\/schema\/person\/4e9f74a82a7dac260eb1c44b7eebeb18","name":"mundo","url":"https:\/\/www.mundoagropecuario.cl\/new\/author\/mundo\/"}]}},"_links":{"self":[{"href":"https:\/\/www.mundoagropecuario.cl\/new\/wp-json\/wp\/v2\/posts\/18033","targetHints":{"allow":["GET"]}}],"collection":[{"href":"https:\/\/www.mundoagropecuario.cl\/new\/wp-json\/wp\/v2\/posts"}],"about":[{"href":"https:\/\/www.mundoagropecuario.cl\/new\/wp-json\/wp\/v2\/types\/post"}],"author":[{"embeddable":true,"href":"https:\/\/www.mundoagropecuario.cl\/new\/wp-json\/wp\/v2\/users\/2"}],"replies":[{"embeddable":true,"href":"https:\/\/www.mundoagropecuario.cl\/new\/wp-json\/wp\/v2\/comments?post=18033"}],"version-history":[{"count":1,"href":"https:\/\/www.mundoagropecuario.cl\/new\/wp-json\/wp\/v2\/posts\/18033\/revisions"}],"predecessor-version":[{"id":18036,"href":"https:\/\/www.mundoagropecuario.cl\/new\/wp-json\/wp\/v2\/posts\/18033\/revisions\/18036"}],"wp:featuredmedia":[{"embeddable":true,"href":"https:\/\/www.mundoagropecuario.cl\/new\/wp-json\/wp\/v2\/media\/18034"}],"wp:attachment":[{"href":"https:\/\/www.mundoagropecuario.cl\/new\/wp-json\/wp\/v2\/media?parent=18033"}],"wp:term":[{"taxonomy":"category","embeddable":true,"href":"https:\/\/www.mundoagropecuario.cl\/new\/wp-json\/wp\/v2\/categories?post=18033"},{"taxonomy":"post_tag","embeddable":true,"href":"https:\/\/www.mundoagropecuario.cl\/new\/wp-json\/wp\/v2\/tags?post=18033"}],"curies":[{"name":"wp","href":"https:\/\/api.w.org\/{rel}","templated":true}]}}