{"id":18028,"date":"2021-02-08T11:26:11","date_gmt":"2021-02-08T14:26:11","guid":{"rendered":"https:\/\/www.mundoagropecuario.cl\/new\/?p=18028"},"modified":"2021-02-11T11:45:43","modified_gmt":"2021-02-11T14:45:43","slug":"fedefruta-valora-medidas-para-enfrentar-catastrofe-agricola-y-estara-atento-a-que-productores-afectados-reciban-la-ayuda","status":"publish","type":"post","link":"https:\/\/www.mundoagropecuario.cl\/new\/fedefruta-valora-medidas-para-enfrentar-catastrofe-agricola-y-estara-atento-a-que-productores-afectados-reciban-la-ayuda\/","title":{"rendered":"Fedefruta valora medidas para enfrentar Cat\u00e1strofe Agr\u00edcola y estar\u00e1 atento a que productores afectados reciban la ayuda"},"content":{"rendered":"<blockquote>\n<h2><span style=\"color: #800000;\">La reuni\u00f3n con la ministra Undurraga fue muy productiva, se pudo ver en conjunto todos los efectos de esta cat\u00e1strofe y las posibles acciones,\u00a0 para ir superando este grave problema que esta pasado los peque\u00f1os y medianos productores afectados.<\/span><\/h2>\n<\/blockquote>\n<p>Tras la declaraci\u00f3n de emergencia agr\u00edcola para las regiones de O&#8217;Higgins y Maule, y las medidas anunciadas por la Ministra de Agricultura Mar\u00eda Emilia Undurraga por las lluvias del fin de semana, entre las que cuentan fondos de emergencia, 700 millones de pesos para agricultores Indap, planes de reprogramaci\u00f3n de cr\u00e9ditos, y la extensi\u00f3n de la cobertura del Fogape Reactiva, el presidente de Fedefruta, Jorge Valenzuela, hizo el siguiente comentario:<\/p>\n<p>&#8220;La reuni\u00f3n con la ministra Undurraga fue muy productiva, y pudimos ver en conjunto todos los efectos de esta cat\u00e1strofe y las posibles acciones para ir superando este grave problema que estamos viviendo. Agradecemos y vemos como positivo el anuncio de declarar emergencia agr\u00edcola en regiones y comunas afectadas, por lo que podemos esperar la pronta ayuda a los afectados por parte de las autoridades, a trav\u00e9s, por ejemplo, de los 700 millones de pesos v\u00eda Indap para ayudar a los usuarios afectados\u201d.<\/p>\n<p><a href=\"https:\/\/www.mundoagropecuario.cl\/new\/wp-content\/uploads\/2021\/02\/Temporales-scaled.jpg\"><img loading=\"lazy\" decoding=\"async\" class=\"size-medium wp-image-18008 alignleft\" src=\"https:\/\/www.mundoagropecuario.cl\/new\/wp-content\/uploads\/2021\/02\/Temporales-586x293.jpg\" alt=\"\" width=\"586\" height=\"293\" srcset=\"https:\/\/www.mundoagropecuario.cl\/new\/wp-content\/uploads\/2021\/02\/Temporales-586x293.jpg 586w, https:\/\/www.mundoagropecuario.cl\/new\/wp-content\/uploads\/2021\/02\/Temporales-1024x512.jpg 1024w, https:\/\/www.mundoagropecuario.cl\/new\/wp-content\/uploads\/2021\/02\/Temporales-768x384.jpg 768w, https:\/\/www.mundoagropecuario.cl\/new\/wp-content\/uploads\/2021\/02\/Temporales-scaled.jpg 720w\" sizes=\"auto, (max-width: 586px) 100vw, 586px\" \/><\/a>&#8220;Sin embargo, estaremos muy atentos, monitoreando que todas estas medidas sean implementadas con rapidez, para que tanto agricultores como fruticultores y hortaliceros que no son usuarios de Indap, vale decir, los peque\u00f1os y medianos que necesitan estas medidas con gran urgencia, puedan levantarse y realizar las labores que se requieren, sacar adelante las cosechas que quedaron, y muchas otras tareas relacionadas a los cultivos que fueron destruidos con el sistema frontal&#8221;.<\/p>\n<p>El presidente de Fedefruta record\u00f3 que los productores de frutas afectados ya contabilizaban p\u00e9rdidas de 150 millones de d\u00f3lares, seg\u00fan el catastro realizado por la Federaci\u00f3n, y el cual fue presentado a las autoridades del Minagri, los servicios de esta cartera, y a los alcaldes de las comunas afectadas, durante la reuni\u00f3n.<\/p>\n<p>De acuerdo a esta encuesta, tres de cuatro productores frut\u00edcolas reportaron alg\u00fan tipo de da\u00f1o por el inusual episodio clim\u00e1tico. Entre quienes tuvieron da\u00f1os, un 79,7% report\u00f3 \u201cPartidura de Fruta\u201d, un 41,5% \u201cCa\u00edda de fruta\u201d, un 17,8% \u201cCa\u00edda de \u00c1rboles\u201d, y un 9,7% \u201cCa\u00edda o deterioro de parrones\/estructuras de huertos\u201d. Un 3,8% tuvo problemas con sus sistemas de riego, y un 3,1% da\u00f1os por granizos.<\/p>\n","protected":false},"excerpt":{"rendered":"<p>El presidente de Fedefruta record\u00f3 que los productores de frutas afectados ya contabilizaban p\u00e9rdidas de 150 millones de d\u00f3lares, seg\u00fan el catastro realizado por la Federaci\u00f3n,<\/p>\n","protected":false},"author":2,"featured_media":18007,"comment_status":"closed","ping_status":"closed","sticky":false,"template":"","format":"standard","meta":{"footnotes":""},"categories":[1986],"tags":[3127,5246,2095,2245,5250],"class_list":["post-18028","post","type-post","status-publish","format-standard","has-post-thumbnail","hentry","category-frutas","tag-agro","tag-catastrofe-agricola","tag-fedefruta","tag-frutas","tag-temporales"],"yoast_head":"<!-- This site is optimized with the Yoast SEO plugin v26.6 - https:\/\/yoast.com\/wordpress\/plugins\/seo\/ -->\n<title>Fedefruta valora medidas para enfrentar Cat\u00e1strofe Agr\u00edcola y estar\u00e1 atento a que productores afectados reciban la ayuda - Mundoagropecuario<\/title>\n<meta name=\"description\" content=\"Fedefruta valora medidas para enfrentar Cat\u00e1strofe Agr\u00edcola y estar\u00e1 atento a que productores afectados reciban la ayuda\" \/>\n<meta name=\"robots\" content=\"index, follow, max-snippet:-1, max-image-preview:large, max-video-preview:-1\" \/>\n<link rel=\"canonical\" href=\"https:\/\/www.mundoagropecuario.cl\/new\/fedefruta-valora-medidas-para-enfrentar-catastrofe-agricola-y-estara-atento-a-que-productores-afectados-reciban-la-ayuda\/\" \/>\n<meta property=\"og:locale\" content=\"es_ES\" \/>\n<meta property=\"og:type\" content=\"article\" \/>\n<meta property=\"og:title\" content=\"Fedefruta valora medidas para enfrentar Cat\u00e1strofe Agr\u00edcola y estar\u00e1 atento a que productores afectados reciban la ayuda - Mundoagropecuario\" \/>\n<meta property=\"og:description\" content=\"Fedefruta valora medidas para enfrentar Cat\u00e1strofe Agr\u00edcola y estar\u00e1 atento a que productores afectados reciban la ayuda\" \/>\n<meta property=\"og:url\" content=\"https:\/\/www.mundoagropecuario.cl\/new\/fedefruta-valora-medidas-para-enfrentar-catastrofe-agricola-y-estara-atento-a-que-productores-afectados-reciban-la-ayuda\/\" \/>\n<meta property=\"og:site_name\" content=\"Mundoagropecuario\" \/>\n<meta property=\"article:publisher\" content=\"https:\/\/www.facebook.com\/mundo.agropecuario.3\" \/>\n<meta property=\"article:published_time\" content=\"2021-02-08T14:26:11+00:00\" \/>\n<meta property=\"article:modified_time\" content=\"2021-02-11T14:45:43+00:00\" \/>\n<meta property=\"og:image\" content=\"https:\/\/www.mundoagropecuario.cl\/new\/wp-content\/uploads\/2021\/02\/Temporales-frutas-1.jpg\" \/>\n\t<meta property=\"og:image:width\" content=\"1024\" \/>\n\t<meta property=\"og:image:height\" content=\"576\" \/>\n\t<meta property=\"og:image:type\" content=\"image\/jpeg\" \/>\n<meta name=\"author\" content=\"mundo\" \/>\n<meta name=\"twitter:card\" content=\"summary_large_image\" \/>\n<meta name=\"twitter:creator\" content=\"@MundoAgropecuar\" \/>\n<meta name=\"twitter:site\" content=\"@MundoAgropecuar\" \/>\n<meta name=\"twitter:label1\" content=\"Escrito por\" \/>\n\t<meta name=\"twitter:data1\" content=\"mundo\" \/>\n\t<meta name=\"twitter:label2\" content=\"Tiempo de lectura\" \/>\n\t<meta name=\"twitter:data2\" content=\"2 minutos\" \/>\n<script type=\"application\/ld+json\" class=\"yoast-schema-graph\">{\"@context\":\"https:\/\/schema.org\",\"@graph\":[{\"@type\":\"Article\",\"@id\":\"https:\/\/www.mundoagropecuario.cl\/new\/fedefruta-valora-medidas-para-enfrentar-catastrofe-agricola-y-estara-atento-a-que-productores-afectados-reciban-la-ayuda\/#article\",\"isPartOf\":{\"@id\":\"https:\/\/www.mundoagropecuario.cl\/new\/fedefruta-valora-medidas-para-enfrentar-catastrofe-agricola-y-estara-atento-a-que-productores-afectados-reciban-la-ayuda\/\"},\"author\":{\"name\":\"mundo\",\"@id\":\"https:\/\/www.mundoagropecuario.cl\/new\/#\/schema\/person\/4e9f74a82a7dac260eb1c44b7eebeb18\"},\"headline\":\"Fedefruta valora medidas para enfrentar Cat\u00e1strofe Agr\u00edcola y estar\u00e1 atento a que productores afectados reciban la ayuda\",\"datePublished\":\"2021-02-08T14:26:11+00:00\",\"dateModified\":\"2021-02-11T14:45:43+00:00\",\"mainEntityOfPage\":{\"@id\":\"https:\/\/www.mundoagropecuario.cl\/new\/fedefruta-valora-medidas-para-enfrentar-catastrofe-agricola-y-estara-atento-a-que-productores-afectados-reciban-la-ayuda\/\"},\"wordCount\":420,\"publisher\":{\"@id\":\"https:\/\/www.mundoagropecuario.cl\/new\/#organization\"},\"image\":{\"@id\":\"https:\/\/www.mundoagropecuario.cl\/new\/fedefruta-valora-medidas-para-enfrentar-catastrofe-agricola-y-estara-atento-a-que-productores-afectados-reciban-la-ayuda\/#primaryimage\"},\"thumbnailUrl\":\"https:\/\/www.mundoagropecuario.cl\/new\/wp-content\/uploads\/2021\/02\/Temporales-frutas-1.jpg\",\"keywords\":[\"Agro\",\"Cat\u00e1strofe Agr\u00edcola\",\"Fedefruta\",\"Frutas\",\"temporales\"],\"articleSection\":[\"Frutas\"],\"inLanguage\":\"es\"},{\"@type\":\"WebPage\",\"@id\":\"https:\/\/www.mundoagropecuario.cl\/new\/fedefruta-valora-medidas-para-enfrentar-catastrofe-agricola-y-estara-atento-a-que-productores-afectados-reciban-la-ayuda\/\",\"url\":\"https:\/\/www.mundoagropecuario.cl\/new\/fedefruta-valora-medidas-para-enfrentar-catastrofe-agricola-y-estara-atento-a-que-productores-afectados-reciban-la-ayuda\/\",\"name\":\"Fedefruta valora medidas para enfrentar Cat\u00e1strofe Agr\u00edcola y estar\u00e1 atento a que productores afectados reciban la ayuda - Mundoagropecuario\",\"isPartOf\":{\"@id\":\"https:\/\/www.mundoagropecuario.cl\/new\/#website\"},\"primaryImageOfPage\":{\"@id\":\"https:\/\/www.mundoagropecuario.cl\/new\/fedefruta-valora-medidas-para-enfrentar-catastrofe-agricola-y-estara-atento-a-que-productores-afectados-reciban-la-ayuda\/#primaryimage\"},\"image\":{\"@id\":\"https:\/\/www.mundoagropecuario.cl\/new\/fedefruta-valora-medidas-para-enfrentar-catastrofe-agricola-y-estara-atento-a-que-productores-afectados-reciban-la-ayuda\/#primaryimage\"},\"thumbnailUrl\":\"https:\/\/www.mundoagropecuario.cl\/new\/wp-content\/uploads\/2021\/02\/Temporales-frutas-1.jpg\",\"datePublished\":\"2021-02-08T14:26:11+00:00\",\"dateModified\":\"2021-02-11T14:45:43+00:00\",\"description\":\"Fedefruta valora medidas para enfrentar Cat\u00e1strofe Agr\u00edcola y estar\u00e1 atento a que productores afectados reciban la ayuda\",\"breadcrumb\":{\"@id\":\"https:\/\/www.mundoagropecuario.cl\/new\/fedefruta-valora-medidas-para-enfrentar-catastrofe-agricola-y-estara-atento-a-que-productores-afectados-reciban-la-ayuda\/#breadcrumb\"},\"inLanguage\":\"es\",\"potentialAction\":[{\"@type\":\"ReadAction\",\"target\":[\"https:\/\/www.mundoagropecuario.cl\/new\/fedefruta-valora-medidas-para-enfrentar-catastrofe-agricola-y-estara-atento-a-que-productores-afectados-reciban-la-ayuda\/\"]}]},{\"@type\":\"ImageObject\",\"inLanguage\":\"es\",\"@id\":\"https:\/\/www.mundoagropecuario.cl\/new\/fedefruta-valora-medidas-para-enfrentar-catastrofe-agricola-y-estara-atento-a-que-productores-afectados-reciban-la-ayuda\/#primaryimage\",\"url\":\"https:\/\/www.mundoagropecuario.cl\/new\/wp-content\/uploads\/2021\/02\/Temporales-frutas-1.jpg\",\"contentUrl\":\"https:\/\/www.mundoagropecuario.cl\/new\/wp-content\/uploads\/2021\/02\/Temporales-frutas-1.jpg\",\"width\":711,\"height\":400},{\"@type\":\"BreadcrumbList\",\"@id\":\"https:\/\/www.mundoagropecuario.cl\/new\/fedefruta-valora-medidas-para-enfrentar-catastrofe-agricola-y-estara-atento-a-que-productores-afectados-reciban-la-ayuda\/#breadcrumb\",\"itemListElement\":[{\"@type\":\"ListItem\",\"position\":1,\"name\":\"Portada\",\"item\":\"https:\/\/www.mundoagropecuario.cl\/new\/\"},{\"@type\":\"ListItem\",\"position\":2,\"name\":\"Fedefruta valora medidas para enfrentar Cat\u00e1strofe Agr\u00edcola y estar\u00e1 atento a que productores afectados reciban la ayuda\"}]},{\"@type\":\"WebSite\",\"@id\":\"https:\/\/www.mundoagropecuario.cl\/new\/#website\",\"url\":\"https:\/\/www.mundoagropecuario.cl\/new\/\",\"name\":\"Mundoagropecuario\",\"description\":\"Mundo Agropecuario\",\"publisher\":{\"@id\":\"https:\/\/www.mundoagropecuario.cl\/new\/#organization\"},\"potentialAction\":[{\"@type\":\"SearchAction\",\"target\":{\"@type\":\"EntryPoint\",\"urlTemplate\":\"https:\/\/www.mundoagropecuario.cl\/new\/?s={search_term_string}\"},\"query-input\":{\"@type\":\"PropertyValueSpecification\",\"valueRequired\":true,\"valueName\":\"search_term_string\"}}],\"inLanguage\":\"es\"},{\"@type\":\"Organization\",\"@id\":\"https:\/\/www.mundoagropecuario.cl\/new\/#organization\",\"name\":\"Revista de Agricultura\",\"url\":\"https:\/\/www.mundoagropecuario.cl\/new\/\",\"logo\":{\"@type\":\"ImageObject\",\"inLanguage\":\"es\",\"@id\":\"https:\/\/www.mundoagropecuario.cl\/new\/#\/schema\/logo\/image\/\",\"url\":\"https:\/\/www.mundoagropecuario.cl\/new\/wp-content\/uploads\/2020\/11\/PORTAL-1-1.png\",\"contentUrl\":\"https:\/\/www.mundoagropecuario.cl\/new\/wp-content\/uploads\/2020\/11\/PORTAL-1-1.png\",\"width\":1026,\"height\":100,\"caption\":\"Revista de Agricultura\"},\"image\":{\"@id\":\"https:\/\/www.mundoagropecuario.cl\/new\/#\/schema\/logo\/image\/\"},\"sameAs\":[\"https:\/\/www.facebook.com\/mundo.agropecuario.3\",\"https:\/\/x.com\/MundoAgropecuar\",\"https:\/\/www.linkedin.com\/in\/mundo-agropecuario-934009201\/\"]},{\"@type\":\"Person\",\"@id\":\"https:\/\/www.mundoagropecuario.cl\/new\/#\/schema\/person\/4e9f74a82a7dac260eb1c44b7eebeb18\",\"name\":\"mundo\",\"url\":\"https:\/\/www.mundoagropecuario.cl\/new\/author\/mundo\/\"}]}<\/script>\n<!-- \/ Yoast SEO plugin. -->","yoast_head_json":{"title":"Fedefruta valora medidas para enfrentar Cat\u00e1strofe Agr\u00edcola y estar\u00e1 atento a que productores afectados reciban la ayuda - Mundoagropecuario","description":"Fedefruta valora medidas para enfrentar Cat\u00e1strofe Agr\u00edcola y estar\u00e1 atento a que productores afectados reciban la ayuda","robots":{"index":"index","follow":"follow","max-snippet":"max-snippet:-1","max-image-preview":"max-image-preview:large","max-video-preview":"max-video-preview:-1"},"canonical":"https:\/\/www.mundoagropecuario.cl\/new\/fedefruta-valora-medidas-para-enfrentar-catastrofe-agricola-y-estara-atento-a-que-productores-afectados-reciban-la-ayuda\/","og_locale":"es_ES","og_type":"article","og_title":"Fedefruta valora medidas para enfrentar Cat\u00e1strofe Agr\u00edcola y estar\u00e1 atento a que productores afectados reciban la ayuda - Mundoagropecuario","og_description":"Fedefruta valora medidas para enfrentar Cat\u00e1strofe Agr\u00edcola y estar\u00e1 atento a que productores afectados reciban la ayuda","og_url":"https:\/\/www.mundoagropecuario.cl\/new\/fedefruta-valora-medidas-para-enfrentar-catastrofe-agricola-y-estara-atento-a-que-productores-afectados-reciban-la-ayuda\/","og_site_name":"Mundoagropecuario","article_publisher":"https:\/\/www.facebook.com\/mundo.agropecuario.3","article_published_time":"2021-02-08T14:26:11+00:00","article_modified_time":"2021-02-11T14:45:43+00:00","og_image":[{"width":1024,"height":576,"url":"https:\/\/www.mundoagropecuario.cl\/new\/wp-content\/uploads\/2021\/02\/Temporales-frutas-1.jpg","type":"image\/jpeg"}],"author":"mundo","twitter_card":"summary_large_image","twitter_creator":"@MundoAgropecuar","twitter_site":"@MundoAgropecuar","twitter_misc":{"Escrito por":"mundo","Tiempo de lectura":"2 minutos"},"schema":{"@context":"https:\/\/schema.org","@graph":[{"@type":"Article","@id":"https:\/\/www.mundoagropecuario.cl\/new\/fedefruta-valora-medidas-para-enfrentar-catastrofe-agricola-y-estara-atento-a-que-productores-afectados-reciban-la-ayuda\/#article","isPartOf":{"@id":"https:\/\/www.mundoagropecuario.cl\/new\/fedefruta-valora-medidas-para-enfrentar-catastrofe-agricola-y-estara-atento-a-que-productores-afectados-reciban-la-ayuda\/"},"author":{"name":"mundo","@id":"https:\/\/www.mundoagropecuario.cl\/new\/#\/schema\/person\/4e9f74a82a7dac260eb1c44b7eebeb18"},"headline":"Fedefruta valora medidas para enfrentar Cat\u00e1strofe Agr\u00edcola y estar\u00e1 atento a que productores afectados reciban la ayuda","datePublished":"2021-02-08T14:26:11+00:00","dateModified":"2021-02-11T14:45:43+00:00","mainEntityOfPage":{"@id":"https:\/\/www.mundoagropecuario.cl\/new\/fedefruta-valora-medidas-para-enfrentar-catastrofe-agricola-y-estara-atento-a-que-productores-afectados-reciban-la-ayuda\/"},"wordCount":420,"publisher":{"@id":"https:\/\/www.mundoagropecuario.cl\/new\/#organization"},"image":{"@id":"https:\/\/www.mundoagropecuario.cl\/new\/fedefruta-valora-medidas-para-enfrentar-catastrofe-agricola-y-estara-atento-a-que-productores-afectados-reciban-la-ayuda\/#primaryimage"},"thumbnailUrl":"https:\/\/www.mundoagropecuario.cl\/new\/wp-content\/uploads\/2021\/02\/Temporales-frutas-1.jpg","keywords":["Agro","Cat\u00e1strofe Agr\u00edcola","Fedefruta","Frutas","temporales"],"articleSection":["Frutas"],"inLanguage":"es"},{"@type":"WebPage","@id":"https:\/\/www.mundoagropecuario.cl\/new\/fedefruta-valora-medidas-para-enfrentar-catastrofe-agricola-y-estara-atento-a-que-productores-afectados-reciban-la-ayuda\/","url":"https:\/\/www.mundoagropecuario.cl\/new\/fedefruta-valora-medidas-para-enfrentar-catastrofe-agricola-y-estara-atento-a-que-productores-afectados-reciban-la-ayuda\/","name":"Fedefruta valora medidas para enfrentar Cat\u00e1strofe Agr\u00edcola y estar\u00e1 atento a que productores afectados reciban la ayuda - Mundoagropecuario","isPartOf":{"@id":"https:\/\/www.mundoagropecuario.cl\/new\/#website"},"primaryImageOfPage":{"@id":"https:\/\/www.mundoagropecuario.cl\/new\/fedefruta-valora-medidas-para-enfrentar-catastrofe-agricola-y-estara-atento-a-que-productores-afectados-reciban-la-ayuda\/#primaryimage"},"image":{"@id":"https:\/\/www.mundoagropecuario.cl\/new\/fedefruta-valora-medidas-para-enfrentar-catastrofe-agricola-y-estara-atento-a-que-productores-afectados-reciban-la-ayuda\/#primaryimage"},"thumbnailUrl":"https:\/\/www.mundoagropecuario.cl\/new\/wp-content\/uploads\/2021\/02\/Temporales-frutas-1.jpg","datePublished":"2021-02-08T14:26:11+00:00","dateModified":"2021-02-11T14:45:43+00:00","description":"Fedefruta valora medidas para enfrentar Cat\u00e1strofe Agr\u00edcola y estar\u00e1 atento a que productores afectados reciban la ayuda","breadcrumb":{"@id":"https:\/\/www.mundoagropecuario.cl\/new\/fedefruta-valora-medidas-para-enfrentar-catastrofe-agricola-y-estara-atento-a-que-productores-afectados-reciban-la-ayuda\/#breadcrumb"},"inLanguage":"es","potentialAction":[{"@type":"ReadAction","target":["https:\/\/www.mundoagropecuario.cl\/new\/fedefruta-valora-medidas-para-enfrentar-catastrofe-agricola-y-estara-atento-a-que-productores-afectados-reciban-la-ayuda\/"]}]},{"@type":"ImageObject","inLanguage":"es","@id":"https:\/\/www.mundoagropecuario.cl\/new\/fedefruta-valora-medidas-para-enfrentar-catastrofe-agricola-y-estara-atento-a-que-productores-afectados-reciban-la-ayuda\/#primaryimage","url":"https:\/\/www.mundoagropecuario.cl\/new\/wp-content\/uploads\/2021\/02\/Temporales-frutas-1.jpg","contentUrl":"https:\/\/www.mundoagropecuario.cl\/new\/wp-content\/uploads\/2021\/02\/Temporales-frutas-1.jpg","width":711,"height":400},{"@type":"BreadcrumbList","@id":"https:\/\/www.mundoagropecuario.cl\/new\/fedefruta-valora-medidas-para-enfrentar-catastrofe-agricola-y-estara-atento-a-que-productores-afectados-reciban-la-ayuda\/#breadcrumb","itemListElement":[{"@type":"ListItem","position":1,"name":"Portada","item":"https:\/\/www.mundoagropecuario.cl\/new\/"},{"@type":"ListItem","position":2,"name":"Fedefruta valora medidas para enfrentar Cat\u00e1strofe Agr\u00edcola y estar\u00e1 atento a que productores afectados reciban la ayuda"}]},{"@type":"WebSite","@id":"https:\/\/www.mundoagropecuario.cl\/new\/#website","url":"https:\/\/www.mundoagropecuario.cl\/new\/","name":"Mundoagropecuario","description":"Mundo Agropecuario","publisher":{"@id":"https:\/\/www.mundoagropecuario.cl\/new\/#organization"},"potentialAction":[{"@type":"SearchAction","target":{"@type":"EntryPoint","urlTemplate":"https:\/\/www.mundoagropecuario.cl\/new\/?s={search_term_string}"},"query-input":{"@type":"PropertyValueSpecification","valueRequired":true,"valueName":"search_term_string"}}],"inLanguage":"es"},{"@type":"Organization","@id":"https:\/\/www.mundoagropecuario.cl\/new\/#organization","name":"Revista de Agricultura","url":"https:\/\/www.mundoagropecuario.cl\/new\/","logo":{"@type":"ImageObject","inLanguage":"es","@id":"https:\/\/www.mundoagropecuario.cl\/new\/#\/schema\/logo\/image\/","url":"https:\/\/www.mundoagropecuario.cl\/new\/wp-content\/uploads\/2020\/11\/PORTAL-1-1.png","contentUrl":"https:\/\/www.mundoagropecuario.cl\/new\/wp-content\/uploads\/2020\/11\/PORTAL-1-1.png","width":1026,"height":100,"caption":"Revista de Agricultura"},"image":{"@id":"https:\/\/www.mundoagropecuario.cl\/new\/#\/schema\/logo\/image\/"},"sameAs":["https:\/\/www.facebook.com\/mundo.agropecuario.3","https:\/\/x.com\/MundoAgropecuar","https:\/\/www.linkedin.com\/in\/mundo-agropecuario-934009201\/"]},{"@type":"Person","@id":"https:\/\/www.mundoagropecuario.cl\/new\/#\/schema\/person\/4e9f74a82a7dac260eb1c44b7eebeb18","name":"mundo","url":"https:\/\/www.mundoagropecuario.cl\/new\/author\/mundo\/"}]}},"_links":{"self":[{"href":"https:\/\/www.mundoagropecuario.cl\/new\/wp-json\/wp\/v2\/posts\/18028","targetHints":{"allow":["GET"]}}],"collection":[{"href":"https:\/\/www.mundoagropecuario.cl\/new\/wp-json\/wp\/v2\/posts"}],"about":[{"href":"https:\/\/www.mundoagropecuario.cl\/new\/wp-json\/wp\/v2\/types\/post"}],"author":[{"embeddable":true,"href":"https:\/\/www.mundoagropecuario.cl\/new\/wp-json\/wp\/v2\/users\/2"}],"replies":[{"embeddable":true,"href":"https:\/\/www.mundoagropecuario.cl\/new\/wp-json\/wp\/v2\/comments?post=18028"}],"version-history":[{"count":1,"href":"https:\/\/www.mundoagropecuario.cl\/new\/wp-json\/wp\/v2\/posts\/18028\/revisions"}],"predecessor-version":[{"id":18029,"href":"https:\/\/www.mundoagropecuario.cl\/new\/wp-json\/wp\/v2\/posts\/18028\/revisions\/18029"}],"wp:featuredmedia":[{"embeddable":true,"href":"https:\/\/www.mundoagropecuario.cl\/new\/wp-json\/wp\/v2\/media\/18007"}],"wp:attachment":[{"href":"https:\/\/www.mundoagropecuario.cl\/new\/wp-json\/wp\/v2\/media?parent=18028"}],"wp:term":[{"taxonomy":"category","embeddable":true,"href":"https:\/\/www.mundoagropecuario.cl\/new\/wp-json\/wp\/v2\/categories?post=18028"},{"taxonomy":"post_tag","embeddable":true,"href":"https:\/\/www.mundoagropecuario.cl\/new\/wp-json\/wp\/v2\/tags?post=18028"}],"curies":[{"name":"wp","href":"https:\/\/api.w.org\/{rel}","templated":true}]}}