{"id":18025,"date":"2021-02-08T11:12:41","date_gmt":"2021-02-08T14:12:41","guid":{"rendered":"https:\/\/www.mundoagropecuario.cl\/new\/?p=18025"},"modified":"2021-02-10T10:27:53","modified_gmt":"2021-02-10T13:27:53","slug":"dictamen-corte-suprema-reemplazo-bosque-nativo-por-especies-agricolas","status":"publish","type":"post","link":"https:\/\/www.mundoagropecuario.cl\/new\/dictamen-corte-suprema-reemplazo-bosque-nativo-por-especies-agricolas\/","title":{"rendered":"Dictamen corte suprema reemplazo bosque nativo por especies agr\u00edcolas"},"content":{"rendered":"<blockquote>\n<h2><span style=\"color: #003300;\">\u201cHoy en todo el mundo ya pas\u00f3 el tiempo en que la competitividad se construye a costa del deterioro del medio ambiente y sin duda el siglo 21\u00a0 nos trae tiempos de sustentabilidad\u201d<\/span><\/h2>\n<\/blockquote>\n<p>As\u00ed se refiri\u00f3 Rodrigo Mundaca, candidato a Gobernador Regional de la regi\u00f3n de Valpara\u00edso acerca del dictamen de la segunda sala de la Corte Suprema donde se ratifica que la interpretaci\u00f3n de la contralor\u00eda general de la rep\u00fablica que indicaba que los planes de manejo aprobados por CONAF para la sustituci\u00f3n de bosque nativo por especies frut\u00edcolas eran ilegales.<\/p>\n<p>Cabe destacar que esta acci\u00f3n legal ratifica la primac\u00eda de la Ley 20.283 de Bosque Nativo sobre el decreto ley 701, en tanto la primera no permite el recambio de bosque nativo para recuperaci\u00f3n de suelos agr\u00edcolas.<\/p>\n<p><a href=\"https:\/\/www.mundoagropecuario.cl\/new\/wp-content\/uploads\/2021\/02\/paltas.jpg\"><img loading=\"lazy\" decoding=\"async\" class=\"size-medium wp-image-18026 alignright\" src=\"https:\/\/www.mundoagropecuario.cl\/new\/wp-content\/uploads\/2021\/02\/paltas-586x390.jpg\" alt=\"\" width=\"586\" height=\"390\" srcset=\"https:\/\/www.mundoagropecuario.cl\/new\/wp-content\/uploads\/2021\/02\/paltas-586x390.jpg 586w, https:\/\/www.mundoagropecuario.cl\/new\/wp-content\/uploads\/2021\/02\/paltas.jpg 601w\" sizes=\"auto, (max-width: 586px) 100vw, 586px\" \/><\/a>\u201cCada d\u00eda a nivel mundial existe una mayor conciencia por el cuidado y preservaci\u00f3n del medio ambiente y por tanto el desarrollo de una producci\u00f3n de alimentos bajo una metodolog\u00eda sustentable se hace imprescindible en tanto se preocupa tanto de que exista una viabilidad econ\u00f3mica, social y ambiental para quienes toman este camino. Y sin duda quienes avancen hacia modelos que dejen de lado la sobrequimizaci\u00f3n de los suelos y productos agr\u00edcolas habr\u00e1n entendido cuales son las claves que mueven al mundo en el siglo 21\u201d.<\/p>\n<p>Cabe destacar que la regi\u00f3n de Valpara\u00edso posee 20.318 ha de paltos lo que equivale al 67 % de las plantaciones de este frutal en el pa\u00eds y con una gran parte de ellas ubicadas en laderas de cerros donde reemplazaron a especies nativas lo que llev\u00f3\u00a0 no solo a la sobreexplotaci\u00f3n de los recursos h\u00eddricos si no tambi\u00e9n a mayor erosi\u00f3n, mayor contaminaci\u00f3n de suelo y napas subterr\u00e1neas y a la perdida de la biodiversidad tan necesaria para el equilibrio y mantenci\u00f3n de los ecosistemas.<\/p>\n<p>\u201c El dictamen de la corte suprema pone de manifiesto c\u00f3mo se depredaba el medio ambiente teniendo como c\u00f3mplice a los servicios p\u00fablicos del Estado, los que prefer\u00edan mirar al lado, sin entender la peligrosidad de estos monocultivos no solo para el medio ambiente sino tambi\u00e9n para el desarrollo del pa\u00eds\u201d, indic\u00f3 finalmente Mundaca frente al papel que han tomado las autoridades frente a la deforestaci\u00f3n del bosque nativo.<\/p>\n","protected":false},"excerpt":{"rendered":"<p>Cada d\u00eda a nivel mundial existe una mayor conciencia por el cuidado y preservaci\u00f3n del medio ambiente y por tanto el desarrollo de una producci\u00f3n de alimentos bajo una metodolog\u00eda sustentable se hace imprescindible<\/p>\n","protected":false},"author":2,"featured_media":10025,"comment_status":"closed","ping_status":"closed","sticky":false,"template":"","format":"standard","meta":{"footnotes":""},"categories":[1949],"tags":[3127,2640,3190,876,5249,2178],"class_list":["post-18025","post","type-post","status-publish","format-standard","has-post-thumbnail","hentry","category-forestal","tag-agro","tag-arboles","tag-bosque-nativo","tag-conaf","tag-especies-agricolas","tag-paltas"],"yoast_head":"<!-- This site is optimized with the Yoast SEO plugin v26.6 - https:\/\/yoast.com\/wordpress\/plugins\/seo\/ -->\n<title>Dictamen corte suprema reemplazo bosque nativo por especies agr\u00edcolas - Mundoagropecuario<\/title>\n<meta name=\"description\" content=\"Dictamen corte suprema reemplazo bosque nativo por especies agr\u00edcolas, la sustituci\u00f3n de bosque nativo por especies frut\u00edcolas eran ilegales\" \/>\n<meta name=\"robots\" content=\"index, follow, max-snippet:-1, max-image-preview:large, max-video-preview:-1\" \/>\n<link rel=\"canonical\" href=\"https:\/\/www.mundoagropecuario.cl\/new\/dictamen-corte-suprema-reemplazo-bosque-nativo-por-especies-agricolas\/\" \/>\n<meta property=\"og:locale\" content=\"es_ES\" \/>\n<meta property=\"og:type\" content=\"article\" \/>\n<meta property=\"og:title\" content=\"Dictamen corte suprema reemplazo bosque nativo por especies agr\u00edcolas - Mundoagropecuario\" \/>\n<meta property=\"og:description\" content=\"Dictamen corte suprema reemplazo bosque nativo por especies agr\u00edcolas, la sustituci\u00f3n de bosque nativo por especies frut\u00edcolas eran ilegales\" \/>\n<meta property=\"og:url\" content=\"https:\/\/www.mundoagropecuario.cl\/new\/dictamen-corte-suprema-reemplazo-bosque-nativo-por-especies-agricolas\/\" \/>\n<meta property=\"og:site_name\" content=\"Mundoagropecuario\" \/>\n<meta property=\"article:publisher\" content=\"https:\/\/www.facebook.com\/mundo.agropecuario.3\" \/>\n<meta property=\"article:published_time\" content=\"2021-02-08T14:12:41+00:00\" \/>\n<meta property=\"article:modified_time\" content=\"2021-02-10T13:27:53+00:00\" \/>\n<meta property=\"og:image\" content=\"https:\/\/www.mundoagropecuario.cl\/new\/wp-content\/uploads\/2018\/12\/bosque-tropical.jpg\" \/>\n\t<meta property=\"og:image:width\" content=\"573\" \/>\n\t<meta property=\"og:image:height\" content=\"380\" \/>\n\t<meta property=\"og:image:type\" content=\"image\/jpeg\" \/>\n<meta name=\"author\" content=\"mundo\" \/>\n<meta name=\"twitter:card\" content=\"summary_large_image\" \/>\n<meta name=\"twitter:creator\" content=\"@MundoAgropecuar\" \/>\n<meta name=\"twitter:site\" content=\"@MundoAgropecuar\" \/>\n<meta name=\"twitter:label1\" content=\"Escrito por\" \/>\n\t<meta name=\"twitter:data1\" content=\"mundo\" \/>\n\t<meta name=\"twitter:label2\" content=\"Tiempo de lectura\" \/>\n\t<meta name=\"twitter:data2\" content=\"2 minutos\" \/>\n<script type=\"application\/ld+json\" class=\"yoast-schema-graph\">{\"@context\":\"https:\/\/schema.org\",\"@graph\":[{\"@type\":\"Article\",\"@id\":\"https:\/\/www.mundoagropecuario.cl\/new\/dictamen-corte-suprema-reemplazo-bosque-nativo-por-especies-agricolas\/#article\",\"isPartOf\":{\"@id\":\"https:\/\/www.mundoagropecuario.cl\/new\/dictamen-corte-suprema-reemplazo-bosque-nativo-por-especies-agricolas\/\"},\"author\":{\"name\":\"mundo\",\"@id\":\"https:\/\/www.mundoagropecuario.cl\/new\/#\/schema\/person\/4e9f74a82a7dac260eb1c44b7eebeb18\"},\"headline\":\"Dictamen corte suprema reemplazo bosque nativo por especies agr\u00edcolas\",\"datePublished\":\"2021-02-08T14:12:41+00:00\",\"dateModified\":\"2021-02-10T13:27:53+00:00\",\"mainEntityOfPage\":{\"@id\":\"https:\/\/www.mundoagropecuario.cl\/new\/dictamen-corte-suprema-reemplazo-bosque-nativo-por-especies-agricolas\/\"},\"wordCount\":408,\"publisher\":{\"@id\":\"https:\/\/www.mundoagropecuario.cl\/new\/#organization\"},\"image\":{\"@id\":\"https:\/\/www.mundoagropecuario.cl\/new\/dictamen-corte-suprema-reemplazo-bosque-nativo-por-especies-agricolas\/#primaryimage\"},\"thumbnailUrl\":\"https:\/\/www.mundoagropecuario.cl\/new\/wp-content\/uploads\/2018\/12\/bosque-tropical.jpg\",\"keywords\":[\"Agro\",\"\u00e1rboles\",\"bosque nativo\",\"Conaf\",\"especies agr\u00edcolas\",\"Paltas\"],\"articleSection\":[\"Forestal\"],\"inLanguage\":\"es\"},{\"@type\":\"WebPage\",\"@id\":\"https:\/\/www.mundoagropecuario.cl\/new\/dictamen-corte-suprema-reemplazo-bosque-nativo-por-especies-agricolas\/\",\"url\":\"https:\/\/www.mundoagropecuario.cl\/new\/dictamen-corte-suprema-reemplazo-bosque-nativo-por-especies-agricolas\/\",\"name\":\"Dictamen corte suprema reemplazo bosque nativo por especies agr\u00edcolas - Mundoagropecuario\",\"isPartOf\":{\"@id\":\"https:\/\/www.mundoagropecuario.cl\/new\/#website\"},\"primaryImageOfPage\":{\"@id\":\"https:\/\/www.mundoagropecuario.cl\/new\/dictamen-corte-suprema-reemplazo-bosque-nativo-por-especies-agricolas\/#primaryimage\"},\"image\":{\"@id\":\"https:\/\/www.mundoagropecuario.cl\/new\/dictamen-corte-suprema-reemplazo-bosque-nativo-por-especies-agricolas\/#primaryimage\"},\"thumbnailUrl\":\"https:\/\/www.mundoagropecuario.cl\/new\/wp-content\/uploads\/2018\/12\/bosque-tropical.jpg\",\"datePublished\":\"2021-02-08T14:12:41+00:00\",\"dateModified\":\"2021-02-10T13:27:53+00:00\",\"description\":\"Dictamen corte suprema reemplazo bosque nativo por especies agr\u00edcolas, la sustituci\u00f3n de bosque nativo por especies frut\u00edcolas eran ilegales\",\"breadcrumb\":{\"@id\":\"https:\/\/www.mundoagropecuario.cl\/new\/dictamen-corte-suprema-reemplazo-bosque-nativo-por-especies-agricolas\/#breadcrumb\"},\"inLanguage\":\"es\",\"potentialAction\":[{\"@type\":\"ReadAction\",\"target\":[\"https:\/\/www.mundoagropecuario.cl\/new\/dictamen-corte-suprema-reemplazo-bosque-nativo-por-especies-agricolas\/\"]}]},{\"@type\":\"ImageObject\",\"inLanguage\":\"es\",\"@id\":\"https:\/\/www.mundoagropecuario.cl\/new\/dictamen-corte-suprema-reemplazo-bosque-nativo-por-especies-agricolas\/#primaryimage\",\"url\":\"https:\/\/www.mundoagropecuario.cl\/new\/wp-content\/uploads\/2018\/12\/bosque-tropical.jpg\",\"contentUrl\":\"https:\/\/www.mundoagropecuario.cl\/new\/wp-content\/uploads\/2018\/12\/bosque-tropical.jpg\",\"width\":573,\"height\":380},{\"@type\":\"BreadcrumbList\",\"@id\":\"https:\/\/www.mundoagropecuario.cl\/new\/dictamen-corte-suprema-reemplazo-bosque-nativo-por-especies-agricolas\/#breadcrumb\",\"itemListElement\":[{\"@type\":\"ListItem\",\"position\":1,\"name\":\"Portada\",\"item\":\"https:\/\/www.mundoagropecuario.cl\/new\/\"},{\"@type\":\"ListItem\",\"position\":2,\"name\":\"Dictamen corte suprema reemplazo bosque nativo por especies agr\u00edcolas\"}]},{\"@type\":\"WebSite\",\"@id\":\"https:\/\/www.mundoagropecuario.cl\/new\/#website\",\"url\":\"https:\/\/www.mundoagropecuario.cl\/new\/\",\"name\":\"Mundoagropecuario\",\"description\":\"Mundo Agropecuario\",\"publisher\":{\"@id\":\"https:\/\/www.mundoagropecuario.cl\/new\/#organization\"},\"potentialAction\":[{\"@type\":\"SearchAction\",\"target\":{\"@type\":\"EntryPoint\",\"urlTemplate\":\"https:\/\/www.mundoagropecuario.cl\/new\/?s={search_term_string}\"},\"query-input\":{\"@type\":\"PropertyValueSpecification\",\"valueRequired\":true,\"valueName\":\"search_term_string\"}}],\"inLanguage\":\"es\"},{\"@type\":\"Organization\",\"@id\":\"https:\/\/www.mundoagropecuario.cl\/new\/#organization\",\"name\":\"Revista de Agricultura\",\"url\":\"https:\/\/www.mundoagropecuario.cl\/new\/\",\"logo\":{\"@type\":\"ImageObject\",\"inLanguage\":\"es\",\"@id\":\"https:\/\/www.mundoagropecuario.cl\/new\/#\/schema\/logo\/image\/\",\"url\":\"https:\/\/www.mundoagropecuario.cl\/new\/wp-content\/uploads\/2020\/11\/PORTAL-1-1.png\",\"contentUrl\":\"https:\/\/www.mundoagropecuario.cl\/new\/wp-content\/uploads\/2020\/11\/PORTAL-1-1.png\",\"width\":1026,\"height\":100,\"caption\":\"Revista de Agricultura\"},\"image\":{\"@id\":\"https:\/\/www.mundoagropecuario.cl\/new\/#\/schema\/logo\/image\/\"},\"sameAs\":[\"https:\/\/www.facebook.com\/mundo.agropecuario.3\",\"https:\/\/x.com\/MundoAgropecuar\",\"https:\/\/www.linkedin.com\/in\/mundo-agropecuario-934009201\/\"]},{\"@type\":\"Person\",\"@id\":\"https:\/\/www.mundoagropecuario.cl\/new\/#\/schema\/person\/4e9f74a82a7dac260eb1c44b7eebeb18\",\"name\":\"mundo\",\"url\":\"https:\/\/www.mundoagropecuario.cl\/new\/author\/mundo\/\"}]}<\/script>\n<!-- \/ Yoast SEO plugin. -->","yoast_head_json":{"title":"Dictamen corte suprema reemplazo bosque nativo por especies agr\u00edcolas - Mundoagropecuario","description":"Dictamen corte suprema reemplazo bosque nativo por especies agr\u00edcolas, la sustituci\u00f3n de bosque nativo por especies frut\u00edcolas eran ilegales","robots":{"index":"index","follow":"follow","max-snippet":"max-snippet:-1","max-image-preview":"max-image-preview:large","max-video-preview":"max-video-preview:-1"},"canonical":"https:\/\/www.mundoagropecuario.cl\/new\/dictamen-corte-suprema-reemplazo-bosque-nativo-por-especies-agricolas\/","og_locale":"es_ES","og_type":"article","og_title":"Dictamen corte suprema reemplazo bosque nativo por especies agr\u00edcolas - Mundoagropecuario","og_description":"Dictamen corte suprema reemplazo bosque nativo por especies agr\u00edcolas, la sustituci\u00f3n de bosque nativo por especies frut\u00edcolas eran ilegales","og_url":"https:\/\/www.mundoagropecuario.cl\/new\/dictamen-corte-suprema-reemplazo-bosque-nativo-por-especies-agricolas\/","og_site_name":"Mundoagropecuario","article_publisher":"https:\/\/www.facebook.com\/mundo.agropecuario.3","article_published_time":"2021-02-08T14:12:41+00:00","article_modified_time":"2021-02-10T13:27:53+00:00","og_image":[{"width":573,"height":380,"url":"https:\/\/www.mundoagropecuario.cl\/new\/wp-content\/uploads\/2018\/12\/bosque-tropical.jpg","type":"image\/jpeg"}],"author":"mundo","twitter_card":"summary_large_image","twitter_creator":"@MundoAgropecuar","twitter_site":"@MundoAgropecuar","twitter_misc":{"Escrito por":"mundo","Tiempo de lectura":"2 minutos"},"schema":{"@context":"https:\/\/schema.org","@graph":[{"@type":"Article","@id":"https:\/\/www.mundoagropecuario.cl\/new\/dictamen-corte-suprema-reemplazo-bosque-nativo-por-especies-agricolas\/#article","isPartOf":{"@id":"https:\/\/www.mundoagropecuario.cl\/new\/dictamen-corte-suprema-reemplazo-bosque-nativo-por-especies-agricolas\/"},"author":{"name":"mundo","@id":"https:\/\/www.mundoagropecuario.cl\/new\/#\/schema\/person\/4e9f74a82a7dac260eb1c44b7eebeb18"},"headline":"Dictamen corte suprema reemplazo bosque nativo por especies agr\u00edcolas","datePublished":"2021-02-08T14:12:41+00:00","dateModified":"2021-02-10T13:27:53+00:00","mainEntityOfPage":{"@id":"https:\/\/www.mundoagropecuario.cl\/new\/dictamen-corte-suprema-reemplazo-bosque-nativo-por-especies-agricolas\/"},"wordCount":408,"publisher":{"@id":"https:\/\/www.mundoagropecuario.cl\/new\/#organization"},"image":{"@id":"https:\/\/www.mundoagropecuario.cl\/new\/dictamen-corte-suprema-reemplazo-bosque-nativo-por-especies-agricolas\/#primaryimage"},"thumbnailUrl":"https:\/\/www.mundoagropecuario.cl\/new\/wp-content\/uploads\/2018\/12\/bosque-tropical.jpg","keywords":["Agro","\u00e1rboles","bosque nativo","Conaf","especies agr\u00edcolas","Paltas"],"articleSection":["Forestal"],"inLanguage":"es"},{"@type":"WebPage","@id":"https:\/\/www.mundoagropecuario.cl\/new\/dictamen-corte-suprema-reemplazo-bosque-nativo-por-especies-agricolas\/","url":"https:\/\/www.mundoagropecuario.cl\/new\/dictamen-corte-suprema-reemplazo-bosque-nativo-por-especies-agricolas\/","name":"Dictamen corte suprema reemplazo bosque nativo por especies agr\u00edcolas - Mundoagropecuario","isPartOf":{"@id":"https:\/\/www.mundoagropecuario.cl\/new\/#website"},"primaryImageOfPage":{"@id":"https:\/\/www.mundoagropecuario.cl\/new\/dictamen-corte-suprema-reemplazo-bosque-nativo-por-especies-agricolas\/#primaryimage"},"image":{"@id":"https:\/\/www.mundoagropecuario.cl\/new\/dictamen-corte-suprema-reemplazo-bosque-nativo-por-especies-agricolas\/#primaryimage"},"thumbnailUrl":"https:\/\/www.mundoagropecuario.cl\/new\/wp-content\/uploads\/2018\/12\/bosque-tropical.jpg","datePublished":"2021-02-08T14:12:41+00:00","dateModified":"2021-02-10T13:27:53+00:00","description":"Dictamen corte suprema reemplazo bosque nativo por especies agr\u00edcolas, la sustituci\u00f3n de bosque nativo por especies frut\u00edcolas eran ilegales","breadcrumb":{"@id":"https:\/\/www.mundoagropecuario.cl\/new\/dictamen-corte-suprema-reemplazo-bosque-nativo-por-especies-agricolas\/#breadcrumb"},"inLanguage":"es","potentialAction":[{"@type":"ReadAction","target":["https:\/\/www.mundoagropecuario.cl\/new\/dictamen-corte-suprema-reemplazo-bosque-nativo-por-especies-agricolas\/"]}]},{"@type":"ImageObject","inLanguage":"es","@id":"https:\/\/www.mundoagropecuario.cl\/new\/dictamen-corte-suprema-reemplazo-bosque-nativo-por-especies-agricolas\/#primaryimage","url":"https:\/\/www.mundoagropecuario.cl\/new\/wp-content\/uploads\/2018\/12\/bosque-tropical.jpg","contentUrl":"https:\/\/www.mundoagropecuario.cl\/new\/wp-content\/uploads\/2018\/12\/bosque-tropical.jpg","width":573,"height":380},{"@type":"BreadcrumbList","@id":"https:\/\/www.mundoagropecuario.cl\/new\/dictamen-corte-suprema-reemplazo-bosque-nativo-por-especies-agricolas\/#breadcrumb","itemListElement":[{"@type":"ListItem","position":1,"name":"Portada","item":"https:\/\/www.mundoagropecuario.cl\/new\/"},{"@type":"ListItem","position":2,"name":"Dictamen corte suprema reemplazo bosque nativo por especies agr\u00edcolas"}]},{"@type":"WebSite","@id":"https:\/\/www.mundoagropecuario.cl\/new\/#website","url":"https:\/\/www.mundoagropecuario.cl\/new\/","name":"Mundoagropecuario","description":"Mundo Agropecuario","publisher":{"@id":"https:\/\/www.mundoagropecuario.cl\/new\/#organization"},"potentialAction":[{"@type":"SearchAction","target":{"@type":"EntryPoint","urlTemplate":"https:\/\/www.mundoagropecuario.cl\/new\/?s={search_term_string}"},"query-input":{"@type":"PropertyValueSpecification","valueRequired":true,"valueName":"search_term_string"}}],"inLanguage":"es"},{"@type":"Organization","@id":"https:\/\/www.mundoagropecuario.cl\/new\/#organization","name":"Revista de Agricultura","url":"https:\/\/www.mundoagropecuario.cl\/new\/","logo":{"@type":"ImageObject","inLanguage":"es","@id":"https:\/\/www.mundoagropecuario.cl\/new\/#\/schema\/logo\/image\/","url":"https:\/\/www.mundoagropecuario.cl\/new\/wp-content\/uploads\/2020\/11\/PORTAL-1-1.png","contentUrl":"https:\/\/www.mundoagropecuario.cl\/new\/wp-content\/uploads\/2020\/11\/PORTAL-1-1.png","width":1026,"height":100,"caption":"Revista de Agricultura"},"image":{"@id":"https:\/\/www.mundoagropecuario.cl\/new\/#\/schema\/logo\/image\/"},"sameAs":["https:\/\/www.facebook.com\/mundo.agropecuario.3","https:\/\/x.com\/MundoAgropecuar","https:\/\/www.linkedin.com\/in\/mundo-agropecuario-934009201\/"]},{"@type":"Person","@id":"https:\/\/www.mundoagropecuario.cl\/new\/#\/schema\/person\/4e9f74a82a7dac260eb1c44b7eebeb18","name":"mundo","url":"https:\/\/www.mundoagropecuario.cl\/new\/author\/mundo\/"}]}},"_links":{"self":[{"href":"https:\/\/www.mundoagropecuario.cl\/new\/wp-json\/wp\/v2\/posts\/18025","targetHints":{"allow":["GET"]}}],"collection":[{"href":"https:\/\/www.mundoagropecuario.cl\/new\/wp-json\/wp\/v2\/posts"}],"about":[{"href":"https:\/\/www.mundoagropecuario.cl\/new\/wp-json\/wp\/v2\/types\/post"}],"author":[{"embeddable":true,"href":"https:\/\/www.mundoagropecuario.cl\/new\/wp-json\/wp\/v2\/users\/2"}],"replies":[{"embeddable":true,"href":"https:\/\/www.mundoagropecuario.cl\/new\/wp-json\/wp\/v2\/comments?post=18025"}],"version-history":[{"count":1,"href":"https:\/\/www.mundoagropecuario.cl\/new\/wp-json\/wp\/v2\/posts\/18025\/revisions"}],"predecessor-version":[{"id":18027,"href":"https:\/\/www.mundoagropecuario.cl\/new\/wp-json\/wp\/v2\/posts\/18025\/revisions\/18027"}],"wp:featuredmedia":[{"embeddable":true,"href":"https:\/\/www.mundoagropecuario.cl\/new\/wp-json\/wp\/v2\/media\/10025"}],"wp:attachment":[{"href":"https:\/\/www.mundoagropecuario.cl\/new\/wp-json\/wp\/v2\/media?parent=18025"}],"wp:term":[{"taxonomy":"category","embeddable":true,"href":"https:\/\/www.mundoagropecuario.cl\/new\/wp-json\/wp\/v2\/categories?post=18025"},{"taxonomy":"post_tag","embeddable":true,"href":"https:\/\/www.mundoagropecuario.cl\/new\/wp-json\/wp\/v2\/tags?post=18025"}],"curies":[{"name":"wp","href":"https:\/\/api.w.org\/{rel}","templated":true}]}}