{"id":17934,"date":"2021-01-29T13:05:51","date_gmt":"2021-01-29T16:05:51","guid":{"rendered":"https:\/\/www.mundoagropecuario.cl\/new\/?p=17934"},"modified":"2021-02-02T12:01:34","modified_gmt":"2021-02-02T15:01:34","slug":"quillayes-surlat-potencia-su-cadena-de-abastecimiento","status":"publish","type":"post","link":"https:\/\/www.mundoagropecuario.cl\/new\/quillayes-surlat-potencia-su-cadena-de-abastecimiento\/","title":{"rendered":"Quillayes-Surlat potencia su cadena de abastecimiento"},"content":{"rendered":"<blockquote>\n<h2><span style=\"color: #003366;\">Quillayes-Surlat, empresa de l\u00e1cteos en Chile, eligi\u00f3 a Infor WMS junto con Cerca Technology para potencializar su cadena de abastecimiento (<a style=\"color: #003366;\" href=\"https:\/\/www.bi-spain.com\/\">bi-spain.com)<\/a><\/span><\/h2>\n<\/blockquote>\n<p>Infor a trav\u00e9s de su p\u00e1gina web anunci\u00f3 que la compa\u00f1\u00eda de l\u00e1cteos\u00a0 seleccion\u00f3 el WMS de Infor como su software para gestionar las operaciones de su nuevo centro de distribuci\u00f3n en Santiago de Chile. Cerca Technology, socio tecnol\u00f3gico estrat\u00e9gico de Infor comercializa e implementa el sistema.<\/p>\n<p>La fusi\u00f3n de las empresas Quillayes y Surlat tiene tres objetivos fundamentales: busca potenciar las ventas, generar nuevos productos y apostar por la innovaci\u00f3n. Es por esto que, a trav\u00e9s de la construcci\u00f3n de un nuevo centro de distribuci\u00f3n ubicado en Santiago de Chile, se comienzan a materializar los proyectos de innovaci\u00f3n.<\/p>\n<p>Los principales objetivos del proyecto son maximizar el nivel de servicio y reducir mermas. Algunos de los elementos que brinda Infor WMS y que contribuyen al logro de estos objetivos son controlar y optimizar las operaciones, ubicaciones e inventario; aumentar la visibilidad y productividad del equipamiento, rotar adecuadamente el inventario y asegurar el cumplimiento de requerimientos para los distintos canales comerciales de la empresa, reducir los sobrecostos operativos y maximizar la capacidad de su nuevo centro de distribuci\u00f3n.<\/p>\n<p><strong><span style=\"color: #000080;\">Novedades del proyecto<\/span><\/strong><\/p>\n<p>La fusi\u00f3n entre Quillayes y Surlat dej\u00f3 a la compa\u00f1\u00eda con 2 centros de distribuci\u00f3n ubicados en la RM (Quilicura y Calera de Tango), estos abastecen el centro norte del pa\u00eds. La operaci\u00f3n estar\u00e1 ahora centralizada en un \u00fanico centro de distribuci\u00f3n ubicado en la comuna de Pudahuel, en la regi\u00f3n Metropolitana.<\/p>\n<p>El nuevo centro de distribuci\u00f3n cuenta con un \u00e1rea de m\u00e1s de 7.500 metros cuadrados, con una capacidad para m\u00e1s de 8.400 posiciones de pallet (60% refrigerado) y un patio de maniobras de m\u00e1s de 10.000 metros cuadrados, y atiende la operaci\u00f3n refrigerada a grandes superficies y se especializar\u00e1 en servicios alimenticios, canal tradicional y distribuidores.<\/p>\n<p>Dada la variedad de canales atendidos, la operaci\u00f3n debe garantizar el cumplimiento de las necesidades comerciales de cada canal, maximizando el nivel de atenci\u00f3n y reduciendo mermas en el proceso log\u00edstico.<\/p>\n<p><a href=\"https:\/\/www.mundoagropecuario.cl\/new\/wp-content\/uploads\/2021\/01\/Quillayes.jpg\"><img loading=\"lazy\" decoding=\"async\" class=\"size-medium wp-image-17936 alignright\" src=\"https:\/\/www.mundoagropecuario.cl\/new\/wp-content\/uploads\/2021\/01\/Quillayes-586x306.jpg\" alt=\"\" width=\"586\" height=\"306\" srcset=\"https:\/\/www.mundoagropecuario.cl\/new\/wp-content\/uploads\/2021\/01\/Quillayes-586x306.jpg 586w, https:\/\/www.mundoagropecuario.cl\/new\/wp-content\/uploads\/2021\/01\/Quillayes-768x401.jpg 768w, https:\/\/www.mundoagropecuario.cl\/new\/wp-content\/uploads\/2021\/01\/Quillayes.jpg 720w\" sizes=\"auto, (max-width: 586px) 100vw, 586px\" \/><\/a>Quillayes- Surlat selecciona Infor WMS ya que cumple con las necesidades propuestas y con los objetivos parte de la selecci\u00f3n.<\/p>\n<p>\u201cLa centralizaci\u00f3n de las operaciones nos permitir\u00e1 obtener sinergias muy importantes. Esta centralizaci\u00f3n requiere no s\u00f3lo de la infraestructura adecuada, sino de la tecnolog\u00eda que nos permita administrarla adecuadamente, buscando siempre maximizar el nivel de servicio y reducir mermas en la operaci\u00f3n. Confiamos en la plataforma WMS de Infor y la implementaci\u00f3n de Cerca Technology como aliados estrat\u00e9gicos en este importante proyecto,\u201d<span style=\"color: #003366;\"> afirm\u00f3 Eukeni Gallastegui, Gerente de Supply Chain<\/span> en Quillayes-Surlat<\/p>\n<p>\u201cConocer la \u00e9tica empresarial de Quillayes-Surlat y la vocaci\u00f3n de servicio del equipo operativo es un gusto y poder apoyar en este nuevo reto y contribuir con la optimizaci\u00f3n y la mejora continua es un orgullo para nosotros\u201d, <span style=\"color: #003366;\">afirm\u00f3 Jos\u00e9 Luis Gomes, Gerente Comercial, Cerca Technology.<\/span><\/p>\n<p>\u201cQuillayes-Surlat est\u00e1 atravesando un momento especial y enfrenta un reto para lograr sus objetivos de potenciar las ventas, generar nuevos productos y apostar por la innovaci\u00f3n. Infor WMS es la soluci\u00f3n ideal desarrollada para que Quillayes-Surlat logre sus metas. Confiamos que, con un centro de distribuci\u00f3n totalmente automatizado, la empresa estar\u00e1 en una posici\u00f3n excelente para escalar sus operaciones, mejorar su eficiencia operacional y brindar un servicio de aun mayor calidad a sus clientes\u201d, <span style=\"color: #003366;\">afirm\u00f3 Adriana Gutierrez, director canales, Infor Am\u00e9rica Latina.<\/span><\/p>\n","protected":false},"excerpt":{"rendered":"<p>La fusi\u00f3n de las empresas Quillayes y Surlat tiene tres objetivos fundamentales: busca potenciar las ventas, generar nuevos productos y apostar por la innovaci\u00f3n.<\/p>\n","protected":false},"author":2,"featured_media":17935,"comment_status":"closed","ping_status":"closed","sticky":false,"template":"","format":"standard","meta":{"footnotes":""},"categories":[1946],"tags":[2057,2058,4135,2051,4305],"class_list":["post-17934","post","type-post","status-publish","format-standard","has-post-thumbnail","hentry","category-lacteos","tag-aproleche","tag-fedeleche","tag-lacteo","tag-leche","tag-quillayes-surlat"],"yoast_head":"<!-- This site is optimized with the Yoast SEO plugin v26.6 - https:\/\/yoast.com\/wordpress\/plugins\/seo\/ -->\n<title>Quillayes-Surlat potencia su cadena de abastecimiento - Mundoagropecuario<\/title>\n<meta name=\"description\" content=\"Quillayes-Surlat potencia su cadena de abastecimiento, Infor WMS junto con Cerca Technology para potencializar su cadena de abastecimiento\" \/>\n<meta name=\"robots\" content=\"index, follow, max-snippet:-1, max-image-preview:large, max-video-preview:-1\" \/>\n<link rel=\"canonical\" href=\"https:\/\/www.mundoagropecuario.cl\/new\/quillayes-surlat-potencia-su-cadena-de-abastecimiento\/\" \/>\n<meta property=\"og:locale\" content=\"es_ES\" \/>\n<meta property=\"og:type\" content=\"article\" \/>\n<meta property=\"og:title\" content=\"Quillayes-Surlat potencia su cadena de abastecimiento - Mundoagropecuario\" \/>\n<meta property=\"og:description\" content=\"Quillayes-Surlat potencia su cadena de abastecimiento, Infor WMS junto con Cerca Technology para potencializar su cadena de abastecimiento\" \/>\n<meta property=\"og:url\" content=\"https:\/\/www.mundoagropecuario.cl\/new\/quillayes-surlat-potencia-su-cadena-de-abastecimiento\/\" \/>\n<meta property=\"og:site_name\" content=\"Mundoagropecuario\" \/>\n<meta property=\"article:publisher\" content=\"https:\/\/www.facebook.com\/mundo.agropecuario.3\" \/>\n<meta property=\"article:published_time\" content=\"2021-01-29T16:05:51+00:00\" \/>\n<meta property=\"article:modified_time\" content=\"2021-02-02T15:01:34+00:00\" \/>\n<meta property=\"og:image\" content=\"https:\/\/www.mundoagropecuario.cl\/new\/wp-content\/uploads\/2021\/01\/FUSIO\u0301N-QUILLAYES-SURLAT-1-740x430-1.jpg\" \/>\n\t<meta property=\"og:image:width\" content=\"740\" \/>\n\t<meta property=\"og:image:height\" content=\"430\" \/>\n\t<meta property=\"og:image:type\" content=\"image\/jpeg\" \/>\n<meta name=\"author\" content=\"mundo\" \/>\n<meta name=\"twitter:card\" content=\"summary_large_image\" \/>\n<meta name=\"twitter:creator\" content=\"@MundoAgropecuar\" \/>\n<meta name=\"twitter:site\" content=\"@MundoAgropecuar\" \/>\n<meta name=\"twitter:label1\" content=\"Escrito por\" \/>\n\t<meta name=\"twitter:data1\" content=\"mundo\" \/>\n\t<meta name=\"twitter:label2\" content=\"Tiempo de lectura\" \/>\n\t<meta name=\"twitter:data2\" content=\"3 minutos\" \/>\n<script type=\"application\/ld+json\" class=\"yoast-schema-graph\">{\"@context\":\"https:\/\/schema.org\",\"@graph\":[{\"@type\":\"Article\",\"@id\":\"https:\/\/www.mundoagropecuario.cl\/new\/quillayes-surlat-potencia-su-cadena-de-abastecimiento\/#article\",\"isPartOf\":{\"@id\":\"https:\/\/www.mundoagropecuario.cl\/new\/quillayes-surlat-potencia-su-cadena-de-abastecimiento\/\"},\"author\":{\"name\":\"mundo\",\"@id\":\"https:\/\/www.mundoagropecuario.cl\/new\/#\/schema\/person\/4e9f74a82a7dac260eb1c44b7eebeb18\"},\"headline\":\"Quillayes-Surlat potencia su cadena de abastecimiento\",\"datePublished\":\"2021-01-29T16:05:51+00:00\",\"dateModified\":\"2021-02-02T15:01:34+00:00\",\"mainEntityOfPage\":{\"@id\":\"https:\/\/www.mundoagropecuario.cl\/new\/quillayes-surlat-potencia-su-cadena-de-abastecimiento\/\"},\"wordCount\":606,\"publisher\":{\"@id\":\"https:\/\/www.mundoagropecuario.cl\/new\/#organization\"},\"image\":{\"@id\":\"https:\/\/www.mundoagropecuario.cl\/new\/quillayes-surlat-potencia-su-cadena-de-abastecimiento\/#primaryimage\"},\"thumbnailUrl\":\"https:\/\/www.mundoagropecuario.cl\/new\/wp-content\/uploads\/2021\/01\/FUSIO\u0301N-QUILLAYES-SURLAT-1-740x430-1.jpg\",\"keywords\":[\"Aproleche\",\"Fedeleche\",\"Lacteo\",\"Leche\",\"Quillayes-Surlat\"],\"articleSection\":[\"L\u00e1cteos\"],\"inLanguage\":\"es\"},{\"@type\":\"WebPage\",\"@id\":\"https:\/\/www.mundoagropecuario.cl\/new\/quillayes-surlat-potencia-su-cadena-de-abastecimiento\/\",\"url\":\"https:\/\/www.mundoagropecuario.cl\/new\/quillayes-surlat-potencia-su-cadena-de-abastecimiento\/\",\"name\":\"Quillayes-Surlat potencia su cadena de abastecimiento - Mundoagropecuario\",\"isPartOf\":{\"@id\":\"https:\/\/www.mundoagropecuario.cl\/new\/#website\"},\"primaryImageOfPage\":{\"@id\":\"https:\/\/www.mundoagropecuario.cl\/new\/quillayes-surlat-potencia-su-cadena-de-abastecimiento\/#primaryimage\"},\"image\":{\"@id\":\"https:\/\/www.mundoagropecuario.cl\/new\/quillayes-surlat-potencia-su-cadena-de-abastecimiento\/#primaryimage\"},\"thumbnailUrl\":\"https:\/\/www.mundoagropecuario.cl\/new\/wp-content\/uploads\/2021\/01\/FUSIO\u0301N-QUILLAYES-SURLAT-1-740x430-1.jpg\",\"datePublished\":\"2021-01-29T16:05:51+00:00\",\"dateModified\":\"2021-02-02T15:01:34+00:00\",\"description\":\"Quillayes-Surlat potencia su cadena de abastecimiento, Infor WMS junto con Cerca Technology para potencializar su cadena de abastecimiento\",\"breadcrumb\":{\"@id\":\"https:\/\/www.mundoagropecuario.cl\/new\/quillayes-surlat-potencia-su-cadena-de-abastecimiento\/#breadcrumb\"},\"inLanguage\":\"es\",\"potentialAction\":[{\"@type\":\"ReadAction\",\"target\":[\"https:\/\/www.mundoagropecuario.cl\/new\/quillayes-surlat-potencia-su-cadena-de-abastecimiento\/\"]}]},{\"@type\":\"ImageObject\",\"inLanguage\":\"es\",\"@id\":\"https:\/\/www.mundoagropecuario.cl\/new\/quillayes-surlat-potencia-su-cadena-de-abastecimiento\/#primaryimage\",\"url\":\"https:\/\/www.mundoagropecuario.cl\/new\/wp-content\/uploads\/2021\/01\/FUSIO\u0301N-QUILLAYES-SURLAT-1-740x430-1.jpg\",\"contentUrl\":\"https:\/\/www.mundoagropecuario.cl\/new\/wp-content\/uploads\/2021\/01\/FUSIO\u0301N-QUILLAYES-SURLAT-1-740x430-1.jpg\",\"width\":688,\"height\":400},{\"@type\":\"BreadcrumbList\",\"@id\":\"https:\/\/www.mundoagropecuario.cl\/new\/quillayes-surlat-potencia-su-cadena-de-abastecimiento\/#breadcrumb\",\"itemListElement\":[{\"@type\":\"ListItem\",\"position\":1,\"name\":\"Portada\",\"item\":\"https:\/\/www.mundoagropecuario.cl\/new\/\"},{\"@type\":\"ListItem\",\"position\":2,\"name\":\"Quillayes-Surlat potencia su cadena de abastecimiento\"}]},{\"@type\":\"WebSite\",\"@id\":\"https:\/\/www.mundoagropecuario.cl\/new\/#website\",\"url\":\"https:\/\/www.mundoagropecuario.cl\/new\/\",\"name\":\"Mundoagropecuario\",\"description\":\"Mundo Agropecuario\",\"publisher\":{\"@id\":\"https:\/\/www.mundoagropecuario.cl\/new\/#organization\"},\"potentialAction\":[{\"@type\":\"SearchAction\",\"target\":{\"@type\":\"EntryPoint\",\"urlTemplate\":\"https:\/\/www.mundoagropecuario.cl\/new\/?s={search_term_string}\"},\"query-input\":{\"@type\":\"PropertyValueSpecification\",\"valueRequired\":true,\"valueName\":\"search_term_string\"}}],\"inLanguage\":\"es\"},{\"@type\":\"Organization\",\"@id\":\"https:\/\/www.mundoagropecuario.cl\/new\/#organization\",\"name\":\"Revista de Agricultura\",\"url\":\"https:\/\/www.mundoagropecuario.cl\/new\/\",\"logo\":{\"@type\":\"ImageObject\",\"inLanguage\":\"es\",\"@id\":\"https:\/\/www.mundoagropecuario.cl\/new\/#\/schema\/logo\/image\/\",\"url\":\"https:\/\/www.mundoagropecuario.cl\/new\/wp-content\/uploads\/2020\/11\/PORTAL-1-1.png\",\"contentUrl\":\"https:\/\/www.mundoagropecuario.cl\/new\/wp-content\/uploads\/2020\/11\/PORTAL-1-1.png\",\"width\":1026,\"height\":100,\"caption\":\"Revista de Agricultura\"},\"image\":{\"@id\":\"https:\/\/www.mundoagropecuario.cl\/new\/#\/schema\/logo\/image\/\"},\"sameAs\":[\"https:\/\/www.facebook.com\/mundo.agropecuario.3\",\"https:\/\/x.com\/MundoAgropecuar\",\"https:\/\/www.linkedin.com\/in\/mundo-agropecuario-934009201\/\"]},{\"@type\":\"Person\",\"@id\":\"https:\/\/www.mundoagropecuario.cl\/new\/#\/schema\/person\/4e9f74a82a7dac260eb1c44b7eebeb18\",\"name\":\"mundo\",\"url\":\"https:\/\/www.mundoagropecuario.cl\/new\/author\/mundo\/\"}]}<\/script>\n<!-- \/ Yoast SEO plugin. -->","yoast_head_json":{"title":"Quillayes-Surlat potencia su cadena de abastecimiento - Mundoagropecuario","description":"Quillayes-Surlat potencia su cadena de abastecimiento, Infor WMS junto con Cerca Technology para potencializar su cadena de abastecimiento","robots":{"index":"index","follow":"follow","max-snippet":"max-snippet:-1","max-image-preview":"max-image-preview:large","max-video-preview":"max-video-preview:-1"},"canonical":"https:\/\/www.mundoagropecuario.cl\/new\/quillayes-surlat-potencia-su-cadena-de-abastecimiento\/","og_locale":"es_ES","og_type":"article","og_title":"Quillayes-Surlat potencia su cadena de abastecimiento - Mundoagropecuario","og_description":"Quillayes-Surlat potencia su cadena de abastecimiento, Infor WMS junto con Cerca Technology para potencializar su cadena de abastecimiento","og_url":"https:\/\/www.mundoagropecuario.cl\/new\/quillayes-surlat-potencia-su-cadena-de-abastecimiento\/","og_site_name":"Mundoagropecuario","article_publisher":"https:\/\/www.facebook.com\/mundo.agropecuario.3","article_published_time":"2021-01-29T16:05:51+00:00","article_modified_time":"2021-02-02T15:01:34+00:00","og_image":[{"width":740,"height":430,"url":"https:\/\/www.mundoagropecuario.cl\/new\/wp-content\/uploads\/2021\/01\/FUSIO\u0301N-QUILLAYES-SURLAT-1-740x430-1.jpg","type":"image\/jpeg"}],"author":"mundo","twitter_card":"summary_large_image","twitter_creator":"@MundoAgropecuar","twitter_site":"@MundoAgropecuar","twitter_misc":{"Escrito por":"mundo","Tiempo de lectura":"3 minutos"},"schema":{"@context":"https:\/\/schema.org","@graph":[{"@type":"Article","@id":"https:\/\/www.mundoagropecuario.cl\/new\/quillayes-surlat-potencia-su-cadena-de-abastecimiento\/#article","isPartOf":{"@id":"https:\/\/www.mundoagropecuario.cl\/new\/quillayes-surlat-potencia-su-cadena-de-abastecimiento\/"},"author":{"name":"mundo","@id":"https:\/\/www.mundoagropecuario.cl\/new\/#\/schema\/person\/4e9f74a82a7dac260eb1c44b7eebeb18"},"headline":"Quillayes-Surlat potencia su cadena de abastecimiento","datePublished":"2021-01-29T16:05:51+00:00","dateModified":"2021-02-02T15:01:34+00:00","mainEntityOfPage":{"@id":"https:\/\/www.mundoagropecuario.cl\/new\/quillayes-surlat-potencia-su-cadena-de-abastecimiento\/"},"wordCount":606,"publisher":{"@id":"https:\/\/www.mundoagropecuario.cl\/new\/#organization"},"image":{"@id":"https:\/\/www.mundoagropecuario.cl\/new\/quillayes-surlat-potencia-su-cadena-de-abastecimiento\/#primaryimage"},"thumbnailUrl":"https:\/\/www.mundoagropecuario.cl\/new\/wp-content\/uploads\/2021\/01\/FUSIO\u0301N-QUILLAYES-SURLAT-1-740x430-1.jpg","keywords":["Aproleche","Fedeleche","Lacteo","Leche","Quillayes-Surlat"],"articleSection":["L\u00e1cteos"],"inLanguage":"es"},{"@type":"WebPage","@id":"https:\/\/www.mundoagropecuario.cl\/new\/quillayes-surlat-potencia-su-cadena-de-abastecimiento\/","url":"https:\/\/www.mundoagropecuario.cl\/new\/quillayes-surlat-potencia-su-cadena-de-abastecimiento\/","name":"Quillayes-Surlat potencia su cadena de abastecimiento - Mundoagropecuario","isPartOf":{"@id":"https:\/\/www.mundoagropecuario.cl\/new\/#website"},"primaryImageOfPage":{"@id":"https:\/\/www.mundoagropecuario.cl\/new\/quillayes-surlat-potencia-su-cadena-de-abastecimiento\/#primaryimage"},"image":{"@id":"https:\/\/www.mundoagropecuario.cl\/new\/quillayes-surlat-potencia-su-cadena-de-abastecimiento\/#primaryimage"},"thumbnailUrl":"https:\/\/www.mundoagropecuario.cl\/new\/wp-content\/uploads\/2021\/01\/FUSIO\u0301N-QUILLAYES-SURLAT-1-740x430-1.jpg","datePublished":"2021-01-29T16:05:51+00:00","dateModified":"2021-02-02T15:01:34+00:00","description":"Quillayes-Surlat potencia su cadena de abastecimiento, Infor WMS junto con Cerca Technology para potencializar su cadena de abastecimiento","breadcrumb":{"@id":"https:\/\/www.mundoagropecuario.cl\/new\/quillayes-surlat-potencia-su-cadena-de-abastecimiento\/#breadcrumb"},"inLanguage":"es","potentialAction":[{"@type":"ReadAction","target":["https:\/\/www.mundoagropecuario.cl\/new\/quillayes-surlat-potencia-su-cadena-de-abastecimiento\/"]}]},{"@type":"ImageObject","inLanguage":"es","@id":"https:\/\/www.mundoagropecuario.cl\/new\/quillayes-surlat-potencia-su-cadena-de-abastecimiento\/#primaryimage","url":"https:\/\/www.mundoagropecuario.cl\/new\/wp-content\/uploads\/2021\/01\/FUSIO\u0301N-QUILLAYES-SURLAT-1-740x430-1.jpg","contentUrl":"https:\/\/www.mundoagropecuario.cl\/new\/wp-content\/uploads\/2021\/01\/FUSIO\u0301N-QUILLAYES-SURLAT-1-740x430-1.jpg","width":688,"height":400},{"@type":"BreadcrumbList","@id":"https:\/\/www.mundoagropecuario.cl\/new\/quillayes-surlat-potencia-su-cadena-de-abastecimiento\/#breadcrumb","itemListElement":[{"@type":"ListItem","position":1,"name":"Portada","item":"https:\/\/www.mundoagropecuario.cl\/new\/"},{"@type":"ListItem","position":2,"name":"Quillayes-Surlat potencia su cadena de abastecimiento"}]},{"@type":"WebSite","@id":"https:\/\/www.mundoagropecuario.cl\/new\/#website","url":"https:\/\/www.mundoagropecuario.cl\/new\/","name":"Mundoagropecuario","description":"Mundo Agropecuario","publisher":{"@id":"https:\/\/www.mundoagropecuario.cl\/new\/#organization"},"potentialAction":[{"@type":"SearchAction","target":{"@type":"EntryPoint","urlTemplate":"https:\/\/www.mundoagropecuario.cl\/new\/?s={search_term_string}"},"query-input":{"@type":"PropertyValueSpecification","valueRequired":true,"valueName":"search_term_string"}}],"inLanguage":"es"},{"@type":"Organization","@id":"https:\/\/www.mundoagropecuario.cl\/new\/#organization","name":"Revista de Agricultura","url":"https:\/\/www.mundoagropecuario.cl\/new\/","logo":{"@type":"ImageObject","inLanguage":"es","@id":"https:\/\/www.mundoagropecuario.cl\/new\/#\/schema\/logo\/image\/","url":"https:\/\/www.mundoagropecuario.cl\/new\/wp-content\/uploads\/2020\/11\/PORTAL-1-1.png","contentUrl":"https:\/\/www.mundoagropecuario.cl\/new\/wp-content\/uploads\/2020\/11\/PORTAL-1-1.png","width":1026,"height":100,"caption":"Revista de Agricultura"},"image":{"@id":"https:\/\/www.mundoagropecuario.cl\/new\/#\/schema\/logo\/image\/"},"sameAs":["https:\/\/www.facebook.com\/mundo.agropecuario.3","https:\/\/x.com\/MundoAgropecuar","https:\/\/www.linkedin.com\/in\/mundo-agropecuario-934009201\/"]},{"@type":"Person","@id":"https:\/\/www.mundoagropecuario.cl\/new\/#\/schema\/person\/4e9f74a82a7dac260eb1c44b7eebeb18","name":"mundo","url":"https:\/\/www.mundoagropecuario.cl\/new\/author\/mundo\/"}]}},"_links":{"self":[{"href":"https:\/\/www.mundoagropecuario.cl\/new\/wp-json\/wp\/v2\/posts\/17934","targetHints":{"allow":["GET"]}}],"collection":[{"href":"https:\/\/www.mundoagropecuario.cl\/new\/wp-json\/wp\/v2\/posts"}],"about":[{"href":"https:\/\/www.mundoagropecuario.cl\/new\/wp-json\/wp\/v2\/types\/post"}],"author":[{"embeddable":true,"href":"https:\/\/www.mundoagropecuario.cl\/new\/wp-json\/wp\/v2\/users\/2"}],"replies":[{"embeddable":true,"href":"https:\/\/www.mundoagropecuario.cl\/new\/wp-json\/wp\/v2\/comments?post=17934"}],"version-history":[{"count":1,"href":"https:\/\/www.mundoagropecuario.cl\/new\/wp-json\/wp\/v2\/posts\/17934\/revisions"}],"predecessor-version":[{"id":17937,"href":"https:\/\/www.mundoagropecuario.cl\/new\/wp-json\/wp\/v2\/posts\/17934\/revisions\/17937"}],"wp:featuredmedia":[{"embeddable":true,"href":"https:\/\/www.mundoagropecuario.cl\/new\/wp-json\/wp\/v2\/media\/17935"}],"wp:attachment":[{"href":"https:\/\/www.mundoagropecuario.cl\/new\/wp-json\/wp\/v2\/media?parent=17934"}],"wp:term":[{"taxonomy":"category","embeddable":true,"href":"https:\/\/www.mundoagropecuario.cl\/new\/wp-json\/wp\/v2\/categories?post=17934"},{"taxonomy":"post_tag","embeddable":true,"href":"https:\/\/www.mundoagropecuario.cl\/new\/wp-json\/wp\/v2\/tags?post=17934"}],"curies":[{"name":"wp","href":"https:\/\/api.w.org\/{rel}","templated":true}]}}