{"id":17705,"date":"2021-01-21T11:30:56","date_gmt":"2021-01-21T14:30:56","guid":{"rendered":"https:\/\/www.mundoagropecuario.cl\/new\/?p=17705"},"modified":"2021-01-26T11:57:18","modified_gmt":"2021-01-26T14:57:18","slug":"consejo-de-politica-forestal-enfatiza-labor-del-sector-en-medidas-para-desarrollo-sostenible","status":"publish","type":"post","link":"https:\/\/www.mundoagropecuario.cl\/new\/consejo-de-politica-forestal-enfatiza-labor-del-sector-en-medidas-para-desarrollo-sostenible\/","title":{"rendered":"Consejo de Pol\u00edtica Forestal enfatiza labor del sector en medidas para desarrollo sostenible"},"content":{"rendered":"<blockquote>\n<h2><span style=\"color: #003300;\">Junto con destacar la funci\u00f3n forestal en la mitigaci\u00f3n de los efectos del cambio clim\u00e1tico, se abordaron futuras modificaciones a la normativa de plantaciones forestales.<\/span><\/h2>\n<\/blockquote>\n<p>Avanzar en el perfeccionamiento del Protocolo de Plantaciones incorporando una vinculaci\u00f3n entre las pr\u00e1cticas de cosecha forestal en bosques plantados, espec\u00edficamente la tala rasa, fue el tema central que debati\u00f3 el Consejo de Pol\u00edtica Forestal, cuyos miembros resaltaron que como pa\u00eds hay que avanzar hacia el establecimiento de un Protocolo de Plantaciones 2.0 con el prop\u00f3sito de establecer una normativa vinculante consensuada, que satisfaga la ecuaci\u00f3n de rentabilidad con el cuidado y protecci\u00f3n medio ambiental.<\/p>\n<p>La sesi\u00f3n plenaria, realizada de manera virtual, estuvo liderada por la ministra de Agricultura, Mar\u00eda Emilia Undurraga, y el presidente del Consejo y director ejecutivo de la Corporaci\u00f3n Nacional Forestal (CONAF), Rodrigo Munita, registr\u00e1ndose una alta participaci\u00f3n de los consejeros titulares y tambi\u00e9n suplentes de los diferentes organismos que lo componen.<\/p>\n<p>Cabe destacar que el Consejo de Pol\u00edtica Forestal est\u00e1 integrado por representantes del sector p\u00fablico, empresarial, sindicatos de trabajadores, ONG, acad\u00e9micos, pueblos originarios, organizaciones del sector campesino, \u00e1mbito cient\u00edfico y peque\u00f1os medianos propietarios forestales, entre otros.<\/p>\n<p><a href=\"https:\/\/www.mundoagropecuario.cl\/new\/wp-content\/uploads\/2021\/01\/bosque_nativo2.jpg\"><img loading=\"lazy\" decoding=\"async\" class=\" wp-image-17708 alignright\" src=\"https:\/\/www.mundoagropecuario.cl\/new\/wp-content\/uploads\/2021\/01\/bosque_nativo2-586x371.jpg\" alt=\"\" width=\"526\" height=\"337\" \/><\/a>Uno de los aspectos destacados por la ministra Undurraga, al inaugurar esta sesi\u00f3n plenaria, fue que \u201cel sector forestal tienen un rol preponderante en la mitigaci\u00f3n del cambio clim\u00e1tico y tambi\u00e9n en el desarrollo de una visi\u00f3n integral, donde es muy importante equilibrar lo econ\u00f3mico con lo social y ambiental. Celebro que en este consejo est\u00e9n representados todos los sectores e insto a sostener un di\u00e1logo y una escucha abierta, porque as\u00ed podemos construir acuerdos\u201d.<\/p>\n<p>As\u00ed tambi\u00e9n lo subray\u00f3 el director ejecutivo de CONAF y presidente de este consejo, Rodrigo Munita, quien adem\u00e1s se explay\u00f3 sobre la nueva Gerencia de Bosques y Cambio Clim\u00e1tico de la Corporaci\u00f3n, que reemplaza a la Gerencia de Desarrollo y Fomento Forestal, se\u00f1alando que \u201ctiene que ver con la mirada futura y con el cumplimiento de las metas que nos hemos planteado como pa\u00eds para la mitigaci\u00f3n del cambio clim\u00e1tico, donde uno de los ejes de la Corporaci\u00f3n y, por ende, del sector forestal, es la restauraci\u00f3n y reforestaci\u00f3n, colaborando a la mayor captura y fijaci\u00f3n de carbono\u201d.<\/p>\n<p>En cuanto a la actualizaci\u00f3n de las pr\u00e1cticas de las operaciones forestales, especialmente de cosecha, se present\u00f3 el avance de un trabajo elaborado por la comisi\u00f3n formada para abordar este tema, indicando que es necesario vincularlo al trabajo anterior sobre el Protocolo de Plantaciones, pero que tambi\u00e9n es importante actualizar normativas y, si se requiere, algunos aspectos legales de las leyes vigentes.<\/p>\n<p>Ahora, la comisi\u00f3n trabajar\u00e1 sobre las bases de los acuerdos existentes en torno al tema de la tala rasa, y seguidamente los aspectos de ecolog\u00eda y desarrollo social, para llegar en los pr\u00f3ximos meses a un documento que permita operacionalizar los procedimientos y el sistema de tramitaci\u00f3n, ya sea mediante la introducci\u00f3n de art\u00edculos espec\u00edficos en la leyes existentes y la promulgaci\u00f3n de reglamentos espec\u00edficos que los soportan.<\/p>\n","protected":false},"excerpt":{"rendered":"<p>Junto con destacar la funci\u00f3n forestal en la mitigaci\u00f3n de los efectos del cambio clim\u00e1tico, se abordaron futuras modificaciones a la normativa de plantaciones forestales<\/p>\n","protected":false},"author":2,"featured_media":17706,"comment_status":"closed","ping_status":"closed","sticky":false,"template":"","format":"standard","meta":{"footnotes":""},"categories":[1949],"tags":[3127,3014,2694,876,2035],"class_list":["post-17705","post","type-post","status-publish","format-standard","has-post-thumbnail","hentry","category-forestal","tag-agro","tag-agronomia","tag-bosques","tag-conaf","tag-minagri"],"yoast_head":"<!-- This site is optimized with the Yoast SEO plugin v26.6 - https:\/\/yoast.com\/wordpress\/plugins\/seo\/ -->\n<title>Consejo de Pol\u00edtica Forestal enfatiza labor del sector en medidas para desarrollo sostenible - Mundoagropecuario<\/title>\n<meta name=\"description\" content=\"Consejo de Pol\u00edtica Forestal enfatiza labor del sector en medidas para desarrollo sostenible, la normativa de plantaciones forestales.\" \/>\n<meta name=\"robots\" content=\"index, follow, max-snippet:-1, max-image-preview:large, max-video-preview:-1\" \/>\n<link rel=\"canonical\" href=\"https:\/\/www.mundoagropecuario.cl\/new\/consejo-de-politica-forestal-enfatiza-labor-del-sector-en-medidas-para-desarrollo-sostenible\/\" \/>\n<meta property=\"og:locale\" content=\"es_ES\" \/>\n<meta property=\"og:type\" content=\"article\" \/>\n<meta property=\"og:title\" content=\"Consejo de Pol\u00edtica Forestal enfatiza labor del sector en medidas para desarrollo sostenible - Mundoagropecuario\" \/>\n<meta property=\"og:description\" content=\"Consejo de Pol\u00edtica Forestal enfatiza labor del sector en medidas para desarrollo sostenible, la normativa de plantaciones forestales.\" \/>\n<meta property=\"og:url\" content=\"https:\/\/www.mundoagropecuario.cl\/new\/consejo-de-politica-forestal-enfatiza-labor-del-sector-en-medidas-para-desarrollo-sostenible\/\" \/>\n<meta property=\"og:site_name\" content=\"Mundoagropecuario\" \/>\n<meta property=\"article:publisher\" content=\"https:\/\/www.facebook.com\/mundo.agropecuario.3\" \/>\n<meta property=\"article:published_time\" content=\"2021-01-21T14:30:56+00:00\" \/>\n<meta property=\"article:modified_time\" content=\"2021-01-26T14:57:18+00:00\" \/>\n<meta property=\"og:image\" content=\"https:\/\/www.mundoagropecuario.cl\/new\/wp-content\/uploads\/2021\/01\/bosque_nativo.jpg\" \/>\n\t<meta property=\"og:image:width\" content=\"540\" \/>\n\t<meta property=\"og:image:height\" content=\"360\" \/>\n\t<meta property=\"og:image:type\" content=\"image\/jpeg\" \/>\n<meta name=\"author\" content=\"mundo\" \/>\n<meta name=\"twitter:card\" content=\"summary_large_image\" \/>\n<meta name=\"twitter:creator\" content=\"@MundoAgropecuar\" \/>\n<meta name=\"twitter:site\" content=\"@MundoAgropecuar\" \/>\n<meta name=\"twitter:label1\" content=\"Escrito por\" \/>\n\t<meta name=\"twitter:data1\" content=\"mundo\" \/>\n\t<meta name=\"twitter:label2\" content=\"Tiempo de lectura\" \/>\n\t<meta name=\"twitter:data2\" content=\"3 minutos\" \/>\n<script type=\"application\/ld+json\" class=\"yoast-schema-graph\">{\"@context\":\"https:\/\/schema.org\",\"@graph\":[{\"@type\":\"Article\",\"@id\":\"https:\/\/www.mundoagropecuario.cl\/new\/consejo-de-politica-forestal-enfatiza-labor-del-sector-en-medidas-para-desarrollo-sostenible\/#article\",\"isPartOf\":{\"@id\":\"https:\/\/www.mundoagropecuario.cl\/new\/consejo-de-politica-forestal-enfatiza-labor-del-sector-en-medidas-para-desarrollo-sostenible\/\"},\"author\":{\"name\":\"mundo\",\"@id\":\"https:\/\/www.mundoagropecuario.cl\/new\/#\/schema\/person\/4e9f74a82a7dac260eb1c44b7eebeb18\"},\"headline\":\"Consejo de Pol\u00edtica Forestal enfatiza labor del sector en medidas para desarrollo sostenible\",\"datePublished\":\"2021-01-21T14:30:56+00:00\",\"dateModified\":\"2021-01-26T14:57:18+00:00\",\"mainEntityOfPage\":{\"@id\":\"https:\/\/www.mundoagropecuario.cl\/new\/consejo-de-politica-forestal-enfatiza-labor-del-sector-en-medidas-para-desarrollo-sostenible\/\"},\"wordCount\":558,\"publisher\":{\"@id\":\"https:\/\/www.mundoagropecuario.cl\/new\/#organization\"},\"image\":{\"@id\":\"https:\/\/www.mundoagropecuario.cl\/new\/consejo-de-politica-forestal-enfatiza-labor-del-sector-en-medidas-para-desarrollo-sostenible\/#primaryimage\"},\"thumbnailUrl\":\"https:\/\/www.mundoagropecuario.cl\/new\/wp-content\/uploads\/2021\/01\/bosque_nativo.jpg\",\"keywords\":[\"Agro\",\"Agronom\u00eda\",\"bosques\",\"Conaf\",\"Minagri\"],\"articleSection\":[\"Forestal\"],\"inLanguage\":\"es\"},{\"@type\":\"WebPage\",\"@id\":\"https:\/\/www.mundoagropecuario.cl\/new\/consejo-de-politica-forestal-enfatiza-labor-del-sector-en-medidas-para-desarrollo-sostenible\/\",\"url\":\"https:\/\/www.mundoagropecuario.cl\/new\/consejo-de-politica-forestal-enfatiza-labor-del-sector-en-medidas-para-desarrollo-sostenible\/\",\"name\":\"Consejo de Pol\u00edtica Forestal enfatiza labor del sector en medidas para desarrollo sostenible - Mundoagropecuario\",\"isPartOf\":{\"@id\":\"https:\/\/www.mundoagropecuario.cl\/new\/#website\"},\"primaryImageOfPage\":{\"@id\":\"https:\/\/www.mundoagropecuario.cl\/new\/consejo-de-politica-forestal-enfatiza-labor-del-sector-en-medidas-para-desarrollo-sostenible\/#primaryimage\"},\"image\":{\"@id\":\"https:\/\/www.mundoagropecuario.cl\/new\/consejo-de-politica-forestal-enfatiza-labor-del-sector-en-medidas-para-desarrollo-sostenible\/#primaryimage\"},\"thumbnailUrl\":\"https:\/\/www.mundoagropecuario.cl\/new\/wp-content\/uploads\/2021\/01\/bosque_nativo.jpg\",\"datePublished\":\"2021-01-21T14:30:56+00:00\",\"dateModified\":\"2021-01-26T14:57:18+00:00\",\"description\":\"Consejo de Pol\u00edtica Forestal enfatiza labor del sector en medidas para desarrollo sostenible, la normativa de plantaciones forestales.\",\"breadcrumb\":{\"@id\":\"https:\/\/www.mundoagropecuario.cl\/new\/consejo-de-politica-forestal-enfatiza-labor-del-sector-en-medidas-para-desarrollo-sostenible\/#breadcrumb\"},\"inLanguage\":\"es\",\"potentialAction\":[{\"@type\":\"ReadAction\",\"target\":[\"https:\/\/www.mundoagropecuario.cl\/new\/consejo-de-politica-forestal-enfatiza-labor-del-sector-en-medidas-para-desarrollo-sostenible\/\"]}]},{\"@type\":\"ImageObject\",\"inLanguage\":\"es\",\"@id\":\"https:\/\/www.mundoagropecuario.cl\/new\/consejo-de-politica-forestal-enfatiza-labor-del-sector-en-medidas-para-desarrollo-sostenible\/#primaryimage\",\"url\":\"https:\/\/www.mundoagropecuario.cl\/new\/wp-content\/uploads\/2021\/01\/bosque_nativo.jpg\",\"contentUrl\":\"https:\/\/www.mundoagropecuario.cl\/new\/wp-content\/uploads\/2021\/01\/bosque_nativo.jpg\",\"width\":540,\"height\":360},{\"@type\":\"BreadcrumbList\",\"@id\":\"https:\/\/www.mundoagropecuario.cl\/new\/consejo-de-politica-forestal-enfatiza-labor-del-sector-en-medidas-para-desarrollo-sostenible\/#breadcrumb\",\"itemListElement\":[{\"@type\":\"ListItem\",\"position\":1,\"name\":\"Portada\",\"item\":\"https:\/\/www.mundoagropecuario.cl\/new\/\"},{\"@type\":\"ListItem\",\"position\":2,\"name\":\"Consejo de Pol\u00edtica Forestal enfatiza labor del sector en medidas para desarrollo sostenible\"}]},{\"@type\":\"WebSite\",\"@id\":\"https:\/\/www.mundoagropecuario.cl\/new\/#website\",\"url\":\"https:\/\/www.mundoagropecuario.cl\/new\/\",\"name\":\"Mundoagropecuario\",\"description\":\"Mundo Agropecuario\",\"publisher\":{\"@id\":\"https:\/\/www.mundoagropecuario.cl\/new\/#organization\"},\"potentialAction\":[{\"@type\":\"SearchAction\",\"target\":{\"@type\":\"EntryPoint\",\"urlTemplate\":\"https:\/\/www.mundoagropecuario.cl\/new\/?s={search_term_string}\"},\"query-input\":{\"@type\":\"PropertyValueSpecification\",\"valueRequired\":true,\"valueName\":\"search_term_string\"}}],\"inLanguage\":\"es\"},{\"@type\":\"Organization\",\"@id\":\"https:\/\/www.mundoagropecuario.cl\/new\/#organization\",\"name\":\"Revista de Agricultura\",\"url\":\"https:\/\/www.mundoagropecuario.cl\/new\/\",\"logo\":{\"@type\":\"ImageObject\",\"inLanguage\":\"es\",\"@id\":\"https:\/\/www.mundoagropecuario.cl\/new\/#\/schema\/logo\/image\/\",\"url\":\"https:\/\/www.mundoagropecuario.cl\/new\/wp-content\/uploads\/2020\/11\/PORTAL-1-1.png\",\"contentUrl\":\"https:\/\/www.mundoagropecuario.cl\/new\/wp-content\/uploads\/2020\/11\/PORTAL-1-1.png\",\"width\":1026,\"height\":100,\"caption\":\"Revista de Agricultura\"},\"image\":{\"@id\":\"https:\/\/www.mundoagropecuario.cl\/new\/#\/schema\/logo\/image\/\"},\"sameAs\":[\"https:\/\/www.facebook.com\/mundo.agropecuario.3\",\"https:\/\/x.com\/MundoAgropecuar\",\"https:\/\/www.linkedin.com\/in\/mundo-agropecuario-934009201\/\"]},{\"@type\":\"Person\",\"@id\":\"https:\/\/www.mundoagropecuario.cl\/new\/#\/schema\/person\/4e9f74a82a7dac260eb1c44b7eebeb18\",\"name\":\"mundo\",\"url\":\"https:\/\/www.mundoagropecuario.cl\/new\/author\/mundo\/\"}]}<\/script>\n<!-- \/ Yoast SEO plugin. -->","yoast_head_json":{"title":"Consejo de Pol\u00edtica Forestal enfatiza labor del sector en medidas para desarrollo sostenible - Mundoagropecuario","description":"Consejo de Pol\u00edtica Forestal enfatiza labor del sector en medidas para desarrollo sostenible, la normativa de plantaciones forestales.","robots":{"index":"index","follow":"follow","max-snippet":"max-snippet:-1","max-image-preview":"max-image-preview:large","max-video-preview":"max-video-preview:-1"},"canonical":"https:\/\/www.mundoagropecuario.cl\/new\/consejo-de-politica-forestal-enfatiza-labor-del-sector-en-medidas-para-desarrollo-sostenible\/","og_locale":"es_ES","og_type":"article","og_title":"Consejo de Pol\u00edtica Forestal enfatiza labor del sector en medidas para desarrollo sostenible - Mundoagropecuario","og_description":"Consejo de Pol\u00edtica Forestal enfatiza labor del sector en medidas para desarrollo sostenible, la normativa de plantaciones forestales.","og_url":"https:\/\/www.mundoagropecuario.cl\/new\/consejo-de-politica-forestal-enfatiza-labor-del-sector-en-medidas-para-desarrollo-sostenible\/","og_site_name":"Mundoagropecuario","article_publisher":"https:\/\/www.facebook.com\/mundo.agropecuario.3","article_published_time":"2021-01-21T14:30:56+00:00","article_modified_time":"2021-01-26T14:57:18+00:00","og_image":[{"width":540,"height":360,"url":"https:\/\/www.mundoagropecuario.cl\/new\/wp-content\/uploads\/2021\/01\/bosque_nativo.jpg","type":"image\/jpeg"}],"author":"mundo","twitter_card":"summary_large_image","twitter_creator":"@MundoAgropecuar","twitter_site":"@MundoAgropecuar","twitter_misc":{"Escrito por":"mundo","Tiempo de lectura":"3 minutos"},"schema":{"@context":"https:\/\/schema.org","@graph":[{"@type":"Article","@id":"https:\/\/www.mundoagropecuario.cl\/new\/consejo-de-politica-forestal-enfatiza-labor-del-sector-en-medidas-para-desarrollo-sostenible\/#article","isPartOf":{"@id":"https:\/\/www.mundoagropecuario.cl\/new\/consejo-de-politica-forestal-enfatiza-labor-del-sector-en-medidas-para-desarrollo-sostenible\/"},"author":{"name":"mundo","@id":"https:\/\/www.mundoagropecuario.cl\/new\/#\/schema\/person\/4e9f74a82a7dac260eb1c44b7eebeb18"},"headline":"Consejo de Pol\u00edtica Forestal enfatiza labor del sector en medidas para desarrollo sostenible","datePublished":"2021-01-21T14:30:56+00:00","dateModified":"2021-01-26T14:57:18+00:00","mainEntityOfPage":{"@id":"https:\/\/www.mundoagropecuario.cl\/new\/consejo-de-politica-forestal-enfatiza-labor-del-sector-en-medidas-para-desarrollo-sostenible\/"},"wordCount":558,"publisher":{"@id":"https:\/\/www.mundoagropecuario.cl\/new\/#organization"},"image":{"@id":"https:\/\/www.mundoagropecuario.cl\/new\/consejo-de-politica-forestal-enfatiza-labor-del-sector-en-medidas-para-desarrollo-sostenible\/#primaryimage"},"thumbnailUrl":"https:\/\/www.mundoagropecuario.cl\/new\/wp-content\/uploads\/2021\/01\/bosque_nativo.jpg","keywords":["Agro","Agronom\u00eda","bosques","Conaf","Minagri"],"articleSection":["Forestal"],"inLanguage":"es"},{"@type":"WebPage","@id":"https:\/\/www.mundoagropecuario.cl\/new\/consejo-de-politica-forestal-enfatiza-labor-del-sector-en-medidas-para-desarrollo-sostenible\/","url":"https:\/\/www.mundoagropecuario.cl\/new\/consejo-de-politica-forestal-enfatiza-labor-del-sector-en-medidas-para-desarrollo-sostenible\/","name":"Consejo de Pol\u00edtica Forestal enfatiza labor del sector en medidas para desarrollo sostenible - Mundoagropecuario","isPartOf":{"@id":"https:\/\/www.mundoagropecuario.cl\/new\/#website"},"primaryImageOfPage":{"@id":"https:\/\/www.mundoagropecuario.cl\/new\/consejo-de-politica-forestal-enfatiza-labor-del-sector-en-medidas-para-desarrollo-sostenible\/#primaryimage"},"image":{"@id":"https:\/\/www.mundoagropecuario.cl\/new\/consejo-de-politica-forestal-enfatiza-labor-del-sector-en-medidas-para-desarrollo-sostenible\/#primaryimage"},"thumbnailUrl":"https:\/\/www.mundoagropecuario.cl\/new\/wp-content\/uploads\/2021\/01\/bosque_nativo.jpg","datePublished":"2021-01-21T14:30:56+00:00","dateModified":"2021-01-26T14:57:18+00:00","description":"Consejo de Pol\u00edtica Forestal enfatiza labor del sector en medidas para desarrollo sostenible, la normativa de plantaciones forestales.","breadcrumb":{"@id":"https:\/\/www.mundoagropecuario.cl\/new\/consejo-de-politica-forestal-enfatiza-labor-del-sector-en-medidas-para-desarrollo-sostenible\/#breadcrumb"},"inLanguage":"es","potentialAction":[{"@type":"ReadAction","target":["https:\/\/www.mundoagropecuario.cl\/new\/consejo-de-politica-forestal-enfatiza-labor-del-sector-en-medidas-para-desarrollo-sostenible\/"]}]},{"@type":"ImageObject","inLanguage":"es","@id":"https:\/\/www.mundoagropecuario.cl\/new\/consejo-de-politica-forestal-enfatiza-labor-del-sector-en-medidas-para-desarrollo-sostenible\/#primaryimage","url":"https:\/\/www.mundoagropecuario.cl\/new\/wp-content\/uploads\/2021\/01\/bosque_nativo.jpg","contentUrl":"https:\/\/www.mundoagropecuario.cl\/new\/wp-content\/uploads\/2021\/01\/bosque_nativo.jpg","width":540,"height":360},{"@type":"BreadcrumbList","@id":"https:\/\/www.mundoagropecuario.cl\/new\/consejo-de-politica-forestal-enfatiza-labor-del-sector-en-medidas-para-desarrollo-sostenible\/#breadcrumb","itemListElement":[{"@type":"ListItem","position":1,"name":"Portada","item":"https:\/\/www.mundoagropecuario.cl\/new\/"},{"@type":"ListItem","position":2,"name":"Consejo de Pol\u00edtica Forestal enfatiza labor del sector en medidas para desarrollo sostenible"}]},{"@type":"WebSite","@id":"https:\/\/www.mundoagropecuario.cl\/new\/#website","url":"https:\/\/www.mundoagropecuario.cl\/new\/","name":"Mundoagropecuario","description":"Mundo Agropecuario","publisher":{"@id":"https:\/\/www.mundoagropecuario.cl\/new\/#organization"},"potentialAction":[{"@type":"SearchAction","target":{"@type":"EntryPoint","urlTemplate":"https:\/\/www.mundoagropecuario.cl\/new\/?s={search_term_string}"},"query-input":{"@type":"PropertyValueSpecification","valueRequired":true,"valueName":"search_term_string"}}],"inLanguage":"es"},{"@type":"Organization","@id":"https:\/\/www.mundoagropecuario.cl\/new\/#organization","name":"Revista de Agricultura","url":"https:\/\/www.mundoagropecuario.cl\/new\/","logo":{"@type":"ImageObject","inLanguage":"es","@id":"https:\/\/www.mundoagropecuario.cl\/new\/#\/schema\/logo\/image\/","url":"https:\/\/www.mundoagropecuario.cl\/new\/wp-content\/uploads\/2020\/11\/PORTAL-1-1.png","contentUrl":"https:\/\/www.mundoagropecuario.cl\/new\/wp-content\/uploads\/2020\/11\/PORTAL-1-1.png","width":1026,"height":100,"caption":"Revista de Agricultura"},"image":{"@id":"https:\/\/www.mundoagropecuario.cl\/new\/#\/schema\/logo\/image\/"},"sameAs":["https:\/\/www.facebook.com\/mundo.agropecuario.3","https:\/\/x.com\/MundoAgropecuar","https:\/\/www.linkedin.com\/in\/mundo-agropecuario-934009201\/"]},{"@type":"Person","@id":"https:\/\/www.mundoagropecuario.cl\/new\/#\/schema\/person\/4e9f74a82a7dac260eb1c44b7eebeb18","name":"mundo","url":"https:\/\/www.mundoagropecuario.cl\/new\/author\/mundo\/"}]}},"_links":{"self":[{"href":"https:\/\/www.mundoagropecuario.cl\/new\/wp-json\/wp\/v2\/posts\/17705","targetHints":{"allow":["GET"]}}],"collection":[{"href":"https:\/\/www.mundoagropecuario.cl\/new\/wp-json\/wp\/v2\/posts"}],"about":[{"href":"https:\/\/www.mundoagropecuario.cl\/new\/wp-json\/wp\/v2\/types\/post"}],"author":[{"embeddable":true,"href":"https:\/\/www.mundoagropecuario.cl\/new\/wp-json\/wp\/v2\/users\/2"}],"replies":[{"embeddable":true,"href":"https:\/\/www.mundoagropecuario.cl\/new\/wp-json\/wp\/v2\/comments?post=17705"}],"version-history":[{"count":2,"href":"https:\/\/www.mundoagropecuario.cl\/new\/wp-json\/wp\/v2\/posts\/17705\/revisions"}],"predecessor-version":[{"id":17806,"href":"https:\/\/www.mundoagropecuario.cl\/new\/wp-json\/wp\/v2\/posts\/17705\/revisions\/17806"}],"wp:featuredmedia":[{"embeddable":true,"href":"https:\/\/www.mundoagropecuario.cl\/new\/wp-json\/wp\/v2\/media\/17706"}],"wp:attachment":[{"href":"https:\/\/www.mundoagropecuario.cl\/new\/wp-json\/wp\/v2\/media?parent=17705"}],"wp:term":[{"taxonomy":"category","embeddable":true,"href":"https:\/\/www.mundoagropecuario.cl\/new\/wp-json\/wp\/v2\/categories?post=17705"},{"taxonomy":"post_tag","embeddable":true,"href":"https:\/\/www.mundoagropecuario.cl\/new\/wp-json\/wp\/v2\/tags?post=17705"}],"curies":[{"name":"wp","href":"https:\/\/api.w.org\/{rel}","templated":true}]}}