{"id":17604,"date":"2021-01-13T12:02:53","date_gmt":"2021-01-13T15:02:53","guid":{"rendered":"https:\/\/www.mundoagropecuario.cl\/new\/?p=17604"},"modified":"2021-01-15T12:40:16","modified_gmt":"2021-01-15T15:40:16","slug":"tdlc-aprueba-acuerdo-de-conciliacion-fedeleche-nestle","status":"publish","type":"post","link":"https:\/\/www.mundoagropecuario.cl\/new\/tdlc-aprueba-acuerdo-de-conciliacion-fedeleche-nestle\/","title":{"rendered":"TDLC aprueba acuerdo de conciliaci\u00f3n Fedeleche \u2013 Nestl\u00e9"},"content":{"rendered":"<blockquote>\n<h2><span style=\"color: #003366;\">Las bases del convenio tienen por objeto dar cumplimiento a las medidas impuestas en la Sentencia N\u00ba 7\/2004 y la Resoluci\u00f3n N\u00ba 57\/2019 y\u00a0 apoyar las actividades gremiales destinadas a promover el desarrollo del sector l\u00e1cteo.\u00a0 El acuerdo conciliatorio que se somete a aprobaci\u00f3n no atenta contra la libre competencia, destac\u00f3 el tribunal econ\u00f3mico en su resoluci\u00f3n.<\/span><\/h2>\n<\/blockquote>\n<p>El Tribunal de Defensa de la Libre Competencia (TDLC) acord\u00f3 aprobar este viernes 08 de enero la propuesta de acuerdo de conciliaci\u00f3n alcanzado entre la Federaci\u00f3n Nacional de Productores de Leche (Fedeleche) y Nestl\u00e9 Chile para finalizar el juicio que se inici\u00f3 en mayo de 2020 para constatar el cumplimiento por parte de esta empresa de lo ordenado por el Tribunal en la Sentencia N\u00b0 7\/2004 y la Resoluci\u00f3n N\u00b0 57\/2019.<\/p>\n<p><a href=\"https:\/\/www.mundoagropecuario.cl\/new\/wp-content\/uploads\/2018\/07\/Nestle-Distribucion-Empresas_285235923_65389727_1024x576.jpg\"><img loading=\"lazy\" decoding=\"async\" class=\" wp-image-7412 alignleft\" src=\"https:\/\/www.mundoagropecuario.cl\/new\/wp-content\/uploads\/2018\/07\/Nestle-Distribucion-Empresas_285235923_65389727_1024x576-586x329.jpg\" alt=\"\" width=\"416\" height=\"237\" \/><\/a>El TDLC estim\u00f3 que los t\u00e9rminos del acuerdo que se someti\u00f3 a aprobaci\u00f3n no atentan contra la libre competencia. De esta manera, las bases propuestas establecen que Nestl\u00e9 dar\u00e1 un \u00edntegro cumplimiento a la letra y esp\u00edritu de la Sentencia N\u00b07\/2004 y de la Resoluci\u00f3n N\u00b057\/2019. Asimismo, simplificar\u00e1 sus pautas de pago, contemplando en lo sucesivo cuatro \u00edtems: precio base, bono por volumen, bono de emergencia y componentes estructurales.<\/p>\n<p>Del mismo modo,\u00a0 la empresa\u00a0\u00a0 efectuar\u00e1\u00a0 mejoras en la capacitaci\u00f3n de los encargados de muestreo de leche, una preocupaci\u00f3n permanente e incidente en el pago a productor.<\/p>\n<p>En cuanto a los contratos suscritos entre los productores y Nestl\u00e9,\u00a0 el acuerdo considera eliminar la exigencia a los productores de contar con un volumen m\u00ednimo para suscribir contratos, estableci\u00e9ndose, como plazo razonable para poner t\u00e9rmino anticipado en los contratos, de 30 d\u00edas para los productores, y de 90 d\u00edas para el caso de la industria; incorporando adem\u00e1s la opci\u00f3n para los productores de pactar una modalidad de contrato forward con un precio fijo por 12 meses.<\/p>\n<p><span style=\"color: #003366;\"><strong>Mesa l\u00e1ctea<\/strong><\/span><\/p>\n<p>El acuerdo de conciliaci\u00f3n entre Fedeleche y Nestl\u00e9 reconoce la existencia de grupos de productores que decidan asociarse de forma legal para avanzar en asociatividad ; y asimismo, considera implementar una \u201cmesa l\u00e1ctea\u201d, esto es, una instancia netamente t\u00e9cnica e independiente, con reuniones regulares e integrada por dos representantes de cada una de las Partes m\u00e1s un experto independiente (con conocimiento en libre competencia), que tenga como funci\u00f3n permitir el acercamiento entre los productores y Nestl\u00e9, previniendo oportunamente conflictos entre ellos, de manera imparcial, objetiva y de buena fe, sin que pueda tener un rol de fijadora de precios o afectar de forma alguna la libertad que tiene Nestl\u00e9 para determinar los precios ofrecidos en sus pautas de pago ni tampoco la relaci\u00f3n directa que Nestl\u00e9 tiene con sus proveedores de leche cruda.<\/p>\n<p>Adem\u00e1s, mediante este convenio Nestl\u00e9 se compromete a apoyar las actividades gremiales destinadas al desarrollo del sector l\u00e1cteo,\u00a0 propias del giro de Fedeleche, sin perjuicio que las partes se obligan a mantener plena autonom\u00eda.<\/p>\n<p><strong><span style=\"color: #003366;\">Reacci\u00f3n productores<\/span><\/strong><\/p>\n<p>Para el presidente de Fedeleche, Eduardo Schwerter, alcanzar este acuerdo con Nestl\u00e9 representa un nuevo trato en las relaciones entre productores \u2013 empresa, y un beneficio claro para el buen desarrollo del sector lechero nacional.<\/p>\n<p>En este sentido, valor\u00f3 la disposici\u00f3n de la empresa a dialogar y suscribir\u00a0 este convenio que apunta a que las condiciones que se establecen en la compra de leche cruda hacia los productores sean objetivas, transparentes\u00a0 y no discriminatorias.<\/p>\n","protected":false},"excerpt":{"rendered":"<p>Las bases del convenio tienen por objeto dar cumplimiento a las medidas impuestas en la Sentencia N\u00ba 7\/2004 y la Resoluci\u00f3n N\u00ba 57\/2019 y\u00a0 apoyar las actividades gremiales destinadas a&#8230;<\/p>\n","protected":false},"author":2,"featured_media":17606,"comment_status":"closed","ping_status":"closed","sticky":false,"template":"","format":"standard","meta":{"footnotes":""},"categories":[1946],"tags":[3127,2058,4135,2051,2150,2087,2208],"class_list":["post-17604","post","type-post","status-publish","format-standard","has-post-thumbnail","hentry","category-lacteos","tag-agro","tag-fedeleche","tag-lacteo","tag-leche","tag-nestle","tag-tdlc","tag-tlc"],"yoast_head":"<!-- This site is optimized with the Yoast SEO plugin v26.6 - https:\/\/yoast.com\/wordpress\/plugins\/seo\/ -->\n<title>TDLC aprueba acuerdo de conciliaci\u00f3n Fedeleche \u2013 Nestl\u00e9 - Mundoagropecuario<\/title>\n<meta name=\"description\" content=\"TDLC aprueba acuerdo de conciliaci\u00f3n Fedeleche \u2013 Nestl\u00e9, Nestl\u00e9 se compromete a apoyar las actividades gremiales\" \/>\n<meta name=\"robots\" content=\"index, follow, max-snippet:-1, max-image-preview:large, max-video-preview:-1\" \/>\n<link rel=\"canonical\" href=\"https:\/\/www.mundoagropecuario.cl\/new\/tdlc-aprueba-acuerdo-de-conciliacion-fedeleche-nestle\/\" \/>\n<meta property=\"og:locale\" content=\"es_ES\" \/>\n<meta property=\"og:type\" content=\"article\" \/>\n<meta property=\"og:title\" content=\"TDLC aprueba acuerdo de conciliaci\u00f3n Fedeleche \u2013 Nestl\u00e9 - Mundoagropecuario\" \/>\n<meta property=\"og:description\" content=\"TDLC aprueba acuerdo de conciliaci\u00f3n Fedeleche \u2013 Nestl\u00e9, Nestl\u00e9 se compromete a apoyar las actividades gremiales\" \/>\n<meta property=\"og:url\" content=\"https:\/\/www.mundoagropecuario.cl\/new\/tdlc-aprueba-acuerdo-de-conciliacion-fedeleche-nestle\/\" \/>\n<meta property=\"og:site_name\" content=\"Mundoagropecuario\" \/>\n<meta property=\"article:publisher\" content=\"https:\/\/www.facebook.com\/mundo.agropecuario.3\" \/>\n<meta property=\"article:published_time\" content=\"2021-01-13T15:02:53+00:00\" \/>\n<meta property=\"article:modified_time\" content=\"2021-01-15T15:40:16+00:00\" \/>\n<meta property=\"og:image\" content=\"https:\/\/www.mundoagropecuario.cl\/new\/wp-content\/uploads\/2021\/01\/Nestle-1.jpeg\" \/>\n\t<meta property=\"og:image:width\" content=\"800\" \/>\n\t<meta property=\"og:image:height\" content=\"531\" \/>\n\t<meta property=\"og:image:type\" content=\"image\/jpeg\" \/>\n<meta name=\"author\" content=\"mundo\" \/>\n<meta name=\"twitter:card\" content=\"summary_large_image\" \/>\n<meta name=\"twitter:creator\" content=\"@MundoAgropecuar\" \/>\n<meta name=\"twitter:site\" content=\"@MundoAgropecuar\" \/>\n<meta name=\"twitter:label1\" content=\"Escrito por\" \/>\n\t<meta name=\"twitter:data1\" content=\"mundo\" \/>\n\t<meta name=\"twitter:label2\" content=\"Tiempo de lectura\" \/>\n\t<meta name=\"twitter:data2\" content=\"3 minutos\" \/>\n<script type=\"application\/ld+json\" class=\"yoast-schema-graph\">{\"@context\":\"https:\/\/schema.org\",\"@graph\":[{\"@type\":\"Article\",\"@id\":\"https:\/\/www.mundoagropecuario.cl\/new\/tdlc-aprueba-acuerdo-de-conciliacion-fedeleche-nestle\/#article\",\"isPartOf\":{\"@id\":\"https:\/\/www.mundoagropecuario.cl\/new\/tdlc-aprueba-acuerdo-de-conciliacion-fedeleche-nestle\/\"},\"author\":{\"name\":\"mundo\",\"@id\":\"https:\/\/www.mundoagropecuario.cl\/new\/#\/schema\/person\/4e9f74a82a7dac260eb1c44b7eebeb18\"},\"headline\":\"TDLC aprueba acuerdo de conciliaci\u00f3n Fedeleche \u2013 Nestl\u00e9\",\"datePublished\":\"2021-01-13T15:02:53+00:00\",\"dateModified\":\"2021-01-15T15:40:16+00:00\",\"mainEntityOfPage\":{\"@id\":\"https:\/\/www.mundoagropecuario.cl\/new\/tdlc-aprueba-acuerdo-de-conciliacion-fedeleche-nestle\/\"},\"wordCount\":576,\"publisher\":{\"@id\":\"https:\/\/www.mundoagropecuario.cl\/new\/#organization\"},\"image\":{\"@id\":\"https:\/\/www.mundoagropecuario.cl\/new\/tdlc-aprueba-acuerdo-de-conciliacion-fedeleche-nestle\/#primaryimage\"},\"thumbnailUrl\":\"https:\/\/www.mundoagropecuario.cl\/new\/wp-content\/uploads\/2021\/01\/Nestle-1.jpeg\",\"keywords\":[\"Agro\",\"Fedeleche\",\"Lacteo\",\"Leche\",\"Nestl\u00e9\",\"TDLC\",\"TLC\"],\"articleSection\":[\"L\u00e1cteos\"],\"inLanguage\":\"es\"},{\"@type\":\"WebPage\",\"@id\":\"https:\/\/www.mundoagropecuario.cl\/new\/tdlc-aprueba-acuerdo-de-conciliacion-fedeleche-nestle\/\",\"url\":\"https:\/\/www.mundoagropecuario.cl\/new\/tdlc-aprueba-acuerdo-de-conciliacion-fedeleche-nestle\/\",\"name\":\"TDLC aprueba acuerdo de conciliaci\u00f3n Fedeleche \u2013 Nestl\u00e9 - Mundoagropecuario\",\"isPartOf\":{\"@id\":\"https:\/\/www.mundoagropecuario.cl\/new\/#website\"},\"primaryImageOfPage\":{\"@id\":\"https:\/\/www.mundoagropecuario.cl\/new\/tdlc-aprueba-acuerdo-de-conciliacion-fedeleche-nestle\/#primaryimage\"},\"image\":{\"@id\":\"https:\/\/www.mundoagropecuario.cl\/new\/tdlc-aprueba-acuerdo-de-conciliacion-fedeleche-nestle\/#primaryimage\"},\"thumbnailUrl\":\"https:\/\/www.mundoagropecuario.cl\/new\/wp-content\/uploads\/2021\/01\/Nestle-1.jpeg\",\"datePublished\":\"2021-01-13T15:02:53+00:00\",\"dateModified\":\"2021-01-15T15:40:16+00:00\",\"description\":\"TDLC aprueba acuerdo de conciliaci\u00f3n Fedeleche \u2013 Nestl\u00e9, Nestl\u00e9 se compromete a apoyar las actividades gremiales\",\"breadcrumb\":{\"@id\":\"https:\/\/www.mundoagropecuario.cl\/new\/tdlc-aprueba-acuerdo-de-conciliacion-fedeleche-nestle\/#breadcrumb\"},\"inLanguage\":\"es\",\"potentialAction\":[{\"@type\":\"ReadAction\",\"target\":[\"https:\/\/www.mundoagropecuario.cl\/new\/tdlc-aprueba-acuerdo-de-conciliacion-fedeleche-nestle\/\"]}]},{\"@type\":\"ImageObject\",\"inLanguage\":\"es\",\"@id\":\"https:\/\/www.mundoagropecuario.cl\/new\/tdlc-aprueba-acuerdo-de-conciliacion-fedeleche-nestle\/#primaryimage\",\"url\":\"https:\/\/www.mundoagropecuario.cl\/new\/wp-content\/uploads\/2021\/01\/Nestle-1.jpeg\",\"contentUrl\":\"https:\/\/www.mundoagropecuario.cl\/new\/wp-content\/uploads\/2021\/01\/Nestle-1.jpeg\",\"width\":603,\"height\":400},{\"@type\":\"BreadcrumbList\",\"@id\":\"https:\/\/www.mundoagropecuario.cl\/new\/tdlc-aprueba-acuerdo-de-conciliacion-fedeleche-nestle\/#breadcrumb\",\"itemListElement\":[{\"@type\":\"ListItem\",\"position\":1,\"name\":\"Portada\",\"item\":\"https:\/\/www.mundoagropecuario.cl\/new\/\"},{\"@type\":\"ListItem\",\"position\":2,\"name\":\"TDLC aprueba acuerdo de conciliaci\u00f3n Fedeleche \u2013 Nestl\u00e9\"}]},{\"@type\":\"WebSite\",\"@id\":\"https:\/\/www.mundoagropecuario.cl\/new\/#website\",\"url\":\"https:\/\/www.mundoagropecuario.cl\/new\/\",\"name\":\"Mundoagropecuario\",\"description\":\"Mundo Agropecuario\",\"publisher\":{\"@id\":\"https:\/\/www.mundoagropecuario.cl\/new\/#organization\"},\"potentialAction\":[{\"@type\":\"SearchAction\",\"target\":{\"@type\":\"EntryPoint\",\"urlTemplate\":\"https:\/\/www.mundoagropecuario.cl\/new\/?s={search_term_string}\"},\"query-input\":{\"@type\":\"PropertyValueSpecification\",\"valueRequired\":true,\"valueName\":\"search_term_string\"}}],\"inLanguage\":\"es\"},{\"@type\":\"Organization\",\"@id\":\"https:\/\/www.mundoagropecuario.cl\/new\/#organization\",\"name\":\"Revista de Agricultura\",\"url\":\"https:\/\/www.mundoagropecuario.cl\/new\/\",\"logo\":{\"@type\":\"ImageObject\",\"inLanguage\":\"es\",\"@id\":\"https:\/\/www.mundoagropecuario.cl\/new\/#\/schema\/logo\/image\/\",\"url\":\"https:\/\/www.mundoagropecuario.cl\/new\/wp-content\/uploads\/2020\/11\/PORTAL-1-1.png\",\"contentUrl\":\"https:\/\/www.mundoagropecuario.cl\/new\/wp-content\/uploads\/2020\/11\/PORTAL-1-1.png\",\"width\":1026,\"height\":100,\"caption\":\"Revista de Agricultura\"},\"image\":{\"@id\":\"https:\/\/www.mundoagropecuario.cl\/new\/#\/schema\/logo\/image\/\"},\"sameAs\":[\"https:\/\/www.facebook.com\/mundo.agropecuario.3\",\"https:\/\/x.com\/MundoAgropecuar\",\"https:\/\/www.linkedin.com\/in\/mundo-agropecuario-934009201\/\"]},{\"@type\":\"Person\",\"@id\":\"https:\/\/www.mundoagropecuario.cl\/new\/#\/schema\/person\/4e9f74a82a7dac260eb1c44b7eebeb18\",\"name\":\"mundo\",\"url\":\"https:\/\/www.mundoagropecuario.cl\/new\/author\/mundo\/\"}]}<\/script>\n<!-- \/ Yoast SEO plugin. -->","yoast_head_json":{"title":"TDLC aprueba acuerdo de conciliaci\u00f3n Fedeleche \u2013 Nestl\u00e9 - Mundoagropecuario","description":"TDLC aprueba acuerdo de conciliaci\u00f3n Fedeleche \u2013 Nestl\u00e9, Nestl\u00e9 se compromete a apoyar las actividades gremiales","robots":{"index":"index","follow":"follow","max-snippet":"max-snippet:-1","max-image-preview":"max-image-preview:large","max-video-preview":"max-video-preview:-1"},"canonical":"https:\/\/www.mundoagropecuario.cl\/new\/tdlc-aprueba-acuerdo-de-conciliacion-fedeleche-nestle\/","og_locale":"es_ES","og_type":"article","og_title":"TDLC aprueba acuerdo de conciliaci\u00f3n Fedeleche \u2013 Nestl\u00e9 - Mundoagropecuario","og_description":"TDLC aprueba acuerdo de conciliaci\u00f3n Fedeleche \u2013 Nestl\u00e9, Nestl\u00e9 se compromete a apoyar las actividades gremiales","og_url":"https:\/\/www.mundoagropecuario.cl\/new\/tdlc-aprueba-acuerdo-de-conciliacion-fedeleche-nestle\/","og_site_name":"Mundoagropecuario","article_publisher":"https:\/\/www.facebook.com\/mundo.agropecuario.3","article_published_time":"2021-01-13T15:02:53+00:00","article_modified_time":"2021-01-15T15:40:16+00:00","og_image":[{"width":800,"height":531,"url":"https:\/\/www.mundoagropecuario.cl\/new\/wp-content\/uploads\/2021\/01\/Nestle-1.jpeg","type":"image\/jpeg"}],"author":"mundo","twitter_card":"summary_large_image","twitter_creator":"@MundoAgropecuar","twitter_site":"@MundoAgropecuar","twitter_misc":{"Escrito por":"mundo","Tiempo de lectura":"3 minutos"},"schema":{"@context":"https:\/\/schema.org","@graph":[{"@type":"Article","@id":"https:\/\/www.mundoagropecuario.cl\/new\/tdlc-aprueba-acuerdo-de-conciliacion-fedeleche-nestle\/#article","isPartOf":{"@id":"https:\/\/www.mundoagropecuario.cl\/new\/tdlc-aprueba-acuerdo-de-conciliacion-fedeleche-nestle\/"},"author":{"name":"mundo","@id":"https:\/\/www.mundoagropecuario.cl\/new\/#\/schema\/person\/4e9f74a82a7dac260eb1c44b7eebeb18"},"headline":"TDLC aprueba acuerdo de conciliaci\u00f3n Fedeleche \u2013 Nestl\u00e9","datePublished":"2021-01-13T15:02:53+00:00","dateModified":"2021-01-15T15:40:16+00:00","mainEntityOfPage":{"@id":"https:\/\/www.mundoagropecuario.cl\/new\/tdlc-aprueba-acuerdo-de-conciliacion-fedeleche-nestle\/"},"wordCount":576,"publisher":{"@id":"https:\/\/www.mundoagropecuario.cl\/new\/#organization"},"image":{"@id":"https:\/\/www.mundoagropecuario.cl\/new\/tdlc-aprueba-acuerdo-de-conciliacion-fedeleche-nestle\/#primaryimage"},"thumbnailUrl":"https:\/\/www.mundoagropecuario.cl\/new\/wp-content\/uploads\/2021\/01\/Nestle-1.jpeg","keywords":["Agro","Fedeleche","Lacteo","Leche","Nestl\u00e9","TDLC","TLC"],"articleSection":["L\u00e1cteos"],"inLanguage":"es"},{"@type":"WebPage","@id":"https:\/\/www.mundoagropecuario.cl\/new\/tdlc-aprueba-acuerdo-de-conciliacion-fedeleche-nestle\/","url":"https:\/\/www.mundoagropecuario.cl\/new\/tdlc-aprueba-acuerdo-de-conciliacion-fedeleche-nestle\/","name":"TDLC aprueba acuerdo de conciliaci\u00f3n Fedeleche \u2013 Nestl\u00e9 - Mundoagropecuario","isPartOf":{"@id":"https:\/\/www.mundoagropecuario.cl\/new\/#website"},"primaryImageOfPage":{"@id":"https:\/\/www.mundoagropecuario.cl\/new\/tdlc-aprueba-acuerdo-de-conciliacion-fedeleche-nestle\/#primaryimage"},"image":{"@id":"https:\/\/www.mundoagropecuario.cl\/new\/tdlc-aprueba-acuerdo-de-conciliacion-fedeleche-nestle\/#primaryimage"},"thumbnailUrl":"https:\/\/www.mundoagropecuario.cl\/new\/wp-content\/uploads\/2021\/01\/Nestle-1.jpeg","datePublished":"2021-01-13T15:02:53+00:00","dateModified":"2021-01-15T15:40:16+00:00","description":"TDLC aprueba acuerdo de conciliaci\u00f3n Fedeleche \u2013 Nestl\u00e9, Nestl\u00e9 se compromete a apoyar las actividades gremiales","breadcrumb":{"@id":"https:\/\/www.mundoagropecuario.cl\/new\/tdlc-aprueba-acuerdo-de-conciliacion-fedeleche-nestle\/#breadcrumb"},"inLanguage":"es","potentialAction":[{"@type":"ReadAction","target":["https:\/\/www.mundoagropecuario.cl\/new\/tdlc-aprueba-acuerdo-de-conciliacion-fedeleche-nestle\/"]}]},{"@type":"ImageObject","inLanguage":"es","@id":"https:\/\/www.mundoagropecuario.cl\/new\/tdlc-aprueba-acuerdo-de-conciliacion-fedeleche-nestle\/#primaryimage","url":"https:\/\/www.mundoagropecuario.cl\/new\/wp-content\/uploads\/2021\/01\/Nestle-1.jpeg","contentUrl":"https:\/\/www.mundoagropecuario.cl\/new\/wp-content\/uploads\/2021\/01\/Nestle-1.jpeg","width":603,"height":400},{"@type":"BreadcrumbList","@id":"https:\/\/www.mundoagropecuario.cl\/new\/tdlc-aprueba-acuerdo-de-conciliacion-fedeleche-nestle\/#breadcrumb","itemListElement":[{"@type":"ListItem","position":1,"name":"Portada","item":"https:\/\/www.mundoagropecuario.cl\/new\/"},{"@type":"ListItem","position":2,"name":"TDLC aprueba acuerdo de conciliaci\u00f3n Fedeleche \u2013 Nestl\u00e9"}]},{"@type":"WebSite","@id":"https:\/\/www.mundoagropecuario.cl\/new\/#website","url":"https:\/\/www.mundoagropecuario.cl\/new\/","name":"Mundoagropecuario","description":"Mundo Agropecuario","publisher":{"@id":"https:\/\/www.mundoagropecuario.cl\/new\/#organization"},"potentialAction":[{"@type":"SearchAction","target":{"@type":"EntryPoint","urlTemplate":"https:\/\/www.mundoagropecuario.cl\/new\/?s={search_term_string}"},"query-input":{"@type":"PropertyValueSpecification","valueRequired":true,"valueName":"search_term_string"}}],"inLanguage":"es"},{"@type":"Organization","@id":"https:\/\/www.mundoagropecuario.cl\/new\/#organization","name":"Revista de Agricultura","url":"https:\/\/www.mundoagropecuario.cl\/new\/","logo":{"@type":"ImageObject","inLanguage":"es","@id":"https:\/\/www.mundoagropecuario.cl\/new\/#\/schema\/logo\/image\/","url":"https:\/\/www.mundoagropecuario.cl\/new\/wp-content\/uploads\/2020\/11\/PORTAL-1-1.png","contentUrl":"https:\/\/www.mundoagropecuario.cl\/new\/wp-content\/uploads\/2020\/11\/PORTAL-1-1.png","width":1026,"height":100,"caption":"Revista de Agricultura"},"image":{"@id":"https:\/\/www.mundoagropecuario.cl\/new\/#\/schema\/logo\/image\/"},"sameAs":["https:\/\/www.facebook.com\/mundo.agropecuario.3","https:\/\/x.com\/MundoAgropecuar","https:\/\/www.linkedin.com\/in\/mundo-agropecuario-934009201\/"]},{"@type":"Person","@id":"https:\/\/www.mundoagropecuario.cl\/new\/#\/schema\/person\/4e9f74a82a7dac260eb1c44b7eebeb18","name":"mundo","url":"https:\/\/www.mundoagropecuario.cl\/new\/author\/mundo\/"}]}},"_links":{"self":[{"href":"https:\/\/www.mundoagropecuario.cl\/new\/wp-json\/wp\/v2\/posts\/17604","targetHints":{"allow":["GET"]}}],"collection":[{"href":"https:\/\/www.mundoagropecuario.cl\/new\/wp-json\/wp\/v2\/posts"}],"about":[{"href":"https:\/\/www.mundoagropecuario.cl\/new\/wp-json\/wp\/v2\/types\/post"}],"author":[{"embeddable":true,"href":"https:\/\/www.mundoagropecuario.cl\/new\/wp-json\/wp\/v2\/users\/2"}],"replies":[{"embeddable":true,"href":"https:\/\/www.mundoagropecuario.cl\/new\/wp-json\/wp\/v2\/comments?post=17604"}],"version-history":[{"count":1,"href":"https:\/\/www.mundoagropecuario.cl\/new\/wp-json\/wp\/v2\/posts\/17604\/revisions"}],"predecessor-version":[{"id":17607,"href":"https:\/\/www.mundoagropecuario.cl\/new\/wp-json\/wp\/v2\/posts\/17604\/revisions\/17607"}],"wp:featuredmedia":[{"embeddable":true,"href":"https:\/\/www.mundoagropecuario.cl\/new\/wp-json\/wp\/v2\/media\/17606"}],"wp:attachment":[{"href":"https:\/\/www.mundoagropecuario.cl\/new\/wp-json\/wp\/v2\/media?parent=17604"}],"wp:term":[{"taxonomy":"category","embeddable":true,"href":"https:\/\/www.mundoagropecuario.cl\/new\/wp-json\/wp\/v2\/categories?post=17604"},{"taxonomy":"post_tag","embeddable":true,"href":"https:\/\/www.mundoagropecuario.cl\/new\/wp-json\/wp\/v2\/tags?post=17604"}],"curies":[{"name":"wp","href":"https:\/\/api.w.org\/{rel}","templated":true}]}}