{"id":17589,"date":"2021-01-12T12:50:27","date_gmt":"2021-01-12T15:50:27","guid":{"rendered":"https:\/\/www.mundoagropecuario.cl\/new\/?p=17589"},"modified":"2021-01-13T12:16:04","modified_gmt":"2021-01-13T15:16:04","slug":"fortalecen-estrategias-para-la-recuperacion-de-bosque-nativo-en-la-region-de-los-lagos","status":"publish","type":"post","link":"https:\/\/www.mundoagropecuario.cl\/new\/fortalecen-estrategias-para-la-recuperacion-de-bosque-nativo-en-la-region-de-los-lagos\/","title":{"rendered":"Fortalecen estrategias para la recuperaci\u00f3n de bosque nativo en la Regi\u00f3n de Los Lagos"},"content":{"rendered":"<blockquote>\n<h2><span style=\"color: #003300;\">Seremi de Agricultura y director ejecutivo de CONAF informaron que, a trav\u00e9s de pr\u00e1cticas de restauraci\u00f3n de ecosistemas forestales, se ejecutar\u00e1 un plan de recuperaci\u00f3n econ\u00f3mica que crear\u00e1 cerca de 1.200 empleos en la regi\u00f3n.<\/span><\/h2>\n<\/blockquote>\n<p>Con el prop\u00f3sito de fomentar la reactivaci\u00f3n econ\u00f3mica y la generaci\u00f3n de empleos, la Corporaci\u00f3n Nacional Forestal (CONAF) inform\u00f3 que iniciar\u00e1 la ejecuci\u00f3n de un programa que apunta a la recuperaci\u00f3n de ecosistemas forestales, a trav\u00e9s del cual se crear\u00e1n 1.200 empleos a nivel regional. El director ejecutivo de CONAF, Rodrigo Munita, junto al Seremi de Agricultura de Los Lagos, Eduardo Winkler, resaltaron los esfuerzos que se realizan a nivel local para conservar el patrimonio forestal local, as\u00ed como tambi\u00e9n para aumentar la masa boscosa del territorio.<\/p>\n<p><a href=\"https:\/\/www.mundoagropecuario.cl\/new\/wp-content\/uploads\/2021\/01\/1-1.jpg\"><img loading=\"lazy\" decoding=\"async\" class=\"size-medium wp-image-17590 alignright\" src=\"https:\/\/www.mundoagropecuario.cl\/new\/wp-content\/uploads\/2021\/01\/1-1-586x388.jpg\" alt=\"\" width=\"586\" height=\"388\" srcset=\"https:\/\/www.mundoagropecuario.cl\/new\/wp-content\/uploads\/2021\/01\/1-1-586x388.jpg 586w, https:\/\/www.mundoagropecuario.cl\/new\/wp-content\/uploads\/2021\/01\/1-1.jpg 600w\" sizes=\"auto, (max-width: 586px) 100vw, 586px\" \/><\/a> \u201cSi sumamos el Fondo Verde del Clima y el programa de reactivaci\u00f3n econ\u00f3mica vamos a generar una gran sinergia en materia de creaci\u00f3n de empleos. \u00c9sa no s\u00f3lo es una gran noticia para la CONAF, sino tambi\u00e9n para Chile\u201d, se\u00f1al\u00f3 el director ejecutivo de CONAF.<\/p>\n<p>En esa l\u00ednea, Rodrigo Munita indic\u00f3 que, adem\u00e1s del Programa de Reactivaci\u00f3n Econ\u00f3mica, CONAF iniciar\u00e1 la ejecuci\u00f3n del Fondo Verde del Clima (FVC), una l\u00ednea financiera dependiente de la Convenci\u00f3n Marco de Naciones Unidas sobre Cambio Clim\u00e1tico (CMNUCC) orientada a pa\u00edses en desarrollo y enfocada en la reducci\u00f3n de las emisiones de gases con efecto invernadero y la mejora en la respuesta al cambio clim\u00e1tico.<\/p>\n<p>Al respecto, el Seremi de Agricultura, Eduardo Winkler, se\u00f1al\u00f3 que el Fondo Verde del Clima financiar\u00e1 iniciativas de manejo sustentable del bosque y recuperaci\u00f3n de bosque nativo. Lo anterior, por medio de medidas de forestaci\u00f3n, restauraci\u00f3n, manejo, silvicultura preventiva contra incendios forestales, educaci\u00f3n ambiental y resguardo de zonas de protecci\u00f3n de suelo, humedales, cabeceras de cuenca, cursos y cuerpos de agua.<\/p>\n<p>\u201cEso nos permitir\u00e1 recuperar bosques degradados, aumentar la masa de boscosa a nivel regional y, adem\u00e1s, aportar a la creaci\u00f3n de empleos que es tan importante en estos d\u00edas\u201d, afirm\u00f3 el Seremi de Agricultura.<\/p>\n<p>Por su parte, el director de CONAF Los Lagos, Jorge Aichele, sostuvo que el Fondo Verde del Clima traer\u00e1 a la regi\u00f3n una inversi\u00f3n de 28 millones de d\u00f3lares a ejecutar en 6 a\u00f1os. \u201cAs\u00ed podremos aumentar la cobertura boscosa y combatir el cambio clim\u00e1tico a trav\u00e9s de la fijaci\u00f3n de carbono. En el contexto de pandemia, se sumar\u00e1 el Fondo de Recuperaci\u00f3n Econ\u00f3mica que comenzaremos a aplicar como CONAF\u201d.<\/p>\n","protected":false},"excerpt":{"rendered":"<p>Seremi de Agricultura y director ejecutivo de CONAF informaron que, a trav\u00e9s de pr\u00e1cticas de restauraci\u00f3n de ecosistemas forestales, se ejecutar\u00e1 un plan de recuperaci\u00f3n econ\u00f3mica que crear\u00e1 cerca de&#8230;<\/p>\n","protected":false},"author":2,"featured_media":17591,"comment_status":"closed","ping_status":"closed","sticky":false,"template":"","format":"standard","meta":{"footnotes":""},"categories":[1949],"tags":[4124,3190,876,1992,2035],"class_list":["post-17589","post","type-post","status-publish","format-standard","has-post-thumbnail","hentry","category-forestal","tag-agricola","tag-bosque-nativo","tag-conaf","tag-indap","tag-minagri"],"yoast_head":"<!-- This site is optimized with the Yoast SEO plugin v26.6 - https:\/\/yoast.com\/wordpress\/plugins\/seo\/ -->\n<title>Fortalecen estrategias para la recuperaci\u00f3n de bosque nativo en la Regi\u00f3n de Los Lagos - Mundoagropecuario<\/title>\n<meta name=\"description\" content=\"Fortalecen estrategias para la recuperaci\u00f3n de bosque nativo en la Regi\u00f3n de Los Lagos, Seremi de Agricultura y director ejecutivo de CONAF\" \/>\n<meta name=\"robots\" content=\"index, follow, max-snippet:-1, max-image-preview:large, max-video-preview:-1\" \/>\n<link rel=\"canonical\" href=\"https:\/\/www.mundoagropecuario.cl\/new\/fortalecen-estrategias-para-la-recuperacion-de-bosque-nativo-en-la-region-de-los-lagos\/\" \/>\n<meta property=\"og:locale\" content=\"es_ES\" \/>\n<meta property=\"og:type\" content=\"article\" \/>\n<meta property=\"og:title\" content=\"Fortalecen estrategias para la recuperaci\u00f3n de bosque nativo en la Regi\u00f3n de Los Lagos - Mundoagropecuario\" \/>\n<meta property=\"og:description\" content=\"Fortalecen estrategias para la recuperaci\u00f3n de bosque nativo en la Regi\u00f3n de Los Lagos, Seremi de Agricultura y director ejecutivo de CONAF\" \/>\n<meta property=\"og:url\" content=\"https:\/\/www.mundoagropecuario.cl\/new\/fortalecen-estrategias-para-la-recuperacion-de-bosque-nativo-en-la-region-de-los-lagos\/\" \/>\n<meta property=\"og:site_name\" content=\"Mundoagropecuario\" \/>\n<meta property=\"article:publisher\" content=\"https:\/\/www.facebook.com\/mundo.agropecuario.3\" \/>\n<meta property=\"article:published_time\" content=\"2021-01-12T15:50:27+00:00\" \/>\n<meta property=\"article:modified_time\" content=\"2021-01-13T15:16:04+00:00\" \/>\n<meta property=\"og:image\" content=\"https:\/\/www.mundoagropecuario.cl\/new\/wp-content\/uploads\/2021\/01\/2-scaled.jpg\" \/>\n\t<meta property=\"og:image:width\" content=\"1024\" \/>\n\t<meta property=\"og:image:height\" content=\"768\" \/>\n\t<meta property=\"og:image:type\" content=\"image\/jpeg\" \/>\n<meta name=\"author\" content=\"mundo\" \/>\n<meta name=\"twitter:card\" content=\"summary_large_image\" \/>\n<meta name=\"twitter:creator\" content=\"@MundoAgropecuar\" \/>\n<meta name=\"twitter:site\" content=\"@MundoAgropecuar\" \/>\n<meta name=\"twitter:label1\" content=\"Escrito por\" \/>\n\t<meta name=\"twitter:data1\" content=\"mundo\" \/>\n\t<meta name=\"twitter:label2\" content=\"Tiempo de lectura\" \/>\n\t<meta name=\"twitter:data2\" content=\"2 minutos\" \/>\n<script type=\"application\/ld+json\" class=\"yoast-schema-graph\">{\"@context\":\"https:\/\/schema.org\",\"@graph\":[{\"@type\":\"Article\",\"@id\":\"https:\/\/www.mundoagropecuario.cl\/new\/fortalecen-estrategias-para-la-recuperacion-de-bosque-nativo-en-la-region-de-los-lagos\/#article\",\"isPartOf\":{\"@id\":\"https:\/\/www.mundoagropecuario.cl\/new\/fortalecen-estrategias-para-la-recuperacion-de-bosque-nativo-en-la-region-de-los-lagos\/\"},\"author\":{\"name\":\"mundo\",\"@id\":\"https:\/\/www.mundoagropecuario.cl\/new\/#\/schema\/person\/4e9f74a82a7dac260eb1c44b7eebeb18\"},\"headline\":\"Fortalecen estrategias para la recuperaci\u00f3n de bosque nativo en la Regi\u00f3n de Los Lagos\",\"datePublished\":\"2021-01-12T15:50:27+00:00\",\"dateModified\":\"2021-01-13T15:16:04+00:00\",\"mainEntityOfPage\":{\"@id\":\"https:\/\/www.mundoagropecuario.cl\/new\/fortalecen-estrategias-para-la-recuperacion-de-bosque-nativo-en-la-region-de-los-lagos\/\"},\"wordCount\":460,\"publisher\":{\"@id\":\"https:\/\/www.mundoagropecuario.cl\/new\/#organization\"},\"image\":{\"@id\":\"https:\/\/www.mundoagropecuario.cl\/new\/fortalecen-estrategias-para-la-recuperacion-de-bosque-nativo-en-la-region-de-los-lagos\/#primaryimage\"},\"thumbnailUrl\":\"https:\/\/www.mundoagropecuario.cl\/new\/wp-content\/uploads\/2021\/01\/2-scaled.jpg\",\"keywords\":[\"agricola\",\"bosque nativo\",\"Conaf\",\"Indap\",\"Minagri\"],\"articleSection\":[\"Forestal\"],\"inLanguage\":\"es\"},{\"@type\":\"WebPage\",\"@id\":\"https:\/\/www.mundoagropecuario.cl\/new\/fortalecen-estrategias-para-la-recuperacion-de-bosque-nativo-en-la-region-de-los-lagos\/\",\"url\":\"https:\/\/www.mundoagropecuario.cl\/new\/fortalecen-estrategias-para-la-recuperacion-de-bosque-nativo-en-la-region-de-los-lagos\/\",\"name\":\"Fortalecen estrategias para la recuperaci\u00f3n de bosque nativo en la Regi\u00f3n de Los Lagos - Mundoagropecuario\",\"isPartOf\":{\"@id\":\"https:\/\/www.mundoagropecuario.cl\/new\/#website\"},\"primaryImageOfPage\":{\"@id\":\"https:\/\/www.mundoagropecuario.cl\/new\/fortalecen-estrategias-para-la-recuperacion-de-bosque-nativo-en-la-region-de-los-lagos\/#primaryimage\"},\"image\":{\"@id\":\"https:\/\/www.mundoagropecuario.cl\/new\/fortalecen-estrategias-para-la-recuperacion-de-bosque-nativo-en-la-region-de-los-lagos\/#primaryimage\"},\"thumbnailUrl\":\"https:\/\/www.mundoagropecuario.cl\/new\/wp-content\/uploads\/2021\/01\/2-scaled.jpg\",\"datePublished\":\"2021-01-12T15:50:27+00:00\",\"dateModified\":\"2021-01-13T15:16:04+00:00\",\"description\":\"Fortalecen estrategias para la recuperaci\u00f3n de bosque nativo en la Regi\u00f3n de Los Lagos, Seremi de Agricultura y director ejecutivo de CONAF\",\"breadcrumb\":{\"@id\":\"https:\/\/www.mundoagropecuario.cl\/new\/fortalecen-estrategias-para-la-recuperacion-de-bosque-nativo-en-la-region-de-los-lagos\/#breadcrumb\"},\"inLanguage\":\"es\",\"potentialAction\":[{\"@type\":\"ReadAction\",\"target\":[\"https:\/\/www.mundoagropecuario.cl\/new\/fortalecen-estrategias-para-la-recuperacion-de-bosque-nativo-en-la-region-de-los-lagos\/\"]}]},{\"@type\":\"ImageObject\",\"inLanguage\":\"es\",\"@id\":\"https:\/\/www.mundoagropecuario.cl\/new\/fortalecen-estrategias-para-la-recuperacion-de-bosque-nativo-en-la-region-de-los-lagos\/#primaryimage\",\"url\":\"https:\/\/www.mundoagropecuario.cl\/new\/wp-content\/uploads\/2021\/01\/2-scaled.jpg\",\"contentUrl\":\"https:\/\/www.mundoagropecuario.cl\/new\/wp-content\/uploads\/2021\/01\/2-scaled.jpg\",\"width\":533,\"height\":400},{\"@type\":\"BreadcrumbList\",\"@id\":\"https:\/\/www.mundoagropecuario.cl\/new\/fortalecen-estrategias-para-la-recuperacion-de-bosque-nativo-en-la-region-de-los-lagos\/#breadcrumb\",\"itemListElement\":[{\"@type\":\"ListItem\",\"position\":1,\"name\":\"Portada\",\"item\":\"https:\/\/www.mundoagropecuario.cl\/new\/\"},{\"@type\":\"ListItem\",\"position\":2,\"name\":\"Fortalecen estrategias para la recuperaci\u00f3n de bosque nativo en la Regi\u00f3n de Los Lagos\"}]},{\"@type\":\"WebSite\",\"@id\":\"https:\/\/www.mundoagropecuario.cl\/new\/#website\",\"url\":\"https:\/\/www.mundoagropecuario.cl\/new\/\",\"name\":\"Mundoagropecuario\",\"description\":\"Mundo Agropecuario\",\"publisher\":{\"@id\":\"https:\/\/www.mundoagropecuario.cl\/new\/#organization\"},\"potentialAction\":[{\"@type\":\"SearchAction\",\"target\":{\"@type\":\"EntryPoint\",\"urlTemplate\":\"https:\/\/www.mundoagropecuario.cl\/new\/?s={search_term_string}\"},\"query-input\":{\"@type\":\"PropertyValueSpecification\",\"valueRequired\":true,\"valueName\":\"search_term_string\"}}],\"inLanguage\":\"es\"},{\"@type\":\"Organization\",\"@id\":\"https:\/\/www.mundoagropecuario.cl\/new\/#organization\",\"name\":\"Revista de Agricultura\",\"url\":\"https:\/\/www.mundoagropecuario.cl\/new\/\",\"logo\":{\"@type\":\"ImageObject\",\"inLanguage\":\"es\",\"@id\":\"https:\/\/www.mundoagropecuario.cl\/new\/#\/schema\/logo\/image\/\",\"url\":\"https:\/\/www.mundoagropecuario.cl\/new\/wp-content\/uploads\/2020\/11\/PORTAL-1-1.png\",\"contentUrl\":\"https:\/\/www.mundoagropecuario.cl\/new\/wp-content\/uploads\/2020\/11\/PORTAL-1-1.png\",\"width\":1026,\"height\":100,\"caption\":\"Revista de Agricultura\"},\"image\":{\"@id\":\"https:\/\/www.mundoagropecuario.cl\/new\/#\/schema\/logo\/image\/\"},\"sameAs\":[\"https:\/\/www.facebook.com\/mundo.agropecuario.3\",\"https:\/\/x.com\/MundoAgropecuar\",\"https:\/\/www.linkedin.com\/in\/mundo-agropecuario-934009201\/\"]},{\"@type\":\"Person\",\"@id\":\"https:\/\/www.mundoagropecuario.cl\/new\/#\/schema\/person\/4e9f74a82a7dac260eb1c44b7eebeb18\",\"name\":\"mundo\",\"url\":\"https:\/\/www.mundoagropecuario.cl\/new\/author\/mundo\/\"}]}<\/script>\n<!-- \/ Yoast SEO plugin. -->","yoast_head_json":{"title":"Fortalecen estrategias para la recuperaci\u00f3n de bosque nativo en la Regi\u00f3n de Los Lagos - Mundoagropecuario","description":"Fortalecen estrategias para la recuperaci\u00f3n de bosque nativo en la Regi\u00f3n de Los Lagos, Seremi de Agricultura y director ejecutivo de CONAF","robots":{"index":"index","follow":"follow","max-snippet":"max-snippet:-1","max-image-preview":"max-image-preview:large","max-video-preview":"max-video-preview:-1"},"canonical":"https:\/\/www.mundoagropecuario.cl\/new\/fortalecen-estrategias-para-la-recuperacion-de-bosque-nativo-en-la-region-de-los-lagos\/","og_locale":"es_ES","og_type":"article","og_title":"Fortalecen estrategias para la recuperaci\u00f3n de bosque nativo en la Regi\u00f3n de Los Lagos - Mundoagropecuario","og_description":"Fortalecen estrategias para la recuperaci\u00f3n de bosque nativo en la Regi\u00f3n de Los Lagos, Seremi de Agricultura y director ejecutivo de CONAF","og_url":"https:\/\/www.mundoagropecuario.cl\/new\/fortalecen-estrategias-para-la-recuperacion-de-bosque-nativo-en-la-region-de-los-lagos\/","og_site_name":"Mundoagropecuario","article_publisher":"https:\/\/www.facebook.com\/mundo.agropecuario.3","article_published_time":"2021-01-12T15:50:27+00:00","article_modified_time":"2021-01-13T15:16:04+00:00","og_image":[{"width":1024,"height":768,"url":"https:\/\/www.mundoagropecuario.cl\/new\/wp-content\/uploads\/2021\/01\/2-scaled.jpg","type":"image\/jpeg"}],"author":"mundo","twitter_card":"summary_large_image","twitter_creator":"@MundoAgropecuar","twitter_site":"@MundoAgropecuar","twitter_misc":{"Escrito por":"mundo","Tiempo de lectura":"2 minutos"},"schema":{"@context":"https:\/\/schema.org","@graph":[{"@type":"Article","@id":"https:\/\/www.mundoagropecuario.cl\/new\/fortalecen-estrategias-para-la-recuperacion-de-bosque-nativo-en-la-region-de-los-lagos\/#article","isPartOf":{"@id":"https:\/\/www.mundoagropecuario.cl\/new\/fortalecen-estrategias-para-la-recuperacion-de-bosque-nativo-en-la-region-de-los-lagos\/"},"author":{"name":"mundo","@id":"https:\/\/www.mundoagropecuario.cl\/new\/#\/schema\/person\/4e9f74a82a7dac260eb1c44b7eebeb18"},"headline":"Fortalecen estrategias para la recuperaci\u00f3n de bosque nativo en la Regi\u00f3n de Los Lagos","datePublished":"2021-01-12T15:50:27+00:00","dateModified":"2021-01-13T15:16:04+00:00","mainEntityOfPage":{"@id":"https:\/\/www.mundoagropecuario.cl\/new\/fortalecen-estrategias-para-la-recuperacion-de-bosque-nativo-en-la-region-de-los-lagos\/"},"wordCount":460,"publisher":{"@id":"https:\/\/www.mundoagropecuario.cl\/new\/#organization"},"image":{"@id":"https:\/\/www.mundoagropecuario.cl\/new\/fortalecen-estrategias-para-la-recuperacion-de-bosque-nativo-en-la-region-de-los-lagos\/#primaryimage"},"thumbnailUrl":"https:\/\/www.mundoagropecuario.cl\/new\/wp-content\/uploads\/2021\/01\/2-scaled.jpg","keywords":["agricola","bosque nativo","Conaf","Indap","Minagri"],"articleSection":["Forestal"],"inLanguage":"es"},{"@type":"WebPage","@id":"https:\/\/www.mundoagropecuario.cl\/new\/fortalecen-estrategias-para-la-recuperacion-de-bosque-nativo-en-la-region-de-los-lagos\/","url":"https:\/\/www.mundoagropecuario.cl\/new\/fortalecen-estrategias-para-la-recuperacion-de-bosque-nativo-en-la-region-de-los-lagos\/","name":"Fortalecen estrategias para la recuperaci\u00f3n de bosque nativo en la Regi\u00f3n de Los Lagos - Mundoagropecuario","isPartOf":{"@id":"https:\/\/www.mundoagropecuario.cl\/new\/#website"},"primaryImageOfPage":{"@id":"https:\/\/www.mundoagropecuario.cl\/new\/fortalecen-estrategias-para-la-recuperacion-de-bosque-nativo-en-la-region-de-los-lagos\/#primaryimage"},"image":{"@id":"https:\/\/www.mundoagropecuario.cl\/new\/fortalecen-estrategias-para-la-recuperacion-de-bosque-nativo-en-la-region-de-los-lagos\/#primaryimage"},"thumbnailUrl":"https:\/\/www.mundoagropecuario.cl\/new\/wp-content\/uploads\/2021\/01\/2-scaled.jpg","datePublished":"2021-01-12T15:50:27+00:00","dateModified":"2021-01-13T15:16:04+00:00","description":"Fortalecen estrategias para la recuperaci\u00f3n de bosque nativo en la Regi\u00f3n de Los Lagos, Seremi de Agricultura y director ejecutivo de CONAF","breadcrumb":{"@id":"https:\/\/www.mundoagropecuario.cl\/new\/fortalecen-estrategias-para-la-recuperacion-de-bosque-nativo-en-la-region-de-los-lagos\/#breadcrumb"},"inLanguage":"es","potentialAction":[{"@type":"ReadAction","target":["https:\/\/www.mundoagropecuario.cl\/new\/fortalecen-estrategias-para-la-recuperacion-de-bosque-nativo-en-la-region-de-los-lagos\/"]}]},{"@type":"ImageObject","inLanguage":"es","@id":"https:\/\/www.mundoagropecuario.cl\/new\/fortalecen-estrategias-para-la-recuperacion-de-bosque-nativo-en-la-region-de-los-lagos\/#primaryimage","url":"https:\/\/www.mundoagropecuario.cl\/new\/wp-content\/uploads\/2021\/01\/2-scaled.jpg","contentUrl":"https:\/\/www.mundoagropecuario.cl\/new\/wp-content\/uploads\/2021\/01\/2-scaled.jpg","width":533,"height":400},{"@type":"BreadcrumbList","@id":"https:\/\/www.mundoagropecuario.cl\/new\/fortalecen-estrategias-para-la-recuperacion-de-bosque-nativo-en-la-region-de-los-lagos\/#breadcrumb","itemListElement":[{"@type":"ListItem","position":1,"name":"Portada","item":"https:\/\/www.mundoagropecuario.cl\/new\/"},{"@type":"ListItem","position":2,"name":"Fortalecen estrategias para la recuperaci\u00f3n de bosque nativo en la Regi\u00f3n de Los Lagos"}]},{"@type":"WebSite","@id":"https:\/\/www.mundoagropecuario.cl\/new\/#website","url":"https:\/\/www.mundoagropecuario.cl\/new\/","name":"Mundoagropecuario","description":"Mundo Agropecuario","publisher":{"@id":"https:\/\/www.mundoagropecuario.cl\/new\/#organization"},"potentialAction":[{"@type":"SearchAction","target":{"@type":"EntryPoint","urlTemplate":"https:\/\/www.mundoagropecuario.cl\/new\/?s={search_term_string}"},"query-input":{"@type":"PropertyValueSpecification","valueRequired":true,"valueName":"search_term_string"}}],"inLanguage":"es"},{"@type":"Organization","@id":"https:\/\/www.mundoagropecuario.cl\/new\/#organization","name":"Revista de Agricultura","url":"https:\/\/www.mundoagropecuario.cl\/new\/","logo":{"@type":"ImageObject","inLanguage":"es","@id":"https:\/\/www.mundoagropecuario.cl\/new\/#\/schema\/logo\/image\/","url":"https:\/\/www.mundoagropecuario.cl\/new\/wp-content\/uploads\/2020\/11\/PORTAL-1-1.png","contentUrl":"https:\/\/www.mundoagropecuario.cl\/new\/wp-content\/uploads\/2020\/11\/PORTAL-1-1.png","width":1026,"height":100,"caption":"Revista de Agricultura"},"image":{"@id":"https:\/\/www.mundoagropecuario.cl\/new\/#\/schema\/logo\/image\/"},"sameAs":["https:\/\/www.facebook.com\/mundo.agropecuario.3","https:\/\/x.com\/MundoAgropecuar","https:\/\/www.linkedin.com\/in\/mundo-agropecuario-934009201\/"]},{"@type":"Person","@id":"https:\/\/www.mundoagropecuario.cl\/new\/#\/schema\/person\/4e9f74a82a7dac260eb1c44b7eebeb18","name":"mundo","url":"https:\/\/www.mundoagropecuario.cl\/new\/author\/mundo\/"}]}},"_links":{"self":[{"href":"https:\/\/www.mundoagropecuario.cl\/new\/wp-json\/wp\/v2\/posts\/17589","targetHints":{"allow":["GET"]}}],"collection":[{"href":"https:\/\/www.mundoagropecuario.cl\/new\/wp-json\/wp\/v2\/posts"}],"about":[{"href":"https:\/\/www.mundoagropecuario.cl\/new\/wp-json\/wp\/v2\/types\/post"}],"author":[{"embeddable":true,"href":"https:\/\/www.mundoagropecuario.cl\/new\/wp-json\/wp\/v2\/users\/2"}],"replies":[{"embeddable":true,"href":"https:\/\/www.mundoagropecuario.cl\/new\/wp-json\/wp\/v2\/comments?post=17589"}],"version-history":[{"count":1,"href":"https:\/\/www.mundoagropecuario.cl\/new\/wp-json\/wp\/v2\/posts\/17589\/revisions"}],"predecessor-version":[{"id":17592,"href":"https:\/\/www.mundoagropecuario.cl\/new\/wp-json\/wp\/v2\/posts\/17589\/revisions\/17592"}],"wp:featuredmedia":[{"embeddable":true,"href":"https:\/\/www.mundoagropecuario.cl\/new\/wp-json\/wp\/v2\/media\/17591"}],"wp:attachment":[{"href":"https:\/\/www.mundoagropecuario.cl\/new\/wp-json\/wp\/v2\/media?parent=17589"}],"wp:term":[{"taxonomy":"category","embeddable":true,"href":"https:\/\/www.mundoagropecuario.cl\/new\/wp-json\/wp\/v2\/categories?post=17589"},{"taxonomy":"post_tag","embeddable":true,"href":"https:\/\/www.mundoagropecuario.cl\/new\/wp-json\/wp\/v2\/tags?post=17589"}],"curies":[{"name":"wp","href":"https:\/\/api.w.org\/{rel}","templated":true}]}}