{"id":17549,"date":"2021-01-06T11:54:00","date_gmt":"2021-01-06T14:54:00","guid":{"rendered":"https:\/\/www.mundoagropecuario.cl\/new\/?p=17549"},"modified":"2021-01-08T12:37:42","modified_gmt":"2021-01-08T15:37:42","slug":"sag-los-rios-reitera-llamado-a-postular-al-programa-de-recuperacion-de-suelos-2021","status":"publish","type":"post","link":"https:\/\/www.mundoagropecuario.cl\/new\/sag-los-rios-reitera-llamado-a-postular-al-programa-de-recuperacion-de-suelos-2021\/","title":{"rendered":"SAG Los R\u00edos reitera llamado a postular al Programa de Recuperaci\u00f3n de Suelos 2021"},"content":{"rendered":"<h2><span style=\"color: #008000;\"><em>El Servicio Agr\u00edcola y Ganadero (SAG), recuerda a los agricultores y agricultoras, que este viernes 08 de enero, a las 14:00 horas, cierran las postulaciones al Concurso N\u00b0 1 de Operaci\u00f3n Temprana temporada 2021 del Programa de Recuperaci\u00f3n de Suelos Degradados (SIRSD-S) en la regi\u00f3n de Los R\u00edos.<\/em><\/span><\/h2>\n<p>\u201cPara esta temporada, el concurso lo abrimos el primero de septiembre del 2020, ajustando el concurso a los tiempos de las actividades agr\u00edcolas, para lograr una gesti\u00f3n agron\u00f3mica y financiera eficiente y eficaz en la Regi\u00f3n. Los resultados del concurso esperamos tenerlos disponibles la \u00faltima semana de febrero y los agricultores podr\u00e1n ejecutar las labores hasta el 30 de octubre de este a\u00f1o, quienes pueden optar al pago del incentivo mediante transferencia electr\u00f3nica, lo que hace m\u00e1s \u00e1gil la entrega de los recursos\u201d, explic\u00f3 el Director Regional del SAG, Jorge Oltra.<\/p>\n<blockquote>\n<h2><span style=\"color: #008000;\"><em>Este viernes 08 de enero, a las 14:00 horas, cierran las postulaciones al concurso de operaci\u00f3n temprana.<\/em><\/span><\/h2>\n<\/blockquote>\n<!--[if lt IE 9]><script>document.createElement('audio');<\/script><![endif]-->\n<audio class=\"wp-audio-shortcode\" id=\"audio-17549-1\" preload=\"none\" style=\"width: 100%;\" controls=\"controls\"><source type=\"audio\/mpeg\" src=\"https:\/\/www.mundoagropecuario.cl\/new\/wp-content\/uploads\/2021\/01\/Cun\u0303a-DR-SAG-Concurso-Prog.-Recuperacio\u0301n-de-Suelos.mp3?_=1\" \/><a href=\"https:\/\/www.mundoagropecuario.cl\/new\/wp-content\/uploads\/2021\/01\/Cun\u0303a-DR-SAG-Concurso-Prog.-Recuperacio\u0301n-de-Suelos.mp3\">https:\/\/www.mundoagropecuario.cl\/new\/wp-content\/uploads\/2021\/01\/Cun\u0303a-DR-SAG-Concurso-Prog.-Recuperacio\u0301n-de-Suelos.mp3<\/a><\/audio>\n<p>El SIRSD-S un beneficio que otorga el Estado para cofinanciar la ejecuci\u00f3n de planes de manejo con el objetivo de incentivar la recuperaci\u00f3n productiva de los suelos degradados. A este programa puede postular cualquier productor, tambi\u00e9n agricultores org\u00e1nicos y aquellos que est\u00e1n en transici\u00f3n, ya sea propietario, arrendatario, comodatario, usufructuario o mediero. Lo anterior, se debe realizar a trav\u00e9s de un operador acreditado, cuyo listado est\u00e1 disponible en <a href=\"http:\/\/www.sag.cl\">www.sag.cl<\/a>.<\/p>\n<p><a href=\"https:\/\/www.mundoagropecuario.cl\/new\/wp-content\/uploads\/2021\/01\/IMG_20200902_125540-scaled.jpg\"><img loading=\"lazy\" decoding=\"async\" class=\" wp-image-17550 alignright\" src=\"https:\/\/www.mundoagropecuario.cl\/new\/wp-content\/uploads\/2021\/01\/IMG_20200902_125540-586x440.jpg\" alt=\"\" width=\"380\" height=\"245\" \/><\/a>Este concurso permite postular a 19 pr\u00e1cticas a bonificar en Los R\u00edos, entre ellas aplicaci\u00f3n de fertilizantes de base fosforada, incorporaci\u00f3n de elementos qu\u00edmicos esenciales, establecimiento y regeneraci\u00f3n de praderas y el empleo de m\u00e9todos de intervenci\u00f3n del suelo, como aplicaciones de compost, guano rojo y roca fosf\u00f3rica. Es importante destacar la incorporaci\u00f3n de la Cero Labranza, lo cual se ajusta a los objetivos regionales de incentivar las pr\u00e1cticas de conservaci\u00f3n.<\/p>\n<p>Las bases del concurso Concurso N\u00b0 1 de Operaci\u00f3n Temprana temporada 2021 del Programa de Recuperaci\u00f3n de Suelos Degradados (SIRSD-S) est\u00e1n disponibles en las oficinas SAG en la regi\u00f3n de Los R\u00edos.<\/p>\n","protected":false},"excerpt":{"rendered":"<p>El Servicio Agr\u00edcola y Ganadero (SAG), recuerda a los agricultores y agricultoras, que este viernes 08 de enero, a las 14:00 horas, cierran las postulaciones al Concurso N\u00b0 1 de&#8230;<\/p>\n","protected":false},"author":2,"featured_media":17550,"comment_status":"closed","ping_status":"closed","sticky":false,"template":"","format":"standard","meta":{"footnotes":""},"categories":[1945],"tags":[2090,3127,1992,2035,5159,2036],"class_list":["post-17549","post","type-post","status-publish","format-standard","has-post-thumbnail","hentry","category-agricultura","tag-agricultura","tag-agro","tag-indap","tag-minagri","tag-recuperacion-de-suelos-2021","tag-sag"],"yoast_head":"<!-- This site is optimized with the Yoast SEO plugin v26.6 - https:\/\/yoast.com\/wordpress\/plugins\/seo\/ -->\n<title>SAG Los R\u00edos reitera llamado a postular al Programa de Recuperaci\u00f3n de Suelos 2021 - Mundoagropecuario<\/title>\n<meta name=\"description\" content=\"SAG Los R\u00edos reitera llamado a postular al Programa de Recuperaci\u00f3n de Suelos 2021, El Servicio Agr\u00edcola y Ganadero\" \/>\n<meta name=\"robots\" content=\"index, follow, max-snippet:-1, max-image-preview:large, max-video-preview:-1\" \/>\n<link rel=\"canonical\" href=\"https:\/\/www.mundoagropecuario.cl\/new\/sag-los-rios-reitera-llamado-a-postular-al-programa-de-recuperacion-de-suelos-2021\/\" \/>\n<meta property=\"og:locale\" content=\"es_ES\" \/>\n<meta property=\"og:type\" content=\"article\" \/>\n<meta property=\"og:title\" content=\"SAG Los R\u00edos reitera llamado a postular al Programa de Recuperaci\u00f3n de Suelos 2021 - Mundoagropecuario\" \/>\n<meta property=\"og:description\" content=\"SAG Los R\u00edos reitera llamado a postular al Programa de Recuperaci\u00f3n de Suelos 2021, El Servicio Agr\u00edcola y Ganadero\" \/>\n<meta property=\"og:url\" content=\"https:\/\/www.mundoagropecuario.cl\/new\/sag-los-rios-reitera-llamado-a-postular-al-programa-de-recuperacion-de-suelos-2021\/\" \/>\n<meta property=\"og:site_name\" content=\"Mundoagropecuario\" \/>\n<meta property=\"article:publisher\" content=\"https:\/\/www.facebook.com\/mundo.agropecuario.3\" \/>\n<meta property=\"article:published_time\" content=\"2021-01-06T14:54:00+00:00\" \/>\n<meta property=\"article:modified_time\" content=\"2021-01-08T15:37:42+00:00\" \/>\n<meta property=\"og:image\" content=\"https:\/\/www.mundoagropecuario.cl\/new\/wp-content\/uploads\/2021\/01\/IMG_20200902_125540-scaled.jpg\" \/>\n\t<meta property=\"og:image:width\" content=\"1024\" \/>\n\t<meta property=\"og:image:height\" content=\"768\" \/>\n\t<meta property=\"og:image:type\" content=\"image\/jpeg\" \/>\n<meta name=\"author\" content=\"mundo\" \/>\n<meta name=\"twitter:card\" content=\"summary_large_image\" \/>\n<meta name=\"twitter:creator\" content=\"@MundoAgropecuar\" \/>\n<meta name=\"twitter:site\" content=\"@MundoAgropecuar\" \/>\n<meta name=\"twitter:label1\" content=\"Escrito por\" \/>\n\t<meta name=\"twitter:data1\" content=\"mundo\" \/>\n\t<meta name=\"twitter:label2\" content=\"Tiempo de lectura\" \/>\n\t<meta name=\"twitter:data2\" content=\"2 minutos\" \/>\n<script type=\"application\/ld+json\" class=\"yoast-schema-graph\">{\"@context\":\"https:\/\/schema.org\",\"@graph\":[{\"@type\":\"Article\",\"@id\":\"https:\/\/www.mundoagropecuario.cl\/new\/sag-los-rios-reitera-llamado-a-postular-al-programa-de-recuperacion-de-suelos-2021\/#article\",\"isPartOf\":{\"@id\":\"https:\/\/www.mundoagropecuario.cl\/new\/sag-los-rios-reitera-llamado-a-postular-al-programa-de-recuperacion-de-suelos-2021\/\"},\"author\":{\"name\":\"mundo\",\"@id\":\"https:\/\/www.mundoagropecuario.cl\/new\/#\/schema\/person\/4e9f74a82a7dac260eb1c44b7eebeb18\"},\"headline\":\"SAG Los R\u00edos reitera llamado a postular al Programa de Recuperaci\u00f3n de Suelos 2021\",\"datePublished\":\"2021-01-06T14:54:00+00:00\",\"dateModified\":\"2021-01-08T15:37:42+00:00\",\"mainEntityOfPage\":{\"@id\":\"https:\/\/www.mundoagropecuario.cl\/new\/sag-los-rios-reitera-llamado-a-postular-al-programa-de-recuperacion-de-suelos-2021\/\"},\"wordCount\":387,\"publisher\":{\"@id\":\"https:\/\/www.mundoagropecuario.cl\/new\/#organization\"},\"image\":{\"@id\":\"https:\/\/www.mundoagropecuario.cl\/new\/sag-los-rios-reitera-llamado-a-postular-al-programa-de-recuperacion-de-suelos-2021\/#primaryimage\"},\"thumbnailUrl\":\"https:\/\/www.mundoagropecuario.cl\/new\/wp-content\/uploads\/2021\/01\/IMG_20200902_125540-scaled.jpg\",\"keywords\":[\"Agricultura\",\"Agro\",\"Indap\",\"Minagri\",\"Recuperaci\u00f3n de Suelos 2021\",\"SAG\"],\"articleSection\":[\"Agricultura\"],\"inLanguage\":\"es\"},{\"@type\":\"WebPage\",\"@id\":\"https:\/\/www.mundoagropecuario.cl\/new\/sag-los-rios-reitera-llamado-a-postular-al-programa-de-recuperacion-de-suelos-2021\/\",\"url\":\"https:\/\/www.mundoagropecuario.cl\/new\/sag-los-rios-reitera-llamado-a-postular-al-programa-de-recuperacion-de-suelos-2021\/\",\"name\":\"SAG Los R\u00edos reitera llamado a postular al Programa de Recuperaci\u00f3n de Suelos 2021 - Mundoagropecuario\",\"isPartOf\":{\"@id\":\"https:\/\/www.mundoagropecuario.cl\/new\/#website\"},\"primaryImageOfPage\":{\"@id\":\"https:\/\/www.mundoagropecuario.cl\/new\/sag-los-rios-reitera-llamado-a-postular-al-programa-de-recuperacion-de-suelos-2021\/#primaryimage\"},\"image\":{\"@id\":\"https:\/\/www.mundoagropecuario.cl\/new\/sag-los-rios-reitera-llamado-a-postular-al-programa-de-recuperacion-de-suelos-2021\/#primaryimage\"},\"thumbnailUrl\":\"https:\/\/www.mundoagropecuario.cl\/new\/wp-content\/uploads\/2021\/01\/IMG_20200902_125540-scaled.jpg\",\"datePublished\":\"2021-01-06T14:54:00+00:00\",\"dateModified\":\"2021-01-08T15:37:42+00:00\",\"description\":\"SAG Los R\u00edos reitera llamado a postular al Programa de Recuperaci\u00f3n de Suelos 2021, El Servicio Agr\u00edcola y Ganadero\",\"breadcrumb\":{\"@id\":\"https:\/\/www.mundoagropecuario.cl\/new\/sag-los-rios-reitera-llamado-a-postular-al-programa-de-recuperacion-de-suelos-2021\/#breadcrumb\"},\"inLanguage\":\"es\",\"potentialAction\":[{\"@type\":\"ReadAction\",\"target\":[\"https:\/\/www.mundoagropecuario.cl\/new\/sag-los-rios-reitera-llamado-a-postular-al-programa-de-recuperacion-de-suelos-2021\/\"]}]},{\"@type\":\"ImageObject\",\"inLanguage\":\"es\",\"@id\":\"https:\/\/www.mundoagropecuario.cl\/new\/sag-los-rios-reitera-llamado-a-postular-al-programa-de-recuperacion-de-suelos-2021\/#primaryimage\",\"url\":\"https:\/\/www.mundoagropecuario.cl\/new\/wp-content\/uploads\/2021\/01\/IMG_20200902_125540-scaled.jpg\",\"contentUrl\":\"https:\/\/www.mundoagropecuario.cl\/new\/wp-content\/uploads\/2021\/01\/IMG_20200902_125540-scaled.jpg\",\"width\":533,\"height\":400},{\"@type\":\"BreadcrumbList\",\"@id\":\"https:\/\/www.mundoagropecuario.cl\/new\/sag-los-rios-reitera-llamado-a-postular-al-programa-de-recuperacion-de-suelos-2021\/#breadcrumb\",\"itemListElement\":[{\"@type\":\"ListItem\",\"position\":1,\"name\":\"Portada\",\"item\":\"https:\/\/www.mundoagropecuario.cl\/new\/\"},{\"@type\":\"ListItem\",\"position\":2,\"name\":\"SAG Los R\u00edos reitera llamado a postular al Programa de Recuperaci\u00f3n de Suelos 2021\"}]},{\"@type\":\"WebSite\",\"@id\":\"https:\/\/www.mundoagropecuario.cl\/new\/#website\",\"url\":\"https:\/\/www.mundoagropecuario.cl\/new\/\",\"name\":\"Mundoagropecuario\",\"description\":\"Mundo Agropecuario\",\"publisher\":{\"@id\":\"https:\/\/www.mundoagropecuario.cl\/new\/#organization\"},\"potentialAction\":[{\"@type\":\"SearchAction\",\"target\":{\"@type\":\"EntryPoint\",\"urlTemplate\":\"https:\/\/www.mundoagropecuario.cl\/new\/?s={search_term_string}\"},\"query-input\":{\"@type\":\"PropertyValueSpecification\",\"valueRequired\":true,\"valueName\":\"search_term_string\"}}],\"inLanguage\":\"es\"},{\"@type\":\"Organization\",\"@id\":\"https:\/\/www.mundoagropecuario.cl\/new\/#organization\",\"name\":\"Revista de Agricultura\",\"url\":\"https:\/\/www.mundoagropecuario.cl\/new\/\",\"logo\":{\"@type\":\"ImageObject\",\"inLanguage\":\"es\",\"@id\":\"https:\/\/www.mundoagropecuario.cl\/new\/#\/schema\/logo\/image\/\",\"url\":\"https:\/\/www.mundoagropecuario.cl\/new\/wp-content\/uploads\/2020\/11\/PORTAL-1-1.png\",\"contentUrl\":\"https:\/\/www.mundoagropecuario.cl\/new\/wp-content\/uploads\/2020\/11\/PORTAL-1-1.png\",\"width\":1026,\"height\":100,\"caption\":\"Revista de Agricultura\"},\"image\":{\"@id\":\"https:\/\/www.mundoagropecuario.cl\/new\/#\/schema\/logo\/image\/\"},\"sameAs\":[\"https:\/\/www.facebook.com\/mundo.agropecuario.3\",\"https:\/\/x.com\/MundoAgropecuar\",\"https:\/\/www.linkedin.com\/in\/mundo-agropecuario-934009201\/\"]},{\"@type\":\"Person\",\"@id\":\"https:\/\/www.mundoagropecuario.cl\/new\/#\/schema\/person\/4e9f74a82a7dac260eb1c44b7eebeb18\",\"name\":\"mundo\",\"url\":\"https:\/\/www.mundoagropecuario.cl\/new\/author\/mundo\/\"}]}<\/script>\n<!-- \/ Yoast SEO plugin. -->","yoast_head_json":{"title":"SAG Los R\u00edos reitera llamado a postular al Programa de Recuperaci\u00f3n de Suelos 2021 - Mundoagropecuario","description":"SAG Los R\u00edos reitera llamado a postular al Programa de Recuperaci\u00f3n de Suelos 2021, El Servicio Agr\u00edcola y Ganadero","robots":{"index":"index","follow":"follow","max-snippet":"max-snippet:-1","max-image-preview":"max-image-preview:large","max-video-preview":"max-video-preview:-1"},"canonical":"https:\/\/www.mundoagropecuario.cl\/new\/sag-los-rios-reitera-llamado-a-postular-al-programa-de-recuperacion-de-suelos-2021\/","og_locale":"es_ES","og_type":"article","og_title":"SAG Los R\u00edos reitera llamado a postular al Programa de Recuperaci\u00f3n de Suelos 2021 - Mundoagropecuario","og_description":"SAG Los R\u00edos reitera llamado a postular al Programa de Recuperaci\u00f3n de Suelos 2021, El Servicio Agr\u00edcola y Ganadero","og_url":"https:\/\/www.mundoagropecuario.cl\/new\/sag-los-rios-reitera-llamado-a-postular-al-programa-de-recuperacion-de-suelos-2021\/","og_site_name":"Mundoagropecuario","article_publisher":"https:\/\/www.facebook.com\/mundo.agropecuario.3","article_published_time":"2021-01-06T14:54:00+00:00","article_modified_time":"2021-01-08T15:37:42+00:00","og_image":[{"width":1024,"height":768,"url":"https:\/\/www.mundoagropecuario.cl\/new\/wp-content\/uploads\/2021\/01\/IMG_20200902_125540-scaled.jpg","type":"image\/jpeg"}],"author":"mundo","twitter_card":"summary_large_image","twitter_creator":"@MundoAgropecuar","twitter_site":"@MundoAgropecuar","twitter_misc":{"Escrito por":"mundo","Tiempo de lectura":"2 minutos"},"schema":{"@context":"https:\/\/schema.org","@graph":[{"@type":"Article","@id":"https:\/\/www.mundoagropecuario.cl\/new\/sag-los-rios-reitera-llamado-a-postular-al-programa-de-recuperacion-de-suelos-2021\/#article","isPartOf":{"@id":"https:\/\/www.mundoagropecuario.cl\/new\/sag-los-rios-reitera-llamado-a-postular-al-programa-de-recuperacion-de-suelos-2021\/"},"author":{"name":"mundo","@id":"https:\/\/www.mundoagropecuario.cl\/new\/#\/schema\/person\/4e9f74a82a7dac260eb1c44b7eebeb18"},"headline":"SAG Los R\u00edos reitera llamado a postular al Programa de Recuperaci\u00f3n de Suelos 2021","datePublished":"2021-01-06T14:54:00+00:00","dateModified":"2021-01-08T15:37:42+00:00","mainEntityOfPage":{"@id":"https:\/\/www.mundoagropecuario.cl\/new\/sag-los-rios-reitera-llamado-a-postular-al-programa-de-recuperacion-de-suelos-2021\/"},"wordCount":387,"publisher":{"@id":"https:\/\/www.mundoagropecuario.cl\/new\/#organization"},"image":{"@id":"https:\/\/www.mundoagropecuario.cl\/new\/sag-los-rios-reitera-llamado-a-postular-al-programa-de-recuperacion-de-suelos-2021\/#primaryimage"},"thumbnailUrl":"https:\/\/www.mundoagropecuario.cl\/new\/wp-content\/uploads\/2021\/01\/IMG_20200902_125540-scaled.jpg","keywords":["Agricultura","Agro","Indap","Minagri","Recuperaci\u00f3n de Suelos 2021","SAG"],"articleSection":["Agricultura"],"inLanguage":"es"},{"@type":"WebPage","@id":"https:\/\/www.mundoagropecuario.cl\/new\/sag-los-rios-reitera-llamado-a-postular-al-programa-de-recuperacion-de-suelos-2021\/","url":"https:\/\/www.mundoagropecuario.cl\/new\/sag-los-rios-reitera-llamado-a-postular-al-programa-de-recuperacion-de-suelos-2021\/","name":"SAG Los R\u00edos reitera llamado a postular al Programa de Recuperaci\u00f3n de Suelos 2021 - Mundoagropecuario","isPartOf":{"@id":"https:\/\/www.mundoagropecuario.cl\/new\/#website"},"primaryImageOfPage":{"@id":"https:\/\/www.mundoagropecuario.cl\/new\/sag-los-rios-reitera-llamado-a-postular-al-programa-de-recuperacion-de-suelos-2021\/#primaryimage"},"image":{"@id":"https:\/\/www.mundoagropecuario.cl\/new\/sag-los-rios-reitera-llamado-a-postular-al-programa-de-recuperacion-de-suelos-2021\/#primaryimage"},"thumbnailUrl":"https:\/\/www.mundoagropecuario.cl\/new\/wp-content\/uploads\/2021\/01\/IMG_20200902_125540-scaled.jpg","datePublished":"2021-01-06T14:54:00+00:00","dateModified":"2021-01-08T15:37:42+00:00","description":"SAG Los R\u00edos reitera llamado a postular al Programa de Recuperaci\u00f3n de Suelos 2021, El Servicio Agr\u00edcola y Ganadero","breadcrumb":{"@id":"https:\/\/www.mundoagropecuario.cl\/new\/sag-los-rios-reitera-llamado-a-postular-al-programa-de-recuperacion-de-suelos-2021\/#breadcrumb"},"inLanguage":"es","potentialAction":[{"@type":"ReadAction","target":["https:\/\/www.mundoagropecuario.cl\/new\/sag-los-rios-reitera-llamado-a-postular-al-programa-de-recuperacion-de-suelos-2021\/"]}]},{"@type":"ImageObject","inLanguage":"es","@id":"https:\/\/www.mundoagropecuario.cl\/new\/sag-los-rios-reitera-llamado-a-postular-al-programa-de-recuperacion-de-suelos-2021\/#primaryimage","url":"https:\/\/www.mundoagropecuario.cl\/new\/wp-content\/uploads\/2021\/01\/IMG_20200902_125540-scaled.jpg","contentUrl":"https:\/\/www.mundoagropecuario.cl\/new\/wp-content\/uploads\/2021\/01\/IMG_20200902_125540-scaled.jpg","width":533,"height":400},{"@type":"BreadcrumbList","@id":"https:\/\/www.mundoagropecuario.cl\/new\/sag-los-rios-reitera-llamado-a-postular-al-programa-de-recuperacion-de-suelos-2021\/#breadcrumb","itemListElement":[{"@type":"ListItem","position":1,"name":"Portada","item":"https:\/\/www.mundoagropecuario.cl\/new\/"},{"@type":"ListItem","position":2,"name":"SAG Los R\u00edos reitera llamado a postular al Programa de Recuperaci\u00f3n de Suelos 2021"}]},{"@type":"WebSite","@id":"https:\/\/www.mundoagropecuario.cl\/new\/#website","url":"https:\/\/www.mundoagropecuario.cl\/new\/","name":"Mundoagropecuario","description":"Mundo Agropecuario","publisher":{"@id":"https:\/\/www.mundoagropecuario.cl\/new\/#organization"},"potentialAction":[{"@type":"SearchAction","target":{"@type":"EntryPoint","urlTemplate":"https:\/\/www.mundoagropecuario.cl\/new\/?s={search_term_string}"},"query-input":{"@type":"PropertyValueSpecification","valueRequired":true,"valueName":"search_term_string"}}],"inLanguage":"es"},{"@type":"Organization","@id":"https:\/\/www.mundoagropecuario.cl\/new\/#organization","name":"Revista de Agricultura","url":"https:\/\/www.mundoagropecuario.cl\/new\/","logo":{"@type":"ImageObject","inLanguage":"es","@id":"https:\/\/www.mundoagropecuario.cl\/new\/#\/schema\/logo\/image\/","url":"https:\/\/www.mundoagropecuario.cl\/new\/wp-content\/uploads\/2020\/11\/PORTAL-1-1.png","contentUrl":"https:\/\/www.mundoagropecuario.cl\/new\/wp-content\/uploads\/2020\/11\/PORTAL-1-1.png","width":1026,"height":100,"caption":"Revista de Agricultura"},"image":{"@id":"https:\/\/www.mundoagropecuario.cl\/new\/#\/schema\/logo\/image\/"},"sameAs":["https:\/\/www.facebook.com\/mundo.agropecuario.3","https:\/\/x.com\/MundoAgropecuar","https:\/\/www.linkedin.com\/in\/mundo-agropecuario-934009201\/"]},{"@type":"Person","@id":"https:\/\/www.mundoagropecuario.cl\/new\/#\/schema\/person\/4e9f74a82a7dac260eb1c44b7eebeb18","name":"mundo","url":"https:\/\/www.mundoagropecuario.cl\/new\/author\/mundo\/"}]}},"_links":{"self":[{"href":"https:\/\/www.mundoagropecuario.cl\/new\/wp-json\/wp\/v2\/posts\/17549","targetHints":{"allow":["GET"]}}],"collection":[{"href":"https:\/\/www.mundoagropecuario.cl\/new\/wp-json\/wp\/v2\/posts"}],"about":[{"href":"https:\/\/www.mundoagropecuario.cl\/new\/wp-json\/wp\/v2\/types\/post"}],"author":[{"embeddable":true,"href":"https:\/\/www.mundoagropecuario.cl\/new\/wp-json\/wp\/v2\/users\/2"}],"replies":[{"embeddable":true,"href":"https:\/\/www.mundoagropecuario.cl\/new\/wp-json\/wp\/v2\/comments?post=17549"}],"version-history":[{"count":1,"href":"https:\/\/www.mundoagropecuario.cl\/new\/wp-json\/wp\/v2\/posts\/17549\/revisions"}],"predecessor-version":[{"id":17552,"href":"https:\/\/www.mundoagropecuario.cl\/new\/wp-json\/wp\/v2\/posts\/17549\/revisions\/17552"}],"wp:featuredmedia":[{"embeddable":true,"href":"https:\/\/www.mundoagropecuario.cl\/new\/wp-json\/wp\/v2\/media\/17550"}],"wp:attachment":[{"href":"https:\/\/www.mundoagropecuario.cl\/new\/wp-json\/wp\/v2\/media?parent=17549"}],"wp:term":[{"taxonomy":"category","embeddable":true,"href":"https:\/\/www.mundoagropecuario.cl\/new\/wp-json\/wp\/v2\/categories?post=17549"},{"taxonomy":"post_tag","embeddable":true,"href":"https:\/\/www.mundoagropecuario.cl\/new\/wp-json\/wp\/v2\/tags?post=17549"}],"curies":[{"name":"wp","href":"https:\/\/api.w.org\/{rel}","templated":true}]}}