{"id":17524,"date":"2021-01-05T12:46:44","date_gmt":"2021-01-05T15:46:44","guid":{"rendered":"https:\/\/www.mundoagropecuario.cl\/new\/?p=17524"},"modified":"2021-01-06T11:45:09","modified_gmt":"2021-01-06T14:45:09","slug":"sag-pone-fin-a-trabajos-por-brote-de-mosca-de-la-fruta-tras-erradicarla-de-villa-alemana","status":"publish","type":"post","link":"https:\/\/www.mundoagropecuario.cl\/new\/sag-pone-fin-a-trabajos-por-brote-de-mosca-de-la-fruta-tras-erradicarla-de-villa-alemana\/","title":{"rendered":"SAG pone fin a trabajos por brote de mosca de la fruta tras erradicarla de Villa Alemana"},"content":{"rendered":"<h2><em><span style=\"color: #008000;\">Servicio Agr\u00edcola y Ganadero utiliz\u00f3 como principal herramienta de control la T\u00e9cnica de Insectos Est\u00e9riles.<\/span><\/em><\/h2>\n<p>El Servicio Agr\u00edcola y Ganadero de la Regi\u00f3n de Valpara\u00edso dio por finalizada la campa\u00f1a de mosca de la fruta (Ceratitis capitata) en la ciudad de Villa Alemana, trabajo que se desarroll\u00f3 en plena pandemia por Covid-19, utilizando como principal herramienta de control la T\u00e9cnica del Insecto Est\u00e9ril (TIE), lo cual permiti\u00f3 erradicar de manera exitosa la plaga en 8 meses de intensa labor.<\/p>\n<p><a href=\"https:\/\/www.mundoagropecuario.cl\/new\/wp-content\/uploads\/2020\/12\/moscaalasmanchadas-e1607627777269.png\"><img loading=\"lazy\" decoding=\"async\" class=\"size-full wp-image-17247 alignright\" src=\"https:\/\/www.mundoagropecuario.cl\/new\/wp-content\/uploads\/2020\/12\/moscaalasmanchadas-e1607627777269.png\" alt=\"\" width=\"441\" height=\"240\" \/><\/a>Fue en marzo de 2020 cuando se detectaron cuatro ejemplares de esta plaga ausente en el pa\u00eds en ese sector de la regi\u00f3n de Valpara\u00edso, ante lo cual el SAG activ\u00f3 oportunamente un protocolo de acciones para controlar y erradicar el brote.<\/p>\n<p>La novedad que tuvo esta campa\u00f1a para la regi\u00f3n fue el trabajo con la T\u00e9cnica del Insecto Est\u00e9ril, a trav\u00e9s de la cual se liberan machos est\u00e9riles de Ceratitis capitata para que compitan con los ejemplares silvestres de la plaga, copulen con hembras f\u00e9rtiles y se interrumpa el ciclo de reproducci\u00f3n. Se trata de un m\u00e9todo de control menos invasivo, limpio y que el Servicio ha aplicado con \u00e9xito en otros episodios de la plaga, como por ejemplo en la Regi\u00f3n Metropolitana, y que tambi\u00e9n se puede utilizar en forma preventiva para evitar eventuales brotes de la mosca.<\/p>\n<blockquote>\n<h2><span style=\"color: #008000;\">El Director Nacional del SAG, Horacio B\u00f3rquez Conti, explic\u00f3 que \u201cen el marco de la pandemia provocada por el Covid\u2013 19, tras los an\u00e1lisis t\u00e9cnicos la TIE fue la mejor opci\u00f3n que tuvimos, porque contribuy\u00f3 a cortar de manera ecol\u00f3gica el ciclo reproductivo de la plaga, y al mismo tiempo restringi\u00f3 al m\u00ednimo el contacto de nuestros funcionarios con los vecinos, para seguridad de todos\u201d.<\/span><\/h2>\n<\/blockquote>\n<p>Entre los beneficios que tiene la TIE est\u00e1n el que es un control ecol\u00f3gico que no altera las rutinas de quienes viven en el sector, no conlleva ning\u00fan riesgo para la salud de personas, plantas ni animales. Por eso fue de vital importancia que la ciudadan\u00eda no manipulara las bolsas de papel kraft que en su interior conten\u00edan las moscas est\u00e9riles, y que se colgaron en los \u00e1rboles de distintos sectores de Villa Alemana.<\/p>\n<p><a href=\"https:\/\/www.mundoagropecuario.cl\/new\/wp-content\/uploads\/2021\/01\/Moscadelafruta.jpg\"><img loading=\"lazy\" decoding=\"async\" class=\" wp-image-17525 aligncenter\" src=\"https:\/\/www.mundoagropecuario.cl\/new\/wp-content\/uploads\/2021\/01\/Moscadelafruta-586x225.jpg\" alt=\"\" width=\"796\" height=\"280\" \/><\/a><\/p>\n<p>El Director Regional del SAG Regi\u00f3n de Valpara\u00edso, Leonidas Valdivieso Sotomayor, destac\u00f3 que \u201cparte importante del \u00e9xito de esta erradicaci\u00f3n correspondi\u00f3 al desempe\u00f1o de nuestros funcionarios que trabajaron sin descanso pese a la incertidumbre generada por la pandemia, y por supuesto a la comunidad de Villa Alemana, que colabor\u00f3 en todo momento con el Servicio\u201d.<\/p>\n<p>Otras acciones desarrolladas en el marco de la campa\u00f1a fueron el muestreo de fruta; la instalaci\u00f3n de trampas en cada punto de detecci\u00f3n donde exist\u00edan hospederos de la Mosca del Mediterr\u00e1neo; tratamiento de suelos en las propiedades positivas; aplicaci\u00f3n localizada de un cebo alimenticio espec\u00edfico y actividades de difusi\u00f3n informativas en los domicilios.<\/p>\n","protected":false},"excerpt":{"rendered":"<p>Servicio Agr\u00edcola y Ganadero utiliz\u00f3 como principal herramienta de control la T\u00e9cnica de Insectos Est\u00e9riles. El Servicio Agr\u00edcola y Ganadero de la Regi\u00f3n de Valpara\u00edso dio por finalizada la campa\u00f1a&#8230;<\/p>\n","protected":false},"author":2,"featured_media":10777,"comment_status":"closed","ping_status":"closed","sticky":false,"template":"","format":"standard","meta":{"footnotes":""},"categories":[1986],"tags":[4697,1992,2035,3338,2036,2585],"class_list":["post-17524","post","type-post","status-publish","format-standard","has-post-thumbnail","hentry","category-frutas","tag-horacio-borquez-conti","tag-indap","tag-minagri","tag-mosca-de-la-fruta","tag-sag","tag-servicio-agricola-y-ganadero"],"yoast_head":"<!-- This site is optimized with the Yoast SEO plugin v26.6 - https:\/\/yoast.com\/wordpress\/plugins\/seo\/ -->\n<title>SAG pone fin a trabajos por brote de mosca de la fruta tras erradicarla de Villa Alemana - Mundoagropecuario<\/title>\n<meta name=\"description\" content=\"SAG pone fin a trabajos por brote de mosca de la fruta tras erradicarla de Villa Alemana, Servicio Agr\u00edcola y Ganadero\" \/>\n<meta name=\"robots\" content=\"index, follow, max-snippet:-1, max-image-preview:large, max-video-preview:-1\" \/>\n<link rel=\"canonical\" href=\"https:\/\/www.mundoagropecuario.cl\/new\/sag-pone-fin-a-trabajos-por-brote-de-mosca-de-la-fruta-tras-erradicarla-de-villa-alemana\/\" \/>\n<meta property=\"og:locale\" content=\"es_ES\" \/>\n<meta property=\"og:type\" content=\"article\" \/>\n<meta property=\"og:title\" content=\"SAG pone fin a trabajos por brote de mosca de la fruta tras erradicarla de Villa Alemana - Mundoagropecuario\" \/>\n<meta property=\"og:description\" content=\"SAG pone fin a trabajos por brote de mosca de la fruta tras erradicarla de Villa Alemana, Servicio Agr\u00edcola y Ganadero\" \/>\n<meta property=\"og:url\" content=\"https:\/\/www.mundoagropecuario.cl\/new\/sag-pone-fin-a-trabajos-por-brote-de-mosca-de-la-fruta-tras-erradicarla-de-villa-alemana\/\" \/>\n<meta property=\"og:site_name\" content=\"Mundoagropecuario\" \/>\n<meta property=\"article:publisher\" content=\"https:\/\/www.facebook.com\/mundo.agropecuario.3\" \/>\n<meta property=\"article:published_time\" content=\"2021-01-05T15:46:44+00:00\" \/>\n<meta property=\"article:modified_time\" content=\"2021-01-06T14:45:09+00:00\" \/>\n<meta property=\"og:image\" content=\"https:\/\/www.mundoagropecuario.cl\/new\/wp-content\/uploads\/2019\/03\/mosca-de-la-fruta.jpg\" \/>\n\t<meta property=\"og:image:width\" content=\"708\" \/>\n\t<meta property=\"og:image:height\" content=\"532\" \/>\n\t<meta property=\"og:image:type\" content=\"image\/jpeg\" \/>\n<meta name=\"author\" content=\"mundo\" \/>\n<meta name=\"twitter:card\" content=\"summary_large_image\" \/>\n<meta name=\"twitter:creator\" content=\"@MundoAgropecuar\" \/>\n<meta name=\"twitter:site\" content=\"@MundoAgropecuar\" \/>\n<meta name=\"twitter:label1\" content=\"Escrito por\" \/>\n\t<meta name=\"twitter:data1\" content=\"mundo\" \/>\n\t<meta name=\"twitter:label2\" content=\"Tiempo de lectura\" \/>\n\t<meta name=\"twitter:data2\" content=\"3 minutos\" \/>\n<script type=\"application\/ld+json\" class=\"yoast-schema-graph\">{\"@context\":\"https:\/\/schema.org\",\"@graph\":[{\"@type\":\"Article\",\"@id\":\"https:\/\/www.mundoagropecuario.cl\/new\/sag-pone-fin-a-trabajos-por-brote-de-mosca-de-la-fruta-tras-erradicarla-de-villa-alemana\/#article\",\"isPartOf\":{\"@id\":\"https:\/\/www.mundoagropecuario.cl\/new\/sag-pone-fin-a-trabajos-por-brote-de-mosca-de-la-fruta-tras-erradicarla-de-villa-alemana\/\"},\"author\":{\"name\":\"mundo\",\"@id\":\"https:\/\/www.mundoagropecuario.cl\/new\/#\/schema\/person\/4e9f74a82a7dac260eb1c44b7eebeb18\"},\"headline\":\"SAG pone fin a trabajos por brote de mosca de la fruta tras erradicarla de Villa Alemana\",\"datePublished\":\"2021-01-05T15:46:44+00:00\",\"dateModified\":\"2021-01-06T14:45:09+00:00\",\"mainEntityOfPage\":{\"@id\":\"https:\/\/www.mundoagropecuario.cl\/new\/sag-pone-fin-a-trabajos-por-brote-de-mosca-de-la-fruta-tras-erradicarla-de-villa-alemana\/\"},\"wordCount\":527,\"publisher\":{\"@id\":\"https:\/\/www.mundoagropecuario.cl\/new\/#organization\"},\"image\":{\"@id\":\"https:\/\/www.mundoagropecuario.cl\/new\/sag-pone-fin-a-trabajos-por-brote-de-mosca-de-la-fruta-tras-erradicarla-de-villa-alemana\/#primaryimage\"},\"thumbnailUrl\":\"https:\/\/www.mundoagropecuario.cl\/new\/wp-content\/uploads\/2019\/03\/mosca-de-la-fruta.jpg\",\"keywords\":[\"Horacio B\u00f3rquez Conti\",\"Indap\",\"Minagri\",\"mosca de la fruta\",\"SAG\",\"Servicio Agr\u00edcola y Ganadero\"],\"articleSection\":[\"Frutas\"],\"inLanguage\":\"es\"},{\"@type\":\"WebPage\",\"@id\":\"https:\/\/www.mundoagropecuario.cl\/new\/sag-pone-fin-a-trabajos-por-brote-de-mosca-de-la-fruta-tras-erradicarla-de-villa-alemana\/\",\"url\":\"https:\/\/www.mundoagropecuario.cl\/new\/sag-pone-fin-a-trabajos-por-brote-de-mosca-de-la-fruta-tras-erradicarla-de-villa-alemana\/\",\"name\":\"SAG pone fin a trabajos por brote de mosca de la fruta tras erradicarla de Villa Alemana - Mundoagropecuario\",\"isPartOf\":{\"@id\":\"https:\/\/www.mundoagropecuario.cl\/new\/#website\"},\"primaryImageOfPage\":{\"@id\":\"https:\/\/www.mundoagropecuario.cl\/new\/sag-pone-fin-a-trabajos-por-brote-de-mosca-de-la-fruta-tras-erradicarla-de-villa-alemana\/#primaryimage\"},\"image\":{\"@id\":\"https:\/\/www.mundoagropecuario.cl\/new\/sag-pone-fin-a-trabajos-por-brote-de-mosca-de-la-fruta-tras-erradicarla-de-villa-alemana\/#primaryimage\"},\"thumbnailUrl\":\"https:\/\/www.mundoagropecuario.cl\/new\/wp-content\/uploads\/2019\/03\/mosca-de-la-fruta.jpg\",\"datePublished\":\"2021-01-05T15:46:44+00:00\",\"dateModified\":\"2021-01-06T14:45:09+00:00\",\"description\":\"SAG pone fin a trabajos por brote de mosca de la fruta tras erradicarla de Villa Alemana, Servicio Agr\u00edcola y Ganadero\",\"breadcrumb\":{\"@id\":\"https:\/\/www.mundoagropecuario.cl\/new\/sag-pone-fin-a-trabajos-por-brote-de-mosca-de-la-fruta-tras-erradicarla-de-villa-alemana\/#breadcrumb\"},\"inLanguage\":\"es\",\"potentialAction\":[{\"@type\":\"ReadAction\",\"target\":[\"https:\/\/www.mundoagropecuario.cl\/new\/sag-pone-fin-a-trabajos-por-brote-de-mosca-de-la-fruta-tras-erradicarla-de-villa-alemana\/\"]}]},{\"@type\":\"ImageObject\",\"inLanguage\":\"es\",\"@id\":\"https:\/\/www.mundoagropecuario.cl\/new\/sag-pone-fin-a-trabajos-por-brote-de-mosca-de-la-fruta-tras-erradicarla-de-villa-alemana\/#primaryimage\",\"url\":\"https:\/\/www.mundoagropecuario.cl\/new\/wp-content\/uploads\/2019\/03\/mosca-de-la-fruta.jpg\",\"contentUrl\":\"https:\/\/www.mundoagropecuario.cl\/new\/wp-content\/uploads\/2019\/03\/mosca-de-la-fruta.jpg\",\"width\":532,\"height\":400},{\"@type\":\"BreadcrumbList\",\"@id\":\"https:\/\/www.mundoagropecuario.cl\/new\/sag-pone-fin-a-trabajos-por-brote-de-mosca-de-la-fruta-tras-erradicarla-de-villa-alemana\/#breadcrumb\",\"itemListElement\":[{\"@type\":\"ListItem\",\"position\":1,\"name\":\"Portada\",\"item\":\"https:\/\/www.mundoagropecuario.cl\/new\/\"},{\"@type\":\"ListItem\",\"position\":2,\"name\":\"SAG pone fin a trabajos por brote de mosca de la fruta tras erradicarla de Villa Alemana\"}]},{\"@type\":\"WebSite\",\"@id\":\"https:\/\/www.mundoagropecuario.cl\/new\/#website\",\"url\":\"https:\/\/www.mundoagropecuario.cl\/new\/\",\"name\":\"Mundoagropecuario\",\"description\":\"Mundo Agropecuario\",\"publisher\":{\"@id\":\"https:\/\/www.mundoagropecuario.cl\/new\/#organization\"},\"potentialAction\":[{\"@type\":\"SearchAction\",\"target\":{\"@type\":\"EntryPoint\",\"urlTemplate\":\"https:\/\/www.mundoagropecuario.cl\/new\/?s={search_term_string}\"},\"query-input\":{\"@type\":\"PropertyValueSpecification\",\"valueRequired\":true,\"valueName\":\"search_term_string\"}}],\"inLanguage\":\"es\"},{\"@type\":\"Organization\",\"@id\":\"https:\/\/www.mundoagropecuario.cl\/new\/#organization\",\"name\":\"Revista de Agricultura\",\"url\":\"https:\/\/www.mundoagropecuario.cl\/new\/\",\"logo\":{\"@type\":\"ImageObject\",\"inLanguage\":\"es\",\"@id\":\"https:\/\/www.mundoagropecuario.cl\/new\/#\/schema\/logo\/image\/\",\"url\":\"https:\/\/www.mundoagropecuario.cl\/new\/wp-content\/uploads\/2020\/11\/PORTAL-1-1.png\",\"contentUrl\":\"https:\/\/www.mundoagropecuario.cl\/new\/wp-content\/uploads\/2020\/11\/PORTAL-1-1.png\",\"width\":1026,\"height\":100,\"caption\":\"Revista de Agricultura\"},\"image\":{\"@id\":\"https:\/\/www.mundoagropecuario.cl\/new\/#\/schema\/logo\/image\/\"},\"sameAs\":[\"https:\/\/www.facebook.com\/mundo.agropecuario.3\",\"https:\/\/x.com\/MundoAgropecuar\",\"https:\/\/www.linkedin.com\/in\/mundo-agropecuario-934009201\/\"]},{\"@type\":\"Person\",\"@id\":\"https:\/\/www.mundoagropecuario.cl\/new\/#\/schema\/person\/4e9f74a82a7dac260eb1c44b7eebeb18\",\"name\":\"mundo\",\"url\":\"https:\/\/www.mundoagropecuario.cl\/new\/author\/mundo\/\"}]}<\/script>\n<!-- \/ Yoast SEO plugin. -->","yoast_head_json":{"title":"SAG pone fin a trabajos por brote de mosca de la fruta tras erradicarla de Villa Alemana - Mundoagropecuario","description":"SAG pone fin a trabajos por brote de mosca de la fruta tras erradicarla de Villa Alemana, Servicio Agr\u00edcola y Ganadero","robots":{"index":"index","follow":"follow","max-snippet":"max-snippet:-1","max-image-preview":"max-image-preview:large","max-video-preview":"max-video-preview:-1"},"canonical":"https:\/\/www.mundoagropecuario.cl\/new\/sag-pone-fin-a-trabajos-por-brote-de-mosca-de-la-fruta-tras-erradicarla-de-villa-alemana\/","og_locale":"es_ES","og_type":"article","og_title":"SAG pone fin a trabajos por brote de mosca de la fruta tras erradicarla de Villa Alemana - Mundoagropecuario","og_description":"SAG pone fin a trabajos por brote de mosca de la fruta tras erradicarla de Villa Alemana, Servicio Agr\u00edcola y Ganadero","og_url":"https:\/\/www.mundoagropecuario.cl\/new\/sag-pone-fin-a-trabajos-por-brote-de-mosca-de-la-fruta-tras-erradicarla-de-villa-alemana\/","og_site_name":"Mundoagropecuario","article_publisher":"https:\/\/www.facebook.com\/mundo.agropecuario.3","article_published_time":"2021-01-05T15:46:44+00:00","article_modified_time":"2021-01-06T14:45:09+00:00","og_image":[{"width":708,"height":532,"url":"https:\/\/www.mundoagropecuario.cl\/new\/wp-content\/uploads\/2019\/03\/mosca-de-la-fruta.jpg","type":"image\/jpeg"}],"author":"mundo","twitter_card":"summary_large_image","twitter_creator":"@MundoAgropecuar","twitter_site":"@MundoAgropecuar","twitter_misc":{"Escrito por":"mundo","Tiempo de lectura":"3 minutos"},"schema":{"@context":"https:\/\/schema.org","@graph":[{"@type":"Article","@id":"https:\/\/www.mundoagropecuario.cl\/new\/sag-pone-fin-a-trabajos-por-brote-de-mosca-de-la-fruta-tras-erradicarla-de-villa-alemana\/#article","isPartOf":{"@id":"https:\/\/www.mundoagropecuario.cl\/new\/sag-pone-fin-a-trabajos-por-brote-de-mosca-de-la-fruta-tras-erradicarla-de-villa-alemana\/"},"author":{"name":"mundo","@id":"https:\/\/www.mundoagropecuario.cl\/new\/#\/schema\/person\/4e9f74a82a7dac260eb1c44b7eebeb18"},"headline":"SAG pone fin a trabajos por brote de mosca de la fruta tras erradicarla de Villa Alemana","datePublished":"2021-01-05T15:46:44+00:00","dateModified":"2021-01-06T14:45:09+00:00","mainEntityOfPage":{"@id":"https:\/\/www.mundoagropecuario.cl\/new\/sag-pone-fin-a-trabajos-por-brote-de-mosca-de-la-fruta-tras-erradicarla-de-villa-alemana\/"},"wordCount":527,"publisher":{"@id":"https:\/\/www.mundoagropecuario.cl\/new\/#organization"},"image":{"@id":"https:\/\/www.mundoagropecuario.cl\/new\/sag-pone-fin-a-trabajos-por-brote-de-mosca-de-la-fruta-tras-erradicarla-de-villa-alemana\/#primaryimage"},"thumbnailUrl":"https:\/\/www.mundoagropecuario.cl\/new\/wp-content\/uploads\/2019\/03\/mosca-de-la-fruta.jpg","keywords":["Horacio B\u00f3rquez Conti","Indap","Minagri","mosca de la fruta","SAG","Servicio Agr\u00edcola y Ganadero"],"articleSection":["Frutas"],"inLanguage":"es"},{"@type":"WebPage","@id":"https:\/\/www.mundoagropecuario.cl\/new\/sag-pone-fin-a-trabajos-por-brote-de-mosca-de-la-fruta-tras-erradicarla-de-villa-alemana\/","url":"https:\/\/www.mundoagropecuario.cl\/new\/sag-pone-fin-a-trabajos-por-brote-de-mosca-de-la-fruta-tras-erradicarla-de-villa-alemana\/","name":"SAG pone fin a trabajos por brote de mosca de la fruta tras erradicarla de Villa Alemana - Mundoagropecuario","isPartOf":{"@id":"https:\/\/www.mundoagropecuario.cl\/new\/#website"},"primaryImageOfPage":{"@id":"https:\/\/www.mundoagropecuario.cl\/new\/sag-pone-fin-a-trabajos-por-brote-de-mosca-de-la-fruta-tras-erradicarla-de-villa-alemana\/#primaryimage"},"image":{"@id":"https:\/\/www.mundoagropecuario.cl\/new\/sag-pone-fin-a-trabajos-por-brote-de-mosca-de-la-fruta-tras-erradicarla-de-villa-alemana\/#primaryimage"},"thumbnailUrl":"https:\/\/www.mundoagropecuario.cl\/new\/wp-content\/uploads\/2019\/03\/mosca-de-la-fruta.jpg","datePublished":"2021-01-05T15:46:44+00:00","dateModified":"2021-01-06T14:45:09+00:00","description":"SAG pone fin a trabajos por brote de mosca de la fruta tras erradicarla de Villa Alemana, Servicio Agr\u00edcola y Ganadero","breadcrumb":{"@id":"https:\/\/www.mundoagropecuario.cl\/new\/sag-pone-fin-a-trabajos-por-brote-de-mosca-de-la-fruta-tras-erradicarla-de-villa-alemana\/#breadcrumb"},"inLanguage":"es","potentialAction":[{"@type":"ReadAction","target":["https:\/\/www.mundoagropecuario.cl\/new\/sag-pone-fin-a-trabajos-por-brote-de-mosca-de-la-fruta-tras-erradicarla-de-villa-alemana\/"]}]},{"@type":"ImageObject","inLanguage":"es","@id":"https:\/\/www.mundoagropecuario.cl\/new\/sag-pone-fin-a-trabajos-por-brote-de-mosca-de-la-fruta-tras-erradicarla-de-villa-alemana\/#primaryimage","url":"https:\/\/www.mundoagropecuario.cl\/new\/wp-content\/uploads\/2019\/03\/mosca-de-la-fruta.jpg","contentUrl":"https:\/\/www.mundoagropecuario.cl\/new\/wp-content\/uploads\/2019\/03\/mosca-de-la-fruta.jpg","width":532,"height":400},{"@type":"BreadcrumbList","@id":"https:\/\/www.mundoagropecuario.cl\/new\/sag-pone-fin-a-trabajos-por-brote-de-mosca-de-la-fruta-tras-erradicarla-de-villa-alemana\/#breadcrumb","itemListElement":[{"@type":"ListItem","position":1,"name":"Portada","item":"https:\/\/www.mundoagropecuario.cl\/new\/"},{"@type":"ListItem","position":2,"name":"SAG pone fin a trabajos por brote de mosca de la fruta tras erradicarla de Villa Alemana"}]},{"@type":"WebSite","@id":"https:\/\/www.mundoagropecuario.cl\/new\/#website","url":"https:\/\/www.mundoagropecuario.cl\/new\/","name":"Mundoagropecuario","description":"Mundo Agropecuario","publisher":{"@id":"https:\/\/www.mundoagropecuario.cl\/new\/#organization"},"potentialAction":[{"@type":"SearchAction","target":{"@type":"EntryPoint","urlTemplate":"https:\/\/www.mundoagropecuario.cl\/new\/?s={search_term_string}"},"query-input":{"@type":"PropertyValueSpecification","valueRequired":true,"valueName":"search_term_string"}}],"inLanguage":"es"},{"@type":"Organization","@id":"https:\/\/www.mundoagropecuario.cl\/new\/#organization","name":"Revista de Agricultura","url":"https:\/\/www.mundoagropecuario.cl\/new\/","logo":{"@type":"ImageObject","inLanguage":"es","@id":"https:\/\/www.mundoagropecuario.cl\/new\/#\/schema\/logo\/image\/","url":"https:\/\/www.mundoagropecuario.cl\/new\/wp-content\/uploads\/2020\/11\/PORTAL-1-1.png","contentUrl":"https:\/\/www.mundoagropecuario.cl\/new\/wp-content\/uploads\/2020\/11\/PORTAL-1-1.png","width":1026,"height":100,"caption":"Revista de Agricultura"},"image":{"@id":"https:\/\/www.mundoagropecuario.cl\/new\/#\/schema\/logo\/image\/"},"sameAs":["https:\/\/www.facebook.com\/mundo.agropecuario.3","https:\/\/x.com\/MundoAgropecuar","https:\/\/www.linkedin.com\/in\/mundo-agropecuario-934009201\/"]},{"@type":"Person","@id":"https:\/\/www.mundoagropecuario.cl\/new\/#\/schema\/person\/4e9f74a82a7dac260eb1c44b7eebeb18","name":"mundo","url":"https:\/\/www.mundoagropecuario.cl\/new\/author\/mundo\/"}]}},"_links":{"self":[{"href":"https:\/\/www.mundoagropecuario.cl\/new\/wp-json\/wp\/v2\/posts\/17524","targetHints":{"allow":["GET"]}}],"collection":[{"href":"https:\/\/www.mundoagropecuario.cl\/new\/wp-json\/wp\/v2\/posts"}],"about":[{"href":"https:\/\/www.mundoagropecuario.cl\/new\/wp-json\/wp\/v2\/types\/post"}],"author":[{"embeddable":true,"href":"https:\/\/www.mundoagropecuario.cl\/new\/wp-json\/wp\/v2\/users\/2"}],"replies":[{"embeddable":true,"href":"https:\/\/www.mundoagropecuario.cl\/new\/wp-json\/wp\/v2\/comments?post=17524"}],"version-history":[{"count":1,"href":"https:\/\/www.mundoagropecuario.cl\/new\/wp-json\/wp\/v2\/posts\/17524\/revisions"}],"predecessor-version":[{"id":17526,"href":"https:\/\/www.mundoagropecuario.cl\/new\/wp-json\/wp\/v2\/posts\/17524\/revisions\/17526"}],"wp:featuredmedia":[{"embeddable":true,"href":"https:\/\/www.mundoagropecuario.cl\/new\/wp-json\/wp\/v2\/media\/10777"}],"wp:attachment":[{"href":"https:\/\/www.mundoagropecuario.cl\/new\/wp-json\/wp\/v2\/media?parent=17524"}],"wp:term":[{"taxonomy":"category","embeddable":true,"href":"https:\/\/www.mundoagropecuario.cl\/new\/wp-json\/wp\/v2\/categories?post=17524"},{"taxonomy":"post_tag","embeddable":true,"href":"https:\/\/www.mundoagropecuario.cl\/new\/wp-json\/wp\/v2\/tags?post=17524"}],"curies":[{"name":"wp","href":"https:\/\/api.w.org\/{rel}","templated":true}]}}