{"id":17489,"date":"2020-12-30T11:14:53","date_gmt":"2020-12-30T14:14:53","guid":{"rendered":"https:\/\/www.mundoagropecuario.cl\/new\/?p=17489"},"modified":"2020-12-31T12:12:25","modified_gmt":"2020-12-31T15:12:25","slug":"conaf-prohibe-el-uso-del-fuego-en-la-region-de-los-lagos","status":"publish","type":"post","link":"https:\/\/www.mundoagropecuario.cl\/new\/conaf-prohibe-el-uso-del-fuego-en-la-region-de-los-lagos\/","title":{"rendered":"CONAF prohibe el uso del fuego en la Regi\u00f3n de Los Lagos"},"content":{"rendered":"<blockquote>\n<h2><span style=\"color: #008000;\">La Direcci\u00f3n regional CONAF Los Lagos dio a conocer la entrada en vigencia de la prohibici\u00f3n del uso del fuego a trav\u00e9s de las quemas controladas en todas sus formas, para todo tipo de faenas silvoagropecurias en las diferentes comunas de la regi\u00f3n.<\/span><\/h2>\n<\/blockquote>\n<p>La medida tiene como objetivo fundamental prevenir la ocurrencia de los incendios forestales en la zona, ya que el 99% de los incendios se producen por acci\u00f3n humana.<\/p>\n<p><span style=\"color: #008000;\">Seg\u00fan indic\u00f3 Jorge Aichele, director regional de CONAF<\/span> \u201cLa suspensi\u00f3n del uso del fuego en labores agr\u00edcolas durante la temporada de verano, tiene un car\u00e1cter netamente preventivo para disminuir las probabilidades de ocurrencia de incendios forestales cuando las condiciones clim\u00e1ticas son m\u00e1s propicias para estos efectos, es decir mayor temperatura y menor humedad\u201d. Agreg\u00f3 que, \u201ces muy importante que esta disposici\u00f3n se respete, ya que durante el periodo que dure la restricci\u00f3n, toda quema ser\u00e1 considerada ilegal, teniendo penas aquellas personas que no cumplan con la normativa\u201d.<\/p>\n<p>Cabe se\u00f1alar que provocar un incendio forestal es un delito que tiene una pena de c\u00e1rcel entre 5 a\u00f1os y un d\u00eda a 20 a\u00f1os.<\/p>\n<p>Asimismo, CONAF reiter\u00f3 los n\u00fameros de <span style=\"color: #008000;\">emergencia: 130 Conaf; 132 Bomberos; 133 Carabineros y 134 Polic\u00eda de investigaciones de Chile.<\/span><\/p>\n","protected":false},"excerpt":{"rendered":"<p>La Direcci\u00f3n regional CONAF Los Lagos dio a conocer la entrada en vigencia de la prohibici\u00f3n del uso del fuego a trav\u00e9s de las quemas controladas en todas sus formas,&#8230;<\/p>\n","protected":false},"author":2,"featured_media":17490,"comment_status":"closed","ping_status":"closed","sticky":false,"template":"","format":"standard","meta":{"footnotes":""},"categories":[1949],"tags":[3127,2694,876,5144,3079,2663,5143],"class_list":["post-17489","post","type-post","status-publish","format-standard","has-post-thumbnail","hentry","category-forestal","tag-agro","tag-bosques","tag-conaf","tag-director-regional-de-conaf","tag-incendios","tag-incendios-forestales","tag-jorge-aichele"],"yoast_head":"<!-- This site is optimized with the Yoast SEO plugin v26.6 - https:\/\/yoast.com\/wordpress\/plugins\/seo\/ -->\n<title>CONAF prohibe el uso del fuego en la Regi\u00f3n de Los Lagos - Mundoagropecuario<\/title>\n<meta name=\"description\" content=\"La Direcci\u00f3n regional CONAF Los Lagos dio a conocer la entrada en vigencia de la prohibici\u00f3n del uso del fuego\" \/>\n<meta name=\"robots\" content=\"index, follow, max-snippet:-1, max-image-preview:large, max-video-preview:-1\" \/>\n<link rel=\"canonical\" href=\"https:\/\/www.mundoagropecuario.cl\/new\/conaf-prohibe-el-uso-del-fuego-en-la-region-de-los-lagos\/\" \/>\n<meta property=\"og:locale\" content=\"es_ES\" \/>\n<meta property=\"og:type\" content=\"article\" \/>\n<meta property=\"og:title\" content=\"CONAF prohibe el uso del fuego en la Regi\u00f3n de Los Lagos - Mundoagropecuario\" \/>\n<meta property=\"og:description\" content=\"La Direcci\u00f3n regional CONAF Los Lagos dio a conocer la entrada en vigencia de la prohibici\u00f3n del uso del fuego\" \/>\n<meta property=\"og:url\" content=\"https:\/\/www.mundoagropecuario.cl\/new\/conaf-prohibe-el-uso-del-fuego-en-la-region-de-los-lagos\/\" \/>\n<meta property=\"og:site_name\" content=\"Mundoagropecuario\" \/>\n<meta property=\"article:publisher\" content=\"https:\/\/www.facebook.com\/mundo.agropecuario.3\" \/>\n<meta property=\"article:published_time\" content=\"2020-12-30T14:14:53+00:00\" \/>\n<meta property=\"article:modified_time\" content=\"2020-12-31T15:12:25+00:00\" \/>\n<meta property=\"og:image\" content=\"https:\/\/www.mundoagropecuario.cl\/new\/wp-content\/uploads\/2020\/12\/CONAF_combate_incendio_de_Valparai\u0301so_02-scaled.jpg\" \/>\n\t<meta property=\"og:image:width\" content=\"1024\" \/>\n\t<meta property=\"og:image:height\" content=\"683\" \/>\n\t<meta property=\"og:image:type\" content=\"image\/jpeg\" \/>\n<meta name=\"author\" content=\"mundo\" \/>\n<meta name=\"twitter:card\" content=\"summary_large_image\" \/>\n<meta name=\"twitter:creator\" content=\"@MundoAgropecuar\" \/>\n<meta name=\"twitter:site\" content=\"@MundoAgropecuar\" \/>\n<meta name=\"twitter:label1\" content=\"Escrito por\" \/>\n\t<meta name=\"twitter:data1\" content=\"mundo\" \/>\n\t<meta name=\"twitter:label2\" content=\"Tiempo de lectura\" \/>\n\t<meta name=\"twitter:data2\" content=\"1 minuto\" \/>\n<script type=\"application\/ld+json\" class=\"yoast-schema-graph\">{\"@context\":\"https:\/\/schema.org\",\"@graph\":[{\"@type\":\"Article\",\"@id\":\"https:\/\/www.mundoagropecuario.cl\/new\/conaf-prohibe-el-uso-del-fuego-en-la-region-de-los-lagos\/#article\",\"isPartOf\":{\"@id\":\"https:\/\/www.mundoagropecuario.cl\/new\/conaf-prohibe-el-uso-del-fuego-en-la-region-de-los-lagos\/\"},\"author\":{\"name\":\"mundo\",\"@id\":\"https:\/\/www.mundoagropecuario.cl\/new\/#\/schema\/person\/4e9f74a82a7dac260eb1c44b7eebeb18\"},\"headline\":\"CONAF prohibe el uso del fuego en la Regi\u00f3n de Los Lagos\",\"datePublished\":\"2020-12-30T14:14:53+00:00\",\"dateModified\":\"2020-12-31T15:12:25+00:00\",\"mainEntityOfPage\":{\"@id\":\"https:\/\/www.mundoagropecuario.cl\/new\/conaf-prohibe-el-uso-del-fuego-en-la-region-de-los-lagos\/\"},\"wordCount\":229,\"publisher\":{\"@id\":\"https:\/\/www.mundoagropecuario.cl\/new\/#organization\"},\"image\":{\"@id\":\"https:\/\/www.mundoagropecuario.cl\/new\/conaf-prohibe-el-uso-del-fuego-en-la-region-de-los-lagos\/#primaryimage\"},\"thumbnailUrl\":\"https:\/\/www.mundoagropecuario.cl\/new\/wp-content\/uploads\/2020\/12\/CONAF_combate_incendio_de_Valparai\u0301so_02-scaled.jpg\",\"keywords\":[\"Agro\",\"bosques\",\"Conaf\",\"director regional de CONAF\",\"incendios\",\"incendios forestales\",\"Jorge Aichele\"],\"articleSection\":[\"Forestal\"],\"inLanguage\":\"es\"},{\"@type\":\"WebPage\",\"@id\":\"https:\/\/www.mundoagropecuario.cl\/new\/conaf-prohibe-el-uso-del-fuego-en-la-region-de-los-lagos\/\",\"url\":\"https:\/\/www.mundoagropecuario.cl\/new\/conaf-prohibe-el-uso-del-fuego-en-la-region-de-los-lagos\/\",\"name\":\"CONAF prohibe el uso del fuego en la Regi\u00f3n de Los Lagos - Mundoagropecuario\",\"isPartOf\":{\"@id\":\"https:\/\/www.mundoagropecuario.cl\/new\/#website\"},\"primaryImageOfPage\":{\"@id\":\"https:\/\/www.mundoagropecuario.cl\/new\/conaf-prohibe-el-uso-del-fuego-en-la-region-de-los-lagos\/#primaryimage\"},\"image\":{\"@id\":\"https:\/\/www.mundoagropecuario.cl\/new\/conaf-prohibe-el-uso-del-fuego-en-la-region-de-los-lagos\/#primaryimage\"},\"thumbnailUrl\":\"https:\/\/www.mundoagropecuario.cl\/new\/wp-content\/uploads\/2020\/12\/CONAF_combate_incendio_de_Valparai\u0301so_02-scaled.jpg\",\"datePublished\":\"2020-12-30T14:14:53+00:00\",\"dateModified\":\"2020-12-31T15:12:25+00:00\",\"description\":\"La Direcci\u00f3n regional CONAF Los Lagos dio a conocer la entrada en vigencia de la prohibici\u00f3n del uso del fuego\",\"breadcrumb\":{\"@id\":\"https:\/\/www.mundoagropecuario.cl\/new\/conaf-prohibe-el-uso-del-fuego-en-la-region-de-los-lagos\/#breadcrumb\"},\"inLanguage\":\"es\",\"potentialAction\":[{\"@type\":\"ReadAction\",\"target\":[\"https:\/\/www.mundoagropecuario.cl\/new\/conaf-prohibe-el-uso-del-fuego-en-la-region-de-los-lagos\/\"]}]},{\"@type\":\"ImageObject\",\"inLanguage\":\"es\",\"@id\":\"https:\/\/www.mundoagropecuario.cl\/new\/conaf-prohibe-el-uso-del-fuego-en-la-region-de-los-lagos\/#primaryimage\",\"url\":\"https:\/\/www.mundoagropecuario.cl\/new\/wp-content\/uploads\/2020\/12\/CONAF_combate_incendio_de_Valparai\u0301so_02-scaled.jpg\",\"contentUrl\":\"https:\/\/www.mundoagropecuario.cl\/new\/wp-content\/uploads\/2020\/12\/CONAF_combate_incendio_de_Valparai\u0301so_02-scaled.jpg\",\"width\":600,\"height\":400},{\"@type\":\"BreadcrumbList\",\"@id\":\"https:\/\/www.mundoagropecuario.cl\/new\/conaf-prohibe-el-uso-del-fuego-en-la-region-de-los-lagos\/#breadcrumb\",\"itemListElement\":[{\"@type\":\"ListItem\",\"position\":1,\"name\":\"Portada\",\"item\":\"https:\/\/www.mundoagropecuario.cl\/new\/\"},{\"@type\":\"ListItem\",\"position\":2,\"name\":\"CONAF prohibe el uso del fuego en la Regi\u00f3n de Los Lagos\"}]},{\"@type\":\"WebSite\",\"@id\":\"https:\/\/www.mundoagropecuario.cl\/new\/#website\",\"url\":\"https:\/\/www.mundoagropecuario.cl\/new\/\",\"name\":\"Mundoagropecuario\",\"description\":\"Mundo Agropecuario\",\"publisher\":{\"@id\":\"https:\/\/www.mundoagropecuario.cl\/new\/#organization\"},\"potentialAction\":[{\"@type\":\"SearchAction\",\"target\":{\"@type\":\"EntryPoint\",\"urlTemplate\":\"https:\/\/www.mundoagropecuario.cl\/new\/?s={search_term_string}\"},\"query-input\":{\"@type\":\"PropertyValueSpecification\",\"valueRequired\":true,\"valueName\":\"search_term_string\"}}],\"inLanguage\":\"es\"},{\"@type\":\"Organization\",\"@id\":\"https:\/\/www.mundoagropecuario.cl\/new\/#organization\",\"name\":\"Revista de Agricultura\",\"url\":\"https:\/\/www.mundoagropecuario.cl\/new\/\",\"logo\":{\"@type\":\"ImageObject\",\"inLanguage\":\"es\",\"@id\":\"https:\/\/www.mundoagropecuario.cl\/new\/#\/schema\/logo\/image\/\",\"url\":\"https:\/\/www.mundoagropecuario.cl\/new\/wp-content\/uploads\/2020\/11\/PORTAL-1-1.png\",\"contentUrl\":\"https:\/\/www.mundoagropecuario.cl\/new\/wp-content\/uploads\/2020\/11\/PORTAL-1-1.png\",\"width\":1026,\"height\":100,\"caption\":\"Revista de Agricultura\"},\"image\":{\"@id\":\"https:\/\/www.mundoagropecuario.cl\/new\/#\/schema\/logo\/image\/\"},\"sameAs\":[\"https:\/\/www.facebook.com\/mundo.agropecuario.3\",\"https:\/\/x.com\/MundoAgropecuar\",\"https:\/\/www.linkedin.com\/in\/mundo-agropecuario-934009201\/\"]},{\"@type\":\"Person\",\"@id\":\"https:\/\/www.mundoagropecuario.cl\/new\/#\/schema\/person\/4e9f74a82a7dac260eb1c44b7eebeb18\",\"name\":\"mundo\",\"url\":\"https:\/\/www.mundoagropecuario.cl\/new\/author\/mundo\/\"}]}<\/script>\n<!-- \/ Yoast SEO plugin. -->","yoast_head_json":{"title":"CONAF prohibe el uso del fuego en la Regi\u00f3n de Los Lagos - Mundoagropecuario","description":"La Direcci\u00f3n regional CONAF Los Lagos dio a conocer la entrada en vigencia de la prohibici\u00f3n del uso del fuego","robots":{"index":"index","follow":"follow","max-snippet":"max-snippet:-1","max-image-preview":"max-image-preview:large","max-video-preview":"max-video-preview:-1"},"canonical":"https:\/\/www.mundoagropecuario.cl\/new\/conaf-prohibe-el-uso-del-fuego-en-la-region-de-los-lagos\/","og_locale":"es_ES","og_type":"article","og_title":"CONAF prohibe el uso del fuego en la Regi\u00f3n de Los Lagos - Mundoagropecuario","og_description":"La Direcci\u00f3n regional CONAF Los Lagos dio a conocer la entrada en vigencia de la prohibici\u00f3n del uso del fuego","og_url":"https:\/\/www.mundoagropecuario.cl\/new\/conaf-prohibe-el-uso-del-fuego-en-la-region-de-los-lagos\/","og_site_name":"Mundoagropecuario","article_publisher":"https:\/\/www.facebook.com\/mundo.agropecuario.3","article_published_time":"2020-12-30T14:14:53+00:00","article_modified_time":"2020-12-31T15:12:25+00:00","og_image":[{"width":1024,"height":683,"url":"https:\/\/www.mundoagropecuario.cl\/new\/wp-content\/uploads\/2020\/12\/CONAF_combate_incendio_de_Valparai\u0301so_02-scaled.jpg","type":"image\/jpeg"}],"author":"mundo","twitter_card":"summary_large_image","twitter_creator":"@MundoAgropecuar","twitter_site":"@MundoAgropecuar","twitter_misc":{"Escrito por":"mundo","Tiempo de lectura":"1 minuto"},"schema":{"@context":"https:\/\/schema.org","@graph":[{"@type":"Article","@id":"https:\/\/www.mundoagropecuario.cl\/new\/conaf-prohibe-el-uso-del-fuego-en-la-region-de-los-lagos\/#article","isPartOf":{"@id":"https:\/\/www.mundoagropecuario.cl\/new\/conaf-prohibe-el-uso-del-fuego-en-la-region-de-los-lagos\/"},"author":{"name":"mundo","@id":"https:\/\/www.mundoagropecuario.cl\/new\/#\/schema\/person\/4e9f74a82a7dac260eb1c44b7eebeb18"},"headline":"CONAF prohibe el uso del fuego en la Regi\u00f3n de Los Lagos","datePublished":"2020-12-30T14:14:53+00:00","dateModified":"2020-12-31T15:12:25+00:00","mainEntityOfPage":{"@id":"https:\/\/www.mundoagropecuario.cl\/new\/conaf-prohibe-el-uso-del-fuego-en-la-region-de-los-lagos\/"},"wordCount":229,"publisher":{"@id":"https:\/\/www.mundoagropecuario.cl\/new\/#organization"},"image":{"@id":"https:\/\/www.mundoagropecuario.cl\/new\/conaf-prohibe-el-uso-del-fuego-en-la-region-de-los-lagos\/#primaryimage"},"thumbnailUrl":"https:\/\/www.mundoagropecuario.cl\/new\/wp-content\/uploads\/2020\/12\/CONAF_combate_incendio_de_Valparai\u0301so_02-scaled.jpg","keywords":["Agro","bosques","Conaf","director regional de CONAF","incendios","incendios forestales","Jorge Aichele"],"articleSection":["Forestal"],"inLanguage":"es"},{"@type":"WebPage","@id":"https:\/\/www.mundoagropecuario.cl\/new\/conaf-prohibe-el-uso-del-fuego-en-la-region-de-los-lagos\/","url":"https:\/\/www.mundoagropecuario.cl\/new\/conaf-prohibe-el-uso-del-fuego-en-la-region-de-los-lagos\/","name":"CONAF prohibe el uso del fuego en la Regi\u00f3n de Los Lagos - Mundoagropecuario","isPartOf":{"@id":"https:\/\/www.mundoagropecuario.cl\/new\/#website"},"primaryImageOfPage":{"@id":"https:\/\/www.mundoagropecuario.cl\/new\/conaf-prohibe-el-uso-del-fuego-en-la-region-de-los-lagos\/#primaryimage"},"image":{"@id":"https:\/\/www.mundoagropecuario.cl\/new\/conaf-prohibe-el-uso-del-fuego-en-la-region-de-los-lagos\/#primaryimage"},"thumbnailUrl":"https:\/\/www.mundoagropecuario.cl\/new\/wp-content\/uploads\/2020\/12\/CONAF_combate_incendio_de_Valparai\u0301so_02-scaled.jpg","datePublished":"2020-12-30T14:14:53+00:00","dateModified":"2020-12-31T15:12:25+00:00","description":"La Direcci\u00f3n regional CONAF Los Lagos dio a conocer la entrada en vigencia de la prohibici\u00f3n del uso del fuego","breadcrumb":{"@id":"https:\/\/www.mundoagropecuario.cl\/new\/conaf-prohibe-el-uso-del-fuego-en-la-region-de-los-lagos\/#breadcrumb"},"inLanguage":"es","potentialAction":[{"@type":"ReadAction","target":["https:\/\/www.mundoagropecuario.cl\/new\/conaf-prohibe-el-uso-del-fuego-en-la-region-de-los-lagos\/"]}]},{"@type":"ImageObject","inLanguage":"es","@id":"https:\/\/www.mundoagropecuario.cl\/new\/conaf-prohibe-el-uso-del-fuego-en-la-region-de-los-lagos\/#primaryimage","url":"https:\/\/www.mundoagropecuario.cl\/new\/wp-content\/uploads\/2020\/12\/CONAF_combate_incendio_de_Valparai\u0301so_02-scaled.jpg","contentUrl":"https:\/\/www.mundoagropecuario.cl\/new\/wp-content\/uploads\/2020\/12\/CONAF_combate_incendio_de_Valparai\u0301so_02-scaled.jpg","width":600,"height":400},{"@type":"BreadcrumbList","@id":"https:\/\/www.mundoagropecuario.cl\/new\/conaf-prohibe-el-uso-del-fuego-en-la-region-de-los-lagos\/#breadcrumb","itemListElement":[{"@type":"ListItem","position":1,"name":"Portada","item":"https:\/\/www.mundoagropecuario.cl\/new\/"},{"@type":"ListItem","position":2,"name":"CONAF prohibe el uso del fuego en la Regi\u00f3n de Los Lagos"}]},{"@type":"WebSite","@id":"https:\/\/www.mundoagropecuario.cl\/new\/#website","url":"https:\/\/www.mundoagropecuario.cl\/new\/","name":"Mundoagropecuario","description":"Mundo Agropecuario","publisher":{"@id":"https:\/\/www.mundoagropecuario.cl\/new\/#organization"},"potentialAction":[{"@type":"SearchAction","target":{"@type":"EntryPoint","urlTemplate":"https:\/\/www.mundoagropecuario.cl\/new\/?s={search_term_string}"},"query-input":{"@type":"PropertyValueSpecification","valueRequired":true,"valueName":"search_term_string"}}],"inLanguage":"es"},{"@type":"Organization","@id":"https:\/\/www.mundoagropecuario.cl\/new\/#organization","name":"Revista de Agricultura","url":"https:\/\/www.mundoagropecuario.cl\/new\/","logo":{"@type":"ImageObject","inLanguage":"es","@id":"https:\/\/www.mundoagropecuario.cl\/new\/#\/schema\/logo\/image\/","url":"https:\/\/www.mundoagropecuario.cl\/new\/wp-content\/uploads\/2020\/11\/PORTAL-1-1.png","contentUrl":"https:\/\/www.mundoagropecuario.cl\/new\/wp-content\/uploads\/2020\/11\/PORTAL-1-1.png","width":1026,"height":100,"caption":"Revista de Agricultura"},"image":{"@id":"https:\/\/www.mundoagropecuario.cl\/new\/#\/schema\/logo\/image\/"},"sameAs":["https:\/\/www.facebook.com\/mundo.agropecuario.3","https:\/\/x.com\/MundoAgropecuar","https:\/\/www.linkedin.com\/in\/mundo-agropecuario-934009201\/"]},{"@type":"Person","@id":"https:\/\/www.mundoagropecuario.cl\/new\/#\/schema\/person\/4e9f74a82a7dac260eb1c44b7eebeb18","name":"mundo","url":"https:\/\/www.mundoagropecuario.cl\/new\/author\/mundo\/"}]}},"_links":{"self":[{"href":"https:\/\/www.mundoagropecuario.cl\/new\/wp-json\/wp\/v2\/posts\/17489","targetHints":{"allow":["GET"]}}],"collection":[{"href":"https:\/\/www.mundoagropecuario.cl\/new\/wp-json\/wp\/v2\/posts"}],"about":[{"href":"https:\/\/www.mundoagropecuario.cl\/new\/wp-json\/wp\/v2\/types\/post"}],"author":[{"embeddable":true,"href":"https:\/\/www.mundoagropecuario.cl\/new\/wp-json\/wp\/v2\/users\/2"}],"replies":[{"embeddable":true,"href":"https:\/\/www.mundoagropecuario.cl\/new\/wp-json\/wp\/v2\/comments?post=17489"}],"version-history":[{"count":1,"href":"https:\/\/www.mundoagropecuario.cl\/new\/wp-json\/wp\/v2\/posts\/17489\/revisions"}],"predecessor-version":[{"id":17491,"href":"https:\/\/www.mundoagropecuario.cl\/new\/wp-json\/wp\/v2\/posts\/17489\/revisions\/17491"}],"wp:featuredmedia":[{"embeddable":true,"href":"https:\/\/www.mundoagropecuario.cl\/new\/wp-json\/wp\/v2\/media\/17490"}],"wp:attachment":[{"href":"https:\/\/www.mundoagropecuario.cl\/new\/wp-json\/wp\/v2\/media?parent=17489"}],"wp:term":[{"taxonomy":"category","embeddable":true,"href":"https:\/\/www.mundoagropecuario.cl\/new\/wp-json\/wp\/v2\/categories?post=17489"},{"taxonomy":"post_tag","embeddable":true,"href":"https:\/\/www.mundoagropecuario.cl\/new\/wp-json\/wp\/v2\/tags?post=17489"}],"curies":[{"name":"wp","href":"https:\/\/api.w.org\/{rel}","templated":true}]}}